{"id":14374,"date":"2026-09-05T15:27:23","date_gmt":"2026-09-05T18:27:23","guid":{"rendered":"https:\/\/motorista.com.br\/noticias\/2026\/09\/05\/vitoria-ganhara-ferrovia-para-aumentar-exportacao-de-ferro-gusa\/"},"modified":"2026-09-05T15:27:23","modified_gmt":"2026-09-05T18:27:23","slug":"vitoria-ganhara-ferrovia-para-aumentar-exportacao-de-ferro-gusa","status":"publish","type":"post","link":"https:\/\/motorista.com.br\/noticias\/2026\/09\/05\/vitoria-ganhara-ferrovia-para-aumentar-exportacao-de-ferro-gusa\/","title":{"rendered":"Vit\u00f3ria ganhar\u00e1 ferrovia para aumentar exporta\u00e7\u00e3o de ferro-gusa"},"content":{"rendered":"<p><\/p>\n<h2>Porto de Vit\u00f3ria ter\u00e1 sistema ferrovi\u00e1rio para dobrar exporta\u00e7\u00e3o de ferro-gusa<\/h2>\n<p>O Porto de Vit\u00f3ria, no Esp\u00edrito Santo, est\u00e1 prestes a passar por uma transforma\u00e7\u00e3o significativa com a implementa\u00e7\u00e3o de um novo sistema de conex\u00e3o ferrovi\u00e1ria. Este investimento de R$ 130 milh\u00f5es, fruto de uma colabora\u00e7\u00e3o entre a operadora portu\u00e1ria Vports, a ferrovi\u00e1ria VLI e a empresa Multilift, promete aumentar a capacidade de movimenta\u00e7\u00e3o de ferro-gusa de 500 mil para 1 milh\u00e3o de toneladas por ano.<\/p>\n<p>A nova infraestrutura incluir\u00e1 um sistema de tombador para o descarregamento de vag\u00f5es, que ser\u00e1 instalado no terminal de Capuaba, em Vila Velha. Essa novidade permitir\u00e1 que as cargas, que atualmente chegam por meio de caminh\u00f5es, sejam recebidas diretamente pela ferrovia, resultando em consider\u00e1veis redu\u00e7\u00f5es nos custos log\u00edsticos e no tempo de opera\u00e7\u00e3o para embarque.<\/p>\n<p>A intera\u00e7\u00e3o entre as empresas Vports, VLI e Multilift \u00e9 crucial para o sucesso deste projeto. A Vports ficar\u00e1 encarregada das opera\u00e7\u00f5es portu\u00e1rias, enquanto a VLI gerenciar\u00e1 a malha ferrovi\u00e1ria que conecta o interior do pa\u00eds ao litoral capixaba. A engenharia do sistema de descarregamento ser\u00e1 responsabilidade da Multilift. Essa combina\u00e7\u00e3o de esfor\u00e7os \u00e9 vista como a chave para otimizar a log\u00edstica e ampliar a efici\u00eancia no transporte de ferro-gusa.<\/p>\n<p>A primeira remessa utilizando o novo sistema est\u00e1 programada para agosto, e as etapas finais de instala\u00e7\u00e3o e testes operacionais do tombador seguem a todo vapor. Assim que entrar em opera\u00e7\u00e3o comercial, espera-se que a nova estrutura funcione ininterruptamente, beneficiando tanto as empresas quanto o mercado de exporta\u00e7\u00e3o.<\/p>\n<p>Os impactos desse investimento n\u00e3o se restringem apenas ao aumento da capacidade de exporta\u00e7\u00e3o. A melhoria na log\u00edstica ferrovi\u00e1ria tamb\u00e9m trar\u00e1 benef\u00edcios diretos aos motoristas. Ao reduzir o n\u00famero de caminh\u00f5es nas estradas, haver\u00e1 uma diminui\u00e7\u00e3o do tr\u00e1fego e, consequentemente, uma melhora na fluidez do tr\u00e2nsito. Isso poder\u00e1 levar a uma diminui\u00e7\u00e3o no tempo de deslocamento para os motoristas, al\u00e9m de contribuir para a redu\u00e7\u00e3o da emiss\u00e3o de poluentes.<\/p>\n<p>Ademais, a consolida\u00e7\u00e3o do Esp\u00edrito Santo como uma rota estrat\u00e9gica para o escoamento de produtos sider\u00fargicos pode atrair ainda mais investimentos para a regi\u00e3o, promovendo o crescimento econ\u00f4mico local. A mobilidade ser\u00e1 impactada positivamente \u00e0 medida que o fluxo de cargas se tornar\u00e1 mais eficiente, permitindo que as estradas convivam com um tr\u00e1fego mais equilibrado e sustent\u00e1vel.<\/p>\n<p>Portanto, a nova infraestrutura ferrovi\u00e1ria no Porto de Vit\u00f3ria n\u00e3o \u00e9 apenas uma vit\u00f3ria para a log\u00edstica e a exporta\u00e7\u00e3o, mas tamb\u00e9m um passo importante em dire\u00e7\u00e3o a um sistema de transporte mais integrado e eficaz, beneficiando motoristas e a mobilidade geral da regi\u00e3o.<\/p>\n<p><strong>Fonte: Carta de Log\u00edstica<\/strong><\/p>\n","protected":false},"excerpt":{"rendered":"<p>Porto de Vit\u00f3ria ter\u00e1 sistema ferrovi\u00e1rio para dobrar exporta\u00e7\u00e3o de ferro-gusa O Porto de Vit\u00f3ria, no Esp\u00edrito Santo, est\u00e1 prestes a passar por uma transforma\u00e7\u00e3o significativa com a implementa\u00e7\u00e3o de um novo sistema de conex\u00e3o ferrovi\u00e1ria. Este investimento de R$ 130 milh\u00f5es, fruto de uma colabora\u00e7\u00e3o entre a operadora portu\u00e1ria Vports, a ferrovi\u00e1ria VLI e &hellip;<\/p>\n","protected":false},"author":4,"featured_media":14375,"comment_status":"","ping_status":"open","sticky":false,"template":"","format":"standard","meta":{"footnotes":""},"categories":[62],"tags":[],"coauthors":[42],"class_list":["post-14374","post","type-post","status-publish","format-standard","has-post-thumbnail","hentry","category-logistica"],"yoast_head":"<!-- This site is optimized with the Yoast SEO Premium plugin v27.6.1 (Yoast SEO v28.4) - https:\/\/yoast.com\/product\/yoast-seo-premium-wordpress\/ -->\n<title>Vit\u00f3ria ganhar\u00e1 ferrovia para aumentar exporta\u00e7\u00e3o de ferro-gusa - Motorista.com.br<\/title>\n<meta name=\"robots\" content=\"index, follow, max-snippet:-1, max-image-preview:large, max-video-preview:-1\" \/>\n<link rel=\"canonical\" href=\"https:\/\/motorista.com.br\/noticias\/2026\/09\/05\/vitoria-ganhara-ferrovia-para-aumentar-exportacao-de-ferro-gusa\/\" \/>\n<meta property=\"og:locale\" content=\"pt_BR\" \/>\n<meta property=\"og:type\" content=\"article\" \/>\n<meta property=\"og:title\" content=\"Vit\u00f3ria ganhar\u00e1 ferrovia para aumentar exporta\u00e7\u00e3o de ferro-gusa\" \/>\n<meta property=\"og:description\" content=\"Porto de Vit\u00f3ria ter\u00e1 sistema ferrovi\u00e1rio para dobrar exporta\u00e7\u00e3o de ferro-gusa O Porto de Vit\u00f3ria, no Esp\u00edrito Santo, est\u00e1 prestes a passar por uma transforma\u00e7\u00e3o significativa com a implementa\u00e7\u00e3o de um novo sistema de conex\u00e3o ferrovi\u00e1ria. Este investimento de R$ 130 milh\u00f5es, fruto de uma colabora\u00e7\u00e3o entre a operadora portu\u00e1ria Vports, a ferrovi\u00e1ria VLI e &hellip;\" \/>\n<meta property=\"og:url\" content=\"https:\/\/motorista.com.br\/noticias\/2026\/09\/05\/vitoria-ganhara-ferrovia-para-aumentar-exportacao-de-ferro-gusa\/\" \/>\n<meta property=\"og:site_name\" content=\"Motorista.com.br\" \/>\n<meta property=\"article:published_time\" content=\"2026-09-05T18:27:23+00:00\" \/>\n<meta name=\"author\" content=\"Equipe Reda\u00e7\u00e3o\" \/>\n<meta name=\"twitter:card\" content=\"summary_large_image\" \/>\n<meta name=\"twitter:label1\" content=\"Escrito por\" \/>\n\t<meta name=\"twitter:data1\" content=\"Equipe Reda\u00e7\u00e3o\" \/>\n\t<meta name=\"twitter:label2\" content=\"Est. tempo de leitura\" \/>\n\t<meta name=\"twitter:data2\" content=\"2 minutos\" \/>\n\t<meta name=\"twitter:label3\" content=\"Written by\" \/>\n\t<meta name=\"twitter:data3\" content=\"Equipe Reda\u00e7\u00e3o\" \/>\n<script type=\"application\/ld+json\" class=\"yoast-schema-graph\">{\"@context\":\"https:\\\/\\\/schema.org\",\"@graph\":[{\"@type\":\"Article\",\"@id\":\"https:\\\/\\\/motorista.com.br\\\/noticias\\\/2026\\\/09\\\/05\\\/vitoria-ganhara-ferrovia-para-aumentar-exportacao-de-ferro-gusa\\\/#article\",\"isPartOf\":{\"@id\":\"https:\\\/\\\/motorista.com.br\\\/noticias\\\/2026\\\/09\\\/05\\\/vitoria-ganhara-ferrovia-para-aumentar-exportacao-de-ferro-gusa\\\/\"},\"author\":{\"name\":\"Equipe Reda\u00e7\u00e3o\",\"@id\":\"https:\\\/\\\/motorista.com.br\\\/noticias\\\/#\\\/schema\\\/person\\\/dc93afc2981c0e3ce6bc3c053fd847be\"},\"headline\":\"Vit\u00f3ria ganhar\u00e1 ferrovia para aumentar exporta\u00e7\u00e3o de ferro-gusa\",\"datePublished\":\"2026-09-05T18:27:23+00:00\",\"mainEntityOfPage\":{\"@id\":\"https:\\\/\\\/motorista.com.br\\\/noticias\\\/2026\\\/09\\\/05\\\/vitoria-ganhara-ferrovia-para-aumentar-exportacao-de-ferro-gusa\\\/\"},\"wordCount\":492,\"publisher\":{\"@id\":\"https:\\\/\\\/motorista.com.br\\\/noticias\\\/#organization\"},\"image\":{\"@id\":\"https:\\\/\\\/motorista.com.br\\\/noticias\\\/2026\\\/09\\\/05\\\/vitoria-ganhara-ferrovia-para-aumentar-exportacao-de-ferro-gusa\\\/#primaryimage\"},\"thumbnailUrl\":\"https:\\\/\\\/motorista.com.br\\\/noticias\\\/wp-content\\\/uploads\\\/2026\\\/09\\\/ID-CL-1000-px-x-830-px-Porto-2.png\",\"articleSection\":[\"Log\u00edstica\"],\"inLanguage\":\"pt-BR\"},{\"@type\":\"WebPage\",\"@id\":\"https:\\\/\\\/motorista.com.br\\\/noticias\\\/2026\\\/09\\\/05\\\/vitoria-ganhara-ferrovia-para-aumentar-exportacao-de-ferro-gusa\\\/\",\"url\":\"https:\\\/\\\/motorista.com.br\\\/noticias\\\/2026\\\/09\\\/05\\\/vitoria-ganhara-ferrovia-para-aumentar-exportacao-de-ferro-gusa\\\/\",\"name\":\"Vit\u00f3ria ganhar\u00e1 ferrovia para aumentar exporta\u00e7\u00e3o de ferro-gusa - Motorista.com.br\",\"isPartOf\":{\"@id\":\"https:\\\/\\\/motorista.com.br\\\/noticias\\\/#website\"},\"primaryImageOfPage\":{\"@id\":\"https:\\\/\\\/motorista.com.br\\\/noticias\\\/2026\\\/09\\\/05\\\/vitoria-ganhara-ferrovia-para-aumentar-exportacao-de-ferro-gusa\\\/#primaryimage\"},\"image\":{\"@id\":\"https:\\\/\\\/motorista.com.br\\\/noticias\\\/2026\\\/09\\\/05\\\/vitoria-ganhara-ferrovia-para-aumentar-exportacao-de-ferro-gusa\\\/#primaryimage\"},\"thumbnailUrl\":\"https:\\\/\\\/motorista.com.br\\\/noticias\\\/wp-content\\\/uploads\\\/2026\\\/09\\\/ID-CL-1000-px-x-830-px-Porto-2.png\",\"datePublished\":\"2026-09-05T18:27:23+00:00\",\"breadcrumb\":{\"@id\":\"https:\\\/\\\/motorista.com.br\\\/noticias\\\/2026\\\/09\\\/05\\\/vitoria-ganhara-ferrovia-para-aumentar-exportacao-de-ferro-gusa\\\/#breadcrumb\"},\"inLanguage\":\"pt-BR\",\"potentialAction\":[{\"@type\":\"ReadAction\",\"target\":[\"https:\\\/\\\/motorista.com.br\\\/noticias\\\/2026\\\/09\\\/05\\\/vitoria-ganhara-ferrovia-para-aumentar-exportacao-de-ferro-gusa\\\/\"]}]},{\"@type\":\"ImageObject\",\"inLanguage\":\"pt-BR\",\"@id\":\"https:\\\/\\\/motorista.com.br\\\/noticias\\\/2026\\\/09\\\/05\\\/vitoria-ganhara-ferrovia-para-aumentar-exportacao-de-ferro-gusa\\\/#primaryimage\",\"url\":\"https:\\\/\\\/motorista.com.br\\\/noticias\\\/wp-content\\\/uploads\\\/2026\\\/09\\\/ID-CL-1000-px-x-830-px-Porto-2.png\",\"contentUrl\":\"https:\\\/\\\/motorista.com.br\\\/noticias\\\/wp-content\\\/uploads\\\/2026\\\/09\\\/ID-CL-1000-px-x-830-px-Porto-2.png\",\"width\":1000,\"height\":821},{\"@type\":\"BreadcrumbList\",\"@id\":\"https:\\\/\\\/motorista.com.br\\\/noticias\\\/2026\\\/09\\\/05\\\/vitoria-ganhara-ferrovia-para-aumentar-exportacao-de-ferro-gusa\\\/#breadcrumb\",\"itemListElement\":[{\"@type\":\"ListItem\",\"position\":1,\"name\":\"In\u00edcio\",\"item\":\"https:\\\/\\\/motorista.com.br\\\/noticias\\\/\"},{\"@type\":\"ListItem\",\"position\":2,\"name\":\"Vit\u00f3ria ganhar\u00e1 ferrovia para aumentar exporta\u00e7\u00e3o de ferro-gusa\"}]},{\"@type\":\"WebSite\",\"@id\":\"https:\\\/\\\/motorista.com.br\\\/noticias\\\/#website\",\"url\":\"https:\\\/\\\/motorista.com.br\\\/noticias\\\/\",\"name\":\"Motorista.com.br\",\"description\":\"Not\u00edcia do Motorista\",\"publisher\":{\"@id\":\"https:\\\/\\\/motorista.com.br\\\/noticias\\\/#organization\"},\"potentialAction\":[{\"@type\":\"SearchAction\",\"target\":{\"@type\":\"EntryPoint\",\"urlTemplate\":\"https:\\\/\\\/motorista.com.br\\\/noticias\\\/?s={search_term_string}\"},\"query-input\":{\"@type\":\"PropertyValueSpecification\",\"valueRequired\":true,\"valueName\":\"search_term_string\"}}],\"inLanguage\":\"pt-BR\"},{\"@type\":\"Organization\",\"@id\":\"https:\\\/\\\/motorista.com.br\\\/noticias\\\/#organization\",\"name\":\"Motorista.com.br\",\"url\":\"https:\\\/\\\/motorista.com.br\\\/noticias\\\/\",\"logo\":{\"@type\":\"ImageObject\",\"inLanguage\":\"pt-BR\",\"@id\":\"https:\\\/\\\/motorista.com.br\\\/noticias\\\/#\\\/schema\\\/logo\\\/image\\\/\",\"url\":\"https:\\\/\\\/motorista.com.br\\\/noticias\\\/wp-content\\\/uploads\\\/2025\\\/06\\\/Design-sem-nome-9.png\",\"contentUrl\":\"https:\\\/\\\/motorista.com.br\\\/noticias\\\/wp-content\\\/uploads\\\/2025\\\/06\\\/Design-sem-nome-9.png\",\"width\":150,\"height\":85,\"caption\":\"Motorista.com.br\"},\"image\":{\"@id\":\"https:\\\/\\\/motorista.com.br\\\/noticias\\\/#\\\/schema\\\/logo\\\/image\\\/\"}},{\"@type\":\"Person\",\"@id\":\"https:\\\/\\\/motorista.com.br\\\/noticias\\\/#\\\/schema\\\/person\\\/dc93afc2981c0e3ce6bc3c053fd847be\",\"name\":\"Equipe Reda\u00e7\u00e3o\",\"image\":{\"@type\":\"ImageObject\",\"inLanguage\":\"pt-BR\",\"@id\":\"https:\\\/\\\/secure.gravatar.com\\\/avatar\\\/4f525efbf18dd2bb300ccad28bfb99d95a9465a5ba268407c8c37b37e1f28d2d?s=96&d=mm&r=g9e099043a0c61e9ae27e293b9fa75ffc\",\"url\":\"https:\\\/\\\/secure.gravatar.com\\\/avatar\\\/4f525efbf18dd2bb300ccad28bfb99d95a9465a5ba268407c8c37b37e1f28d2d?s=96&d=mm&r=g\",\"contentUrl\":\"https:\\\/\\\/secure.gravatar.com\\\/avatar\\\/4f525efbf18dd2bb300ccad28bfb99d95a9465a5ba268407c8c37b37e1f28d2d?s=96&d=mm&r=g\",\"caption\":\"Equipe Reda\u00e7\u00e3o\"},\"description\":\"Equipe de reda\u00e7\u00e3o \u00e9 um grupo de profissionais que trabalham juntos para criar conte\u00fado escrito para Motorista.com.br\",\"url\":\"https:\\\/\\\/motorista.com.br\\\/noticias\\\/author\\\/equiperedacao\\\/\"}]}<\/script>\n<!-- \/ Yoast SEO Premium plugin. -->","yoast_head_json":{"title":"Vit\u00f3ria ganhar\u00e1 ferrovia para aumentar exporta\u00e7\u00e3o de ferro-gusa - Motorista.com.br","robots":{"index":"index","follow":"follow","max-snippet":"max-snippet:-1","max-image-preview":"max-image-preview:large","max-video-preview":"max-video-preview:-1"},"canonical":"https:\/\/motorista.com.br\/noticias\/2026\/09\/05\/vitoria-ganhara-ferrovia-para-aumentar-exportacao-de-ferro-gusa\/","og_locale":"pt_BR","og_type":"article","og_title":"Vit\u00f3ria ganhar\u00e1 ferrovia para aumentar exporta\u00e7\u00e3o de ferro-gusa","og_description":"Porto de Vit\u00f3ria ter\u00e1 sistema ferrovi\u00e1rio para dobrar exporta\u00e7\u00e3o de ferro-gusa O Porto de Vit\u00f3ria, no Esp\u00edrito Santo, est\u00e1 prestes a passar por uma transforma\u00e7\u00e3o significativa com a implementa\u00e7\u00e3o de um novo sistema de conex\u00e3o ferrovi\u00e1ria. Este investimento de R$ 130 milh\u00f5es, fruto de uma colabora\u00e7\u00e3o entre a operadora portu\u00e1ria Vports, a ferrovi\u00e1ria VLI e &hellip;","og_url":"https:\/\/motorista.com.br\/noticias\/2026\/09\/05\/vitoria-ganhara-ferrovia-para-aumentar-exportacao-de-ferro-gusa\/","og_site_name":"Motorista.com.br","article_published_time":"2026-09-05T18:27:23+00:00","author":"Equipe Reda\u00e7\u00e3o","twitter_card":"summary_large_image","twitter_misc":{"Escrito por":"Equipe Reda\u00e7\u00e3o","Est. tempo de leitura":"2 minutos","Written by":"Equipe Reda\u00e7\u00e3o"},"schema":{"@context":"https:\/\/schema.org","@graph":[{"@type":"Article","@id":"https:\/\/motorista.com.br\/noticias\/2026\/09\/05\/vitoria-ganhara-ferrovia-para-aumentar-exportacao-de-ferro-gusa\/#article","isPartOf":{"@id":"https:\/\/motorista.com.br\/noticias\/2026\/09\/05\/vitoria-ganhara-ferrovia-para-aumentar-exportacao-de-ferro-gusa\/"},"author":{"name":"Equipe Reda\u00e7\u00e3o","@id":"https:\/\/motorista.com.br\/noticias\/#\/schema\/person\/dc93afc2981c0e3ce6bc3c053fd847be"},"headline":"Vit\u00f3ria ganhar\u00e1 ferrovia para aumentar exporta\u00e7\u00e3o de ferro-gusa","datePublished":"2026-09-05T18:27:23+00:00","mainEntityOfPage":{"@id":"https:\/\/motorista.com.br\/noticias\/2026\/09\/05\/vitoria-ganhara-ferrovia-para-aumentar-exportacao-de-ferro-gusa\/"},"wordCount":492,"publisher":{"@id":"https:\/\/motorista.com.br\/noticias\/#organization"},"image":{"@id":"https:\/\/motorista.com.br\/noticias\/2026\/09\/05\/vitoria-ganhara-ferrovia-para-aumentar-exportacao-de-ferro-gusa\/#primaryimage"},"thumbnailUrl":"https:\/\/motorista.com.br\/noticias\/wp-content\/uploads\/2026\/09\/ID-CL-1000-px-x-830-px-Porto-2.png","articleSection":["Log\u00edstica"],"inLanguage":"pt-BR"},{"@type":"WebPage","@id":"https:\/\/motorista.com.br\/noticias\/2026\/09\/05\/vitoria-ganhara-ferrovia-para-aumentar-exportacao-de-ferro-gusa\/","url":"https:\/\/motorista.com.br\/noticias\/2026\/09\/05\/vitoria-ganhara-ferrovia-para-aumentar-exportacao-de-ferro-gusa\/","name":"Vit\u00f3ria ganhar\u00e1 ferrovia para aumentar exporta\u00e7\u00e3o de ferro-gusa - Motorista.com.br","isPartOf":{"@id":"https:\/\/motorista.com.br\/noticias\/#website"},"primaryImageOfPage":{"@id":"https:\/\/motorista.com.br\/noticias\/2026\/09\/05\/vitoria-ganhara-ferrovia-para-aumentar-exportacao-de-ferro-gusa\/#primaryimage"},"image":{"@id":"https:\/\/motorista.com.br\/noticias\/2026\/09\/05\/vitoria-ganhara-ferrovia-para-aumentar-exportacao-de-ferro-gusa\/#primaryimage"},"thumbnailUrl":"https:\/\/motorista.com.br\/noticias\/wp-content\/uploads\/2026\/09\/ID-CL-1000-px-x-830-px-Porto-2.png","datePublished":"2026-09-05T18:27:23+00:00","breadcrumb":{"@id":"https:\/\/motorista.com.br\/noticias\/2026\/09\/05\/vitoria-ganhara-ferrovia-para-aumentar-exportacao-de-ferro-gusa\/#breadcrumb"},"inLanguage":"pt-BR","potentialAction":[{"@type":"ReadAction","target":["https:\/\/motorista.com.br\/noticias\/2026\/09\/05\/vitoria-ganhara-ferrovia-para-aumentar-exportacao-de-ferro-gusa\/"]}]},{"@type":"ImageObject","inLanguage":"pt-BR","@id":"https:\/\/motorista.com.br\/noticias\/2026\/09\/05\/vitoria-ganhara-ferrovia-para-aumentar-exportacao-de-ferro-gusa\/#primaryimage","url":"https:\/\/motorista.com.br\/noticias\/wp-content\/uploads\/2026\/09\/ID-CL-1000-px-x-830-px-Porto-2.png","contentUrl":"https:\/\/motorista.com.br\/noticias\/wp-content\/uploads\/2026\/09\/ID-CL-1000-px-x-830-px-Porto-2.png","width":1000,"height":821},{"@type":"BreadcrumbList","@id":"https:\/\/motorista.com.br\/noticias\/2026\/09\/05\/vitoria-ganhara-ferrovia-para-aumentar-exportacao-de-ferro-gusa\/#breadcrumb","itemListElement":[{"@type":"ListItem","position":1,"name":"In\u00edcio","item":"https:\/\/motorista.com.br\/noticias\/"},{"@type":"ListItem","position":2,"name":"Vit\u00f3ria ganhar\u00e1 ferrovia para aumentar exporta\u00e7\u00e3o de ferro-gusa"}]},{"@type":"WebSite","@id":"https:\/\/motorista.com.br\/noticias\/#website","url":"https:\/\/motorista.com.br\/noticias\/","name":"Motorista.com.br","description":"Not\u00edcia do Motorista","publisher":{"@id":"https:\/\/motorista.com.br\/noticias\/#organization"},"potentialAction":[{"@type":"SearchAction","target":{"@type":"EntryPoint","urlTemplate":"https:\/\/motorista.com.br\/noticias\/?s={search_term_string}"},"query-input":{"@type":"PropertyValueSpecification","valueRequired":true,"valueName":"search_term_string"}}],"inLanguage":"pt-BR"},{"@type":"Organization","@id":"https:\/\/motorista.com.br\/noticias\/#organization","name":"Motorista.com.br","url":"https:\/\/motorista.com.br\/noticias\/","logo":{"@type":"ImageObject","inLanguage":"pt-BR","@id":"https:\/\/motorista.com.br\/noticias\/#\/schema\/logo\/image\/","url":"https:\/\/motorista.com.br\/noticias\/wp-content\/uploads\/2025\/06\/Design-sem-nome-9.png","contentUrl":"https:\/\/motorista.com.br\/noticias\/wp-content\/uploads\/2025\/06\/Design-sem-nome-9.png","width":150,"height":85,"caption":"Motorista.com.br"},"image":{"@id":"https:\/\/motorista.com.br\/noticias\/#\/schema\/logo\/image\/"}},{"@type":"Person","@id":"https:\/\/motorista.com.br\/noticias\/#\/schema\/person\/dc93afc2981c0e3ce6bc3c053fd847be","name":"Equipe Reda\u00e7\u00e3o","image":{"@type":"ImageObject","inLanguage":"pt-BR","@id":"https:\/\/secure.gravatar.com\/avatar\/4f525efbf18dd2bb300ccad28bfb99d95a9465a5ba268407c8c37b37e1f28d2d?s=96&d=mm&r=g9e099043a0c61e9ae27e293b9fa75ffc","url":"https:\/\/secure.gravatar.com\/avatar\/4f525efbf18dd2bb300ccad28bfb99d95a9465a5ba268407c8c37b37e1f28d2d?s=96&d=mm&r=g","contentUrl":"https:\/\/secure.gravatar.com\/avatar\/4f525efbf18dd2bb300ccad28bfb99d95a9465a5ba268407c8c37b37e1f28d2d?s=96&d=mm&r=g","caption":"Equipe Reda\u00e7\u00e3o"},"description":"Equipe de reda\u00e7\u00e3o \u00e9 um grupo de profissionais que trabalham juntos para criar conte\u00fado escrito para Motorista.com.br","url":"https:\/\/motorista.com.br\/noticias\/author\/equiperedacao\/"}]}},"_links":{"self":[{"href":"https:\/\/motorista.com.br\/noticias\/wp-json\/wp\/v2\/posts\/14374","targetHints":{"allow":["GET"]}}],"collection":[{"href":"https:\/\/motorista.com.br\/noticias\/wp-json\/wp\/v2\/posts"}],"about":[{"href":"https:\/\/motorista.com.br\/noticias\/wp-json\/wp\/v2\/types\/post"}],"author":[{"embeddable":true,"href":"https:\/\/motorista.com.br\/noticias\/wp-json\/wp\/v2\/users\/4"}],"replies":[{"embeddable":true,"href":"https:\/\/motorista.com.br\/noticias\/wp-json\/wp\/v2\/comments?post=14374"}],"version-history":[{"count":0,"href":"https:\/\/motorista.com.br\/noticias\/wp-json\/wp\/v2\/posts\/14374\/revisions"}],"wp:featuredmedia":[{"embeddable":true,"href":"https:\/\/motorista.com.br\/noticias\/wp-json\/wp\/v2\/media\/14375"}],"wp:attachment":[{"href":"https:\/\/motorista.com.br\/noticias\/wp-json\/wp\/v2\/media?parent=14374"}],"wp:term":[{"taxonomy":"category","embeddable":true,"href":"https:\/\/motorista.com.br\/noticias\/wp-json\/wp\/v2\/categories?post=14374"},{"taxonomy":"post_tag","embeddable":true,"href":"https:\/\/motorista.com.br\/noticias\/wp-json\/wp\/v2\/tags?post=14374"},{"taxonomy":"author","embeddable":true,"href":"https:\/\/motorista.com.br\/noticias\/wp-json\/wp\/v2\/coauthors?post=14374"}],"curies":[{"name":"wp","href":"https:\/\/api.w.org\/{rel}","templated":true}]}}