{"id":14372,"date":"2026-09-05T11:52:11","date_gmt":"2026-09-05T14:52:11","guid":{"rendered":"https:\/\/motorista.com.br\/noticias\/2026\/09\/05\/diesel-tera-aumento-no-uso-de-biocombustiveis-mercado-bilionario-ate-2035\/"},"modified":"2026-09-05T11:52:11","modified_gmt":"2026-09-05T14:52:11","slug":"diesel-tera-aumento-no-uso-de-biocombustiveis-mercado-bilionario-ate-2035","status":"publish","type":"post","link":"https:\/\/motorista.com.br\/noticias\/2026\/09\/05\/diesel-tera-aumento-no-uso-de-biocombustiveis-mercado-bilionario-ate-2035\/","title":{"rendered":"Diesel ter\u00e1 aumento no uso de biocombust\u00edveis; mercado bilion\u00e1rio at\u00e9 2035."},"content":{"rendered":"<p><\/p>\n<p><strong>Diesel deve ganhar cada vez mais biocombust\u00edvel e setor prev\u00ea mercado bilion\u00e1rio at\u00e9 2035<\/strong><\/p>\n<p>O cen\u00e1rio do transporte rodovi\u00e1rio no Brasil est\u00e1 prestes a passar por transforma\u00e7\u00f5es significativas. A recente &quot;Lei do Combust\u00edvel do Futuro&quot; abre caminho para um aumento no uso de biodiesel e outras alternativas como biometano e diesel verde. Essa mudan\u00e7a n\u00e3o apenas visa diversificar as fontes de combust\u00edvel, mas tamb\u00e9m promete melhorias na sustentabilidade e na efici\u00eancia do setor.<\/p>\n<p>Durante um recente debate na C\u00e2mara dos Deputados, foi destacado que os projetos relacionados a essa nova pol\u00edtica j\u00e1 mobilizam investimentos na casa dos R$ 200 bilh\u00f5es, abrangendo tanto recursos efetivamente aplicados quanto planos para o futuro. Para os motoristas, especialmente caminhoneiros, essa inova\u00e7\u00e3o pode significar maior disponibilidade de alternativas de combust\u00edvel, o que, a longo prazo, pode resultar em custos mais baixos e maior competitividade no mercado.<\/p>\n<p>A Associa\u00e7\u00e3o Brasileira das Ind\u00fastrias de \u00d3leos Vegetais projeta que o mercado de biodiesel para uso rodovi\u00e1rio e aquavi\u00e1rio poder\u00e1 atingir impressionantes 25 milh\u00f5es de metros c\u00fabicos at\u00e9 2035. Isso n\u00e3o s\u00f3 refor\u00e7a a vitalidade do setor, mas tamb\u00e9m contribui para uma mobilidade geral mais sustent\u00e1vel, minimizando a depend\u00eancia de combust\u00edveis f\u00f3sseis e reduzindo a pegada de carbono dos ve\u00edculos.<\/p>\n<p>O biometano, por sua vez, surge como uma op\u00e7\u00e3o promissora. De acordo com a Associa\u00e7\u00e3o Brasileira do Biog\u00e1s e do Biometano, o Brasil possui potencial para produzir at\u00e9 120 milh\u00f5es de metros c\u00fabicos de biometano por dia, utilizando res\u00edduos atualmente descartados. Essa abordagem n\u00e3o apenas ajuda a tratar res\u00edduos, mas tamb\u00e9m oferece uma alternativa econ\u00f4mica e ambientalmente correta para os motoristas.<\/p>\n<p>Embora a regulamenta\u00e7\u00e3o ainda esteja em desenvolvimento, a Ag\u00eancia Nacional do Petr\u00f3leo (ANP) est\u00e1 finalizando decretos que visam fomentar o uso dessas novas fontes de energia. Para caminhoneiros e empresas de transporte, essa transi\u00e7\u00e3o n\u00e3o implica na elimina\u00e7\u00e3o imediata do diesel tradicional. Em vez disso, a proposta \u00e9 implementar gradualmente combust\u00edveis renov\u00e1veis, expandindo as op\u00e7\u00f5es para ve\u00edculos pesados ao longo dos anos.<\/p>\n<p>Em resumo, a crescente ado\u00e7\u00e3o de biocombust\u00edveis no setor de transporte rodovi\u00e1rio pode trazer uma nova era de mobilidade mais limpa e econ\u00f4mica. Os motoristas poder\u00e3o se beneficiar dessas inova\u00e7\u00f5es, que n\u00e3o s\u00f3 promovem um futuro mais sustent\u00e1vel, mas tamb\u00e9m fortalecem a economia do transporte, propiciando um mercado cada vez mais robusto e diversificado.<\/p>\n<p><em>Fonte: brasildotrecho<\/em><\/p>\n","protected":false},"excerpt":{"rendered":"<p>Diesel deve ganhar cada vez mais biocombust\u00edvel e setor prev\u00ea mercado bilion\u00e1rio at\u00e9 2035 O cen\u00e1rio do transporte rodovi\u00e1rio no Brasil est\u00e1 prestes a passar por transforma\u00e7\u00f5es significativas. A recente &quot;Lei do Combust\u00edvel do Futuro&quot; abre caminho para um aumento no uso de biodiesel e outras alternativas como biometano e diesel verde. Essa mudan\u00e7a n\u00e3o &hellip;<\/p>\n","protected":false},"author":4,"featured_media":14373,"comment_status":"","ping_status":"open","sticky":false,"template":"","format":"standard","meta":{"footnotes":""},"categories":[77],"tags":[],"coauthors":[42],"class_list":["post-14372","post","type-post","status-publish","format-standard","has-post-thumbnail","hentry","category-motorista"],"yoast_head":"<!-- This site is optimized with the Yoast SEO Premium plugin v27.6.1 (Yoast SEO v28.4) - https:\/\/yoast.com\/product\/yoast-seo-premium-wordpress\/ -->\n<title>Diesel ter\u00e1 aumento no uso de biocombust\u00edveis; mercado bilion\u00e1rio at\u00e9 2035. - Motorista.com.br<\/title>\n<meta name=\"robots\" content=\"index, follow, max-snippet:-1, max-image-preview:large, max-video-preview:-1\" \/>\n<link rel=\"canonical\" href=\"https:\/\/motorista.com.br\/noticias\/2026\/09\/05\/diesel-tera-aumento-no-uso-de-biocombustiveis-mercado-bilionario-ate-2035\/\" \/>\n<meta property=\"og:locale\" content=\"pt_BR\" \/>\n<meta property=\"og:type\" content=\"article\" \/>\n<meta property=\"og:title\" content=\"Diesel ter\u00e1 aumento no uso de biocombust\u00edveis; mercado bilion\u00e1rio at\u00e9 2035.\" \/>\n<meta property=\"og:description\" content=\"Diesel deve ganhar cada vez mais biocombust\u00edvel e setor prev\u00ea mercado bilion\u00e1rio at\u00e9 2035 O cen\u00e1rio do transporte rodovi\u00e1rio no Brasil est\u00e1 prestes a passar por transforma\u00e7\u00f5es significativas. A recente &quot;Lei do Combust\u00edvel do Futuro&quot; abre caminho para um aumento no uso de biodiesel e outras alternativas como biometano e diesel verde. Essa mudan\u00e7a n\u00e3o &hellip;\" \/>\n<meta property=\"og:url\" content=\"https:\/\/motorista.com.br\/noticias\/2026\/09\/05\/diesel-tera-aumento-no-uso-de-biocombustiveis-mercado-bilionario-ate-2035\/\" \/>\n<meta property=\"og:site_name\" content=\"Motorista.com.br\" \/>\n<meta property=\"article:published_time\" content=\"2026-09-05T14:52:11+00:00\" \/>\n<meta name=\"author\" content=\"Equipe Reda\u00e7\u00e3o\" \/>\n<meta name=\"twitter:card\" content=\"summary_large_image\" \/>\n<meta name=\"twitter:label1\" content=\"Escrito por\" \/>\n\t<meta name=\"twitter:data1\" content=\"Equipe Reda\u00e7\u00e3o\" \/>\n\t<meta name=\"twitter:label2\" content=\"Est. tempo de leitura\" \/>\n\t<meta name=\"twitter:data2\" content=\"2 minutos\" \/>\n\t<meta name=\"twitter:label3\" content=\"Written by\" \/>\n\t<meta name=\"twitter:data3\" content=\"Equipe Reda\u00e7\u00e3o\" \/>\n<script type=\"application\/ld+json\" class=\"yoast-schema-graph\">{\"@context\":\"https:\\\/\\\/schema.org\",\"@graph\":[{\"@type\":\"Article\",\"@id\":\"https:\\\/\\\/motorista.com.br\\\/noticias\\\/2026\\\/09\\\/05\\\/diesel-tera-aumento-no-uso-de-biocombustiveis-mercado-bilionario-ate-2035\\\/#article\",\"isPartOf\":{\"@id\":\"https:\\\/\\\/motorista.com.br\\\/noticias\\\/2026\\\/09\\\/05\\\/diesel-tera-aumento-no-uso-de-biocombustiveis-mercado-bilionario-ate-2035\\\/\"},\"author\":{\"name\":\"Equipe Reda\u00e7\u00e3o\",\"@id\":\"https:\\\/\\\/motorista.com.br\\\/noticias\\\/#\\\/schema\\\/person\\\/dc93afc2981c0e3ce6bc3c053fd847be\"},\"headline\":\"Diesel ter\u00e1 aumento no uso de biocombust\u00edveis; mercado bilion\u00e1rio at\u00e9 2035.\",\"datePublished\":\"2026-09-05T14:52:11+00:00\",\"mainEntityOfPage\":{\"@id\":\"https:\\\/\\\/motorista.com.br\\\/noticias\\\/2026\\\/09\\\/05\\\/diesel-tera-aumento-no-uso-de-biocombustiveis-mercado-bilionario-ate-2035\\\/\"},\"wordCount\":447,\"publisher\":{\"@id\":\"https:\\\/\\\/motorista.com.br\\\/noticias\\\/#organization\"},\"image\":{\"@id\":\"https:\\\/\\\/motorista.com.br\\\/noticias\\\/2026\\\/09\\\/05\\\/diesel-tera-aumento-no-uso-de-biocombustiveis-mercado-bilionario-ate-2035\\\/#primaryimage\"},\"thumbnailUrl\":\"https:\\\/\\\/motorista.com.br\\\/noticias\\\/wp-content\\\/uploads\\\/2026\\\/09\\\/combustivel-do-futuro.jpg\",\"articleSection\":[\"Motorista\"],\"inLanguage\":\"pt-BR\"},{\"@type\":\"WebPage\",\"@id\":\"https:\\\/\\\/motorista.com.br\\\/noticias\\\/2026\\\/09\\\/05\\\/diesel-tera-aumento-no-uso-de-biocombustiveis-mercado-bilionario-ate-2035\\\/\",\"url\":\"https:\\\/\\\/motorista.com.br\\\/noticias\\\/2026\\\/09\\\/05\\\/diesel-tera-aumento-no-uso-de-biocombustiveis-mercado-bilionario-ate-2035\\\/\",\"name\":\"Diesel ter\u00e1 aumento no uso de biocombust\u00edveis; mercado bilion\u00e1rio at\u00e9 2035. - Motorista.com.br\",\"isPartOf\":{\"@id\":\"https:\\\/\\\/motorista.com.br\\\/noticias\\\/#website\"},\"primaryImageOfPage\":{\"@id\":\"https:\\\/\\\/motorista.com.br\\\/noticias\\\/2026\\\/09\\\/05\\\/diesel-tera-aumento-no-uso-de-biocombustiveis-mercado-bilionario-ate-2035\\\/#primaryimage\"},\"image\":{\"@id\":\"https:\\\/\\\/motorista.com.br\\\/noticias\\\/2026\\\/09\\\/05\\\/diesel-tera-aumento-no-uso-de-biocombustiveis-mercado-bilionario-ate-2035\\\/#primaryimage\"},\"thumbnailUrl\":\"https:\\\/\\\/motorista.com.br\\\/noticias\\\/wp-content\\\/uploads\\\/2026\\\/09\\\/combustivel-do-futuro.jpg\",\"datePublished\":\"2026-09-05T14:52:11+00:00\",\"breadcrumb\":{\"@id\":\"https:\\\/\\\/motorista.com.br\\\/noticias\\\/2026\\\/09\\\/05\\\/diesel-tera-aumento-no-uso-de-biocombustiveis-mercado-bilionario-ate-2035\\\/#breadcrumb\"},\"inLanguage\":\"pt-BR\",\"potentialAction\":[{\"@type\":\"ReadAction\",\"target\":[\"https:\\\/\\\/motorista.com.br\\\/noticias\\\/2026\\\/09\\\/05\\\/diesel-tera-aumento-no-uso-de-biocombustiveis-mercado-bilionario-ate-2035\\\/\"]}]},{\"@type\":\"ImageObject\",\"inLanguage\":\"pt-BR\",\"@id\":\"https:\\\/\\\/motorista.com.br\\\/noticias\\\/2026\\\/09\\\/05\\\/diesel-tera-aumento-no-uso-de-biocombustiveis-mercado-bilionario-ate-2035\\\/#primaryimage\",\"url\":\"https:\\\/\\\/motorista.com.br\\\/noticias\\\/wp-content\\\/uploads\\\/2026\\\/09\\\/combustivel-do-futuro.jpg\",\"contentUrl\":\"https:\\\/\\\/motorista.com.br\\\/noticias\\\/wp-content\\\/uploads\\\/2026\\\/09\\\/combustivel-do-futuro.jpg\",\"width\":1280,\"height\":720},{\"@type\":\"BreadcrumbList\",\"@id\":\"https:\\\/\\\/motorista.com.br\\\/noticias\\\/2026\\\/09\\\/05\\\/diesel-tera-aumento-no-uso-de-biocombustiveis-mercado-bilionario-ate-2035\\\/#breadcrumb\",\"itemListElement\":[{\"@type\":\"ListItem\",\"position\":1,\"name\":\"In\u00edcio\",\"item\":\"https:\\\/\\\/motorista.com.br\\\/noticias\\\/\"},{\"@type\":\"ListItem\",\"position\":2,\"name\":\"Diesel ter\u00e1 aumento no uso de biocombust\u00edveis; mercado bilion\u00e1rio at\u00e9 2035.\"}]},{\"@type\":\"WebSite\",\"@id\":\"https:\\\/\\\/motorista.com.br\\\/noticias\\\/#website\",\"url\":\"https:\\\/\\\/motorista.com.br\\\/noticias\\\/\",\"name\":\"Motorista.com.br\",\"description\":\"Not\u00edcia do Motorista\",\"publisher\":{\"@id\":\"https:\\\/\\\/motorista.com.br\\\/noticias\\\/#organization\"},\"potentialAction\":[{\"@type\":\"SearchAction\",\"target\":{\"@type\":\"EntryPoint\",\"urlTemplate\":\"https:\\\/\\\/motorista.com.br\\\/noticias\\\/?s={search_term_string}\"},\"query-input\":{\"@type\":\"PropertyValueSpecification\",\"valueRequired\":true,\"valueName\":\"search_term_string\"}}],\"inLanguage\":\"pt-BR\"},{\"@type\":\"Organization\",\"@id\":\"https:\\\/\\\/motorista.com.br\\\/noticias\\\/#organization\",\"name\":\"Motorista.com.br\",\"url\":\"https:\\\/\\\/motorista.com.br\\\/noticias\\\/\",\"logo\":{\"@type\":\"ImageObject\",\"inLanguage\":\"pt-BR\",\"@id\":\"https:\\\/\\\/motorista.com.br\\\/noticias\\\/#\\\/schema\\\/logo\\\/image\\\/\",\"url\":\"https:\\\/\\\/motorista.com.br\\\/noticias\\\/wp-content\\\/uploads\\\/2025\\\/06\\\/Design-sem-nome-9.png\",\"contentUrl\":\"https:\\\/\\\/motorista.com.br\\\/noticias\\\/wp-content\\\/uploads\\\/2025\\\/06\\\/Design-sem-nome-9.png\",\"width\":150,\"height\":85,\"caption\":\"Motorista.com.br\"},\"image\":{\"@id\":\"https:\\\/\\\/motorista.com.br\\\/noticias\\\/#\\\/schema\\\/logo\\\/image\\\/\"}},{\"@type\":\"Person\",\"@id\":\"https:\\\/\\\/motorista.com.br\\\/noticias\\\/#\\\/schema\\\/person\\\/dc93afc2981c0e3ce6bc3c053fd847be\",\"name\":\"Equipe Reda\u00e7\u00e3o\",\"image\":{\"@type\":\"ImageObject\",\"inLanguage\":\"pt-BR\",\"@id\":\"https:\\\/\\\/secure.gravatar.com\\\/avatar\\\/4f525efbf18dd2bb300ccad28bfb99d95a9465a5ba268407c8c37b37e1f28d2d?s=96&d=mm&r=g9e099043a0c61e9ae27e293b9fa75ffc\",\"url\":\"https:\\\/\\\/secure.gravatar.com\\\/avatar\\\/4f525efbf18dd2bb300ccad28bfb99d95a9465a5ba268407c8c37b37e1f28d2d?s=96&d=mm&r=g\",\"contentUrl\":\"https:\\\/\\\/secure.gravatar.com\\\/avatar\\\/4f525efbf18dd2bb300ccad28bfb99d95a9465a5ba268407c8c37b37e1f28d2d?s=96&d=mm&r=g\",\"caption\":\"Equipe Reda\u00e7\u00e3o\"},\"description\":\"Equipe de reda\u00e7\u00e3o \u00e9 um grupo de profissionais que trabalham juntos para criar conte\u00fado escrito para Motorista.com.br\",\"url\":\"https:\\\/\\\/motorista.com.br\\\/noticias\\\/author\\\/equiperedacao\\\/\"}]}<\/script>\n<!-- \/ Yoast SEO Premium plugin. -->","yoast_head_json":{"title":"Diesel ter\u00e1 aumento no uso de biocombust\u00edveis; mercado bilion\u00e1rio at\u00e9 2035. - Motorista.com.br","robots":{"index":"index","follow":"follow","max-snippet":"max-snippet:-1","max-image-preview":"max-image-preview:large","max-video-preview":"max-video-preview:-1"},"canonical":"https:\/\/motorista.com.br\/noticias\/2026\/09\/05\/diesel-tera-aumento-no-uso-de-biocombustiveis-mercado-bilionario-ate-2035\/","og_locale":"pt_BR","og_type":"article","og_title":"Diesel ter\u00e1 aumento no uso de biocombust\u00edveis; mercado bilion\u00e1rio at\u00e9 2035.","og_description":"Diesel deve ganhar cada vez mais biocombust\u00edvel e setor prev\u00ea mercado bilion\u00e1rio at\u00e9 2035 O cen\u00e1rio do transporte rodovi\u00e1rio no Brasil est\u00e1 prestes a passar por transforma\u00e7\u00f5es significativas. A recente &quot;Lei do Combust\u00edvel do Futuro&quot; abre caminho para um aumento no uso de biodiesel e outras alternativas como biometano e diesel verde. Essa mudan\u00e7a n\u00e3o &hellip;","og_url":"https:\/\/motorista.com.br\/noticias\/2026\/09\/05\/diesel-tera-aumento-no-uso-de-biocombustiveis-mercado-bilionario-ate-2035\/","og_site_name":"Motorista.com.br","article_published_time":"2026-09-05T14:52:11+00:00","author":"Equipe Reda\u00e7\u00e3o","twitter_card":"summary_large_image","twitter_misc":{"Escrito por":"Equipe Reda\u00e7\u00e3o","Est. tempo de leitura":"2 minutos","Written by":"Equipe Reda\u00e7\u00e3o"},"schema":{"@context":"https:\/\/schema.org","@graph":[{"@type":"Article","@id":"https:\/\/motorista.com.br\/noticias\/2026\/09\/05\/diesel-tera-aumento-no-uso-de-biocombustiveis-mercado-bilionario-ate-2035\/#article","isPartOf":{"@id":"https:\/\/motorista.com.br\/noticias\/2026\/09\/05\/diesel-tera-aumento-no-uso-de-biocombustiveis-mercado-bilionario-ate-2035\/"},"author":{"name":"Equipe Reda\u00e7\u00e3o","@id":"https:\/\/motorista.com.br\/noticias\/#\/schema\/person\/dc93afc2981c0e3ce6bc3c053fd847be"},"headline":"Diesel ter\u00e1 aumento no uso de biocombust\u00edveis; mercado bilion\u00e1rio at\u00e9 2035.","datePublished":"2026-09-05T14:52:11+00:00","mainEntityOfPage":{"@id":"https:\/\/motorista.com.br\/noticias\/2026\/09\/05\/diesel-tera-aumento-no-uso-de-biocombustiveis-mercado-bilionario-ate-2035\/"},"wordCount":447,"publisher":{"@id":"https:\/\/motorista.com.br\/noticias\/#organization"},"image":{"@id":"https:\/\/motorista.com.br\/noticias\/2026\/09\/05\/diesel-tera-aumento-no-uso-de-biocombustiveis-mercado-bilionario-ate-2035\/#primaryimage"},"thumbnailUrl":"https:\/\/motorista.com.br\/noticias\/wp-content\/uploads\/2026\/09\/combustivel-do-futuro.jpg","articleSection":["Motorista"],"inLanguage":"pt-BR"},{"@type":"WebPage","@id":"https:\/\/motorista.com.br\/noticias\/2026\/09\/05\/diesel-tera-aumento-no-uso-de-biocombustiveis-mercado-bilionario-ate-2035\/","url":"https:\/\/motorista.com.br\/noticias\/2026\/09\/05\/diesel-tera-aumento-no-uso-de-biocombustiveis-mercado-bilionario-ate-2035\/","name":"Diesel ter\u00e1 aumento no uso de biocombust\u00edveis; mercado bilion\u00e1rio at\u00e9 2035. - Motorista.com.br","isPartOf":{"@id":"https:\/\/motorista.com.br\/noticias\/#website"},"primaryImageOfPage":{"@id":"https:\/\/motorista.com.br\/noticias\/2026\/09\/05\/diesel-tera-aumento-no-uso-de-biocombustiveis-mercado-bilionario-ate-2035\/#primaryimage"},"image":{"@id":"https:\/\/motorista.com.br\/noticias\/2026\/09\/05\/diesel-tera-aumento-no-uso-de-biocombustiveis-mercado-bilionario-ate-2035\/#primaryimage"},"thumbnailUrl":"https:\/\/motorista.com.br\/noticias\/wp-content\/uploads\/2026\/09\/combustivel-do-futuro.jpg","datePublished":"2026-09-05T14:52:11+00:00","breadcrumb":{"@id":"https:\/\/motorista.com.br\/noticias\/2026\/09\/05\/diesel-tera-aumento-no-uso-de-biocombustiveis-mercado-bilionario-ate-2035\/#breadcrumb"},"inLanguage":"pt-BR","potentialAction":[{"@type":"ReadAction","target":["https:\/\/motorista.com.br\/noticias\/2026\/09\/05\/diesel-tera-aumento-no-uso-de-biocombustiveis-mercado-bilionario-ate-2035\/"]}]},{"@type":"ImageObject","inLanguage":"pt-BR","@id":"https:\/\/motorista.com.br\/noticias\/2026\/09\/05\/diesel-tera-aumento-no-uso-de-biocombustiveis-mercado-bilionario-ate-2035\/#primaryimage","url":"https:\/\/motorista.com.br\/noticias\/wp-content\/uploads\/2026\/09\/combustivel-do-futuro.jpg","contentUrl":"https:\/\/motorista.com.br\/noticias\/wp-content\/uploads\/2026\/09\/combustivel-do-futuro.jpg","width":1280,"height":720},{"@type":"BreadcrumbList","@id":"https:\/\/motorista.com.br\/noticias\/2026\/09\/05\/diesel-tera-aumento-no-uso-de-biocombustiveis-mercado-bilionario-ate-2035\/#breadcrumb","itemListElement":[{"@type":"ListItem","position":1,"name":"In\u00edcio","item":"https:\/\/motorista.com.br\/noticias\/"},{"@type":"ListItem","position":2,"name":"Diesel ter\u00e1 aumento no uso de biocombust\u00edveis; mercado bilion\u00e1rio at\u00e9 2035."}]},{"@type":"WebSite","@id":"https:\/\/motorista.com.br\/noticias\/#website","url":"https:\/\/motorista.com.br\/noticias\/","name":"Motorista.com.br","description":"Not\u00edcia do Motorista","publisher":{"@id":"https:\/\/motorista.com.br\/noticias\/#organization"},"potentialAction":[{"@type":"SearchAction","target":{"@type":"EntryPoint","urlTemplate":"https:\/\/motorista.com.br\/noticias\/?s={search_term_string}"},"query-input":{"@type":"PropertyValueSpecification","valueRequired":true,"valueName":"search_term_string"}}],"inLanguage":"pt-BR"},{"@type":"Organization","@id":"https:\/\/motorista.com.br\/noticias\/#organization","name":"Motorista.com.br","url":"https:\/\/motorista.com.br\/noticias\/","logo":{"@type":"ImageObject","inLanguage":"pt-BR","@id":"https:\/\/motorista.com.br\/noticias\/#\/schema\/logo\/image\/","url":"https:\/\/motorista.com.br\/noticias\/wp-content\/uploads\/2025\/06\/Design-sem-nome-9.png","contentUrl":"https:\/\/motorista.com.br\/noticias\/wp-content\/uploads\/2025\/06\/Design-sem-nome-9.png","width":150,"height":85,"caption":"Motorista.com.br"},"image":{"@id":"https:\/\/motorista.com.br\/noticias\/#\/schema\/logo\/image\/"}},{"@type":"Person","@id":"https:\/\/motorista.com.br\/noticias\/#\/schema\/person\/dc93afc2981c0e3ce6bc3c053fd847be","name":"Equipe Reda\u00e7\u00e3o","image":{"@type":"ImageObject","inLanguage":"pt-BR","@id":"https:\/\/secure.gravatar.com\/avatar\/4f525efbf18dd2bb300ccad28bfb99d95a9465a5ba268407c8c37b37e1f28d2d?s=96&d=mm&r=g9e099043a0c61e9ae27e293b9fa75ffc","url":"https:\/\/secure.gravatar.com\/avatar\/4f525efbf18dd2bb300ccad28bfb99d95a9465a5ba268407c8c37b37e1f28d2d?s=96&d=mm&r=g","contentUrl":"https:\/\/secure.gravatar.com\/avatar\/4f525efbf18dd2bb300ccad28bfb99d95a9465a5ba268407c8c37b37e1f28d2d?s=96&d=mm&r=g","caption":"Equipe Reda\u00e7\u00e3o"},"description":"Equipe de reda\u00e7\u00e3o \u00e9 um grupo de profissionais que trabalham juntos para criar conte\u00fado escrito para Motorista.com.br","url":"https:\/\/motorista.com.br\/noticias\/author\/equiperedacao\/"}]}},"_links":{"self":[{"href":"https:\/\/motorista.com.br\/noticias\/wp-json\/wp\/v2\/posts\/14372","targetHints":{"allow":["GET"]}}],"collection":[{"href":"https:\/\/motorista.com.br\/noticias\/wp-json\/wp\/v2\/posts"}],"about":[{"href":"https:\/\/motorista.com.br\/noticias\/wp-json\/wp\/v2\/types\/post"}],"author":[{"embeddable":true,"href":"https:\/\/motorista.com.br\/noticias\/wp-json\/wp\/v2\/users\/4"}],"replies":[{"embeddable":true,"href":"https:\/\/motorista.com.br\/noticias\/wp-json\/wp\/v2\/comments?post=14372"}],"version-history":[{"count":0,"href":"https:\/\/motorista.com.br\/noticias\/wp-json\/wp\/v2\/posts\/14372\/revisions"}],"wp:featuredmedia":[{"embeddable":true,"href":"https:\/\/motorista.com.br\/noticias\/wp-json\/wp\/v2\/media\/14373"}],"wp:attachment":[{"href":"https:\/\/motorista.com.br\/noticias\/wp-json\/wp\/v2\/media?parent=14372"}],"wp:term":[{"taxonomy":"category","embeddable":true,"href":"https:\/\/motorista.com.br\/noticias\/wp-json\/wp\/v2\/categories?post=14372"},{"taxonomy":"post_tag","embeddable":true,"href":"https:\/\/motorista.com.br\/noticias\/wp-json\/wp\/v2\/tags?post=14372"},{"taxonomy":"author","embeddable":true,"href":"https:\/\/motorista.com.br\/noticias\/wp-json\/wp\/v2\/coauthors?post=14372"}],"curies":[{"name":"wp","href":"https:\/\/api.w.org\/{rel}","templated":true}]}}