{"id":14366,"date":"2026-09-05T10:34:49","date_gmt":"2026-09-05T13:34:49","guid":{"rendered":"https:\/\/motorista.com.br\/noticias\/2026\/09\/05\/cybercab-investigacao-sobre-taxis-sem-volante-ou-pedais\/"},"modified":"2026-09-05T10:34:49","modified_gmt":"2026-09-05T13:34:49","slug":"cybercab-investigacao-sobre-taxis-sem-volante-ou-pedais","status":"publish","type":"post","link":"https:\/\/motorista.com.br\/noticias\/2026\/09\/05\/cybercab-investigacao-sobre-taxis-sem-volante-ou-pedais\/","title":{"rendered":"Cybercab: investiga\u00e7\u00e3o sobre t\u00e1xis sem volante ou pedais"},"content":{"rendered":"<p><\/p>\n<p><strong>Austin recebe os primeiros Cybercabs: uma revolu\u00e7\u00e3o no transporte?<\/strong><\/p>\n<p>A recente introdu\u00e7\u00e3o dos Cybercabs pela Tesla nas ruas de Austin, Texas, j\u00e1 gerou repercuss\u00f5es significativas no setor automotivo e na mobilidade urbana. Poucas horas ap\u00f3s o in\u00edcio das opera\u00e7\u00f5es, a NHTSA (Administra\u00e7\u00e3o Nacional de Seguran\u00e7a no Tr\u00e2nsito nas Estradas) abriu uma investiga\u00e7\u00e3o formal sobre o processo de certifica\u00e7\u00e3o e os dados t\u00e9cnicos que permitiram a opera\u00e7\u00e3o desses ve\u00edculos aut\u00f4nomos sem volante nem pedais.<\/p>\n<p>Este foco da NHTSA \u00e9 crucial para garantir que os novos modelos aut\u00f4nomos sejam realmente seguros. A investiga\u00e7\u00e3o busca esclarecer como a Tesla obteve a certifica\u00e7\u00e3o necess\u00e1ria para operar esses ve\u00edculos, algo que poder\u00e1 estabelecer precedentes para futuras inova\u00e7\u00f5es no transporte.<\/p>\n<h3>O impacto da regulamenta\u00e7\u00e3o na mobilidade<\/h3>\n<p>Nos Estados Unidos, as normas federais de seguran\u00e7a exigem controles manuais, como os pedais de freio, para a opera\u00e7\u00e3o de ve\u00edculos. Embora o Departamento de Transportes tenha proposto recentemente retirar essas exig\u00eancias para ve\u00edculos destinados \u00e0 condu\u00e7\u00e3o aut\u00f4noma, as regras atuais ainda est\u00e3o em vigor. O processo de autocertifica\u00e7\u00e3o adotado pela Tesla, comum entre montadoras, pode facilitar a introdu\u00e7\u00e3o de inova\u00e7\u00f5es, mas tamb\u00e9m levanta quest\u00f5es sobre seguran\u00e7a e responsabilidade.<\/p>\n<p>A investiga\u00e7\u00e3o da NHTSA poder\u00e1 servir como um marco. Se a Tesla conseguir provar que o Cybercab est\u00e1 em conformidade com as normas de seguran\u00e7a, isso abrir\u00e1 portas para outros ve\u00edculos aut\u00f4nomos e, consequentemente, pode acelerar a evolu\u00e7\u00e3o do setor de transportes. Por outro lado, se a NHTSA encontrar falhas, isso pode resultar em um retrocesso na ado\u00e7\u00e3o de tecnologias aut\u00f4nomas, impactando diretamente a mobilidade urbana.<\/p>\n<h3>Um contexto de incerteza<\/h3>\n<p>O caso do Cybercab n\u00e3o \u00e9 isolado. Em 2022, a Zoox, uma startup de ve\u00edculos aut\u00f4nomos adquirida pela Amazon, passou por um processo semelhante para certificar seu robot\u00e1xi. A NHTSA tamb\u00e9m abriu uma investiga\u00e7\u00e3o sobre a empresa, o que atrasou sua entrada no mercado. O cen\u00e1rio din\u00e2mico de inova\u00e7\u00e3o em mobilidade e a necessidade de regulamenta\u00e7\u00e3o andam lado a lado, sendo fundamental para proteger os usu\u00e1rios e garantir que novas tecnologias sejam introduzidas de forma segura.<\/p>\n<h3>O futuro da mobilidade<\/h3>\n<p>Para os motoristas e usu\u00e1rios de transporte, a introdu\u00e7\u00e3o de ve\u00edculos aut\u00f4nomos como os Cybercabs promete uma nova era de comodidade e efici\u00eancia no deslocamento. No entanto, o sucesso dessa transforma\u00e7\u00e3o depender\u00e1 n\u00e3o apenas da tecnologia, mas tamb\u00e9m da confian\u00e7a que a sociedade depositar\u00e1 nela. A transpar\u00eancia dos processos de certifica\u00e7\u00e3o e a metodologia da NHTSA ser\u00e3o determinantes para que essa nova forma de mobilidade se estabele\u00e7a de maneira segura e confi\u00e1vel.<\/p>\n<p>O que estamos vivenciando em Austin pode ser o primeiro passo para um futuro onde os ve\u00edculos aut\u00f4nomos se tornar\u00e3o parte integrante do sistema de transporte, mas isso s\u00f3 ser\u00e1 poss\u00edvel com a colabora\u00e7\u00e3o eficaz entre fabricantes, reguladores e a sociedade. A busca por inova\u00e7\u00e3o no setor automotivo deve sempre estar alinhada ao compromisso com a seguran\u00e7a e a sustentabilidade da mobilidade urbana.<\/p>\n","protected":false},"excerpt":{"rendered":"<p>Austin recebe os primeiros Cybercabs: uma revolu\u00e7\u00e3o no transporte? A recente introdu\u00e7\u00e3o dos Cybercabs pela Tesla nas ruas de Austin, Texas, j\u00e1 gerou repercuss\u00f5es significativas no setor automotivo e na mobilidade urbana. Poucas horas ap\u00f3s o in\u00edcio das opera\u00e7\u00f5es, a NHTSA (Administra\u00e7\u00e3o Nacional de Seguran\u00e7a no Tr\u00e2nsito nas Estradas) abriu uma investiga\u00e7\u00e3o formal sobre o &hellip;<\/p>\n","protected":false},"author":4,"featured_media":14367,"comment_status":"","ping_status":"open","sticky":false,"template":"","format":"standard","meta":{"footnotes":""},"categories":[56],"tags":[],"coauthors":[42],"class_list":["post-14366","post","type-post","status-publish","format-standard","has-post-thumbnail","hentry","category-tecnologia"],"yoast_head":"<!-- This site is optimized with the Yoast SEO Premium plugin v27.6.1 (Yoast SEO v28.4) - https:\/\/yoast.com\/product\/yoast-seo-premium-wordpress\/ -->\n<title>Cybercab: investiga\u00e7\u00e3o sobre t\u00e1xis sem volante ou pedais - Motorista.com.br<\/title>\n<meta name=\"robots\" content=\"index, follow, max-snippet:-1, max-image-preview:large, max-video-preview:-1\" \/>\n<link rel=\"canonical\" href=\"https:\/\/motorista.com.br\/noticias\/2026\/09\/05\/cybercab-investigacao-sobre-taxis-sem-volante-ou-pedais\/\" \/>\n<meta property=\"og:locale\" content=\"pt_BR\" \/>\n<meta property=\"og:type\" content=\"article\" \/>\n<meta property=\"og:title\" content=\"Cybercab: investiga\u00e7\u00e3o sobre t\u00e1xis sem volante ou pedais\" \/>\n<meta property=\"og:description\" content=\"Austin recebe os primeiros Cybercabs: uma revolu\u00e7\u00e3o no transporte? A recente introdu\u00e7\u00e3o dos Cybercabs pela Tesla nas ruas de Austin, Texas, j\u00e1 gerou repercuss\u00f5es significativas no setor automotivo e na mobilidade urbana. Poucas horas ap\u00f3s o in\u00edcio das opera\u00e7\u00f5es, a NHTSA (Administra\u00e7\u00e3o Nacional de Seguran\u00e7a no Tr\u00e2nsito nas Estradas) abriu uma investiga\u00e7\u00e3o formal sobre o &hellip;\" \/>\n<meta property=\"og:url\" content=\"https:\/\/motorista.com.br\/noticias\/2026\/09\/05\/cybercab-investigacao-sobre-taxis-sem-volante-ou-pedais\/\" \/>\n<meta property=\"og:site_name\" content=\"Motorista.com.br\" \/>\n<meta property=\"article:published_time\" content=\"2026-09-05T13:34:49+00:00\" \/>\n<meta name=\"author\" content=\"Equipe Reda\u00e7\u00e3o\" \/>\n<meta name=\"twitter:card\" content=\"summary_large_image\" \/>\n<meta name=\"twitter:label1\" content=\"Escrito por\" \/>\n\t<meta name=\"twitter:data1\" content=\"Equipe Reda\u00e7\u00e3o\" \/>\n\t<meta name=\"twitter:label2\" content=\"Est. tempo de leitura\" \/>\n\t<meta name=\"twitter:data2\" content=\"3 minutos\" \/>\n\t<meta name=\"twitter:label3\" content=\"Written by\" \/>\n\t<meta name=\"twitter:data3\" content=\"Equipe Reda\u00e7\u00e3o\" \/>\n<script type=\"application\/ld+json\" class=\"yoast-schema-graph\">{\"@context\":\"https:\\\/\\\/schema.org\",\"@graph\":[{\"@type\":\"Article\",\"@id\":\"https:\\\/\\\/motorista.com.br\\\/noticias\\\/2026\\\/09\\\/05\\\/cybercab-investigacao-sobre-taxis-sem-volante-ou-pedais\\\/#article\",\"isPartOf\":{\"@id\":\"https:\\\/\\\/motorista.com.br\\\/noticias\\\/2026\\\/09\\\/05\\\/cybercab-investigacao-sobre-taxis-sem-volante-ou-pedais\\\/\"},\"author\":{\"name\":\"Equipe Reda\u00e7\u00e3o\",\"@id\":\"https:\\\/\\\/motorista.com.br\\\/noticias\\\/#\\\/schema\\\/person\\\/dc93afc2981c0e3ce6bc3c053fd847be\"},\"headline\":\"Cybercab: investiga\u00e7\u00e3o sobre t\u00e1xis sem volante ou pedais\",\"datePublished\":\"2026-09-05T13:34:49+00:00\",\"mainEntityOfPage\":{\"@id\":\"https:\\\/\\\/motorista.com.br\\\/noticias\\\/2026\\\/09\\\/05\\\/cybercab-investigacao-sobre-taxis-sem-volante-ou-pedais\\\/\"},\"wordCount\":555,\"publisher\":{\"@id\":\"https:\\\/\\\/motorista.com.br\\\/noticias\\\/#organization\"},\"image\":{\"@id\":\"https:\\\/\\\/motorista.com.br\\\/noticias\\\/2026\\\/09\\\/05\\\/cybercab-investigacao-sobre-taxis-sem-volante-ou-pedais\\\/#primaryimage\"},\"thumbnailUrl\":\"https:\\\/\\\/motorista.com.br\\\/noticias\\\/wp-content\\\/uploads\\\/2026\\\/09\\\/cybercab.png\",\"articleSection\":[\"Tecnologia\"],\"inLanguage\":\"pt-BR\"},{\"@type\":\"WebPage\",\"@id\":\"https:\\\/\\\/motorista.com.br\\\/noticias\\\/2026\\\/09\\\/05\\\/cybercab-investigacao-sobre-taxis-sem-volante-ou-pedais\\\/\",\"url\":\"https:\\\/\\\/motorista.com.br\\\/noticias\\\/2026\\\/09\\\/05\\\/cybercab-investigacao-sobre-taxis-sem-volante-ou-pedais\\\/\",\"name\":\"Cybercab: investiga\u00e7\u00e3o sobre t\u00e1xis sem volante ou pedais - Motorista.com.br\",\"isPartOf\":{\"@id\":\"https:\\\/\\\/motorista.com.br\\\/noticias\\\/#website\"},\"primaryImageOfPage\":{\"@id\":\"https:\\\/\\\/motorista.com.br\\\/noticias\\\/2026\\\/09\\\/05\\\/cybercab-investigacao-sobre-taxis-sem-volante-ou-pedais\\\/#primaryimage\"},\"image\":{\"@id\":\"https:\\\/\\\/motorista.com.br\\\/noticias\\\/2026\\\/09\\\/05\\\/cybercab-investigacao-sobre-taxis-sem-volante-ou-pedais\\\/#primaryimage\"},\"thumbnailUrl\":\"https:\\\/\\\/motorista.com.br\\\/noticias\\\/wp-content\\\/uploads\\\/2026\\\/09\\\/cybercab.png\",\"datePublished\":\"2026-09-05T13:34:49+00:00\",\"breadcrumb\":{\"@id\":\"https:\\\/\\\/motorista.com.br\\\/noticias\\\/2026\\\/09\\\/05\\\/cybercab-investigacao-sobre-taxis-sem-volante-ou-pedais\\\/#breadcrumb\"},\"inLanguage\":\"pt-BR\",\"potentialAction\":[{\"@type\":\"ReadAction\",\"target\":[\"https:\\\/\\\/motorista.com.br\\\/noticias\\\/2026\\\/09\\\/05\\\/cybercab-investigacao-sobre-taxis-sem-volante-ou-pedais\\\/\"]}]},{\"@type\":\"ImageObject\",\"inLanguage\":\"pt-BR\",\"@id\":\"https:\\\/\\\/motorista.com.br\\\/noticias\\\/2026\\\/09\\\/05\\\/cybercab-investigacao-sobre-taxis-sem-volante-ou-pedais\\\/#primaryimage\",\"url\":\"https:\\\/\\\/motorista.com.br\\\/noticias\\\/wp-content\\\/uploads\\\/2026\\\/09\\\/cybercab.png\",\"contentUrl\":\"https:\\\/\\\/motorista.com.br\\\/noticias\\\/wp-content\\\/uploads\\\/2026\\\/09\\\/cybercab.png\",\"width\":1706,\"height\":888},{\"@type\":\"BreadcrumbList\",\"@id\":\"https:\\\/\\\/motorista.com.br\\\/noticias\\\/2026\\\/09\\\/05\\\/cybercab-investigacao-sobre-taxis-sem-volante-ou-pedais\\\/#breadcrumb\",\"itemListElement\":[{\"@type\":\"ListItem\",\"position\":1,\"name\":\"In\u00edcio\",\"item\":\"https:\\\/\\\/motorista.com.br\\\/noticias\\\/\"},{\"@type\":\"ListItem\",\"position\":2,\"name\":\"Cybercab: investiga\u00e7\u00e3o sobre t\u00e1xis sem volante ou pedais\"}]},{\"@type\":\"WebSite\",\"@id\":\"https:\\\/\\\/motorista.com.br\\\/noticias\\\/#website\",\"url\":\"https:\\\/\\\/motorista.com.br\\\/noticias\\\/\",\"name\":\"Motorista.com.br\",\"description\":\"Not\u00edcia do Motorista\",\"publisher\":{\"@id\":\"https:\\\/\\\/motorista.com.br\\\/noticias\\\/#organization\"},\"potentialAction\":[{\"@type\":\"SearchAction\",\"target\":{\"@type\":\"EntryPoint\",\"urlTemplate\":\"https:\\\/\\\/motorista.com.br\\\/noticias\\\/?s={search_term_string}\"},\"query-input\":{\"@type\":\"PropertyValueSpecification\",\"valueRequired\":true,\"valueName\":\"search_term_string\"}}],\"inLanguage\":\"pt-BR\"},{\"@type\":\"Organization\",\"@id\":\"https:\\\/\\\/motorista.com.br\\\/noticias\\\/#organization\",\"name\":\"Motorista.com.br\",\"url\":\"https:\\\/\\\/motorista.com.br\\\/noticias\\\/\",\"logo\":{\"@type\":\"ImageObject\",\"inLanguage\":\"pt-BR\",\"@id\":\"https:\\\/\\\/motorista.com.br\\\/noticias\\\/#\\\/schema\\\/logo\\\/image\\\/\",\"url\":\"https:\\\/\\\/motorista.com.br\\\/noticias\\\/wp-content\\\/uploads\\\/2025\\\/06\\\/Design-sem-nome-9.png\",\"contentUrl\":\"https:\\\/\\\/motorista.com.br\\\/noticias\\\/wp-content\\\/uploads\\\/2025\\\/06\\\/Design-sem-nome-9.png\",\"width\":150,\"height\":85,\"caption\":\"Motorista.com.br\"},\"image\":{\"@id\":\"https:\\\/\\\/motorista.com.br\\\/noticias\\\/#\\\/schema\\\/logo\\\/image\\\/\"}},{\"@type\":\"Person\",\"@id\":\"https:\\\/\\\/motorista.com.br\\\/noticias\\\/#\\\/schema\\\/person\\\/dc93afc2981c0e3ce6bc3c053fd847be\",\"name\":\"Equipe Reda\u00e7\u00e3o\",\"image\":{\"@type\":\"ImageObject\",\"inLanguage\":\"pt-BR\",\"@id\":\"https:\\\/\\\/secure.gravatar.com\\\/avatar\\\/4f525efbf18dd2bb300ccad28bfb99d95a9465a5ba268407c8c37b37e1f28d2d?s=96&d=mm&r=g9e099043a0c61e9ae27e293b9fa75ffc\",\"url\":\"https:\\\/\\\/secure.gravatar.com\\\/avatar\\\/4f525efbf18dd2bb300ccad28bfb99d95a9465a5ba268407c8c37b37e1f28d2d?s=96&d=mm&r=g\",\"contentUrl\":\"https:\\\/\\\/secure.gravatar.com\\\/avatar\\\/4f525efbf18dd2bb300ccad28bfb99d95a9465a5ba268407c8c37b37e1f28d2d?s=96&d=mm&r=g\",\"caption\":\"Equipe Reda\u00e7\u00e3o\"},\"description\":\"Equipe de reda\u00e7\u00e3o \u00e9 um grupo de profissionais que trabalham juntos para criar conte\u00fado escrito para Motorista.com.br\",\"url\":\"https:\\\/\\\/motorista.com.br\\\/noticias\\\/author\\\/equiperedacao\\\/\"}]}<\/script>\n<!-- \/ Yoast SEO Premium plugin. -->","yoast_head_json":{"title":"Cybercab: investiga\u00e7\u00e3o sobre t\u00e1xis sem volante ou pedais - Motorista.com.br","robots":{"index":"index","follow":"follow","max-snippet":"max-snippet:-1","max-image-preview":"max-image-preview:large","max-video-preview":"max-video-preview:-1"},"canonical":"https:\/\/motorista.com.br\/noticias\/2026\/09\/05\/cybercab-investigacao-sobre-taxis-sem-volante-ou-pedais\/","og_locale":"pt_BR","og_type":"article","og_title":"Cybercab: investiga\u00e7\u00e3o sobre t\u00e1xis sem volante ou pedais","og_description":"Austin recebe os primeiros Cybercabs: uma revolu\u00e7\u00e3o no transporte? A recente introdu\u00e7\u00e3o dos Cybercabs pela Tesla nas ruas de Austin, Texas, j\u00e1 gerou repercuss\u00f5es significativas no setor automotivo e na mobilidade urbana. Poucas horas ap\u00f3s o in\u00edcio das opera\u00e7\u00f5es, a NHTSA (Administra\u00e7\u00e3o Nacional de Seguran\u00e7a no Tr\u00e2nsito nas Estradas) abriu uma investiga\u00e7\u00e3o formal sobre o &hellip;","og_url":"https:\/\/motorista.com.br\/noticias\/2026\/09\/05\/cybercab-investigacao-sobre-taxis-sem-volante-ou-pedais\/","og_site_name":"Motorista.com.br","article_published_time":"2026-09-05T13:34:49+00:00","author":"Equipe Reda\u00e7\u00e3o","twitter_card":"summary_large_image","twitter_misc":{"Escrito por":"Equipe Reda\u00e7\u00e3o","Est. tempo de leitura":"3 minutos","Written by":"Equipe Reda\u00e7\u00e3o"},"schema":{"@context":"https:\/\/schema.org","@graph":[{"@type":"Article","@id":"https:\/\/motorista.com.br\/noticias\/2026\/09\/05\/cybercab-investigacao-sobre-taxis-sem-volante-ou-pedais\/#article","isPartOf":{"@id":"https:\/\/motorista.com.br\/noticias\/2026\/09\/05\/cybercab-investigacao-sobre-taxis-sem-volante-ou-pedais\/"},"author":{"name":"Equipe Reda\u00e7\u00e3o","@id":"https:\/\/motorista.com.br\/noticias\/#\/schema\/person\/dc93afc2981c0e3ce6bc3c053fd847be"},"headline":"Cybercab: investiga\u00e7\u00e3o sobre t\u00e1xis sem volante ou pedais","datePublished":"2026-09-05T13:34:49+00:00","mainEntityOfPage":{"@id":"https:\/\/motorista.com.br\/noticias\/2026\/09\/05\/cybercab-investigacao-sobre-taxis-sem-volante-ou-pedais\/"},"wordCount":555,"publisher":{"@id":"https:\/\/motorista.com.br\/noticias\/#organization"},"image":{"@id":"https:\/\/motorista.com.br\/noticias\/2026\/09\/05\/cybercab-investigacao-sobre-taxis-sem-volante-ou-pedais\/#primaryimage"},"thumbnailUrl":"https:\/\/motorista.com.br\/noticias\/wp-content\/uploads\/2026\/09\/cybercab.png","articleSection":["Tecnologia"],"inLanguage":"pt-BR"},{"@type":"WebPage","@id":"https:\/\/motorista.com.br\/noticias\/2026\/09\/05\/cybercab-investigacao-sobre-taxis-sem-volante-ou-pedais\/","url":"https:\/\/motorista.com.br\/noticias\/2026\/09\/05\/cybercab-investigacao-sobre-taxis-sem-volante-ou-pedais\/","name":"Cybercab: investiga\u00e7\u00e3o sobre t\u00e1xis sem volante ou pedais - Motorista.com.br","isPartOf":{"@id":"https:\/\/motorista.com.br\/noticias\/#website"},"primaryImageOfPage":{"@id":"https:\/\/motorista.com.br\/noticias\/2026\/09\/05\/cybercab-investigacao-sobre-taxis-sem-volante-ou-pedais\/#primaryimage"},"image":{"@id":"https:\/\/motorista.com.br\/noticias\/2026\/09\/05\/cybercab-investigacao-sobre-taxis-sem-volante-ou-pedais\/#primaryimage"},"thumbnailUrl":"https:\/\/motorista.com.br\/noticias\/wp-content\/uploads\/2026\/09\/cybercab.png","datePublished":"2026-09-05T13:34:49+00:00","breadcrumb":{"@id":"https:\/\/motorista.com.br\/noticias\/2026\/09\/05\/cybercab-investigacao-sobre-taxis-sem-volante-ou-pedais\/#breadcrumb"},"inLanguage":"pt-BR","potentialAction":[{"@type":"ReadAction","target":["https:\/\/motorista.com.br\/noticias\/2026\/09\/05\/cybercab-investigacao-sobre-taxis-sem-volante-ou-pedais\/"]}]},{"@type":"ImageObject","inLanguage":"pt-BR","@id":"https:\/\/motorista.com.br\/noticias\/2026\/09\/05\/cybercab-investigacao-sobre-taxis-sem-volante-ou-pedais\/#primaryimage","url":"https:\/\/motorista.com.br\/noticias\/wp-content\/uploads\/2026\/09\/cybercab.png","contentUrl":"https:\/\/motorista.com.br\/noticias\/wp-content\/uploads\/2026\/09\/cybercab.png","width":1706,"height":888},{"@type":"BreadcrumbList","@id":"https:\/\/motorista.com.br\/noticias\/2026\/09\/05\/cybercab-investigacao-sobre-taxis-sem-volante-ou-pedais\/#breadcrumb","itemListElement":[{"@type":"ListItem","position":1,"name":"In\u00edcio","item":"https:\/\/motorista.com.br\/noticias\/"},{"@type":"ListItem","position":2,"name":"Cybercab: investiga\u00e7\u00e3o sobre t\u00e1xis sem volante ou pedais"}]},{"@type":"WebSite","@id":"https:\/\/motorista.com.br\/noticias\/#website","url":"https:\/\/motorista.com.br\/noticias\/","name":"Motorista.com.br","description":"Not\u00edcia do Motorista","publisher":{"@id":"https:\/\/motorista.com.br\/noticias\/#organization"},"potentialAction":[{"@type":"SearchAction","target":{"@type":"EntryPoint","urlTemplate":"https:\/\/motorista.com.br\/noticias\/?s={search_term_string}"},"query-input":{"@type":"PropertyValueSpecification","valueRequired":true,"valueName":"search_term_string"}}],"inLanguage":"pt-BR"},{"@type":"Organization","@id":"https:\/\/motorista.com.br\/noticias\/#organization","name":"Motorista.com.br","url":"https:\/\/motorista.com.br\/noticias\/","logo":{"@type":"ImageObject","inLanguage":"pt-BR","@id":"https:\/\/motorista.com.br\/noticias\/#\/schema\/logo\/image\/","url":"https:\/\/motorista.com.br\/noticias\/wp-content\/uploads\/2025\/06\/Design-sem-nome-9.png","contentUrl":"https:\/\/motorista.com.br\/noticias\/wp-content\/uploads\/2025\/06\/Design-sem-nome-9.png","width":150,"height":85,"caption":"Motorista.com.br"},"image":{"@id":"https:\/\/motorista.com.br\/noticias\/#\/schema\/logo\/image\/"}},{"@type":"Person","@id":"https:\/\/motorista.com.br\/noticias\/#\/schema\/person\/dc93afc2981c0e3ce6bc3c053fd847be","name":"Equipe Reda\u00e7\u00e3o","image":{"@type":"ImageObject","inLanguage":"pt-BR","@id":"https:\/\/secure.gravatar.com\/avatar\/4f525efbf18dd2bb300ccad28bfb99d95a9465a5ba268407c8c37b37e1f28d2d?s=96&d=mm&r=g9e099043a0c61e9ae27e293b9fa75ffc","url":"https:\/\/secure.gravatar.com\/avatar\/4f525efbf18dd2bb300ccad28bfb99d95a9465a5ba268407c8c37b37e1f28d2d?s=96&d=mm&r=g","contentUrl":"https:\/\/secure.gravatar.com\/avatar\/4f525efbf18dd2bb300ccad28bfb99d95a9465a5ba268407c8c37b37e1f28d2d?s=96&d=mm&r=g","caption":"Equipe Reda\u00e7\u00e3o"},"description":"Equipe de reda\u00e7\u00e3o \u00e9 um grupo de profissionais que trabalham juntos para criar conte\u00fado escrito para Motorista.com.br","url":"https:\/\/motorista.com.br\/noticias\/author\/equiperedacao\/"}]}},"_links":{"self":[{"href":"https:\/\/motorista.com.br\/noticias\/wp-json\/wp\/v2\/posts\/14366","targetHints":{"allow":["GET"]}}],"collection":[{"href":"https:\/\/motorista.com.br\/noticias\/wp-json\/wp\/v2\/posts"}],"about":[{"href":"https:\/\/motorista.com.br\/noticias\/wp-json\/wp\/v2\/types\/post"}],"author":[{"embeddable":true,"href":"https:\/\/motorista.com.br\/noticias\/wp-json\/wp\/v2\/users\/4"}],"replies":[{"embeddable":true,"href":"https:\/\/motorista.com.br\/noticias\/wp-json\/wp\/v2\/comments?post=14366"}],"version-history":[{"count":0,"href":"https:\/\/motorista.com.br\/noticias\/wp-json\/wp\/v2\/posts\/14366\/revisions"}],"wp:featuredmedia":[{"embeddable":true,"href":"https:\/\/motorista.com.br\/noticias\/wp-json\/wp\/v2\/media\/14367"}],"wp:attachment":[{"href":"https:\/\/motorista.com.br\/noticias\/wp-json\/wp\/v2\/media?parent=14366"}],"wp:term":[{"taxonomy":"category","embeddable":true,"href":"https:\/\/motorista.com.br\/noticias\/wp-json\/wp\/v2\/categories?post=14366"},{"taxonomy":"post_tag","embeddable":true,"href":"https:\/\/motorista.com.br\/noticias\/wp-json\/wp\/v2\/tags?post=14366"},{"taxonomy":"author","embeddable":true,"href":"https:\/\/motorista.com.br\/noticias\/wp-json\/wp\/v2\/coauthors?post=14366"}],"curies":[{"name":"wp","href":"https:\/\/api.w.org\/{rel}","templated":true}]}}