{"id":14364,"date":"2026-09-05T09:25:08","date_gmt":"2026-09-05T12:25:08","guid":{"rendered":"https:\/\/motorista.com.br\/noticias\/2026\/09\/05\/movimento-da-semana-31-de-agosto-a-04-de-setembro\/"},"modified":"2026-09-05T09:25:08","modified_gmt":"2026-09-05T12:25:08","slug":"movimento-da-semana-31-de-agosto-a-04-de-setembro","status":"publish","type":"post","link":"https:\/\/motorista.com.br\/noticias\/2026\/09\/05\/movimento-da-semana-31-de-agosto-a-04-de-setembro\/","title":{"rendered":"Movimento da Semana: 31 de Agosto a 04 de Setembro"},"content":{"rendered":"<p><\/p>\n<p><strong>Crescer n\u00e3o basta: a log\u00edstica enfrenta o desafio da escala<\/strong><\/p>\n<p><strong>Por Valeria Lima<\/strong><\/p>\n<p>Uma opera\u00e7\u00e3o pode crescer e, ainda assim, tornar-se menos eficiente. \u00c9 poss\u00edvel movimentar mais pedidos, abrir novos centros de distribui\u00e7\u00e3o, ampliar a frota e incorporar novas tecnologias, enquanto, silenciosamente, aumenta o n\u00famero de exce\u00e7\u00f5es, controles e decis\u00f5es necess\u00e1rias para manter tudo em funcionamento.<\/p>\n<p>Diante disso, surge a pergunta fundamental: <strong>Quanto conseguimos crescer sem aumentar a complexidade na mesma propor\u00e7\u00e3o?<\/strong><\/p>\n<p>As not\u00edcias recentes evidenciam uma log\u00edstica brasileira em pleno movimento de expans\u00e3o. Novos centros de distribui\u00e7\u00e3o, infraestrutura ferrovi\u00e1ria, investimentos portu\u00e1rios e inova\u00e7\u00f5es tecnol\u00f3gicas est\u00e3o em destaque. No entanto, esses movimentos sinalizam um desafio maior: <strong>transformar crescimento em escala. Crescer \u00e9 diferente de escalar.<\/strong><\/p>\n<p>Crescer refere-se ao aumento de volume, estruturas e presen\u00e7a geogr\u00e1fica. Escalar, por outro lado, \u00e9 conseguir absorver esse crescimento preservando a produtividade e a rentabilidade. Se cada novo pedido na opera\u00e7\u00e3o demanda um aumento proporcional em custos e complexidade, a empresa pode at\u00e9 crescer, mas n\u00e3o necessariamente escalar.<\/p>\n<p>Essa distin\u00e7\u00e3o \u00e9 uma quest\u00e3o estrat\u00e9gica crucial para a log\u00edstica nos pr\u00f3ximos anos.<\/p>\n<p><strong>A infraestrutura se aproxima do consumidor.<\/strong> Um exemplo claro \u00e9 a Amazon, que inaugurou um novo centro de distribui\u00e7\u00e3o no Paran\u00e1, permitindo entregas no mesmo dia. Essa mudan\u00e7a de estrat\u00e9gia evidencia que escalar n\u00e3o significa apenas centralizar em grandes estruturas, mas tamb\u00e9m descentralizar inteligentemente, aproximando o estoque da demanda e reduzindo dist\u00e2ncias.<\/p>\n<p>Esse movimento \u00e9 particularmente relevante no e-commerce, onde a press\u00e3o do consumidor por prazos de entrega cada vez mais curtos exige redes log\u00edsticas mais sofisticadas. Contudo, descentralizar tamb\u00e9m traz complexidade: um maior n\u00famero de pontos de distribui\u00e7\u00e3o exige uma coordena\u00e7\u00e3o ainda mais eficaz.<\/p>\n<p>Empresas como a SLC Sementes e a Teka est\u00e3o expandindo suas opera\u00e7\u00f5es com novos centros de distribui\u00e7\u00e3o, aumentando a capacidade de atendimento e, ao mesmo tempo, adicionando novos estoques e fluxos. O desafio reside em expandir a rede f\u00edsica sem perda de coordena\u00e7\u00e3o, evitando que a complexidade ultrapasse a capacidade de gest\u00e3o.<\/p>\n<p><strong>A tecnologia emerge como aliada.<\/strong> Enquanto a infraestrutura f\u00edsica se expande, a infraestrutura digital tamb\u00e9m cresce. Inova\u00e7\u00f5es como hubs log\u00edsticos, intelig\u00eancia artificial e gest\u00e3o de p\u00e1tios ganham destaque, pois a tecnologia come\u00e7a a gerir a complexidade de maneiras que antes n\u00e3o eram poss\u00edveis. \u00c0 medida que as opera\u00e7\u00f5es se ampliam, a necessidade de uma coordena\u00e7\u00e3o eficaz se torna evidente.<\/p>\n<p>Outro aspecto importante \u00e9 a gest\u00e3o de p\u00e1tios. Uma empresa pode ampliar suas instala\u00e7\u00f5es e frota, mas se os caminh\u00f5es continuam a esperar horas para serem atendidos, essa capacidade adicional se perde. Portanto, tecnologias de agendamento s\u00e3o fundamentais para otimizar a opera\u00e7\u00e3o.<\/p>\n<p><strong>O papel da infraestrutura nacional.<\/strong> O recente aumento na capacidade ferrovi\u00e1ria e investimento em portos demonstram que as empresas est\u00e3o buscando ativos que suportem fluxos log\u00edsticos maiores. Contudo, surge a quest\u00e3o: at\u00e9 onde as empresas podem escalar se a infraestrutura do pa\u00eds n\u00e3o acompanhar o mesmo ritmo? <\/p>\n<p>O Brasil investe apenas 0,7% do PIB em infraestrutura de transporte, o que gera custos log\u00edsticos que ultrapassam 15% do PIB. Essa disparidade coloca a efici\u00eancia empresarial em risco, pois gargalos externos podem limitar a agilidade interna.<\/p>\n<p><strong>Governan\u00e7a como parte da infraestrutura.<\/strong> O avan\u00e7o dos projetos regulat\u00f3rios na log\u00edstica demonstra que crescimento e profissionaliza\u00e7\u00e3o precisam andar juntos. A complexidade crescente de cadeias log\u00edsticas exige uma governan\u00e7a s\u00f3lida para evitar riscos.<\/p>\n<p>A transforma\u00e7\u00e3o digital n\u00e3o apenas gera efici\u00eancia, mas tamb\u00e9m cria depend\u00eancias da infraestrutura digital que sustenta as opera\u00e7\u00f5es. Sistemas que antes eram acess\u00f3rios tornaram-se cr\u00edticos, tornando a continuidade e a seguran\u00e7a essenciais.<\/p>\n<p><strong>Dimensionamento humano na transforma\u00e7\u00e3o.<\/strong> O crescimento das opera\u00e7\u00f5es tamb\u00e9m demanda profissionais capacitados para gerenci\u00e1-las de forma eficaz. A decis\u00e3o humana continua sendo vital em um ambiente cada vez mais automatizado, pois as tecnologias precisam de supervis\u00e3o para priorizar e gerenciar exce\u00e7\u00f5es.<\/p>\n<p><strong>O teste real ocorre na expans\u00e3o.<\/strong> O verdadeiro desafio \u00e9 quando a opera\u00e7\u00e3o enfrenta um aumento no volume, na complexidade e na rede. A efic\u00e1cia dos sistemas ser\u00e1 posta \u00e0 prova e responder a uma quest\u00e3o essencial ser\u00e1 crucial: <strong>O que quebraria primeiro caso a opera\u00e7\u00e3o dobrasse de tamanho?<\/strong><\/p>\n<p><strong>Os Cinco Movimentos da Semana:<\/strong><\/p>\n<p>&#x2714; <strong>A infraestrutura se aproxima da demanda.<\/strong> Novos centros de distribui\u00e7\u00e3o e ativos de last mile sustentam prazos menores.<\/p>\n<p>&#x2714; <strong>Tecnologia administra a complexidade da escala.<\/strong> Hubs e intelig\u00eancia artificial coordenam opera\u00e7\u00f5es inteiras.<\/p>\n<p>&#x2714; <strong>Infraestrutura f\u00edsica \u00e9 central na competitividade.<\/strong> Ferrovias e portos devem acompanhar o crescimento dos fluxos.<\/p>\n<p>&#x2714; <strong>Governan\u00e7a \u00e9 infraestrutura de crescimento.<\/strong> Compliance e regulamenta\u00e7\u00e3o tornam-se essenciais \u00e0 medida que as opera\u00e7\u00f5es ganham complexidade.<\/p>\n<p>&#x2714; <strong>A escala empresarial enfrenta limites na infraestrutura nacional.<\/strong> A efici\u00eancia nas empresas depende fortemente da capacidade log\u00edstica externa.<\/p>\n<p><strong>Reflex\u00e3o Logweb:<\/strong> A verdadeira medida de uma opera\u00e7\u00e3o log\u00edstica n\u00e3o \u00e9 apenas o controle, mas como ela se comporta quando o volume aumenta, quando novos canais s\u00e3o implementados e novas complexidades surgem. Assim, um insight valioso para as lideran\u00e7as log\u00edsticas \u00e9: <strong>est\u00e1 sua opera\u00e7\u00e3o preparada para crescer ou apenas para se tornar maior?<\/strong><\/p>\n<p><strong>Fonte:<\/strong> logweb<\/p>\n","protected":false},"excerpt":{"rendered":"<p>Crescer n\u00e3o basta: a log\u00edstica enfrenta o desafio da escala Por Valeria Lima Uma opera\u00e7\u00e3o pode crescer e, ainda assim, tornar-se menos eficiente. \u00c9 poss\u00edvel movimentar mais pedidos, abrir novos centros de distribui\u00e7\u00e3o, ampliar a frota e incorporar novas tecnologias, enquanto, silenciosamente, aumenta o n\u00famero de exce\u00e7\u00f5es, controles e decis\u00f5es necess\u00e1rias para manter tudo em &hellip;<\/p>\n","protected":false},"author":4,"featured_media":14365,"comment_status":"","ping_status":"open","sticky":false,"template":"","format":"standard","meta":{"footnotes":""},"categories":[62],"tags":[],"coauthors":[42],"class_list":["post-14364","post","type-post","status-publish","format-standard","has-post-thumbnail","hentry","category-logistica"],"yoast_head":"<!-- This site is optimized with the Yoast SEO Premium plugin v27.6.1 (Yoast SEO v28.4) - https:\/\/yoast.com\/product\/yoast-seo-premium-wordpress\/ -->\n<title>Movimento da Semana: 31 de Agosto a 04 de Setembro - Motorista.com.br<\/title>\n<meta name=\"robots\" content=\"index, follow, max-snippet:-1, max-image-preview:large, max-video-preview:-1\" \/>\n<link rel=\"canonical\" href=\"https:\/\/motorista.com.br\/noticias\/2026\/09\/05\/movimento-da-semana-31-de-agosto-a-04-de-setembro\/\" \/>\n<meta property=\"og:locale\" content=\"pt_BR\" \/>\n<meta property=\"og:type\" content=\"article\" \/>\n<meta property=\"og:title\" content=\"Movimento da Semana: 31 de Agosto a 04 de Setembro\" \/>\n<meta property=\"og:description\" content=\"Crescer n\u00e3o basta: a log\u00edstica enfrenta o desafio da escala Por Valeria Lima Uma opera\u00e7\u00e3o pode crescer e, ainda assim, tornar-se menos eficiente. \u00c9 poss\u00edvel movimentar mais pedidos, abrir novos centros de distribui\u00e7\u00e3o, ampliar a frota e incorporar novas tecnologias, enquanto, silenciosamente, aumenta o n\u00famero de exce\u00e7\u00f5es, controles e decis\u00f5es necess\u00e1rias para manter tudo em &hellip;\" \/>\n<meta property=\"og:url\" content=\"https:\/\/motorista.com.br\/noticias\/2026\/09\/05\/movimento-da-semana-31-de-agosto-a-04-de-setembro\/\" \/>\n<meta property=\"og:site_name\" content=\"Motorista.com.br\" \/>\n<meta property=\"article:published_time\" content=\"2026-09-05T12:25:08+00:00\" \/>\n<meta name=\"author\" content=\"Equipe Reda\u00e7\u00e3o\" \/>\n<meta name=\"twitter:card\" content=\"summary_large_image\" \/>\n<meta name=\"twitter:label1\" content=\"Escrito por\" \/>\n\t<meta name=\"twitter:data1\" content=\"Equipe Reda\u00e7\u00e3o\" \/>\n\t<meta name=\"twitter:label2\" content=\"Est. tempo de leitura\" \/>\n\t<meta name=\"twitter:data2\" content=\"5 minutos\" \/>\n\t<meta name=\"twitter:label3\" content=\"Written by\" \/>\n\t<meta name=\"twitter:data3\" content=\"Equipe Reda\u00e7\u00e3o\" \/>\n<script type=\"application\/ld+json\" class=\"yoast-schema-graph\">{\"@context\":\"https:\\\/\\\/schema.org\",\"@graph\":[{\"@type\":\"Article\",\"@id\":\"https:\\\/\\\/motorista.com.br\\\/noticias\\\/2026\\\/09\\\/05\\\/movimento-da-semana-31-de-agosto-a-04-de-setembro\\\/#article\",\"isPartOf\":{\"@id\":\"https:\\\/\\\/motorista.com.br\\\/noticias\\\/2026\\\/09\\\/05\\\/movimento-da-semana-31-de-agosto-a-04-de-setembro\\\/\"},\"author\":{\"name\":\"Equipe Reda\u00e7\u00e3o\",\"@id\":\"https:\\\/\\\/motorista.com.br\\\/noticias\\\/#\\\/schema\\\/person\\\/dc93afc2981c0e3ce6bc3c053fd847be\"},\"headline\":\"Movimento da Semana: 31 de Agosto a 04 de Setembro\",\"datePublished\":\"2026-09-05T12:25:08+00:00\",\"mainEntityOfPage\":{\"@id\":\"https:\\\/\\\/motorista.com.br\\\/noticias\\\/2026\\\/09\\\/05\\\/movimento-da-semana-31-de-agosto-a-04-de-setembro\\\/\"},\"wordCount\":918,\"publisher\":{\"@id\":\"https:\\\/\\\/motorista.com.br\\\/noticias\\\/#organization\"},\"image\":{\"@id\":\"https:\\\/\\\/motorista.com.br\\\/noticias\\\/2026\\\/09\\\/05\\\/movimento-da-semana-31-de-agosto-a-04-de-setembro\\\/#primaryimage\"},\"thumbnailUrl\":\"https:\\\/\\\/motorista.com.br\\\/noticias\\\/wp-content\\\/uploads\\\/2026\\\/09\\\/Foto-Insights-Logweb-abertura.jpg\",\"articleSection\":[\"Log\u00edstica\"],\"inLanguage\":\"pt-BR\"},{\"@type\":\"WebPage\",\"@id\":\"https:\\\/\\\/motorista.com.br\\\/noticias\\\/2026\\\/09\\\/05\\\/movimento-da-semana-31-de-agosto-a-04-de-setembro\\\/\",\"url\":\"https:\\\/\\\/motorista.com.br\\\/noticias\\\/2026\\\/09\\\/05\\\/movimento-da-semana-31-de-agosto-a-04-de-setembro\\\/\",\"name\":\"Movimento da Semana: 31 de Agosto a 04 de Setembro - Motorista.com.br\",\"isPartOf\":{\"@id\":\"https:\\\/\\\/motorista.com.br\\\/noticias\\\/#website\"},\"primaryImageOfPage\":{\"@id\":\"https:\\\/\\\/motorista.com.br\\\/noticias\\\/2026\\\/09\\\/05\\\/movimento-da-semana-31-de-agosto-a-04-de-setembro\\\/#primaryimage\"},\"image\":{\"@id\":\"https:\\\/\\\/motorista.com.br\\\/noticias\\\/2026\\\/09\\\/05\\\/movimento-da-semana-31-de-agosto-a-04-de-setembro\\\/#primaryimage\"},\"thumbnailUrl\":\"https:\\\/\\\/motorista.com.br\\\/noticias\\\/wp-content\\\/uploads\\\/2026\\\/09\\\/Foto-Insights-Logweb-abertura.jpg\",\"datePublished\":\"2026-09-05T12:25:08+00:00\",\"breadcrumb\":{\"@id\":\"https:\\\/\\\/motorista.com.br\\\/noticias\\\/2026\\\/09\\\/05\\\/movimento-da-semana-31-de-agosto-a-04-de-setembro\\\/#breadcrumb\"},\"inLanguage\":\"pt-BR\",\"potentialAction\":[{\"@type\":\"ReadAction\",\"target\":[\"https:\\\/\\\/motorista.com.br\\\/noticias\\\/2026\\\/09\\\/05\\\/movimento-da-semana-31-de-agosto-a-04-de-setembro\\\/\"]}]},{\"@type\":\"ImageObject\",\"inLanguage\":\"pt-BR\",\"@id\":\"https:\\\/\\\/motorista.com.br\\\/noticias\\\/2026\\\/09\\\/05\\\/movimento-da-semana-31-de-agosto-a-04-de-setembro\\\/#primaryimage\",\"url\":\"https:\\\/\\\/motorista.com.br\\\/noticias\\\/wp-content\\\/uploads\\\/2026\\\/09\\\/Foto-Insights-Logweb-abertura.jpg\",\"contentUrl\":\"https:\\\/\\\/motorista.com.br\\\/noticias\\\/wp-content\\\/uploads\\\/2026\\\/09\\\/Foto-Insights-Logweb-abertura.jpg\",\"width\":800,\"height\":420},{\"@type\":\"BreadcrumbList\",\"@id\":\"https:\\\/\\\/motorista.com.br\\\/noticias\\\/2026\\\/09\\\/05\\\/movimento-da-semana-31-de-agosto-a-04-de-setembro\\\/#breadcrumb\",\"itemListElement\":[{\"@type\":\"ListItem\",\"position\":1,\"name\":\"In\u00edcio\",\"item\":\"https:\\\/\\\/motorista.com.br\\\/noticias\\\/\"},{\"@type\":\"ListItem\",\"position\":2,\"name\":\"Movimento da Semana: 31 de Agosto a 04 de Setembro\"}]},{\"@type\":\"WebSite\",\"@id\":\"https:\\\/\\\/motorista.com.br\\\/noticias\\\/#website\",\"url\":\"https:\\\/\\\/motorista.com.br\\\/noticias\\\/\",\"name\":\"Motorista.com.br\",\"description\":\"Not\u00edcia do Motorista\",\"publisher\":{\"@id\":\"https:\\\/\\\/motorista.com.br\\\/noticias\\\/#organization\"},\"potentialAction\":[{\"@type\":\"SearchAction\",\"target\":{\"@type\":\"EntryPoint\",\"urlTemplate\":\"https:\\\/\\\/motorista.com.br\\\/noticias\\\/?s={search_term_string}\"},\"query-input\":{\"@type\":\"PropertyValueSpecification\",\"valueRequired\":true,\"valueName\":\"search_term_string\"}}],\"inLanguage\":\"pt-BR\"},{\"@type\":\"Organization\",\"@id\":\"https:\\\/\\\/motorista.com.br\\\/noticias\\\/#organization\",\"name\":\"Motorista.com.br\",\"url\":\"https:\\\/\\\/motorista.com.br\\\/noticias\\\/\",\"logo\":{\"@type\":\"ImageObject\",\"inLanguage\":\"pt-BR\",\"@id\":\"https:\\\/\\\/motorista.com.br\\\/noticias\\\/#\\\/schema\\\/logo\\\/image\\\/\",\"url\":\"https:\\\/\\\/motorista.com.br\\\/noticias\\\/wp-content\\\/uploads\\\/2025\\\/06\\\/Design-sem-nome-9.png\",\"contentUrl\":\"https:\\\/\\\/motorista.com.br\\\/noticias\\\/wp-content\\\/uploads\\\/2025\\\/06\\\/Design-sem-nome-9.png\",\"width\":150,\"height\":85,\"caption\":\"Motorista.com.br\"},\"image\":{\"@id\":\"https:\\\/\\\/motorista.com.br\\\/noticias\\\/#\\\/schema\\\/logo\\\/image\\\/\"}},{\"@type\":\"Person\",\"@id\":\"https:\\\/\\\/motorista.com.br\\\/noticias\\\/#\\\/schema\\\/person\\\/dc93afc2981c0e3ce6bc3c053fd847be\",\"name\":\"Equipe Reda\u00e7\u00e3o\",\"image\":{\"@type\":\"ImageObject\",\"inLanguage\":\"pt-BR\",\"@id\":\"https:\\\/\\\/secure.gravatar.com\\\/avatar\\\/4f525efbf18dd2bb300ccad28bfb99d95a9465a5ba268407c8c37b37e1f28d2d?s=96&d=mm&r=g9e099043a0c61e9ae27e293b9fa75ffc\",\"url\":\"https:\\\/\\\/secure.gravatar.com\\\/avatar\\\/4f525efbf18dd2bb300ccad28bfb99d95a9465a5ba268407c8c37b37e1f28d2d?s=96&d=mm&r=g\",\"contentUrl\":\"https:\\\/\\\/secure.gravatar.com\\\/avatar\\\/4f525efbf18dd2bb300ccad28bfb99d95a9465a5ba268407c8c37b37e1f28d2d?s=96&d=mm&r=g\",\"caption\":\"Equipe Reda\u00e7\u00e3o\"},\"description\":\"Equipe de reda\u00e7\u00e3o \u00e9 um grupo de profissionais que trabalham juntos para criar conte\u00fado escrito para Motorista.com.br\",\"url\":\"https:\\\/\\\/motorista.com.br\\\/noticias\\\/author\\\/equiperedacao\\\/\"}]}<\/script>\n<!-- \/ Yoast SEO Premium plugin. -->","yoast_head_json":{"title":"Movimento da Semana: 31 de Agosto a 04 de Setembro - Motorista.com.br","robots":{"index":"index","follow":"follow","max-snippet":"max-snippet:-1","max-image-preview":"max-image-preview:large","max-video-preview":"max-video-preview:-1"},"canonical":"https:\/\/motorista.com.br\/noticias\/2026\/09\/05\/movimento-da-semana-31-de-agosto-a-04-de-setembro\/","og_locale":"pt_BR","og_type":"article","og_title":"Movimento da Semana: 31 de Agosto a 04 de Setembro","og_description":"Crescer n\u00e3o basta: a log\u00edstica enfrenta o desafio da escala Por Valeria Lima Uma opera\u00e7\u00e3o pode crescer e, ainda assim, tornar-se menos eficiente. \u00c9 poss\u00edvel movimentar mais pedidos, abrir novos centros de distribui\u00e7\u00e3o, ampliar a frota e incorporar novas tecnologias, enquanto, silenciosamente, aumenta o n\u00famero de exce\u00e7\u00f5es, controles e decis\u00f5es necess\u00e1rias para manter tudo em &hellip;","og_url":"https:\/\/motorista.com.br\/noticias\/2026\/09\/05\/movimento-da-semana-31-de-agosto-a-04-de-setembro\/","og_site_name":"Motorista.com.br","article_published_time":"2026-09-05T12:25:08+00:00","author":"Equipe Reda\u00e7\u00e3o","twitter_card":"summary_large_image","twitter_misc":{"Escrito por":"Equipe Reda\u00e7\u00e3o","Est. tempo de leitura":"5 minutos","Written by":"Equipe Reda\u00e7\u00e3o"},"schema":{"@context":"https:\/\/schema.org","@graph":[{"@type":"Article","@id":"https:\/\/motorista.com.br\/noticias\/2026\/09\/05\/movimento-da-semana-31-de-agosto-a-04-de-setembro\/#article","isPartOf":{"@id":"https:\/\/motorista.com.br\/noticias\/2026\/09\/05\/movimento-da-semana-31-de-agosto-a-04-de-setembro\/"},"author":{"name":"Equipe Reda\u00e7\u00e3o","@id":"https:\/\/motorista.com.br\/noticias\/#\/schema\/person\/dc93afc2981c0e3ce6bc3c053fd847be"},"headline":"Movimento da Semana: 31 de Agosto a 04 de Setembro","datePublished":"2026-09-05T12:25:08+00:00","mainEntityOfPage":{"@id":"https:\/\/motorista.com.br\/noticias\/2026\/09\/05\/movimento-da-semana-31-de-agosto-a-04-de-setembro\/"},"wordCount":918,"publisher":{"@id":"https:\/\/motorista.com.br\/noticias\/#organization"},"image":{"@id":"https:\/\/motorista.com.br\/noticias\/2026\/09\/05\/movimento-da-semana-31-de-agosto-a-04-de-setembro\/#primaryimage"},"thumbnailUrl":"https:\/\/motorista.com.br\/noticias\/wp-content\/uploads\/2026\/09\/Foto-Insights-Logweb-abertura.jpg","articleSection":["Log\u00edstica"],"inLanguage":"pt-BR"},{"@type":"WebPage","@id":"https:\/\/motorista.com.br\/noticias\/2026\/09\/05\/movimento-da-semana-31-de-agosto-a-04-de-setembro\/","url":"https:\/\/motorista.com.br\/noticias\/2026\/09\/05\/movimento-da-semana-31-de-agosto-a-04-de-setembro\/","name":"Movimento da Semana: 31 de Agosto a 04 de Setembro - Motorista.com.br","isPartOf":{"@id":"https:\/\/motorista.com.br\/noticias\/#website"},"primaryImageOfPage":{"@id":"https:\/\/motorista.com.br\/noticias\/2026\/09\/05\/movimento-da-semana-31-de-agosto-a-04-de-setembro\/#primaryimage"},"image":{"@id":"https:\/\/motorista.com.br\/noticias\/2026\/09\/05\/movimento-da-semana-31-de-agosto-a-04-de-setembro\/#primaryimage"},"thumbnailUrl":"https:\/\/motorista.com.br\/noticias\/wp-content\/uploads\/2026\/09\/Foto-Insights-Logweb-abertura.jpg","datePublished":"2026-09-05T12:25:08+00:00","breadcrumb":{"@id":"https:\/\/motorista.com.br\/noticias\/2026\/09\/05\/movimento-da-semana-31-de-agosto-a-04-de-setembro\/#breadcrumb"},"inLanguage":"pt-BR","potentialAction":[{"@type":"ReadAction","target":["https:\/\/motorista.com.br\/noticias\/2026\/09\/05\/movimento-da-semana-31-de-agosto-a-04-de-setembro\/"]}]},{"@type":"ImageObject","inLanguage":"pt-BR","@id":"https:\/\/motorista.com.br\/noticias\/2026\/09\/05\/movimento-da-semana-31-de-agosto-a-04-de-setembro\/#primaryimage","url":"https:\/\/motorista.com.br\/noticias\/wp-content\/uploads\/2026\/09\/Foto-Insights-Logweb-abertura.jpg","contentUrl":"https:\/\/motorista.com.br\/noticias\/wp-content\/uploads\/2026\/09\/Foto-Insights-Logweb-abertura.jpg","width":800,"height":420},{"@type":"BreadcrumbList","@id":"https:\/\/motorista.com.br\/noticias\/2026\/09\/05\/movimento-da-semana-31-de-agosto-a-04-de-setembro\/#breadcrumb","itemListElement":[{"@type":"ListItem","position":1,"name":"In\u00edcio","item":"https:\/\/motorista.com.br\/noticias\/"},{"@type":"ListItem","position":2,"name":"Movimento da Semana: 31 de Agosto a 04 de Setembro"}]},{"@type":"WebSite","@id":"https:\/\/motorista.com.br\/noticias\/#website","url":"https:\/\/motorista.com.br\/noticias\/","name":"Motorista.com.br","description":"Not\u00edcia do Motorista","publisher":{"@id":"https:\/\/motorista.com.br\/noticias\/#organization"},"potentialAction":[{"@type":"SearchAction","target":{"@type":"EntryPoint","urlTemplate":"https:\/\/motorista.com.br\/noticias\/?s={search_term_string}"},"query-input":{"@type":"PropertyValueSpecification","valueRequired":true,"valueName":"search_term_string"}}],"inLanguage":"pt-BR"},{"@type":"Organization","@id":"https:\/\/motorista.com.br\/noticias\/#organization","name":"Motorista.com.br","url":"https:\/\/motorista.com.br\/noticias\/","logo":{"@type":"ImageObject","inLanguage":"pt-BR","@id":"https:\/\/motorista.com.br\/noticias\/#\/schema\/logo\/image\/","url":"https:\/\/motorista.com.br\/noticias\/wp-content\/uploads\/2025\/06\/Design-sem-nome-9.png","contentUrl":"https:\/\/motorista.com.br\/noticias\/wp-content\/uploads\/2025\/06\/Design-sem-nome-9.png","width":150,"height":85,"caption":"Motorista.com.br"},"image":{"@id":"https:\/\/motorista.com.br\/noticias\/#\/schema\/logo\/image\/"}},{"@type":"Person","@id":"https:\/\/motorista.com.br\/noticias\/#\/schema\/person\/dc93afc2981c0e3ce6bc3c053fd847be","name":"Equipe Reda\u00e7\u00e3o","image":{"@type":"ImageObject","inLanguage":"pt-BR","@id":"https:\/\/secure.gravatar.com\/avatar\/4f525efbf18dd2bb300ccad28bfb99d95a9465a5ba268407c8c37b37e1f28d2d?s=96&d=mm&r=g9e099043a0c61e9ae27e293b9fa75ffc","url":"https:\/\/secure.gravatar.com\/avatar\/4f525efbf18dd2bb300ccad28bfb99d95a9465a5ba268407c8c37b37e1f28d2d?s=96&d=mm&r=g","contentUrl":"https:\/\/secure.gravatar.com\/avatar\/4f525efbf18dd2bb300ccad28bfb99d95a9465a5ba268407c8c37b37e1f28d2d?s=96&d=mm&r=g","caption":"Equipe Reda\u00e7\u00e3o"},"description":"Equipe de reda\u00e7\u00e3o \u00e9 um grupo de profissionais que trabalham juntos para criar conte\u00fado escrito para Motorista.com.br","url":"https:\/\/motorista.com.br\/noticias\/author\/equiperedacao\/"}]}},"_links":{"self":[{"href":"https:\/\/motorista.com.br\/noticias\/wp-json\/wp\/v2\/posts\/14364","targetHints":{"allow":["GET"]}}],"collection":[{"href":"https:\/\/motorista.com.br\/noticias\/wp-json\/wp\/v2\/posts"}],"about":[{"href":"https:\/\/motorista.com.br\/noticias\/wp-json\/wp\/v2\/types\/post"}],"author":[{"embeddable":true,"href":"https:\/\/motorista.com.br\/noticias\/wp-json\/wp\/v2\/users\/4"}],"replies":[{"embeddable":true,"href":"https:\/\/motorista.com.br\/noticias\/wp-json\/wp\/v2\/comments?post=14364"}],"version-history":[{"count":0,"href":"https:\/\/motorista.com.br\/noticias\/wp-json\/wp\/v2\/posts\/14364\/revisions"}],"wp:featuredmedia":[{"embeddable":true,"href":"https:\/\/motorista.com.br\/noticias\/wp-json\/wp\/v2\/media\/14365"}],"wp:attachment":[{"href":"https:\/\/motorista.com.br\/noticias\/wp-json\/wp\/v2\/media?parent=14364"}],"wp:term":[{"taxonomy":"category","embeddable":true,"href":"https:\/\/motorista.com.br\/noticias\/wp-json\/wp\/v2\/categories?post=14364"},{"taxonomy":"post_tag","embeddable":true,"href":"https:\/\/motorista.com.br\/noticias\/wp-json\/wp\/v2\/tags?post=14364"},{"taxonomy":"author","embeddable":true,"href":"https:\/\/motorista.com.br\/noticias\/wp-json\/wp\/v2\/coauthors?post=14364"}],"curies":[{"name":"wp","href":"https:\/\/api.w.org\/{rel}","templated":true}]}}