{"id":14362,"date":"2026-09-05T07:50:54","date_gmt":"2026-09-05T10:50:54","guid":{"rendered":"https:\/\/motorista.com.br\/noticias\/2026\/09\/05\/caminhoneiro-explica-compra-de-veiculo-e-prf-intensifica-fiscalizacao-na-br-364\/"},"modified":"2026-09-05T07:50:54","modified_gmt":"2026-09-05T10:50:54","slug":"caminhoneiro-explica-compra-de-veiculo-e-prf-intensifica-fiscalizacao-na-br-364","status":"publish","type":"post","link":"https:\/\/motorista.com.br\/noticias\/2026\/09\/05\/caminhoneiro-explica-compra-de-veiculo-e-prf-intensifica-fiscalizacao-na-br-364\/","title":{"rendered":"Caminhoneiro explica compra de ve\u00edculo e PRF intensifica fiscaliza\u00e7\u00e3o na BR-364."},"content":{"rendered":"<p><\/p>\n<p><strong>Resposta de caminhoneiro sobre compra do ve\u00edculo faz PRF aprofundar fiscaliza\u00e7\u00e3o na BR-364<\/strong><\/p>\n<p>Uma fiscaliza\u00e7\u00e3o da Pol\u00edcia Rodovi\u00e1ria Federal (PRF) na BR-364, em Rondon\u00f3polis, Mato Grosso, se tornou mais rigorosa ap\u00f3s um caminhoneiro demonstrar dificuldade para responder perguntas relacionadas ao ve\u00edculo que estava dirigindo. Essa abordagem, que faz parte de uma opera\u00e7\u00e3o voltada para ve\u00edculos de carga, revelou a import\u00e2ncia de manter um controle efetivo na estrada, especialmente em rotas significativas para a log\u00edstica nacional.<\/p>\n<p>O caminh\u00e3o em quest\u00e3o transportava milho e, segundo o motorista, havia sa\u00eddo de Cuiab\u00e1 horas antes. Diante da dificuldade em fornecer informa\u00e7\u00f5es precisas, os agentes optaram por levar o ve\u00edculo a uma unidade operacional da PRF para uma fiscaliza\u00e7\u00e3o mais aprofundada. No local, novas perguntas foram feitas, mas o condutor apresentou incoer\u00eancias sobre o valor do caminh\u00e3o, levantando suspeitas que justificaram uma verifica\u00e7\u00e3o mais detalhada.<\/p>\n<p>A inconsist\u00eancia nas respostas do motorista assinala um ponto importante: a necessidade de forma\u00e7\u00e3o e conscientiza\u00e7\u00e3o dos motoristas em rela\u00e7\u00e3o \u00e0 documenta\u00e7\u00e3o e \u00e0 responsabilidade de transporte. Essa fiscaliza\u00e7\u00e3o n\u00e3o s\u00f3 serve para garantir a regularidade dos ve\u00edculos, mas tamb\u00e9m ajuda a inibir pr\u00e1ticas irregulares que podem impactar diretamente a seguran\u00e7a nas estradas e a qualidade da mobilidade urbana.<\/p>\n<p>Al\u00e9m disso, o fluxo intenso de caminh\u00f5es na BR-364, que \u00e9 uma das principais rotas para o transporte de produtos agr\u00edcolas, evidencia a relev\u00e2ncia de manter um sistema de fiscaliza\u00e7\u00e3o eficaz. Em regi\u00f5es como Rondon\u00f3polis, onde h\u00e1 uma grande concentra\u00e7\u00e3o de ve\u00edculos pesados, a atua\u00e7\u00e3o da PRF contribui para a prote\u00e7\u00e3o tanto dos motoristas quanto dos demais usu\u00e1rios das vias.<\/p>\n<p>As opera\u00e7\u00f5es constantes da PRF n\u00e3o se limitam apenas \u00e0 verifica\u00e7\u00e3o de cargas e documenta\u00e7\u00e3o, mas tamb\u00e9m s\u00e3o um reflexo da busca por um tr\u00e2nsito mais seguro e organizado. Com caminh\u00f5es transportando soja, milho e outros produtos, a responsabilidade recai n\u00e3o apenas sobre as autoridades, mas tamb\u00e9m sobre os motoristas. Ter conhecimento sobre o pr\u00f3prio ve\u00edculo e sua documenta\u00e7\u00e3o \u00e9 essencial para uma opera\u00e7\u00e3o eficiente e segura.<\/p>\n<p>Por fim, a fiscaliza\u00e7\u00e3o aprofundada permite identificar potenciais irregularidades que podem prejudicar n\u00e3o apenas a carga, mas todo o sistema de transporte. Um transporte seguro e regular tem um impacto positivo na mobilidade geral, contribuindo para um tr\u00e2nsito mais fluido e, consequentemente, para o desenvolvimento econ\u00f4mico da regi\u00e3o.<\/p>\n<p><em>Fonte: brasildotrecho<\/em><\/p>\n","protected":false},"excerpt":{"rendered":"<p>Resposta de caminhoneiro sobre compra do ve\u00edculo faz PRF aprofundar fiscaliza\u00e7\u00e3o na BR-364 Uma fiscaliza\u00e7\u00e3o da Pol\u00edcia Rodovi\u00e1ria Federal (PRF) na BR-364, em Rondon\u00f3polis, Mato Grosso, se tornou mais rigorosa ap\u00f3s um caminhoneiro demonstrar dificuldade para responder perguntas relacionadas ao ve\u00edculo que estava dirigindo. Essa abordagem, que faz parte de uma opera\u00e7\u00e3o voltada para ve\u00edculos &hellip;<\/p>\n","protected":false},"author":4,"featured_media":14363,"comment_status":"","ping_status":"open","sticky":false,"template":"","format":"standard","meta":{"footnotes":""},"categories":[77],"tags":[],"coauthors":[42],"class_list":["post-14362","post","type-post","status-publish","format-standard","has-post-thumbnail","hentry","category-motorista"],"yoast_head":"<!-- This site is optimized with the Yoast SEO Premium plugin v27.6.1 (Yoast SEO v28.4) - https:\/\/yoast.com\/product\/yoast-seo-premium-wordpress\/ -->\n<title>Caminhoneiro explica compra de ve\u00edculo e PRF intensifica fiscaliza\u00e7\u00e3o na BR-364. - Motorista.com.br<\/title>\n<meta name=\"robots\" content=\"index, follow, max-snippet:-1, max-image-preview:large, max-video-preview:-1\" \/>\n<link rel=\"canonical\" href=\"https:\/\/motorista.com.br\/noticias\/2026\/09\/05\/caminhoneiro-explica-compra-de-veiculo-e-prf-intensifica-fiscalizacao-na-br-364\/\" \/>\n<meta property=\"og:locale\" content=\"pt_BR\" \/>\n<meta property=\"og:type\" content=\"article\" \/>\n<meta property=\"og:title\" content=\"Caminhoneiro explica compra de ve\u00edculo e PRF intensifica fiscaliza\u00e7\u00e3o na BR-364.\" \/>\n<meta property=\"og:description\" content=\"Resposta de caminhoneiro sobre compra do ve\u00edculo faz PRF aprofundar fiscaliza\u00e7\u00e3o na BR-364 Uma fiscaliza\u00e7\u00e3o da Pol\u00edcia Rodovi\u00e1ria Federal (PRF) na BR-364, em Rondon\u00f3polis, Mato Grosso, se tornou mais rigorosa ap\u00f3s um caminhoneiro demonstrar dificuldade para responder perguntas relacionadas ao ve\u00edculo que estava dirigindo. Essa abordagem, que faz parte de uma opera\u00e7\u00e3o voltada para ve\u00edculos &hellip;\" \/>\n<meta property=\"og:url\" content=\"https:\/\/motorista.com.br\/noticias\/2026\/09\/05\/caminhoneiro-explica-compra-de-veiculo-e-prf-intensifica-fiscalizacao-na-br-364\/\" \/>\n<meta property=\"og:site_name\" content=\"Motorista.com.br\" \/>\n<meta property=\"article:published_time\" content=\"2026-09-05T10:50:54+00:00\" \/>\n<meta name=\"author\" content=\"Equipe Reda\u00e7\u00e3o\" \/>\n<meta name=\"twitter:card\" content=\"summary_large_image\" \/>\n<meta name=\"twitter:label1\" content=\"Escrito por\" \/>\n\t<meta name=\"twitter:data1\" content=\"Equipe Reda\u00e7\u00e3o\" \/>\n\t<meta name=\"twitter:label2\" content=\"Est. tempo de leitura\" \/>\n\t<meta name=\"twitter:data2\" content=\"2 minutos\" \/>\n\t<meta name=\"twitter:label3\" content=\"Written by\" \/>\n\t<meta name=\"twitter:data3\" content=\"Equipe Reda\u00e7\u00e3o\" \/>\n<script type=\"application\/ld+json\" class=\"yoast-schema-graph\">{\"@context\":\"https:\\\/\\\/schema.org\",\"@graph\":[{\"@type\":\"Article\",\"@id\":\"https:\\\/\\\/motorista.com.br\\\/noticias\\\/2026\\\/09\\\/05\\\/caminhoneiro-explica-compra-de-veiculo-e-prf-intensifica-fiscalizacao-na-br-364\\\/#article\",\"isPartOf\":{\"@id\":\"https:\\\/\\\/motorista.com.br\\\/noticias\\\/2026\\\/09\\\/05\\\/caminhoneiro-explica-compra-de-veiculo-e-prf-intensifica-fiscalizacao-na-br-364\\\/\"},\"author\":{\"name\":\"Equipe Reda\u00e7\u00e3o\",\"@id\":\"https:\\\/\\\/motorista.com.br\\\/noticias\\\/#\\\/schema\\\/person\\\/dc93afc2981c0e3ce6bc3c053fd847be\"},\"headline\":\"Caminhoneiro explica compra de ve\u00edculo e PRF intensifica fiscaliza\u00e7\u00e3o na BR-364.\",\"datePublished\":\"2026-09-05T10:50:54+00:00\",\"mainEntityOfPage\":{\"@id\":\"https:\\\/\\\/motorista.com.br\\\/noticias\\\/2026\\\/09\\\/05\\\/caminhoneiro-explica-compra-de-veiculo-e-prf-intensifica-fiscalizacao-na-br-364\\\/\"},\"wordCount\":447,\"publisher\":{\"@id\":\"https:\\\/\\\/motorista.com.br\\\/noticias\\\/#organization\"},\"image\":{\"@id\":\"https:\\\/\\\/motorista.com.br\\\/noticias\\\/2026\\\/09\\\/05\\\/caminhoneiro-explica-compra-de-veiculo-e-prf-intensifica-fiscalizacao-na-br-364\\\/#primaryimage\"},\"thumbnailUrl\":\"https:\\\/\\\/motorista.com.br\\\/noticias\\\/wp-content\\\/uploads\\\/2026\\\/09\\\/Resposta-de-caminhoneiro-sobre-compra-do-veiculo-faz-PRF-aprofundar-fiscalizacao-na-BR-364.jpg\",\"articleSection\":[\"Motorista\"],\"inLanguage\":\"pt-BR\"},{\"@type\":\"WebPage\",\"@id\":\"https:\\\/\\\/motorista.com.br\\\/noticias\\\/2026\\\/09\\\/05\\\/caminhoneiro-explica-compra-de-veiculo-e-prf-intensifica-fiscalizacao-na-br-364\\\/\",\"url\":\"https:\\\/\\\/motorista.com.br\\\/noticias\\\/2026\\\/09\\\/05\\\/caminhoneiro-explica-compra-de-veiculo-e-prf-intensifica-fiscalizacao-na-br-364\\\/\",\"name\":\"Caminhoneiro explica compra de ve\u00edculo e PRF intensifica fiscaliza\u00e7\u00e3o na BR-364. - Motorista.com.br\",\"isPartOf\":{\"@id\":\"https:\\\/\\\/motorista.com.br\\\/noticias\\\/#website\"},\"primaryImageOfPage\":{\"@id\":\"https:\\\/\\\/motorista.com.br\\\/noticias\\\/2026\\\/09\\\/05\\\/caminhoneiro-explica-compra-de-veiculo-e-prf-intensifica-fiscalizacao-na-br-364\\\/#primaryimage\"},\"image\":{\"@id\":\"https:\\\/\\\/motorista.com.br\\\/noticias\\\/2026\\\/09\\\/05\\\/caminhoneiro-explica-compra-de-veiculo-e-prf-intensifica-fiscalizacao-na-br-364\\\/#primaryimage\"},\"thumbnailUrl\":\"https:\\\/\\\/motorista.com.br\\\/noticias\\\/wp-content\\\/uploads\\\/2026\\\/09\\\/Resposta-de-caminhoneiro-sobre-compra-do-veiculo-faz-PRF-aprofundar-fiscalizacao-na-BR-364.jpg\",\"datePublished\":\"2026-09-05T10:50:54+00:00\",\"breadcrumb\":{\"@id\":\"https:\\\/\\\/motorista.com.br\\\/noticias\\\/2026\\\/09\\\/05\\\/caminhoneiro-explica-compra-de-veiculo-e-prf-intensifica-fiscalizacao-na-br-364\\\/#breadcrumb\"},\"inLanguage\":\"pt-BR\",\"potentialAction\":[{\"@type\":\"ReadAction\",\"target\":[\"https:\\\/\\\/motorista.com.br\\\/noticias\\\/2026\\\/09\\\/05\\\/caminhoneiro-explica-compra-de-veiculo-e-prf-intensifica-fiscalizacao-na-br-364\\\/\"]}]},{\"@type\":\"ImageObject\",\"inLanguage\":\"pt-BR\",\"@id\":\"https:\\\/\\\/motorista.com.br\\\/noticias\\\/2026\\\/09\\\/05\\\/caminhoneiro-explica-compra-de-veiculo-e-prf-intensifica-fiscalizacao-na-br-364\\\/#primaryimage\",\"url\":\"https:\\\/\\\/motorista.com.br\\\/noticias\\\/wp-content\\\/uploads\\\/2026\\\/09\\\/Resposta-de-caminhoneiro-sobre-compra-do-veiculo-faz-PRF-aprofundar-fiscalizacao-na-BR-364.jpg\",\"contentUrl\":\"https:\\\/\\\/motorista.com.br\\\/noticias\\\/wp-content\\\/uploads\\\/2026\\\/09\\\/Resposta-de-caminhoneiro-sobre-compra-do-veiculo-faz-PRF-aprofundar-fiscalizacao-na-BR-364.jpg\",\"width\":1280,\"height\":720},{\"@type\":\"BreadcrumbList\",\"@id\":\"https:\\\/\\\/motorista.com.br\\\/noticias\\\/2026\\\/09\\\/05\\\/caminhoneiro-explica-compra-de-veiculo-e-prf-intensifica-fiscalizacao-na-br-364\\\/#breadcrumb\",\"itemListElement\":[{\"@type\":\"ListItem\",\"position\":1,\"name\":\"In\u00edcio\",\"item\":\"https:\\\/\\\/motorista.com.br\\\/noticias\\\/\"},{\"@type\":\"ListItem\",\"position\":2,\"name\":\"Caminhoneiro explica compra de ve\u00edculo e PRF intensifica fiscaliza\u00e7\u00e3o na BR-364.\"}]},{\"@type\":\"WebSite\",\"@id\":\"https:\\\/\\\/motorista.com.br\\\/noticias\\\/#website\",\"url\":\"https:\\\/\\\/motorista.com.br\\\/noticias\\\/\",\"name\":\"Motorista.com.br\",\"description\":\"Not\u00edcia do Motorista\",\"publisher\":{\"@id\":\"https:\\\/\\\/motorista.com.br\\\/noticias\\\/#organization\"},\"potentialAction\":[{\"@type\":\"SearchAction\",\"target\":{\"@type\":\"EntryPoint\",\"urlTemplate\":\"https:\\\/\\\/motorista.com.br\\\/noticias\\\/?s={search_term_string}\"},\"query-input\":{\"@type\":\"PropertyValueSpecification\",\"valueRequired\":true,\"valueName\":\"search_term_string\"}}],\"inLanguage\":\"pt-BR\"},{\"@type\":\"Organization\",\"@id\":\"https:\\\/\\\/motorista.com.br\\\/noticias\\\/#organization\",\"name\":\"Motorista.com.br\",\"url\":\"https:\\\/\\\/motorista.com.br\\\/noticias\\\/\",\"logo\":{\"@type\":\"ImageObject\",\"inLanguage\":\"pt-BR\",\"@id\":\"https:\\\/\\\/motorista.com.br\\\/noticias\\\/#\\\/schema\\\/logo\\\/image\\\/\",\"url\":\"https:\\\/\\\/motorista.com.br\\\/noticias\\\/wp-content\\\/uploads\\\/2025\\\/06\\\/Design-sem-nome-9.png\",\"contentUrl\":\"https:\\\/\\\/motorista.com.br\\\/noticias\\\/wp-content\\\/uploads\\\/2025\\\/06\\\/Design-sem-nome-9.png\",\"width\":150,\"height\":85,\"caption\":\"Motorista.com.br\"},\"image\":{\"@id\":\"https:\\\/\\\/motorista.com.br\\\/noticias\\\/#\\\/schema\\\/logo\\\/image\\\/\"}},{\"@type\":\"Person\",\"@id\":\"https:\\\/\\\/motorista.com.br\\\/noticias\\\/#\\\/schema\\\/person\\\/dc93afc2981c0e3ce6bc3c053fd847be\",\"name\":\"Equipe Reda\u00e7\u00e3o\",\"image\":{\"@type\":\"ImageObject\",\"inLanguage\":\"pt-BR\",\"@id\":\"https:\\\/\\\/secure.gravatar.com\\\/avatar\\\/4f525efbf18dd2bb300ccad28bfb99d95a9465a5ba268407c8c37b37e1f28d2d?s=96&d=mm&r=g9e099043a0c61e9ae27e293b9fa75ffc\",\"url\":\"https:\\\/\\\/secure.gravatar.com\\\/avatar\\\/4f525efbf18dd2bb300ccad28bfb99d95a9465a5ba268407c8c37b37e1f28d2d?s=96&d=mm&r=g\",\"contentUrl\":\"https:\\\/\\\/secure.gravatar.com\\\/avatar\\\/4f525efbf18dd2bb300ccad28bfb99d95a9465a5ba268407c8c37b37e1f28d2d?s=96&d=mm&r=g\",\"caption\":\"Equipe Reda\u00e7\u00e3o\"},\"description\":\"Equipe de reda\u00e7\u00e3o \u00e9 um grupo de profissionais que trabalham juntos para criar conte\u00fado escrito para Motorista.com.br\",\"url\":\"https:\\\/\\\/motorista.com.br\\\/noticias\\\/author\\\/equiperedacao\\\/\"}]}<\/script>\n<!-- \/ Yoast SEO Premium plugin. -->","yoast_head_json":{"title":"Caminhoneiro explica compra de ve\u00edculo e PRF intensifica fiscaliza\u00e7\u00e3o na BR-364. - Motorista.com.br","robots":{"index":"index","follow":"follow","max-snippet":"max-snippet:-1","max-image-preview":"max-image-preview:large","max-video-preview":"max-video-preview:-1"},"canonical":"https:\/\/motorista.com.br\/noticias\/2026\/09\/05\/caminhoneiro-explica-compra-de-veiculo-e-prf-intensifica-fiscalizacao-na-br-364\/","og_locale":"pt_BR","og_type":"article","og_title":"Caminhoneiro explica compra de ve\u00edculo e PRF intensifica fiscaliza\u00e7\u00e3o na BR-364.","og_description":"Resposta de caminhoneiro sobre compra do ve\u00edculo faz PRF aprofundar fiscaliza\u00e7\u00e3o na BR-364 Uma fiscaliza\u00e7\u00e3o da Pol\u00edcia Rodovi\u00e1ria Federal (PRF) na BR-364, em Rondon\u00f3polis, Mato Grosso, se tornou mais rigorosa ap\u00f3s um caminhoneiro demonstrar dificuldade para responder perguntas relacionadas ao ve\u00edculo que estava dirigindo. Essa abordagem, que faz parte de uma opera\u00e7\u00e3o voltada para ve\u00edculos &hellip;","og_url":"https:\/\/motorista.com.br\/noticias\/2026\/09\/05\/caminhoneiro-explica-compra-de-veiculo-e-prf-intensifica-fiscalizacao-na-br-364\/","og_site_name":"Motorista.com.br","article_published_time":"2026-09-05T10:50:54+00:00","author":"Equipe Reda\u00e7\u00e3o","twitter_card":"summary_large_image","twitter_misc":{"Escrito por":"Equipe Reda\u00e7\u00e3o","Est. tempo de leitura":"2 minutos","Written by":"Equipe Reda\u00e7\u00e3o"},"schema":{"@context":"https:\/\/schema.org","@graph":[{"@type":"Article","@id":"https:\/\/motorista.com.br\/noticias\/2026\/09\/05\/caminhoneiro-explica-compra-de-veiculo-e-prf-intensifica-fiscalizacao-na-br-364\/#article","isPartOf":{"@id":"https:\/\/motorista.com.br\/noticias\/2026\/09\/05\/caminhoneiro-explica-compra-de-veiculo-e-prf-intensifica-fiscalizacao-na-br-364\/"},"author":{"name":"Equipe Reda\u00e7\u00e3o","@id":"https:\/\/motorista.com.br\/noticias\/#\/schema\/person\/dc93afc2981c0e3ce6bc3c053fd847be"},"headline":"Caminhoneiro explica compra de ve\u00edculo e PRF intensifica fiscaliza\u00e7\u00e3o na BR-364.","datePublished":"2026-09-05T10:50:54+00:00","mainEntityOfPage":{"@id":"https:\/\/motorista.com.br\/noticias\/2026\/09\/05\/caminhoneiro-explica-compra-de-veiculo-e-prf-intensifica-fiscalizacao-na-br-364\/"},"wordCount":447,"publisher":{"@id":"https:\/\/motorista.com.br\/noticias\/#organization"},"image":{"@id":"https:\/\/motorista.com.br\/noticias\/2026\/09\/05\/caminhoneiro-explica-compra-de-veiculo-e-prf-intensifica-fiscalizacao-na-br-364\/#primaryimage"},"thumbnailUrl":"https:\/\/motorista.com.br\/noticias\/wp-content\/uploads\/2026\/09\/Resposta-de-caminhoneiro-sobre-compra-do-veiculo-faz-PRF-aprofundar-fiscalizacao-na-BR-364.jpg","articleSection":["Motorista"],"inLanguage":"pt-BR"},{"@type":"WebPage","@id":"https:\/\/motorista.com.br\/noticias\/2026\/09\/05\/caminhoneiro-explica-compra-de-veiculo-e-prf-intensifica-fiscalizacao-na-br-364\/","url":"https:\/\/motorista.com.br\/noticias\/2026\/09\/05\/caminhoneiro-explica-compra-de-veiculo-e-prf-intensifica-fiscalizacao-na-br-364\/","name":"Caminhoneiro explica compra de ve\u00edculo e PRF intensifica fiscaliza\u00e7\u00e3o na BR-364. - Motorista.com.br","isPartOf":{"@id":"https:\/\/motorista.com.br\/noticias\/#website"},"primaryImageOfPage":{"@id":"https:\/\/motorista.com.br\/noticias\/2026\/09\/05\/caminhoneiro-explica-compra-de-veiculo-e-prf-intensifica-fiscalizacao-na-br-364\/#primaryimage"},"image":{"@id":"https:\/\/motorista.com.br\/noticias\/2026\/09\/05\/caminhoneiro-explica-compra-de-veiculo-e-prf-intensifica-fiscalizacao-na-br-364\/#primaryimage"},"thumbnailUrl":"https:\/\/motorista.com.br\/noticias\/wp-content\/uploads\/2026\/09\/Resposta-de-caminhoneiro-sobre-compra-do-veiculo-faz-PRF-aprofundar-fiscalizacao-na-BR-364.jpg","datePublished":"2026-09-05T10:50:54+00:00","breadcrumb":{"@id":"https:\/\/motorista.com.br\/noticias\/2026\/09\/05\/caminhoneiro-explica-compra-de-veiculo-e-prf-intensifica-fiscalizacao-na-br-364\/#breadcrumb"},"inLanguage":"pt-BR","potentialAction":[{"@type":"ReadAction","target":["https:\/\/motorista.com.br\/noticias\/2026\/09\/05\/caminhoneiro-explica-compra-de-veiculo-e-prf-intensifica-fiscalizacao-na-br-364\/"]}]},{"@type":"ImageObject","inLanguage":"pt-BR","@id":"https:\/\/motorista.com.br\/noticias\/2026\/09\/05\/caminhoneiro-explica-compra-de-veiculo-e-prf-intensifica-fiscalizacao-na-br-364\/#primaryimage","url":"https:\/\/motorista.com.br\/noticias\/wp-content\/uploads\/2026\/09\/Resposta-de-caminhoneiro-sobre-compra-do-veiculo-faz-PRF-aprofundar-fiscalizacao-na-BR-364.jpg","contentUrl":"https:\/\/motorista.com.br\/noticias\/wp-content\/uploads\/2026\/09\/Resposta-de-caminhoneiro-sobre-compra-do-veiculo-faz-PRF-aprofundar-fiscalizacao-na-BR-364.jpg","width":1280,"height":720},{"@type":"BreadcrumbList","@id":"https:\/\/motorista.com.br\/noticias\/2026\/09\/05\/caminhoneiro-explica-compra-de-veiculo-e-prf-intensifica-fiscalizacao-na-br-364\/#breadcrumb","itemListElement":[{"@type":"ListItem","position":1,"name":"In\u00edcio","item":"https:\/\/motorista.com.br\/noticias\/"},{"@type":"ListItem","position":2,"name":"Caminhoneiro explica compra de ve\u00edculo e PRF intensifica fiscaliza\u00e7\u00e3o na BR-364."}]},{"@type":"WebSite","@id":"https:\/\/motorista.com.br\/noticias\/#website","url":"https:\/\/motorista.com.br\/noticias\/","name":"Motorista.com.br","description":"Not\u00edcia do Motorista","publisher":{"@id":"https:\/\/motorista.com.br\/noticias\/#organization"},"potentialAction":[{"@type":"SearchAction","target":{"@type":"EntryPoint","urlTemplate":"https:\/\/motorista.com.br\/noticias\/?s={search_term_string}"},"query-input":{"@type":"PropertyValueSpecification","valueRequired":true,"valueName":"search_term_string"}}],"inLanguage":"pt-BR"},{"@type":"Organization","@id":"https:\/\/motorista.com.br\/noticias\/#organization","name":"Motorista.com.br","url":"https:\/\/motorista.com.br\/noticias\/","logo":{"@type":"ImageObject","inLanguage":"pt-BR","@id":"https:\/\/motorista.com.br\/noticias\/#\/schema\/logo\/image\/","url":"https:\/\/motorista.com.br\/noticias\/wp-content\/uploads\/2025\/06\/Design-sem-nome-9.png","contentUrl":"https:\/\/motorista.com.br\/noticias\/wp-content\/uploads\/2025\/06\/Design-sem-nome-9.png","width":150,"height":85,"caption":"Motorista.com.br"},"image":{"@id":"https:\/\/motorista.com.br\/noticias\/#\/schema\/logo\/image\/"}},{"@type":"Person","@id":"https:\/\/motorista.com.br\/noticias\/#\/schema\/person\/dc93afc2981c0e3ce6bc3c053fd847be","name":"Equipe Reda\u00e7\u00e3o","image":{"@type":"ImageObject","inLanguage":"pt-BR","@id":"https:\/\/secure.gravatar.com\/avatar\/4f525efbf18dd2bb300ccad28bfb99d95a9465a5ba268407c8c37b37e1f28d2d?s=96&d=mm&r=g9e099043a0c61e9ae27e293b9fa75ffc","url":"https:\/\/secure.gravatar.com\/avatar\/4f525efbf18dd2bb300ccad28bfb99d95a9465a5ba268407c8c37b37e1f28d2d?s=96&d=mm&r=g","contentUrl":"https:\/\/secure.gravatar.com\/avatar\/4f525efbf18dd2bb300ccad28bfb99d95a9465a5ba268407c8c37b37e1f28d2d?s=96&d=mm&r=g","caption":"Equipe Reda\u00e7\u00e3o"},"description":"Equipe de reda\u00e7\u00e3o \u00e9 um grupo de profissionais que trabalham juntos para criar conte\u00fado escrito para Motorista.com.br","url":"https:\/\/motorista.com.br\/noticias\/author\/equiperedacao\/"}]}},"_links":{"self":[{"href":"https:\/\/motorista.com.br\/noticias\/wp-json\/wp\/v2\/posts\/14362","targetHints":{"allow":["GET"]}}],"collection":[{"href":"https:\/\/motorista.com.br\/noticias\/wp-json\/wp\/v2\/posts"}],"about":[{"href":"https:\/\/motorista.com.br\/noticias\/wp-json\/wp\/v2\/types\/post"}],"author":[{"embeddable":true,"href":"https:\/\/motorista.com.br\/noticias\/wp-json\/wp\/v2\/users\/4"}],"replies":[{"embeddable":true,"href":"https:\/\/motorista.com.br\/noticias\/wp-json\/wp\/v2\/comments?post=14362"}],"version-history":[{"count":0,"href":"https:\/\/motorista.com.br\/noticias\/wp-json\/wp\/v2\/posts\/14362\/revisions"}],"wp:featuredmedia":[{"embeddable":true,"href":"https:\/\/motorista.com.br\/noticias\/wp-json\/wp\/v2\/media\/14363"}],"wp:attachment":[{"href":"https:\/\/motorista.com.br\/noticias\/wp-json\/wp\/v2\/media?parent=14362"}],"wp:term":[{"taxonomy":"category","embeddable":true,"href":"https:\/\/motorista.com.br\/noticias\/wp-json\/wp\/v2\/categories?post=14362"},{"taxonomy":"post_tag","embeddable":true,"href":"https:\/\/motorista.com.br\/noticias\/wp-json\/wp\/v2\/tags?post=14362"},{"taxonomy":"author","embeddable":true,"href":"https:\/\/motorista.com.br\/noticias\/wp-json\/wp\/v2\/coauthors?post=14362"}],"curies":[{"name":"wp","href":"https:\/\/api.w.org\/{rel}","templated":true}]}}