{"id":14358,"date":"2026-09-05T03:50:17","date_gmt":"2026-09-05T06:50:17","guid":{"rendered":"https:\/\/motorista.com.br\/noticias\/2026\/09\/05\/laudo-da-prf-revela-que-medico-fez-manobra-errada-antes-de-acidente-na-br-101\/"},"modified":"2026-09-05T03:50:17","modified_gmt":"2026-09-05T06:50:17","slug":"laudo-da-prf-revela-que-medico-fez-manobra-errada-antes-de-acidente-na-br-101","status":"publish","type":"post","link":"https:\/\/motorista.com.br\/noticias\/2026\/09\/05\/laudo-da-prf-revela-que-medico-fez-manobra-errada-antes-de-acidente-na-br-101\/","title":{"rendered":"Laudo da PRF revela que m\u00e9dico fez manobra errada antes de acidente na BR-101."},"content":{"rendered":"<p><\/p>\n<p><strong>Laudo da PRF aponta que m\u00e9dico invadiu a contram\u00e3o antes de acidente fatal com caminh\u00e3o na BR-101<\/strong><\/p>\n<p>Um tr\u00e1gico acidente na BR-101 em S\u00e3o Gon\u00e7alo dos Campos, na Bahia, resultou na morte do m\u00e9dico oftalmologista Dr. Leonardo de Oliveira Dias, de 35 anos. O laudo pericial da Pol\u00edcia Rodovi\u00e1ria Federal (PRF) revela que o m\u00e9dico invadiu a contram\u00e3o antes da colis\u00e3o frontal com um caminh\u00e3o Volvo. Essa informa\u00e7\u00e3o levanta importantes quest\u00f5es sobre a seguran\u00e7a nas estradas e a responsabilidade dos motoristas.<\/p>\n<p>O acidente ocorreu em um dia claro, sem chuvas, \u00e0s 16h30 do dia 26 de agosto de 2026, em uma pista simples. O laudo t\u00e9cnico detalha que a Fiat Toro, conduzida por Leonardo, desviou para o lado oposto de sua faixa, sem deixar marcas de frenagem. O caminhoneiro, que trafegava normalmente e tentou evitar a batida acionando os freios pneum\u00e1ticos, percorreu 14 metros at\u00e9 a colis\u00e3o, evidenciando sua tentativa de preven\u00e7\u00e3o.<\/p>\n<p>O laudo ainda destaca que o caminh\u00e3o respeitou as normas de tr\u00e2nsito e apresentou resultado de 0,00 mg\/l no teste do etil\u00f4metro. Esses fatores ressaltam a relev\u00e2ncia da condu\u00e7\u00e3o respons\u00e1vel e da aten\u00e7\u00e3o na estrada, especialmente em trechos com alto fluxo de ve\u00edculos.<\/p>\n<p>O impacto desse acidente n\u00e3o \u00e9 apenas sentido pela fam\u00edlia e amigos de Dr. Leonardo, mas tamb\u00e9m reverbera na mobilidade geral. Acidentes como esse enfatizam a necessidade de conscientiza\u00e7\u00e3o dos motoristas sobre os riscos de distra\u00e7\u00f5es ou decis\u00f5es inadequadas nas vias. A invas\u00e3o da contram\u00e3o, conforme relatado, destaca a urg\u00eancia em implementar campanhas educativas e refor\u00e7ar a fiscaliza\u00e7\u00e3o, visando a prote\u00e7\u00e3o de todos que transitam pelas rodovias.<\/p>\n<p>A morte de Dr. Leonardo marca n\u00e3o apenas a perda de um profissional respeitado na comunidade, mas tamb\u00e9m serve como um lembrete sobre a import\u00e2ncia de se preservar vidas no tr\u00e2nsito. Cada acidente tem um efeito cascata que pode afetar motoristas e pedestres, impactando diretamente a seguran\u00e7a vi\u00e1ria e a confian\u00e7a nas estradas.<\/p>\n<p>A destrui\u00e7\u00e3o significativa dos ve\u00edculos envolvidos repercute nas discuss\u00f5es sobre a necessidade de infraestrutura adequada e medidas de seguran\u00e7a aprimoradas nas rodovias. Investimentos em sinaliza\u00e7\u00e3o e em sistemas de monitoramento podem contribuir para a diminui\u00e7\u00e3o de trag\u00e9dias como essa, elevando o padr\u00e3o de seguran\u00e7a para todos os usu\u00e1rios das vias.<\/p>\n<p>Acidentes tr\u00e1gicos como o de Dr. Leonardo reafirmam a relev\u00e2ncia da comunica\u00e7\u00e3o respons\u00e1vel entre motoristas e a mobilidade coletiva. Quando todos compreendem e respeitam as regras de tr\u00e2nsito, o resultado \u00e9 um ambiente rodovi\u00e1rio mais seguro e eficiente.<\/p>\n<p><em>Fonte: brasildotrecho<\/em><\/p>\n","protected":false},"excerpt":{"rendered":"<p>Laudo da PRF aponta que m\u00e9dico invadiu a contram\u00e3o antes de acidente fatal com caminh\u00e3o na BR-101 Um tr\u00e1gico acidente na BR-101 em S\u00e3o Gon\u00e7alo dos Campos, na Bahia, resultou na morte do m\u00e9dico oftalmologista Dr. Leonardo de Oliveira Dias, de 35 anos. O laudo pericial da Pol\u00edcia Rodovi\u00e1ria Federal (PRF) revela que o m\u00e9dico &hellip;<\/p>\n","protected":false},"author":4,"featured_media":14359,"comment_status":"","ping_status":"open","sticky":false,"template":"","format":"standard","meta":{"footnotes":""},"categories":[77],"tags":[],"coauthors":[42],"class_list":["post-14358","post","type-post","status-publish","format-standard","has-post-thumbnail","hentry","category-motorista"],"yoast_head":"<!-- This site is optimized with the Yoast SEO Premium plugin v27.6.1 (Yoast SEO v28.4) - https:\/\/yoast.com\/product\/yoast-seo-premium-wordpress\/ -->\n<title>Laudo da PRF revela que m\u00e9dico fez manobra errada antes de acidente na BR-101. - Motorista.com.br<\/title>\n<meta name=\"robots\" content=\"index, follow, max-snippet:-1, max-image-preview:large, max-video-preview:-1\" \/>\n<link rel=\"canonical\" href=\"https:\/\/motorista.com.br\/noticias\/2026\/09\/05\/laudo-da-prf-revela-que-medico-fez-manobra-errada-antes-de-acidente-na-br-101\/\" \/>\n<meta property=\"og:locale\" content=\"pt_BR\" \/>\n<meta property=\"og:type\" content=\"article\" \/>\n<meta property=\"og:title\" content=\"Laudo da PRF revela que m\u00e9dico fez manobra errada antes de acidente na BR-101.\" \/>\n<meta property=\"og:description\" content=\"Laudo da PRF aponta que m\u00e9dico invadiu a contram\u00e3o antes de acidente fatal com caminh\u00e3o na BR-101 Um tr\u00e1gico acidente na BR-101 em S\u00e3o Gon\u00e7alo dos Campos, na Bahia, resultou na morte do m\u00e9dico oftalmologista Dr. Leonardo de Oliveira Dias, de 35 anos. O laudo pericial da Pol\u00edcia Rodovi\u00e1ria Federal (PRF) revela que o m\u00e9dico &hellip;\" \/>\n<meta property=\"og:url\" content=\"https:\/\/motorista.com.br\/noticias\/2026\/09\/05\/laudo-da-prf-revela-que-medico-fez-manobra-errada-antes-de-acidente-na-br-101\/\" \/>\n<meta property=\"og:site_name\" content=\"Motorista.com.br\" \/>\n<meta property=\"article:published_time\" content=\"2026-09-05T06:50:17+00:00\" \/>\n<meta name=\"author\" content=\"Equipe Reda\u00e7\u00e3o\" \/>\n<meta name=\"twitter:card\" content=\"summary_large_image\" \/>\n<meta name=\"twitter:label1\" content=\"Escrito por\" \/>\n\t<meta name=\"twitter:data1\" content=\"Equipe Reda\u00e7\u00e3o\" \/>\n\t<meta name=\"twitter:label2\" content=\"Est. tempo de leitura\" \/>\n\t<meta name=\"twitter:data2\" content=\"2 minutos\" \/>\n\t<meta name=\"twitter:label3\" content=\"Written by\" \/>\n\t<meta name=\"twitter:data3\" content=\"Equipe Reda\u00e7\u00e3o\" \/>\n<script type=\"application\/ld+json\" class=\"yoast-schema-graph\">{\"@context\":\"https:\\\/\\\/schema.org\",\"@graph\":[{\"@type\":\"Article\",\"@id\":\"https:\\\/\\\/motorista.com.br\\\/noticias\\\/2026\\\/09\\\/05\\\/laudo-da-prf-revela-que-medico-fez-manobra-errada-antes-de-acidente-na-br-101\\\/#article\",\"isPartOf\":{\"@id\":\"https:\\\/\\\/motorista.com.br\\\/noticias\\\/2026\\\/09\\\/05\\\/laudo-da-prf-revela-que-medico-fez-manobra-errada-antes-de-acidente-na-br-101\\\/\"},\"author\":{\"name\":\"Equipe Reda\u00e7\u00e3o\",\"@id\":\"https:\\\/\\\/motorista.com.br\\\/noticias\\\/#\\\/schema\\\/person\\\/dc93afc2981c0e3ce6bc3c053fd847be\"},\"headline\":\"Laudo da PRF revela que m\u00e9dico fez manobra errada antes de acidente na BR-101.\",\"datePublished\":\"2026-09-05T06:50:17+00:00\",\"mainEntityOfPage\":{\"@id\":\"https:\\\/\\\/motorista.com.br\\\/noticias\\\/2026\\\/09\\\/05\\\/laudo-da-prf-revela-que-medico-fez-manobra-errada-antes-de-acidente-na-br-101\\\/\"},\"wordCount\":477,\"publisher\":{\"@id\":\"https:\\\/\\\/motorista.com.br\\\/noticias\\\/#organization\"},\"image\":{\"@id\":\"https:\\\/\\\/motorista.com.br\\\/noticias\\\/2026\\\/09\\\/05\\\/laudo-da-prf-revela-que-medico-fez-manobra-errada-antes-de-acidente-na-br-101\\\/#primaryimage\"},\"thumbnailUrl\":\"https:\\\/\\\/motorista.com.br\\\/noticias\\\/wp-content\\\/uploads\\\/2026\\\/09\\\/acidente-caminhoneiro-1.jpg\",\"articleSection\":[\"Motorista\"],\"inLanguage\":\"pt-BR\"},{\"@type\":\"WebPage\",\"@id\":\"https:\\\/\\\/motorista.com.br\\\/noticias\\\/2026\\\/09\\\/05\\\/laudo-da-prf-revela-que-medico-fez-manobra-errada-antes-de-acidente-na-br-101\\\/\",\"url\":\"https:\\\/\\\/motorista.com.br\\\/noticias\\\/2026\\\/09\\\/05\\\/laudo-da-prf-revela-que-medico-fez-manobra-errada-antes-de-acidente-na-br-101\\\/\",\"name\":\"Laudo da PRF revela que m\u00e9dico fez manobra errada antes de acidente na BR-101. - Motorista.com.br\",\"isPartOf\":{\"@id\":\"https:\\\/\\\/motorista.com.br\\\/noticias\\\/#website\"},\"primaryImageOfPage\":{\"@id\":\"https:\\\/\\\/motorista.com.br\\\/noticias\\\/2026\\\/09\\\/05\\\/laudo-da-prf-revela-que-medico-fez-manobra-errada-antes-de-acidente-na-br-101\\\/#primaryimage\"},\"image\":{\"@id\":\"https:\\\/\\\/motorista.com.br\\\/noticias\\\/2026\\\/09\\\/05\\\/laudo-da-prf-revela-que-medico-fez-manobra-errada-antes-de-acidente-na-br-101\\\/#primaryimage\"},\"thumbnailUrl\":\"https:\\\/\\\/motorista.com.br\\\/noticias\\\/wp-content\\\/uploads\\\/2026\\\/09\\\/acidente-caminhoneiro-1.jpg\",\"datePublished\":\"2026-09-05T06:50:17+00:00\",\"breadcrumb\":{\"@id\":\"https:\\\/\\\/motorista.com.br\\\/noticias\\\/2026\\\/09\\\/05\\\/laudo-da-prf-revela-que-medico-fez-manobra-errada-antes-de-acidente-na-br-101\\\/#breadcrumb\"},\"inLanguage\":\"pt-BR\",\"potentialAction\":[{\"@type\":\"ReadAction\",\"target\":[\"https:\\\/\\\/motorista.com.br\\\/noticias\\\/2026\\\/09\\\/05\\\/laudo-da-prf-revela-que-medico-fez-manobra-errada-antes-de-acidente-na-br-101\\\/\"]}]},{\"@type\":\"ImageObject\",\"inLanguage\":\"pt-BR\",\"@id\":\"https:\\\/\\\/motorista.com.br\\\/noticias\\\/2026\\\/09\\\/05\\\/laudo-da-prf-revela-que-medico-fez-manobra-errada-antes-de-acidente-na-br-101\\\/#primaryimage\",\"url\":\"https:\\\/\\\/motorista.com.br\\\/noticias\\\/wp-content\\\/uploads\\\/2026\\\/09\\\/acidente-caminhoneiro-1.jpg\",\"contentUrl\":\"https:\\\/\\\/motorista.com.br\\\/noticias\\\/wp-content\\\/uploads\\\/2026\\\/09\\\/acidente-caminhoneiro-1.jpg\",\"width\":1024,\"height\":576},{\"@type\":\"BreadcrumbList\",\"@id\":\"https:\\\/\\\/motorista.com.br\\\/noticias\\\/2026\\\/09\\\/05\\\/laudo-da-prf-revela-que-medico-fez-manobra-errada-antes-de-acidente-na-br-101\\\/#breadcrumb\",\"itemListElement\":[{\"@type\":\"ListItem\",\"position\":1,\"name\":\"In\u00edcio\",\"item\":\"https:\\\/\\\/motorista.com.br\\\/noticias\\\/\"},{\"@type\":\"ListItem\",\"position\":2,\"name\":\"Laudo da PRF revela que m\u00e9dico fez manobra errada antes de acidente na BR-101.\"}]},{\"@type\":\"WebSite\",\"@id\":\"https:\\\/\\\/motorista.com.br\\\/noticias\\\/#website\",\"url\":\"https:\\\/\\\/motorista.com.br\\\/noticias\\\/\",\"name\":\"Motorista.com.br\",\"description\":\"Not\u00edcia do Motorista\",\"publisher\":{\"@id\":\"https:\\\/\\\/motorista.com.br\\\/noticias\\\/#organization\"},\"potentialAction\":[{\"@type\":\"SearchAction\",\"target\":{\"@type\":\"EntryPoint\",\"urlTemplate\":\"https:\\\/\\\/motorista.com.br\\\/noticias\\\/?s={search_term_string}\"},\"query-input\":{\"@type\":\"PropertyValueSpecification\",\"valueRequired\":true,\"valueName\":\"search_term_string\"}}],\"inLanguage\":\"pt-BR\"},{\"@type\":\"Organization\",\"@id\":\"https:\\\/\\\/motorista.com.br\\\/noticias\\\/#organization\",\"name\":\"Motorista.com.br\",\"url\":\"https:\\\/\\\/motorista.com.br\\\/noticias\\\/\",\"logo\":{\"@type\":\"ImageObject\",\"inLanguage\":\"pt-BR\",\"@id\":\"https:\\\/\\\/motorista.com.br\\\/noticias\\\/#\\\/schema\\\/logo\\\/image\\\/\",\"url\":\"https:\\\/\\\/motorista.com.br\\\/noticias\\\/wp-content\\\/uploads\\\/2025\\\/06\\\/Design-sem-nome-9.png\",\"contentUrl\":\"https:\\\/\\\/motorista.com.br\\\/noticias\\\/wp-content\\\/uploads\\\/2025\\\/06\\\/Design-sem-nome-9.png\",\"width\":150,\"height\":85,\"caption\":\"Motorista.com.br\"},\"image\":{\"@id\":\"https:\\\/\\\/motorista.com.br\\\/noticias\\\/#\\\/schema\\\/logo\\\/image\\\/\"}},{\"@type\":\"Person\",\"@id\":\"https:\\\/\\\/motorista.com.br\\\/noticias\\\/#\\\/schema\\\/person\\\/dc93afc2981c0e3ce6bc3c053fd847be\",\"name\":\"Equipe Reda\u00e7\u00e3o\",\"image\":{\"@type\":\"ImageObject\",\"inLanguage\":\"pt-BR\",\"@id\":\"https:\\\/\\\/secure.gravatar.com\\\/avatar\\\/4f525efbf18dd2bb300ccad28bfb99d95a9465a5ba268407c8c37b37e1f28d2d?s=96&d=mm&r=g9e099043a0c61e9ae27e293b9fa75ffc\",\"url\":\"https:\\\/\\\/secure.gravatar.com\\\/avatar\\\/4f525efbf18dd2bb300ccad28bfb99d95a9465a5ba268407c8c37b37e1f28d2d?s=96&d=mm&r=g\",\"contentUrl\":\"https:\\\/\\\/secure.gravatar.com\\\/avatar\\\/4f525efbf18dd2bb300ccad28bfb99d95a9465a5ba268407c8c37b37e1f28d2d?s=96&d=mm&r=g\",\"caption\":\"Equipe Reda\u00e7\u00e3o\"},\"description\":\"Equipe de reda\u00e7\u00e3o \u00e9 um grupo de profissionais que trabalham juntos para criar conte\u00fado escrito para Motorista.com.br\",\"url\":\"https:\\\/\\\/motorista.com.br\\\/noticias\\\/author\\\/equiperedacao\\\/\"}]}<\/script>\n<!-- \/ Yoast SEO Premium plugin. -->","yoast_head_json":{"title":"Laudo da PRF revela que m\u00e9dico fez manobra errada antes de acidente na BR-101. - Motorista.com.br","robots":{"index":"index","follow":"follow","max-snippet":"max-snippet:-1","max-image-preview":"max-image-preview:large","max-video-preview":"max-video-preview:-1"},"canonical":"https:\/\/motorista.com.br\/noticias\/2026\/09\/05\/laudo-da-prf-revela-que-medico-fez-manobra-errada-antes-de-acidente-na-br-101\/","og_locale":"pt_BR","og_type":"article","og_title":"Laudo da PRF revela que m\u00e9dico fez manobra errada antes de acidente na BR-101.","og_description":"Laudo da PRF aponta que m\u00e9dico invadiu a contram\u00e3o antes de acidente fatal com caminh\u00e3o na BR-101 Um tr\u00e1gico acidente na BR-101 em S\u00e3o Gon\u00e7alo dos Campos, na Bahia, resultou na morte do m\u00e9dico oftalmologista Dr. Leonardo de Oliveira Dias, de 35 anos. O laudo pericial da Pol\u00edcia Rodovi\u00e1ria Federal (PRF) revela que o m\u00e9dico &hellip;","og_url":"https:\/\/motorista.com.br\/noticias\/2026\/09\/05\/laudo-da-prf-revela-que-medico-fez-manobra-errada-antes-de-acidente-na-br-101\/","og_site_name":"Motorista.com.br","article_published_time":"2026-09-05T06:50:17+00:00","author":"Equipe Reda\u00e7\u00e3o","twitter_card":"summary_large_image","twitter_misc":{"Escrito por":"Equipe Reda\u00e7\u00e3o","Est. tempo de leitura":"2 minutos","Written by":"Equipe Reda\u00e7\u00e3o"},"schema":{"@context":"https:\/\/schema.org","@graph":[{"@type":"Article","@id":"https:\/\/motorista.com.br\/noticias\/2026\/09\/05\/laudo-da-prf-revela-que-medico-fez-manobra-errada-antes-de-acidente-na-br-101\/#article","isPartOf":{"@id":"https:\/\/motorista.com.br\/noticias\/2026\/09\/05\/laudo-da-prf-revela-que-medico-fez-manobra-errada-antes-de-acidente-na-br-101\/"},"author":{"name":"Equipe Reda\u00e7\u00e3o","@id":"https:\/\/motorista.com.br\/noticias\/#\/schema\/person\/dc93afc2981c0e3ce6bc3c053fd847be"},"headline":"Laudo da PRF revela que m\u00e9dico fez manobra errada antes de acidente na BR-101.","datePublished":"2026-09-05T06:50:17+00:00","mainEntityOfPage":{"@id":"https:\/\/motorista.com.br\/noticias\/2026\/09\/05\/laudo-da-prf-revela-que-medico-fez-manobra-errada-antes-de-acidente-na-br-101\/"},"wordCount":477,"publisher":{"@id":"https:\/\/motorista.com.br\/noticias\/#organization"},"image":{"@id":"https:\/\/motorista.com.br\/noticias\/2026\/09\/05\/laudo-da-prf-revela-que-medico-fez-manobra-errada-antes-de-acidente-na-br-101\/#primaryimage"},"thumbnailUrl":"https:\/\/motorista.com.br\/noticias\/wp-content\/uploads\/2026\/09\/acidente-caminhoneiro-1.jpg","articleSection":["Motorista"],"inLanguage":"pt-BR"},{"@type":"WebPage","@id":"https:\/\/motorista.com.br\/noticias\/2026\/09\/05\/laudo-da-prf-revela-que-medico-fez-manobra-errada-antes-de-acidente-na-br-101\/","url":"https:\/\/motorista.com.br\/noticias\/2026\/09\/05\/laudo-da-prf-revela-que-medico-fez-manobra-errada-antes-de-acidente-na-br-101\/","name":"Laudo da PRF revela que m\u00e9dico fez manobra errada antes de acidente na BR-101. - Motorista.com.br","isPartOf":{"@id":"https:\/\/motorista.com.br\/noticias\/#website"},"primaryImageOfPage":{"@id":"https:\/\/motorista.com.br\/noticias\/2026\/09\/05\/laudo-da-prf-revela-que-medico-fez-manobra-errada-antes-de-acidente-na-br-101\/#primaryimage"},"image":{"@id":"https:\/\/motorista.com.br\/noticias\/2026\/09\/05\/laudo-da-prf-revela-que-medico-fez-manobra-errada-antes-de-acidente-na-br-101\/#primaryimage"},"thumbnailUrl":"https:\/\/motorista.com.br\/noticias\/wp-content\/uploads\/2026\/09\/acidente-caminhoneiro-1.jpg","datePublished":"2026-09-05T06:50:17+00:00","breadcrumb":{"@id":"https:\/\/motorista.com.br\/noticias\/2026\/09\/05\/laudo-da-prf-revela-que-medico-fez-manobra-errada-antes-de-acidente-na-br-101\/#breadcrumb"},"inLanguage":"pt-BR","potentialAction":[{"@type":"ReadAction","target":["https:\/\/motorista.com.br\/noticias\/2026\/09\/05\/laudo-da-prf-revela-que-medico-fez-manobra-errada-antes-de-acidente-na-br-101\/"]}]},{"@type":"ImageObject","inLanguage":"pt-BR","@id":"https:\/\/motorista.com.br\/noticias\/2026\/09\/05\/laudo-da-prf-revela-que-medico-fez-manobra-errada-antes-de-acidente-na-br-101\/#primaryimage","url":"https:\/\/motorista.com.br\/noticias\/wp-content\/uploads\/2026\/09\/acidente-caminhoneiro-1.jpg","contentUrl":"https:\/\/motorista.com.br\/noticias\/wp-content\/uploads\/2026\/09\/acidente-caminhoneiro-1.jpg","width":1024,"height":576},{"@type":"BreadcrumbList","@id":"https:\/\/motorista.com.br\/noticias\/2026\/09\/05\/laudo-da-prf-revela-que-medico-fez-manobra-errada-antes-de-acidente-na-br-101\/#breadcrumb","itemListElement":[{"@type":"ListItem","position":1,"name":"In\u00edcio","item":"https:\/\/motorista.com.br\/noticias\/"},{"@type":"ListItem","position":2,"name":"Laudo da PRF revela que m\u00e9dico fez manobra errada antes de acidente na BR-101."}]},{"@type":"WebSite","@id":"https:\/\/motorista.com.br\/noticias\/#website","url":"https:\/\/motorista.com.br\/noticias\/","name":"Motorista.com.br","description":"Not\u00edcia do Motorista","publisher":{"@id":"https:\/\/motorista.com.br\/noticias\/#organization"},"potentialAction":[{"@type":"SearchAction","target":{"@type":"EntryPoint","urlTemplate":"https:\/\/motorista.com.br\/noticias\/?s={search_term_string}"},"query-input":{"@type":"PropertyValueSpecification","valueRequired":true,"valueName":"search_term_string"}}],"inLanguage":"pt-BR"},{"@type":"Organization","@id":"https:\/\/motorista.com.br\/noticias\/#organization","name":"Motorista.com.br","url":"https:\/\/motorista.com.br\/noticias\/","logo":{"@type":"ImageObject","inLanguage":"pt-BR","@id":"https:\/\/motorista.com.br\/noticias\/#\/schema\/logo\/image\/","url":"https:\/\/motorista.com.br\/noticias\/wp-content\/uploads\/2025\/06\/Design-sem-nome-9.png","contentUrl":"https:\/\/motorista.com.br\/noticias\/wp-content\/uploads\/2025\/06\/Design-sem-nome-9.png","width":150,"height":85,"caption":"Motorista.com.br"},"image":{"@id":"https:\/\/motorista.com.br\/noticias\/#\/schema\/logo\/image\/"}},{"@type":"Person","@id":"https:\/\/motorista.com.br\/noticias\/#\/schema\/person\/dc93afc2981c0e3ce6bc3c053fd847be","name":"Equipe Reda\u00e7\u00e3o","image":{"@type":"ImageObject","inLanguage":"pt-BR","@id":"https:\/\/secure.gravatar.com\/avatar\/4f525efbf18dd2bb300ccad28bfb99d95a9465a5ba268407c8c37b37e1f28d2d?s=96&d=mm&r=g9e099043a0c61e9ae27e293b9fa75ffc","url":"https:\/\/secure.gravatar.com\/avatar\/4f525efbf18dd2bb300ccad28bfb99d95a9465a5ba268407c8c37b37e1f28d2d?s=96&d=mm&r=g","contentUrl":"https:\/\/secure.gravatar.com\/avatar\/4f525efbf18dd2bb300ccad28bfb99d95a9465a5ba268407c8c37b37e1f28d2d?s=96&d=mm&r=g","caption":"Equipe Reda\u00e7\u00e3o"},"description":"Equipe de reda\u00e7\u00e3o \u00e9 um grupo de profissionais que trabalham juntos para criar conte\u00fado escrito para Motorista.com.br","url":"https:\/\/motorista.com.br\/noticias\/author\/equiperedacao\/"}]}},"_links":{"self":[{"href":"https:\/\/motorista.com.br\/noticias\/wp-json\/wp\/v2\/posts\/14358","targetHints":{"allow":["GET"]}}],"collection":[{"href":"https:\/\/motorista.com.br\/noticias\/wp-json\/wp\/v2\/posts"}],"about":[{"href":"https:\/\/motorista.com.br\/noticias\/wp-json\/wp\/v2\/types\/post"}],"author":[{"embeddable":true,"href":"https:\/\/motorista.com.br\/noticias\/wp-json\/wp\/v2\/users\/4"}],"replies":[{"embeddable":true,"href":"https:\/\/motorista.com.br\/noticias\/wp-json\/wp\/v2\/comments?post=14358"}],"version-history":[{"count":0,"href":"https:\/\/motorista.com.br\/noticias\/wp-json\/wp\/v2\/posts\/14358\/revisions"}],"wp:featuredmedia":[{"embeddable":true,"href":"https:\/\/motorista.com.br\/noticias\/wp-json\/wp\/v2\/media\/14359"}],"wp:attachment":[{"href":"https:\/\/motorista.com.br\/noticias\/wp-json\/wp\/v2\/media?parent=14358"}],"wp:term":[{"taxonomy":"category","embeddable":true,"href":"https:\/\/motorista.com.br\/noticias\/wp-json\/wp\/v2\/categories?post=14358"},{"taxonomy":"post_tag","embeddable":true,"href":"https:\/\/motorista.com.br\/noticias\/wp-json\/wp\/v2\/tags?post=14358"},{"taxonomy":"author","embeddable":true,"href":"https:\/\/motorista.com.br\/noticias\/wp-json\/wp\/v2\/coauthors?post=14358"}],"curies":[{"name":"wp","href":"https:\/\/api.w.org\/{rel}","templated":true}]}}