{"id":14356,"date":"2026-09-05T03:27:33","date_gmt":"2026-09-05T06:27:33","guid":{"rendered":"https:\/\/motorista.com.br\/noticias\/2026\/09\/05\/eua-criticam-plano-israelense-sobre-limpeza-etnica-em-gaza\/"},"modified":"2026-09-05T03:27:33","modified_gmt":"2026-09-05T06:27:33","slug":"eua-criticam-plano-israelense-sobre-limpeza-etnica-em-gaza","status":"publish","type":"post","link":"https:\/\/motorista.com.br\/noticias\/2026\/09\/05\/eua-criticam-plano-israelense-sobre-limpeza-etnica-em-gaza\/","title":{"rendered":"EUA criticam plano israelense sobre limpeza \u00e9tnica em Gaza"},"content":{"rendered":"<p><\/p>\n<p><strong>T\u00edtulo: A Rea\u00e7\u00e3o dos EUA \u00e0s Propostas de Deslocamento em Gaza e seus Reflexos na Mobilidade e Seguran\u00e7a da Regi\u00e3o<\/strong><\/p>\n<p>Recentemente, o Departamento de Estado norte-americano fez uma declara\u00e7\u00e3o contundente sobre as propostas apresentadas pelo governo de Israel para o deslocamento da popula\u00e7\u00e3o palestina da Faixa de Gaza. Essa posi\u00e7\u00e3o, que rejeita o que foi descrito como \u201climpeza \u00e9tnica\u201d, pode ter implica\u00e7\u00f5es significativas n\u00e3o apenas para a din\u00e2mica pol\u00edtica da regi\u00e3o, mas tamb\u00e9m para a mobilidade e seguran\u00e7a dos motoristas e da popula\u00e7\u00e3o em geral.<\/p>\n<p>A afirma\u00e7\u00e3o de que os Estados Unidos \u201cn\u00e3o apoiam nenhum plano ou proposta de deslocamento for\u00e7ado\u201d revela uma preocupa\u00e7\u00e3o com as consequ\u00eancias humanit\u00e1rias e sociais de tais a\u00e7\u00f5es. Para os motoristas, a presen\u00e7a de uma popula\u00e7\u00e3o est\u00e1vel e segura \u00e9 crucial para a mobilidade fluida. A instabilidade gerada por conflitos e deslocamentos em massa pode levar a restri\u00e7\u00f5es de tr\u00e1fego, aumento de barricadas e pontos de controle, afetando a vida di\u00e1ria e a economia local.<\/p>\n<p>Al\u00e9m disso, a proposta de oferecer oportunidades para construir uma &quot;Gaza melhor&quot; traz uma perspectiva interessante sobreComo a assist\u00eancia internacional e o suporte ao desenvolvimento urbano podem se traduzir em melhorias nas condi\u00e7\u00f5es de mobilidade. Investimentos em infraestrutura, manuten\u00e7\u00e3o de estradas e servi\u00e7os de transporte p\u00fablico n\u00e3o s\u00f3 beneficiariam os residentes, mas tamb\u00e9m promoveriam um clima mais favor\u00e1vel ao com\u00e9rcio e turismo na regi\u00e3o, resultando em um impacto positivo nas economias locais.<\/p>\n<p>Em contrapartida, se a proposta de deslocamento avan\u00e7asse, o resultado poderia ser o oposto: a desintegra\u00e7\u00e3o das redes de transporte existentes e a perda de oportunidades econ\u00f4micas, gerando um c\u00edrculo vicioso de pobreza e viol\u00eancia que tornaria ainda mais desafiador o tr\u00e2nsito na \u00e1rea. A insist\u00eancia de autoridades israelenses em a\u00e7\u00f5es agressivas para desalojar palestinos, como sugerido por Israel Katz, amea\u00e7a n\u00e3o apenas a vida humana, mas tamb\u00e9m a capacidade de movimenta\u00e7\u00e3o eficiente e segura nos territ\u00f3rios.<\/p>\n<p>Assim, a postura dos EUA em rejeitar a limpeza \u00e9tnica n\u00e3o \u00e9 apenas uma quest\u00e3o de pol\u00edtica internacional, mas tamb\u00e9m um fator que pode afetar diretamente a mobilidade e a vida cotidiana de motoristas e moradores na regi\u00e3o. Proteger a popula\u00e7\u00e3o civil e promover solu\u00e7\u00f5es pac\u00edficas e sustent\u00e1veis s\u00e3o passos essenciais para garantir que a mobilidade na Faixa de Gaza n\u00e3o seja comprometida, mas sim fortalecida.<\/p>\n","protected":false},"excerpt":{"rendered":"<p>T\u00edtulo: A Rea\u00e7\u00e3o dos EUA \u00e0s Propostas de Deslocamento em Gaza e seus Reflexos na Mobilidade e Seguran\u00e7a da Regi\u00e3o Recentemente, o Departamento de Estado norte-americano fez uma declara\u00e7\u00e3o contundente sobre as propostas apresentadas pelo governo de Israel para o deslocamento da popula\u00e7\u00e3o palestina da Faixa de Gaza. Essa posi\u00e7\u00e3o, que rejeita o que foi &hellip;<\/p>\n","protected":false},"author":4,"featured_media":14357,"comment_status":"","ping_status":"open","sticky":false,"template":"","format":"standard","meta":{"footnotes":""},"categories":[45],"tags":[],"coauthors":[42],"class_list":["post-14356","post","type-post","status-publish","format-standard","has-post-thumbnail","hentry","category-mundo"],"yoast_head":"<!-- This site is optimized with the Yoast SEO Premium plugin v27.6.1 (Yoast SEO v28.4) - https:\/\/yoast.com\/product\/yoast-seo-premium-wordpress\/ -->\n<title>EUA criticam plano israelense sobre limpeza \u00e9tnica em Gaza - Motorista.com.br<\/title>\n<meta name=\"robots\" content=\"index, follow, max-snippet:-1, max-image-preview:large, max-video-preview:-1\" \/>\n<link rel=\"canonical\" href=\"https:\/\/motorista.com.br\/noticias\/2026\/09\/05\/eua-criticam-plano-israelense-sobre-limpeza-etnica-em-gaza\/\" \/>\n<meta property=\"og:locale\" content=\"pt_BR\" \/>\n<meta property=\"og:type\" content=\"article\" \/>\n<meta property=\"og:title\" content=\"EUA criticam plano israelense sobre limpeza \u00e9tnica em Gaza\" \/>\n<meta property=\"og:description\" content=\"T\u00edtulo: A Rea\u00e7\u00e3o dos EUA \u00e0s Propostas de Deslocamento em Gaza e seus Reflexos na Mobilidade e Seguran\u00e7a da Regi\u00e3o Recentemente, o Departamento de Estado norte-americano fez uma declara\u00e7\u00e3o contundente sobre as propostas apresentadas pelo governo de Israel para o deslocamento da popula\u00e7\u00e3o palestina da Faixa de Gaza. Essa posi\u00e7\u00e3o, que rejeita o que foi &hellip;\" \/>\n<meta property=\"og:url\" content=\"https:\/\/motorista.com.br\/noticias\/2026\/09\/05\/eua-criticam-plano-israelense-sobre-limpeza-etnica-em-gaza\/\" \/>\n<meta property=\"og:site_name\" content=\"Motorista.com.br\" \/>\n<meta property=\"article:published_time\" content=\"2026-09-05T06:27:33+00:00\" \/>\n<meta name=\"author\" content=\"Equipe Reda\u00e7\u00e3o\" \/>\n<meta name=\"twitter:card\" content=\"summary_large_image\" \/>\n<meta name=\"twitter:label1\" content=\"Escrito por\" \/>\n\t<meta name=\"twitter:data1\" content=\"Equipe Reda\u00e7\u00e3o\" \/>\n\t<meta name=\"twitter:label2\" content=\"Est. tempo de leitura\" \/>\n\t<meta name=\"twitter:data2\" content=\"2 minutos\" \/>\n\t<meta name=\"twitter:label3\" content=\"Written by\" \/>\n\t<meta name=\"twitter:data3\" content=\"Equipe Reda\u00e7\u00e3o\" \/>\n<script type=\"application\/ld+json\" class=\"yoast-schema-graph\">{\"@context\":\"https:\\\/\\\/schema.org\",\"@graph\":[{\"@type\":\"Article\",\"@id\":\"https:\\\/\\\/motorista.com.br\\\/noticias\\\/2026\\\/09\\\/05\\\/eua-criticam-plano-israelense-sobre-limpeza-etnica-em-gaza\\\/#article\",\"isPartOf\":{\"@id\":\"https:\\\/\\\/motorista.com.br\\\/noticias\\\/2026\\\/09\\\/05\\\/eua-criticam-plano-israelense-sobre-limpeza-etnica-em-gaza\\\/\"},\"author\":{\"name\":\"Equipe Reda\u00e7\u00e3o\",\"@id\":\"https:\\\/\\\/motorista.com.br\\\/noticias\\\/#\\\/schema\\\/person\\\/dc93afc2981c0e3ce6bc3c053fd847be\"},\"headline\":\"EUA criticam plano israelense sobre limpeza \u00e9tnica em Gaza\",\"datePublished\":\"2026-09-05T06:27:33+00:00\",\"mainEntityOfPage\":{\"@id\":\"https:\\\/\\\/motorista.com.br\\\/noticias\\\/2026\\\/09\\\/05\\\/eua-criticam-plano-israelense-sobre-limpeza-etnica-em-gaza\\\/\"},\"wordCount\":447,\"publisher\":{\"@id\":\"https:\\\/\\\/motorista.com.br\\\/noticias\\\/#organization\"},\"image\":{\"@id\":\"https:\\\/\\\/motorista.com.br\\\/noticias\\\/2026\\\/09\\\/05\\\/eua-criticam-plano-israelense-sobre-limpeza-etnica-em-gaza\\\/#primaryimage\"},\"thumbnailUrl\":\"https:\\\/\\\/motorista.com.br\\\/noticias\\\/wp-content\\\/uploads\\\/2026\\\/09\\\/katz.jpg\",\"articleSection\":[\"Mundo\"],\"inLanguage\":\"pt-BR\"},{\"@type\":\"WebPage\",\"@id\":\"https:\\\/\\\/motorista.com.br\\\/noticias\\\/2026\\\/09\\\/05\\\/eua-criticam-plano-israelense-sobre-limpeza-etnica-em-gaza\\\/\",\"url\":\"https:\\\/\\\/motorista.com.br\\\/noticias\\\/2026\\\/09\\\/05\\\/eua-criticam-plano-israelense-sobre-limpeza-etnica-em-gaza\\\/\",\"name\":\"EUA criticam plano israelense sobre limpeza \u00e9tnica em Gaza - Motorista.com.br\",\"isPartOf\":{\"@id\":\"https:\\\/\\\/motorista.com.br\\\/noticias\\\/#website\"},\"primaryImageOfPage\":{\"@id\":\"https:\\\/\\\/motorista.com.br\\\/noticias\\\/2026\\\/09\\\/05\\\/eua-criticam-plano-israelense-sobre-limpeza-etnica-em-gaza\\\/#primaryimage\"},\"image\":{\"@id\":\"https:\\\/\\\/motorista.com.br\\\/noticias\\\/2026\\\/09\\\/05\\\/eua-criticam-plano-israelense-sobre-limpeza-etnica-em-gaza\\\/#primaryimage\"},\"thumbnailUrl\":\"https:\\\/\\\/motorista.com.br\\\/noticias\\\/wp-content\\\/uploads\\\/2026\\\/09\\\/katz.jpg\",\"datePublished\":\"2026-09-05T06:27:33+00:00\",\"breadcrumb\":{\"@id\":\"https:\\\/\\\/motorista.com.br\\\/noticias\\\/2026\\\/09\\\/05\\\/eua-criticam-plano-israelense-sobre-limpeza-etnica-em-gaza\\\/#breadcrumb\"},\"inLanguage\":\"pt-BR\",\"potentialAction\":[{\"@type\":\"ReadAction\",\"target\":[\"https:\\\/\\\/motorista.com.br\\\/noticias\\\/2026\\\/09\\\/05\\\/eua-criticam-plano-israelense-sobre-limpeza-etnica-em-gaza\\\/\"]}]},{\"@type\":\"ImageObject\",\"inLanguage\":\"pt-BR\",\"@id\":\"https:\\\/\\\/motorista.com.br\\\/noticias\\\/2026\\\/09\\\/05\\\/eua-criticam-plano-israelense-sobre-limpeza-etnica-em-gaza\\\/#primaryimage\",\"url\":\"https:\\\/\\\/motorista.com.br\\\/noticias\\\/wp-content\\\/uploads\\\/2026\\\/09\\\/katz.jpg\",\"contentUrl\":\"https:\\\/\\\/motorista.com.br\\\/noticias\\\/wp-content\\\/uploads\\\/2026\\\/09\\\/katz.jpg\",\"width\":935,\"height\":641},{\"@type\":\"BreadcrumbList\",\"@id\":\"https:\\\/\\\/motorista.com.br\\\/noticias\\\/2026\\\/09\\\/05\\\/eua-criticam-plano-israelense-sobre-limpeza-etnica-em-gaza\\\/#breadcrumb\",\"itemListElement\":[{\"@type\":\"ListItem\",\"position\":1,\"name\":\"In\u00edcio\",\"item\":\"https:\\\/\\\/motorista.com.br\\\/noticias\\\/\"},{\"@type\":\"ListItem\",\"position\":2,\"name\":\"EUA criticam plano israelense sobre limpeza \u00e9tnica em Gaza\"}]},{\"@type\":\"WebSite\",\"@id\":\"https:\\\/\\\/motorista.com.br\\\/noticias\\\/#website\",\"url\":\"https:\\\/\\\/motorista.com.br\\\/noticias\\\/\",\"name\":\"Motorista.com.br\",\"description\":\"Not\u00edcia do Motorista\",\"publisher\":{\"@id\":\"https:\\\/\\\/motorista.com.br\\\/noticias\\\/#organization\"},\"potentialAction\":[{\"@type\":\"SearchAction\",\"target\":{\"@type\":\"EntryPoint\",\"urlTemplate\":\"https:\\\/\\\/motorista.com.br\\\/noticias\\\/?s={search_term_string}\"},\"query-input\":{\"@type\":\"PropertyValueSpecification\",\"valueRequired\":true,\"valueName\":\"search_term_string\"}}],\"inLanguage\":\"pt-BR\"},{\"@type\":\"Organization\",\"@id\":\"https:\\\/\\\/motorista.com.br\\\/noticias\\\/#organization\",\"name\":\"Motorista.com.br\",\"url\":\"https:\\\/\\\/motorista.com.br\\\/noticias\\\/\",\"logo\":{\"@type\":\"ImageObject\",\"inLanguage\":\"pt-BR\",\"@id\":\"https:\\\/\\\/motorista.com.br\\\/noticias\\\/#\\\/schema\\\/logo\\\/image\\\/\",\"url\":\"https:\\\/\\\/motorista.com.br\\\/noticias\\\/wp-content\\\/uploads\\\/2025\\\/06\\\/Design-sem-nome-9.png\",\"contentUrl\":\"https:\\\/\\\/motorista.com.br\\\/noticias\\\/wp-content\\\/uploads\\\/2025\\\/06\\\/Design-sem-nome-9.png\",\"width\":150,\"height\":85,\"caption\":\"Motorista.com.br\"},\"image\":{\"@id\":\"https:\\\/\\\/motorista.com.br\\\/noticias\\\/#\\\/schema\\\/logo\\\/image\\\/\"}},{\"@type\":\"Person\",\"@id\":\"https:\\\/\\\/motorista.com.br\\\/noticias\\\/#\\\/schema\\\/person\\\/dc93afc2981c0e3ce6bc3c053fd847be\",\"name\":\"Equipe Reda\u00e7\u00e3o\",\"image\":{\"@type\":\"ImageObject\",\"inLanguage\":\"pt-BR\",\"@id\":\"https:\\\/\\\/secure.gravatar.com\\\/avatar\\\/4f525efbf18dd2bb300ccad28bfb99d95a9465a5ba268407c8c37b37e1f28d2d?s=96&d=mm&r=g9e099043a0c61e9ae27e293b9fa75ffc\",\"url\":\"https:\\\/\\\/secure.gravatar.com\\\/avatar\\\/4f525efbf18dd2bb300ccad28bfb99d95a9465a5ba268407c8c37b37e1f28d2d?s=96&d=mm&r=g\",\"contentUrl\":\"https:\\\/\\\/secure.gravatar.com\\\/avatar\\\/4f525efbf18dd2bb300ccad28bfb99d95a9465a5ba268407c8c37b37e1f28d2d?s=96&d=mm&r=g\",\"caption\":\"Equipe Reda\u00e7\u00e3o\"},\"description\":\"Equipe de reda\u00e7\u00e3o \u00e9 um grupo de profissionais que trabalham juntos para criar conte\u00fado escrito para Motorista.com.br\",\"url\":\"https:\\\/\\\/motorista.com.br\\\/noticias\\\/author\\\/equiperedacao\\\/\"}]}<\/script>\n<!-- \/ Yoast SEO Premium plugin. -->","yoast_head_json":{"title":"EUA criticam plano israelense sobre limpeza \u00e9tnica em Gaza - Motorista.com.br","robots":{"index":"index","follow":"follow","max-snippet":"max-snippet:-1","max-image-preview":"max-image-preview:large","max-video-preview":"max-video-preview:-1"},"canonical":"https:\/\/motorista.com.br\/noticias\/2026\/09\/05\/eua-criticam-plano-israelense-sobre-limpeza-etnica-em-gaza\/","og_locale":"pt_BR","og_type":"article","og_title":"EUA criticam plano israelense sobre limpeza \u00e9tnica em Gaza","og_description":"T\u00edtulo: A Rea\u00e7\u00e3o dos EUA \u00e0s Propostas de Deslocamento em Gaza e seus Reflexos na Mobilidade e Seguran\u00e7a da Regi\u00e3o Recentemente, o Departamento de Estado norte-americano fez uma declara\u00e7\u00e3o contundente sobre as propostas apresentadas pelo governo de Israel para o deslocamento da popula\u00e7\u00e3o palestina da Faixa de Gaza. Essa posi\u00e7\u00e3o, que rejeita o que foi &hellip;","og_url":"https:\/\/motorista.com.br\/noticias\/2026\/09\/05\/eua-criticam-plano-israelense-sobre-limpeza-etnica-em-gaza\/","og_site_name":"Motorista.com.br","article_published_time":"2026-09-05T06:27:33+00:00","author":"Equipe Reda\u00e7\u00e3o","twitter_card":"summary_large_image","twitter_misc":{"Escrito por":"Equipe Reda\u00e7\u00e3o","Est. tempo de leitura":"2 minutos","Written by":"Equipe Reda\u00e7\u00e3o"},"schema":{"@context":"https:\/\/schema.org","@graph":[{"@type":"Article","@id":"https:\/\/motorista.com.br\/noticias\/2026\/09\/05\/eua-criticam-plano-israelense-sobre-limpeza-etnica-em-gaza\/#article","isPartOf":{"@id":"https:\/\/motorista.com.br\/noticias\/2026\/09\/05\/eua-criticam-plano-israelense-sobre-limpeza-etnica-em-gaza\/"},"author":{"name":"Equipe Reda\u00e7\u00e3o","@id":"https:\/\/motorista.com.br\/noticias\/#\/schema\/person\/dc93afc2981c0e3ce6bc3c053fd847be"},"headline":"EUA criticam plano israelense sobre limpeza \u00e9tnica em Gaza","datePublished":"2026-09-05T06:27:33+00:00","mainEntityOfPage":{"@id":"https:\/\/motorista.com.br\/noticias\/2026\/09\/05\/eua-criticam-plano-israelense-sobre-limpeza-etnica-em-gaza\/"},"wordCount":447,"publisher":{"@id":"https:\/\/motorista.com.br\/noticias\/#organization"},"image":{"@id":"https:\/\/motorista.com.br\/noticias\/2026\/09\/05\/eua-criticam-plano-israelense-sobre-limpeza-etnica-em-gaza\/#primaryimage"},"thumbnailUrl":"https:\/\/motorista.com.br\/noticias\/wp-content\/uploads\/2026\/09\/katz.jpg","articleSection":["Mundo"],"inLanguage":"pt-BR"},{"@type":"WebPage","@id":"https:\/\/motorista.com.br\/noticias\/2026\/09\/05\/eua-criticam-plano-israelense-sobre-limpeza-etnica-em-gaza\/","url":"https:\/\/motorista.com.br\/noticias\/2026\/09\/05\/eua-criticam-plano-israelense-sobre-limpeza-etnica-em-gaza\/","name":"EUA criticam plano israelense sobre limpeza \u00e9tnica em Gaza - Motorista.com.br","isPartOf":{"@id":"https:\/\/motorista.com.br\/noticias\/#website"},"primaryImageOfPage":{"@id":"https:\/\/motorista.com.br\/noticias\/2026\/09\/05\/eua-criticam-plano-israelense-sobre-limpeza-etnica-em-gaza\/#primaryimage"},"image":{"@id":"https:\/\/motorista.com.br\/noticias\/2026\/09\/05\/eua-criticam-plano-israelense-sobre-limpeza-etnica-em-gaza\/#primaryimage"},"thumbnailUrl":"https:\/\/motorista.com.br\/noticias\/wp-content\/uploads\/2026\/09\/katz.jpg","datePublished":"2026-09-05T06:27:33+00:00","breadcrumb":{"@id":"https:\/\/motorista.com.br\/noticias\/2026\/09\/05\/eua-criticam-plano-israelense-sobre-limpeza-etnica-em-gaza\/#breadcrumb"},"inLanguage":"pt-BR","potentialAction":[{"@type":"ReadAction","target":["https:\/\/motorista.com.br\/noticias\/2026\/09\/05\/eua-criticam-plano-israelense-sobre-limpeza-etnica-em-gaza\/"]}]},{"@type":"ImageObject","inLanguage":"pt-BR","@id":"https:\/\/motorista.com.br\/noticias\/2026\/09\/05\/eua-criticam-plano-israelense-sobre-limpeza-etnica-em-gaza\/#primaryimage","url":"https:\/\/motorista.com.br\/noticias\/wp-content\/uploads\/2026\/09\/katz.jpg","contentUrl":"https:\/\/motorista.com.br\/noticias\/wp-content\/uploads\/2026\/09\/katz.jpg","width":935,"height":641},{"@type":"BreadcrumbList","@id":"https:\/\/motorista.com.br\/noticias\/2026\/09\/05\/eua-criticam-plano-israelense-sobre-limpeza-etnica-em-gaza\/#breadcrumb","itemListElement":[{"@type":"ListItem","position":1,"name":"In\u00edcio","item":"https:\/\/motorista.com.br\/noticias\/"},{"@type":"ListItem","position":2,"name":"EUA criticam plano israelense sobre limpeza \u00e9tnica em Gaza"}]},{"@type":"WebSite","@id":"https:\/\/motorista.com.br\/noticias\/#website","url":"https:\/\/motorista.com.br\/noticias\/","name":"Motorista.com.br","description":"Not\u00edcia do Motorista","publisher":{"@id":"https:\/\/motorista.com.br\/noticias\/#organization"},"potentialAction":[{"@type":"SearchAction","target":{"@type":"EntryPoint","urlTemplate":"https:\/\/motorista.com.br\/noticias\/?s={search_term_string}"},"query-input":{"@type":"PropertyValueSpecification","valueRequired":true,"valueName":"search_term_string"}}],"inLanguage":"pt-BR"},{"@type":"Organization","@id":"https:\/\/motorista.com.br\/noticias\/#organization","name":"Motorista.com.br","url":"https:\/\/motorista.com.br\/noticias\/","logo":{"@type":"ImageObject","inLanguage":"pt-BR","@id":"https:\/\/motorista.com.br\/noticias\/#\/schema\/logo\/image\/","url":"https:\/\/motorista.com.br\/noticias\/wp-content\/uploads\/2025\/06\/Design-sem-nome-9.png","contentUrl":"https:\/\/motorista.com.br\/noticias\/wp-content\/uploads\/2025\/06\/Design-sem-nome-9.png","width":150,"height":85,"caption":"Motorista.com.br"},"image":{"@id":"https:\/\/motorista.com.br\/noticias\/#\/schema\/logo\/image\/"}},{"@type":"Person","@id":"https:\/\/motorista.com.br\/noticias\/#\/schema\/person\/dc93afc2981c0e3ce6bc3c053fd847be","name":"Equipe Reda\u00e7\u00e3o","image":{"@type":"ImageObject","inLanguage":"pt-BR","@id":"https:\/\/secure.gravatar.com\/avatar\/4f525efbf18dd2bb300ccad28bfb99d95a9465a5ba268407c8c37b37e1f28d2d?s=96&d=mm&r=g9e099043a0c61e9ae27e293b9fa75ffc","url":"https:\/\/secure.gravatar.com\/avatar\/4f525efbf18dd2bb300ccad28bfb99d95a9465a5ba268407c8c37b37e1f28d2d?s=96&d=mm&r=g","contentUrl":"https:\/\/secure.gravatar.com\/avatar\/4f525efbf18dd2bb300ccad28bfb99d95a9465a5ba268407c8c37b37e1f28d2d?s=96&d=mm&r=g","caption":"Equipe Reda\u00e7\u00e3o"},"description":"Equipe de reda\u00e7\u00e3o \u00e9 um grupo de profissionais que trabalham juntos para criar conte\u00fado escrito para Motorista.com.br","url":"https:\/\/motorista.com.br\/noticias\/author\/equiperedacao\/"}]}},"_links":{"self":[{"href":"https:\/\/motorista.com.br\/noticias\/wp-json\/wp\/v2\/posts\/14356","targetHints":{"allow":["GET"]}}],"collection":[{"href":"https:\/\/motorista.com.br\/noticias\/wp-json\/wp\/v2\/posts"}],"about":[{"href":"https:\/\/motorista.com.br\/noticias\/wp-json\/wp\/v2\/types\/post"}],"author":[{"embeddable":true,"href":"https:\/\/motorista.com.br\/noticias\/wp-json\/wp\/v2\/users\/4"}],"replies":[{"embeddable":true,"href":"https:\/\/motorista.com.br\/noticias\/wp-json\/wp\/v2\/comments?post=14356"}],"version-history":[{"count":0,"href":"https:\/\/motorista.com.br\/noticias\/wp-json\/wp\/v2\/posts\/14356\/revisions"}],"wp:featuredmedia":[{"embeddable":true,"href":"https:\/\/motorista.com.br\/noticias\/wp-json\/wp\/v2\/media\/14357"}],"wp:attachment":[{"href":"https:\/\/motorista.com.br\/noticias\/wp-json\/wp\/v2\/media?parent=14356"}],"wp:term":[{"taxonomy":"category","embeddable":true,"href":"https:\/\/motorista.com.br\/noticias\/wp-json\/wp\/v2\/categories?post=14356"},{"taxonomy":"post_tag","embeddable":true,"href":"https:\/\/motorista.com.br\/noticias\/wp-json\/wp\/v2\/tags?post=14356"},{"taxonomy":"author","embeddable":true,"href":"https:\/\/motorista.com.br\/noticias\/wp-json\/wp\/v2\/coauthors?post=14356"}],"curies":[{"name":"wp","href":"https:\/\/api.w.org\/{rel}","templated":true}]}}