{"id":14354,"date":"2026-09-05T03:22:49","date_gmt":"2026-09-05T06:22:49","guid":{"rendered":"https:\/\/motorista.com.br\/noticias\/2026\/09\/05\/fashini-investe-em-logistica-integrada-para-crescer-no-mercado-de-beleza\/"},"modified":"2026-09-05T03:22:49","modified_gmt":"2026-09-05T06:22:49","slug":"fashini-investe-em-logistica-integrada-para-crescer-no-mercado-de-beleza","status":"publish","type":"post","link":"https:\/\/motorista.com.br\/noticias\/2026\/09\/05\/fashini-investe-em-logistica-integrada-para-crescer-no-mercado-de-beleza\/","title":{"rendered":"Fashini investe em log\u00edstica integrada para crescer no mercado de beleza."},"content":{"rendered":"<p><\/p>\n<div itemprop=\"articleBody\">\n<p>A expans\u00e3o do mercado brasileiro de beleza abre oportunidades n\u00e3o apenas para novas marcas e produtos, mas tamb\u00e9m para modelos mais integrados de produ\u00e7\u00e3o e log\u00edstica. Nesse contexto, a Guangzhou Fashini Biotechnology, uma empresa chinesa especializada na fabrica\u00e7\u00e3o de cosm\u00e9ticos nos modelos OEM, ODM e Private Label, busca ampliar sua atua\u00e7\u00e3o no Brasil.<\/p>\n<p>Filipi Goshrman C\u00e2ndido foi nomeado respons\u00e1vel pela \u00e1rea de Expans\u00e3o e Neg\u00f3cios no Pa\u00eds. Com vasta experi\u00eancia em marcas internacionais e em setores de transporte e log\u00edstica, ele chega com a miss\u00e3o de estruturar os neg\u00f3cios da fabricante chinesa no mercado brasileiro.<\/p>\n<p>Mais do que fornecer produtos acabados, a Fashini apresenta uma opera\u00e7\u00e3o integrada que re\u00fane diferentes etapas da cadeia de produ\u00e7\u00e3o. Este modelo abrange desde a pesquisa e defini\u00e7\u00e3o do conceito do produto at\u00e9 a fabrica\u00e7\u00e3o em escala e a entrega log\u00edstica.<\/p>\n<h2 class=\"wp-block-heading\">Log\u00edstica integrada<\/h2>\n<p>Na fase log\u00edstica, a empresa destaca o acompanhamento de embarques e suporte \u00e0 exporta\u00e7\u00e3o. A proposta \u00e9 concentrar em uma \u00fanica opera\u00e7\u00e3o atividades que normalmente envolveriam diversos fornecedores, reduzindo a complexidade para as marcas que contratam a fabrica\u00e7\u00e3o. Essa simplifica\u00e7\u00e3o \u00e9 um benef\u00edcio palp\u00e1vel para os motoristas, pois um fluxo log\u00edstico mais eficiente pode diminuir o tempo de espera e de transporte, impactando positivamente na mobilidade geral do setor.<\/p>\n<p>Esse modelo se torna ainda mais relevante para as empresas brasileiras de beleza que buscam desenvolver produtos no exterior, que necessitam coordenar uma cadeia complexa que envolve fornecedores de mat\u00e9rias-primas, produ\u00e7\u00e3o, controle de qualidade e transporte internacional. Um gerenciamento log\u00edstico integrado facilita o fluxo de mercadorias, resultando em menos congestionamentos e tempos de entrega mais r\u00e1pidos.<\/p>\n<p>A Fashini opera em uma estrutura industrial de 20 mil metros quadrados, com padr\u00f5es internacionais de qualidade, e conta com laborat\u00f3rios pr\u00f3prios de pesquisa e desenvolvimento. Com uma rede global de fornecedores de mat\u00e9rias-primas, a empresa posiciona-se para atender a crescente demanda do mercado local.<\/p>\n<h2 class=\"wp-block-heading\">Da f\u00e1brica ao mercado brasileiro<\/h2>\n<p>Desde sua funda\u00e7\u00e3o em 2014, a Fashini tem se dedicado ao desenvolvimento e produ\u00e7\u00e3o de cosm\u00e9ticos para marcas nacionais e internacionais, atendendo a mais de 300 marcas globalmente. A estrat\u00e9gia atual \u00e9 utilizar essa robusta estrutura para expandir sua presen\u00e7a no Brasil e, mais adiante, na Am\u00e9rica Latina.<\/p>\n<p>O portf\u00f3lio da empresa abrange uma variedade de produtos, incluindo skincare, hair care, body care, maquiagem, al\u00e9m de linhas de higiene pessoal, perfumaria, cuidados masculinos e itens para m\u00e3es e beb\u00eas.<\/p>\n<p>Para Goshrman, a combina\u00e7\u00e3o entre capacidade industrial, desenvolvimento de produtos e uma estrutura log\u00edstica s\u00f3lida \u00e9 um dos principais diferenciais da Fashini para atender \u00e0s demandas das marcas brasileiras. \u201cA Fashini combina uma infraestrutura industrial de ponta com mais de 3.000 f\u00f3rmulas maduras, capacidade de P&#038;D de n\u00edvel global e rigorosas certifica\u00e7\u00f5es internacionais\u201d, afirma o executivo.<\/p>\n<p>Com a expans\u00e3o em territ\u00f3rio brasileiro, a empresa visa aproximar sua estrutura industrial da demanda local, oferecendo desde o desenvolvimento de produtos at\u00e9 a produ\u00e7\u00e3o em escala e suporte \u00e0s opera\u00e7\u00f5es de embarque e exporta\u00e7\u00e3o. Isso n\u00e3o apenas beneficia as marcas, mas tamb\u00e9m melhora a efici\u00eancia da mobilidade urbana, permitindo que produtos cheguem ao consumidor final de forma mais r\u00e1pida e eficaz.<\/p>\n<\/div>\n<p>Fonte: transportemoderno<\/p>\n","protected":false},"excerpt":{"rendered":"<p>A expans\u00e3o do mercado brasileiro de beleza abre oportunidades n\u00e3o apenas para novas marcas e produtos, mas tamb\u00e9m para modelos mais integrados de produ\u00e7\u00e3o e log\u00edstica. Nesse contexto, a Guangzhou Fashini Biotechnology, uma empresa chinesa especializada na fabrica\u00e7\u00e3o de cosm\u00e9ticos nos modelos OEM, ODM e Private Label, busca ampliar sua atua\u00e7\u00e3o no Brasil. Filipi Goshrman &hellip;<\/p>\n","protected":false},"author":4,"featured_media":14355,"comment_status":"","ping_status":"open","sticky":false,"template":"","format":"standard","meta":{"footnotes":""},"categories":[62],"tags":[],"coauthors":[42],"class_list":["post-14354","post","type-post","status-publish","format-standard","has-post-thumbnail","hentry","category-logistica"],"yoast_head":"<!-- This site is optimized with the Yoast SEO Premium plugin v27.6.1 (Yoast SEO v28.4) - https:\/\/yoast.com\/product\/yoast-seo-premium-wordpress\/ -->\n<title>Fashini investe em log\u00edstica integrada para crescer no mercado de beleza. - Motorista.com.br<\/title>\n<meta name=\"robots\" content=\"index, follow, max-snippet:-1, max-image-preview:large, max-video-preview:-1\" \/>\n<link rel=\"canonical\" href=\"https:\/\/motorista.com.br\/noticias\/2026\/09\/05\/fashini-investe-em-logistica-integrada-para-crescer-no-mercado-de-beleza\/\" \/>\n<meta property=\"og:locale\" content=\"pt_BR\" \/>\n<meta property=\"og:type\" content=\"article\" \/>\n<meta property=\"og:title\" content=\"Fashini investe em log\u00edstica integrada para crescer no mercado de beleza.\" \/>\n<meta property=\"og:description\" content=\"A expans\u00e3o do mercado brasileiro de beleza abre oportunidades n\u00e3o apenas para novas marcas e produtos, mas tamb\u00e9m para modelos mais integrados de produ\u00e7\u00e3o e log\u00edstica. Nesse contexto, a Guangzhou Fashini Biotechnology, uma empresa chinesa especializada na fabrica\u00e7\u00e3o de cosm\u00e9ticos nos modelos OEM, ODM e Private Label, busca ampliar sua atua\u00e7\u00e3o no Brasil. Filipi Goshrman &hellip;\" \/>\n<meta property=\"og:url\" content=\"https:\/\/motorista.com.br\/noticias\/2026\/09\/05\/fashini-investe-em-logistica-integrada-para-crescer-no-mercado-de-beleza\/\" \/>\n<meta property=\"og:site_name\" content=\"Motorista.com.br\" \/>\n<meta property=\"article:published_time\" content=\"2026-09-05T06:22:49+00:00\" \/>\n<meta name=\"author\" content=\"Equipe Reda\u00e7\u00e3o\" \/>\n<meta name=\"twitter:card\" content=\"summary_large_image\" \/>\n<meta name=\"twitter:label1\" content=\"Escrito por\" \/>\n\t<meta name=\"twitter:data1\" content=\"Equipe Reda\u00e7\u00e3o\" \/>\n\t<meta name=\"twitter:label2\" content=\"Est. tempo de leitura\" \/>\n\t<meta name=\"twitter:data2\" content=\"3 minutos\" \/>\n\t<meta name=\"twitter:label3\" content=\"Written by\" \/>\n\t<meta name=\"twitter:data3\" content=\"Equipe Reda\u00e7\u00e3o\" \/>\n<script type=\"application\/ld+json\" class=\"yoast-schema-graph\">{\"@context\":\"https:\\\/\\\/schema.org\",\"@graph\":[{\"@type\":\"Article\",\"@id\":\"https:\\\/\\\/motorista.com.br\\\/noticias\\\/2026\\\/09\\\/05\\\/fashini-investe-em-logistica-integrada-para-crescer-no-mercado-de-beleza\\\/#article\",\"isPartOf\":{\"@id\":\"https:\\\/\\\/motorista.com.br\\\/noticias\\\/2026\\\/09\\\/05\\\/fashini-investe-em-logistica-integrada-para-crescer-no-mercado-de-beleza\\\/\"},\"author\":{\"name\":\"Equipe Reda\u00e7\u00e3o\",\"@id\":\"https:\\\/\\\/motorista.com.br\\\/noticias\\\/#\\\/schema\\\/person\\\/dc93afc2981c0e3ce6bc3c053fd847be\"},\"headline\":\"Fashini investe em log\u00edstica integrada para crescer no mercado de beleza.\",\"datePublished\":\"2026-09-05T06:22:49+00:00\",\"mainEntityOfPage\":{\"@id\":\"https:\\\/\\\/motorista.com.br\\\/noticias\\\/2026\\\/09\\\/05\\\/fashini-investe-em-logistica-integrada-para-crescer-no-mercado-de-beleza\\\/\"},\"wordCount\":582,\"publisher\":{\"@id\":\"https:\\\/\\\/motorista.com.br\\\/noticias\\\/#organization\"},\"image\":{\"@id\":\"https:\\\/\\\/motorista.com.br\\\/noticias\\\/2026\\\/09\\\/05\\\/fashini-investe-em-logistica-integrada-para-crescer-no-mercado-de-beleza\\\/#primaryimage\"},\"thumbnailUrl\":\"https:\\\/\\\/motorista.com.br\\\/noticias\\\/wp-content\\\/uploads\\\/2026\\\/09\\\/Sem-titulo-2.jpg\",\"articleSection\":[\"Log\u00edstica\"],\"inLanguage\":\"pt-BR\"},{\"@type\":\"WebPage\",\"@id\":\"https:\\\/\\\/motorista.com.br\\\/noticias\\\/2026\\\/09\\\/05\\\/fashini-investe-em-logistica-integrada-para-crescer-no-mercado-de-beleza\\\/\",\"url\":\"https:\\\/\\\/motorista.com.br\\\/noticias\\\/2026\\\/09\\\/05\\\/fashini-investe-em-logistica-integrada-para-crescer-no-mercado-de-beleza\\\/\",\"name\":\"Fashini investe em log\u00edstica integrada para crescer no mercado de beleza. - Motorista.com.br\",\"isPartOf\":{\"@id\":\"https:\\\/\\\/motorista.com.br\\\/noticias\\\/#website\"},\"primaryImageOfPage\":{\"@id\":\"https:\\\/\\\/motorista.com.br\\\/noticias\\\/2026\\\/09\\\/05\\\/fashini-investe-em-logistica-integrada-para-crescer-no-mercado-de-beleza\\\/#primaryimage\"},\"image\":{\"@id\":\"https:\\\/\\\/motorista.com.br\\\/noticias\\\/2026\\\/09\\\/05\\\/fashini-investe-em-logistica-integrada-para-crescer-no-mercado-de-beleza\\\/#primaryimage\"},\"thumbnailUrl\":\"https:\\\/\\\/motorista.com.br\\\/noticias\\\/wp-content\\\/uploads\\\/2026\\\/09\\\/Sem-titulo-2.jpg\",\"datePublished\":\"2026-09-05T06:22:49+00:00\",\"breadcrumb\":{\"@id\":\"https:\\\/\\\/motorista.com.br\\\/noticias\\\/2026\\\/09\\\/05\\\/fashini-investe-em-logistica-integrada-para-crescer-no-mercado-de-beleza\\\/#breadcrumb\"},\"inLanguage\":\"pt-BR\",\"potentialAction\":[{\"@type\":\"ReadAction\",\"target\":[\"https:\\\/\\\/motorista.com.br\\\/noticias\\\/2026\\\/09\\\/05\\\/fashini-investe-em-logistica-integrada-para-crescer-no-mercado-de-beleza\\\/\"]}]},{\"@type\":\"ImageObject\",\"inLanguage\":\"pt-BR\",\"@id\":\"https:\\\/\\\/motorista.com.br\\\/noticias\\\/2026\\\/09\\\/05\\\/fashini-investe-em-logistica-integrada-para-crescer-no-mercado-de-beleza\\\/#primaryimage\",\"url\":\"https:\\\/\\\/motorista.com.br\\\/noticias\\\/wp-content\\\/uploads\\\/2026\\\/09\\\/Sem-titulo-2.jpg\",\"contentUrl\":\"https:\\\/\\\/motorista.com.br\\\/noticias\\\/wp-content\\\/uploads\\\/2026\\\/09\\\/Sem-titulo-2.jpg\",\"width\":1600,\"height\":900},{\"@type\":\"BreadcrumbList\",\"@id\":\"https:\\\/\\\/motorista.com.br\\\/noticias\\\/2026\\\/09\\\/05\\\/fashini-investe-em-logistica-integrada-para-crescer-no-mercado-de-beleza\\\/#breadcrumb\",\"itemListElement\":[{\"@type\":\"ListItem\",\"position\":1,\"name\":\"In\u00edcio\",\"item\":\"https:\\\/\\\/motorista.com.br\\\/noticias\\\/\"},{\"@type\":\"ListItem\",\"position\":2,\"name\":\"Fashini investe em log\u00edstica integrada para crescer no mercado de beleza.\"}]},{\"@type\":\"WebSite\",\"@id\":\"https:\\\/\\\/motorista.com.br\\\/noticias\\\/#website\",\"url\":\"https:\\\/\\\/motorista.com.br\\\/noticias\\\/\",\"name\":\"Motorista.com.br\",\"description\":\"Not\u00edcia do Motorista\",\"publisher\":{\"@id\":\"https:\\\/\\\/motorista.com.br\\\/noticias\\\/#organization\"},\"potentialAction\":[{\"@type\":\"SearchAction\",\"target\":{\"@type\":\"EntryPoint\",\"urlTemplate\":\"https:\\\/\\\/motorista.com.br\\\/noticias\\\/?s={search_term_string}\"},\"query-input\":{\"@type\":\"PropertyValueSpecification\",\"valueRequired\":true,\"valueName\":\"search_term_string\"}}],\"inLanguage\":\"pt-BR\"},{\"@type\":\"Organization\",\"@id\":\"https:\\\/\\\/motorista.com.br\\\/noticias\\\/#organization\",\"name\":\"Motorista.com.br\",\"url\":\"https:\\\/\\\/motorista.com.br\\\/noticias\\\/\",\"logo\":{\"@type\":\"ImageObject\",\"inLanguage\":\"pt-BR\",\"@id\":\"https:\\\/\\\/motorista.com.br\\\/noticias\\\/#\\\/schema\\\/logo\\\/image\\\/\",\"url\":\"https:\\\/\\\/motorista.com.br\\\/noticias\\\/wp-content\\\/uploads\\\/2025\\\/06\\\/Design-sem-nome-9.png\",\"contentUrl\":\"https:\\\/\\\/motorista.com.br\\\/noticias\\\/wp-content\\\/uploads\\\/2025\\\/06\\\/Design-sem-nome-9.png\",\"width\":150,\"height\":85,\"caption\":\"Motorista.com.br\"},\"image\":{\"@id\":\"https:\\\/\\\/motorista.com.br\\\/noticias\\\/#\\\/schema\\\/logo\\\/image\\\/\"}},{\"@type\":\"Person\",\"@id\":\"https:\\\/\\\/motorista.com.br\\\/noticias\\\/#\\\/schema\\\/person\\\/dc93afc2981c0e3ce6bc3c053fd847be\",\"name\":\"Equipe Reda\u00e7\u00e3o\",\"image\":{\"@type\":\"ImageObject\",\"inLanguage\":\"pt-BR\",\"@id\":\"https:\\\/\\\/secure.gravatar.com\\\/avatar\\\/4f525efbf18dd2bb300ccad28bfb99d95a9465a5ba268407c8c37b37e1f28d2d?s=96&d=mm&r=g9e099043a0c61e9ae27e293b9fa75ffc\",\"url\":\"https:\\\/\\\/secure.gravatar.com\\\/avatar\\\/4f525efbf18dd2bb300ccad28bfb99d95a9465a5ba268407c8c37b37e1f28d2d?s=96&d=mm&r=g\",\"contentUrl\":\"https:\\\/\\\/secure.gravatar.com\\\/avatar\\\/4f525efbf18dd2bb300ccad28bfb99d95a9465a5ba268407c8c37b37e1f28d2d?s=96&d=mm&r=g\",\"caption\":\"Equipe Reda\u00e7\u00e3o\"},\"description\":\"Equipe de reda\u00e7\u00e3o \u00e9 um grupo de profissionais que trabalham juntos para criar conte\u00fado escrito para Motorista.com.br\",\"url\":\"https:\\\/\\\/motorista.com.br\\\/noticias\\\/author\\\/equiperedacao\\\/\"}]}<\/script>\n<!-- \/ Yoast SEO Premium plugin. -->","yoast_head_json":{"title":"Fashini investe em log\u00edstica integrada para crescer no mercado de beleza. - Motorista.com.br","robots":{"index":"index","follow":"follow","max-snippet":"max-snippet:-1","max-image-preview":"max-image-preview:large","max-video-preview":"max-video-preview:-1"},"canonical":"https:\/\/motorista.com.br\/noticias\/2026\/09\/05\/fashini-investe-em-logistica-integrada-para-crescer-no-mercado-de-beleza\/","og_locale":"pt_BR","og_type":"article","og_title":"Fashini investe em log\u00edstica integrada para crescer no mercado de beleza.","og_description":"A expans\u00e3o do mercado brasileiro de beleza abre oportunidades n\u00e3o apenas para novas marcas e produtos, mas tamb\u00e9m para modelos mais integrados de produ\u00e7\u00e3o e log\u00edstica. Nesse contexto, a Guangzhou Fashini Biotechnology, uma empresa chinesa especializada na fabrica\u00e7\u00e3o de cosm\u00e9ticos nos modelos OEM, ODM e Private Label, busca ampliar sua atua\u00e7\u00e3o no Brasil. Filipi Goshrman &hellip;","og_url":"https:\/\/motorista.com.br\/noticias\/2026\/09\/05\/fashini-investe-em-logistica-integrada-para-crescer-no-mercado-de-beleza\/","og_site_name":"Motorista.com.br","article_published_time":"2026-09-05T06:22:49+00:00","author":"Equipe Reda\u00e7\u00e3o","twitter_card":"summary_large_image","twitter_misc":{"Escrito por":"Equipe Reda\u00e7\u00e3o","Est. tempo de leitura":"3 minutos","Written by":"Equipe Reda\u00e7\u00e3o"},"schema":{"@context":"https:\/\/schema.org","@graph":[{"@type":"Article","@id":"https:\/\/motorista.com.br\/noticias\/2026\/09\/05\/fashini-investe-em-logistica-integrada-para-crescer-no-mercado-de-beleza\/#article","isPartOf":{"@id":"https:\/\/motorista.com.br\/noticias\/2026\/09\/05\/fashini-investe-em-logistica-integrada-para-crescer-no-mercado-de-beleza\/"},"author":{"name":"Equipe Reda\u00e7\u00e3o","@id":"https:\/\/motorista.com.br\/noticias\/#\/schema\/person\/dc93afc2981c0e3ce6bc3c053fd847be"},"headline":"Fashini investe em log\u00edstica integrada para crescer no mercado de beleza.","datePublished":"2026-09-05T06:22:49+00:00","mainEntityOfPage":{"@id":"https:\/\/motorista.com.br\/noticias\/2026\/09\/05\/fashini-investe-em-logistica-integrada-para-crescer-no-mercado-de-beleza\/"},"wordCount":582,"publisher":{"@id":"https:\/\/motorista.com.br\/noticias\/#organization"},"image":{"@id":"https:\/\/motorista.com.br\/noticias\/2026\/09\/05\/fashini-investe-em-logistica-integrada-para-crescer-no-mercado-de-beleza\/#primaryimage"},"thumbnailUrl":"https:\/\/motorista.com.br\/noticias\/wp-content\/uploads\/2026\/09\/Sem-titulo-2.jpg","articleSection":["Log\u00edstica"],"inLanguage":"pt-BR"},{"@type":"WebPage","@id":"https:\/\/motorista.com.br\/noticias\/2026\/09\/05\/fashini-investe-em-logistica-integrada-para-crescer-no-mercado-de-beleza\/","url":"https:\/\/motorista.com.br\/noticias\/2026\/09\/05\/fashini-investe-em-logistica-integrada-para-crescer-no-mercado-de-beleza\/","name":"Fashini investe em log\u00edstica integrada para crescer no mercado de beleza. - Motorista.com.br","isPartOf":{"@id":"https:\/\/motorista.com.br\/noticias\/#website"},"primaryImageOfPage":{"@id":"https:\/\/motorista.com.br\/noticias\/2026\/09\/05\/fashini-investe-em-logistica-integrada-para-crescer-no-mercado-de-beleza\/#primaryimage"},"image":{"@id":"https:\/\/motorista.com.br\/noticias\/2026\/09\/05\/fashini-investe-em-logistica-integrada-para-crescer-no-mercado-de-beleza\/#primaryimage"},"thumbnailUrl":"https:\/\/motorista.com.br\/noticias\/wp-content\/uploads\/2026\/09\/Sem-titulo-2.jpg","datePublished":"2026-09-05T06:22:49+00:00","breadcrumb":{"@id":"https:\/\/motorista.com.br\/noticias\/2026\/09\/05\/fashini-investe-em-logistica-integrada-para-crescer-no-mercado-de-beleza\/#breadcrumb"},"inLanguage":"pt-BR","potentialAction":[{"@type":"ReadAction","target":["https:\/\/motorista.com.br\/noticias\/2026\/09\/05\/fashini-investe-em-logistica-integrada-para-crescer-no-mercado-de-beleza\/"]}]},{"@type":"ImageObject","inLanguage":"pt-BR","@id":"https:\/\/motorista.com.br\/noticias\/2026\/09\/05\/fashini-investe-em-logistica-integrada-para-crescer-no-mercado-de-beleza\/#primaryimage","url":"https:\/\/motorista.com.br\/noticias\/wp-content\/uploads\/2026\/09\/Sem-titulo-2.jpg","contentUrl":"https:\/\/motorista.com.br\/noticias\/wp-content\/uploads\/2026\/09\/Sem-titulo-2.jpg","width":1600,"height":900},{"@type":"BreadcrumbList","@id":"https:\/\/motorista.com.br\/noticias\/2026\/09\/05\/fashini-investe-em-logistica-integrada-para-crescer-no-mercado-de-beleza\/#breadcrumb","itemListElement":[{"@type":"ListItem","position":1,"name":"In\u00edcio","item":"https:\/\/motorista.com.br\/noticias\/"},{"@type":"ListItem","position":2,"name":"Fashini investe em log\u00edstica integrada para crescer no mercado de beleza."}]},{"@type":"WebSite","@id":"https:\/\/motorista.com.br\/noticias\/#website","url":"https:\/\/motorista.com.br\/noticias\/","name":"Motorista.com.br","description":"Not\u00edcia do Motorista","publisher":{"@id":"https:\/\/motorista.com.br\/noticias\/#organization"},"potentialAction":[{"@type":"SearchAction","target":{"@type":"EntryPoint","urlTemplate":"https:\/\/motorista.com.br\/noticias\/?s={search_term_string}"},"query-input":{"@type":"PropertyValueSpecification","valueRequired":true,"valueName":"search_term_string"}}],"inLanguage":"pt-BR"},{"@type":"Organization","@id":"https:\/\/motorista.com.br\/noticias\/#organization","name":"Motorista.com.br","url":"https:\/\/motorista.com.br\/noticias\/","logo":{"@type":"ImageObject","inLanguage":"pt-BR","@id":"https:\/\/motorista.com.br\/noticias\/#\/schema\/logo\/image\/","url":"https:\/\/motorista.com.br\/noticias\/wp-content\/uploads\/2025\/06\/Design-sem-nome-9.png","contentUrl":"https:\/\/motorista.com.br\/noticias\/wp-content\/uploads\/2025\/06\/Design-sem-nome-9.png","width":150,"height":85,"caption":"Motorista.com.br"},"image":{"@id":"https:\/\/motorista.com.br\/noticias\/#\/schema\/logo\/image\/"}},{"@type":"Person","@id":"https:\/\/motorista.com.br\/noticias\/#\/schema\/person\/dc93afc2981c0e3ce6bc3c053fd847be","name":"Equipe Reda\u00e7\u00e3o","image":{"@type":"ImageObject","inLanguage":"pt-BR","@id":"https:\/\/secure.gravatar.com\/avatar\/4f525efbf18dd2bb300ccad28bfb99d95a9465a5ba268407c8c37b37e1f28d2d?s=96&d=mm&r=g9e099043a0c61e9ae27e293b9fa75ffc","url":"https:\/\/secure.gravatar.com\/avatar\/4f525efbf18dd2bb300ccad28bfb99d95a9465a5ba268407c8c37b37e1f28d2d?s=96&d=mm&r=g","contentUrl":"https:\/\/secure.gravatar.com\/avatar\/4f525efbf18dd2bb300ccad28bfb99d95a9465a5ba268407c8c37b37e1f28d2d?s=96&d=mm&r=g","caption":"Equipe Reda\u00e7\u00e3o"},"description":"Equipe de reda\u00e7\u00e3o \u00e9 um grupo de profissionais que trabalham juntos para criar conte\u00fado escrito para Motorista.com.br","url":"https:\/\/motorista.com.br\/noticias\/author\/equiperedacao\/"}]}},"_links":{"self":[{"href":"https:\/\/motorista.com.br\/noticias\/wp-json\/wp\/v2\/posts\/14354","targetHints":{"allow":["GET"]}}],"collection":[{"href":"https:\/\/motorista.com.br\/noticias\/wp-json\/wp\/v2\/posts"}],"about":[{"href":"https:\/\/motorista.com.br\/noticias\/wp-json\/wp\/v2\/types\/post"}],"author":[{"embeddable":true,"href":"https:\/\/motorista.com.br\/noticias\/wp-json\/wp\/v2\/users\/4"}],"replies":[{"embeddable":true,"href":"https:\/\/motorista.com.br\/noticias\/wp-json\/wp\/v2\/comments?post=14354"}],"version-history":[{"count":0,"href":"https:\/\/motorista.com.br\/noticias\/wp-json\/wp\/v2\/posts\/14354\/revisions"}],"wp:featuredmedia":[{"embeddable":true,"href":"https:\/\/motorista.com.br\/noticias\/wp-json\/wp\/v2\/media\/14355"}],"wp:attachment":[{"href":"https:\/\/motorista.com.br\/noticias\/wp-json\/wp\/v2\/media?parent=14354"}],"wp:term":[{"taxonomy":"category","embeddable":true,"href":"https:\/\/motorista.com.br\/noticias\/wp-json\/wp\/v2\/categories?post=14354"},{"taxonomy":"post_tag","embeddable":true,"href":"https:\/\/motorista.com.br\/noticias\/wp-json\/wp\/v2\/tags?post=14354"},{"taxonomy":"author","embeddable":true,"href":"https:\/\/motorista.com.br\/noticias\/wp-json\/wp\/v2\/coauthors?post=14354"}],"curies":[{"name":"wp","href":"https:\/\/api.w.org\/{rel}","templated":true}]}}