{"id":14347,"date":"2026-09-04T21:22:01","date_gmt":"2026-09-05T00:22:01","guid":{"rendered":"https:\/\/motorista.com.br\/noticias\/2026\/09\/04\/advogada-do-senado-explica-detalhes-da-lei-de-licenciamento-ambiental\/"},"modified":"2026-09-04T21:22:01","modified_gmt":"2026-09-05T00:22:01","slug":"advogada-do-senado-explica-detalhes-da-lei-de-licenciamento-ambiental","status":"publish","type":"post","link":"https:\/\/motorista.com.br\/noticias\/2026\/09\/04\/advogada-do-senado-explica-detalhes-da-lei-de-licenciamento-ambiental\/","title":{"rendered":"Advogada do Senado explica detalhes da Lei de Licenciamento Ambiental."},"content":{"rendered":"<p><\/p>\n<p><strong>Jurista e advogada do Senado detalham aspectos da Lei de Licenciamento Ambiental em encontro promovido pelo IBL<\/strong><\/p>\n<p>Nesta \u00faltima semana, um encontro promovido pelo Instituto Brasil Log\u00edstica (IBL) abordou os aspectos da Lei de Licenciamento Ambiental. O evento contou com a presen\u00e7a de juristas e advogados do Senado, que discutiram as implica\u00e7\u00f5es e benef\u00edcios dessa legisla\u00e7\u00e3o para a mobilidade e o setor de transporte.<\/p>\n<p><strong>Benef\u00edcios da Lei de Licenciamento Ambiental para a Mobilidade<\/strong><\/p>\n<p>A Lei de Licenciamento Ambiental visa garantir que projetos e atividades tenham suas potencialidades de impacto ambiental avaliadas de maneira rigorosa. Para motoristas e usu\u00e1rios de sistemas de transporte, isso significa um compromisso com a qualidade do ar e do ambiente em que vivem e transitam. O controle dos impactos ambientais traz para a comunidade a redu\u00e7\u00e3o de polui\u00e7\u00e3o e o aumento da seguran\u00e7a nas vias.<\/p>\n<p>Um dos pontos destacados foi a import\u00e2ncia da conformidade com a legisla\u00e7\u00e3o, que se traduz em melhores pr\u00e1ticas de atua\u00e7\u00e3o para empresas de transporte e log\u00edstica. Isso n\u00e3o apenas protege o meio ambiente, mas tamb\u00e9m gera benef\u00edcios diretos para os motoristas, como infraestrutura vi\u00e1ria de qualidade, menos congestionamentos e, consequentemente, menos estresse no tr\u00e2nsito.<\/p>\n<p><strong>Impactos Positivos no Setor de Transporte<\/strong><\/p>\n<p>Al\u00e9m da melhoria na qualidade de vida da popula\u00e7\u00e3o, a implementa\u00e7\u00e3o eficaz da Lei de Licenciamento Ambiental pode promover investimentos em tecnologia e inova\u00e7\u00e3o dentro do setor de transporte. Com um foco maior em pr\u00e1ticas sustent\u00e1veis, as empresas tendem a adotar ve\u00edculos menos poluentes e a fomentar pr\u00e1ticas que contribuam para a mobilidade urbana.<\/p>\n<p>A legisla\u00e7\u00e3o tamb\u00e9m se alinha aos interesses dos motoristas, ao assegurar que as obras vi\u00e1rias sejam realizadas com responsabilidade, resultando em estradas mais seguras e condi\u00e7\u00f5es de navega\u00e7\u00e3o mais eficientes. Isso n\u00e3o apenas reduz os custos operacionais, mas tamb\u00e9m melhora a experi\u00eancia do usu\u00e1rio.<\/p>\n<p><strong>Conclus\u00e3o<\/strong><\/p>\n<p>Discutir a Lei de Licenciamento Ambiental em um encontro como o promovido pelo IBL \u00e9 fundamental para entender como a legisla\u00e7\u00e3o impacta a mobilidade e a vida dos motoristas. A conscientiza\u00e7\u00e3o acerca desses aspectos pode incentivar a\u00e7\u00f5es mais proativas entre os profissionais do setor, resultando em um transporte mais justo, sustent\u00e1vel e eficiente para todos.<\/p>\n<p><strong>Fonte: IBL<\/strong><\/p>\n","protected":false},"excerpt":{"rendered":"<p>Jurista e advogada do Senado detalham aspectos da Lei de Licenciamento Ambiental em encontro promovido pelo IBL Nesta \u00faltima semana, um encontro promovido pelo Instituto Brasil Log\u00edstica (IBL) abordou os aspectos da Lei de Licenciamento Ambiental. O evento contou com a presen\u00e7a de juristas e advogados do Senado, que discutiram as implica\u00e7\u00f5es e benef\u00edcios dessa &hellip;<\/p>\n","protected":false},"author":4,"featured_media":14348,"comment_status":"","ping_status":"open","sticky":false,"template":"","format":"standard","meta":{"footnotes":""},"categories":[62],"tags":[],"coauthors":[42],"class_list":["post-14347","post","type-post","status-publish","format-standard","has-post-thumbnail","hentry","category-logistica"],"yoast_head":"<!-- This site is optimized with the Yoast SEO Premium plugin v27.6.1 (Yoast SEO v28.4) - https:\/\/yoast.com\/product\/yoast-seo-premium-wordpress\/ -->\n<title>Advogada do Senado explica detalhes da Lei de Licenciamento Ambiental. - Motorista.com.br<\/title>\n<meta name=\"robots\" content=\"index, follow, max-snippet:-1, max-image-preview:large, max-video-preview:-1\" \/>\n<link rel=\"canonical\" href=\"https:\/\/motorista.com.br\/noticias\/2026\/09\/04\/advogada-do-senado-explica-detalhes-da-lei-de-licenciamento-ambiental\/\" \/>\n<meta property=\"og:locale\" content=\"pt_BR\" \/>\n<meta property=\"og:type\" content=\"article\" \/>\n<meta property=\"og:title\" content=\"Advogada do Senado explica detalhes da Lei de Licenciamento Ambiental.\" \/>\n<meta property=\"og:description\" content=\"Jurista e advogada do Senado detalham aspectos da Lei de Licenciamento Ambiental em encontro promovido pelo IBL Nesta \u00faltima semana, um encontro promovido pelo Instituto Brasil Log\u00edstica (IBL) abordou os aspectos da Lei de Licenciamento Ambiental. O evento contou com a presen\u00e7a de juristas e advogados do Senado, que discutiram as implica\u00e7\u00f5es e benef\u00edcios dessa &hellip;\" \/>\n<meta property=\"og:url\" content=\"https:\/\/motorista.com.br\/noticias\/2026\/09\/04\/advogada-do-senado-explica-detalhes-da-lei-de-licenciamento-ambiental\/\" \/>\n<meta property=\"og:site_name\" content=\"Motorista.com.br\" \/>\n<meta property=\"article:published_time\" content=\"2026-09-05T00:22:01+00:00\" \/>\n<meta name=\"author\" content=\"Equipe Reda\u00e7\u00e3o\" \/>\n<meta name=\"twitter:card\" content=\"summary_large_image\" \/>\n<meta name=\"twitter:label1\" content=\"Escrito por\" \/>\n\t<meta name=\"twitter:data1\" content=\"Equipe Reda\u00e7\u00e3o\" \/>\n\t<meta name=\"twitter:label2\" content=\"Est. tempo de leitura\" \/>\n\t<meta name=\"twitter:data2\" content=\"2 minutos\" \/>\n\t<meta name=\"twitter:label3\" content=\"Written by\" \/>\n\t<meta name=\"twitter:data3\" content=\"Equipe Reda\u00e7\u00e3o\" \/>\n<script type=\"application\/ld+json\" class=\"yoast-schema-graph\">{\"@context\":\"https:\\\/\\\/schema.org\",\"@graph\":[{\"@type\":\"Article\",\"@id\":\"https:\\\/\\\/motorista.com.br\\\/noticias\\\/2026\\\/09\\\/04\\\/advogada-do-senado-explica-detalhes-da-lei-de-licenciamento-ambiental\\\/#article\",\"isPartOf\":{\"@id\":\"https:\\\/\\\/motorista.com.br\\\/noticias\\\/2026\\\/09\\\/04\\\/advogada-do-senado-explica-detalhes-da-lei-de-licenciamento-ambiental\\\/\"},\"author\":{\"name\":\"Equipe Reda\u00e7\u00e3o\",\"@id\":\"https:\\\/\\\/motorista.com.br\\\/noticias\\\/#\\\/schema\\\/person\\\/dc93afc2981c0e3ce6bc3c053fd847be\"},\"headline\":\"Advogada do Senado explica detalhes da Lei de Licenciamento Ambiental.\",\"datePublished\":\"2026-09-05T00:22:01+00:00\",\"mainEntityOfPage\":{\"@id\":\"https:\\\/\\\/motorista.com.br\\\/noticias\\\/2026\\\/09\\\/04\\\/advogada-do-senado-explica-detalhes-da-lei-de-licenciamento-ambiental\\\/\"},\"wordCount\":406,\"publisher\":{\"@id\":\"https:\\\/\\\/motorista.com.br\\\/noticias\\\/#organization\"},\"image\":{\"@id\":\"https:\\\/\\\/motorista.com.br\\\/noticias\\\/2026\\\/09\\\/04\\\/advogada-do-senado-explica-detalhes-da-lei-de-licenciamento-ambiental\\\/#primaryimage\"},\"thumbnailUrl\":\"https:\\\/\\\/motorista.com.br\\\/noticias\\\/wp-content\\\/uploads\\\/2026\\\/09\\\/BASE-SITE-IBL.jpg\",\"articleSection\":[\"Log\u00edstica\"],\"inLanguage\":\"pt-BR\"},{\"@type\":\"WebPage\",\"@id\":\"https:\\\/\\\/motorista.com.br\\\/noticias\\\/2026\\\/09\\\/04\\\/advogada-do-senado-explica-detalhes-da-lei-de-licenciamento-ambiental\\\/\",\"url\":\"https:\\\/\\\/motorista.com.br\\\/noticias\\\/2026\\\/09\\\/04\\\/advogada-do-senado-explica-detalhes-da-lei-de-licenciamento-ambiental\\\/\",\"name\":\"Advogada do Senado explica detalhes da Lei de Licenciamento Ambiental. - Motorista.com.br\",\"isPartOf\":{\"@id\":\"https:\\\/\\\/motorista.com.br\\\/noticias\\\/#website\"},\"primaryImageOfPage\":{\"@id\":\"https:\\\/\\\/motorista.com.br\\\/noticias\\\/2026\\\/09\\\/04\\\/advogada-do-senado-explica-detalhes-da-lei-de-licenciamento-ambiental\\\/#primaryimage\"},\"image\":{\"@id\":\"https:\\\/\\\/motorista.com.br\\\/noticias\\\/2026\\\/09\\\/04\\\/advogada-do-senado-explica-detalhes-da-lei-de-licenciamento-ambiental\\\/#primaryimage\"},\"thumbnailUrl\":\"https:\\\/\\\/motorista.com.br\\\/noticias\\\/wp-content\\\/uploads\\\/2026\\\/09\\\/BASE-SITE-IBL.jpg\",\"datePublished\":\"2026-09-05T00:22:01+00:00\",\"breadcrumb\":{\"@id\":\"https:\\\/\\\/motorista.com.br\\\/noticias\\\/2026\\\/09\\\/04\\\/advogada-do-senado-explica-detalhes-da-lei-de-licenciamento-ambiental\\\/#breadcrumb\"},\"inLanguage\":\"pt-BR\",\"potentialAction\":[{\"@type\":\"ReadAction\",\"target\":[\"https:\\\/\\\/motorista.com.br\\\/noticias\\\/2026\\\/09\\\/04\\\/advogada-do-senado-explica-detalhes-da-lei-de-licenciamento-ambiental\\\/\"]}]},{\"@type\":\"ImageObject\",\"inLanguage\":\"pt-BR\",\"@id\":\"https:\\\/\\\/motorista.com.br\\\/noticias\\\/2026\\\/09\\\/04\\\/advogada-do-senado-explica-detalhes-da-lei-de-licenciamento-ambiental\\\/#primaryimage\",\"url\":\"https:\\\/\\\/motorista.com.br\\\/noticias\\\/wp-content\\\/uploads\\\/2026\\\/09\\\/BASE-SITE-IBL.jpg\",\"contentUrl\":\"https:\\\/\\\/motorista.com.br\\\/noticias\\\/wp-content\\\/uploads\\\/2026\\\/09\\\/BASE-SITE-IBL.jpg\",\"width\":1920,\"height\":1080},{\"@type\":\"BreadcrumbList\",\"@id\":\"https:\\\/\\\/motorista.com.br\\\/noticias\\\/2026\\\/09\\\/04\\\/advogada-do-senado-explica-detalhes-da-lei-de-licenciamento-ambiental\\\/#breadcrumb\",\"itemListElement\":[{\"@type\":\"ListItem\",\"position\":1,\"name\":\"In\u00edcio\",\"item\":\"https:\\\/\\\/motorista.com.br\\\/noticias\\\/\"},{\"@type\":\"ListItem\",\"position\":2,\"name\":\"Advogada do Senado explica detalhes da Lei de Licenciamento Ambiental.\"}]},{\"@type\":\"WebSite\",\"@id\":\"https:\\\/\\\/motorista.com.br\\\/noticias\\\/#website\",\"url\":\"https:\\\/\\\/motorista.com.br\\\/noticias\\\/\",\"name\":\"Motorista.com.br\",\"description\":\"Not\u00edcia do Motorista\",\"publisher\":{\"@id\":\"https:\\\/\\\/motorista.com.br\\\/noticias\\\/#organization\"},\"potentialAction\":[{\"@type\":\"SearchAction\",\"target\":{\"@type\":\"EntryPoint\",\"urlTemplate\":\"https:\\\/\\\/motorista.com.br\\\/noticias\\\/?s={search_term_string}\"},\"query-input\":{\"@type\":\"PropertyValueSpecification\",\"valueRequired\":true,\"valueName\":\"search_term_string\"}}],\"inLanguage\":\"pt-BR\"},{\"@type\":\"Organization\",\"@id\":\"https:\\\/\\\/motorista.com.br\\\/noticias\\\/#organization\",\"name\":\"Motorista.com.br\",\"url\":\"https:\\\/\\\/motorista.com.br\\\/noticias\\\/\",\"logo\":{\"@type\":\"ImageObject\",\"inLanguage\":\"pt-BR\",\"@id\":\"https:\\\/\\\/motorista.com.br\\\/noticias\\\/#\\\/schema\\\/logo\\\/image\\\/\",\"url\":\"https:\\\/\\\/motorista.com.br\\\/noticias\\\/wp-content\\\/uploads\\\/2025\\\/06\\\/Design-sem-nome-9.png\",\"contentUrl\":\"https:\\\/\\\/motorista.com.br\\\/noticias\\\/wp-content\\\/uploads\\\/2025\\\/06\\\/Design-sem-nome-9.png\",\"width\":150,\"height\":85,\"caption\":\"Motorista.com.br\"},\"image\":{\"@id\":\"https:\\\/\\\/motorista.com.br\\\/noticias\\\/#\\\/schema\\\/logo\\\/image\\\/\"}},{\"@type\":\"Person\",\"@id\":\"https:\\\/\\\/motorista.com.br\\\/noticias\\\/#\\\/schema\\\/person\\\/dc93afc2981c0e3ce6bc3c053fd847be\",\"name\":\"Equipe Reda\u00e7\u00e3o\",\"image\":{\"@type\":\"ImageObject\",\"inLanguage\":\"pt-BR\",\"@id\":\"https:\\\/\\\/secure.gravatar.com\\\/avatar\\\/4f525efbf18dd2bb300ccad28bfb99d95a9465a5ba268407c8c37b37e1f28d2d?s=96&d=mm&r=g9e099043a0c61e9ae27e293b9fa75ffc\",\"url\":\"https:\\\/\\\/secure.gravatar.com\\\/avatar\\\/4f525efbf18dd2bb300ccad28bfb99d95a9465a5ba268407c8c37b37e1f28d2d?s=96&d=mm&r=g\",\"contentUrl\":\"https:\\\/\\\/secure.gravatar.com\\\/avatar\\\/4f525efbf18dd2bb300ccad28bfb99d95a9465a5ba268407c8c37b37e1f28d2d?s=96&d=mm&r=g\",\"caption\":\"Equipe Reda\u00e7\u00e3o\"},\"description\":\"Equipe de reda\u00e7\u00e3o \u00e9 um grupo de profissionais que trabalham juntos para criar conte\u00fado escrito para Motorista.com.br\",\"url\":\"https:\\\/\\\/motorista.com.br\\\/noticias\\\/author\\\/equiperedacao\\\/\"}]}<\/script>\n<!-- \/ Yoast SEO Premium plugin. -->","yoast_head_json":{"title":"Advogada do Senado explica detalhes da Lei de Licenciamento Ambiental. - Motorista.com.br","robots":{"index":"index","follow":"follow","max-snippet":"max-snippet:-1","max-image-preview":"max-image-preview:large","max-video-preview":"max-video-preview:-1"},"canonical":"https:\/\/motorista.com.br\/noticias\/2026\/09\/04\/advogada-do-senado-explica-detalhes-da-lei-de-licenciamento-ambiental\/","og_locale":"pt_BR","og_type":"article","og_title":"Advogada do Senado explica detalhes da Lei de Licenciamento Ambiental.","og_description":"Jurista e advogada do Senado detalham aspectos da Lei de Licenciamento Ambiental em encontro promovido pelo IBL Nesta \u00faltima semana, um encontro promovido pelo Instituto Brasil Log\u00edstica (IBL) abordou os aspectos da Lei de Licenciamento Ambiental. O evento contou com a presen\u00e7a de juristas e advogados do Senado, que discutiram as implica\u00e7\u00f5es e benef\u00edcios dessa &hellip;","og_url":"https:\/\/motorista.com.br\/noticias\/2026\/09\/04\/advogada-do-senado-explica-detalhes-da-lei-de-licenciamento-ambiental\/","og_site_name":"Motorista.com.br","article_published_time":"2026-09-05T00:22:01+00:00","author":"Equipe Reda\u00e7\u00e3o","twitter_card":"summary_large_image","twitter_misc":{"Escrito por":"Equipe Reda\u00e7\u00e3o","Est. tempo de leitura":"2 minutos","Written by":"Equipe Reda\u00e7\u00e3o"},"schema":{"@context":"https:\/\/schema.org","@graph":[{"@type":"Article","@id":"https:\/\/motorista.com.br\/noticias\/2026\/09\/04\/advogada-do-senado-explica-detalhes-da-lei-de-licenciamento-ambiental\/#article","isPartOf":{"@id":"https:\/\/motorista.com.br\/noticias\/2026\/09\/04\/advogada-do-senado-explica-detalhes-da-lei-de-licenciamento-ambiental\/"},"author":{"name":"Equipe Reda\u00e7\u00e3o","@id":"https:\/\/motorista.com.br\/noticias\/#\/schema\/person\/dc93afc2981c0e3ce6bc3c053fd847be"},"headline":"Advogada do Senado explica detalhes da Lei de Licenciamento Ambiental.","datePublished":"2026-09-05T00:22:01+00:00","mainEntityOfPage":{"@id":"https:\/\/motorista.com.br\/noticias\/2026\/09\/04\/advogada-do-senado-explica-detalhes-da-lei-de-licenciamento-ambiental\/"},"wordCount":406,"publisher":{"@id":"https:\/\/motorista.com.br\/noticias\/#organization"},"image":{"@id":"https:\/\/motorista.com.br\/noticias\/2026\/09\/04\/advogada-do-senado-explica-detalhes-da-lei-de-licenciamento-ambiental\/#primaryimage"},"thumbnailUrl":"https:\/\/motorista.com.br\/noticias\/wp-content\/uploads\/2026\/09\/BASE-SITE-IBL.jpg","articleSection":["Log\u00edstica"],"inLanguage":"pt-BR"},{"@type":"WebPage","@id":"https:\/\/motorista.com.br\/noticias\/2026\/09\/04\/advogada-do-senado-explica-detalhes-da-lei-de-licenciamento-ambiental\/","url":"https:\/\/motorista.com.br\/noticias\/2026\/09\/04\/advogada-do-senado-explica-detalhes-da-lei-de-licenciamento-ambiental\/","name":"Advogada do Senado explica detalhes da Lei de Licenciamento Ambiental. - Motorista.com.br","isPartOf":{"@id":"https:\/\/motorista.com.br\/noticias\/#website"},"primaryImageOfPage":{"@id":"https:\/\/motorista.com.br\/noticias\/2026\/09\/04\/advogada-do-senado-explica-detalhes-da-lei-de-licenciamento-ambiental\/#primaryimage"},"image":{"@id":"https:\/\/motorista.com.br\/noticias\/2026\/09\/04\/advogada-do-senado-explica-detalhes-da-lei-de-licenciamento-ambiental\/#primaryimage"},"thumbnailUrl":"https:\/\/motorista.com.br\/noticias\/wp-content\/uploads\/2026\/09\/BASE-SITE-IBL.jpg","datePublished":"2026-09-05T00:22:01+00:00","breadcrumb":{"@id":"https:\/\/motorista.com.br\/noticias\/2026\/09\/04\/advogada-do-senado-explica-detalhes-da-lei-de-licenciamento-ambiental\/#breadcrumb"},"inLanguage":"pt-BR","potentialAction":[{"@type":"ReadAction","target":["https:\/\/motorista.com.br\/noticias\/2026\/09\/04\/advogada-do-senado-explica-detalhes-da-lei-de-licenciamento-ambiental\/"]}]},{"@type":"ImageObject","inLanguage":"pt-BR","@id":"https:\/\/motorista.com.br\/noticias\/2026\/09\/04\/advogada-do-senado-explica-detalhes-da-lei-de-licenciamento-ambiental\/#primaryimage","url":"https:\/\/motorista.com.br\/noticias\/wp-content\/uploads\/2026\/09\/BASE-SITE-IBL.jpg","contentUrl":"https:\/\/motorista.com.br\/noticias\/wp-content\/uploads\/2026\/09\/BASE-SITE-IBL.jpg","width":1920,"height":1080},{"@type":"BreadcrumbList","@id":"https:\/\/motorista.com.br\/noticias\/2026\/09\/04\/advogada-do-senado-explica-detalhes-da-lei-de-licenciamento-ambiental\/#breadcrumb","itemListElement":[{"@type":"ListItem","position":1,"name":"In\u00edcio","item":"https:\/\/motorista.com.br\/noticias\/"},{"@type":"ListItem","position":2,"name":"Advogada do Senado explica detalhes da Lei de Licenciamento Ambiental."}]},{"@type":"WebSite","@id":"https:\/\/motorista.com.br\/noticias\/#website","url":"https:\/\/motorista.com.br\/noticias\/","name":"Motorista.com.br","description":"Not\u00edcia do Motorista","publisher":{"@id":"https:\/\/motorista.com.br\/noticias\/#organization"},"potentialAction":[{"@type":"SearchAction","target":{"@type":"EntryPoint","urlTemplate":"https:\/\/motorista.com.br\/noticias\/?s={search_term_string}"},"query-input":{"@type":"PropertyValueSpecification","valueRequired":true,"valueName":"search_term_string"}}],"inLanguage":"pt-BR"},{"@type":"Organization","@id":"https:\/\/motorista.com.br\/noticias\/#organization","name":"Motorista.com.br","url":"https:\/\/motorista.com.br\/noticias\/","logo":{"@type":"ImageObject","inLanguage":"pt-BR","@id":"https:\/\/motorista.com.br\/noticias\/#\/schema\/logo\/image\/","url":"https:\/\/motorista.com.br\/noticias\/wp-content\/uploads\/2025\/06\/Design-sem-nome-9.png","contentUrl":"https:\/\/motorista.com.br\/noticias\/wp-content\/uploads\/2025\/06\/Design-sem-nome-9.png","width":150,"height":85,"caption":"Motorista.com.br"},"image":{"@id":"https:\/\/motorista.com.br\/noticias\/#\/schema\/logo\/image\/"}},{"@type":"Person","@id":"https:\/\/motorista.com.br\/noticias\/#\/schema\/person\/dc93afc2981c0e3ce6bc3c053fd847be","name":"Equipe Reda\u00e7\u00e3o","image":{"@type":"ImageObject","inLanguage":"pt-BR","@id":"https:\/\/secure.gravatar.com\/avatar\/4f525efbf18dd2bb300ccad28bfb99d95a9465a5ba268407c8c37b37e1f28d2d?s=96&d=mm&r=g9e099043a0c61e9ae27e293b9fa75ffc","url":"https:\/\/secure.gravatar.com\/avatar\/4f525efbf18dd2bb300ccad28bfb99d95a9465a5ba268407c8c37b37e1f28d2d?s=96&d=mm&r=g","contentUrl":"https:\/\/secure.gravatar.com\/avatar\/4f525efbf18dd2bb300ccad28bfb99d95a9465a5ba268407c8c37b37e1f28d2d?s=96&d=mm&r=g","caption":"Equipe Reda\u00e7\u00e3o"},"description":"Equipe de reda\u00e7\u00e3o \u00e9 um grupo de profissionais que trabalham juntos para criar conte\u00fado escrito para Motorista.com.br","url":"https:\/\/motorista.com.br\/noticias\/author\/equiperedacao\/"}]}},"_links":{"self":[{"href":"https:\/\/motorista.com.br\/noticias\/wp-json\/wp\/v2\/posts\/14347","targetHints":{"allow":["GET"]}}],"collection":[{"href":"https:\/\/motorista.com.br\/noticias\/wp-json\/wp\/v2\/posts"}],"about":[{"href":"https:\/\/motorista.com.br\/noticias\/wp-json\/wp\/v2\/types\/post"}],"author":[{"embeddable":true,"href":"https:\/\/motorista.com.br\/noticias\/wp-json\/wp\/v2\/users\/4"}],"replies":[{"embeddable":true,"href":"https:\/\/motorista.com.br\/noticias\/wp-json\/wp\/v2\/comments?post=14347"}],"version-history":[{"count":0,"href":"https:\/\/motorista.com.br\/noticias\/wp-json\/wp\/v2\/posts\/14347\/revisions"}],"wp:featuredmedia":[{"embeddable":true,"href":"https:\/\/motorista.com.br\/noticias\/wp-json\/wp\/v2\/media\/14348"}],"wp:attachment":[{"href":"https:\/\/motorista.com.br\/noticias\/wp-json\/wp\/v2\/media?parent=14347"}],"wp:term":[{"taxonomy":"category","embeddable":true,"href":"https:\/\/motorista.com.br\/noticias\/wp-json\/wp\/v2\/categories?post=14347"},{"taxonomy":"post_tag","embeddable":true,"href":"https:\/\/motorista.com.br\/noticias\/wp-json\/wp\/v2\/tags?post=14347"},{"taxonomy":"author","embeddable":true,"href":"https:\/\/motorista.com.br\/noticias\/wp-json\/wp\/v2\/coauthors?post=14347"}],"curies":[{"name":"wp","href":"https:\/\/api.w.org\/{rel}","templated":true}]}}