{"id":14345,"date":"2026-09-04T19:47:12","date_gmt":"2026-09-04T22:47:12","guid":{"rendered":"https:\/\/motorista.com.br\/noticias\/2026\/09\/04\/lula-com-37-e-flavio-com-30-disputa-acirrada-no-2o-turno\/"},"modified":"2026-09-04T19:47:12","modified_gmt":"2026-09-04T22:47:12","slug":"lula-com-37-e-flavio-com-30-disputa-acirrada-no-2o-turno","status":"publish","type":"post","link":"https:\/\/motorista.com.br\/noticias\/2026\/09\/04\/lula-com-37-e-flavio-com-30-disputa-acirrada-no-2o-turno\/","title":{"rendered":"Lula com 37% e Fl\u00e1vio com 30%: disputa acirrada no 2\u00ba turno."},"content":{"rendered":"<p><\/p>\n<p><strong>Lula tem 37%, Fl\u00e1vio 30% e disputa fica apertada no 2\u00ba turno<\/strong><\/p>\n<p>A nova pesquisa Quaest divulgada nesta quarta-feira, 2 de setembro, evidencia um cen\u00e1rio acirrado na corrida pela Presid\u00eancia da Rep\u00fablica. Luiz In\u00e1cio Lula da Silva aparece com 37% das inten\u00e7\u00f5es de voto, enquanto Fl\u00e1vio Bolsonaro registra 30%. Augusto Cury, candidato do Avante, surge com 10%, chamando a aten\u00e7\u00e3o para a diversidade de op\u00e7\u00f5es dispon\u00edveis aos eleitores.<\/p>\n<p>Quando observamos os outros candidatos, Renan Santos (3%), Ronaldo Caiado, Romeu Zema, Pablo Mar\u00e7al e Samara Martins, todos com 1%, mostram que a disputa est\u00e1 restrita a um grupo menor, mas significativo. A parcela de eleitores que se declararam brancos, nulos ou indecisos atinge 17%, o que indica uma ampla necessidade de engajamento das campanhas para converter indecisos em votos.<\/p>\n<p>O dado que mais intensifica a competitividade diz respeito \u00e0 simula\u00e7\u00e3o do segundo turno, onde Lula marca 42% e Fl\u00e1vio Bolsonaro 41%. Essa diferen\u00e7a de um ponto percentual, dentro da margem de erro de dois pontos, destaca um cen\u00e1rio de empate t\u00e9cnico, reiterando a necessidade de campanhas incisivas nos pr\u00f3ximos dias. A urg\u00eancia das decis\u00f5es eleitorais se torna ainda mais relevante, especialmente dado que a rodada anterior mostrava Lula liderando com 43% contra 40% de Fl\u00e1vio.<\/p>\n<p>Outras simula\u00e7\u00f5es refor\u00e7am essa realidade, com Lula mantendo uma vantagem sobre candidatos como Augusto Cury e Ronaldo Caiado. No entanto, na pesquisa espont\u00e2nea, onde os candidatos n\u00e3o s\u00e3o previamente apresentados, Lula cai para 28%, com Fl\u00e1vio em 20% e Cury em 4%. Esse fen\u00f4meno reafirma a presen\u00e7a dos indecisos, que totalizam 42%, o que mostra que h\u00e1 um espa\u00e7o consider\u00e1vel para campanhas que se conectem mais efetivamente ao eleitor.<\/p>\n<p>Al\u00e9m das inten\u00e7\u00f5es de voto, a pesquisa tamb\u00e9m aborda a rejei\u00e7\u00e3o dos candidatos. Fl\u00e1vio Bolsonaro possui 55% de rejei\u00e7\u00e3o, enquanto Lula registra 53%, e Augusto Cury evidenciando 25%. Esses dados s\u00e3o significativos, pois revelam n\u00e3o apenas a aceita\u00e7\u00e3o, mas tamb\u00e9m a resist\u00eancia que os candidatos enfrentam. <\/p>\n<p>Os n\u00fameros apresentados tamb\u00e9m t\u00eam implica\u00e7\u00f5es diretas para motoristas e a mobilidade urbana. O resultado das elei\u00e7\u00f5es pode impactar pol\u00edticas relacionadas a infraestrutura de transporte, investimentos em mobilidade e a efici\u00eancia do sistema vi\u00e1rio. \u00c0 medida que as propostas de cada candidato come\u00e7am a tomar forma, \u00e9 vital que os motoristas se atentem \u00e0s implica\u00e7\u00f5es que essas decis\u00f5es podem ter em seu cotidiano. A mobilidade urbana \u00e9 um ponto-chave n\u00e3o s\u00f3 para a qualidade de vida, mas tamb\u00e9m para a economia, j\u00e1 que um transporte eficiente pode reduzir custos operacionais e melhorar a circula\u00e7\u00e3o de mercadorias.<\/p>\n<p>A mudan\u00e7a nas prefer\u00eancias eleitorais e seu impacto nos setores financeiros, log\u00edstica e ind\u00fastria automotiva refletem a import\u00e2ncia de decis\u00f5es pol\u00edticas s\u00f3lidas. Com a aproxima\u00e7\u00e3o da elei\u00e7\u00e3o, \u00e9 esperado que propostas sobre juros, impostos e infraestrutura ganhem destaque, evidenciando a necessidade de planejamento para um futuro que potencialmente pode facilitar a mobilidade.<\/p>\n<p>Um acompanhamento atento \u00e0s elei\u00e7\u00f5es \u00e9 fundamental, n\u00e3o apenas para compreender o futuro pol\u00edtico, mas tamb\u00e9m para perceber as diretrizes que afetar\u00e3o diretamente a vida dos motoristas e a fluidez do tr\u00e2nsito nas cidades. <\/p>\n<p><em>Fonte: brasildotrecho<\/em><\/p>\n","protected":false},"excerpt":{"rendered":"<p>Lula tem 37%, Fl\u00e1vio 30% e disputa fica apertada no 2\u00ba turno A nova pesquisa Quaest divulgada nesta quarta-feira, 2 de setembro, evidencia um cen\u00e1rio acirrado na corrida pela Presid\u00eancia da Rep\u00fablica. Luiz In\u00e1cio Lula da Silva aparece com 37% das inten\u00e7\u00f5es de voto, enquanto Fl\u00e1vio Bolsonaro registra 30%. Augusto Cury, candidato do Avante, surge &hellip;<\/p>\n","protected":false},"author":4,"featured_media":14346,"comment_status":"","ping_status":"open","sticky":false,"template":"","format":"standard","meta":{"footnotes":""},"categories":[77],"tags":[],"coauthors":[42],"class_list":["post-14345","post","type-post","status-publish","format-standard","has-post-thumbnail","hentry","category-motorista"],"yoast_head":"<!-- This site is optimized with the Yoast SEO Premium plugin v27.6.1 (Yoast SEO v28.4) - https:\/\/yoast.com\/product\/yoast-seo-premium-wordpress\/ -->\n<title>Lula com 37% e Fl\u00e1vio com 30%: disputa acirrada no 2\u00ba turno. - Motorista.com.br<\/title>\n<meta name=\"robots\" content=\"index, follow, max-snippet:-1, max-image-preview:large, max-video-preview:-1\" \/>\n<link rel=\"canonical\" href=\"https:\/\/motorista.com.br\/noticias\/2026\/09\/04\/lula-com-37-e-flavio-com-30-disputa-acirrada-no-2o-turno\/\" \/>\n<meta property=\"og:locale\" content=\"pt_BR\" \/>\n<meta property=\"og:type\" content=\"article\" \/>\n<meta property=\"og:title\" content=\"Lula com 37% e Fl\u00e1vio com 30%: disputa acirrada no 2\u00ba turno.\" \/>\n<meta property=\"og:description\" content=\"Lula tem 37%, Fl\u00e1vio 30% e disputa fica apertada no 2\u00ba turno A nova pesquisa Quaest divulgada nesta quarta-feira, 2 de setembro, evidencia um cen\u00e1rio acirrado na corrida pela Presid\u00eancia da Rep\u00fablica. Luiz In\u00e1cio Lula da Silva aparece com 37% das inten\u00e7\u00f5es de voto, enquanto Fl\u00e1vio Bolsonaro registra 30%. Augusto Cury, candidato do Avante, surge &hellip;\" \/>\n<meta property=\"og:url\" content=\"https:\/\/motorista.com.br\/noticias\/2026\/09\/04\/lula-com-37-e-flavio-com-30-disputa-acirrada-no-2o-turno\/\" \/>\n<meta property=\"og:site_name\" content=\"Motorista.com.br\" \/>\n<meta property=\"article:published_time\" content=\"2026-09-04T22:47:12+00:00\" \/>\n<meta name=\"author\" content=\"Equipe Reda\u00e7\u00e3o\" \/>\n<meta name=\"twitter:card\" content=\"summary_large_image\" \/>\n<meta name=\"twitter:label1\" content=\"Escrito por\" \/>\n\t<meta name=\"twitter:data1\" content=\"Equipe Reda\u00e7\u00e3o\" \/>\n\t<meta name=\"twitter:label2\" content=\"Est. tempo de leitura\" \/>\n\t<meta name=\"twitter:data2\" content=\"3 minutos\" \/>\n\t<meta name=\"twitter:label3\" content=\"Written by\" \/>\n\t<meta name=\"twitter:data3\" content=\"Equipe Reda\u00e7\u00e3o\" \/>\n<script type=\"application\/ld+json\" class=\"yoast-schema-graph\">{\"@context\":\"https:\\\/\\\/schema.org\",\"@graph\":[{\"@type\":\"Article\",\"@id\":\"https:\\\/\\\/motorista.com.br\\\/noticias\\\/2026\\\/09\\\/04\\\/lula-com-37-e-flavio-com-30-disputa-acirrada-no-2o-turno\\\/#article\",\"isPartOf\":{\"@id\":\"https:\\\/\\\/motorista.com.br\\\/noticias\\\/2026\\\/09\\\/04\\\/lula-com-37-e-flavio-com-30-disputa-acirrada-no-2o-turno\\\/\"},\"author\":{\"name\":\"Equipe Reda\u00e7\u00e3o\",\"@id\":\"https:\\\/\\\/motorista.com.br\\\/noticias\\\/#\\\/schema\\\/person\\\/dc93afc2981c0e3ce6bc3c053fd847be\"},\"headline\":\"Lula com 37% e Fl\u00e1vio com 30%: disputa acirrada no 2\u00ba turno.\",\"datePublished\":\"2026-09-04T22:47:12+00:00\",\"mainEntityOfPage\":{\"@id\":\"https:\\\/\\\/motorista.com.br\\\/noticias\\\/2026\\\/09\\\/04\\\/lula-com-37-e-flavio-com-30-disputa-acirrada-no-2o-turno\\\/\"},\"wordCount\":557,\"publisher\":{\"@id\":\"https:\\\/\\\/motorista.com.br\\\/noticias\\\/#organization\"},\"image\":{\"@id\":\"https:\\\/\\\/motorista.com.br\\\/noticias\\\/2026\\\/09\\\/04\\\/lula-com-37-e-flavio-com-30-disputa-acirrada-no-2o-turno\\\/#primaryimage\"},\"thumbnailUrl\":\"https:\\\/\\\/motorista.com.br\\\/noticias\\\/wp-content\\\/uploads\\\/2026\\\/09\\\/Lula-tem-37-Flavio-30-e-disputa-fica-apertada-no-2o-turno.jpg\",\"articleSection\":[\"Motorista\"],\"inLanguage\":\"pt-BR\"},{\"@type\":\"WebPage\",\"@id\":\"https:\\\/\\\/motorista.com.br\\\/noticias\\\/2026\\\/09\\\/04\\\/lula-com-37-e-flavio-com-30-disputa-acirrada-no-2o-turno\\\/\",\"url\":\"https:\\\/\\\/motorista.com.br\\\/noticias\\\/2026\\\/09\\\/04\\\/lula-com-37-e-flavio-com-30-disputa-acirrada-no-2o-turno\\\/\",\"name\":\"Lula com 37% e Fl\u00e1vio com 30%: disputa acirrada no 2\u00ba turno. - Motorista.com.br\",\"isPartOf\":{\"@id\":\"https:\\\/\\\/motorista.com.br\\\/noticias\\\/#website\"},\"primaryImageOfPage\":{\"@id\":\"https:\\\/\\\/motorista.com.br\\\/noticias\\\/2026\\\/09\\\/04\\\/lula-com-37-e-flavio-com-30-disputa-acirrada-no-2o-turno\\\/#primaryimage\"},\"image\":{\"@id\":\"https:\\\/\\\/motorista.com.br\\\/noticias\\\/2026\\\/09\\\/04\\\/lula-com-37-e-flavio-com-30-disputa-acirrada-no-2o-turno\\\/#primaryimage\"},\"thumbnailUrl\":\"https:\\\/\\\/motorista.com.br\\\/noticias\\\/wp-content\\\/uploads\\\/2026\\\/09\\\/Lula-tem-37-Flavio-30-e-disputa-fica-apertada-no-2o-turno.jpg\",\"datePublished\":\"2026-09-04T22:47:12+00:00\",\"breadcrumb\":{\"@id\":\"https:\\\/\\\/motorista.com.br\\\/noticias\\\/2026\\\/09\\\/04\\\/lula-com-37-e-flavio-com-30-disputa-acirrada-no-2o-turno\\\/#breadcrumb\"},\"inLanguage\":\"pt-BR\",\"potentialAction\":[{\"@type\":\"ReadAction\",\"target\":[\"https:\\\/\\\/motorista.com.br\\\/noticias\\\/2026\\\/09\\\/04\\\/lula-com-37-e-flavio-com-30-disputa-acirrada-no-2o-turno\\\/\"]}]},{\"@type\":\"ImageObject\",\"inLanguage\":\"pt-BR\",\"@id\":\"https:\\\/\\\/motorista.com.br\\\/noticias\\\/2026\\\/09\\\/04\\\/lula-com-37-e-flavio-com-30-disputa-acirrada-no-2o-turno\\\/#primaryimage\",\"url\":\"https:\\\/\\\/motorista.com.br\\\/noticias\\\/wp-content\\\/uploads\\\/2026\\\/09\\\/Lula-tem-37-Flavio-30-e-disputa-fica-apertada-no-2o-turno.jpg\",\"contentUrl\":\"https:\\\/\\\/motorista.com.br\\\/noticias\\\/wp-content\\\/uploads\\\/2026\\\/09\\\/Lula-tem-37-Flavio-30-e-disputa-fica-apertada-no-2o-turno.jpg\",\"width\":1280,\"height\":720},{\"@type\":\"BreadcrumbList\",\"@id\":\"https:\\\/\\\/motorista.com.br\\\/noticias\\\/2026\\\/09\\\/04\\\/lula-com-37-e-flavio-com-30-disputa-acirrada-no-2o-turno\\\/#breadcrumb\",\"itemListElement\":[{\"@type\":\"ListItem\",\"position\":1,\"name\":\"In\u00edcio\",\"item\":\"https:\\\/\\\/motorista.com.br\\\/noticias\\\/\"},{\"@type\":\"ListItem\",\"position\":2,\"name\":\"Lula com 37% e Fl\u00e1vio com 30%: disputa acirrada no 2\u00ba turno.\"}]},{\"@type\":\"WebSite\",\"@id\":\"https:\\\/\\\/motorista.com.br\\\/noticias\\\/#website\",\"url\":\"https:\\\/\\\/motorista.com.br\\\/noticias\\\/\",\"name\":\"Motorista.com.br\",\"description\":\"Not\u00edcia do Motorista\",\"publisher\":{\"@id\":\"https:\\\/\\\/motorista.com.br\\\/noticias\\\/#organization\"},\"potentialAction\":[{\"@type\":\"SearchAction\",\"target\":{\"@type\":\"EntryPoint\",\"urlTemplate\":\"https:\\\/\\\/motorista.com.br\\\/noticias\\\/?s={search_term_string}\"},\"query-input\":{\"@type\":\"PropertyValueSpecification\",\"valueRequired\":true,\"valueName\":\"search_term_string\"}}],\"inLanguage\":\"pt-BR\"},{\"@type\":\"Organization\",\"@id\":\"https:\\\/\\\/motorista.com.br\\\/noticias\\\/#organization\",\"name\":\"Motorista.com.br\",\"url\":\"https:\\\/\\\/motorista.com.br\\\/noticias\\\/\",\"logo\":{\"@type\":\"ImageObject\",\"inLanguage\":\"pt-BR\",\"@id\":\"https:\\\/\\\/motorista.com.br\\\/noticias\\\/#\\\/schema\\\/logo\\\/image\\\/\",\"url\":\"https:\\\/\\\/motorista.com.br\\\/noticias\\\/wp-content\\\/uploads\\\/2025\\\/06\\\/Design-sem-nome-9.png\",\"contentUrl\":\"https:\\\/\\\/motorista.com.br\\\/noticias\\\/wp-content\\\/uploads\\\/2025\\\/06\\\/Design-sem-nome-9.png\",\"width\":150,\"height\":85,\"caption\":\"Motorista.com.br\"},\"image\":{\"@id\":\"https:\\\/\\\/motorista.com.br\\\/noticias\\\/#\\\/schema\\\/logo\\\/image\\\/\"}},{\"@type\":\"Person\",\"@id\":\"https:\\\/\\\/motorista.com.br\\\/noticias\\\/#\\\/schema\\\/person\\\/dc93afc2981c0e3ce6bc3c053fd847be\",\"name\":\"Equipe Reda\u00e7\u00e3o\",\"image\":{\"@type\":\"ImageObject\",\"inLanguage\":\"pt-BR\",\"@id\":\"https:\\\/\\\/secure.gravatar.com\\\/avatar\\\/4f525efbf18dd2bb300ccad28bfb99d95a9465a5ba268407c8c37b37e1f28d2d?s=96&d=mm&r=g9e099043a0c61e9ae27e293b9fa75ffc\",\"url\":\"https:\\\/\\\/secure.gravatar.com\\\/avatar\\\/4f525efbf18dd2bb300ccad28bfb99d95a9465a5ba268407c8c37b37e1f28d2d?s=96&d=mm&r=g\",\"contentUrl\":\"https:\\\/\\\/secure.gravatar.com\\\/avatar\\\/4f525efbf18dd2bb300ccad28bfb99d95a9465a5ba268407c8c37b37e1f28d2d?s=96&d=mm&r=g\",\"caption\":\"Equipe Reda\u00e7\u00e3o\"},\"description\":\"Equipe de reda\u00e7\u00e3o \u00e9 um grupo de profissionais que trabalham juntos para criar conte\u00fado escrito para Motorista.com.br\",\"url\":\"https:\\\/\\\/motorista.com.br\\\/noticias\\\/author\\\/equiperedacao\\\/\"}]}<\/script>\n<!-- \/ Yoast SEO Premium plugin. -->","yoast_head_json":{"title":"Lula com 37% e Fl\u00e1vio com 30%: disputa acirrada no 2\u00ba turno. - Motorista.com.br","robots":{"index":"index","follow":"follow","max-snippet":"max-snippet:-1","max-image-preview":"max-image-preview:large","max-video-preview":"max-video-preview:-1"},"canonical":"https:\/\/motorista.com.br\/noticias\/2026\/09\/04\/lula-com-37-e-flavio-com-30-disputa-acirrada-no-2o-turno\/","og_locale":"pt_BR","og_type":"article","og_title":"Lula com 37% e Fl\u00e1vio com 30%: disputa acirrada no 2\u00ba turno.","og_description":"Lula tem 37%, Fl\u00e1vio 30% e disputa fica apertada no 2\u00ba turno A nova pesquisa Quaest divulgada nesta quarta-feira, 2 de setembro, evidencia um cen\u00e1rio acirrado na corrida pela Presid\u00eancia da Rep\u00fablica. Luiz In\u00e1cio Lula da Silva aparece com 37% das inten\u00e7\u00f5es de voto, enquanto Fl\u00e1vio Bolsonaro registra 30%. Augusto Cury, candidato do Avante, surge &hellip;","og_url":"https:\/\/motorista.com.br\/noticias\/2026\/09\/04\/lula-com-37-e-flavio-com-30-disputa-acirrada-no-2o-turno\/","og_site_name":"Motorista.com.br","article_published_time":"2026-09-04T22:47:12+00:00","author":"Equipe Reda\u00e7\u00e3o","twitter_card":"summary_large_image","twitter_misc":{"Escrito por":"Equipe Reda\u00e7\u00e3o","Est. tempo de leitura":"3 minutos","Written by":"Equipe Reda\u00e7\u00e3o"},"schema":{"@context":"https:\/\/schema.org","@graph":[{"@type":"Article","@id":"https:\/\/motorista.com.br\/noticias\/2026\/09\/04\/lula-com-37-e-flavio-com-30-disputa-acirrada-no-2o-turno\/#article","isPartOf":{"@id":"https:\/\/motorista.com.br\/noticias\/2026\/09\/04\/lula-com-37-e-flavio-com-30-disputa-acirrada-no-2o-turno\/"},"author":{"name":"Equipe Reda\u00e7\u00e3o","@id":"https:\/\/motorista.com.br\/noticias\/#\/schema\/person\/dc93afc2981c0e3ce6bc3c053fd847be"},"headline":"Lula com 37% e Fl\u00e1vio com 30%: disputa acirrada no 2\u00ba turno.","datePublished":"2026-09-04T22:47:12+00:00","mainEntityOfPage":{"@id":"https:\/\/motorista.com.br\/noticias\/2026\/09\/04\/lula-com-37-e-flavio-com-30-disputa-acirrada-no-2o-turno\/"},"wordCount":557,"publisher":{"@id":"https:\/\/motorista.com.br\/noticias\/#organization"},"image":{"@id":"https:\/\/motorista.com.br\/noticias\/2026\/09\/04\/lula-com-37-e-flavio-com-30-disputa-acirrada-no-2o-turno\/#primaryimage"},"thumbnailUrl":"https:\/\/motorista.com.br\/noticias\/wp-content\/uploads\/2026\/09\/Lula-tem-37-Flavio-30-e-disputa-fica-apertada-no-2o-turno.jpg","articleSection":["Motorista"],"inLanguage":"pt-BR"},{"@type":"WebPage","@id":"https:\/\/motorista.com.br\/noticias\/2026\/09\/04\/lula-com-37-e-flavio-com-30-disputa-acirrada-no-2o-turno\/","url":"https:\/\/motorista.com.br\/noticias\/2026\/09\/04\/lula-com-37-e-flavio-com-30-disputa-acirrada-no-2o-turno\/","name":"Lula com 37% e Fl\u00e1vio com 30%: disputa acirrada no 2\u00ba turno. - Motorista.com.br","isPartOf":{"@id":"https:\/\/motorista.com.br\/noticias\/#website"},"primaryImageOfPage":{"@id":"https:\/\/motorista.com.br\/noticias\/2026\/09\/04\/lula-com-37-e-flavio-com-30-disputa-acirrada-no-2o-turno\/#primaryimage"},"image":{"@id":"https:\/\/motorista.com.br\/noticias\/2026\/09\/04\/lula-com-37-e-flavio-com-30-disputa-acirrada-no-2o-turno\/#primaryimage"},"thumbnailUrl":"https:\/\/motorista.com.br\/noticias\/wp-content\/uploads\/2026\/09\/Lula-tem-37-Flavio-30-e-disputa-fica-apertada-no-2o-turno.jpg","datePublished":"2026-09-04T22:47:12+00:00","breadcrumb":{"@id":"https:\/\/motorista.com.br\/noticias\/2026\/09\/04\/lula-com-37-e-flavio-com-30-disputa-acirrada-no-2o-turno\/#breadcrumb"},"inLanguage":"pt-BR","potentialAction":[{"@type":"ReadAction","target":["https:\/\/motorista.com.br\/noticias\/2026\/09\/04\/lula-com-37-e-flavio-com-30-disputa-acirrada-no-2o-turno\/"]}]},{"@type":"ImageObject","inLanguage":"pt-BR","@id":"https:\/\/motorista.com.br\/noticias\/2026\/09\/04\/lula-com-37-e-flavio-com-30-disputa-acirrada-no-2o-turno\/#primaryimage","url":"https:\/\/motorista.com.br\/noticias\/wp-content\/uploads\/2026\/09\/Lula-tem-37-Flavio-30-e-disputa-fica-apertada-no-2o-turno.jpg","contentUrl":"https:\/\/motorista.com.br\/noticias\/wp-content\/uploads\/2026\/09\/Lula-tem-37-Flavio-30-e-disputa-fica-apertada-no-2o-turno.jpg","width":1280,"height":720},{"@type":"BreadcrumbList","@id":"https:\/\/motorista.com.br\/noticias\/2026\/09\/04\/lula-com-37-e-flavio-com-30-disputa-acirrada-no-2o-turno\/#breadcrumb","itemListElement":[{"@type":"ListItem","position":1,"name":"In\u00edcio","item":"https:\/\/motorista.com.br\/noticias\/"},{"@type":"ListItem","position":2,"name":"Lula com 37% e Fl\u00e1vio com 30%: disputa acirrada no 2\u00ba turno."}]},{"@type":"WebSite","@id":"https:\/\/motorista.com.br\/noticias\/#website","url":"https:\/\/motorista.com.br\/noticias\/","name":"Motorista.com.br","description":"Not\u00edcia do Motorista","publisher":{"@id":"https:\/\/motorista.com.br\/noticias\/#organization"},"potentialAction":[{"@type":"SearchAction","target":{"@type":"EntryPoint","urlTemplate":"https:\/\/motorista.com.br\/noticias\/?s={search_term_string}"},"query-input":{"@type":"PropertyValueSpecification","valueRequired":true,"valueName":"search_term_string"}}],"inLanguage":"pt-BR"},{"@type":"Organization","@id":"https:\/\/motorista.com.br\/noticias\/#organization","name":"Motorista.com.br","url":"https:\/\/motorista.com.br\/noticias\/","logo":{"@type":"ImageObject","inLanguage":"pt-BR","@id":"https:\/\/motorista.com.br\/noticias\/#\/schema\/logo\/image\/","url":"https:\/\/motorista.com.br\/noticias\/wp-content\/uploads\/2025\/06\/Design-sem-nome-9.png","contentUrl":"https:\/\/motorista.com.br\/noticias\/wp-content\/uploads\/2025\/06\/Design-sem-nome-9.png","width":150,"height":85,"caption":"Motorista.com.br"},"image":{"@id":"https:\/\/motorista.com.br\/noticias\/#\/schema\/logo\/image\/"}},{"@type":"Person","@id":"https:\/\/motorista.com.br\/noticias\/#\/schema\/person\/dc93afc2981c0e3ce6bc3c053fd847be","name":"Equipe Reda\u00e7\u00e3o","image":{"@type":"ImageObject","inLanguage":"pt-BR","@id":"https:\/\/secure.gravatar.com\/avatar\/4f525efbf18dd2bb300ccad28bfb99d95a9465a5ba268407c8c37b37e1f28d2d?s=96&d=mm&r=g9e099043a0c61e9ae27e293b9fa75ffc","url":"https:\/\/secure.gravatar.com\/avatar\/4f525efbf18dd2bb300ccad28bfb99d95a9465a5ba268407c8c37b37e1f28d2d?s=96&d=mm&r=g","contentUrl":"https:\/\/secure.gravatar.com\/avatar\/4f525efbf18dd2bb300ccad28bfb99d95a9465a5ba268407c8c37b37e1f28d2d?s=96&d=mm&r=g","caption":"Equipe Reda\u00e7\u00e3o"},"description":"Equipe de reda\u00e7\u00e3o \u00e9 um grupo de profissionais que trabalham juntos para criar conte\u00fado escrito para Motorista.com.br","url":"https:\/\/motorista.com.br\/noticias\/author\/equiperedacao\/"}]}},"_links":{"self":[{"href":"https:\/\/motorista.com.br\/noticias\/wp-json\/wp\/v2\/posts\/14345","targetHints":{"allow":["GET"]}}],"collection":[{"href":"https:\/\/motorista.com.br\/noticias\/wp-json\/wp\/v2\/posts"}],"about":[{"href":"https:\/\/motorista.com.br\/noticias\/wp-json\/wp\/v2\/types\/post"}],"author":[{"embeddable":true,"href":"https:\/\/motorista.com.br\/noticias\/wp-json\/wp\/v2\/users\/4"}],"replies":[{"embeddable":true,"href":"https:\/\/motorista.com.br\/noticias\/wp-json\/wp\/v2\/comments?post=14345"}],"version-history":[{"count":0,"href":"https:\/\/motorista.com.br\/noticias\/wp-json\/wp\/v2\/posts\/14345\/revisions"}],"wp:featuredmedia":[{"embeddable":true,"href":"https:\/\/motorista.com.br\/noticias\/wp-json\/wp\/v2\/media\/14346"}],"wp:attachment":[{"href":"https:\/\/motorista.com.br\/noticias\/wp-json\/wp\/v2\/media?parent=14345"}],"wp:term":[{"taxonomy":"category","embeddable":true,"href":"https:\/\/motorista.com.br\/noticias\/wp-json\/wp\/v2\/categories?post=14345"},{"taxonomy":"post_tag","embeddable":true,"href":"https:\/\/motorista.com.br\/noticias\/wp-json\/wp\/v2\/tags?post=14345"},{"taxonomy":"author","embeddable":true,"href":"https:\/\/motorista.com.br\/noticias\/wp-json\/wp\/v2\/coauthors?post=14345"}],"curies":[{"name":"wp","href":"https:\/\/api.w.org\/{rel}","templated":true}]}}