{"id":14342,"date":"2026-09-04T17:30:29","date_gmt":"2026-09-04T20:30:29","guid":{"rendered":"https:\/\/motorista.com.br\/noticias\/2026\/09\/04\/vendas-de-caminhoes-caem-142-em-agosto\/"},"modified":"2026-09-04T17:30:29","modified_gmt":"2026-09-04T20:30:29","slug":"vendas-de-caminhoes-caem-142-em-agosto","status":"publish","type":"post","link":"https:\/\/motorista.com.br\/noticias\/2026\/09\/04\/vendas-de-caminhoes-caem-142-em-agosto\/","title":{"rendered":"Vendas de caminh\u00f5es caem 14,2% em agosto."},"content":{"rendered":"<p><\/p>\n<p><strong>Vendas de Caminh\u00f5es t\u00eam Queda de 14,2% em Agosto: Implica\u00e7\u00f5es para Motoristas e Mobilidade<\/strong><\/p>\n<p>As vendas de caminh\u00f5es no Brasil enfrentaram uma queda de 14,2% em agosto, conforme os dados da Federa\u00e7\u00e3o Nacional da Distribui\u00e7\u00e3o de Ve\u00edculos Automotores (Fenabrave). Apesar da retra\u00e7\u00e3o, \u00e9 importante reconhecer que a situa\u00e7\u00e3o traz reflex\u00f5es significativas sobre a mobilidade e os motoristas, al\u00e9m do impacto econ\u00f4mico no setor de transporte.<\/p>\n<p>Embora agosto tenha mostrado um desempenho inferior ao m\u00eas anterior em termos de emplacamentos, \u00e9 essencial destacar que houve um aumento de 9,05% em compara\u00e7\u00e3o com agosto de 2025. Isso indica um cen\u00e1rio misto: a necessidade de renova\u00e7\u00e3o da frota ainda \u00e9 evidente, mas as condi\u00e7\u00f5es que envolvem investimento em caminh\u00f5es requerem um olhar atento. Fatores como os n\u00edveis de frete, custos operacionais e o acesso ao financiamento influenciam diretamente na decis\u00e3o do transportador em adquirir novos ve\u00edculos.<\/p>\n<p>A redu\u00e7\u00e3o nos emplacamentos n\u00e3o deve ser encarada apenas como um indicador negativo. Os motoristas podem ver essa fase como uma oportunidade de reflex\u00e3o sobre a efici\u00eancia das suas opera\u00e7\u00f5es e a import\u00e2ncia de se manter atualizados sobre as pr\u00e1ticas do setor. Renovar a frota n\u00e3o \u00e9 apenas uma quest\u00e3o de adquirir ve\u00edculos mais novos; envolve tamb\u00e9m uma adapta\u00e7\u00e3o \u00e0s novas tecnologias e tend\u00eancias de mercado que podem proporcionar maior efici\u00eancia e redu\u00e7\u00e3o de custos operacionais.<\/p>\n<p>O programa Move Brasil, que visa a renova\u00e7\u00e3o das frotas, pode ser considerado um passo positivo nesse contexto, mesmo em sua fase final. Com o encerramento do prazo para protocolo das opera\u00e7\u00f5es, garantir que as aprova\u00e7\u00f5es se convertam em contrata\u00e7\u00f5es e emplacamentos ser\u00e1 crucial. Para os motoristas, isso pode significar a possibilidade de acesso a ve\u00edculos mais modernos e econ\u00f4micos, refletindo em uma melhoria na mobilidade e na qualidade dos servi\u00e7os prestados.<\/p>\n<p>Ao considerar o cen\u00e1rio atual, \u00e9 evidente que a queda nas vendas de caminh\u00f5es traz tanto desafios quanto oportunidades para os motoristas e para o setor de transporte como um todo. A adapta\u00e7\u00e3o \u00e0s novas condi\u00e7\u00f5es do mercado \u00e9 fundamental para garantir n\u00e3o apenas a sustentabilidade dos neg\u00f3cios, mas tamb\u00e9m um futuro mais eficiente e conectado na mobilidade. \u00c9 um momento para repensar estrat\u00e9gias, aproveitar incentivos dispon\u00edveis e focar na evolu\u00e7\u00e3o constante da frota.<\/p>\n","protected":false},"excerpt":{"rendered":"<p>Vendas de Caminh\u00f5es t\u00eam Queda de 14,2% em Agosto: Implica\u00e7\u00f5es para Motoristas e Mobilidade As vendas de caminh\u00f5es no Brasil enfrentaram uma queda de 14,2% em agosto, conforme os dados da Federa\u00e7\u00e3o Nacional da Distribui\u00e7\u00e3o de Ve\u00edculos Automotores (Fenabrave). Apesar da retra\u00e7\u00e3o, \u00e9 importante reconhecer que a situa\u00e7\u00e3o traz reflex\u00f5es significativas sobre a mobilidade e &hellip;<\/p>\n","protected":false},"author":4,"featured_media":7670,"comment_status":"","ping_status":"open","sticky":false,"template":"","format":"standard","meta":{"footnotes":""},"categories":[78,77],"tags":[],"coauthors":[42],"class_list":["post-14342","post","type-post","status-publish","format-standard","has-post-thumbnail","hentry","category-carreteiro","category-motorista"],"yoast_head":"<!-- This site is optimized with the Yoast SEO Premium plugin v27.6.1 (Yoast SEO v28.4) - https:\/\/yoast.com\/product\/yoast-seo-premium-wordpress\/ -->\n<title>Vendas de caminh\u00f5es caem 14,2% em agosto. - Motorista.com.br<\/title>\n<meta name=\"robots\" content=\"index, follow, max-snippet:-1, max-image-preview:large, max-video-preview:-1\" \/>\n<link rel=\"canonical\" href=\"https:\/\/motorista.com.br\/noticias\/2026\/09\/04\/vendas-de-caminhoes-caem-142-em-agosto\/\" \/>\n<meta property=\"og:locale\" content=\"pt_BR\" \/>\n<meta property=\"og:type\" content=\"article\" \/>\n<meta property=\"og:title\" content=\"Vendas de caminh\u00f5es caem 14,2% em agosto.\" \/>\n<meta property=\"og:description\" content=\"Vendas de Caminh\u00f5es t\u00eam Queda de 14,2% em Agosto: Implica\u00e7\u00f5es para Motoristas e Mobilidade As vendas de caminh\u00f5es no Brasil enfrentaram uma queda de 14,2% em agosto, conforme os dados da Federa\u00e7\u00e3o Nacional da Distribui\u00e7\u00e3o de Ve\u00edculos Automotores (Fenabrave). Apesar da retra\u00e7\u00e3o, \u00e9 importante reconhecer que a situa\u00e7\u00e3o traz reflex\u00f5es significativas sobre a mobilidade e &hellip;\" \/>\n<meta property=\"og:url\" content=\"https:\/\/motorista.com.br\/noticias\/2026\/09\/04\/vendas-de-caminhoes-caem-142-em-agosto\/\" \/>\n<meta property=\"og:site_name\" content=\"Motorista.com.br\" \/>\n<meta property=\"article:published_time\" content=\"2026-09-04T20:30:29+00:00\" \/>\n<meta name=\"author\" content=\"Equipe Reda\u00e7\u00e3o\" \/>\n<meta name=\"twitter:card\" content=\"summary_large_image\" \/>\n<meta name=\"twitter:label1\" content=\"Escrito por\" \/>\n\t<meta name=\"twitter:data1\" content=\"Equipe Reda\u00e7\u00e3o\" \/>\n\t<meta name=\"twitter:label2\" content=\"Est. tempo de leitura\" \/>\n\t<meta name=\"twitter:data2\" content=\"2 minutos\" \/>\n\t<meta name=\"twitter:label3\" content=\"Written by\" \/>\n\t<meta name=\"twitter:data3\" content=\"Equipe Reda\u00e7\u00e3o\" \/>\n<script type=\"application\/ld+json\" class=\"yoast-schema-graph\">{\"@context\":\"https:\\\/\\\/schema.org\",\"@graph\":[{\"@type\":\"Article\",\"@id\":\"https:\\\/\\\/motorista.com.br\\\/noticias\\\/2026\\\/09\\\/04\\\/vendas-de-caminhoes-caem-142-em-agosto\\\/#article\",\"isPartOf\":{\"@id\":\"https:\\\/\\\/motorista.com.br\\\/noticias\\\/2026\\\/09\\\/04\\\/vendas-de-caminhoes-caem-142-em-agosto\\\/\"},\"author\":{\"name\":\"Equipe Reda\u00e7\u00e3o\",\"@id\":\"https:\\\/\\\/motorista.com.br\\\/noticias\\\/#\\\/schema\\\/person\\\/dc93afc2981c0e3ce6bc3c053fd847be\"},\"headline\":\"Vendas de caminh\u00f5es caem 14,2% em agosto.\",\"datePublished\":\"2026-09-04T20:30:29+00:00\",\"mainEntityOfPage\":{\"@id\":\"https:\\\/\\\/motorista.com.br\\\/noticias\\\/2026\\\/09\\\/04\\\/vendas-de-caminhoes-caem-142-em-agosto\\\/\"},\"wordCount\":414,\"publisher\":{\"@id\":\"https:\\\/\\\/motorista.com.br\\\/noticias\\\/#organization\"},\"image\":{\"@id\":\"https:\\\/\\\/motorista.com.br\\\/noticias\\\/2026\\\/09\\\/04\\\/vendas-de-caminhoes-caem-142-em-agosto\\\/#primaryimage\"},\"thumbnailUrl\":\"https:\\\/\\\/motorista.com.br\\\/noticias\\\/wp-content\\\/uploads\\\/2026\\\/03\\\/caminhoes-novos-concessionaria.jpg\",\"articleSection\":[\"Carreteiro\",\"Motorista\"],\"inLanguage\":\"pt-BR\"},{\"@type\":\"WebPage\",\"@id\":\"https:\\\/\\\/motorista.com.br\\\/noticias\\\/2026\\\/09\\\/04\\\/vendas-de-caminhoes-caem-142-em-agosto\\\/\",\"url\":\"https:\\\/\\\/motorista.com.br\\\/noticias\\\/2026\\\/09\\\/04\\\/vendas-de-caminhoes-caem-142-em-agosto\\\/\",\"name\":\"Vendas de caminh\u00f5es caem 14,2% em agosto. - Motorista.com.br\",\"isPartOf\":{\"@id\":\"https:\\\/\\\/motorista.com.br\\\/noticias\\\/#website\"},\"primaryImageOfPage\":{\"@id\":\"https:\\\/\\\/motorista.com.br\\\/noticias\\\/2026\\\/09\\\/04\\\/vendas-de-caminhoes-caem-142-em-agosto\\\/#primaryimage\"},\"image\":{\"@id\":\"https:\\\/\\\/motorista.com.br\\\/noticias\\\/2026\\\/09\\\/04\\\/vendas-de-caminhoes-caem-142-em-agosto\\\/#primaryimage\"},\"thumbnailUrl\":\"https:\\\/\\\/motorista.com.br\\\/noticias\\\/wp-content\\\/uploads\\\/2026\\\/03\\\/caminhoes-novos-concessionaria.jpg\",\"datePublished\":\"2026-09-04T20:30:29+00:00\",\"breadcrumb\":{\"@id\":\"https:\\\/\\\/motorista.com.br\\\/noticias\\\/2026\\\/09\\\/04\\\/vendas-de-caminhoes-caem-142-em-agosto\\\/#breadcrumb\"},\"inLanguage\":\"pt-BR\",\"potentialAction\":[{\"@type\":\"ReadAction\",\"target\":[\"https:\\\/\\\/motorista.com.br\\\/noticias\\\/2026\\\/09\\\/04\\\/vendas-de-caminhoes-caem-142-em-agosto\\\/\"]}]},{\"@type\":\"ImageObject\",\"inLanguage\":\"pt-BR\",\"@id\":\"https:\\\/\\\/motorista.com.br\\\/noticias\\\/2026\\\/09\\\/04\\\/vendas-de-caminhoes-caem-142-em-agosto\\\/#primaryimage\",\"url\":\"https:\\\/\\\/motorista.com.br\\\/noticias\\\/wp-content\\\/uploads\\\/2026\\\/03\\\/caminhoes-novos-concessionaria.jpg\",\"contentUrl\":\"https:\\\/\\\/motorista.com.br\\\/noticias\\\/wp-content\\\/uploads\\\/2026\\\/03\\\/caminhoes-novos-concessionaria.jpg\",\"width\":1200,\"height\":800},{\"@type\":\"BreadcrumbList\",\"@id\":\"https:\\\/\\\/motorista.com.br\\\/noticias\\\/2026\\\/09\\\/04\\\/vendas-de-caminhoes-caem-142-em-agosto\\\/#breadcrumb\",\"itemListElement\":[{\"@type\":\"ListItem\",\"position\":1,\"name\":\"In\u00edcio\",\"item\":\"https:\\\/\\\/motorista.com.br\\\/noticias\\\/\"},{\"@type\":\"ListItem\",\"position\":2,\"name\":\"Vendas de caminh\u00f5es caem 14,2% em agosto.\"}]},{\"@type\":\"WebSite\",\"@id\":\"https:\\\/\\\/motorista.com.br\\\/noticias\\\/#website\",\"url\":\"https:\\\/\\\/motorista.com.br\\\/noticias\\\/\",\"name\":\"Motorista.com.br\",\"description\":\"Not\u00edcia do Motorista\",\"publisher\":{\"@id\":\"https:\\\/\\\/motorista.com.br\\\/noticias\\\/#organization\"},\"potentialAction\":[{\"@type\":\"SearchAction\",\"target\":{\"@type\":\"EntryPoint\",\"urlTemplate\":\"https:\\\/\\\/motorista.com.br\\\/noticias\\\/?s={search_term_string}\"},\"query-input\":{\"@type\":\"PropertyValueSpecification\",\"valueRequired\":true,\"valueName\":\"search_term_string\"}}],\"inLanguage\":\"pt-BR\"},{\"@type\":\"Organization\",\"@id\":\"https:\\\/\\\/motorista.com.br\\\/noticias\\\/#organization\",\"name\":\"Motorista.com.br\",\"url\":\"https:\\\/\\\/motorista.com.br\\\/noticias\\\/\",\"logo\":{\"@type\":\"ImageObject\",\"inLanguage\":\"pt-BR\",\"@id\":\"https:\\\/\\\/motorista.com.br\\\/noticias\\\/#\\\/schema\\\/logo\\\/image\\\/\",\"url\":\"https:\\\/\\\/motorista.com.br\\\/noticias\\\/wp-content\\\/uploads\\\/2025\\\/06\\\/Design-sem-nome-9.png\",\"contentUrl\":\"https:\\\/\\\/motorista.com.br\\\/noticias\\\/wp-content\\\/uploads\\\/2025\\\/06\\\/Design-sem-nome-9.png\",\"width\":150,\"height\":85,\"caption\":\"Motorista.com.br\"},\"image\":{\"@id\":\"https:\\\/\\\/motorista.com.br\\\/noticias\\\/#\\\/schema\\\/logo\\\/image\\\/\"}},{\"@type\":\"Person\",\"@id\":\"https:\\\/\\\/motorista.com.br\\\/noticias\\\/#\\\/schema\\\/person\\\/dc93afc2981c0e3ce6bc3c053fd847be\",\"name\":\"Equipe Reda\u00e7\u00e3o\",\"image\":{\"@type\":\"ImageObject\",\"inLanguage\":\"pt-BR\",\"@id\":\"https:\\\/\\\/secure.gravatar.com\\\/avatar\\\/4f525efbf18dd2bb300ccad28bfb99d95a9465a5ba268407c8c37b37e1f28d2d?s=96&d=mm&r=g9e099043a0c61e9ae27e293b9fa75ffc\",\"url\":\"https:\\\/\\\/secure.gravatar.com\\\/avatar\\\/4f525efbf18dd2bb300ccad28bfb99d95a9465a5ba268407c8c37b37e1f28d2d?s=96&d=mm&r=g\",\"contentUrl\":\"https:\\\/\\\/secure.gravatar.com\\\/avatar\\\/4f525efbf18dd2bb300ccad28bfb99d95a9465a5ba268407c8c37b37e1f28d2d?s=96&d=mm&r=g\",\"caption\":\"Equipe Reda\u00e7\u00e3o\"},\"description\":\"Equipe de reda\u00e7\u00e3o \u00e9 um grupo de profissionais que trabalham juntos para criar conte\u00fado escrito para Motorista.com.br\",\"url\":\"https:\\\/\\\/motorista.com.br\\\/noticias\\\/author\\\/equiperedacao\\\/\"}]}<\/script>\n<!-- \/ Yoast SEO Premium plugin. -->","yoast_head_json":{"title":"Vendas de caminh\u00f5es caem 14,2% em agosto. - Motorista.com.br","robots":{"index":"index","follow":"follow","max-snippet":"max-snippet:-1","max-image-preview":"max-image-preview:large","max-video-preview":"max-video-preview:-1"},"canonical":"https:\/\/motorista.com.br\/noticias\/2026\/09\/04\/vendas-de-caminhoes-caem-142-em-agosto\/","og_locale":"pt_BR","og_type":"article","og_title":"Vendas de caminh\u00f5es caem 14,2% em agosto.","og_description":"Vendas de Caminh\u00f5es t\u00eam Queda de 14,2% em Agosto: Implica\u00e7\u00f5es para Motoristas e Mobilidade As vendas de caminh\u00f5es no Brasil enfrentaram uma queda de 14,2% em agosto, conforme os dados da Federa\u00e7\u00e3o Nacional da Distribui\u00e7\u00e3o de Ve\u00edculos Automotores (Fenabrave). Apesar da retra\u00e7\u00e3o, \u00e9 importante reconhecer que a situa\u00e7\u00e3o traz reflex\u00f5es significativas sobre a mobilidade e &hellip;","og_url":"https:\/\/motorista.com.br\/noticias\/2026\/09\/04\/vendas-de-caminhoes-caem-142-em-agosto\/","og_site_name":"Motorista.com.br","article_published_time":"2026-09-04T20:30:29+00:00","author":"Equipe Reda\u00e7\u00e3o","twitter_card":"summary_large_image","twitter_misc":{"Escrito por":"Equipe Reda\u00e7\u00e3o","Est. tempo de leitura":"2 minutos","Written by":"Equipe Reda\u00e7\u00e3o"},"schema":{"@context":"https:\/\/schema.org","@graph":[{"@type":"Article","@id":"https:\/\/motorista.com.br\/noticias\/2026\/09\/04\/vendas-de-caminhoes-caem-142-em-agosto\/#article","isPartOf":{"@id":"https:\/\/motorista.com.br\/noticias\/2026\/09\/04\/vendas-de-caminhoes-caem-142-em-agosto\/"},"author":{"name":"Equipe Reda\u00e7\u00e3o","@id":"https:\/\/motorista.com.br\/noticias\/#\/schema\/person\/dc93afc2981c0e3ce6bc3c053fd847be"},"headline":"Vendas de caminh\u00f5es caem 14,2% em agosto.","datePublished":"2026-09-04T20:30:29+00:00","mainEntityOfPage":{"@id":"https:\/\/motorista.com.br\/noticias\/2026\/09\/04\/vendas-de-caminhoes-caem-142-em-agosto\/"},"wordCount":414,"publisher":{"@id":"https:\/\/motorista.com.br\/noticias\/#organization"},"image":{"@id":"https:\/\/motorista.com.br\/noticias\/2026\/09\/04\/vendas-de-caminhoes-caem-142-em-agosto\/#primaryimage"},"thumbnailUrl":"https:\/\/motorista.com.br\/noticias\/wp-content\/uploads\/2026\/03\/caminhoes-novos-concessionaria.jpg","articleSection":["Carreteiro","Motorista"],"inLanguage":"pt-BR"},{"@type":"WebPage","@id":"https:\/\/motorista.com.br\/noticias\/2026\/09\/04\/vendas-de-caminhoes-caem-142-em-agosto\/","url":"https:\/\/motorista.com.br\/noticias\/2026\/09\/04\/vendas-de-caminhoes-caem-142-em-agosto\/","name":"Vendas de caminh\u00f5es caem 14,2% em agosto. - Motorista.com.br","isPartOf":{"@id":"https:\/\/motorista.com.br\/noticias\/#website"},"primaryImageOfPage":{"@id":"https:\/\/motorista.com.br\/noticias\/2026\/09\/04\/vendas-de-caminhoes-caem-142-em-agosto\/#primaryimage"},"image":{"@id":"https:\/\/motorista.com.br\/noticias\/2026\/09\/04\/vendas-de-caminhoes-caem-142-em-agosto\/#primaryimage"},"thumbnailUrl":"https:\/\/motorista.com.br\/noticias\/wp-content\/uploads\/2026\/03\/caminhoes-novos-concessionaria.jpg","datePublished":"2026-09-04T20:30:29+00:00","breadcrumb":{"@id":"https:\/\/motorista.com.br\/noticias\/2026\/09\/04\/vendas-de-caminhoes-caem-142-em-agosto\/#breadcrumb"},"inLanguage":"pt-BR","potentialAction":[{"@type":"ReadAction","target":["https:\/\/motorista.com.br\/noticias\/2026\/09\/04\/vendas-de-caminhoes-caem-142-em-agosto\/"]}]},{"@type":"ImageObject","inLanguage":"pt-BR","@id":"https:\/\/motorista.com.br\/noticias\/2026\/09\/04\/vendas-de-caminhoes-caem-142-em-agosto\/#primaryimage","url":"https:\/\/motorista.com.br\/noticias\/wp-content\/uploads\/2026\/03\/caminhoes-novos-concessionaria.jpg","contentUrl":"https:\/\/motorista.com.br\/noticias\/wp-content\/uploads\/2026\/03\/caminhoes-novos-concessionaria.jpg","width":1200,"height":800},{"@type":"BreadcrumbList","@id":"https:\/\/motorista.com.br\/noticias\/2026\/09\/04\/vendas-de-caminhoes-caem-142-em-agosto\/#breadcrumb","itemListElement":[{"@type":"ListItem","position":1,"name":"In\u00edcio","item":"https:\/\/motorista.com.br\/noticias\/"},{"@type":"ListItem","position":2,"name":"Vendas de caminh\u00f5es caem 14,2% em agosto."}]},{"@type":"WebSite","@id":"https:\/\/motorista.com.br\/noticias\/#website","url":"https:\/\/motorista.com.br\/noticias\/","name":"Motorista.com.br","description":"Not\u00edcia do Motorista","publisher":{"@id":"https:\/\/motorista.com.br\/noticias\/#organization"},"potentialAction":[{"@type":"SearchAction","target":{"@type":"EntryPoint","urlTemplate":"https:\/\/motorista.com.br\/noticias\/?s={search_term_string}"},"query-input":{"@type":"PropertyValueSpecification","valueRequired":true,"valueName":"search_term_string"}}],"inLanguage":"pt-BR"},{"@type":"Organization","@id":"https:\/\/motorista.com.br\/noticias\/#organization","name":"Motorista.com.br","url":"https:\/\/motorista.com.br\/noticias\/","logo":{"@type":"ImageObject","inLanguage":"pt-BR","@id":"https:\/\/motorista.com.br\/noticias\/#\/schema\/logo\/image\/","url":"https:\/\/motorista.com.br\/noticias\/wp-content\/uploads\/2025\/06\/Design-sem-nome-9.png","contentUrl":"https:\/\/motorista.com.br\/noticias\/wp-content\/uploads\/2025\/06\/Design-sem-nome-9.png","width":150,"height":85,"caption":"Motorista.com.br"},"image":{"@id":"https:\/\/motorista.com.br\/noticias\/#\/schema\/logo\/image\/"}},{"@type":"Person","@id":"https:\/\/motorista.com.br\/noticias\/#\/schema\/person\/dc93afc2981c0e3ce6bc3c053fd847be","name":"Equipe Reda\u00e7\u00e3o","image":{"@type":"ImageObject","inLanguage":"pt-BR","@id":"https:\/\/secure.gravatar.com\/avatar\/4f525efbf18dd2bb300ccad28bfb99d95a9465a5ba268407c8c37b37e1f28d2d?s=96&d=mm&r=g9e099043a0c61e9ae27e293b9fa75ffc","url":"https:\/\/secure.gravatar.com\/avatar\/4f525efbf18dd2bb300ccad28bfb99d95a9465a5ba268407c8c37b37e1f28d2d?s=96&d=mm&r=g","contentUrl":"https:\/\/secure.gravatar.com\/avatar\/4f525efbf18dd2bb300ccad28bfb99d95a9465a5ba268407c8c37b37e1f28d2d?s=96&d=mm&r=g","caption":"Equipe Reda\u00e7\u00e3o"},"description":"Equipe de reda\u00e7\u00e3o \u00e9 um grupo de profissionais que trabalham juntos para criar conte\u00fado escrito para Motorista.com.br","url":"https:\/\/motorista.com.br\/noticias\/author\/equiperedacao\/"}]}},"_links":{"self":[{"href":"https:\/\/motorista.com.br\/noticias\/wp-json\/wp\/v2\/posts\/14342","targetHints":{"allow":["GET"]}}],"collection":[{"href":"https:\/\/motorista.com.br\/noticias\/wp-json\/wp\/v2\/posts"}],"about":[{"href":"https:\/\/motorista.com.br\/noticias\/wp-json\/wp\/v2\/types\/post"}],"author":[{"embeddable":true,"href":"https:\/\/motorista.com.br\/noticias\/wp-json\/wp\/v2\/users\/4"}],"replies":[{"embeddable":true,"href":"https:\/\/motorista.com.br\/noticias\/wp-json\/wp\/v2\/comments?post=14342"}],"version-history":[{"count":0,"href":"https:\/\/motorista.com.br\/noticias\/wp-json\/wp\/v2\/posts\/14342\/revisions"}],"wp:featuredmedia":[{"embeddable":true,"href":"https:\/\/motorista.com.br\/noticias\/wp-json\/wp\/v2\/media\/7670"}],"wp:attachment":[{"href":"https:\/\/motorista.com.br\/noticias\/wp-json\/wp\/v2\/media?parent=14342"}],"wp:term":[{"taxonomy":"category","embeddable":true,"href":"https:\/\/motorista.com.br\/noticias\/wp-json\/wp\/v2\/categories?post=14342"},{"taxonomy":"post_tag","embeddable":true,"href":"https:\/\/motorista.com.br\/noticias\/wp-json\/wp\/v2\/tags?post=14342"},{"taxonomy":"author","embeddable":true,"href":"https:\/\/motorista.com.br\/noticias\/wp-json\/wp\/v2\/coauthors?post=14342"}],"curies":[{"name":"wp","href":"https:\/\/api.w.org\/{rel}","templated":true}]}}