{"id":14340,"date":"2026-09-04T16:29:05","date_gmt":"2026-09-04T19:29:05","guid":{"rendered":"https:\/\/motorista.com.br\/noticias\/2026\/09\/04\/mudancas-para-empregados-e-empresas-o-que-voce-precisa-saber\/"},"modified":"2026-09-04T16:29:05","modified_gmt":"2026-09-04T19:29:05","slug":"mudancas-para-empregados-e-empresas-o-que-voce-precisa-saber","status":"publish","type":"post","link":"https:\/\/motorista.com.br\/noticias\/2026\/09\/04\/mudancas-para-empregados-e-empresas-o-que-voce-precisa-saber\/","title":{"rendered":"Mudan\u00e7as para empregados e empresas: o que voc\u00ea precisa saber"},"content":{"rendered":"<p><\/p>\n<h3>O que muda para trabalhadores e empresas \u2013 SETCESP<\/h3>\n<p>O Plen\u00e1rio do Supremo Tribunal Federal (STF) recentemente decidiu em rela\u00e7\u00e3o \u00e0 concess\u00e3o dos benef\u00edcios da justi\u00e7a gratuita, trazendo mudan\u00e7as significativas que impactam tanto trabalhadores quanto empregadores. Essas mudan\u00e7as s\u00e3o uma resposta a controv\u00e9rsias surgidas desde a Reforma Trabalhista de 2017 e oferecem novas diretrizes para a aprecia\u00e7\u00e3o desses pedidos.<\/p>\n<h4>Novos crit\u00e9rios estabelecidos<\/h4>\n<p>A decis\u00e3o do STF elimina o limite anterior de 40% do teto do Regime Geral de Previd\u00eancia Social (RGPS) para a concess\u00e3o da justi\u00e7a gratuita, estabelecendo R$ 5.000,00 como nova refer\u00eancia. Essa quantia traz uma presun\u00e7\u00e3o relativa de insufici\u00eancia de recursos para aqueles que recebem at\u00e9 esse valor. Por outro lado, os trabalhadores que ganham acima desse limite precisar\u00e3o comprovar sua situa\u00e7\u00e3o financeira, apresentando elementos que atestem sua necessidade.<\/p>\n<p>Essas mudan\u00e7as obrigam tanto os trabalhadores quanto os empregadores a repensarem suas estrat\u00e9gias. Para os motoristas, isso pode significar maior acesso \u00e0 justi\u00e7a quando enfrentarem lit\u00edgios, especialmente em quest\u00f5es relacionadas a contratos de trabalho ou reivindica\u00e7\u00f5es salariais. A nova abordagem de prova concreta pode, por outro lado, exigir que os trabalhadores se preparem melhor, organizando documentos financeiros que demonstrem sua real situa\u00e7\u00e3o econ\u00f4mica.<\/p>\n<h4>Impactos na mobilidade e nas rela\u00e7\u00f5es de trabalho<\/h4>\n<p>Os reflexos dessa decis\u00e3o v\u00e3o al\u00e9m do \u00e2mbito legal e tocando diretamente na mobilidade geral. As empresas, agora mais atentas \u00e0s evid\u00eancias de vulnerabilidade financeira de seus empregados, podem se ver incentivadas a adotar pol\u00edticas de recursos humanos mais inclusivas. Isso tamb\u00e9m poder\u00e1 resultar em um ambiente de trabalho mais equilibrado, refletindo-se em colis\u00f5es financeiras reduzidas e, consequentemente, no bem-estar dos motoristas.<\/p>\n<p>Os motoristas e trabalhadores do setor de transporte poder\u00e3o, por exemplo, sentir uma tranquilidade maior ao solucionar disputas, sabendo que t\u00eam o respaldo para buscar seus direitos sem a barreira econ\u00f4mica. Isso se traduz em um efeito positivo na mobilidade urbana, pois ao conciliar situa\u00e7\u00f5es trabalhistas, os motoristas poder\u00e3o focar mais em suas fun\u00e7\u00f5es e menos em preocupa\u00e7\u00f5es jur\u00eddicas.<\/p>\n<h4>Considera\u00e7\u00f5es finais<\/h4>\n<p>A recente decis\u00e3o do STF configura uma reestrutura\u00e7\u00e3o significativa na forma como a justi\u00e7a gratuita \u00e9 concedida. Com maior rigor na comprova\u00e7\u00e3o da insufici\u00eancia, espera-se que trabalhadores estejam mais proativos em organizar sua situa\u00e7\u00e3o financeira, ao mesmo tempo em que empresas se tornam mais respons\u00e1veis na gest\u00e3o dos seus colaboradores. <\/p>\n<p>Os impactos dessa mudan\u00e7a se refletem diretamente na mobilidade do setor, bem como na qualidade de vida dos motoristas, que poder\u00e3o operar em um ambiente mais justo e equilibrado. A exig\u00eancia de uma prova concreta n\u00e3o apenas promove uma rela\u00e7\u00e3o de justi\u00e7a, mas tamb\u00e9m incentiva um novo padr\u00e3o de responsabilidade e organiza\u00e7\u00e3o nas rela\u00e7\u00f5es de trabalho.<\/p>\n<p><strong>Fonte: SETCESP<\/strong><\/p>\n","protected":false},"excerpt":{"rendered":"<p>O que muda para trabalhadores e empresas \u2013 SETCESP O Plen\u00e1rio do Supremo Tribunal Federal (STF) recentemente decidiu em rela\u00e7\u00e3o \u00e0 concess\u00e3o dos benef\u00edcios da justi\u00e7a gratuita, trazendo mudan\u00e7as significativas que impactam tanto trabalhadores quanto empregadores. Essas mudan\u00e7as s\u00e3o uma resposta a controv\u00e9rsias surgidas desde a Reforma Trabalhista de 2017 e oferecem novas diretrizes para &hellip;<\/p>\n","protected":false},"author":4,"featured_media":14341,"comment_status":"","ping_status":"open","sticky":false,"template":"","format":"standard","meta":{"footnotes":""},"categories":[62],"tags":[],"coauthors":[42],"class_list":["post-14340","post","type-post","status-publish","format-standard","has-post-thumbnail","hentry","category-logistica"],"yoast_head":"<!-- This site is optimized with the Yoast SEO Premium plugin v27.6.1 (Yoast SEO v28.4) - https:\/\/yoast.com\/product\/yoast-seo-premium-wordpress\/ -->\n<title>Mudan\u00e7as para empregados e empresas: o que voc\u00ea precisa saber - Motorista.com.br<\/title>\n<meta name=\"robots\" content=\"index, follow, max-snippet:-1, max-image-preview:large, max-video-preview:-1\" \/>\n<link rel=\"canonical\" href=\"https:\/\/motorista.com.br\/noticias\/2026\/09\/04\/mudancas-para-empregados-e-empresas-o-que-voce-precisa-saber\/\" \/>\n<meta property=\"og:locale\" content=\"pt_BR\" \/>\n<meta property=\"og:type\" content=\"article\" \/>\n<meta property=\"og:title\" content=\"Mudan\u00e7as para empregados e empresas: o que voc\u00ea precisa saber\" \/>\n<meta property=\"og:description\" content=\"O que muda para trabalhadores e empresas \u2013 SETCESP O Plen\u00e1rio do Supremo Tribunal Federal (STF) recentemente decidiu em rela\u00e7\u00e3o \u00e0 concess\u00e3o dos benef\u00edcios da justi\u00e7a gratuita, trazendo mudan\u00e7as significativas que impactam tanto trabalhadores quanto empregadores. Essas mudan\u00e7as s\u00e3o uma resposta a controv\u00e9rsias surgidas desde a Reforma Trabalhista de 2017 e oferecem novas diretrizes para &hellip;\" \/>\n<meta property=\"og:url\" content=\"https:\/\/motorista.com.br\/noticias\/2026\/09\/04\/mudancas-para-empregados-e-empresas-o-que-voce-precisa-saber\/\" \/>\n<meta property=\"og:site_name\" content=\"Motorista.com.br\" \/>\n<meta property=\"article:published_time\" content=\"2026-09-04T19:29:05+00:00\" \/>\n<meta name=\"author\" content=\"Equipe Reda\u00e7\u00e3o\" \/>\n<meta name=\"twitter:card\" content=\"summary_large_image\" \/>\n<meta name=\"twitter:label1\" content=\"Escrito por\" \/>\n\t<meta name=\"twitter:data1\" content=\"Equipe Reda\u00e7\u00e3o\" \/>\n\t<meta name=\"twitter:label2\" content=\"Est. tempo de leitura\" \/>\n\t<meta name=\"twitter:data2\" content=\"2 minutos\" \/>\n\t<meta name=\"twitter:label3\" content=\"Written by\" \/>\n\t<meta name=\"twitter:data3\" content=\"Equipe Reda\u00e7\u00e3o\" \/>\n<script type=\"application\/ld+json\" class=\"yoast-schema-graph\">{\"@context\":\"https:\\\/\\\/schema.org\",\"@graph\":[{\"@type\":\"Article\",\"@id\":\"https:\\\/\\\/motorista.com.br\\\/noticias\\\/2026\\\/09\\\/04\\\/mudancas-para-empregados-e-empresas-o-que-voce-precisa-saber\\\/#article\",\"isPartOf\":{\"@id\":\"https:\\\/\\\/motorista.com.br\\\/noticias\\\/2026\\\/09\\\/04\\\/mudancas-para-empregados-e-empresas-o-que-voce-precisa-saber\\\/\"},\"author\":{\"name\":\"Equipe Reda\u00e7\u00e3o\",\"@id\":\"https:\\\/\\\/motorista.com.br\\\/noticias\\\/#\\\/schema\\\/person\\\/dc93afc2981c0e3ce6bc3c053fd847be\"},\"headline\":\"Mudan\u00e7as para empregados e empresas: o que voc\u00ea precisa saber\",\"datePublished\":\"2026-09-04T19:29:05+00:00\",\"mainEntityOfPage\":{\"@id\":\"https:\\\/\\\/motorista.com.br\\\/noticias\\\/2026\\\/09\\\/04\\\/mudancas-para-empregados-e-empresas-o-que-voce-precisa-saber\\\/\"},\"wordCount\":500,\"publisher\":{\"@id\":\"https:\\\/\\\/motorista.com.br\\\/noticias\\\/#organization\"},\"image\":{\"@id\":\"https:\\\/\\\/motorista.com.br\\\/noticias\\\/2026\\\/09\\\/04\\\/mudancas-para-empregados-e-empresas-o-que-voce-precisa-saber\\\/#primaryimage\"},\"thumbnailUrl\":\"https:\\\/\\\/motorista.com.br\\\/noticias\\\/wp-content\\\/uploads\\\/2026\\\/09\\\/04-09-26SO_Fique_atento_SETCESP_1400x700.png\",\"articleSection\":[\"Log\u00edstica\"],\"inLanguage\":\"pt-BR\"},{\"@type\":\"WebPage\",\"@id\":\"https:\\\/\\\/motorista.com.br\\\/noticias\\\/2026\\\/09\\\/04\\\/mudancas-para-empregados-e-empresas-o-que-voce-precisa-saber\\\/\",\"url\":\"https:\\\/\\\/motorista.com.br\\\/noticias\\\/2026\\\/09\\\/04\\\/mudancas-para-empregados-e-empresas-o-que-voce-precisa-saber\\\/\",\"name\":\"Mudan\u00e7as para empregados e empresas: o que voc\u00ea precisa saber - Motorista.com.br\",\"isPartOf\":{\"@id\":\"https:\\\/\\\/motorista.com.br\\\/noticias\\\/#website\"},\"primaryImageOfPage\":{\"@id\":\"https:\\\/\\\/motorista.com.br\\\/noticias\\\/2026\\\/09\\\/04\\\/mudancas-para-empregados-e-empresas-o-que-voce-precisa-saber\\\/#primaryimage\"},\"image\":{\"@id\":\"https:\\\/\\\/motorista.com.br\\\/noticias\\\/2026\\\/09\\\/04\\\/mudancas-para-empregados-e-empresas-o-que-voce-precisa-saber\\\/#primaryimage\"},\"thumbnailUrl\":\"https:\\\/\\\/motorista.com.br\\\/noticias\\\/wp-content\\\/uploads\\\/2026\\\/09\\\/04-09-26SO_Fique_atento_SETCESP_1400x700.png\",\"datePublished\":\"2026-09-04T19:29:05+00:00\",\"breadcrumb\":{\"@id\":\"https:\\\/\\\/motorista.com.br\\\/noticias\\\/2026\\\/09\\\/04\\\/mudancas-para-empregados-e-empresas-o-que-voce-precisa-saber\\\/#breadcrumb\"},\"inLanguage\":\"pt-BR\",\"potentialAction\":[{\"@type\":\"ReadAction\",\"target\":[\"https:\\\/\\\/motorista.com.br\\\/noticias\\\/2026\\\/09\\\/04\\\/mudancas-para-empregados-e-empresas-o-que-voce-precisa-saber\\\/\"]}]},{\"@type\":\"ImageObject\",\"inLanguage\":\"pt-BR\",\"@id\":\"https:\\\/\\\/motorista.com.br\\\/noticias\\\/2026\\\/09\\\/04\\\/mudancas-para-empregados-e-empresas-o-que-voce-precisa-saber\\\/#primaryimage\",\"url\":\"https:\\\/\\\/motorista.com.br\\\/noticias\\\/wp-content\\\/uploads\\\/2026\\\/09\\\/04-09-26SO_Fique_atento_SETCESP_1400x700.png\",\"contentUrl\":\"https:\\\/\\\/motorista.com.br\\\/noticias\\\/wp-content\\\/uploads\\\/2026\\\/09\\\/04-09-26SO_Fique_atento_SETCESP_1400x700.png\",\"width\":1400,\"height\":700},{\"@type\":\"BreadcrumbList\",\"@id\":\"https:\\\/\\\/motorista.com.br\\\/noticias\\\/2026\\\/09\\\/04\\\/mudancas-para-empregados-e-empresas-o-que-voce-precisa-saber\\\/#breadcrumb\",\"itemListElement\":[{\"@type\":\"ListItem\",\"position\":1,\"name\":\"In\u00edcio\",\"item\":\"https:\\\/\\\/motorista.com.br\\\/noticias\\\/\"},{\"@type\":\"ListItem\",\"position\":2,\"name\":\"Mudan\u00e7as para empregados e empresas: o que voc\u00ea precisa saber\"}]},{\"@type\":\"WebSite\",\"@id\":\"https:\\\/\\\/motorista.com.br\\\/noticias\\\/#website\",\"url\":\"https:\\\/\\\/motorista.com.br\\\/noticias\\\/\",\"name\":\"Motorista.com.br\",\"description\":\"Not\u00edcia do Motorista\",\"publisher\":{\"@id\":\"https:\\\/\\\/motorista.com.br\\\/noticias\\\/#organization\"},\"potentialAction\":[{\"@type\":\"SearchAction\",\"target\":{\"@type\":\"EntryPoint\",\"urlTemplate\":\"https:\\\/\\\/motorista.com.br\\\/noticias\\\/?s={search_term_string}\"},\"query-input\":{\"@type\":\"PropertyValueSpecification\",\"valueRequired\":true,\"valueName\":\"search_term_string\"}}],\"inLanguage\":\"pt-BR\"},{\"@type\":\"Organization\",\"@id\":\"https:\\\/\\\/motorista.com.br\\\/noticias\\\/#organization\",\"name\":\"Motorista.com.br\",\"url\":\"https:\\\/\\\/motorista.com.br\\\/noticias\\\/\",\"logo\":{\"@type\":\"ImageObject\",\"inLanguage\":\"pt-BR\",\"@id\":\"https:\\\/\\\/motorista.com.br\\\/noticias\\\/#\\\/schema\\\/logo\\\/image\\\/\",\"url\":\"https:\\\/\\\/motorista.com.br\\\/noticias\\\/wp-content\\\/uploads\\\/2025\\\/06\\\/Design-sem-nome-9.png\",\"contentUrl\":\"https:\\\/\\\/motorista.com.br\\\/noticias\\\/wp-content\\\/uploads\\\/2025\\\/06\\\/Design-sem-nome-9.png\",\"width\":150,\"height\":85,\"caption\":\"Motorista.com.br\"},\"image\":{\"@id\":\"https:\\\/\\\/motorista.com.br\\\/noticias\\\/#\\\/schema\\\/logo\\\/image\\\/\"}},{\"@type\":\"Person\",\"@id\":\"https:\\\/\\\/motorista.com.br\\\/noticias\\\/#\\\/schema\\\/person\\\/dc93afc2981c0e3ce6bc3c053fd847be\",\"name\":\"Equipe Reda\u00e7\u00e3o\",\"image\":{\"@type\":\"ImageObject\",\"inLanguage\":\"pt-BR\",\"@id\":\"https:\\\/\\\/secure.gravatar.com\\\/avatar\\\/4f525efbf18dd2bb300ccad28bfb99d95a9465a5ba268407c8c37b37e1f28d2d?s=96&d=mm&r=g9e099043a0c61e9ae27e293b9fa75ffc\",\"url\":\"https:\\\/\\\/secure.gravatar.com\\\/avatar\\\/4f525efbf18dd2bb300ccad28bfb99d95a9465a5ba268407c8c37b37e1f28d2d?s=96&d=mm&r=g\",\"contentUrl\":\"https:\\\/\\\/secure.gravatar.com\\\/avatar\\\/4f525efbf18dd2bb300ccad28bfb99d95a9465a5ba268407c8c37b37e1f28d2d?s=96&d=mm&r=g\",\"caption\":\"Equipe Reda\u00e7\u00e3o\"},\"description\":\"Equipe de reda\u00e7\u00e3o \u00e9 um grupo de profissionais que trabalham juntos para criar conte\u00fado escrito para Motorista.com.br\",\"url\":\"https:\\\/\\\/motorista.com.br\\\/noticias\\\/author\\\/equiperedacao\\\/\"}]}<\/script>\n<!-- \/ Yoast SEO Premium plugin. -->","yoast_head_json":{"title":"Mudan\u00e7as para empregados e empresas: o que voc\u00ea precisa saber - Motorista.com.br","robots":{"index":"index","follow":"follow","max-snippet":"max-snippet:-1","max-image-preview":"max-image-preview:large","max-video-preview":"max-video-preview:-1"},"canonical":"https:\/\/motorista.com.br\/noticias\/2026\/09\/04\/mudancas-para-empregados-e-empresas-o-que-voce-precisa-saber\/","og_locale":"pt_BR","og_type":"article","og_title":"Mudan\u00e7as para empregados e empresas: o que voc\u00ea precisa saber","og_description":"O que muda para trabalhadores e empresas \u2013 SETCESP O Plen\u00e1rio do Supremo Tribunal Federal (STF) recentemente decidiu em rela\u00e7\u00e3o \u00e0 concess\u00e3o dos benef\u00edcios da justi\u00e7a gratuita, trazendo mudan\u00e7as significativas que impactam tanto trabalhadores quanto empregadores. Essas mudan\u00e7as s\u00e3o uma resposta a controv\u00e9rsias surgidas desde a Reforma Trabalhista de 2017 e oferecem novas diretrizes para &hellip;","og_url":"https:\/\/motorista.com.br\/noticias\/2026\/09\/04\/mudancas-para-empregados-e-empresas-o-que-voce-precisa-saber\/","og_site_name":"Motorista.com.br","article_published_time":"2026-09-04T19:29:05+00:00","author":"Equipe Reda\u00e7\u00e3o","twitter_card":"summary_large_image","twitter_misc":{"Escrito por":"Equipe Reda\u00e7\u00e3o","Est. tempo de leitura":"2 minutos","Written by":"Equipe Reda\u00e7\u00e3o"},"schema":{"@context":"https:\/\/schema.org","@graph":[{"@type":"Article","@id":"https:\/\/motorista.com.br\/noticias\/2026\/09\/04\/mudancas-para-empregados-e-empresas-o-que-voce-precisa-saber\/#article","isPartOf":{"@id":"https:\/\/motorista.com.br\/noticias\/2026\/09\/04\/mudancas-para-empregados-e-empresas-o-que-voce-precisa-saber\/"},"author":{"name":"Equipe Reda\u00e7\u00e3o","@id":"https:\/\/motorista.com.br\/noticias\/#\/schema\/person\/dc93afc2981c0e3ce6bc3c053fd847be"},"headline":"Mudan\u00e7as para empregados e empresas: o que voc\u00ea precisa saber","datePublished":"2026-09-04T19:29:05+00:00","mainEntityOfPage":{"@id":"https:\/\/motorista.com.br\/noticias\/2026\/09\/04\/mudancas-para-empregados-e-empresas-o-que-voce-precisa-saber\/"},"wordCount":500,"publisher":{"@id":"https:\/\/motorista.com.br\/noticias\/#organization"},"image":{"@id":"https:\/\/motorista.com.br\/noticias\/2026\/09\/04\/mudancas-para-empregados-e-empresas-o-que-voce-precisa-saber\/#primaryimage"},"thumbnailUrl":"https:\/\/motorista.com.br\/noticias\/wp-content\/uploads\/2026\/09\/04-09-26SO_Fique_atento_SETCESP_1400x700.png","articleSection":["Log\u00edstica"],"inLanguage":"pt-BR"},{"@type":"WebPage","@id":"https:\/\/motorista.com.br\/noticias\/2026\/09\/04\/mudancas-para-empregados-e-empresas-o-que-voce-precisa-saber\/","url":"https:\/\/motorista.com.br\/noticias\/2026\/09\/04\/mudancas-para-empregados-e-empresas-o-que-voce-precisa-saber\/","name":"Mudan\u00e7as para empregados e empresas: o que voc\u00ea precisa saber - Motorista.com.br","isPartOf":{"@id":"https:\/\/motorista.com.br\/noticias\/#website"},"primaryImageOfPage":{"@id":"https:\/\/motorista.com.br\/noticias\/2026\/09\/04\/mudancas-para-empregados-e-empresas-o-que-voce-precisa-saber\/#primaryimage"},"image":{"@id":"https:\/\/motorista.com.br\/noticias\/2026\/09\/04\/mudancas-para-empregados-e-empresas-o-que-voce-precisa-saber\/#primaryimage"},"thumbnailUrl":"https:\/\/motorista.com.br\/noticias\/wp-content\/uploads\/2026\/09\/04-09-26SO_Fique_atento_SETCESP_1400x700.png","datePublished":"2026-09-04T19:29:05+00:00","breadcrumb":{"@id":"https:\/\/motorista.com.br\/noticias\/2026\/09\/04\/mudancas-para-empregados-e-empresas-o-que-voce-precisa-saber\/#breadcrumb"},"inLanguage":"pt-BR","potentialAction":[{"@type":"ReadAction","target":["https:\/\/motorista.com.br\/noticias\/2026\/09\/04\/mudancas-para-empregados-e-empresas-o-que-voce-precisa-saber\/"]}]},{"@type":"ImageObject","inLanguage":"pt-BR","@id":"https:\/\/motorista.com.br\/noticias\/2026\/09\/04\/mudancas-para-empregados-e-empresas-o-que-voce-precisa-saber\/#primaryimage","url":"https:\/\/motorista.com.br\/noticias\/wp-content\/uploads\/2026\/09\/04-09-26SO_Fique_atento_SETCESP_1400x700.png","contentUrl":"https:\/\/motorista.com.br\/noticias\/wp-content\/uploads\/2026\/09\/04-09-26SO_Fique_atento_SETCESP_1400x700.png","width":1400,"height":700},{"@type":"BreadcrumbList","@id":"https:\/\/motorista.com.br\/noticias\/2026\/09\/04\/mudancas-para-empregados-e-empresas-o-que-voce-precisa-saber\/#breadcrumb","itemListElement":[{"@type":"ListItem","position":1,"name":"In\u00edcio","item":"https:\/\/motorista.com.br\/noticias\/"},{"@type":"ListItem","position":2,"name":"Mudan\u00e7as para empregados e empresas: o que voc\u00ea precisa saber"}]},{"@type":"WebSite","@id":"https:\/\/motorista.com.br\/noticias\/#website","url":"https:\/\/motorista.com.br\/noticias\/","name":"Motorista.com.br","description":"Not\u00edcia do Motorista","publisher":{"@id":"https:\/\/motorista.com.br\/noticias\/#organization"},"potentialAction":[{"@type":"SearchAction","target":{"@type":"EntryPoint","urlTemplate":"https:\/\/motorista.com.br\/noticias\/?s={search_term_string}"},"query-input":{"@type":"PropertyValueSpecification","valueRequired":true,"valueName":"search_term_string"}}],"inLanguage":"pt-BR"},{"@type":"Organization","@id":"https:\/\/motorista.com.br\/noticias\/#organization","name":"Motorista.com.br","url":"https:\/\/motorista.com.br\/noticias\/","logo":{"@type":"ImageObject","inLanguage":"pt-BR","@id":"https:\/\/motorista.com.br\/noticias\/#\/schema\/logo\/image\/","url":"https:\/\/motorista.com.br\/noticias\/wp-content\/uploads\/2025\/06\/Design-sem-nome-9.png","contentUrl":"https:\/\/motorista.com.br\/noticias\/wp-content\/uploads\/2025\/06\/Design-sem-nome-9.png","width":150,"height":85,"caption":"Motorista.com.br"},"image":{"@id":"https:\/\/motorista.com.br\/noticias\/#\/schema\/logo\/image\/"}},{"@type":"Person","@id":"https:\/\/motorista.com.br\/noticias\/#\/schema\/person\/dc93afc2981c0e3ce6bc3c053fd847be","name":"Equipe Reda\u00e7\u00e3o","image":{"@type":"ImageObject","inLanguage":"pt-BR","@id":"https:\/\/secure.gravatar.com\/avatar\/4f525efbf18dd2bb300ccad28bfb99d95a9465a5ba268407c8c37b37e1f28d2d?s=96&d=mm&r=g9e099043a0c61e9ae27e293b9fa75ffc","url":"https:\/\/secure.gravatar.com\/avatar\/4f525efbf18dd2bb300ccad28bfb99d95a9465a5ba268407c8c37b37e1f28d2d?s=96&d=mm&r=g","contentUrl":"https:\/\/secure.gravatar.com\/avatar\/4f525efbf18dd2bb300ccad28bfb99d95a9465a5ba268407c8c37b37e1f28d2d?s=96&d=mm&r=g","caption":"Equipe Reda\u00e7\u00e3o"},"description":"Equipe de reda\u00e7\u00e3o \u00e9 um grupo de profissionais que trabalham juntos para criar conte\u00fado escrito para Motorista.com.br","url":"https:\/\/motorista.com.br\/noticias\/author\/equiperedacao\/"}]}},"_links":{"self":[{"href":"https:\/\/motorista.com.br\/noticias\/wp-json\/wp\/v2\/posts\/14340","targetHints":{"allow":["GET"]}}],"collection":[{"href":"https:\/\/motorista.com.br\/noticias\/wp-json\/wp\/v2\/posts"}],"about":[{"href":"https:\/\/motorista.com.br\/noticias\/wp-json\/wp\/v2\/types\/post"}],"author":[{"embeddable":true,"href":"https:\/\/motorista.com.br\/noticias\/wp-json\/wp\/v2\/users\/4"}],"replies":[{"embeddable":true,"href":"https:\/\/motorista.com.br\/noticias\/wp-json\/wp\/v2\/comments?post=14340"}],"version-history":[{"count":0,"href":"https:\/\/motorista.com.br\/noticias\/wp-json\/wp\/v2\/posts\/14340\/revisions"}],"wp:featuredmedia":[{"embeddable":true,"href":"https:\/\/motorista.com.br\/noticias\/wp-json\/wp\/v2\/media\/14341"}],"wp:attachment":[{"href":"https:\/\/motorista.com.br\/noticias\/wp-json\/wp\/v2\/media?parent=14340"}],"wp:term":[{"taxonomy":"category","embeddable":true,"href":"https:\/\/motorista.com.br\/noticias\/wp-json\/wp\/v2\/categories?post=14340"},{"taxonomy":"post_tag","embeddable":true,"href":"https:\/\/motorista.com.br\/noticias\/wp-json\/wp\/v2\/tags?post=14340"},{"taxonomy":"author","embeddable":true,"href":"https:\/\/motorista.com.br\/noticias\/wp-json\/wp\/v2\/coauthors?post=14340"}],"curies":[{"name":"wp","href":"https:\/\/api.w.org\/{rel}","templated":true}]}}