{"id":14336,"date":"2026-09-04T15:21:21","date_gmt":"2026-09-04T18:21:21","guid":{"rendered":"https:\/\/motorista.com.br\/noticias\/2026\/09\/04\/echo-global-logistics-compra-its-logistics-em-grande-negocio-nos-eua\/"},"modified":"2026-09-04T15:21:21","modified_gmt":"2026-09-04T18:21:21","slug":"echo-global-logistics-compra-its-logistics-em-grande-negocio-nos-eua","status":"publish","type":"post","link":"https:\/\/motorista.com.br\/noticias\/2026\/09\/04\/echo-global-logistics-compra-its-logistics-em-grande-negocio-nos-eua\/","title":{"rendered":"Echo Global Logistics compra ITS Logistics em grande neg\u00f3cio nos EUA."},"content":{"rendered":"<p><\/p>\n<h3>Echo Global Logistics Adquire ITS Logistics: Impactos para Motoristas e Mobilidade<\/h3>\n<p>A recente aquisi\u00e7\u00e3o da ITS Logistics pela Echo Global Logistics n\u00e3o apenas forma um gigante com receita pro forma de US$ 5,4 bilh\u00f5es, mas tamb\u00e9m promete influenciar significativamente o cen\u00e1rio do transporte nos Estados Unidos. Com a uni\u00e3o de suas opera\u00e7\u00f5es, a Echo, que j\u00e1 se destaca como uma das principais brokers de transporte rodovi\u00e1rio, amplia suas capacidades ao integrar a especializa\u00e7\u00e3o da ITS em transporte dedicado, armazenagem e servi\u00e7os portu\u00e1rios de movimenta\u00e7\u00e3o de cont\u00eaineres (drayage).<\/p>\n<p>Essa fus\u00e3o \u00e9 um reflexo das tend\u00eancias de consolida\u00e7\u00e3o que o setor de log\u00edstica tem enfrentado. A uni\u00e3o das for\u00e7as tecnol\u00f3gicas da Echo com a opera\u00e7\u00e3o especializada da ITS pode resultar em ganhos operacionais, recursos mais eficientes e, consequentemente, um impacto positivo na mobilidade geral. Para motoristas, isso significa um potencial aumento na efici\u00eancia das rotas e na gest\u00e3o do frete, o que pode se traduzir em uma melhoria nas condi\u00e7\u00f5es de trabalho e redu\u00e7\u00e3o de tempos de espera.<\/p>\n<p>Al\u00e9m disso, a otimiza\u00e7\u00e3o das opera\u00e7\u00f5es log\u00edsticas pode facilitar o fluxo de mercadorias, reduzindo congestionamentos e melhorando a experi\u00eancia de quem est\u00e1 nas estradas. A tecnologia de precifica\u00e7\u00e3o e roteiriza\u00e7\u00e3o de cargas da Echo, quando combinada com a expertise da ITS, pode criar um ecossistema mais integrado, permitindo que motoristas naveguem com maior facilidade e encontrem as melhores op\u00e7\u00f5es de carga.<\/p>\n<p>A expectativa \u00e9 que o fechamento do neg\u00f3cio ocorra no primeiro semestre de 2026, sujeito a aprova\u00e7\u00f5es regulat\u00f3rias usuais. Com essa movimenta\u00e7\u00e3o, tanto motoristas quanto empresas de log\u00edstica podem se beneficiar de um sistema de transporte mais interconectado e eficiente, elevando o padr\u00e3o de mobilidade no pa\u00eds.<\/p>\n<p><strong>Fonte: Carta de Log\u00edstica<\/strong><\/p>\n","protected":false},"excerpt":{"rendered":"<p>Echo Global Logistics Adquire ITS Logistics: Impactos para Motoristas e Mobilidade A recente aquisi\u00e7\u00e3o da ITS Logistics pela Echo Global Logistics n\u00e3o apenas forma um gigante com receita pro forma de US$ 5,4 bilh\u00f5es, mas tamb\u00e9m promete influenciar significativamente o cen\u00e1rio do transporte nos Estados Unidos. Com a uni\u00e3o de suas opera\u00e7\u00f5es, a Echo, que &hellip;<\/p>\n","protected":false},"author":4,"featured_media":14337,"comment_status":"","ping_status":"open","sticky":false,"template":"","format":"standard","meta":{"footnotes":""},"categories":[62],"tags":[],"coauthors":[42],"class_list":["post-14336","post","type-post","status-publish","format-standard","has-post-thumbnail","hentry","category-logistica"],"yoast_head":"<!-- This site is optimized with the Yoast SEO Premium plugin v27.6.1 (Yoast SEO v28.4) - https:\/\/yoast.com\/product\/yoast-seo-premium-wordpress\/ -->\n<title>Echo Global Logistics compra ITS Logistics em grande neg\u00f3cio nos EUA. - Motorista.com.br<\/title>\n<meta name=\"robots\" content=\"index, follow, max-snippet:-1, max-image-preview:large, max-video-preview:-1\" \/>\n<link rel=\"canonical\" href=\"https:\/\/motorista.com.br\/noticias\/2026\/09\/04\/echo-global-logistics-compra-its-logistics-em-grande-negocio-nos-eua\/\" \/>\n<meta property=\"og:locale\" content=\"pt_BR\" \/>\n<meta property=\"og:type\" content=\"article\" \/>\n<meta property=\"og:title\" content=\"Echo Global Logistics compra ITS Logistics em grande neg\u00f3cio nos EUA.\" \/>\n<meta property=\"og:description\" content=\"Echo Global Logistics Adquire ITS Logistics: Impactos para Motoristas e Mobilidade A recente aquisi\u00e7\u00e3o da ITS Logistics pela Echo Global Logistics n\u00e3o apenas forma um gigante com receita pro forma de US$ 5,4 bilh\u00f5es, mas tamb\u00e9m promete influenciar significativamente o cen\u00e1rio do transporte nos Estados Unidos. Com a uni\u00e3o de suas opera\u00e7\u00f5es, a Echo, que &hellip;\" \/>\n<meta property=\"og:url\" content=\"https:\/\/motorista.com.br\/noticias\/2026\/09\/04\/echo-global-logistics-compra-its-logistics-em-grande-negocio-nos-eua\/\" \/>\n<meta property=\"og:site_name\" content=\"Motorista.com.br\" \/>\n<meta property=\"article:published_time\" content=\"2026-09-04T18:21:21+00:00\" \/>\n<meta name=\"author\" content=\"Equipe Reda\u00e7\u00e3o\" \/>\n<meta name=\"twitter:card\" content=\"summary_large_image\" \/>\n<meta name=\"twitter:label1\" content=\"Escrito por\" \/>\n\t<meta name=\"twitter:data1\" content=\"Equipe Reda\u00e7\u00e3o\" \/>\n\t<meta name=\"twitter:label2\" content=\"Est. tempo de leitura\" \/>\n\t<meta name=\"twitter:data2\" content=\"2 minutos\" \/>\n\t<meta name=\"twitter:label3\" content=\"Written by\" \/>\n\t<meta name=\"twitter:data3\" content=\"Equipe Reda\u00e7\u00e3o\" \/>\n<script type=\"application\/ld+json\" class=\"yoast-schema-graph\">{\"@context\":\"https:\\\/\\\/schema.org\",\"@graph\":[{\"@type\":\"Article\",\"@id\":\"https:\\\/\\\/motorista.com.br\\\/noticias\\\/2026\\\/09\\\/04\\\/echo-global-logistics-compra-its-logistics-em-grande-negocio-nos-eua\\\/#article\",\"isPartOf\":{\"@id\":\"https:\\\/\\\/motorista.com.br\\\/noticias\\\/2026\\\/09\\\/04\\\/echo-global-logistics-compra-its-logistics-em-grande-negocio-nos-eua\\\/\"},\"author\":{\"name\":\"Equipe Reda\u00e7\u00e3o\",\"@id\":\"https:\\\/\\\/motorista.com.br\\\/noticias\\\/#\\\/schema\\\/person\\\/dc93afc2981c0e3ce6bc3c053fd847be\"},\"headline\":\"Echo Global Logistics compra ITS Logistics em grande neg\u00f3cio nos EUA.\",\"datePublished\":\"2026-09-04T18:21:21+00:00\",\"mainEntityOfPage\":{\"@id\":\"https:\\\/\\\/motorista.com.br\\\/noticias\\\/2026\\\/09\\\/04\\\/echo-global-logistics-compra-its-logistics-em-grande-negocio-nos-eua\\\/\"},\"wordCount\":327,\"publisher\":{\"@id\":\"https:\\\/\\\/motorista.com.br\\\/noticias\\\/#organization\"},\"image\":{\"@id\":\"https:\\\/\\\/motorista.com.br\\\/noticias\\\/2026\\\/09\\\/04\\\/echo-global-logistics-compra-its-logistics-em-grande-negocio-nos-eua\\\/#primaryimage\"},\"thumbnailUrl\":\"https:\\\/\\\/motorista.com.br\\\/noticias\\\/wp-content\\\/uploads\\\/2026\\\/09\\\/ID-CL-1000-px-x-830-px-Echo.png\",\"articleSection\":[\"Log\u00edstica\"],\"inLanguage\":\"pt-BR\"},{\"@type\":\"WebPage\",\"@id\":\"https:\\\/\\\/motorista.com.br\\\/noticias\\\/2026\\\/09\\\/04\\\/echo-global-logistics-compra-its-logistics-em-grande-negocio-nos-eua\\\/\",\"url\":\"https:\\\/\\\/motorista.com.br\\\/noticias\\\/2026\\\/09\\\/04\\\/echo-global-logistics-compra-its-logistics-em-grande-negocio-nos-eua\\\/\",\"name\":\"Echo Global Logistics compra ITS Logistics em grande neg\u00f3cio nos EUA. - Motorista.com.br\",\"isPartOf\":{\"@id\":\"https:\\\/\\\/motorista.com.br\\\/noticias\\\/#website\"},\"primaryImageOfPage\":{\"@id\":\"https:\\\/\\\/motorista.com.br\\\/noticias\\\/2026\\\/09\\\/04\\\/echo-global-logistics-compra-its-logistics-em-grande-negocio-nos-eua\\\/#primaryimage\"},\"image\":{\"@id\":\"https:\\\/\\\/motorista.com.br\\\/noticias\\\/2026\\\/09\\\/04\\\/echo-global-logistics-compra-its-logistics-em-grande-negocio-nos-eua\\\/#primaryimage\"},\"thumbnailUrl\":\"https:\\\/\\\/motorista.com.br\\\/noticias\\\/wp-content\\\/uploads\\\/2026\\\/09\\\/ID-CL-1000-px-x-830-px-Echo.png\",\"datePublished\":\"2026-09-04T18:21:21+00:00\",\"breadcrumb\":{\"@id\":\"https:\\\/\\\/motorista.com.br\\\/noticias\\\/2026\\\/09\\\/04\\\/echo-global-logistics-compra-its-logistics-em-grande-negocio-nos-eua\\\/#breadcrumb\"},\"inLanguage\":\"pt-BR\",\"potentialAction\":[{\"@type\":\"ReadAction\",\"target\":[\"https:\\\/\\\/motorista.com.br\\\/noticias\\\/2026\\\/09\\\/04\\\/echo-global-logistics-compra-its-logistics-em-grande-negocio-nos-eua\\\/\"]}]},{\"@type\":\"ImageObject\",\"inLanguage\":\"pt-BR\",\"@id\":\"https:\\\/\\\/motorista.com.br\\\/noticias\\\/2026\\\/09\\\/04\\\/echo-global-logistics-compra-its-logistics-em-grande-negocio-nos-eua\\\/#primaryimage\",\"url\":\"https:\\\/\\\/motorista.com.br\\\/noticias\\\/wp-content\\\/uploads\\\/2026\\\/09\\\/ID-CL-1000-px-x-830-px-Echo.png\",\"contentUrl\":\"https:\\\/\\\/motorista.com.br\\\/noticias\\\/wp-content\\\/uploads\\\/2026\\\/09\\\/ID-CL-1000-px-x-830-px-Echo.png\",\"width\":1000,\"height\":821},{\"@type\":\"BreadcrumbList\",\"@id\":\"https:\\\/\\\/motorista.com.br\\\/noticias\\\/2026\\\/09\\\/04\\\/echo-global-logistics-compra-its-logistics-em-grande-negocio-nos-eua\\\/#breadcrumb\",\"itemListElement\":[{\"@type\":\"ListItem\",\"position\":1,\"name\":\"In\u00edcio\",\"item\":\"https:\\\/\\\/motorista.com.br\\\/noticias\\\/\"},{\"@type\":\"ListItem\",\"position\":2,\"name\":\"Echo Global Logistics compra ITS Logistics em grande neg\u00f3cio nos EUA.\"}]},{\"@type\":\"WebSite\",\"@id\":\"https:\\\/\\\/motorista.com.br\\\/noticias\\\/#website\",\"url\":\"https:\\\/\\\/motorista.com.br\\\/noticias\\\/\",\"name\":\"Motorista.com.br\",\"description\":\"Not\u00edcia do Motorista\",\"publisher\":{\"@id\":\"https:\\\/\\\/motorista.com.br\\\/noticias\\\/#organization\"},\"potentialAction\":[{\"@type\":\"SearchAction\",\"target\":{\"@type\":\"EntryPoint\",\"urlTemplate\":\"https:\\\/\\\/motorista.com.br\\\/noticias\\\/?s={search_term_string}\"},\"query-input\":{\"@type\":\"PropertyValueSpecification\",\"valueRequired\":true,\"valueName\":\"search_term_string\"}}],\"inLanguage\":\"pt-BR\"},{\"@type\":\"Organization\",\"@id\":\"https:\\\/\\\/motorista.com.br\\\/noticias\\\/#organization\",\"name\":\"Motorista.com.br\",\"url\":\"https:\\\/\\\/motorista.com.br\\\/noticias\\\/\",\"logo\":{\"@type\":\"ImageObject\",\"inLanguage\":\"pt-BR\",\"@id\":\"https:\\\/\\\/motorista.com.br\\\/noticias\\\/#\\\/schema\\\/logo\\\/image\\\/\",\"url\":\"https:\\\/\\\/motorista.com.br\\\/noticias\\\/wp-content\\\/uploads\\\/2025\\\/06\\\/Design-sem-nome-9.png\",\"contentUrl\":\"https:\\\/\\\/motorista.com.br\\\/noticias\\\/wp-content\\\/uploads\\\/2025\\\/06\\\/Design-sem-nome-9.png\",\"width\":150,\"height\":85,\"caption\":\"Motorista.com.br\"},\"image\":{\"@id\":\"https:\\\/\\\/motorista.com.br\\\/noticias\\\/#\\\/schema\\\/logo\\\/image\\\/\"}},{\"@type\":\"Person\",\"@id\":\"https:\\\/\\\/motorista.com.br\\\/noticias\\\/#\\\/schema\\\/person\\\/dc93afc2981c0e3ce6bc3c053fd847be\",\"name\":\"Equipe Reda\u00e7\u00e3o\",\"image\":{\"@type\":\"ImageObject\",\"inLanguage\":\"pt-BR\",\"@id\":\"https:\\\/\\\/secure.gravatar.com\\\/avatar\\\/4f525efbf18dd2bb300ccad28bfb99d95a9465a5ba268407c8c37b37e1f28d2d?s=96&d=mm&r=g9e099043a0c61e9ae27e293b9fa75ffc\",\"url\":\"https:\\\/\\\/secure.gravatar.com\\\/avatar\\\/4f525efbf18dd2bb300ccad28bfb99d95a9465a5ba268407c8c37b37e1f28d2d?s=96&d=mm&r=g\",\"contentUrl\":\"https:\\\/\\\/secure.gravatar.com\\\/avatar\\\/4f525efbf18dd2bb300ccad28bfb99d95a9465a5ba268407c8c37b37e1f28d2d?s=96&d=mm&r=g\",\"caption\":\"Equipe Reda\u00e7\u00e3o\"},\"description\":\"Equipe de reda\u00e7\u00e3o \u00e9 um grupo de profissionais que trabalham juntos para criar conte\u00fado escrito para Motorista.com.br\",\"url\":\"https:\\\/\\\/motorista.com.br\\\/noticias\\\/author\\\/equiperedacao\\\/\"}]}<\/script>\n<!-- \/ Yoast SEO Premium plugin. -->","yoast_head_json":{"title":"Echo Global Logistics compra ITS Logistics em grande neg\u00f3cio nos EUA. - Motorista.com.br","robots":{"index":"index","follow":"follow","max-snippet":"max-snippet:-1","max-image-preview":"max-image-preview:large","max-video-preview":"max-video-preview:-1"},"canonical":"https:\/\/motorista.com.br\/noticias\/2026\/09\/04\/echo-global-logistics-compra-its-logistics-em-grande-negocio-nos-eua\/","og_locale":"pt_BR","og_type":"article","og_title":"Echo Global Logistics compra ITS Logistics em grande neg\u00f3cio nos EUA.","og_description":"Echo Global Logistics Adquire ITS Logistics: Impactos para Motoristas e Mobilidade A recente aquisi\u00e7\u00e3o da ITS Logistics pela Echo Global Logistics n\u00e3o apenas forma um gigante com receita pro forma de US$ 5,4 bilh\u00f5es, mas tamb\u00e9m promete influenciar significativamente o cen\u00e1rio do transporte nos Estados Unidos. Com a uni\u00e3o de suas opera\u00e7\u00f5es, a Echo, que &hellip;","og_url":"https:\/\/motorista.com.br\/noticias\/2026\/09\/04\/echo-global-logistics-compra-its-logistics-em-grande-negocio-nos-eua\/","og_site_name":"Motorista.com.br","article_published_time":"2026-09-04T18:21:21+00:00","author":"Equipe Reda\u00e7\u00e3o","twitter_card":"summary_large_image","twitter_misc":{"Escrito por":"Equipe Reda\u00e7\u00e3o","Est. tempo de leitura":"2 minutos","Written by":"Equipe Reda\u00e7\u00e3o"},"schema":{"@context":"https:\/\/schema.org","@graph":[{"@type":"Article","@id":"https:\/\/motorista.com.br\/noticias\/2026\/09\/04\/echo-global-logistics-compra-its-logistics-em-grande-negocio-nos-eua\/#article","isPartOf":{"@id":"https:\/\/motorista.com.br\/noticias\/2026\/09\/04\/echo-global-logistics-compra-its-logistics-em-grande-negocio-nos-eua\/"},"author":{"name":"Equipe Reda\u00e7\u00e3o","@id":"https:\/\/motorista.com.br\/noticias\/#\/schema\/person\/dc93afc2981c0e3ce6bc3c053fd847be"},"headline":"Echo Global Logistics compra ITS Logistics em grande neg\u00f3cio nos EUA.","datePublished":"2026-09-04T18:21:21+00:00","mainEntityOfPage":{"@id":"https:\/\/motorista.com.br\/noticias\/2026\/09\/04\/echo-global-logistics-compra-its-logistics-em-grande-negocio-nos-eua\/"},"wordCount":327,"publisher":{"@id":"https:\/\/motorista.com.br\/noticias\/#organization"},"image":{"@id":"https:\/\/motorista.com.br\/noticias\/2026\/09\/04\/echo-global-logistics-compra-its-logistics-em-grande-negocio-nos-eua\/#primaryimage"},"thumbnailUrl":"https:\/\/motorista.com.br\/noticias\/wp-content\/uploads\/2026\/09\/ID-CL-1000-px-x-830-px-Echo.png","articleSection":["Log\u00edstica"],"inLanguage":"pt-BR"},{"@type":"WebPage","@id":"https:\/\/motorista.com.br\/noticias\/2026\/09\/04\/echo-global-logistics-compra-its-logistics-em-grande-negocio-nos-eua\/","url":"https:\/\/motorista.com.br\/noticias\/2026\/09\/04\/echo-global-logistics-compra-its-logistics-em-grande-negocio-nos-eua\/","name":"Echo Global Logistics compra ITS Logistics em grande neg\u00f3cio nos EUA. - Motorista.com.br","isPartOf":{"@id":"https:\/\/motorista.com.br\/noticias\/#website"},"primaryImageOfPage":{"@id":"https:\/\/motorista.com.br\/noticias\/2026\/09\/04\/echo-global-logistics-compra-its-logistics-em-grande-negocio-nos-eua\/#primaryimage"},"image":{"@id":"https:\/\/motorista.com.br\/noticias\/2026\/09\/04\/echo-global-logistics-compra-its-logistics-em-grande-negocio-nos-eua\/#primaryimage"},"thumbnailUrl":"https:\/\/motorista.com.br\/noticias\/wp-content\/uploads\/2026\/09\/ID-CL-1000-px-x-830-px-Echo.png","datePublished":"2026-09-04T18:21:21+00:00","breadcrumb":{"@id":"https:\/\/motorista.com.br\/noticias\/2026\/09\/04\/echo-global-logistics-compra-its-logistics-em-grande-negocio-nos-eua\/#breadcrumb"},"inLanguage":"pt-BR","potentialAction":[{"@type":"ReadAction","target":["https:\/\/motorista.com.br\/noticias\/2026\/09\/04\/echo-global-logistics-compra-its-logistics-em-grande-negocio-nos-eua\/"]}]},{"@type":"ImageObject","inLanguage":"pt-BR","@id":"https:\/\/motorista.com.br\/noticias\/2026\/09\/04\/echo-global-logistics-compra-its-logistics-em-grande-negocio-nos-eua\/#primaryimage","url":"https:\/\/motorista.com.br\/noticias\/wp-content\/uploads\/2026\/09\/ID-CL-1000-px-x-830-px-Echo.png","contentUrl":"https:\/\/motorista.com.br\/noticias\/wp-content\/uploads\/2026\/09\/ID-CL-1000-px-x-830-px-Echo.png","width":1000,"height":821},{"@type":"BreadcrumbList","@id":"https:\/\/motorista.com.br\/noticias\/2026\/09\/04\/echo-global-logistics-compra-its-logistics-em-grande-negocio-nos-eua\/#breadcrumb","itemListElement":[{"@type":"ListItem","position":1,"name":"In\u00edcio","item":"https:\/\/motorista.com.br\/noticias\/"},{"@type":"ListItem","position":2,"name":"Echo Global Logistics compra ITS Logistics em grande neg\u00f3cio nos EUA."}]},{"@type":"WebSite","@id":"https:\/\/motorista.com.br\/noticias\/#website","url":"https:\/\/motorista.com.br\/noticias\/","name":"Motorista.com.br","description":"Not\u00edcia do Motorista","publisher":{"@id":"https:\/\/motorista.com.br\/noticias\/#organization"},"potentialAction":[{"@type":"SearchAction","target":{"@type":"EntryPoint","urlTemplate":"https:\/\/motorista.com.br\/noticias\/?s={search_term_string}"},"query-input":{"@type":"PropertyValueSpecification","valueRequired":true,"valueName":"search_term_string"}}],"inLanguage":"pt-BR"},{"@type":"Organization","@id":"https:\/\/motorista.com.br\/noticias\/#organization","name":"Motorista.com.br","url":"https:\/\/motorista.com.br\/noticias\/","logo":{"@type":"ImageObject","inLanguage":"pt-BR","@id":"https:\/\/motorista.com.br\/noticias\/#\/schema\/logo\/image\/","url":"https:\/\/motorista.com.br\/noticias\/wp-content\/uploads\/2025\/06\/Design-sem-nome-9.png","contentUrl":"https:\/\/motorista.com.br\/noticias\/wp-content\/uploads\/2025\/06\/Design-sem-nome-9.png","width":150,"height":85,"caption":"Motorista.com.br"},"image":{"@id":"https:\/\/motorista.com.br\/noticias\/#\/schema\/logo\/image\/"}},{"@type":"Person","@id":"https:\/\/motorista.com.br\/noticias\/#\/schema\/person\/dc93afc2981c0e3ce6bc3c053fd847be","name":"Equipe Reda\u00e7\u00e3o","image":{"@type":"ImageObject","inLanguage":"pt-BR","@id":"https:\/\/secure.gravatar.com\/avatar\/4f525efbf18dd2bb300ccad28bfb99d95a9465a5ba268407c8c37b37e1f28d2d?s=96&d=mm&r=g9e099043a0c61e9ae27e293b9fa75ffc","url":"https:\/\/secure.gravatar.com\/avatar\/4f525efbf18dd2bb300ccad28bfb99d95a9465a5ba268407c8c37b37e1f28d2d?s=96&d=mm&r=g","contentUrl":"https:\/\/secure.gravatar.com\/avatar\/4f525efbf18dd2bb300ccad28bfb99d95a9465a5ba268407c8c37b37e1f28d2d?s=96&d=mm&r=g","caption":"Equipe Reda\u00e7\u00e3o"},"description":"Equipe de reda\u00e7\u00e3o \u00e9 um grupo de profissionais que trabalham juntos para criar conte\u00fado escrito para Motorista.com.br","url":"https:\/\/motorista.com.br\/noticias\/author\/equiperedacao\/"}]}},"_links":{"self":[{"href":"https:\/\/motorista.com.br\/noticias\/wp-json\/wp\/v2\/posts\/14336","targetHints":{"allow":["GET"]}}],"collection":[{"href":"https:\/\/motorista.com.br\/noticias\/wp-json\/wp\/v2\/posts"}],"about":[{"href":"https:\/\/motorista.com.br\/noticias\/wp-json\/wp\/v2\/types\/post"}],"author":[{"embeddable":true,"href":"https:\/\/motorista.com.br\/noticias\/wp-json\/wp\/v2\/users\/4"}],"replies":[{"embeddable":true,"href":"https:\/\/motorista.com.br\/noticias\/wp-json\/wp\/v2\/comments?post=14336"}],"version-history":[{"count":0,"href":"https:\/\/motorista.com.br\/noticias\/wp-json\/wp\/v2\/posts\/14336\/revisions"}],"wp:featuredmedia":[{"embeddable":true,"href":"https:\/\/motorista.com.br\/noticias\/wp-json\/wp\/v2\/media\/14337"}],"wp:attachment":[{"href":"https:\/\/motorista.com.br\/noticias\/wp-json\/wp\/v2\/media?parent=14336"}],"wp:term":[{"taxonomy":"category","embeddable":true,"href":"https:\/\/motorista.com.br\/noticias\/wp-json\/wp\/v2\/categories?post=14336"},{"taxonomy":"post_tag","embeddable":true,"href":"https:\/\/motorista.com.br\/noticias\/wp-json\/wp\/v2\/tags?post=14336"},{"taxonomy":"author","embeddable":true,"href":"https:\/\/motorista.com.br\/noticias\/wp-json\/wp\/v2\/coauthors?post=14336"}],"curies":[{"name":"wp","href":"https:\/\/api.w.org\/{rel}","templated":true}]}}