{"id":14332,"date":"2026-09-04T12:26:12","date_gmt":"2026-09-04T15:26:12","guid":{"rendered":"https:\/\/motorista.com.br\/noticias\/2026\/09\/04\/celso-furtado-nova-logistica-para-o-futuro-na-coop\/"},"modified":"2026-09-04T12:26:12","modified_gmt":"2026-09-04T15:26:12","slug":"celso-furtado-nova-logistica-para-o-futuro-na-coop","status":"publish","type":"post","link":"https:\/\/motorista.com.br\/noticias\/2026\/09\/04\/celso-furtado-nova-logistica-para-o-futuro-na-coop\/","title":{"rendered":"Celso Furtado: Nova log\u00edstica para o futuro na Coop"},"content":{"rendered":"<p><\/p>\n<h3>De volta \u00e0 Coop: Celso Furtado desenha uma log\u00edstica para o futuro<\/h3>\n<p>Aos 72 anos, a <strong>Coop Cooperativa de Consumo<\/strong> mant\u00e9m viva a ideia que deu origem \u00e0 sua funda\u00e7\u00e3o em 1954, em Santo Andr\u00e9 (SP): unir pessoas para realizar compras de forma mais eficiente e compartilhar os benef\u00edcios dessa uni\u00e3o. Essa proposta resistiu ao tempo, superando d\u00e9cadas e profundas mudan\u00e7as no setor varejista. Hoje, a Coop se destaca como a maior cooperativa de consumo da Am\u00e9rica Latina, com 35 unidades de varejo alimentar, 70 drogarias, canais digitais, 6 mil colaboradores e mais de 1,7 milh\u00e3o de cooperados ativos.<\/p>\n<p>A opera\u00e7\u00e3o \u00e9 sustentada por uma log\u00edstica que combina escala e regionaliza\u00e7\u00e3o, essencial para manter a proximidade com o cooperado e atender a uma demanda em que os perec\u00edveis representam 70% das vendas. Liderando essa transforma\u00e7\u00e3o est\u00e1 Celso Furtado, que, ap\u00f3s dois per\u00edodos na Coop, traz duas d\u00e9cadas de experi\u00eancia na cooperativa e no setor varejista. Furtado nunca perdeu de vista a import\u00e2ncia da log\u00edstica como um verdadeiro diferencial competitivo e uma fonte de valor para os cooperados.<\/p>\n<h3>Desafios Log\u00edsticos da Diversidade<\/h3>\n<p>A diversidade das opera\u00e7\u00f5es da Coop resulta em desafios log\u00edsticos significativos. As lojas apresentam perfis variados, cada uma adaptando-se \u00e0s particularidades regionais. A abordagem log\u00edstica precisa equilibrar efici\u00eancia e personaliza\u00e7\u00e3o, uma tarefa que requer planejamento, tecnologia e flexibilidade. Esse equil\u00edbrio \u00e9 crucial n\u00e3o apenas para as opera\u00e7\u00f5es da Coop, mas tamb\u00e9m para motoristas \u00fateis na entrega, ajudando a agilizar a distribui\u00e7\u00e3o e promovendo um fluxo de trabalho mais eficiente.<\/p>\n<h3>Estrutura de Distribui\u00e7\u00e3o e Parcerias<\/h3>\n<p>A Coop adota um modelo h\u00edbrido de distribui\u00e7\u00e3o, contando com um centro de distribui\u00e7\u00e3o pr\u00f3prio e parcerias log\u00edsticas especializadas. Essa estrat\u00e9gia proporciona um controle mais robusto e efici\u00eancia nas opera\u00e7\u00f5es, um aspecto que beneficia n\u00e3o apenas a Coop, mas toda a rede de transporte e motoristas, garantindo que os produtos cheguem aos pontos de venda de maneira oportuna e precisa.<\/p>\n<h3>Perec\u00edveis e Efici\u00eancia Log\u00edstica<\/h3>\n<p>A log\u00edstica relacionada aos perec\u00edveis exige um n\u00edvel excepcional de efici\u00eancia. A Coop investe em melhores pr\u00e1ticas de armazenamento, controle de temperatura e monitoramento de perdas para garantir a qualidade dos produtos. Este comprometimento com a qualidade n\u00e3o s\u00f3 aumenta a satisfa\u00e7\u00e3o do cliente, mas tamb\u00e9m reflete diretamente na mobilidade dos motoristas, que precisam eliminar atrasos e manter a frescura dos produtos durante as entregas.<\/p>\n<h3>Regionaliza\u00e7\u00e3o de Pre\u00e7os e Competitividade<\/h3>\n<p>A an\u00e1lise regional de pre\u00e7os \u00e9 vital para a Coop, pois cada mercado apresenta caracter\u00edsticas e concorrentes diferentes. Essa abordagem n\u00e3o s\u00f3 permite uma melhor gest\u00e3o de custos, mas tamb\u00e9m ajuda motoristas a entender as demandas locais, facilitando uma opera\u00e7\u00e3o mais \u00e1gil e eficiente.<\/p>\n<h3>Expans\u00e3o e Investimentos Log\u00edsticos<\/h3>\n<p>A Coop est\u00e1 focada na expans\u00e3o, que ser\u00e1 acompanhada pela evolu\u00e7\u00e3o da log\u00edstica. Investimentos em tecnologia de gest\u00e3o e planejamento de demanda s\u00e3o fundamentais e impactam diretamente a mobilidade. Uma estrutura log\u00edstica aprimorada significa que os motoristas poder\u00e3o fazer suas rotas com maior efici\u00eancia, reduzindo o tempo de entrega e otimizando o combust\u00edvel.<\/p>\n<h3>Impacto do E-commerce<\/h3>\n<p>A crescente demanda por e-commerce destaca a necessidade de uma log\u00edstica de \u00faltima milha eficiente. A Coop est\u00e1 comprometida em integrar canais f\u00edsicos e digitais, oferecendo uma experi\u00eancia mais fluida aos cooperados, o que resulta em uma melhor programa\u00e7\u00e3o e uso da capacidade dos motoristas nas entregas.<\/p>\n<h3>Intelig\u00eancia Artificial na Log\u00edstica<\/h3>\n<p>A Coop est\u00e1 utilizando intelig\u00eancia artificial para aprimorar opera\u00e7\u00f5es log\u00edsticas, desde previs\u00e3o de demanda at\u00e9 otimiza\u00e7\u00e3o de rotas. Essa tecnologia n\u00e3o s\u00f3 melhora a efici\u00eancia, mas tamb\u00e9m capacita motoristas com informa\u00e7\u00f5es essenciais para uma entrega mais \u00e1gil e eficiente.<\/p>\n<h3>Um Modelo Cooperativista de Log\u00edstica<\/h3>\n<p>A abordagem cooperativista da Coop significa que a efici\u00eancia log\u00edstica n\u00e3o busca apenas o lucro, mas tamb\u00e9m gera valor aos cooperados. Esta vis\u00e3o reflete-se em cada decis\u00e3o log\u00edstica, considerando sempre o impacto positivo que ter\u00e1 para os membros da cooperativa.<\/p>\n<h3>Conclus\u00e3o<\/h3>\n<p>O futuro da Coop est\u00e1 centrado em uma log\u00edstica integrada e inteligente, com investimentos que visam beneficiar tanto a cooperativa quanto seus motoristas. A capacidade de movimentar n\u00e3o apenas produtos, mas tamb\u00e9m valor, ser\u00e1 crucial para atender \u00e0s demandas dos 1,7 milh\u00e3o de cooperados. A log\u00edstica \u00e9, assim, n\u00e3o apenas uma fun\u00e7\u00e3o operacional, mas um elemento essencial para a mobilidade e a experi\u00eancia dos clientes.<\/p>\n<p><strong>Fonte: Abralog<\/strong><\/p>\n","protected":false},"excerpt":{"rendered":"<p>De volta \u00e0 Coop: Celso Furtado desenha uma log\u00edstica para o futuro Aos 72 anos, a Coop Cooperativa de Consumo mant\u00e9m viva a ideia que deu origem \u00e0 sua funda\u00e7\u00e3o em 1954, em Santo Andr\u00e9 (SP): unir pessoas para realizar compras de forma mais eficiente e compartilhar os benef\u00edcios dessa uni\u00e3o. Essa proposta resistiu ao &hellip;<\/p>\n","protected":false},"author":4,"featured_media":14333,"comment_status":"","ping_status":"open","sticky":false,"template":"","format":"standard","meta":{"footnotes":""},"categories":[62],"tags":[],"coauthors":[42],"class_list":["post-14332","post","type-post","status-publish","format-standard","has-post-thumbnail","hentry","category-logistica"],"yoast_head":"<!-- This site is optimized with the Yoast SEO Premium plugin v27.6.1 (Yoast SEO v28.4) - https:\/\/yoast.com\/product\/yoast-seo-premium-wordpress\/ -->\n<title>Celso Furtado: Nova log\u00edstica para o futuro na Coop - Motorista.com.br<\/title>\n<meta name=\"robots\" content=\"index, follow, max-snippet:-1, max-image-preview:large, max-video-preview:-1\" \/>\n<link rel=\"canonical\" href=\"https:\/\/motorista.com.br\/noticias\/2026\/09\/04\/celso-furtado-nova-logistica-para-o-futuro-na-coop\/\" \/>\n<meta property=\"og:locale\" content=\"pt_BR\" \/>\n<meta property=\"og:type\" content=\"article\" \/>\n<meta property=\"og:title\" content=\"Celso Furtado: Nova log\u00edstica para o futuro na Coop\" \/>\n<meta property=\"og:description\" content=\"De volta \u00e0 Coop: Celso Furtado desenha uma log\u00edstica para o futuro Aos 72 anos, a Coop Cooperativa de Consumo mant\u00e9m viva a ideia que deu origem \u00e0 sua funda\u00e7\u00e3o em 1954, em Santo Andr\u00e9 (SP): unir pessoas para realizar compras de forma mais eficiente e compartilhar os benef\u00edcios dessa uni\u00e3o. Essa proposta resistiu ao &hellip;\" \/>\n<meta property=\"og:url\" content=\"https:\/\/motorista.com.br\/noticias\/2026\/09\/04\/celso-furtado-nova-logistica-para-o-futuro-na-coop\/\" \/>\n<meta property=\"og:site_name\" content=\"Motorista.com.br\" \/>\n<meta property=\"article:published_time\" content=\"2026-09-04T15:26:12+00:00\" \/>\n<meta name=\"author\" content=\"Equipe Reda\u00e7\u00e3o\" \/>\n<meta name=\"twitter:card\" content=\"summary_large_image\" \/>\n<meta name=\"twitter:label1\" content=\"Escrito por\" \/>\n\t<meta name=\"twitter:data1\" content=\"Equipe Reda\u00e7\u00e3o\" \/>\n\t<meta name=\"twitter:label2\" content=\"Est. tempo de leitura\" \/>\n\t<meta name=\"twitter:data2\" content=\"4 minutos\" \/>\n\t<meta name=\"twitter:label3\" content=\"Written by\" \/>\n\t<meta name=\"twitter:data3\" content=\"Equipe Reda\u00e7\u00e3o\" \/>\n<script type=\"application\/ld+json\" class=\"yoast-schema-graph\">{\"@context\":\"https:\\\/\\\/schema.org\",\"@graph\":[{\"@type\":\"Article\",\"@id\":\"https:\\\/\\\/motorista.com.br\\\/noticias\\\/2026\\\/09\\\/04\\\/celso-furtado-nova-logistica-para-o-futuro-na-coop\\\/#article\",\"isPartOf\":{\"@id\":\"https:\\\/\\\/motorista.com.br\\\/noticias\\\/2026\\\/09\\\/04\\\/celso-furtado-nova-logistica-para-o-futuro-na-coop\\\/\"},\"author\":{\"name\":\"Equipe Reda\u00e7\u00e3o\",\"@id\":\"https:\\\/\\\/motorista.com.br\\\/noticias\\\/#\\\/schema\\\/person\\\/dc93afc2981c0e3ce6bc3c053fd847be\"},\"headline\":\"Celso Furtado: Nova log\u00edstica para o futuro na Coop\",\"datePublished\":\"2026-09-04T15:26:12+00:00\",\"mainEntityOfPage\":{\"@id\":\"https:\\\/\\\/motorista.com.br\\\/noticias\\\/2026\\\/09\\\/04\\\/celso-furtado-nova-logistica-para-o-futuro-na-coop\\\/\"},\"wordCount\":796,\"publisher\":{\"@id\":\"https:\\\/\\\/motorista.com.br\\\/noticias\\\/#organization\"},\"image\":{\"@id\":\"https:\\\/\\\/motorista.com.br\\\/noticias\\\/2026\\\/09\\\/04\\\/celso-furtado-nova-logistica-para-o-futuro-na-coop\\\/#primaryimage\"},\"thumbnailUrl\":\"https:\\\/\\\/motorista.com.br\\\/noticias\\\/wp-content\\\/uploads\\\/2026\\\/09\\\/ID-AB-1000-px-x-830-px-De.png\",\"articleSection\":[\"Log\u00edstica\"],\"inLanguage\":\"pt-BR\"},{\"@type\":\"WebPage\",\"@id\":\"https:\\\/\\\/motorista.com.br\\\/noticias\\\/2026\\\/09\\\/04\\\/celso-furtado-nova-logistica-para-o-futuro-na-coop\\\/\",\"url\":\"https:\\\/\\\/motorista.com.br\\\/noticias\\\/2026\\\/09\\\/04\\\/celso-furtado-nova-logistica-para-o-futuro-na-coop\\\/\",\"name\":\"Celso Furtado: Nova log\u00edstica para o futuro na Coop - Motorista.com.br\",\"isPartOf\":{\"@id\":\"https:\\\/\\\/motorista.com.br\\\/noticias\\\/#website\"},\"primaryImageOfPage\":{\"@id\":\"https:\\\/\\\/motorista.com.br\\\/noticias\\\/2026\\\/09\\\/04\\\/celso-furtado-nova-logistica-para-o-futuro-na-coop\\\/#primaryimage\"},\"image\":{\"@id\":\"https:\\\/\\\/motorista.com.br\\\/noticias\\\/2026\\\/09\\\/04\\\/celso-furtado-nova-logistica-para-o-futuro-na-coop\\\/#primaryimage\"},\"thumbnailUrl\":\"https:\\\/\\\/motorista.com.br\\\/noticias\\\/wp-content\\\/uploads\\\/2026\\\/09\\\/ID-AB-1000-px-x-830-px-De.png\",\"datePublished\":\"2026-09-04T15:26:12+00:00\",\"breadcrumb\":{\"@id\":\"https:\\\/\\\/motorista.com.br\\\/noticias\\\/2026\\\/09\\\/04\\\/celso-furtado-nova-logistica-para-o-futuro-na-coop\\\/#breadcrumb\"},\"inLanguage\":\"pt-BR\",\"potentialAction\":[{\"@type\":\"ReadAction\",\"target\":[\"https:\\\/\\\/motorista.com.br\\\/noticias\\\/2026\\\/09\\\/04\\\/celso-furtado-nova-logistica-para-o-futuro-na-coop\\\/\"]}]},{\"@type\":\"ImageObject\",\"inLanguage\":\"pt-BR\",\"@id\":\"https:\\\/\\\/motorista.com.br\\\/noticias\\\/2026\\\/09\\\/04\\\/celso-furtado-nova-logistica-para-o-futuro-na-coop\\\/#primaryimage\",\"url\":\"https:\\\/\\\/motorista.com.br\\\/noticias\\\/wp-content\\\/uploads\\\/2026\\\/09\\\/ID-AB-1000-px-x-830-px-De.png\",\"contentUrl\":\"https:\\\/\\\/motorista.com.br\\\/noticias\\\/wp-content\\\/uploads\\\/2026\\\/09\\\/ID-AB-1000-px-x-830-px-De.png\",\"width\":1000,\"height\":830},{\"@type\":\"BreadcrumbList\",\"@id\":\"https:\\\/\\\/motorista.com.br\\\/noticias\\\/2026\\\/09\\\/04\\\/celso-furtado-nova-logistica-para-o-futuro-na-coop\\\/#breadcrumb\",\"itemListElement\":[{\"@type\":\"ListItem\",\"position\":1,\"name\":\"In\u00edcio\",\"item\":\"https:\\\/\\\/motorista.com.br\\\/noticias\\\/\"},{\"@type\":\"ListItem\",\"position\":2,\"name\":\"Celso Furtado: Nova log\u00edstica para o futuro na Coop\"}]},{\"@type\":\"WebSite\",\"@id\":\"https:\\\/\\\/motorista.com.br\\\/noticias\\\/#website\",\"url\":\"https:\\\/\\\/motorista.com.br\\\/noticias\\\/\",\"name\":\"Motorista.com.br\",\"description\":\"Not\u00edcia do Motorista\",\"publisher\":{\"@id\":\"https:\\\/\\\/motorista.com.br\\\/noticias\\\/#organization\"},\"potentialAction\":[{\"@type\":\"SearchAction\",\"target\":{\"@type\":\"EntryPoint\",\"urlTemplate\":\"https:\\\/\\\/motorista.com.br\\\/noticias\\\/?s={search_term_string}\"},\"query-input\":{\"@type\":\"PropertyValueSpecification\",\"valueRequired\":true,\"valueName\":\"search_term_string\"}}],\"inLanguage\":\"pt-BR\"},{\"@type\":\"Organization\",\"@id\":\"https:\\\/\\\/motorista.com.br\\\/noticias\\\/#organization\",\"name\":\"Motorista.com.br\",\"url\":\"https:\\\/\\\/motorista.com.br\\\/noticias\\\/\",\"logo\":{\"@type\":\"ImageObject\",\"inLanguage\":\"pt-BR\",\"@id\":\"https:\\\/\\\/motorista.com.br\\\/noticias\\\/#\\\/schema\\\/logo\\\/image\\\/\",\"url\":\"https:\\\/\\\/motorista.com.br\\\/noticias\\\/wp-content\\\/uploads\\\/2025\\\/06\\\/Design-sem-nome-9.png\",\"contentUrl\":\"https:\\\/\\\/motorista.com.br\\\/noticias\\\/wp-content\\\/uploads\\\/2025\\\/06\\\/Design-sem-nome-9.png\",\"width\":150,\"height\":85,\"caption\":\"Motorista.com.br\"},\"image\":{\"@id\":\"https:\\\/\\\/motorista.com.br\\\/noticias\\\/#\\\/schema\\\/logo\\\/image\\\/\"}},{\"@type\":\"Person\",\"@id\":\"https:\\\/\\\/motorista.com.br\\\/noticias\\\/#\\\/schema\\\/person\\\/dc93afc2981c0e3ce6bc3c053fd847be\",\"name\":\"Equipe Reda\u00e7\u00e3o\",\"image\":{\"@type\":\"ImageObject\",\"inLanguage\":\"pt-BR\",\"@id\":\"https:\\\/\\\/secure.gravatar.com\\\/avatar\\\/4f525efbf18dd2bb300ccad28bfb99d95a9465a5ba268407c8c37b37e1f28d2d?s=96&d=mm&r=g9e099043a0c61e9ae27e293b9fa75ffc\",\"url\":\"https:\\\/\\\/secure.gravatar.com\\\/avatar\\\/4f525efbf18dd2bb300ccad28bfb99d95a9465a5ba268407c8c37b37e1f28d2d?s=96&d=mm&r=g\",\"contentUrl\":\"https:\\\/\\\/secure.gravatar.com\\\/avatar\\\/4f525efbf18dd2bb300ccad28bfb99d95a9465a5ba268407c8c37b37e1f28d2d?s=96&d=mm&r=g\",\"caption\":\"Equipe Reda\u00e7\u00e3o\"},\"description\":\"Equipe de reda\u00e7\u00e3o \u00e9 um grupo de profissionais que trabalham juntos para criar conte\u00fado escrito para Motorista.com.br\",\"url\":\"https:\\\/\\\/motorista.com.br\\\/noticias\\\/author\\\/equiperedacao\\\/\"}]}<\/script>\n<!-- \/ Yoast SEO Premium plugin. -->","yoast_head_json":{"title":"Celso Furtado: Nova log\u00edstica para o futuro na Coop - Motorista.com.br","robots":{"index":"index","follow":"follow","max-snippet":"max-snippet:-1","max-image-preview":"max-image-preview:large","max-video-preview":"max-video-preview:-1"},"canonical":"https:\/\/motorista.com.br\/noticias\/2026\/09\/04\/celso-furtado-nova-logistica-para-o-futuro-na-coop\/","og_locale":"pt_BR","og_type":"article","og_title":"Celso Furtado: Nova log\u00edstica para o futuro na Coop","og_description":"De volta \u00e0 Coop: Celso Furtado desenha uma log\u00edstica para o futuro Aos 72 anos, a Coop Cooperativa de Consumo mant\u00e9m viva a ideia que deu origem \u00e0 sua funda\u00e7\u00e3o em 1954, em Santo Andr\u00e9 (SP): unir pessoas para realizar compras de forma mais eficiente e compartilhar os benef\u00edcios dessa uni\u00e3o. Essa proposta resistiu ao &hellip;","og_url":"https:\/\/motorista.com.br\/noticias\/2026\/09\/04\/celso-furtado-nova-logistica-para-o-futuro-na-coop\/","og_site_name":"Motorista.com.br","article_published_time":"2026-09-04T15:26:12+00:00","author":"Equipe Reda\u00e7\u00e3o","twitter_card":"summary_large_image","twitter_misc":{"Escrito por":"Equipe Reda\u00e7\u00e3o","Est. tempo de leitura":"4 minutos","Written by":"Equipe Reda\u00e7\u00e3o"},"schema":{"@context":"https:\/\/schema.org","@graph":[{"@type":"Article","@id":"https:\/\/motorista.com.br\/noticias\/2026\/09\/04\/celso-furtado-nova-logistica-para-o-futuro-na-coop\/#article","isPartOf":{"@id":"https:\/\/motorista.com.br\/noticias\/2026\/09\/04\/celso-furtado-nova-logistica-para-o-futuro-na-coop\/"},"author":{"name":"Equipe Reda\u00e7\u00e3o","@id":"https:\/\/motorista.com.br\/noticias\/#\/schema\/person\/dc93afc2981c0e3ce6bc3c053fd847be"},"headline":"Celso Furtado: Nova log\u00edstica para o futuro na Coop","datePublished":"2026-09-04T15:26:12+00:00","mainEntityOfPage":{"@id":"https:\/\/motorista.com.br\/noticias\/2026\/09\/04\/celso-furtado-nova-logistica-para-o-futuro-na-coop\/"},"wordCount":796,"publisher":{"@id":"https:\/\/motorista.com.br\/noticias\/#organization"},"image":{"@id":"https:\/\/motorista.com.br\/noticias\/2026\/09\/04\/celso-furtado-nova-logistica-para-o-futuro-na-coop\/#primaryimage"},"thumbnailUrl":"https:\/\/motorista.com.br\/noticias\/wp-content\/uploads\/2026\/09\/ID-AB-1000-px-x-830-px-De.png","articleSection":["Log\u00edstica"],"inLanguage":"pt-BR"},{"@type":"WebPage","@id":"https:\/\/motorista.com.br\/noticias\/2026\/09\/04\/celso-furtado-nova-logistica-para-o-futuro-na-coop\/","url":"https:\/\/motorista.com.br\/noticias\/2026\/09\/04\/celso-furtado-nova-logistica-para-o-futuro-na-coop\/","name":"Celso Furtado: Nova log\u00edstica para o futuro na Coop - Motorista.com.br","isPartOf":{"@id":"https:\/\/motorista.com.br\/noticias\/#website"},"primaryImageOfPage":{"@id":"https:\/\/motorista.com.br\/noticias\/2026\/09\/04\/celso-furtado-nova-logistica-para-o-futuro-na-coop\/#primaryimage"},"image":{"@id":"https:\/\/motorista.com.br\/noticias\/2026\/09\/04\/celso-furtado-nova-logistica-para-o-futuro-na-coop\/#primaryimage"},"thumbnailUrl":"https:\/\/motorista.com.br\/noticias\/wp-content\/uploads\/2026\/09\/ID-AB-1000-px-x-830-px-De.png","datePublished":"2026-09-04T15:26:12+00:00","breadcrumb":{"@id":"https:\/\/motorista.com.br\/noticias\/2026\/09\/04\/celso-furtado-nova-logistica-para-o-futuro-na-coop\/#breadcrumb"},"inLanguage":"pt-BR","potentialAction":[{"@type":"ReadAction","target":["https:\/\/motorista.com.br\/noticias\/2026\/09\/04\/celso-furtado-nova-logistica-para-o-futuro-na-coop\/"]}]},{"@type":"ImageObject","inLanguage":"pt-BR","@id":"https:\/\/motorista.com.br\/noticias\/2026\/09\/04\/celso-furtado-nova-logistica-para-o-futuro-na-coop\/#primaryimage","url":"https:\/\/motorista.com.br\/noticias\/wp-content\/uploads\/2026\/09\/ID-AB-1000-px-x-830-px-De.png","contentUrl":"https:\/\/motorista.com.br\/noticias\/wp-content\/uploads\/2026\/09\/ID-AB-1000-px-x-830-px-De.png","width":1000,"height":830},{"@type":"BreadcrumbList","@id":"https:\/\/motorista.com.br\/noticias\/2026\/09\/04\/celso-furtado-nova-logistica-para-o-futuro-na-coop\/#breadcrumb","itemListElement":[{"@type":"ListItem","position":1,"name":"In\u00edcio","item":"https:\/\/motorista.com.br\/noticias\/"},{"@type":"ListItem","position":2,"name":"Celso Furtado: Nova log\u00edstica para o futuro na Coop"}]},{"@type":"WebSite","@id":"https:\/\/motorista.com.br\/noticias\/#website","url":"https:\/\/motorista.com.br\/noticias\/","name":"Motorista.com.br","description":"Not\u00edcia do Motorista","publisher":{"@id":"https:\/\/motorista.com.br\/noticias\/#organization"},"potentialAction":[{"@type":"SearchAction","target":{"@type":"EntryPoint","urlTemplate":"https:\/\/motorista.com.br\/noticias\/?s={search_term_string}"},"query-input":{"@type":"PropertyValueSpecification","valueRequired":true,"valueName":"search_term_string"}}],"inLanguage":"pt-BR"},{"@type":"Organization","@id":"https:\/\/motorista.com.br\/noticias\/#organization","name":"Motorista.com.br","url":"https:\/\/motorista.com.br\/noticias\/","logo":{"@type":"ImageObject","inLanguage":"pt-BR","@id":"https:\/\/motorista.com.br\/noticias\/#\/schema\/logo\/image\/","url":"https:\/\/motorista.com.br\/noticias\/wp-content\/uploads\/2025\/06\/Design-sem-nome-9.png","contentUrl":"https:\/\/motorista.com.br\/noticias\/wp-content\/uploads\/2025\/06\/Design-sem-nome-9.png","width":150,"height":85,"caption":"Motorista.com.br"},"image":{"@id":"https:\/\/motorista.com.br\/noticias\/#\/schema\/logo\/image\/"}},{"@type":"Person","@id":"https:\/\/motorista.com.br\/noticias\/#\/schema\/person\/dc93afc2981c0e3ce6bc3c053fd847be","name":"Equipe Reda\u00e7\u00e3o","image":{"@type":"ImageObject","inLanguage":"pt-BR","@id":"https:\/\/secure.gravatar.com\/avatar\/4f525efbf18dd2bb300ccad28bfb99d95a9465a5ba268407c8c37b37e1f28d2d?s=96&d=mm&r=g9e099043a0c61e9ae27e293b9fa75ffc","url":"https:\/\/secure.gravatar.com\/avatar\/4f525efbf18dd2bb300ccad28bfb99d95a9465a5ba268407c8c37b37e1f28d2d?s=96&d=mm&r=g","contentUrl":"https:\/\/secure.gravatar.com\/avatar\/4f525efbf18dd2bb300ccad28bfb99d95a9465a5ba268407c8c37b37e1f28d2d?s=96&d=mm&r=g","caption":"Equipe Reda\u00e7\u00e3o"},"description":"Equipe de reda\u00e7\u00e3o \u00e9 um grupo de profissionais que trabalham juntos para criar conte\u00fado escrito para Motorista.com.br","url":"https:\/\/motorista.com.br\/noticias\/author\/equiperedacao\/"}]}},"_links":{"self":[{"href":"https:\/\/motorista.com.br\/noticias\/wp-json\/wp\/v2\/posts\/14332","targetHints":{"allow":["GET"]}}],"collection":[{"href":"https:\/\/motorista.com.br\/noticias\/wp-json\/wp\/v2\/posts"}],"about":[{"href":"https:\/\/motorista.com.br\/noticias\/wp-json\/wp\/v2\/types\/post"}],"author":[{"embeddable":true,"href":"https:\/\/motorista.com.br\/noticias\/wp-json\/wp\/v2\/users\/4"}],"replies":[{"embeddable":true,"href":"https:\/\/motorista.com.br\/noticias\/wp-json\/wp\/v2\/comments?post=14332"}],"version-history":[{"count":0,"href":"https:\/\/motorista.com.br\/noticias\/wp-json\/wp\/v2\/posts\/14332\/revisions"}],"wp:featuredmedia":[{"embeddable":true,"href":"https:\/\/motorista.com.br\/noticias\/wp-json\/wp\/v2\/media\/14333"}],"wp:attachment":[{"href":"https:\/\/motorista.com.br\/noticias\/wp-json\/wp\/v2\/media?parent=14332"}],"wp:term":[{"taxonomy":"category","embeddable":true,"href":"https:\/\/motorista.com.br\/noticias\/wp-json\/wp\/v2\/categories?post=14332"},{"taxonomy":"post_tag","embeddable":true,"href":"https:\/\/motorista.com.br\/noticias\/wp-json\/wp\/v2\/tags?post=14332"},{"taxonomy":"author","embeddable":true,"href":"https:\/\/motorista.com.br\/noticias\/wp-json\/wp\/v2\/coauthors?post=14332"}],"curies":[{"name":"wp","href":"https:\/\/api.w.org\/{rel}","templated":true}]}}