{"id":14324,"date":"2026-09-04T09:26:20","date_gmt":"2026-09-04T12:26:20","guid":{"rendered":"https:\/\/motorista.com.br\/noticias\/2026\/09\/04\/justica-determina-que-internacional-pague-r-169-milhoes-por-dalessandro\/"},"modified":"2026-09-04T09:26:20","modified_gmt":"2026-09-04T12:26:20","slug":"justica-determina-que-internacional-pague-r-169-milhoes-por-dalessandro","status":"publish","type":"post","link":"https:\/\/motorista.com.br\/noticias\/2026\/09\/04\/justica-determina-que-internacional-pague-r-169-milhoes-por-dalessandro\/","title":{"rendered":"Justi\u00e7a determina que Internacional pague R$ 16,9 milh\u00f5es por D&#8217;Alessandro"},"content":{"rendered":"<p><\/p>\n<h1>Justi\u00e7a Determina que Internacional Pague R$ 16,9 Milh\u00f5es em D\u00e9bito<\/h1>\n<p>A Justi\u00e7a decidiu que o Internacional deve indenizar a Icipar Empreendimentos S.A. em R$ 16,9 milh\u00f5es. O clube tem um prazo de 15 dias, a partir da intima\u00e7\u00e3o, para quitar essa quantia ou contestar a cobran\u00e7a. A determina\u00e7\u00e3o foi assinada pela ju\u00edza Lucia Helena Camerin, da 14\u00aa Vara C\u00edvel do Foro Central de Porto Alegre.<\/p>\n<p>A d\u00edvida originou-se da contrata\u00e7\u00e3o do meia argentino Andr\u00e9s D\u2019Alessandro, em 2008. A Icipar alega que o Internacional n\u00e3o cumpriu um acordo judicial anterior, que visava a quita\u00e7\u00e3o da d\u00edvida. Inicialmente, a cobran\u00e7a foi iniciada em 2023, ap\u00f3s um descumprimento do contrato, onde apenas a primeira parcela de R$ 150 mil foi paga. Com o tempo, o saldo devedor cresceu para mais de R$ 14 milh\u00f5es, incluindo uma multa de 10% devido ao n\u00e3o pagamento de tr\u00eas parcelas.<\/p>\n<p>Al\u00e9m disso, a Icipar solicitou a penhora de ativos financeiros do Internacional e pediu o bloqueio de valores que o clube poderia receber da Confedera\u00e7\u00e3o Brasileira de Futebol (CBF) e outros patrocinadores.<\/p>\n<h3>Impactos para os Motoristas e Mobilidade Urbana<\/h3>\n<p>Essa situa\u00e7\u00e3o financeira do Internacional pode ter reflexos diretos na mobilidade urbana da regi\u00e3o. Em um cen\u00e1rio onde os clubes de futebol enfrentam d\u00edvidas substanciais, h\u00e1 uma tend\u00eancia de que isso impacte a opera\u00e7\u00e3o de grandes eventos esportivos, que atraem milhares de torcedores e influenciam a log\u00edstica do tr\u00e2nsito nas proximidades dos est\u00e1dios.<\/p>\n<p>Quando um clube \u00e9 financeiramente saud\u00e1vel, ele \u00e9 capaz de investir em melhorias de infraestrutura, incluindo acessibilidade e servi\u00e7os de transporte, tornando o acesso mais f\u00e1cil e seguro para motoristas e pedestres. No entanto, com d\u00e9bitos pesada como o atual, o Internacional pode ser for\u00e7ado a restringir investimentos, resultando em uma experi\u00eancia menos satisfat\u00f3ria para aqueles que dependem da mobilidade.<\/p>\n<p>Por outro lado, a resolu\u00e7\u00e3o dessas quest\u00f5es financeiras pode incentivar uma maior colabora\u00e7\u00e3o entre as institui\u00e7\u00f5es e o poder p\u00fablico, promovendo melhorias no sistema de transporte e mobilidade da cidade. Assim, a atual situa\u00e7\u00e3o do Internacional n\u00e3o se limita apenas ao esporte, mas tem o potencial de impactar a vida cotidiana de motoristas e usu\u00e1rios do transporte na regi\u00e3o.<\/p>\n","protected":false},"excerpt":{"rendered":"<p>Justi\u00e7a Determina que Internacional Pague R$ 16,9 Milh\u00f5es em D\u00e9bito A Justi\u00e7a decidiu que o Internacional deve indenizar a Icipar Empreendimentos S.A. em R$ 16,9 milh\u00f5es. O clube tem um prazo de 15 dias, a partir da intima\u00e7\u00e3o, para quitar essa quantia ou contestar a cobran\u00e7a. A determina\u00e7\u00e3o foi assinada pela ju\u00edza Lucia Helena Camerin, &hellip;<\/p>\n","protected":false},"author":4,"featured_media":14325,"comment_status":"","ping_status":"open","sticky":false,"template":"","format":"standard","meta":{"footnotes":""},"categories":[45],"tags":[],"coauthors":[42],"class_list":["post-14324","post","type-post","status-publish","format-standard","has-post-thumbnail","hentry","category-mundo"],"yoast_head":"<!-- This site is optimized with the Yoast SEO Premium plugin v27.6.1 (Yoast SEO v28.4) - https:\/\/yoast.com\/product\/yoast-seo-premium-wordpress\/ -->\n<title>Justi\u00e7a determina que Internacional pague R$ 16,9 milh\u00f5es por D&#039;Alessandro - Motorista.com.br<\/title>\n<meta name=\"robots\" content=\"index, follow, max-snippet:-1, max-image-preview:large, max-video-preview:-1\" \/>\n<link rel=\"canonical\" href=\"https:\/\/motorista.com.br\/noticias\/2026\/09\/04\/justica-determina-que-internacional-pague-r-169-milhoes-por-dalessandro\/\" \/>\n<meta property=\"og:locale\" content=\"pt_BR\" \/>\n<meta property=\"og:type\" content=\"article\" \/>\n<meta property=\"og:title\" content=\"Justi\u00e7a determina que Internacional pague R$ 16,9 milh\u00f5es por D&#039;Alessandro\" \/>\n<meta property=\"og:description\" content=\"Justi\u00e7a Determina que Internacional Pague R$ 16,9 Milh\u00f5es em D\u00e9bito A Justi\u00e7a decidiu que o Internacional deve indenizar a Icipar Empreendimentos S.A. em R$ 16,9 milh\u00f5es. O clube tem um prazo de 15 dias, a partir da intima\u00e7\u00e3o, para quitar essa quantia ou contestar a cobran\u00e7a. A determina\u00e7\u00e3o foi assinada pela ju\u00edza Lucia Helena Camerin, &hellip;\" \/>\n<meta property=\"og:url\" content=\"https:\/\/motorista.com.br\/noticias\/2026\/09\/04\/justica-determina-que-internacional-pague-r-169-milhoes-por-dalessandro\/\" \/>\n<meta property=\"og:site_name\" content=\"Motorista.com.br\" \/>\n<meta property=\"article:published_time\" content=\"2026-09-04T12:26:20+00:00\" \/>\n<meta name=\"author\" content=\"Equipe Reda\u00e7\u00e3o\" \/>\n<meta name=\"twitter:card\" content=\"summary_large_image\" \/>\n<meta name=\"twitter:label1\" content=\"Escrito por\" \/>\n\t<meta name=\"twitter:data1\" content=\"Equipe Reda\u00e7\u00e3o\" \/>\n\t<meta name=\"twitter:label2\" content=\"Est. tempo de leitura\" \/>\n\t<meta name=\"twitter:data2\" content=\"2 minutos\" \/>\n\t<meta name=\"twitter:label3\" content=\"Written by\" \/>\n\t<meta name=\"twitter:data3\" content=\"Equipe Reda\u00e7\u00e3o\" \/>\n<script type=\"application\/ld+json\" class=\"yoast-schema-graph\">{\"@context\":\"https:\\\/\\\/schema.org\",\"@graph\":[{\"@type\":\"Article\",\"@id\":\"https:\\\/\\\/motorista.com.br\\\/noticias\\\/2026\\\/09\\\/04\\\/justica-determina-que-internacional-pague-r-169-milhoes-por-dalessandro\\\/#article\",\"isPartOf\":{\"@id\":\"https:\\\/\\\/motorista.com.br\\\/noticias\\\/2026\\\/09\\\/04\\\/justica-determina-que-internacional-pague-r-169-milhoes-por-dalessandro\\\/\"},\"author\":{\"name\":\"Equipe Reda\u00e7\u00e3o\",\"@id\":\"https:\\\/\\\/motorista.com.br\\\/noticias\\\/#\\\/schema\\\/person\\\/dc93afc2981c0e3ce6bc3c053fd847be\"},\"headline\":\"Justi\u00e7a determina que Internacional pague R$ 16,9 milh\u00f5es por D&#8217;Alessandro\",\"datePublished\":\"2026-09-04T12:26:20+00:00\",\"mainEntityOfPage\":{\"@id\":\"https:\\\/\\\/motorista.com.br\\\/noticias\\\/2026\\\/09\\\/04\\\/justica-determina-que-internacional-pague-r-169-milhoes-por-dalessandro\\\/\"},\"wordCount\":405,\"publisher\":{\"@id\":\"https:\\\/\\\/motorista.com.br\\\/noticias\\\/#organization\"},\"image\":{\"@id\":\"https:\\\/\\\/motorista.com.br\\\/noticias\\\/2026\\\/09\\\/04\\\/justica-determina-que-internacional-pague-r-169-milhoes-por-dalessandro\\\/#primaryimage\"},\"thumbnailUrl\":\"https:\\\/\\\/motorista.com.br\\\/noticias\\\/wp-content\\\/uploads\\\/2026\\\/09\\\/20260904090741_ogImage_32.jpg\",\"articleSection\":[\"Mundo\"],\"inLanguage\":\"pt-BR\"},{\"@type\":\"WebPage\",\"@id\":\"https:\\\/\\\/motorista.com.br\\\/noticias\\\/2026\\\/09\\\/04\\\/justica-determina-que-internacional-pague-r-169-milhoes-por-dalessandro\\\/\",\"url\":\"https:\\\/\\\/motorista.com.br\\\/noticias\\\/2026\\\/09\\\/04\\\/justica-determina-que-internacional-pague-r-169-milhoes-por-dalessandro\\\/\",\"name\":\"Justi\u00e7a determina que Internacional pague R$ 16,9 milh\u00f5es por D'Alessandro - Motorista.com.br\",\"isPartOf\":{\"@id\":\"https:\\\/\\\/motorista.com.br\\\/noticias\\\/#website\"},\"primaryImageOfPage\":{\"@id\":\"https:\\\/\\\/motorista.com.br\\\/noticias\\\/2026\\\/09\\\/04\\\/justica-determina-que-internacional-pague-r-169-milhoes-por-dalessandro\\\/#primaryimage\"},\"image\":{\"@id\":\"https:\\\/\\\/motorista.com.br\\\/noticias\\\/2026\\\/09\\\/04\\\/justica-determina-que-internacional-pague-r-169-milhoes-por-dalessandro\\\/#primaryimage\"},\"thumbnailUrl\":\"https:\\\/\\\/motorista.com.br\\\/noticias\\\/wp-content\\\/uploads\\\/2026\\\/09\\\/20260904090741_ogImage_32.jpg\",\"datePublished\":\"2026-09-04T12:26:20+00:00\",\"breadcrumb\":{\"@id\":\"https:\\\/\\\/motorista.com.br\\\/noticias\\\/2026\\\/09\\\/04\\\/justica-determina-que-internacional-pague-r-169-milhoes-por-dalessandro\\\/#breadcrumb\"},\"inLanguage\":\"pt-BR\",\"potentialAction\":[{\"@type\":\"ReadAction\",\"target\":[\"https:\\\/\\\/motorista.com.br\\\/noticias\\\/2026\\\/09\\\/04\\\/justica-determina-que-internacional-pague-r-169-milhoes-por-dalessandro\\\/\"]}]},{\"@type\":\"ImageObject\",\"inLanguage\":\"pt-BR\",\"@id\":\"https:\\\/\\\/motorista.com.br\\\/noticias\\\/2026\\\/09\\\/04\\\/justica-determina-que-internacional-pague-r-169-milhoes-por-dalessandro\\\/#primaryimage\",\"url\":\"https:\\\/\\\/motorista.com.br\\\/noticias\\\/wp-content\\\/uploads\\\/2026\\\/09\\\/20260904090741_ogImage_32.jpg\",\"contentUrl\":\"https:\\\/\\\/motorista.com.br\\\/noticias\\\/wp-content\\\/uploads\\\/2026\\\/09\\\/20260904090741_ogImage_32.jpg\",\"width\":730,\"height\":400},{\"@type\":\"BreadcrumbList\",\"@id\":\"https:\\\/\\\/motorista.com.br\\\/noticias\\\/2026\\\/09\\\/04\\\/justica-determina-que-internacional-pague-r-169-milhoes-por-dalessandro\\\/#breadcrumb\",\"itemListElement\":[{\"@type\":\"ListItem\",\"position\":1,\"name\":\"In\u00edcio\",\"item\":\"https:\\\/\\\/motorista.com.br\\\/noticias\\\/\"},{\"@type\":\"ListItem\",\"position\":2,\"name\":\"Justi\u00e7a determina que Internacional pague R$ 16,9 milh\u00f5es por D&#8217;Alessandro\"}]},{\"@type\":\"WebSite\",\"@id\":\"https:\\\/\\\/motorista.com.br\\\/noticias\\\/#website\",\"url\":\"https:\\\/\\\/motorista.com.br\\\/noticias\\\/\",\"name\":\"Motorista.com.br\",\"description\":\"Not\u00edcia do Motorista\",\"publisher\":{\"@id\":\"https:\\\/\\\/motorista.com.br\\\/noticias\\\/#organization\"},\"potentialAction\":[{\"@type\":\"SearchAction\",\"target\":{\"@type\":\"EntryPoint\",\"urlTemplate\":\"https:\\\/\\\/motorista.com.br\\\/noticias\\\/?s={search_term_string}\"},\"query-input\":{\"@type\":\"PropertyValueSpecification\",\"valueRequired\":true,\"valueName\":\"search_term_string\"}}],\"inLanguage\":\"pt-BR\"},{\"@type\":\"Organization\",\"@id\":\"https:\\\/\\\/motorista.com.br\\\/noticias\\\/#organization\",\"name\":\"Motorista.com.br\",\"url\":\"https:\\\/\\\/motorista.com.br\\\/noticias\\\/\",\"logo\":{\"@type\":\"ImageObject\",\"inLanguage\":\"pt-BR\",\"@id\":\"https:\\\/\\\/motorista.com.br\\\/noticias\\\/#\\\/schema\\\/logo\\\/image\\\/\",\"url\":\"https:\\\/\\\/motorista.com.br\\\/noticias\\\/wp-content\\\/uploads\\\/2025\\\/06\\\/Design-sem-nome-9.png\",\"contentUrl\":\"https:\\\/\\\/motorista.com.br\\\/noticias\\\/wp-content\\\/uploads\\\/2025\\\/06\\\/Design-sem-nome-9.png\",\"width\":150,\"height\":85,\"caption\":\"Motorista.com.br\"},\"image\":{\"@id\":\"https:\\\/\\\/motorista.com.br\\\/noticias\\\/#\\\/schema\\\/logo\\\/image\\\/\"}},{\"@type\":\"Person\",\"@id\":\"https:\\\/\\\/motorista.com.br\\\/noticias\\\/#\\\/schema\\\/person\\\/dc93afc2981c0e3ce6bc3c053fd847be\",\"name\":\"Equipe Reda\u00e7\u00e3o\",\"image\":{\"@type\":\"ImageObject\",\"inLanguage\":\"pt-BR\",\"@id\":\"https:\\\/\\\/secure.gravatar.com\\\/avatar\\\/4f525efbf18dd2bb300ccad28bfb99d95a9465a5ba268407c8c37b37e1f28d2d?s=96&d=mm&r=g9e099043a0c61e9ae27e293b9fa75ffc\",\"url\":\"https:\\\/\\\/secure.gravatar.com\\\/avatar\\\/4f525efbf18dd2bb300ccad28bfb99d95a9465a5ba268407c8c37b37e1f28d2d?s=96&d=mm&r=g\",\"contentUrl\":\"https:\\\/\\\/secure.gravatar.com\\\/avatar\\\/4f525efbf18dd2bb300ccad28bfb99d95a9465a5ba268407c8c37b37e1f28d2d?s=96&d=mm&r=g\",\"caption\":\"Equipe Reda\u00e7\u00e3o\"},\"description\":\"Equipe de reda\u00e7\u00e3o \u00e9 um grupo de profissionais que trabalham juntos para criar conte\u00fado escrito para Motorista.com.br\",\"url\":\"https:\\\/\\\/motorista.com.br\\\/noticias\\\/author\\\/equiperedacao\\\/\"}]}<\/script>\n<!-- \/ Yoast SEO Premium plugin. -->","yoast_head_json":{"title":"Justi\u00e7a determina que Internacional pague R$ 16,9 milh\u00f5es por D'Alessandro - Motorista.com.br","robots":{"index":"index","follow":"follow","max-snippet":"max-snippet:-1","max-image-preview":"max-image-preview:large","max-video-preview":"max-video-preview:-1"},"canonical":"https:\/\/motorista.com.br\/noticias\/2026\/09\/04\/justica-determina-que-internacional-pague-r-169-milhoes-por-dalessandro\/","og_locale":"pt_BR","og_type":"article","og_title":"Justi\u00e7a determina que Internacional pague R$ 16,9 milh\u00f5es por D'Alessandro","og_description":"Justi\u00e7a Determina que Internacional Pague R$ 16,9 Milh\u00f5es em D\u00e9bito A Justi\u00e7a decidiu que o Internacional deve indenizar a Icipar Empreendimentos S.A. em R$ 16,9 milh\u00f5es. O clube tem um prazo de 15 dias, a partir da intima\u00e7\u00e3o, para quitar essa quantia ou contestar a cobran\u00e7a. A determina\u00e7\u00e3o foi assinada pela ju\u00edza Lucia Helena Camerin, &hellip;","og_url":"https:\/\/motorista.com.br\/noticias\/2026\/09\/04\/justica-determina-que-internacional-pague-r-169-milhoes-por-dalessandro\/","og_site_name":"Motorista.com.br","article_published_time":"2026-09-04T12:26:20+00:00","author":"Equipe Reda\u00e7\u00e3o","twitter_card":"summary_large_image","twitter_misc":{"Escrito por":"Equipe Reda\u00e7\u00e3o","Est. tempo de leitura":"2 minutos","Written by":"Equipe Reda\u00e7\u00e3o"},"schema":{"@context":"https:\/\/schema.org","@graph":[{"@type":"Article","@id":"https:\/\/motorista.com.br\/noticias\/2026\/09\/04\/justica-determina-que-internacional-pague-r-169-milhoes-por-dalessandro\/#article","isPartOf":{"@id":"https:\/\/motorista.com.br\/noticias\/2026\/09\/04\/justica-determina-que-internacional-pague-r-169-milhoes-por-dalessandro\/"},"author":{"name":"Equipe Reda\u00e7\u00e3o","@id":"https:\/\/motorista.com.br\/noticias\/#\/schema\/person\/dc93afc2981c0e3ce6bc3c053fd847be"},"headline":"Justi\u00e7a determina que Internacional pague R$ 16,9 milh\u00f5es por D&#8217;Alessandro","datePublished":"2026-09-04T12:26:20+00:00","mainEntityOfPage":{"@id":"https:\/\/motorista.com.br\/noticias\/2026\/09\/04\/justica-determina-que-internacional-pague-r-169-milhoes-por-dalessandro\/"},"wordCount":405,"publisher":{"@id":"https:\/\/motorista.com.br\/noticias\/#organization"},"image":{"@id":"https:\/\/motorista.com.br\/noticias\/2026\/09\/04\/justica-determina-que-internacional-pague-r-169-milhoes-por-dalessandro\/#primaryimage"},"thumbnailUrl":"https:\/\/motorista.com.br\/noticias\/wp-content\/uploads\/2026\/09\/20260904090741_ogImage_32.jpg","articleSection":["Mundo"],"inLanguage":"pt-BR"},{"@type":"WebPage","@id":"https:\/\/motorista.com.br\/noticias\/2026\/09\/04\/justica-determina-que-internacional-pague-r-169-milhoes-por-dalessandro\/","url":"https:\/\/motorista.com.br\/noticias\/2026\/09\/04\/justica-determina-que-internacional-pague-r-169-milhoes-por-dalessandro\/","name":"Justi\u00e7a determina que Internacional pague R$ 16,9 milh\u00f5es por D'Alessandro - Motorista.com.br","isPartOf":{"@id":"https:\/\/motorista.com.br\/noticias\/#website"},"primaryImageOfPage":{"@id":"https:\/\/motorista.com.br\/noticias\/2026\/09\/04\/justica-determina-que-internacional-pague-r-169-milhoes-por-dalessandro\/#primaryimage"},"image":{"@id":"https:\/\/motorista.com.br\/noticias\/2026\/09\/04\/justica-determina-que-internacional-pague-r-169-milhoes-por-dalessandro\/#primaryimage"},"thumbnailUrl":"https:\/\/motorista.com.br\/noticias\/wp-content\/uploads\/2026\/09\/20260904090741_ogImage_32.jpg","datePublished":"2026-09-04T12:26:20+00:00","breadcrumb":{"@id":"https:\/\/motorista.com.br\/noticias\/2026\/09\/04\/justica-determina-que-internacional-pague-r-169-milhoes-por-dalessandro\/#breadcrumb"},"inLanguage":"pt-BR","potentialAction":[{"@type":"ReadAction","target":["https:\/\/motorista.com.br\/noticias\/2026\/09\/04\/justica-determina-que-internacional-pague-r-169-milhoes-por-dalessandro\/"]}]},{"@type":"ImageObject","inLanguage":"pt-BR","@id":"https:\/\/motorista.com.br\/noticias\/2026\/09\/04\/justica-determina-que-internacional-pague-r-169-milhoes-por-dalessandro\/#primaryimage","url":"https:\/\/motorista.com.br\/noticias\/wp-content\/uploads\/2026\/09\/20260904090741_ogImage_32.jpg","contentUrl":"https:\/\/motorista.com.br\/noticias\/wp-content\/uploads\/2026\/09\/20260904090741_ogImage_32.jpg","width":730,"height":400},{"@type":"BreadcrumbList","@id":"https:\/\/motorista.com.br\/noticias\/2026\/09\/04\/justica-determina-que-internacional-pague-r-169-milhoes-por-dalessandro\/#breadcrumb","itemListElement":[{"@type":"ListItem","position":1,"name":"In\u00edcio","item":"https:\/\/motorista.com.br\/noticias\/"},{"@type":"ListItem","position":2,"name":"Justi\u00e7a determina que Internacional pague R$ 16,9 milh\u00f5es por D&#8217;Alessandro"}]},{"@type":"WebSite","@id":"https:\/\/motorista.com.br\/noticias\/#website","url":"https:\/\/motorista.com.br\/noticias\/","name":"Motorista.com.br","description":"Not\u00edcia do Motorista","publisher":{"@id":"https:\/\/motorista.com.br\/noticias\/#organization"},"potentialAction":[{"@type":"SearchAction","target":{"@type":"EntryPoint","urlTemplate":"https:\/\/motorista.com.br\/noticias\/?s={search_term_string}"},"query-input":{"@type":"PropertyValueSpecification","valueRequired":true,"valueName":"search_term_string"}}],"inLanguage":"pt-BR"},{"@type":"Organization","@id":"https:\/\/motorista.com.br\/noticias\/#organization","name":"Motorista.com.br","url":"https:\/\/motorista.com.br\/noticias\/","logo":{"@type":"ImageObject","inLanguage":"pt-BR","@id":"https:\/\/motorista.com.br\/noticias\/#\/schema\/logo\/image\/","url":"https:\/\/motorista.com.br\/noticias\/wp-content\/uploads\/2025\/06\/Design-sem-nome-9.png","contentUrl":"https:\/\/motorista.com.br\/noticias\/wp-content\/uploads\/2025\/06\/Design-sem-nome-9.png","width":150,"height":85,"caption":"Motorista.com.br"},"image":{"@id":"https:\/\/motorista.com.br\/noticias\/#\/schema\/logo\/image\/"}},{"@type":"Person","@id":"https:\/\/motorista.com.br\/noticias\/#\/schema\/person\/dc93afc2981c0e3ce6bc3c053fd847be","name":"Equipe Reda\u00e7\u00e3o","image":{"@type":"ImageObject","inLanguage":"pt-BR","@id":"https:\/\/secure.gravatar.com\/avatar\/4f525efbf18dd2bb300ccad28bfb99d95a9465a5ba268407c8c37b37e1f28d2d?s=96&d=mm&r=g9e099043a0c61e9ae27e293b9fa75ffc","url":"https:\/\/secure.gravatar.com\/avatar\/4f525efbf18dd2bb300ccad28bfb99d95a9465a5ba268407c8c37b37e1f28d2d?s=96&d=mm&r=g","contentUrl":"https:\/\/secure.gravatar.com\/avatar\/4f525efbf18dd2bb300ccad28bfb99d95a9465a5ba268407c8c37b37e1f28d2d?s=96&d=mm&r=g","caption":"Equipe Reda\u00e7\u00e3o"},"description":"Equipe de reda\u00e7\u00e3o \u00e9 um grupo de profissionais que trabalham juntos para criar conte\u00fado escrito para Motorista.com.br","url":"https:\/\/motorista.com.br\/noticias\/author\/equiperedacao\/"}]}},"_links":{"self":[{"href":"https:\/\/motorista.com.br\/noticias\/wp-json\/wp\/v2\/posts\/14324","targetHints":{"allow":["GET"]}}],"collection":[{"href":"https:\/\/motorista.com.br\/noticias\/wp-json\/wp\/v2\/posts"}],"about":[{"href":"https:\/\/motorista.com.br\/noticias\/wp-json\/wp\/v2\/types\/post"}],"author":[{"embeddable":true,"href":"https:\/\/motorista.com.br\/noticias\/wp-json\/wp\/v2\/users\/4"}],"replies":[{"embeddable":true,"href":"https:\/\/motorista.com.br\/noticias\/wp-json\/wp\/v2\/comments?post=14324"}],"version-history":[{"count":0,"href":"https:\/\/motorista.com.br\/noticias\/wp-json\/wp\/v2\/posts\/14324\/revisions"}],"wp:featuredmedia":[{"embeddable":true,"href":"https:\/\/motorista.com.br\/noticias\/wp-json\/wp\/v2\/media\/14325"}],"wp:attachment":[{"href":"https:\/\/motorista.com.br\/noticias\/wp-json\/wp\/v2\/media?parent=14324"}],"wp:term":[{"taxonomy":"category","embeddable":true,"href":"https:\/\/motorista.com.br\/noticias\/wp-json\/wp\/v2\/categories?post=14324"},{"taxonomy":"post_tag","embeddable":true,"href":"https:\/\/motorista.com.br\/noticias\/wp-json\/wp\/v2\/tags?post=14324"},{"taxonomy":"author","embeddable":true,"href":"https:\/\/motorista.com.br\/noticias\/wp-json\/wp\/v2\/coauthors?post=14324"}],"curies":[{"name":"wp","href":"https:\/\/api.w.org\/{rel}","templated":true}]}}