{"id":14318,"date":"2026-09-04T05:26:58","date_gmt":"2026-09-04T08:26:58","guid":{"rendered":"https:\/\/motorista.com.br\/noticias\/2026\/09\/04\/feriado-da-independencia-restricao-de-trafego-para-caminhoes-a-partir-de-4-de-setembro\/"},"modified":"2026-09-04T05:26:58","modified_gmt":"2026-09-04T08:26:58","slug":"feriado-da-independencia-restricao-de-trafego-para-caminhoes-a-partir-de-4-de-setembro","status":"publish","type":"post","link":"https:\/\/motorista.com.br\/noticias\/2026\/09\/04\/feriado-da-independencia-restricao-de-trafego-para-caminhoes-a-partir-de-4-de-setembro\/","title":{"rendered":"FERIADO DA INDEPEND\u00caNCIA: Restri\u00e7\u00e3o de tr\u00e1fego para caminh\u00f5es a partir de 4 de setembro."},"content":{"rendered":"<p><\/p>\n<h3>Feriado de Independ\u00eancia: Caminh\u00f5es T\u00eam Restri\u00e7\u00e3o de Tr\u00e1fego a Partir de Sexta-feira, 04 de Setembro<\/h3>\n<p>A partir de <strong>sexta-feira, 04 de setembro<\/strong>, algumas categorias de caminh\u00f5es enfrentar\u00e3o restri\u00e7\u00f5es de tr\u00e1fego em rodovias federais de pista simples em todo o Brasil. Essa medida, estipulada pela Pol\u00edcia Rodovi\u00e1ria Federal (PRF), ser\u00e1 v\u00e1lida at\u00e9 o dia <strong>07 de setembro<\/strong>, em virtude do Feriado de Independ\u00eancia. As restri\u00e7\u00f5es visam garantir a seguran\u00e7a nas estradas e melhorar a mobilidade geral durante um per\u00edodo de grande movimenta\u00e7\u00e3o.<\/p>\n<h3>Detalhes das Restri\u00e7\u00f5es<\/h3>\n<p>Os caminh\u00f5es que excedem os limites de peso e dimens\u00f5es estabelecidos pelo Contran est\u00e3o sujeitos a essas restri\u00e7\u00f5es. Isso inclui:<\/p>\n<ul>\n<li><strong>Largura m\u00e1xima<\/strong>: 2,60 metros<\/li>\n<li><strong>Altura m\u00e1xima<\/strong>: 4,40 metros<\/li>\n<li><strong>Comprimento total<\/strong>: 19,80 metros<\/li>\n<li><strong>Peso Bruto Total Combinado (PBTC)<\/strong>: 58,5 toneladas<\/li>\n<\/ul>\n<p>As restri\u00e7\u00f5es envolvem combina\u00e7\u00f5es de ve\u00edculos de carga, mesmo aquelas que possuem Autoriza\u00e7\u00e3o Especial de Tr\u00e2nsito. Quase todas as rodovias de pista simples estar\u00e3o sujeitas a essas normas, exceto em alguns estados, como Mato Grosso do Sul e Acre, que n\u00e3o ter\u00e3o restri\u00e7\u00f5es.<\/p>\n<h3>Impactos da Restri\u00e7\u00e3o<\/h3>\n<p>A implementa\u00e7\u00e3o dessas restri\u00e7\u00f5es tem m\u00faltiplos benef\u00edcios, tanto para os motoristas quanto para a mobilidade geral. <strong>Primordialmente<\/strong>, a restri\u00e7\u00e3o visa melhorar a fluidez do tr\u00e2nsito, especialmente em per\u00edodos de alta demanda, quando o n\u00famero de ve\u00edculos aumenta significativamente nas estradas.<\/p>\n<ol>\n<li>\n<p><strong>Seguran\u00e7a<\/strong>: Com menos caminh\u00f5es de grandes dimens\u00f5es nas estradas durante os hor\u00e1rios de pico, as chances de acidentes, como colis\u00f5es frontais ou sa\u00eddas de pista, diminuem. Isso resulta em um ambiente mais seguro para todos os motoristas.<\/p>\n<\/li>\n<li>\n<p><strong>Efici\u00eancia<\/strong>: Ao permitir que apenas ve\u00edculos leves circulem, a PRF otimiza o fluxo de tr\u00e1fego. Consequentemente, os motoristas de carros e motos podem transitar mais rapidamente, reduzindo os tempos de viagem.<\/p>\n<\/li>\n<li>\n<p><strong>Conforto e Experi\u00eancia do Usu\u00e1rio<\/strong>: Para os motoristas que utilizam as rodovias em suas viagens, um tr\u00e1fego mais fluido significa menos frustra\u00e7\u00e3o e um trajeto mais agrad\u00e1vel. Essa melhoria pode ter um impacto positivo no estado psicol\u00f3gico dos motoristas, que enfrentam menos estresse nas estradas.<\/p>\n<\/li>\n<\/ol>\n<h3>Multas e Consequ\u00eancias<\/h3>\n<p>Os motoristas que desrespeitarem as restri\u00e7\u00f5es estar\u00e3o sujeitos a multas, o que refor\u00e7a a necessidade de cumprir as regulamenta\u00e7\u00f5es. A infra\u00e7\u00e3o \u00e9 classificada como m\u00e9dia, resultando em 5 pontos na carteira e uma penalidade monet\u00e1ria, al\u00e9m do risco de ter seu ve\u00edculo retido at\u00e9 o t\u00e9rmino da restri\u00e7\u00e3o.<\/p>\n<h3>Por que Essa Medida \u00e9 Essencial?<\/h3>\n<p>A presen\u00e7a de ve\u00edculos pesados em rodovias de pista simples pode causar congestionamentos e aumentar o tempo de viagem, especialmente em feriados prolongados. Ao restringir esses ve\u00edculos em hor\u00e1rios espec\u00edficos, a PRF procura uniformizar o fluxo de tr\u00e1fego e prevenir incidentes, beneficiando n\u00e3o apenas os motoristas de carga, mas tamb\u00e9m todos os usu\u00e1rios das rodovias.<\/p>\n<p>Em suma, as restri\u00e7\u00f5es de tr\u00e1fego de caminh\u00f5es durante o Feriado de Independ\u00eancia se mostram essenciais para a seguran\u00e7a e fluidez nas estradas, refletindo um compromisso com a mobilidade eficiente e a prote\u00e7\u00e3o de todos os cidad\u00e3os nas vias p\u00fablicas.<\/p>\n","protected":false},"excerpt":{"rendered":"<p>Feriado de Independ\u00eancia: Caminh\u00f5es T\u00eam Restri\u00e7\u00e3o de Tr\u00e1fego a Partir de Sexta-feira, 04 de Setembro A partir de sexta-feira, 04 de setembro, algumas categorias de caminh\u00f5es enfrentar\u00e3o restri\u00e7\u00f5es de tr\u00e1fego em rodovias federais de pista simples em todo o Brasil. Essa medida, estipulada pela Pol\u00edcia Rodovi\u00e1ria Federal (PRF), ser\u00e1 v\u00e1lida at\u00e9 o dia 07 de &hellip;<\/p>\n","protected":false},"author":4,"featured_media":14319,"comment_status":"","ping_status":"open","sticky":false,"template":"","format":"standard","meta":{"footnotes":""},"categories":[78,77],"tags":[],"coauthors":[42],"class_list":["post-14318","post","type-post","status-publish","format-standard","has-post-thumbnail","hentry","category-carreteiro","category-motorista"],"yoast_head":"<!-- This site is optimized with the Yoast SEO Premium plugin v27.6.1 (Yoast SEO v28.4) - https:\/\/yoast.com\/product\/yoast-seo-premium-wordpress\/ -->\n<title>FERIADO DA INDEPEND\u00caNCIA: Restri\u00e7\u00e3o de tr\u00e1fego para caminh\u00f5es a partir de 4 de setembro. - Motorista.com.br<\/title>\n<meta name=\"robots\" content=\"index, follow, max-snippet:-1, max-image-preview:large, max-video-preview:-1\" \/>\n<link rel=\"canonical\" href=\"https:\/\/motorista.com.br\/noticias\/2026\/09\/04\/feriado-da-independencia-restricao-de-trafego-para-caminhoes-a-partir-de-4-de-setembro\/\" \/>\n<meta property=\"og:locale\" content=\"pt_BR\" \/>\n<meta property=\"og:type\" content=\"article\" \/>\n<meta property=\"og:title\" content=\"FERIADO DA INDEPEND\u00caNCIA: Restri\u00e7\u00e3o de tr\u00e1fego para caminh\u00f5es a partir de 4 de setembro.\" \/>\n<meta property=\"og:description\" content=\"Feriado de Independ\u00eancia: Caminh\u00f5es T\u00eam Restri\u00e7\u00e3o de Tr\u00e1fego a Partir de Sexta-feira, 04 de Setembro A partir de sexta-feira, 04 de setembro, algumas categorias de caminh\u00f5es enfrentar\u00e3o restri\u00e7\u00f5es de tr\u00e1fego em rodovias federais de pista simples em todo o Brasil. Essa medida, estipulada pela Pol\u00edcia Rodovi\u00e1ria Federal (PRF), ser\u00e1 v\u00e1lida at\u00e9 o dia 07 de &hellip;\" \/>\n<meta property=\"og:url\" content=\"https:\/\/motorista.com.br\/noticias\/2026\/09\/04\/feriado-da-independencia-restricao-de-trafego-para-caminhoes-a-partir-de-4-de-setembro\/\" \/>\n<meta property=\"og:site_name\" content=\"Motorista.com.br\" \/>\n<meta property=\"article:published_time\" content=\"2026-09-04T08:26:58+00:00\" \/>\n<meta name=\"author\" content=\"Equipe Reda\u00e7\u00e3o\" \/>\n<meta name=\"twitter:card\" content=\"summary_large_image\" \/>\n<meta name=\"twitter:label1\" content=\"Escrito por\" \/>\n\t<meta name=\"twitter:data1\" content=\"Equipe Reda\u00e7\u00e3o\" \/>\n\t<meta name=\"twitter:label2\" content=\"Est. tempo de leitura\" \/>\n\t<meta name=\"twitter:data2\" content=\"3 minutos\" \/>\n\t<meta name=\"twitter:label3\" content=\"Written by\" \/>\n\t<meta name=\"twitter:data3\" content=\"Equipe Reda\u00e7\u00e3o\" \/>\n<script type=\"application\/ld+json\" class=\"yoast-schema-graph\">{\"@context\":\"https:\\\/\\\/schema.org\",\"@graph\":[{\"@type\":\"Article\",\"@id\":\"https:\\\/\\\/motorista.com.br\\\/noticias\\\/2026\\\/09\\\/04\\\/feriado-da-independencia-restricao-de-trafego-para-caminhoes-a-partir-de-4-de-setembro\\\/#article\",\"isPartOf\":{\"@id\":\"https:\\\/\\\/motorista.com.br\\\/noticias\\\/2026\\\/09\\\/04\\\/feriado-da-independencia-restricao-de-trafego-para-caminhoes-a-partir-de-4-de-setembro\\\/\"},\"author\":{\"name\":\"Equipe Reda\u00e7\u00e3o\",\"@id\":\"https:\\\/\\\/motorista.com.br\\\/noticias\\\/#\\\/schema\\\/person\\\/dc93afc2981c0e3ce6bc3c053fd847be\"},\"headline\":\"FERIADO DA INDEPEND\u00caNCIA: Restri\u00e7\u00e3o de tr\u00e1fego para caminh\u00f5es a partir de 4 de setembro.\",\"datePublished\":\"2026-09-04T08:26:58+00:00\",\"mainEntityOfPage\":{\"@id\":\"https:\\\/\\\/motorista.com.br\\\/noticias\\\/2026\\\/09\\\/04\\\/feriado-da-independencia-restricao-de-trafego-para-caminhoes-a-partir-de-4-de-setembro\\\/\"},\"wordCount\":568,\"publisher\":{\"@id\":\"https:\\\/\\\/motorista.com.br\\\/noticias\\\/#organization\"},\"image\":{\"@id\":\"https:\\\/\\\/motorista.com.br\\\/noticias\\\/2026\\\/09\\\/04\\\/feriado-da-independencia-restricao-de-trafego-para-caminhoes-a-partir-de-4-de-setembro\\\/#primaryimage\"},\"thumbnailUrl\":\"https:\\\/\\\/motorista.com.br\\\/noticias\\\/wp-content\\\/uploads\\\/2026\\\/09\\\/fiscalizacao-prf-caminhoes.jpeg\",\"articleSection\":[\"Carreteiro\",\"Motorista\"],\"inLanguage\":\"pt-BR\"},{\"@type\":\"WebPage\",\"@id\":\"https:\\\/\\\/motorista.com.br\\\/noticias\\\/2026\\\/09\\\/04\\\/feriado-da-independencia-restricao-de-trafego-para-caminhoes-a-partir-de-4-de-setembro\\\/\",\"url\":\"https:\\\/\\\/motorista.com.br\\\/noticias\\\/2026\\\/09\\\/04\\\/feriado-da-independencia-restricao-de-trafego-para-caminhoes-a-partir-de-4-de-setembro\\\/\",\"name\":\"FERIADO DA INDEPEND\u00caNCIA: Restri\u00e7\u00e3o de tr\u00e1fego para caminh\u00f5es a partir de 4 de setembro. - Motorista.com.br\",\"isPartOf\":{\"@id\":\"https:\\\/\\\/motorista.com.br\\\/noticias\\\/#website\"},\"primaryImageOfPage\":{\"@id\":\"https:\\\/\\\/motorista.com.br\\\/noticias\\\/2026\\\/09\\\/04\\\/feriado-da-independencia-restricao-de-trafego-para-caminhoes-a-partir-de-4-de-setembro\\\/#primaryimage\"},\"image\":{\"@id\":\"https:\\\/\\\/motorista.com.br\\\/noticias\\\/2026\\\/09\\\/04\\\/feriado-da-independencia-restricao-de-trafego-para-caminhoes-a-partir-de-4-de-setembro\\\/#primaryimage\"},\"thumbnailUrl\":\"https:\\\/\\\/motorista.com.br\\\/noticias\\\/wp-content\\\/uploads\\\/2026\\\/09\\\/fiscalizacao-prf-caminhoes.jpeg\",\"datePublished\":\"2026-09-04T08:26:58+00:00\",\"breadcrumb\":{\"@id\":\"https:\\\/\\\/motorista.com.br\\\/noticias\\\/2026\\\/09\\\/04\\\/feriado-da-independencia-restricao-de-trafego-para-caminhoes-a-partir-de-4-de-setembro\\\/#breadcrumb\"},\"inLanguage\":\"pt-BR\",\"potentialAction\":[{\"@type\":\"ReadAction\",\"target\":[\"https:\\\/\\\/motorista.com.br\\\/noticias\\\/2026\\\/09\\\/04\\\/feriado-da-independencia-restricao-de-trafego-para-caminhoes-a-partir-de-4-de-setembro\\\/\"]}]},{\"@type\":\"ImageObject\",\"inLanguage\":\"pt-BR\",\"@id\":\"https:\\\/\\\/motorista.com.br\\\/noticias\\\/2026\\\/09\\\/04\\\/feriado-da-independencia-restricao-de-trafego-para-caminhoes-a-partir-de-4-de-setembro\\\/#primaryimage\",\"url\":\"https:\\\/\\\/motorista.com.br\\\/noticias\\\/wp-content\\\/uploads\\\/2026\\\/09\\\/fiscalizacao-prf-caminhoes.jpeg\",\"contentUrl\":\"https:\\\/\\\/motorista.com.br\\\/noticias\\\/wp-content\\\/uploads\\\/2026\\\/09\\\/fiscalizacao-prf-caminhoes.jpeg\",\"width\":1600,\"height\":1067},{\"@type\":\"BreadcrumbList\",\"@id\":\"https:\\\/\\\/motorista.com.br\\\/noticias\\\/2026\\\/09\\\/04\\\/feriado-da-independencia-restricao-de-trafego-para-caminhoes-a-partir-de-4-de-setembro\\\/#breadcrumb\",\"itemListElement\":[{\"@type\":\"ListItem\",\"position\":1,\"name\":\"In\u00edcio\",\"item\":\"https:\\\/\\\/motorista.com.br\\\/noticias\\\/\"},{\"@type\":\"ListItem\",\"position\":2,\"name\":\"FERIADO DA INDEPEND\u00caNCIA: Restri\u00e7\u00e3o de tr\u00e1fego para caminh\u00f5es a partir de 4 de setembro.\"}]},{\"@type\":\"WebSite\",\"@id\":\"https:\\\/\\\/motorista.com.br\\\/noticias\\\/#website\",\"url\":\"https:\\\/\\\/motorista.com.br\\\/noticias\\\/\",\"name\":\"Motorista.com.br\",\"description\":\"Not\u00edcia do Motorista\",\"publisher\":{\"@id\":\"https:\\\/\\\/motorista.com.br\\\/noticias\\\/#organization\"},\"potentialAction\":[{\"@type\":\"SearchAction\",\"target\":{\"@type\":\"EntryPoint\",\"urlTemplate\":\"https:\\\/\\\/motorista.com.br\\\/noticias\\\/?s={search_term_string}\"},\"query-input\":{\"@type\":\"PropertyValueSpecification\",\"valueRequired\":true,\"valueName\":\"search_term_string\"}}],\"inLanguage\":\"pt-BR\"},{\"@type\":\"Organization\",\"@id\":\"https:\\\/\\\/motorista.com.br\\\/noticias\\\/#organization\",\"name\":\"Motorista.com.br\",\"url\":\"https:\\\/\\\/motorista.com.br\\\/noticias\\\/\",\"logo\":{\"@type\":\"ImageObject\",\"inLanguage\":\"pt-BR\",\"@id\":\"https:\\\/\\\/motorista.com.br\\\/noticias\\\/#\\\/schema\\\/logo\\\/image\\\/\",\"url\":\"https:\\\/\\\/motorista.com.br\\\/noticias\\\/wp-content\\\/uploads\\\/2025\\\/06\\\/Design-sem-nome-9.png\",\"contentUrl\":\"https:\\\/\\\/motorista.com.br\\\/noticias\\\/wp-content\\\/uploads\\\/2025\\\/06\\\/Design-sem-nome-9.png\",\"width\":150,\"height\":85,\"caption\":\"Motorista.com.br\"},\"image\":{\"@id\":\"https:\\\/\\\/motorista.com.br\\\/noticias\\\/#\\\/schema\\\/logo\\\/image\\\/\"}},{\"@type\":\"Person\",\"@id\":\"https:\\\/\\\/motorista.com.br\\\/noticias\\\/#\\\/schema\\\/person\\\/dc93afc2981c0e3ce6bc3c053fd847be\",\"name\":\"Equipe Reda\u00e7\u00e3o\",\"image\":{\"@type\":\"ImageObject\",\"inLanguage\":\"pt-BR\",\"@id\":\"https:\\\/\\\/secure.gravatar.com\\\/avatar\\\/4f525efbf18dd2bb300ccad28bfb99d95a9465a5ba268407c8c37b37e1f28d2d?s=96&d=mm&r=g9e099043a0c61e9ae27e293b9fa75ffc\",\"url\":\"https:\\\/\\\/secure.gravatar.com\\\/avatar\\\/4f525efbf18dd2bb300ccad28bfb99d95a9465a5ba268407c8c37b37e1f28d2d?s=96&d=mm&r=g\",\"contentUrl\":\"https:\\\/\\\/secure.gravatar.com\\\/avatar\\\/4f525efbf18dd2bb300ccad28bfb99d95a9465a5ba268407c8c37b37e1f28d2d?s=96&d=mm&r=g\",\"caption\":\"Equipe Reda\u00e7\u00e3o\"},\"description\":\"Equipe de reda\u00e7\u00e3o \u00e9 um grupo de profissionais que trabalham juntos para criar conte\u00fado escrito para Motorista.com.br\",\"url\":\"https:\\\/\\\/motorista.com.br\\\/noticias\\\/author\\\/equiperedacao\\\/\"}]}<\/script>\n<!-- \/ Yoast SEO Premium plugin. -->","yoast_head_json":{"title":"FERIADO DA INDEPEND\u00caNCIA: Restri\u00e7\u00e3o de tr\u00e1fego para caminh\u00f5es a partir de 4 de setembro. - Motorista.com.br","robots":{"index":"index","follow":"follow","max-snippet":"max-snippet:-1","max-image-preview":"max-image-preview:large","max-video-preview":"max-video-preview:-1"},"canonical":"https:\/\/motorista.com.br\/noticias\/2026\/09\/04\/feriado-da-independencia-restricao-de-trafego-para-caminhoes-a-partir-de-4-de-setembro\/","og_locale":"pt_BR","og_type":"article","og_title":"FERIADO DA INDEPEND\u00caNCIA: Restri\u00e7\u00e3o de tr\u00e1fego para caminh\u00f5es a partir de 4 de setembro.","og_description":"Feriado de Independ\u00eancia: Caminh\u00f5es T\u00eam Restri\u00e7\u00e3o de Tr\u00e1fego a Partir de Sexta-feira, 04 de Setembro A partir de sexta-feira, 04 de setembro, algumas categorias de caminh\u00f5es enfrentar\u00e3o restri\u00e7\u00f5es de tr\u00e1fego em rodovias federais de pista simples em todo o Brasil. Essa medida, estipulada pela Pol\u00edcia Rodovi\u00e1ria Federal (PRF), ser\u00e1 v\u00e1lida at\u00e9 o dia 07 de &hellip;","og_url":"https:\/\/motorista.com.br\/noticias\/2026\/09\/04\/feriado-da-independencia-restricao-de-trafego-para-caminhoes-a-partir-de-4-de-setembro\/","og_site_name":"Motorista.com.br","article_published_time":"2026-09-04T08:26:58+00:00","author":"Equipe Reda\u00e7\u00e3o","twitter_card":"summary_large_image","twitter_misc":{"Escrito por":"Equipe Reda\u00e7\u00e3o","Est. tempo de leitura":"3 minutos","Written by":"Equipe Reda\u00e7\u00e3o"},"schema":{"@context":"https:\/\/schema.org","@graph":[{"@type":"Article","@id":"https:\/\/motorista.com.br\/noticias\/2026\/09\/04\/feriado-da-independencia-restricao-de-trafego-para-caminhoes-a-partir-de-4-de-setembro\/#article","isPartOf":{"@id":"https:\/\/motorista.com.br\/noticias\/2026\/09\/04\/feriado-da-independencia-restricao-de-trafego-para-caminhoes-a-partir-de-4-de-setembro\/"},"author":{"name":"Equipe Reda\u00e7\u00e3o","@id":"https:\/\/motorista.com.br\/noticias\/#\/schema\/person\/dc93afc2981c0e3ce6bc3c053fd847be"},"headline":"FERIADO DA INDEPEND\u00caNCIA: Restri\u00e7\u00e3o de tr\u00e1fego para caminh\u00f5es a partir de 4 de setembro.","datePublished":"2026-09-04T08:26:58+00:00","mainEntityOfPage":{"@id":"https:\/\/motorista.com.br\/noticias\/2026\/09\/04\/feriado-da-independencia-restricao-de-trafego-para-caminhoes-a-partir-de-4-de-setembro\/"},"wordCount":568,"publisher":{"@id":"https:\/\/motorista.com.br\/noticias\/#organization"},"image":{"@id":"https:\/\/motorista.com.br\/noticias\/2026\/09\/04\/feriado-da-independencia-restricao-de-trafego-para-caminhoes-a-partir-de-4-de-setembro\/#primaryimage"},"thumbnailUrl":"https:\/\/motorista.com.br\/noticias\/wp-content\/uploads\/2026\/09\/fiscalizacao-prf-caminhoes.jpeg","articleSection":["Carreteiro","Motorista"],"inLanguage":"pt-BR"},{"@type":"WebPage","@id":"https:\/\/motorista.com.br\/noticias\/2026\/09\/04\/feriado-da-independencia-restricao-de-trafego-para-caminhoes-a-partir-de-4-de-setembro\/","url":"https:\/\/motorista.com.br\/noticias\/2026\/09\/04\/feriado-da-independencia-restricao-de-trafego-para-caminhoes-a-partir-de-4-de-setembro\/","name":"FERIADO DA INDEPEND\u00caNCIA: Restri\u00e7\u00e3o de tr\u00e1fego para caminh\u00f5es a partir de 4 de setembro. - Motorista.com.br","isPartOf":{"@id":"https:\/\/motorista.com.br\/noticias\/#website"},"primaryImageOfPage":{"@id":"https:\/\/motorista.com.br\/noticias\/2026\/09\/04\/feriado-da-independencia-restricao-de-trafego-para-caminhoes-a-partir-de-4-de-setembro\/#primaryimage"},"image":{"@id":"https:\/\/motorista.com.br\/noticias\/2026\/09\/04\/feriado-da-independencia-restricao-de-trafego-para-caminhoes-a-partir-de-4-de-setembro\/#primaryimage"},"thumbnailUrl":"https:\/\/motorista.com.br\/noticias\/wp-content\/uploads\/2026\/09\/fiscalizacao-prf-caminhoes.jpeg","datePublished":"2026-09-04T08:26:58+00:00","breadcrumb":{"@id":"https:\/\/motorista.com.br\/noticias\/2026\/09\/04\/feriado-da-independencia-restricao-de-trafego-para-caminhoes-a-partir-de-4-de-setembro\/#breadcrumb"},"inLanguage":"pt-BR","potentialAction":[{"@type":"ReadAction","target":["https:\/\/motorista.com.br\/noticias\/2026\/09\/04\/feriado-da-independencia-restricao-de-trafego-para-caminhoes-a-partir-de-4-de-setembro\/"]}]},{"@type":"ImageObject","inLanguage":"pt-BR","@id":"https:\/\/motorista.com.br\/noticias\/2026\/09\/04\/feriado-da-independencia-restricao-de-trafego-para-caminhoes-a-partir-de-4-de-setembro\/#primaryimage","url":"https:\/\/motorista.com.br\/noticias\/wp-content\/uploads\/2026\/09\/fiscalizacao-prf-caminhoes.jpeg","contentUrl":"https:\/\/motorista.com.br\/noticias\/wp-content\/uploads\/2026\/09\/fiscalizacao-prf-caminhoes.jpeg","width":1600,"height":1067},{"@type":"BreadcrumbList","@id":"https:\/\/motorista.com.br\/noticias\/2026\/09\/04\/feriado-da-independencia-restricao-de-trafego-para-caminhoes-a-partir-de-4-de-setembro\/#breadcrumb","itemListElement":[{"@type":"ListItem","position":1,"name":"In\u00edcio","item":"https:\/\/motorista.com.br\/noticias\/"},{"@type":"ListItem","position":2,"name":"FERIADO DA INDEPEND\u00caNCIA: Restri\u00e7\u00e3o de tr\u00e1fego para caminh\u00f5es a partir de 4 de setembro."}]},{"@type":"WebSite","@id":"https:\/\/motorista.com.br\/noticias\/#website","url":"https:\/\/motorista.com.br\/noticias\/","name":"Motorista.com.br","description":"Not\u00edcia do Motorista","publisher":{"@id":"https:\/\/motorista.com.br\/noticias\/#organization"},"potentialAction":[{"@type":"SearchAction","target":{"@type":"EntryPoint","urlTemplate":"https:\/\/motorista.com.br\/noticias\/?s={search_term_string}"},"query-input":{"@type":"PropertyValueSpecification","valueRequired":true,"valueName":"search_term_string"}}],"inLanguage":"pt-BR"},{"@type":"Organization","@id":"https:\/\/motorista.com.br\/noticias\/#organization","name":"Motorista.com.br","url":"https:\/\/motorista.com.br\/noticias\/","logo":{"@type":"ImageObject","inLanguage":"pt-BR","@id":"https:\/\/motorista.com.br\/noticias\/#\/schema\/logo\/image\/","url":"https:\/\/motorista.com.br\/noticias\/wp-content\/uploads\/2025\/06\/Design-sem-nome-9.png","contentUrl":"https:\/\/motorista.com.br\/noticias\/wp-content\/uploads\/2025\/06\/Design-sem-nome-9.png","width":150,"height":85,"caption":"Motorista.com.br"},"image":{"@id":"https:\/\/motorista.com.br\/noticias\/#\/schema\/logo\/image\/"}},{"@type":"Person","@id":"https:\/\/motorista.com.br\/noticias\/#\/schema\/person\/dc93afc2981c0e3ce6bc3c053fd847be","name":"Equipe Reda\u00e7\u00e3o","image":{"@type":"ImageObject","inLanguage":"pt-BR","@id":"https:\/\/secure.gravatar.com\/avatar\/4f525efbf18dd2bb300ccad28bfb99d95a9465a5ba268407c8c37b37e1f28d2d?s=96&d=mm&r=g9e099043a0c61e9ae27e293b9fa75ffc","url":"https:\/\/secure.gravatar.com\/avatar\/4f525efbf18dd2bb300ccad28bfb99d95a9465a5ba268407c8c37b37e1f28d2d?s=96&d=mm&r=g","contentUrl":"https:\/\/secure.gravatar.com\/avatar\/4f525efbf18dd2bb300ccad28bfb99d95a9465a5ba268407c8c37b37e1f28d2d?s=96&d=mm&r=g","caption":"Equipe Reda\u00e7\u00e3o"},"description":"Equipe de reda\u00e7\u00e3o \u00e9 um grupo de profissionais que trabalham juntos para criar conte\u00fado escrito para Motorista.com.br","url":"https:\/\/motorista.com.br\/noticias\/author\/equiperedacao\/"}]}},"_links":{"self":[{"href":"https:\/\/motorista.com.br\/noticias\/wp-json\/wp\/v2\/posts\/14318","targetHints":{"allow":["GET"]}}],"collection":[{"href":"https:\/\/motorista.com.br\/noticias\/wp-json\/wp\/v2\/posts"}],"about":[{"href":"https:\/\/motorista.com.br\/noticias\/wp-json\/wp\/v2\/types\/post"}],"author":[{"embeddable":true,"href":"https:\/\/motorista.com.br\/noticias\/wp-json\/wp\/v2\/users\/4"}],"replies":[{"embeddable":true,"href":"https:\/\/motorista.com.br\/noticias\/wp-json\/wp\/v2\/comments?post=14318"}],"version-history":[{"count":0,"href":"https:\/\/motorista.com.br\/noticias\/wp-json\/wp\/v2\/posts\/14318\/revisions"}],"wp:featuredmedia":[{"embeddable":true,"href":"https:\/\/motorista.com.br\/noticias\/wp-json\/wp\/v2\/media\/14319"}],"wp:attachment":[{"href":"https:\/\/motorista.com.br\/noticias\/wp-json\/wp\/v2\/media?parent=14318"}],"wp:term":[{"taxonomy":"category","embeddable":true,"href":"https:\/\/motorista.com.br\/noticias\/wp-json\/wp\/v2\/categories?post=14318"},{"taxonomy":"post_tag","embeddable":true,"href":"https:\/\/motorista.com.br\/noticias\/wp-json\/wp\/v2\/tags?post=14318"},{"taxonomy":"author","embeddable":true,"href":"https:\/\/motorista.com.br\/noticias\/wp-json\/wp\/v2\/coauthors?post=14318"}],"curies":[{"name":"wp","href":"https:\/\/api.w.org\/{rel}","templated":true}]}}