{"id":14316,"date":"2026-09-04T03:43:31","date_gmt":"2026-09-04T06:43:31","guid":{"rendered":"https:\/\/motorista.com.br\/noticias\/2026\/09\/04\/nissan-reduz-20-mil-postos-e-fecha-7-fabricas-globalmente\/"},"modified":"2026-09-04T03:43:31","modified_gmt":"2026-09-04T06:43:31","slug":"nissan-reduz-20-mil-postos-e-fecha-7-fabricas-globalmente","status":"publish","type":"post","link":"https:\/\/motorista.com.br\/noticias\/2026\/09\/04\/nissan-reduz-20-mil-postos-e-fecha-7-fabricas-globalmente\/","title":{"rendered":"Nissan reduz 20 mil postos e fecha 7 f\u00e1bricas globalmente."},"content":{"rendered":"<p><\/p>\n<p>A Nissan est\u00e1 atravessando uma das maiores reestrutura\u00e7\u00f5es de sua hist\u00f3ria recente, projetando uma redu\u00e7\u00e3o de <strong>20 mil postos de trabalho globalmente<\/strong> e a diminui\u00e7\u00e3o de sua estrutura de produ\u00e7\u00e3o de <strong>17 para 10 f\u00e1bricas at\u00e9 2027<\/strong>. Este movimento faz parte do plano Re:Nissan, concebido para cortar despesas e recuperar a rentabilidade.<\/p>\n<p>A implementa\u00e7\u00e3o desse plano n\u00e3o foi apenas um an\u00fancio; uma atualiza\u00e7\u00e3o em 2026 revelou que a Nissan j\u00e1 havia avan\u00e7ado significativamente. A meta para este ano fiscal \u00e9 concluir a consolida\u00e7\u00e3o de seis das sete unidades planejadas, com a f\u00e1brica de Oppama, no Jap\u00e3o, pendente para uma fase posterior.<\/p>\n<p>As mudan\u00e7as impactam opera\u00e7\u00f5es na Argentina, \u00cdndia, Jap\u00e3o, M\u00e9xico e \u00c1frica do Sul, incluindo as f\u00e1bricas de Civac e COMPAS no M\u00e9xico, al\u00e9m das unidades na \u00cdndia e \u00c1frica do Sul. O termo \u201cconsolida\u00e7\u00e3o de produ\u00e7\u00e3o\u201d \u00e9 predominante, o que significa que, em alguns locais, haver\u00e1 encerramento da fabrica\u00e7\u00e3o de ve\u00edculos, enquanto outros passar\u00e3o por transfer\u00eancias ou vendas de ativos.<\/p>\n<p>Um exemplo not\u00e1vel \u00e9 a pr\u00f3pria Oppama, uma unidade emblem\u00e1tica que come\u00e7ou suas opera\u00e7\u00f5es em 1961 e ficou famosa pela produ\u00e7\u00e3o do Leaf el\u00e9trico. A transfer\u00eancia da montagem para a Nissan Motor Kyushu deve ser encerrada at\u00e9 2027.<\/p>\n<p>No lado da for\u00e7a de trabalho, a Nissan est\u00e1 visando uma redu\u00e7\u00e3o significativa, com <strong>65% do ajuste ligado \u00e0 manufatura<\/strong> e ades\u00e3o a programas de desligamento volunt\u00e1rio em v\u00e1rias regi\u00f5es, como Estados Unidos, Reino Unido e Jap\u00e3o.<\/p>\n<p>Essas mudan\u00e7as visam responder a uma press\u00e3o financeira crescente, evidenciada pelo <strong>preju\u00edzo l\u00edquido de 533,1 bilh\u00f5es de ienes<\/strong> registrado em 2025. Simultaneamente, a Nissan pretende diminuir sua capacidade de produ\u00e7\u00e3o mundial de <strong>3,5 milh\u00f5es para 2,5 milh\u00f5es de ve\u00edculos<\/strong>.<\/p>\n<p>Para o Brasil, uma boa not\u00edcia \u00e9 que a f\u00e1brica de Resende n\u00e3o faz parte desse plano global de consolida\u00e7\u00e3o. Ao contr\u00e1rio, a Nissan est\u00e1 investindo <strong>R$ 2,8 bilh\u00f5es<\/strong> no pa\u00eds, focando na produ\u00e7\u00e3o de SUVs e novos motores. Recentemente, a empresa tamb\u00e9m inaugurou um Centro Integrado de Engenharia e Qualidade em Resende, evidenciando seu compromisso com a opera\u00e7\u00e3o brasileira.<\/p>\n<h3>Impactos e Benef\u00edcios para Motoristas e Mobilidade<\/h3>\n<p>Essas reestrutura\u00e7\u00f5es trazem implica\u00e7\u00f5es importantes para motoristas e a mobilidade em geral. A inten\u00e7\u00e3o da Nissan de melhorar a efici\u00eancia de suas f\u00e1bricas pode significar um fornecimento mais consistente e, potencialmente, a redu\u00e7\u00e3o de pre\u00e7os de ve\u00edculos devido a menores custos de produ\u00e7\u00e3o. Com a perman\u00eancia da f\u00e1brica em Resende e investimentos focados nesse local, h\u00e1 uma expectativa de que novos modelos e tecnologias cheguem ao mercado brasileiro mais rapidamente.<\/p>\n<p>Al\u00e9m disso, a decis\u00e3o de focar na produ\u00e7\u00e3o de SUVs no Brasil reflete uma tend\u00eancia crescente entre os consumidores. Com a mudan\u00e7a nas din\u00e2micas do mercado, motoristas podem acessar ve\u00edculos que atendam melhor suas necessidades, seja pela efici\u00eancia energ\u00e9tica ou pela adapta\u00e7\u00e3o a diferentes tipos de terreno e uso urbano.<\/p>\n<p>Assim, \u00e0 medida que a Nissan se reestrutura, os motoristas brasileiros podem enfrentar a evolu\u00e7\u00e3o da mobilidade com a expectativa de uma ind\u00fastria automotiva mais adaptada \u00e0s demandas locais, com um potencial aumento na competitividade e inova\u00e7\u00e3o.<\/p>\n<p>Fonte: brasildotrecho<\/p>\n","protected":false},"excerpt":{"rendered":"<p>A Nissan est\u00e1 atravessando uma das maiores reestrutura\u00e7\u00f5es de sua hist\u00f3ria recente, projetando uma redu\u00e7\u00e3o de 20 mil postos de trabalho globalmente e a diminui\u00e7\u00e3o de sua estrutura de produ\u00e7\u00e3o de 17 para 10 f\u00e1bricas at\u00e9 2027. Este movimento faz parte do plano Re:Nissan, concebido para cortar despesas e recuperar a rentabilidade. A implementa\u00e7\u00e3o desse &hellip;<\/p>\n","protected":false},"author":4,"featured_media":14317,"comment_status":"","ping_status":"open","sticky":false,"template":"","format":"standard","meta":{"footnotes":""},"categories":[77],"tags":[],"coauthors":[42],"class_list":["post-14316","post","type-post","status-publish","format-standard","has-post-thumbnail","hentry","category-motorista"],"yoast_head":"<!-- This site is optimized with the Yoast SEO Premium plugin v27.6.1 (Yoast SEO v28.4) - https:\/\/yoast.com\/product\/yoast-seo-premium-wordpress\/ -->\n<title>Nissan reduz 20 mil postos e fecha 7 f\u00e1bricas globalmente. - Motorista.com.br<\/title>\n<meta name=\"robots\" content=\"index, follow, max-snippet:-1, max-image-preview:large, max-video-preview:-1\" \/>\n<link rel=\"canonical\" href=\"https:\/\/motorista.com.br\/noticias\/2026\/09\/04\/nissan-reduz-20-mil-postos-e-fecha-7-fabricas-globalmente\/\" \/>\n<meta property=\"og:locale\" content=\"pt_BR\" \/>\n<meta property=\"og:type\" content=\"article\" \/>\n<meta property=\"og:title\" content=\"Nissan reduz 20 mil postos e fecha 7 f\u00e1bricas globalmente.\" \/>\n<meta property=\"og:description\" content=\"A Nissan est\u00e1 atravessando uma das maiores reestrutura\u00e7\u00f5es de sua hist\u00f3ria recente, projetando uma redu\u00e7\u00e3o de 20 mil postos de trabalho globalmente e a diminui\u00e7\u00e3o de sua estrutura de produ\u00e7\u00e3o de 17 para 10 f\u00e1bricas at\u00e9 2027. Este movimento faz parte do plano Re:Nissan, concebido para cortar despesas e recuperar a rentabilidade. A implementa\u00e7\u00e3o desse &hellip;\" \/>\n<meta property=\"og:url\" content=\"https:\/\/motorista.com.br\/noticias\/2026\/09\/04\/nissan-reduz-20-mil-postos-e-fecha-7-fabricas-globalmente\/\" \/>\n<meta property=\"og:site_name\" content=\"Motorista.com.br\" \/>\n<meta property=\"article:published_time\" content=\"2026-09-04T06:43:31+00:00\" \/>\n<meta name=\"author\" content=\"Equipe Reda\u00e7\u00e3o\" \/>\n<meta name=\"twitter:card\" content=\"summary_large_image\" \/>\n<meta name=\"twitter:label1\" content=\"Escrito por\" \/>\n\t<meta name=\"twitter:data1\" content=\"Equipe Reda\u00e7\u00e3o\" \/>\n\t<meta name=\"twitter:label2\" content=\"Est. tempo de leitura\" \/>\n\t<meta name=\"twitter:data2\" content=\"3 minutos\" \/>\n\t<meta name=\"twitter:label3\" content=\"Written by\" \/>\n\t<meta name=\"twitter:data3\" content=\"Equipe Reda\u00e7\u00e3o\" \/>\n<script type=\"application\/ld+json\" class=\"yoast-schema-graph\">{\"@context\":\"https:\\\/\\\/schema.org\",\"@graph\":[{\"@type\":\"Article\",\"@id\":\"https:\\\/\\\/motorista.com.br\\\/noticias\\\/2026\\\/09\\\/04\\\/nissan-reduz-20-mil-postos-e-fecha-7-fabricas-globalmente\\\/#article\",\"isPartOf\":{\"@id\":\"https:\\\/\\\/motorista.com.br\\\/noticias\\\/2026\\\/09\\\/04\\\/nissan-reduz-20-mil-postos-e-fecha-7-fabricas-globalmente\\\/\"},\"author\":{\"name\":\"Equipe Reda\u00e7\u00e3o\",\"@id\":\"https:\\\/\\\/motorista.com.br\\\/noticias\\\/#\\\/schema\\\/person\\\/dc93afc2981c0e3ce6bc3c053fd847be\"},\"headline\":\"Nissan reduz 20 mil postos e fecha 7 f\u00e1bricas globalmente.\",\"datePublished\":\"2026-09-04T06:43:31+00:00\",\"mainEntityOfPage\":{\"@id\":\"https:\\\/\\\/motorista.com.br\\\/noticias\\\/2026\\\/09\\\/04\\\/nissan-reduz-20-mil-postos-e-fecha-7-fabricas-globalmente\\\/\"},\"wordCount\":578,\"publisher\":{\"@id\":\"https:\\\/\\\/motorista.com.br\\\/noticias\\\/#organization\"},\"image\":{\"@id\":\"https:\\\/\\\/motorista.com.br\\\/noticias\\\/2026\\\/09\\\/04\\\/nissan-reduz-20-mil-postos-e-fecha-7-fabricas-globalmente\\\/#primaryimage\"},\"thumbnailUrl\":\"https:\\\/\\\/motorista.com.br\\\/noticias\\\/wp-content\\\/uploads\\\/2026\\\/09\\\/NISSAN.jpg\",\"articleSection\":[\"Motorista\"],\"inLanguage\":\"pt-BR\"},{\"@type\":\"WebPage\",\"@id\":\"https:\\\/\\\/motorista.com.br\\\/noticias\\\/2026\\\/09\\\/04\\\/nissan-reduz-20-mil-postos-e-fecha-7-fabricas-globalmente\\\/\",\"url\":\"https:\\\/\\\/motorista.com.br\\\/noticias\\\/2026\\\/09\\\/04\\\/nissan-reduz-20-mil-postos-e-fecha-7-fabricas-globalmente\\\/\",\"name\":\"Nissan reduz 20 mil postos e fecha 7 f\u00e1bricas globalmente. - Motorista.com.br\",\"isPartOf\":{\"@id\":\"https:\\\/\\\/motorista.com.br\\\/noticias\\\/#website\"},\"primaryImageOfPage\":{\"@id\":\"https:\\\/\\\/motorista.com.br\\\/noticias\\\/2026\\\/09\\\/04\\\/nissan-reduz-20-mil-postos-e-fecha-7-fabricas-globalmente\\\/#primaryimage\"},\"image\":{\"@id\":\"https:\\\/\\\/motorista.com.br\\\/noticias\\\/2026\\\/09\\\/04\\\/nissan-reduz-20-mil-postos-e-fecha-7-fabricas-globalmente\\\/#primaryimage\"},\"thumbnailUrl\":\"https:\\\/\\\/motorista.com.br\\\/noticias\\\/wp-content\\\/uploads\\\/2026\\\/09\\\/NISSAN.jpg\",\"datePublished\":\"2026-09-04T06:43:31+00:00\",\"breadcrumb\":{\"@id\":\"https:\\\/\\\/motorista.com.br\\\/noticias\\\/2026\\\/09\\\/04\\\/nissan-reduz-20-mil-postos-e-fecha-7-fabricas-globalmente\\\/#breadcrumb\"},\"inLanguage\":\"pt-BR\",\"potentialAction\":[{\"@type\":\"ReadAction\",\"target\":[\"https:\\\/\\\/motorista.com.br\\\/noticias\\\/2026\\\/09\\\/04\\\/nissan-reduz-20-mil-postos-e-fecha-7-fabricas-globalmente\\\/\"]}]},{\"@type\":\"ImageObject\",\"inLanguage\":\"pt-BR\",\"@id\":\"https:\\\/\\\/motorista.com.br\\\/noticias\\\/2026\\\/09\\\/04\\\/nissan-reduz-20-mil-postos-e-fecha-7-fabricas-globalmente\\\/#primaryimage\",\"url\":\"https:\\\/\\\/motorista.com.br\\\/noticias\\\/wp-content\\\/uploads\\\/2026\\\/09\\\/NISSAN.jpg\",\"contentUrl\":\"https:\\\/\\\/motorista.com.br\\\/noticias\\\/wp-content\\\/uploads\\\/2026\\\/09\\\/NISSAN.jpg\",\"width\":1024,\"height\":559},{\"@type\":\"BreadcrumbList\",\"@id\":\"https:\\\/\\\/motorista.com.br\\\/noticias\\\/2026\\\/09\\\/04\\\/nissan-reduz-20-mil-postos-e-fecha-7-fabricas-globalmente\\\/#breadcrumb\",\"itemListElement\":[{\"@type\":\"ListItem\",\"position\":1,\"name\":\"In\u00edcio\",\"item\":\"https:\\\/\\\/motorista.com.br\\\/noticias\\\/\"},{\"@type\":\"ListItem\",\"position\":2,\"name\":\"Nissan reduz 20 mil postos e fecha 7 f\u00e1bricas globalmente.\"}]},{\"@type\":\"WebSite\",\"@id\":\"https:\\\/\\\/motorista.com.br\\\/noticias\\\/#website\",\"url\":\"https:\\\/\\\/motorista.com.br\\\/noticias\\\/\",\"name\":\"Motorista.com.br\",\"description\":\"Not\u00edcia do Motorista\",\"publisher\":{\"@id\":\"https:\\\/\\\/motorista.com.br\\\/noticias\\\/#organization\"},\"potentialAction\":[{\"@type\":\"SearchAction\",\"target\":{\"@type\":\"EntryPoint\",\"urlTemplate\":\"https:\\\/\\\/motorista.com.br\\\/noticias\\\/?s={search_term_string}\"},\"query-input\":{\"@type\":\"PropertyValueSpecification\",\"valueRequired\":true,\"valueName\":\"search_term_string\"}}],\"inLanguage\":\"pt-BR\"},{\"@type\":\"Organization\",\"@id\":\"https:\\\/\\\/motorista.com.br\\\/noticias\\\/#organization\",\"name\":\"Motorista.com.br\",\"url\":\"https:\\\/\\\/motorista.com.br\\\/noticias\\\/\",\"logo\":{\"@type\":\"ImageObject\",\"inLanguage\":\"pt-BR\",\"@id\":\"https:\\\/\\\/motorista.com.br\\\/noticias\\\/#\\\/schema\\\/logo\\\/image\\\/\",\"url\":\"https:\\\/\\\/motorista.com.br\\\/noticias\\\/wp-content\\\/uploads\\\/2025\\\/06\\\/Design-sem-nome-9.png\",\"contentUrl\":\"https:\\\/\\\/motorista.com.br\\\/noticias\\\/wp-content\\\/uploads\\\/2025\\\/06\\\/Design-sem-nome-9.png\",\"width\":150,\"height\":85,\"caption\":\"Motorista.com.br\"},\"image\":{\"@id\":\"https:\\\/\\\/motorista.com.br\\\/noticias\\\/#\\\/schema\\\/logo\\\/image\\\/\"}},{\"@type\":\"Person\",\"@id\":\"https:\\\/\\\/motorista.com.br\\\/noticias\\\/#\\\/schema\\\/person\\\/dc93afc2981c0e3ce6bc3c053fd847be\",\"name\":\"Equipe Reda\u00e7\u00e3o\",\"image\":{\"@type\":\"ImageObject\",\"inLanguage\":\"pt-BR\",\"@id\":\"https:\\\/\\\/secure.gravatar.com\\\/avatar\\\/4f525efbf18dd2bb300ccad28bfb99d95a9465a5ba268407c8c37b37e1f28d2d?s=96&d=mm&r=g9e099043a0c61e9ae27e293b9fa75ffc\",\"url\":\"https:\\\/\\\/secure.gravatar.com\\\/avatar\\\/4f525efbf18dd2bb300ccad28bfb99d95a9465a5ba268407c8c37b37e1f28d2d?s=96&d=mm&r=g\",\"contentUrl\":\"https:\\\/\\\/secure.gravatar.com\\\/avatar\\\/4f525efbf18dd2bb300ccad28bfb99d95a9465a5ba268407c8c37b37e1f28d2d?s=96&d=mm&r=g\",\"caption\":\"Equipe Reda\u00e7\u00e3o\"},\"description\":\"Equipe de reda\u00e7\u00e3o \u00e9 um grupo de profissionais que trabalham juntos para criar conte\u00fado escrito para Motorista.com.br\",\"url\":\"https:\\\/\\\/motorista.com.br\\\/noticias\\\/author\\\/equiperedacao\\\/\"}]}<\/script>\n<!-- \/ Yoast SEO Premium plugin. -->","yoast_head_json":{"title":"Nissan reduz 20 mil postos e fecha 7 f\u00e1bricas globalmente. - Motorista.com.br","robots":{"index":"index","follow":"follow","max-snippet":"max-snippet:-1","max-image-preview":"max-image-preview:large","max-video-preview":"max-video-preview:-1"},"canonical":"https:\/\/motorista.com.br\/noticias\/2026\/09\/04\/nissan-reduz-20-mil-postos-e-fecha-7-fabricas-globalmente\/","og_locale":"pt_BR","og_type":"article","og_title":"Nissan reduz 20 mil postos e fecha 7 f\u00e1bricas globalmente.","og_description":"A Nissan est\u00e1 atravessando uma das maiores reestrutura\u00e7\u00f5es de sua hist\u00f3ria recente, projetando uma redu\u00e7\u00e3o de 20 mil postos de trabalho globalmente e a diminui\u00e7\u00e3o de sua estrutura de produ\u00e7\u00e3o de 17 para 10 f\u00e1bricas at\u00e9 2027. Este movimento faz parte do plano Re:Nissan, concebido para cortar despesas e recuperar a rentabilidade. A implementa\u00e7\u00e3o desse &hellip;","og_url":"https:\/\/motorista.com.br\/noticias\/2026\/09\/04\/nissan-reduz-20-mil-postos-e-fecha-7-fabricas-globalmente\/","og_site_name":"Motorista.com.br","article_published_time":"2026-09-04T06:43:31+00:00","author":"Equipe Reda\u00e7\u00e3o","twitter_card":"summary_large_image","twitter_misc":{"Escrito por":"Equipe Reda\u00e7\u00e3o","Est. tempo de leitura":"3 minutos","Written by":"Equipe Reda\u00e7\u00e3o"},"schema":{"@context":"https:\/\/schema.org","@graph":[{"@type":"Article","@id":"https:\/\/motorista.com.br\/noticias\/2026\/09\/04\/nissan-reduz-20-mil-postos-e-fecha-7-fabricas-globalmente\/#article","isPartOf":{"@id":"https:\/\/motorista.com.br\/noticias\/2026\/09\/04\/nissan-reduz-20-mil-postos-e-fecha-7-fabricas-globalmente\/"},"author":{"name":"Equipe Reda\u00e7\u00e3o","@id":"https:\/\/motorista.com.br\/noticias\/#\/schema\/person\/dc93afc2981c0e3ce6bc3c053fd847be"},"headline":"Nissan reduz 20 mil postos e fecha 7 f\u00e1bricas globalmente.","datePublished":"2026-09-04T06:43:31+00:00","mainEntityOfPage":{"@id":"https:\/\/motorista.com.br\/noticias\/2026\/09\/04\/nissan-reduz-20-mil-postos-e-fecha-7-fabricas-globalmente\/"},"wordCount":578,"publisher":{"@id":"https:\/\/motorista.com.br\/noticias\/#organization"},"image":{"@id":"https:\/\/motorista.com.br\/noticias\/2026\/09\/04\/nissan-reduz-20-mil-postos-e-fecha-7-fabricas-globalmente\/#primaryimage"},"thumbnailUrl":"https:\/\/motorista.com.br\/noticias\/wp-content\/uploads\/2026\/09\/NISSAN.jpg","articleSection":["Motorista"],"inLanguage":"pt-BR"},{"@type":"WebPage","@id":"https:\/\/motorista.com.br\/noticias\/2026\/09\/04\/nissan-reduz-20-mil-postos-e-fecha-7-fabricas-globalmente\/","url":"https:\/\/motorista.com.br\/noticias\/2026\/09\/04\/nissan-reduz-20-mil-postos-e-fecha-7-fabricas-globalmente\/","name":"Nissan reduz 20 mil postos e fecha 7 f\u00e1bricas globalmente. - Motorista.com.br","isPartOf":{"@id":"https:\/\/motorista.com.br\/noticias\/#website"},"primaryImageOfPage":{"@id":"https:\/\/motorista.com.br\/noticias\/2026\/09\/04\/nissan-reduz-20-mil-postos-e-fecha-7-fabricas-globalmente\/#primaryimage"},"image":{"@id":"https:\/\/motorista.com.br\/noticias\/2026\/09\/04\/nissan-reduz-20-mil-postos-e-fecha-7-fabricas-globalmente\/#primaryimage"},"thumbnailUrl":"https:\/\/motorista.com.br\/noticias\/wp-content\/uploads\/2026\/09\/NISSAN.jpg","datePublished":"2026-09-04T06:43:31+00:00","breadcrumb":{"@id":"https:\/\/motorista.com.br\/noticias\/2026\/09\/04\/nissan-reduz-20-mil-postos-e-fecha-7-fabricas-globalmente\/#breadcrumb"},"inLanguage":"pt-BR","potentialAction":[{"@type":"ReadAction","target":["https:\/\/motorista.com.br\/noticias\/2026\/09\/04\/nissan-reduz-20-mil-postos-e-fecha-7-fabricas-globalmente\/"]}]},{"@type":"ImageObject","inLanguage":"pt-BR","@id":"https:\/\/motorista.com.br\/noticias\/2026\/09\/04\/nissan-reduz-20-mil-postos-e-fecha-7-fabricas-globalmente\/#primaryimage","url":"https:\/\/motorista.com.br\/noticias\/wp-content\/uploads\/2026\/09\/NISSAN.jpg","contentUrl":"https:\/\/motorista.com.br\/noticias\/wp-content\/uploads\/2026\/09\/NISSAN.jpg","width":1024,"height":559},{"@type":"BreadcrumbList","@id":"https:\/\/motorista.com.br\/noticias\/2026\/09\/04\/nissan-reduz-20-mil-postos-e-fecha-7-fabricas-globalmente\/#breadcrumb","itemListElement":[{"@type":"ListItem","position":1,"name":"In\u00edcio","item":"https:\/\/motorista.com.br\/noticias\/"},{"@type":"ListItem","position":2,"name":"Nissan reduz 20 mil postos e fecha 7 f\u00e1bricas globalmente."}]},{"@type":"WebSite","@id":"https:\/\/motorista.com.br\/noticias\/#website","url":"https:\/\/motorista.com.br\/noticias\/","name":"Motorista.com.br","description":"Not\u00edcia do Motorista","publisher":{"@id":"https:\/\/motorista.com.br\/noticias\/#organization"},"potentialAction":[{"@type":"SearchAction","target":{"@type":"EntryPoint","urlTemplate":"https:\/\/motorista.com.br\/noticias\/?s={search_term_string}"},"query-input":{"@type":"PropertyValueSpecification","valueRequired":true,"valueName":"search_term_string"}}],"inLanguage":"pt-BR"},{"@type":"Organization","@id":"https:\/\/motorista.com.br\/noticias\/#organization","name":"Motorista.com.br","url":"https:\/\/motorista.com.br\/noticias\/","logo":{"@type":"ImageObject","inLanguage":"pt-BR","@id":"https:\/\/motorista.com.br\/noticias\/#\/schema\/logo\/image\/","url":"https:\/\/motorista.com.br\/noticias\/wp-content\/uploads\/2025\/06\/Design-sem-nome-9.png","contentUrl":"https:\/\/motorista.com.br\/noticias\/wp-content\/uploads\/2025\/06\/Design-sem-nome-9.png","width":150,"height":85,"caption":"Motorista.com.br"},"image":{"@id":"https:\/\/motorista.com.br\/noticias\/#\/schema\/logo\/image\/"}},{"@type":"Person","@id":"https:\/\/motorista.com.br\/noticias\/#\/schema\/person\/dc93afc2981c0e3ce6bc3c053fd847be","name":"Equipe Reda\u00e7\u00e3o","image":{"@type":"ImageObject","inLanguage":"pt-BR","@id":"https:\/\/secure.gravatar.com\/avatar\/4f525efbf18dd2bb300ccad28bfb99d95a9465a5ba268407c8c37b37e1f28d2d?s=96&d=mm&r=g9e099043a0c61e9ae27e293b9fa75ffc","url":"https:\/\/secure.gravatar.com\/avatar\/4f525efbf18dd2bb300ccad28bfb99d95a9465a5ba268407c8c37b37e1f28d2d?s=96&d=mm&r=g","contentUrl":"https:\/\/secure.gravatar.com\/avatar\/4f525efbf18dd2bb300ccad28bfb99d95a9465a5ba268407c8c37b37e1f28d2d?s=96&d=mm&r=g","caption":"Equipe Reda\u00e7\u00e3o"},"description":"Equipe de reda\u00e7\u00e3o \u00e9 um grupo de profissionais que trabalham juntos para criar conte\u00fado escrito para Motorista.com.br","url":"https:\/\/motorista.com.br\/noticias\/author\/equiperedacao\/"}]}},"_links":{"self":[{"href":"https:\/\/motorista.com.br\/noticias\/wp-json\/wp\/v2\/posts\/14316","targetHints":{"allow":["GET"]}}],"collection":[{"href":"https:\/\/motorista.com.br\/noticias\/wp-json\/wp\/v2\/posts"}],"about":[{"href":"https:\/\/motorista.com.br\/noticias\/wp-json\/wp\/v2\/types\/post"}],"author":[{"embeddable":true,"href":"https:\/\/motorista.com.br\/noticias\/wp-json\/wp\/v2\/users\/4"}],"replies":[{"embeddable":true,"href":"https:\/\/motorista.com.br\/noticias\/wp-json\/wp\/v2\/comments?post=14316"}],"version-history":[{"count":0,"href":"https:\/\/motorista.com.br\/noticias\/wp-json\/wp\/v2\/posts\/14316\/revisions"}],"wp:featuredmedia":[{"embeddable":true,"href":"https:\/\/motorista.com.br\/noticias\/wp-json\/wp\/v2\/media\/14317"}],"wp:attachment":[{"href":"https:\/\/motorista.com.br\/noticias\/wp-json\/wp\/v2\/media?parent=14316"}],"wp:term":[{"taxonomy":"category","embeddable":true,"href":"https:\/\/motorista.com.br\/noticias\/wp-json\/wp\/v2\/categories?post=14316"},{"taxonomy":"post_tag","embeddable":true,"href":"https:\/\/motorista.com.br\/noticias\/wp-json\/wp\/v2\/tags?post=14316"},{"taxonomy":"author","embeddable":true,"href":"https:\/\/motorista.com.br\/noticias\/wp-json\/wp\/v2\/coauthors?post=14316"}],"curies":[{"name":"wp","href":"https:\/\/api.w.org\/{rel}","templated":true}]}}