{"id":14314,"date":"2026-09-04T03:19:19","date_gmt":"2026-09-04T06:19:19","guid":{"rendered":"https:\/\/motorista.com.br\/noticias\/2026\/09\/04\/roberto-cortes-nossos-negocios-sao-sempre-de-longo-prazo\/"},"modified":"2026-09-04T03:19:19","modified_gmt":"2026-09-04T06:19:19","slug":"roberto-cortes-nossos-negocios-sao-sempre-de-longo-prazo","status":"publish","type":"post","link":"https:\/\/motorista.com.br\/noticias\/2026\/09\/04\/roberto-cortes-nossos-negocios-sao-sempre-de-longo-prazo\/","title":{"rendered":"Roberto Cortes: &#8216;Nossos neg\u00f3cios s\u00e3o sempre de longo prazo&#8217;"},"content":{"rendered":"<p><\/p>\n<p><strong>&quot;Sempre fazemos neg\u00f3cios a longo prazo&quot;, diz Roberto Cortes, presidente e CEO da VWCO \u2013 Transporte Moderno<\/strong><\/p>\n<p>A Volkswagen Caminh\u00f5es e \u00d4nibus (VWCO) est\u00e1 se preparando para iniciar um novo ciclo de investimentos, mesmo em um cen\u00e1rio desafiador para o mercado de caminh\u00f5es no Brasil. Apesar dos altos juros e do cr\u00e9dito caro, que t\u00eam pressionado as vendas, a empresa mant\u00e9m sua estrat\u00e9gia de longo prazo.<\/p>\n<p>Roberto Cortes, presidente e CEO da VWCO, afirma que a companhia est\u00e1 na ind\u00fastria brasileira h\u00e1 tempo suficiente para entender seus altos e baixos. Essa vis\u00e3o de longo prazo \u00e9 fundamental, especialmente para motoristas e empresas que dependem de caminh\u00f5es e \u00f4nibus para suas opera\u00e7\u00f5es log\u00edsticas. Investimentos cont\u00ednuos significam n\u00e3o apenas a manuten\u00e7\u00e3o da produ\u00e7\u00e3o, mas tamb\u00e9m a possibilidade de inova\u00e7\u00e3o em tecnologias e modelos que podem melhorar a efici\u00eancia do transporte.<\/p>\n<p>At\u00e9 agosto, a venda de caminh\u00f5es caiu 4,7% em compara\u00e7\u00e3o ao mesmo per\u00edodo do ano anterior, o que sinaliza a necessidade de adapta\u00e7\u00e3o e inova\u00e7\u00e3o na ind\u00fastria. A VWCO respondeu a essa necessidade ao diversificar seus produtos, incluindo a entrada no mercado de comerciais leves. Essa expans\u00e3o pode proporcionar aos motoristas e transportadoras uma gama maior de op\u00e7\u00f5es, adaptadas \u00e0s novas demandas do com\u00e9rcio eletr\u00f4nico e da distribui\u00e7\u00e3o urbana, \u00e1reas em crescimento que exigem maior agilidade e efici\u00eancia.<\/p>\n<p>Al\u00e9m disso, o investimento em novos modelos, como a nova gera\u00e7\u00e3o do e-Delivery e ve\u00edculos que utilizam biometano, reflete uma preocupa\u00e7\u00e3o crescente com a sustentabilidade. Para motoristas, isso implica em ve\u00edculos mais econ\u00f4micos e menos poluentes, contribuindo para um transporte mais eficiente e sustent\u00e1vel.<\/p>\n<p>A estrat\u00e9gia da VWCO tamb\u00e9m envolve parcerias estrat\u00e9gicas, como a firmada com a chinesa SAIC. Isso n\u00e3o apenas acelera o processo de lan\u00e7amento de novos produtos, mas tamb\u00e9m ajuda a manter custos baixos, beneficiando diretamente motoristas que buscam solu\u00e7\u00f5es acess\u00edveis e competitivas. A adapta\u00e7\u00e3o de plataformas existentes para o mercado brasileiro \u00e9 um passo inteligente que pode levar a um aumento da oferta de ve\u00edculos adequados \u00e0s atuais demandas do transporte.<\/p>\n<p>Por fim, a rela\u00e7\u00e3o da VWCO com os transportadores est\u00e1 se transformando. A empresa n\u00e3o apenas vende ve\u00edculos, mas come\u00e7a a oferecer um pacote de servi\u00e7os que inclui conectividade e manuten\u00e7\u00e3o. Essa abordagem integrada pode melhorar significativamente a experi\u00eancia dos motoristas, permitindo um monitoramento mais eficaz dos ve\u00edculos e a identifica\u00e7\u00e3o de necessidades que v\u00e3o al\u00e9m da simples compra.<\/p>\n<p>Embora a conjuntura econ\u00f4mica atual possa afetar o ritmo das vendas e investimentos, a dire\u00e7\u00e3o estrat\u00e9gica da VWCO permanece firme. A diversifica\u00e7\u00e3o dos produtos e a amplia\u00e7\u00e3o dos servi\u00e7os s\u00e3o passos importantes que n\u00e3o s\u00f3 visam o crescimento da empresa, mas tamb\u00e9m t\u00eam um impacto positivo na mobilidade de motoristas e na efici\u00eancia do transporte no Brasil.<\/p>\n<p><strong>Fonte: transportemoderno<\/strong><\/p>\n","protected":false},"excerpt":{"rendered":"<p>&quot;Sempre fazemos neg\u00f3cios a longo prazo&quot;, diz Roberto Cortes, presidente e CEO da VWCO \u2013 Transporte Moderno A Volkswagen Caminh\u00f5es e \u00d4nibus (VWCO) est\u00e1 se preparando para iniciar um novo ciclo de investimentos, mesmo em um cen\u00e1rio desafiador para o mercado de caminh\u00f5es no Brasil. Apesar dos altos juros e do cr\u00e9dito caro, que t\u00eam &hellip;<\/p>\n","protected":false},"author":4,"featured_media":14315,"comment_status":"","ping_status":"open","sticky":false,"template":"","format":"standard","meta":{"footnotes":""},"categories":[62],"tags":[],"coauthors":[42],"class_list":["post-14314","post","type-post","status-publish","format-standard","has-post-thumbnail","hentry","category-logistica"],"yoast_head":"<!-- This site is optimized with the Yoast SEO Premium plugin v27.6.1 (Yoast SEO v28.4) - https:\/\/yoast.com\/product\/yoast-seo-premium-wordpress\/ -->\n<title>Roberto Cortes: &#039;Nossos neg\u00f3cios s\u00e3o sempre de longo prazo&#039; - Motorista.com.br<\/title>\n<meta name=\"robots\" content=\"index, follow, max-snippet:-1, max-image-preview:large, max-video-preview:-1\" \/>\n<link rel=\"canonical\" href=\"https:\/\/motorista.com.br\/noticias\/2026\/09\/04\/roberto-cortes-nossos-negocios-sao-sempre-de-longo-prazo\/\" \/>\n<meta property=\"og:locale\" content=\"pt_BR\" \/>\n<meta property=\"og:type\" content=\"article\" \/>\n<meta property=\"og:title\" content=\"Roberto Cortes: &#039;Nossos neg\u00f3cios s\u00e3o sempre de longo prazo&#039;\" \/>\n<meta property=\"og:description\" content=\"&quot;Sempre fazemos neg\u00f3cios a longo prazo&quot;, diz Roberto Cortes, presidente e CEO da VWCO \u2013 Transporte Moderno A Volkswagen Caminh\u00f5es e \u00d4nibus (VWCO) est\u00e1 se preparando para iniciar um novo ciclo de investimentos, mesmo em um cen\u00e1rio desafiador para o mercado de caminh\u00f5es no Brasil. Apesar dos altos juros e do cr\u00e9dito caro, que t\u00eam &hellip;\" \/>\n<meta property=\"og:url\" content=\"https:\/\/motorista.com.br\/noticias\/2026\/09\/04\/roberto-cortes-nossos-negocios-sao-sempre-de-longo-prazo\/\" \/>\n<meta property=\"og:site_name\" content=\"Motorista.com.br\" \/>\n<meta property=\"article:published_time\" content=\"2026-09-04T06:19:19+00:00\" \/>\n<meta name=\"author\" content=\"Equipe Reda\u00e7\u00e3o\" \/>\n<meta name=\"twitter:card\" content=\"summary_large_image\" \/>\n<meta name=\"twitter:label1\" content=\"Escrito por\" \/>\n\t<meta name=\"twitter:data1\" content=\"Equipe Reda\u00e7\u00e3o\" \/>\n\t<meta name=\"twitter:label2\" content=\"Est. tempo de leitura\" \/>\n\t<meta name=\"twitter:data2\" content=\"3 minutos\" \/>\n\t<meta name=\"twitter:label3\" content=\"Written by\" \/>\n\t<meta name=\"twitter:data3\" content=\"Equipe Reda\u00e7\u00e3o\" \/>\n<script type=\"application\/ld+json\" class=\"yoast-schema-graph\">{\"@context\":\"https:\\\/\\\/schema.org\",\"@graph\":[{\"@type\":\"Article\",\"@id\":\"https:\\\/\\\/motorista.com.br\\\/noticias\\\/2026\\\/09\\\/04\\\/roberto-cortes-nossos-negocios-sao-sempre-de-longo-prazo\\\/#article\",\"isPartOf\":{\"@id\":\"https:\\\/\\\/motorista.com.br\\\/noticias\\\/2026\\\/09\\\/04\\\/roberto-cortes-nossos-negocios-sao-sempre-de-longo-prazo\\\/\"},\"author\":{\"name\":\"Equipe Reda\u00e7\u00e3o\",\"@id\":\"https:\\\/\\\/motorista.com.br\\\/noticias\\\/#\\\/schema\\\/person\\\/dc93afc2981c0e3ce6bc3c053fd847be\"},\"headline\":\"Roberto Cortes: &#8216;Nossos neg\u00f3cios s\u00e3o sempre de longo prazo&#8217;\",\"datePublished\":\"2026-09-04T06:19:19+00:00\",\"mainEntityOfPage\":{\"@id\":\"https:\\\/\\\/motorista.com.br\\\/noticias\\\/2026\\\/09\\\/04\\\/roberto-cortes-nossos-negocios-sao-sempre-de-longo-prazo\\\/\"},\"wordCount\":529,\"publisher\":{\"@id\":\"https:\\\/\\\/motorista.com.br\\\/noticias\\\/#organization\"},\"image\":{\"@id\":\"https:\\\/\\\/motorista.com.br\\\/noticias\\\/2026\\\/09\\\/04\\\/roberto-cortes-nossos-negocios-sao-sempre-de-longo-prazo\\\/#primaryimage\"},\"thumbnailUrl\":\"https:\\\/\\\/motorista.com.br\\\/noticias\\\/wp-content\\\/uploads\\\/2026\\\/09\\\/WhatsApp-Image-2026-09-03-at-5.57.30-PM.jpeg\",\"articleSection\":[\"Log\u00edstica\"],\"inLanguage\":\"pt-BR\"},{\"@type\":\"WebPage\",\"@id\":\"https:\\\/\\\/motorista.com.br\\\/noticias\\\/2026\\\/09\\\/04\\\/roberto-cortes-nossos-negocios-sao-sempre-de-longo-prazo\\\/\",\"url\":\"https:\\\/\\\/motorista.com.br\\\/noticias\\\/2026\\\/09\\\/04\\\/roberto-cortes-nossos-negocios-sao-sempre-de-longo-prazo\\\/\",\"name\":\"Roberto Cortes: 'Nossos neg\u00f3cios s\u00e3o sempre de longo prazo' - Motorista.com.br\",\"isPartOf\":{\"@id\":\"https:\\\/\\\/motorista.com.br\\\/noticias\\\/#website\"},\"primaryImageOfPage\":{\"@id\":\"https:\\\/\\\/motorista.com.br\\\/noticias\\\/2026\\\/09\\\/04\\\/roberto-cortes-nossos-negocios-sao-sempre-de-longo-prazo\\\/#primaryimage\"},\"image\":{\"@id\":\"https:\\\/\\\/motorista.com.br\\\/noticias\\\/2026\\\/09\\\/04\\\/roberto-cortes-nossos-negocios-sao-sempre-de-longo-prazo\\\/#primaryimage\"},\"thumbnailUrl\":\"https:\\\/\\\/motorista.com.br\\\/noticias\\\/wp-content\\\/uploads\\\/2026\\\/09\\\/WhatsApp-Image-2026-09-03-at-5.57.30-PM.jpeg\",\"datePublished\":\"2026-09-04T06:19:19+00:00\",\"breadcrumb\":{\"@id\":\"https:\\\/\\\/motorista.com.br\\\/noticias\\\/2026\\\/09\\\/04\\\/roberto-cortes-nossos-negocios-sao-sempre-de-longo-prazo\\\/#breadcrumb\"},\"inLanguage\":\"pt-BR\",\"potentialAction\":[{\"@type\":\"ReadAction\",\"target\":[\"https:\\\/\\\/motorista.com.br\\\/noticias\\\/2026\\\/09\\\/04\\\/roberto-cortes-nossos-negocios-sao-sempre-de-longo-prazo\\\/\"]}]},{\"@type\":\"ImageObject\",\"inLanguage\":\"pt-BR\",\"@id\":\"https:\\\/\\\/motorista.com.br\\\/noticias\\\/2026\\\/09\\\/04\\\/roberto-cortes-nossos-negocios-sao-sempre-de-longo-prazo\\\/#primaryimage\",\"url\":\"https:\\\/\\\/motorista.com.br\\\/noticias\\\/wp-content\\\/uploads\\\/2026\\\/09\\\/WhatsApp-Image-2026-09-03-at-5.57.30-PM.jpeg\",\"contentUrl\":\"https:\\\/\\\/motorista.com.br\\\/noticias\\\/wp-content\\\/uploads\\\/2026\\\/09\\\/WhatsApp-Image-2026-09-03-at-5.57.30-PM.jpeg\",\"width\":454,\"height\":283},{\"@type\":\"BreadcrumbList\",\"@id\":\"https:\\\/\\\/motorista.com.br\\\/noticias\\\/2026\\\/09\\\/04\\\/roberto-cortes-nossos-negocios-sao-sempre-de-longo-prazo\\\/#breadcrumb\",\"itemListElement\":[{\"@type\":\"ListItem\",\"position\":1,\"name\":\"In\u00edcio\",\"item\":\"https:\\\/\\\/motorista.com.br\\\/noticias\\\/\"},{\"@type\":\"ListItem\",\"position\":2,\"name\":\"Roberto Cortes: &#8216;Nossos neg\u00f3cios s\u00e3o sempre de longo prazo&#8217;\"}]},{\"@type\":\"WebSite\",\"@id\":\"https:\\\/\\\/motorista.com.br\\\/noticias\\\/#website\",\"url\":\"https:\\\/\\\/motorista.com.br\\\/noticias\\\/\",\"name\":\"Motorista.com.br\",\"description\":\"Not\u00edcia do Motorista\",\"publisher\":{\"@id\":\"https:\\\/\\\/motorista.com.br\\\/noticias\\\/#organization\"},\"potentialAction\":[{\"@type\":\"SearchAction\",\"target\":{\"@type\":\"EntryPoint\",\"urlTemplate\":\"https:\\\/\\\/motorista.com.br\\\/noticias\\\/?s={search_term_string}\"},\"query-input\":{\"@type\":\"PropertyValueSpecification\",\"valueRequired\":true,\"valueName\":\"search_term_string\"}}],\"inLanguage\":\"pt-BR\"},{\"@type\":\"Organization\",\"@id\":\"https:\\\/\\\/motorista.com.br\\\/noticias\\\/#organization\",\"name\":\"Motorista.com.br\",\"url\":\"https:\\\/\\\/motorista.com.br\\\/noticias\\\/\",\"logo\":{\"@type\":\"ImageObject\",\"inLanguage\":\"pt-BR\",\"@id\":\"https:\\\/\\\/motorista.com.br\\\/noticias\\\/#\\\/schema\\\/logo\\\/image\\\/\",\"url\":\"https:\\\/\\\/motorista.com.br\\\/noticias\\\/wp-content\\\/uploads\\\/2025\\\/06\\\/Design-sem-nome-9.png\",\"contentUrl\":\"https:\\\/\\\/motorista.com.br\\\/noticias\\\/wp-content\\\/uploads\\\/2025\\\/06\\\/Design-sem-nome-9.png\",\"width\":150,\"height\":85,\"caption\":\"Motorista.com.br\"},\"image\":{\"@id\":\"https:\\\/\\\/motorista.com.br\\\/noticias\\\/#\\\/schema\\\/logo\\\/image\\\/\"}},{\"@type\":\"Person\",\"@id\":\"https:\\\/\\\/motorista.com.br\\\/noticias\\\/#\\\/schema\\\/person\\\/dc93afc2981c0e3ce6bc3c053fd847be\",\"name\":\"Equipe Reda\u00e7\u00e3o\",\"image\":{\"@type\":\"ImageObject\",\"inLanguage\":\"pt-BR\",\"@id\":\"https:\\\/\\\/secure.gravatar.com\\\/avatar\\\/4f525efbf18dd2bb300ccad28bfb99d95a9465a5ba268407c8c37b37e1f28d2d?s=96&d=mm&r=g9e099043a0c61e9ae27e293b9fa75ffc\",\"url\":\"https:\\\/\\\/secure.gravatar.com\\\/avatar\\\/4f525efbf18dd2bb300ccad28bfb99d95a9465a5ba268407c8c37b37e1f28d2d?s=96&d=mm&r=g\",\"contentUrl\":\"https:\\\/\\\/secure.gravatar.com\\\/avatar\\\/4f525efbf18dd2bb300ccad28bfb99d95a9465a5ba268407c8c37b37e1f28d2d?s=96&d=mm&r=g\",\"caption\":\"Equipe Reda\u00e7\u00e3o\"},\"description\":\"Equipe de reda\u00e7\u00e3o \u00e9 um grupo de profissionais que trabalham juntos para criar conte\u00fado escrito para Motorista.com.br\",\"url\":\"https:\\\/\\\/motorista.com.br\\\/noticias\\\/author\\\/equiperedacao\\\/\"}]}<\/script>\n<!-- \/ Yoast SEO Premium plugin. -->","yoast_head_json":{"title":"Roberto Cortes: 'Nossos neg\u00f3cios s\u00e3o sempre de longo prazo' - Motorista.com.br","robots":{"index":"index","follow":"follow","max-snippet":"max-snippet:-1","max-image-preview":"max-image-preview:large","max-video-preview":"max-video-preview:-1"},"canonical":"https:\/\/motorista.com.br\/noticias\/2026\/09\/04\/roberto-cortes-nossos-negocios-sao-sempre-de-longo-prazo\/","og_locale":"pt_BR","og_type":"article","og_title":"Roberto Cortes: 'Nossos neg\u00f3cios s\u00e3o sempre de longo prazo'","og_description":"&quot;Sempre fazemos neg\u00f3cios a longo prazo&quot;, diz Roberto Cortes, presidente e CEO da VWCO \u2013 Transporte Moderno A Volkswagen Caminh\u00f5es e \u00d4nibus (VWCO) est\u00e1 se preparando para iniciar um novo ciclo de investimentos, mesmo em um cen\u00e1rio desafiador para o mercado de caminh\u00f5es no Brasil. Apesar dos altos juros e do cr\u00e9dito caro, que t\u00eam &hellip;","og_url":"https:\/\/motorista.com.br\/noticias\/2026\/09\/04\/roberto-cortes-nossos-negocios-sao-sempre-de-longo-prazo\/","og_site_name":"Motorista.com.br","article_published_time":"2026-09-04T06:19:19+00:00","author":"Equipe Reda\u00e7\u00e3o","twitter_card":"summary_large_image","twitter_misc":{"Escrito por":"Equipe Reda\u00e7\u00e3o","Est. tempo de leitura":"3 minutos","Written by":"Equipe Reda\u00e7\u00e3o"},"schema":{"@context":"https:\/\/schema.org","@graph":[{"@type":"Article","@id":"https:\/\/motorista.com.br\/noticias\/2026\/09\/04\/roberto-cortes-nossos-negocios-sao-sempre-de-longo-prazo\/#article","isPartOf":{"@id":"https:\/\/motorista.com.br\/noticias\/2026\/09\/04\/roberto-cortes-nossos-negocios-sao-sempre-de-longo-prazo\/"},"author":{"name":"Equipe Reda\u00e7\u00e3o","@id":"https:\/\/motorista.com.br\/noticias\/#\/schema\/person\/dc93afc2981c0e3ce6bc3c053fd847be"},"headline":"Roberto Cortes: &#8216;Nossos neg\u00f3cios s\u00e3o sempre de longo prazo&#8217;","datePublished":"2026-09-04T06:19:19+00:00","mainEntityOfPage":{"@id":"https:\/\/motorista.com.br\/noticias\/2026\/09\/04\/roberto-cortes-nossos-negocios-sao-sempre-de-longo-prazo\/"},"wordCount":529,"publisher":{"@id":"https:\/\/motorista.com.br\/noticias\/#organization"},"image":{"@id":"https:\/\/motorista.com.br\/noticias\/2026\/09\/04\/roberto-cortes-nossos-negocios-sao-sempre-de-longo-prazo\/#primaryimage"},"thumbnailUrl":"https:\/\/motorista.com.br\/noticias\/wp-content\/uploads\/2026\/09\/WhatsApp-Image-2026-09-03-at-5.57.30-PM.jpeg","articleSection":["Log\u00edstica"],"inLanguage":"pt-BR"},{"@type":"WebPage","@id":"https:\/\/motorista.com.br\/noticias\/2026\/09\/04\/roberto-cortes-nossos-negocios-sao-sempre-de-longo-prazo\/","url":"https:\/\/motorista.com.br\/noticias\/2026\/09\/04\/roberto-cortes-nossos-negocios-sao-sempre-de-longo-prazo\/","name":"Roberto Cortes: 'Nossos neg\u00f3cios s\u00e3o sempre de longo prazo' - Motorista.com.br","isPartOf":{"@id":"https:\/\/motorista.com.br\/noticias\/#website"},"primaryImageOfPage":{"@id":"https:\/\/motorista.com.br\/noticias\/2026\/09\/04\/roberto-cortes-nossos-negocios-sao-sempre-de-longo-prazo\/#primaryimage"},"image":{"@id":"https:\/\/motorista.com.br\/noticias\/2026\/09\/04\/roberto-cortes-nossos-negocios-sao-sempre-de-longo-prazo\/#primaryimage"},"thumbnailUrl":"https:\/\/motorista.com.br\/noticias\/wp-content\/uploads\/2026\/09\/WhatsApp-Image-2026-09-03-at-5.57.30-PM.jpeg","datePublished":"2026-09-04T06:19:19+00:00","breadcrumb":{"@id":"https:\/\/motorista.com.br\/noticias\/2026\/09\/04\/roberto-cortes-nossos-negocios-sao-sempre-de-longo-prazo\/#breadcrumb"},"inLanguage":"pt-BR","potentialAction":[{"@type":"ReadAction","target":["https:\/\/motorista.com.br\/noticias\/2026\/09\/04\/roberto-cortes-nossos-negocios-sao-sempre-de-longo-prazo\/"]}]},{"@type":"ImageObject","inLanguage":"pt-BR","@id":"https:\/\/motorista.com.br\/noticias\/2026\/09\/04\/roberto-cortes-nossos-negocios-sao-sempre-de-longo-prazo\/#primaryimage","url":"https:\/\/motorista.com.br\/noticias\/wp-content\/uploads\/2026\/09\/WhatsApp-Image-2026-09-03-at-5.57.30-PM.jpeg","contentUrl":"https:\/\/motorista.com.br\/noticias\/wp-content\/uploads\/2026\/09\/WhatsApp-Image-2026-09-03-at-5.57.30-PM.jpeg","width":454,"height":283},{"@type":"BreadcrumbList","@id":"https:\/\/motorista.com.br\/noticias\/2026\/09\/04\/roberto-cortes-nossos-negocios-sao-sempre-de-longo-prazo\/#breadcrumb","itemListElement":[{"@type":"ListItem","position":1,"name":"In\u00edcio","item":"https:\/\/motorista.com.br\/noticias\/"},{"@type":"ListItem","position":2,"name":"Roberto Cortes: &#8216;Nossos neg\u00f3cios s\u00e3o sempre de longo prazo&#8217;"}]},{"@type":"WebSite","@id":"https:\/\/motorista.com.br\/noticias\/#website","url":"https:\/\/motorista.com.br\/noticias\/","name":"Motorista.com.br","description":"Not\u00edcia do Motorista","publisher":{"@id":"https:\/\/motorista.com.br\/noticias\/#organization"},"potentialAction":[{"@type":"SearchAction","target":{"@type":"EntryPoint","urlTemplate":"https:\/\/motorista.com.br\/noticias\/?s={search_term_string}"},"query-input":{"@type":"PropertyValueSpecification","valueRequired":true,"valueName":"search_term_string"}}],"inLanguage":"pt-BR"},{"@type":"Organization","@id":"https:\/\/motorista.com.br\/noticias\/#organization","name":"Motorista.com.br","url":"https:\/\/motorista.com.br\/noticias\/","logo":{"@type":"ImageObject","inLanguage":"pt-BR","@id":"https:\/\/motorista.com.br\/noticias\/#\/schema\/logo\/image\/","url":"https:\/\/motorista.com.br\/noticias\/wp-content\/uploads\/2025\/06\/Design-sem-nome-9.png","contentUrl":"https:\/\/motorista.com.br\/noticias\/wp-content\/uploads\/2025\/06\/Design-sem-nome-9.png","width":150,"height":85,"caption":"Motorista.com.br"},"image":{"@id":"https:\/\/motorista.com.br\/noticias\/#\/schema\/logo\/image\/"}},{"@type":"Person","@id":"https:\/\/motorista.com.br\/noticias\/#\/schema\/person\/dc93afc2981c0e3ce6bc3c053fd847be","name":"Equipe Reda\u00e7\u00e3o","image":{"@type":"ImageObject","inLanguage":"pt-BR","@id":"https:\/\/secure.gravatar.com\/avatar\/4f525efbf18dd2bb300ccad28bfb99d95a9465a5ba268407c8c37b37e1f28d2d?s=96&d=mm&r=g9e099043a0c61e9ae27e293b9fa75ffc","url":"https:\/\/secure.gravatar.com\/avatar\/4f525efbf18dd2bb300ccad28bfb99d95a9465a5ba268407c8c37b37e1f28d2d?s=96&d=mm&r=g","contentUrl":"https:\/\/secure.gravatar.com\/avatar\/4f525efbf18dd2bb300ccad28bfb99d95a9465a5ba268407c8c37b37e1f28d2d?s=96&d=mm&r=g","caption":"Equipe Reda\u00e7\u00e3o"},"description":"Equipe de reda\u00e7\u00e3o \u00e9 um grupo de profissionais que trabalham juntos para criar conte\u00fado escrito para Motorista.com.br","url":"https:\/\/motorista.com.br\/noticias\/author\/equiperedacao\/"}]}},"_links":{"self":[{"href":"https:\/\/motorista.com.br\/noticias\/wp-json\/wp\/v2\/posts\/14314","targetHints":{"allow":["GET"]}}],"collection":[{"href":"https:\/\/motorista.com.br\/noticias\/wp-json\/wp\/v2\/posts"}],"about":[{"href":"https:\/\/motorista.com.br\/noticias\/wp-json\/wp\/v2\/types\/post"}],"author":[{"embeddable":true,"href":"https:\/\/motorista.com.br\/noticias\/wp-json\/wp\/v2\/users\/4"}],"replies":[{"embeddable":true,"href":"https:\/\/motorista.com.br\/noticias\/wp-json\/wp\/v2\/comments?post=14314"}],"version-history":[{"count":0,"href":"https:\/\/motorista.com.br\/noticias\/wp-json\/wp\/v2\/posts\/14314\/revisions"}],"wp:featuredmedia":[{"embeddable":true,"href":"https:\/\/motorista.com.br\/noticias\/wp-json\/wp\/v2\/media\/14315"}],"wp:attachment":[{"href":"https:\/\/motorista.com.br\/noticias\/wp-json\/wp\/v2\/media?parent=14314"}],"wp:term":[{"taxonomy":"category","embeddable":true,"href":"https:\/\/motorista.com.br\/noticias\/wp-json\/wp\/v2\/categories?post=14314"},{"taxonomy":"post_tag","embeddable":true,"href":"https:\/\/motorista.com.br\/noticias\/wp-json\/wp\/v2\/tags?post=14314"},{"taxonomy":"author","embeddable":true,"href":"https:\/\/motorista.com.br\/noticias\/wp-json\/wp\/v2\/coauthors?post=14314"}],"curies":[{"name":"wp","href":"https:\/\/api.w.org\/{rel}","templated":true}]}}