{"id":14312,"date":"2026-09-04T02:17:47","date_gmt":"2026-09-04T05:17:47","guid":{"rendered":"https:\/\/motorista.com.br\/noticias\/2026\/09\/04\/antt-ressalta-seguranca-juridica-e-novas-chances-para-investimentos-em-estradas\/"},"modified":"2026-09-04T02:17:47","modified_gmt":"2026-09-04T05:17:47","slug":"antt-ressalta-seguranca-juridica-e-novas-chances-para-investimentos-em-estradas","status":"publish","type":"post","link":"https:\/\/motorista.com.br\/noticias\/2026\/09\/04\/antt-ressalta-seguranca-juridica-e-novas-chances-para-investimentos-em-estradas\/","title":{"rendered":"ANTT ressalta seguran\u00e7a jur\u00eddica e novas chances para investimentos em estradas"},"content":{"rendered":"<p>Durante o evento Infra em Movimento, o Diretor-Geral da ANTT, Guilherme Theo Sampaio, discutiu avan\u00e7os regulat\u00f3rios e a\u00e7\u00f5es para fortalecer as concess\u00f5es rodovi\u00e1rias no Brasil. O evento, promovido pelo banco Ita\u00fa, contou com a presen\u00e7a de representantes do setor e abordou oportunidades de investimentos em infraestrutura.<\/p>\n<p>### Mais previsibilidade para atrair investimentos de longo prazo<\/p>\n<p>Sampaio enfatizou as iniciativas da ANTT para tornar os projetos de infraestrutura mais atraentes a investidores. Ele ressaltou a import\u00e2ncia de contratos compat\u00edveis com a realidade de cada concess\u00e3o e de uma matriz de riscos que equilibre responsabilidades entre o governo e o setor privado. Essa estrat\u00e9gia n\u00e3o apenas aumenta a previsibilidade dos investimentos, mas tamb\u00e9m contribui para a seguran\u00e7a jur\u00eddica t\u00e3o necess\u00e1ria para a confian\u00e7a dos motoristas e usu\u00e1rios das rodovias.<\/p>\n<p>### Seguran\u00e7a jur\u00eddica al\u00e9m do cumprimento de contratos<\/p>\n<p>Para o Diretor-Geral, a seguran\u00e7a jur\u00eddica se estende al\u00e9m do cumprimento dos contratos. \u00c9 vital que exista a capacidade de responder a mudan\u00e7as ao longo das longas concess\u00f5es. Ambientes regulat\u00f3rios mais claros e previs\u00edveis n\u00e3o apenas atraem novos investidores, mas tamb\u00e9m diminuem a incerteza no cotidiano dos motoristas, garantindo que as estradas sejam mantidas com a qualidade esperada.<\/p>\n<p>### Solu\u00e7\u00f5es consensuais na gest\u00e3o dos contratos<\/p>\n<p>Outro ponto abordado foi a import\u00e2ncia das solu\u00e7\u00f5es consensuais na gest\u00e3o de contratos de concess\u00e3o. Iniciativas como a cria\u00e7\u00e3o da Comiss\u00e3o de Solu\u00e7\u00e3o de Controv\u00e9rsias (COMPOR) pelo ANTT em 2023 exemplificam um compromisso em resolver conflitos rapidamente. Isso n\u00e3o apenas melhora a gest\u00e3o de crises, mas tamb\u00e9m fortalece a confian\u00e7a dos motoristas, pois reflete um compromisso em manter as rodovias em boas condi\u00e7\u00f5es.<\/p>\n<p>### Um futuro promissor para a infraestrutura<\/p>\n<p>Com a previs\u00e3o de que o Brasil chegue a 25 mil quil\u00f4metros de rodovias concedidas em 2027, a combina\u00e7\u00e3o de contratos mais qualificados e um ambiente regulat\u00f3rio favor\u00e1vel promete um horizonte otimista. Essa transforma\u00e7\u00e3o n\u00e3o \u00e9 apenas uma melhoria na infraestrutura, mas tamb\u00e9m um passo crucial para a mobilidade geral no pa\u00eds.<\/p>\n<p>O fortalecimento das concess\u00f5es rodovi\u00e1rias se traduz em benef\u00edcios diretos para os motoristas, que podem desfrutar de rodovias bem mantidas, seguras e mais eficientes, promovendo um transporte mais \u00e1gil e eficaz em todo o territ\u00f3rio nacional.<\/p>\n<p>Fonte: setcesp.<\/p>\n","protected":false},"excerpt":{"rendered":"<p>Durante o evento Infra em Movimento, o Diretor-Geral da ANTT, Guilherme Theo Sampaio, discutiu avan\u00e7os regulat\u00f3rios e a\u00e7\u00f5es para fortalecer as concess\u00f5es rodovi\u00e1rias no Brasil. O evento, promovido pelo banco Ita\u00fa, contou com a presen\u00e7a de representantes do setor e abordou oportunidades de investimentos em infraestrutura. ### Mais previsibilidade para atrair investimentos de longo prazo &hellip;<\/p>\n","protected":false},"author":4,"featured_media":14313,"comment_status":"","ping_status":"open","sticky":false,"template":"","format":"standard","meta":{"footnotes":""},"categories":[62],"tags":[],"coauthors":[42],"class_list":["post-14312","post","type-post","status-publish","format-standard","has-post-thumbnail","hentry","category-logistica"],"yoast_head":"<!-- This site is optimized with the Yoast SEO Premium plugin v27.6.1 (Yoast SEO v28.4) - https:\/\/yoast.com\/product\/yoast-seo-premium-wordpress\/ -->\n<title>ANTT ressalta seguran\u00e7a jur\u00eddica e novas chances para investimentos em estradas - Motorista.com.br<\/title>\n<meta name=\"robots\" content=\"index, follow, max-snippet:-1, max-image-preview:large, max-video-preview:-1\" \/>\n<link rel=\"canonical\" href=\"https:\/\/motorista.com.br\/noticias\/2026\/09\/04\/antt-ressalta-seguranca-juridica-e-novas-chances-para-investimentos-em-estradas\/\" \/>\n<meta property=\"og:locale\" content=\"pt_BR\" \/>\n<meta property=\"og:type\" content=\"article\" \/>\n<meta property=\"og:title\" content=\"ANTT ressalta seguran\u00e7a jur\u00eddica e novas chances para investimentos em estradas\" \/>\n<meta property=\"og:description\" content=\"Durante o evento Infra em Movimento, o Diretor-Geral da ANTT, Guilherme Theo Sampaio, discutiu avan\u00e7os regulat\u00f3rios e a\u00e7\u00f5es para fortalecer as concess\u00f5es rodovi\u00e1rias no Brasil. O evento, promovido pelo banco Ita\u00fa, contou com a presen\u00e7a de representantes do setor e abordou oportunidades de investimentos em infraestrutura. ### Mais previsibilidade para atrair investimentos de longo prazo &hellip;\" \/>\n<meta property=\"og:url\" content=\"https:\/\/motorista.com.br\/noticias\/2026\/09\/04\/antt-ressalta-seguranca-juridica-e-novas-chances-para-investimentos-em-estradas\/\" \/>\n<meta property=\"og:site_name\" content=\"Motorista.com.br\" \/>\n<meta property=\"article:published_time\" content=\"2026-09-04T05:17:47+00:00\" \/>\n<meta name=\"author\" content=\"Equipe Reda\u00e7\u00e3o\" \/>\n<meta name=\"twitter:card\" content=\"summary_large_image\" \/>\n<meta name=\"twitter:label1\" content=\"Escrito por\" \/>\n\t<meta name=\"twitter:data1\" content=\"Equipe Reda\u00e7\u00e3o\" \/>\n\t<meta name=\"twitter:label2\" content=\"Est. tempo de leitura\" \/>\n\t<meta name=\"twitter:data2\" content=\"2 minutos\" \/>\n\t<meta name=\"twitter:label3\" content=\"Written by\" \/>\n\t<meta name=\"twitter:data3\" content=\"Equipe Reda\u00e7\u00e3o\" \/>\n<script type=\"application\/ld+json\" class=\"yoast-schema-graph\">{\"@context\":\"https:\\\/\\\/schema.org\",\"@graph\":[{\"@type\":\"Article\",\"@id\":\"https:\\\/\\\/motorista.com.br\\\/noticias\\\/2026\\\/09\\\/04\\\/antt-ressalta-seguranca-juridica-e-novas-chances-para-investimentos-em-estradas\\\/#article\",\"isPartOf\":{\"@id\":\"https:\\\/\\\/motorista.com.br\\\/noticias\\\/2026\\\/09\\\/04\\\/antt-ressalta-seguranca-juridica-e-novas-chances-para-investimentos-em-estradas\\\/\"},\"author\":{\"name\":\"Equipe Reda\u00e7\u00e3o\",\"@id\":\"https:\\\/\\\/motorista.com.br\\\/noticias\\\/#\\\/schema\\\/person\\\/dc93afc2981c0e3ce6bc3c053fd847be\"},\"headline\":\"ANTT ressalta seguran\u00e7a jur\u00eddica e novas chances para investimentos em estradas\",\"datePublished\":\"2026-09-04T05:17:47+00:00\",\"mainEntityOfPage\":{\"@id\":\"https:\\\/\\\/motorista.com.br\\\/noticias\\\/2026\\\/09\\\/04\\\/antt-ressalta-seguranca-juridica-e-novas-chances-para-investimentos-em-estradas\\\/\"},\"wordCount\":422,\"publisher\":{\"@id\":\"https:\\\/\\\/motorista.com.br\\\/noticias\\\/#organization\"},\"image\":{\"@id\":\"https:\\\/\\\/motorista.com.br\\\/noticias\\\/2026\\\/09\\\/04\\\/antt-ressalta-seguranca-juridica-e-novas-chances-para-investimentos-em-estradas\\\/#primaryimage\"},\"thumbnailUrl\":\"https:\\\/\\\/motorista.com.br\\\/noticias\\\/wp-content\\\/uploads\\\/2026\\\/09\\\/040901.png\",\"articleSection\":[\"Log\u00edstica\"],\"inLanguage\":\"pt-BR\"},{\"@type\":\"WebPage\",\"@id\":\"https:\\\/\\\/motorista.com.br\\\/noticias\\\/2026\\\/09\\\/04\\\/antt-ressalta-seguranca-juridica-e-novas-chances-para-investimentos-em-estradas\\\/\",\"url\":\"https:\\\/\\\/motorista.com.br\\\/noticias\\\/2026\\\/09\\\/04\\\/antt-ressalta-seguranca-juridica-e-novas-chances-para-investimentos-em-estradas\\\/\",\"name\":\"ANTT ressalta seguran\u00e7a jur\u00eddica e novas chances para investimentos em estradas - Motorista.com.br\",\"isPartOf\":{\"@id\":\"https:\\\/\\\/motorista.com.br\\\/noticias\\\/#website\"},\"primaryImageOfPage\":{\"@id\":\"https:\\\/\\\/motorista.com.br\\\/noticias\\\/2026\\\/09\\\/04\\\/antt-ressalta-seguranca-juridica-e-novas-chances-para-investimentos-em-estradas\\\/#primaryimage\"},\"image\":{\"@id\":\"https:\\\/\\\/motorista.com.br\\\/noticias\\\/2026\\\/09\\\/04\\\/antt-ressalta-seguranca-juridica-e-novas-chances-para-investimentos-em-estradas\\\/#primaryimage\"},\"thumbnailUrl\":\"https:\\\/\\\/motorista.com.br\\\/noticias\\\/wp-content\\\/uploads\\\/2026\\\/09\\\/040901.png\",\"datePublished\":\"2026-09-04T05:17:47+00:00\",\"breadcrumb\":{\"@id\":\"https:\\\/\\\/motorista.com.br\\\/noticias\\\/2026\\\/09\\\/04\\\/antt-ressalta-seguranca-juridica-e-novas-chances-para-investimentos-em-estradas\\\/#breadcrumb\"},\"inLanguage\":\"pt-BR\",\"potentialAction\":[{\"@type\":\"ReadAction\",\"target\":[\"https:\\\/\\\/motorista.com.br\\\/noticias\\\/2026\\\/09\\\/04\\\/antt-ressalta-seguranca-juridica-e-novas-chances-para-investimentos-em-estradas\\\/\"]}]},{\"@type\":\"ImageObject\",\"inLanguage\":\"pt-BR\",\"@id\":\"https:\\\/\\\/motorista.com.br\\\/noticias\\\/2026\\\/09\\\/04\\\/antt-ressalta-seguranca-juridica-e-novas-chances-para-investimentos-em-estradas\\\/#primaryimage\",\"url\":\"https:\\\/\\\/motorista.com.br\\\/noticias\\\/wp-content\\\/uploads\\\/2026\\\/09\\\/040901.png\",\"contentUrl\":\"https:\\\/\\\/motorista.com.br\\\/noticias\\\/wp-content\\\/uploads\\\/2026\\\/09\\\/040901.png\",\"width\":1400,\"height\":700},{\"@type\":\"BreadcrumbList\",\"@id\":\"https:\\\/\\\/motorista.com.br\\\/noticias\\\/2026\\\/09\\\/04\\\/antt-ressalta-seguranca-juridica-e-novas-chances-para-investimentos-em-estradas\\\/#breadcrumb\",\"itemListElement\":[{\"@type\":\"ListItem\",\"position\":1,\"name\":\"In\u00edcio\",\"item\":\"https:\\\/\\\/motorista.com.br\\\/noticias\\\/\"},{\"@type\":\"ListItem\",\"position\":2,\"name\":\"ANTT ressalta seguran\u00e7a jur\u00eddica e novas chances para investimentos em estradas\"}]},{\"@type\":\"WebSite\",\"@id\":\"https:\\\/\\\/motorista.com.br\\\/noticias\\\/#website\",\"url\":\"https:\\\/\\\/motorista.com.br\\\/noticias\\\/\",\"name\":\"Motorista.com.br\",\"description\":\"Not\u00edcia do Motorista\",\"publisher\":{\"@id\":\"https:\\\/\\\/motorista.com.br\\\/noticias\\\/#organization\"},\"potentialAction\":[{\"@type\":\"SearchAction\",\"target\":{\"@type\":\"EntryPoint\",\"urlTemplate\":\"https:\\\/\\\/motorista.com.br\\\/noticias\\\/?s={search_term_string}\"},\"query-input\":{\"@type\":\"PropertyValueSpecification\",\"valueRequired\":true,\"valueName\":\"search_term_string\"}}],\"inLanguage\":\"pt-BR\"},{\"@type\":\"Organization\",\"@id\":\"https:\\\/\\\/motorista.com.br\\\/noticias\\\/#organization\",\"name\":\"Motorista.com.br\",\"url\":\"https:\\\/\\\/motorista.com.br\\\/noticias\\\/\",\"logo\":{\"@type\":\"ImageObject\",\"inLanguage\":\"pt-BR\",\"@id\":\"https:\\\/\\\/motorista.com.br\\\/noticias\\\/#\\\/schema\\\/logo\\\/image\\\/\",\"url\":\"https:\\\/\\\/motorista.com.br\\\/noticias\\\/wp-content\\\/uploads\\\/2025\\\/06\\\/Design-sem-nome-9.png\",\"contentUrl\":\"https:\\\/\\\/motorista.com.br\\\/noticias\\\/wp-content\\\/uploads\\\/2025\\\/06\\\/Design-sem-nome-9.png\",\"width\":150,\"height\":85,\"caption\":\"Motorista.com.br\"},\"image\":{\"@id\":\"https:\\\/\\\/motorista.com.br\\\/noticias\\\/#\\\/schema\\\/logo\\\/image\\\/\"}},{\"@type\":\"Person\",\"@id\":\"https:\\\/\\\/motorista.com.br\\\/noticias\\\/#\\\/schema\\\/person\\\/dc93afc2981c0e3ce6bc3c053fd847be\",\"name\":\"Equipe Reda\u00e7\u00e3o\",\"image\":{\"@type\":\"ImageObject\",\"inLanguage\":\"pt-BR\",\"@id\":\"https:\\\/\\\/secure.gravatar.com\\\/avatar\\\/4f525efbf18dd2bb300ccad28bfb99d95a9465a5ba268407c8c37b37e1f28d2d?s=96&d=mm&r=g9e099043a0c61e9ae27e293b9fa75ffc\",\"url\":\"https:\\\/\\\/secure.gravatar.com\\\/avatar\\\/4f525efbf18dd2bb300ccad28bfb99d95a9465a5ba268407c8c37b37e1f28d2d?s=96&d=mm&r=g\",\"contentUrl\":\"https:\\\/\\\/secure.gravatar.com\\\/avatar\\\/4f525efbf18dd2bb300ccad28bfb99d95a9465a5ba268407c8c37b37e1f28d2d?s=96&d=mm&r=g\",\"caption\":\"Equipe Reda\u00e7\u00e3o\"},\"description\":\"Equipe de reda\u00e7\u00e3o \u00e9 um grupo de profissionais que trabalham juntos para criar conte\u00fado escrito para Motorista.com.br\",\"url\":\"https:\\\/\\\/motorista.com.br\\\/noticias\\\/author\\\/equiperedacao\\\/\"}]}<\/script>\n<!-- \/ Yoast SEO Premium plugin. -->","yoast_head_json":{"title":"ANTT ressalta seguran\u00e7a jur\u00eddica e novas chances para investimentos em estradas - Motorista.com.br","robots":{"index":"index","follow":"follow","max-snippet":"max-snippet:-1","max-image-preview":"max-image-preview:large","max-video-preview":"max-video-preview:-1"},"canonical":"https:\/\/motorista.com.br\/noticias\/2026\/09\/04\/antt-ressalta-seguranca-juridica-e-novas-chances-para-investimentos-em-estradas\/","og_locale":"pt_BR","og_type":"article","og_title":"ANTT ressalta seguran\u00e7a jur\u00eddica e novas chances para investimentos em estradas","og_description":"Durante o evento Infra em Movimento, o Diretor-Geral da ANTT, Guilherme Theo Sampaio, discutiu avan\u00e7os regulat\u00f3rios e a\u00e7\u00f5es para fortalecer as concess\u00f5es rodovi\u00e1rias no Brasil. O evento, promovido pelo banco Ita\u00fa, contou com a presen\u00e7a de representantes do setor e abordou oportunidades de investimentos em infraestrutura. ### Mais previsibilidade para atrair investimentos de longo prazo &hellip;","og_url":"https:\/\/motorista.com.br\/noticias\/2026\/09\/04\/antt-ressalta-seguranca-juridica-e-novas-chances-para-investimentos-em-estradas\/","og_site_name":"Motorista.com.br","article_published_time":"2026-09-04T05:17:47+00:00","author":"Equipe Reda\u00e7\u00e3o","twitter_card":"summary_large_image","twitter_misc":{"Escrito por":"Equipe Reda\u00e7\u00e3o","Est. tempo de leitura":"2 minutos","Written by":"Equipe Reda\u00e7\u00e3o"},"schema":{"@context":"https:\/\/schema.org","@graph":[{"@type":"Article","@id":"https:\/\/motorista.com.br\/noticias\/2026\/09\/04\/antt-ressalta-seguranca-juridica-e-novas-chances-para-investimentos-em-estradas\/#article","isPartOf":{"@id":"https:\/\/motorista.com.br\/noticias\/2026\/09\/04\/antt-ressalta-seguranca-juridica-e-novas-chances-para-investimentos-em-estradas\/"},"author":{"name":"Equipe Reda\u00e7\u00e3o","@id":"https:\/\/motorista.com.br\/noticias\/#\/schema\/person\/dc93afc2981c0e3ce6bc3c053fd847be"},"headline":"ANTT ressalta seguran\u00e7a jur\u00eddica e novas chances para investimentos em estradas","datePublished":"2026-09-04T05:17:47+00:00","mainEntityOfPage":{"@id":"https:\/\/motorista.com.br\/noticias\/2026\/09\/04\/antt-ressalta-seguranca-juridica-e-novas-chances-para-investimentos-em-estradas\/"},"wordCount":422,"publisher":{"@id":"https:\/\/motorista.com.br\/noticias\/#organization"},"image":{"@id":"https:\/\/motorista.com.br\/noticias\/2026\/09\/04\/antt-ressalta-seguranca-juridica-e-novas-chances-para-investimentos-em-estradas\/#primaryimage"},"thumbnailUrl":"https:\/\/motorista.com.br\/noticias\/wp-content\/uploads\/2026\/09\/040901.png","articleSection":["Log\u00edstica"],"inLanguage":"pt-BR"},{"@type":"WebPage","@id":"https:\/\/motorista.com.br\/noticias\/2026\/09\/04\/antt-ressalta-seguranca-juridica-e-novas-chances-para-investimentos-em-estradas\/","url":"https:\/\/motorista.com.br\/noticias\/2026\/09\/04\/antt-ressalta-seguranca-juridica-e-novas-chances-para-investimentos-em-estradas\/","name":"ANTT ressalta seguran\u00e7a jur\u00eddica e novas chances para investimentos em estradas - Motorista.com.br","isPartOf":{"@id":"https:\/\/motorista.com.br\/noticias\/#website"},"primaryImageOfPage":{"@id":"https:\/\/motorista.com.br\/noticias\/2026\/09\/04\/antt-ressalta-seguranca-juridica-e-novas-chances-para-investimentos-em-estradas\/#primaryimage"},"image":{"@id":"https:\/\/motorista.com.br\/noticias\/2026\/09\/04\/antt-ressalta-seguranca-juridica-e-novas-chances-para-investimentos-em-estradas\/#primaryimage"},"thumbnailUrl":"https:\/\/motorista.com.br\/noticias\/wp-content\/uploads\/2026\/09\/040901.png","datePublished":"2026-09-04T05:17:47+00:00","breadcrumb":{"@id":"https:\/\/motorista.com.br\/noticias\/2026\/09\/04\/antt-ressalta-seguranca-juridica-e-novas-chances-para-investimentos-em-estradas\/#breadcrumb"},"inLanguage":"pt-BR","potentialAction":[{"@type":"ReadAction","target":["https:\/\/motorista.com.br\/noticias\/2026\/09\/04\/antt-ressalta-seguranca-juridica-e-novas-chances-para-investimentos-em-estradas\/"]}]},{"@type":"ImageObject","inLanguage":"pt-BR","@id":"https:\/\/motorista.com.br\/noticias\/2026\/09\/04\/antt-ressalta-seguranca-juridica-e-novas-chances-para-investimentos-em-estradas\/#primaryimage","url":"https:\/\/motorista.com.br\/noticias\/wp-content\/uploads\/2026\/09\/040901.png","contentUrl":"https:\/\/motorista.com.br\/noticias\/wp-content\/uploads\/2026\/09\/040901.png","width":1400,"height":700},{"@type":"BreadcrumbList","@id":"https:\/\/motorista.com.br\/noticias\/2026\/09\/04\/antt-ressalta-seguranca-juridica-e-novas-chances-para-investimentos-em-estradas\/#breadcrumb","itemListElement":[{"@type":"ListItem","position":1,"name":"In\u00edcio","item":"https:\/\/motorista.com.br\/noticias\/"},{"@type":"ListItem","position":2,"name":"ANTT ressalta seguran\u00e7a jur\u00eddica e novas chances para investimentos em estradas"}]},{"@type":"WebSite","@id":"https:\/\/motorista.com.br\/noticias\/#website","url":"https:\/\/motorista.com.br\/noticias\/","name":"Motorista.com.br","description":"Not\u00edcia do Motorista","publisher":{"@id":"https:\/\/motorista.com.br\/noticias\/#organization"},"potentialAction":[{"@type":"SearchAction","target":{"@type":"EntryPoint","urlTemplate":"https:\/\/motorista.com.br\/noticias\/?s={search_term_string}"},"query-input":{"@type":"PropertyValueSpecification","valueRequired":true,"valueName":"search_term_string"}}],"inLanguage":"pt-BR"},{"@type":"Organization","@id":"https:\/\/motorista.com.br\/noticias\/#organization","name":"Motorista.com.br","url":"https:\/\/motorista.com.br\/noticias\/","logo":{"@type":"ImageObject","inLanguage":"pt-BR","@id":"https:\/\/motorista.com.br\/noticias\/#\/schema\/logo\/image\/","url":"https:\/\/motorista.com.br\/noticias\/wp-content\/uploads\/2025\/06\/Design-sem-nome-9.png","contentUrl":"https:\/\/motorista.com.br\/noticias\/wp-content\/uploads\/2025\/06\/Design-sem-nome-9.png","width":150,"height":85,"caption":"Motorista.com.br"},"image":{"@id":"https:\/\/motorista.com.br\/noticias\/#\/schema\/logo\/image\/"}},{"@type":"Person","@id":"https:\/\/motorista.com.br\/noticias\/#\/schema\/person\/dc93afc2981c0e3ce6bc3c053fd847be","name":"Equipe Reda\u00e7\u00e3o","image":{"@type":"ImageObject","inLanguage":"pt-BR","@id":"https:\/\/secure.gravatar.com\/avatar\/4f525efbf18dd2bb300ccad28bfb99d95a9465a5ba268407c8c37b37e1f28d2d?s=96&d=mm&r=g9e099043a0c61e9ae27e293b9fa75ffc","url":"https:\/\/secure.gravatar.com\/avatar\/4f525efbf18dd2bb300ccad28bfb99d95a9465a5ba268407c8c37b37e1f28d2d?s=96&d=mm&r=g","contentUrl":"https:\/\/secure.gravatar.com\/avatar\/4f525efbf18dd2bb300ccad28bfb99d95a9465a5ba268407c8c37b37e1f28d2d?s=96&d=mm&r=g","caption":"Equipe Reda\u00e7\u00e3o"},"description":"Equipe de reda\u00e7\u00e3o \u00e9 um grupo de profissionais que trabalham juntos para criar conte\u00fado escrito para Motorista.com.br","url":"https:\/\/motorista.com.br\/noticias\/author\/equiperedacao\/"}]}},"_links":{"self":[{"href":"https:\/\/motorista.com.br\/noticias\/wp-json\/wp\/v2\/posts\/14312","targetHints":{"allow":["GET"]}}],"collection":[{"href":"https:\/\/motorista.com.br\/noticias\/wp-json\/wp\/v2\/posts"}],"about":[{"href":"https:\/\/motorista.com.br\/noticias\/wp-json\/wp\/v2\/types\/post"}],"author":[{"embeddable":true,"href":"https:\/\/motorista.com.br\/noticias\/wp-json\/wp\/v2\/users\/4"}],"replies":[{"embeddable":true,"href":"https:\/\/motorista.com.br\/noticias\/wp-json\/wp\/v2\/comments?post=14312"}],"version-history":[{"count":0,"href":"https:\/\/motorista.com.br\/noticias\/wp-json\/wp\/v2\/posts\/14312\/revisions"}],"wp:featuredmedia":[{"embeddable":true,"href":"https:\/\/motorista.com.br\/noticias\/wp-json\/wp\/v2\/media\/14313"}],"wp:attachment":[{"href":"https:\/\/motorista.com.br\/noticias\/wp-json\/wp\/v2\/media?parent=14312"}],"wp:term":[{"taxonomy":"category","embeddable":true,"href":"https:\/\/motorista.com.br\/noticias\/wp-json\/wp\/v2\/categories?post=14312"},{"taxonomy":"post_tag","embeddable":true,"href":"https:\/\/motorista.com.br\/noticias\/wp-json\/wp\/v2\/tags?post=14312"},{"taxonomy":"author","embeddable":true,"href":"https:\/\/motorista.com.br\/noticias\/wp-json\/wp\/v2\/coauthors?post=14312"}],"curies":[{"name":"wp","href":"https:\/\/api.w.org\/{rel}","templated":true}]}}