{"id":14300,"date":"2026-09-03T19:51:04","date_gmt":"2026-09-03T22:51:04","guid":{"rendered":"https:\/\/motorista.com.br\/noticias\/2026\/09\/03\/interpretacao-do-art-6o-da-lc-no-214-2025-e-seus-impactos-para-motoristas\/"},"modified":"2026-09-03T19:51:04","modified_gmt":"2026-09-03T22:51:04","slug":"interpretacao-do-art-6o-da-lc-no-214-2025-e-seus-impactos-para-motoristas","status":"publish","type":"post","link":"https:\/\/motorista.com.br\/noticias\/2026\/09\/03\/interpretacao-do-art-6o-da-lc-no-214-2025-e-seus-impactos-para-motoristas\/","title":{"rendered":"Interpreta\u00e7\u00e3o do Art. 6\u00ba da LC n\u00ba 214\/2025 e seus Impactos para Motoristas"},"content":{"rendered":"<p><\/p>\n<h3>A Utilidade Interpretativa do Art. 6\u00ba da LC n\u00ba 214\/2025 e Seus Impactos na Mobilidade e na Vida dos Motoristas<\/h3>\n<p>O art. 6\u00ba da Lei Complementar n\u00ba 214\/2025, ao esclarecer a incid\u00eancia do IVA Dual e da CBS, traz implica\u00e7\u00f5es significativas n\u00e3o apenas para o ambiente tribut\u00e1rio, mas tamb\u00e9m para a mobilidade e as atividades dos motoristas no Brasil. A C\u00e2mara de Promo\u00e7\u00e3o de Seguran\u00e7a Jur\u00eddica no Ambiente de Neg\u00f3cios, atrav\u00e9s da Portaria Normativa AGU n\u00ba 174\/2025, abriu espa\u00e7o para discutir e interpretar as disposi\u00e7\u00f5es dessa lei, levantando quest\u00f5es sobre se a norma \u00e9 desonerativa ou expletiva e qual a natureza de seu rol.<\/p>\n<p>A Procuradoria-Geral da Fazenda Nacional (PGFN) respondeu a essas indaga\u00e7\u00f5es, afirmando que o art. 6\u00ba tem uma fun\u00e7\u00e3o delimitadora ao apresentar exemplos de n\u00e3o incid\u00eancia. Isso \u00e9 crucial para motoristas e propriet\u00e1rios de ve\u00edculos, pois assegura que determinadas opera\u00e7\u00f5es relacionadas \u00e0 mobilidade n\u00e3o sejam oneradas indevidamente por tributos, o que poderia elevar os custos operacionais.<\/p>\n<h4>Benef\u00edcios para o Setor de Mobilidade<\/h4>\n<p>Entender a natureza expletiva e exemplificativa do art. 6\u00ba possibilita que motoristas e empresas de transporte identifiquem quais opera\u00e7\u00f5es est\u00e3o realmente sujeitas a impostos. Isso contribui para um ambiente de neg\u00f3cios mais saud\u00e1vel e competitivo, onde os custos podem ser geridos de maneira mais eficaz. Por exemplo, a n\u00e3o incid\u00eancia sobre servi\u00e7os espec\u00edficos permite que os motoristas se concentrem em suas atividades sem a press\u00e3o de encargos fiscais desnecess\u00e1rios.<\/p>\n<h4>Impactos Econ\u00f4micos e Legalidades<\/h4>\n<p>A legalidade da interpreta\u00e7\u00e3o sugere que, ao se reconhecer a n\u00e3o incid\u00eancia de certas opera\u00e7\u00f5es do dia a dia dos motoristas, cria-se um espa\u00e7o prop\u00edcio para o crescimento econ\u00f4mico. Isso \u00e9 especialmente relevante em um cen\u00e1rio onde o custo do combust\u00edvel e as taxas de manuten\u00e7\u00e3o afetam diretamente o rendimento do motorista. Assim, a prote\u00e7\u00e3o sobre a base de incid\u00eancia do IBS e da CBS pode garantir que os motoristas tenham acesso a um ambiente tribut\u00e1rio que ajuda a facilitar suas rotinas.<\/p>\n<h4>Mobilidade Sustent\u00e1vel e Concilia\u00e7\u00e3o de Interesses<\/h4>\n<p>Al\u00e9m disso, a brecha interpretativa que se abre com o art. 6\u00ba pode contribuir para o fomento \u00e0 mobilidade sustent\u00e1vel. Com menos obst\u00e1culos fiscais em opera\u00e7\u00f5es que envolvem tecnologias verdes e iniciativas de descarboniza\u00e7\u00e3o, motoristas podem ser incentivados a adotar pr\u00e1ticas que n\u00e3o apenas beneficiem seu bolso, mas tamb\u00e9m o meio ambiente. A interpreta\u00e7\u00e3o adequada do art. 6\u00ba, assim, n\u00e3o \u00e9 apenas uma quest\u00e3o tribut\u00e1ria, mas uma ferramenta poderosa para moldar a mobilidade do futuro.<\/p>\n<h4>Conclus\u00e3o<\/h4>\n<p>Ao destacar a utilidade interpretativa do art. 6\u00ba da LC n\u00ba 214\/2025, podemos afirmar que sua aplica\u00e7\u00e3o pr\u00e1tica traz benef\u00edcios diretos aos motoristas e \u00e0 mobilidade como um todo. N\u00e3o s\u00f3 ajuda a esclarecer quest\u00f5es tribut\u00e1rias complexas, mas tamb\u00e9m promove um ambiente mais favor\u00e1vel para as opera\u00e7\u00f5es financeiras e de transporte, abrindo caminhos para inova\u00e7\u00f5es e melhorias na qualidade de vida dos motoristas. \u00c9, portanto, essencial que todos os envolvidos no setor fiquem atentos a essas interpreta\u00e7\u00f5es, pois elas possuem o potencial de impactar significativamente suas atividades di\u00e1rias.<\/p>\n<hr \/>\n<p><strong>Fonte: reformatributaria<\/strong><\/p>\n","protected":false},"excerpt":{"rendered":"<p>A Utilidade Interpretativa do Art. 6\u00ba da LC n\u00ba 214\/2025 e Seus Impactos na Mobilidade e na Vida dos Motoristas O art. 6\u00ba da Lei Complementar n\u00ba 214\/2025, ao esclarecer a incid\u00eancia do IVA Dual e da CBS, traz implica\u00e7\u00f5es significativas n\u00e3o apenas para o ambiente tribut\u00e1rio, mas tamb\u00e9m para a mobilidade e as atividades &hellip;<\/p>\n","protected":false},"author":4,"featured_media":14301,"comment_status":"","ping_status":"open","sticky":false,"template":"","format":"standard","meta":{"footnotes":""},"categories":[35],"tags":[],"coauthors":[42],"class_list":["post-14300","post","type-post","status-publish","format-standard","has-post-thumbnail","hentry","category-legislacao"],"yoast_head":"<!-- This site is optimized with the Yoast SEO Premium plugin v27.6.1 (Yoast SEO v28.4) - https:\/\/yoast.com\/product\/yoast-seo-premium-wordpress\/ -->\n<title>Interpreta\u00e7\u00e3o do Art. 6\u00ba da LC n\u00ba 214\/2025 e seus Impactos para Motoristas - Motorista.com.br<\/title>\n<meta name=\"robots\" content=\"index, follow, max-snippet:-1, max-image-preview:large, max-video-preview:-1\" \/>\n<link rel=\"canonical\" href=\"https:\/\/motorista.com.br\/noticias\/2026\/09\/03\/interpretacao-do-art-6o-da-lc-no-214-2025-e-seus-impactos-para-motoristas\/\" \/>\n<meta property=\"og:locale\" content=\"pt_BR\" \/>\n<meta property=\"og:type\" content=\"article\" \/>\n<meta property=\"og:title\" content=\"Interpreta\u00e7\u00e3o do Art. 6\u00ba da LC n\u00ba 214\/2025 e seus Impactos para Motoristas\" \/>\n<meta property=\"og:description\" content=\"A Utilidade Interpretativa do Art. 6\u00ba da LC n\u00ba 214\/2025 e Seus Impactos na Mobilidade e na Vida dos Motoristas O art. 6\u00ba da Lei Complementar n\u00ba 214\/2025, ao esclarecer a incid\u00eancia do IVA Dual e da CBS, traz implica\u00e7\u00f5es significativas n\u00e3o apenas para o ambiente tribut\u00e1rio, mas tamb\u00e9m para a mobilidade e as atividades &hellip;\" \/>\n<meta property=\"og:url\" content=\"https:\/\/motorista.com.br\/noticias\/2026\/09\/03\/interpretacao-do-art-6o-da-lc-no-214-2025-e-seus-impactos-para-motoristas\/\" \/>\n<meta property=\"og:site_name\" content=\"Motorista.com.br\" \/>\n<meta property=\"article:published_time\" content=\"2026-09-03T22:51:04+00:00\" \/>\n<meta name=\"author\" content=\"Equipe Reda\u00e7\u00e3o\" \/>\n<meta name=\"twitter:card\" content=\"summary_large_image\" \/>\n<meta name=\"twitter:label1\" content=\"Escrito por\" \/>\n\t<meta name=\"twitter:data1\" content=\"Equipe Reda\u00e7\u00e3o\" \/>\n\t<meta name=\"twitter:label2\" content=\"Est. tempo de leitura\" \/>\n\t<meta name=\"twitter:data2\" content=\"3 minutos\" \/>\n\t<meta name=\"twitter:label3\" content=\"Written by\" \/>\n\t<meta name=\"twitter:data3\" content=\"Equipe Reda\u00e7\u00e3o\" \/>\n<script type=\"application\/ld+json\" class=\"yoast-schema-graph\">{\"@context\":\"https:\\\/\\\/schema.org\",\"@graph\":[{\"@type\":\"Article\",\"@id\":\"https:\\\/\\\/motorista.com.br\\\/noticias\\\/2026\\\/09\\\/03\\\/interpretacao-do-art-6o-da-lc-no-214-2025-e-seus-impactos-para-motoristas\\\/#article\",\"isPartOf\":{\"@id\":\"https:\\\/\\\/motorista.com.br\\\/noticias\\\/2026\\\/09\\\/03\\\/interpretacao-do-art-6o-da-lc-no-214-2025-e-seus-impactos-para-motoristas\\\/\"},\"author\":{\"name\":\"Equipe Reda\u00e7\u00e3o\",\"@id\":\"https:\\\/\\\/motorista.com.br\\\/noticias\\\/#\\\/schema\\\/person\\\/dc93afc2981c0e3ce6bc3c053fd847be\"},\"headline\":\"Interpreta\u00e7\u00e3o do Art. 6\u00ba da LC n\u00ba 214\\\/2025 e seus Impactos para Motoristas\",\"datePublished\":\"2026-09-03T22:51:04+00:00\",\"mainEntityOfPage\":{\"@id\":\"https:\\\/\\\/motorista.com.br\\\/noticias\\\/2026\\\/09\\\/03\\\/interpretacao-do-art-6o-da-lc-no-214-2025-e-seus-impactos-para-motoristas\\\/\"},\"wordCount\":559,\"publisher\":{\"@id\":\"https:\\\/\\\/motorista.com.br\\\/noticias\\\/#organization\"},\"image\":{\"@id\":\"https:\\\/\\\/motorista.com.br\\\/noticias\\\/2026\\\/09\\\/03\\\/interpretacao-do-art-6o-da-lc-no-214-2025-e-seus-impactos-para-motoristas\\\/#primaryimage\"},\"thumbnailUrl\":\"https:\\\/\\\/motorista.com.br\\\/noticias\\\/wp-content\\\/uploads\\\/2026\\\/09\\\/2148377774-1.jpg\",\"articleSection\":[\"Legisla\u00e7\u00e3o\"],\"inLanguage\":\"pt-BR\"},{\"@type\":\"WebPage\",\"@id\":\"https:\\\/\\\/motorista.com.br\\\/noticias\\\/2026\\\/09\\\/03\\\/interpretacao-do-art-6o-da-lc-no-214-2025-e-seus-impactos-para-motoristas\\\/\",\"url\":\"https:\\\/\\\/motorista.com.br\\\/noticias\\\/2026\\\/09\\\/03\\\/interpretacao-do-art-6o-da-lc-no-214-2025-e-seus-impactos-para-motoristas\\\/\",\"name\":\"Interpreta\u00e7\u00e3o do Art. 6\u00ba da LC n\u00ba 214\\\/2025 e seus Impactos para Motoristas - Motorista.com.br\",\"isPartOf\":{\"@id\":\"https:\\\/\\\/motorista.com.br\\\/noticias\\\/#website\"},\"primaryImageOfPage\":{\"@id\":\"https:\\\/\\\/motorista.com.br\\\/noticias\\\/2026\\\/09\\\/03\\\/interpretacao-do-art-6o-da-lc-no-214-2025-e-seus-impactos-para-motoristas\\\/#primaryimage\"},\"image\":{\"@id\":\"https:\\\/\\\/motorista.com.br\\\/noticias\\\/2026\\\/09\\\/03\\\/interpretacao-do-art-6o-da-lc-no-214-2025-e-seus-impactos-para-motoristas\\\/#primaryimage\"},\"thumbnailUrl\":\"https:\\\/\\\/motorista.com.br\\\/noticias\\\/wp-content\\\/uploads\\\/2026\\\/09\\\/2148377774-1.jpg\",\"datePublished\":\"2026-09-03T22:51:04+00:00\",\"breadcrumb\":{\"@id\":\"https:\\\/\\\/motorista.com.br\\\/noticias\\\/2026\\\/09\\\/03\\\/interpretacao-do-art-6o-da-lc-no-214-2025-e-seus-impactos-para-motoristas\\\/#breadcrumb\"},\"inLanguage\":\"pt-BR\",\"potentialAction\":[{\"@type\":\"ReadAction\",\"target\":[\"https:\\\/\\\/motorista.com.br\\\/noticias\\\/2026\\\/09\\\/03\\\/interpretacao-do-art-6o-da-lc-no-214-2025-e-seus-impactos-para-motoristas\\\/\"]}]},{\"@type\":\"ImageObject\",\"inLanguage\":\"pt-BR\",\"@id\":\"https:\\\/\\\/motorista.com.br\\\/noticias\\\/2026\\\/09\\\/03\\\/interpretacao-do-art-6o-da-lc-no-214-2025-e-seus-impactos-para-motoristas\\\/#primaryimage\",\"url\":\"https:\\\/\\\/motorista.com.br\\\/noticias\\\/wp-content\\\/uploads\\\/2026\\\/09\\\/2148377774-1.jpg\",\"contentUrl\":\"https:\\\/\\\/motorista.com.br\\\/noticias\\\/wp-content\\\/uploads\\\/2026\\\/09\\\/2148377774-1.jpg\",\"width\":1000,\"height\":667},{\"@type\":\"BreadcrumbList\",\"@id\":\"https:\\\/\\\/motorista.com.br\\\/noticias\\\/2026\\\/09\\\/03\\\/interpretacao-do-art-6o-da-lc-no-214-2025-e-seus-impactos-para-motoristas\\\/#breadcrumb\",\"itemListElement\":[{\"@type\":\"ListItem\",\"position\":1,\"name\":\"In\u00edcio\",\"item\":\"https:\\\/\\\/motorista.com.br\\\/noticias\\\/\"},{\"@type\":\"ListItem\",\"position\":2,\"name\":\"Interpreta\u00e7\u00e3o do Art. 6\u00ba da LC n\u00ba 214\\\/2025 e seus Impactos para Motoristas\"}]},{\"@type\":\"WebSite\",\"@id\":\"https:\\\/\\\/motorista.com.br\\\/noticias\\\/#website\",\"url\":\"https:\\\/\\\/motorista.com.br\\\/noticias\\\/\",\"name\":\"Motorista.com.br\",\"description\":\"Not\u00edcia do Motorista\",\"publisher\":{\"@id\":\"https:\\\/\\\/motorista.com.br\\\/noticias\\\/#organization\"},\"potentialAction\":[{\"@type\":\"SearchAction\",\"target\":{\"@type\":\"EntryPoint\",\"urlTemplate\":\"https:\\\/\\\/motorista.com.br\\\/noticias\\\/?s={search_term_string}\"},\"query-input\":{\"@type\":\"PropertyValueSpecification\",\"valueRequired\":true,\"valueName\":\"search_term_string\"}}],\"inLanguage\":\"pt-BR\"},{\"@type\":\"Organization\",\"@id\":\"https:\\\/\\\/motorista.com.br\\\/noticias\\\/#organization\",\"name\":\"Motorista.com.br\",\"url\":\"https:\\\/\\\/motorista.com.br\\\/noticias\\\/\",\"logo\":{\"@type\":\"ImageObject\",\"inLanguage\":\"pt-BR\",\"@id\":\"https:\\\/\\\/motorista.com.br\\\/noticias\\\/#\\\/schema\\\/logo\\\/image\\\/\",\"url\":\"https:\\\/\\\/motorista.com.br\\\/noticias\\\/wp-content\\\/uploads\\\/2025\\\/06\\\/Design-sem-nome-9.png\",\"contentUrl\":\"https:\\\/\\\/motorista.com.br\\\/noticias\\\/wp-content\\\/uploads\\\/2025\\\/06\\\/Design-sem-nome-9.png\",\"width\":150,\"height\":85,\"caption\":\"Motorista.com.br\"},\"image\":{\"@id\":\"https:\\\/\\\/motorista.com.br\\\/noticias\\\/#\\\/schema\\\/logo\\\/image\\\/\"}},{\"@type\":\"Person\",\"@id\":\"https:\\\/\\\/motorista.com.br\\\/noticias\\\/#\\\/schema\\\/person\\\/dc93afc2981c0e3ce6bc3c053fd847be\",\"name\":\"Equipe Reda\u00e7\u00e3o\",\"image\":{\"@type\":\"ImageObject\",\"inLanguage\":\"pt-BR\",\"@id\":\"https:\\\/\\\/secure.gravatar.com\\\/avatar\\\/4f525efbf18dd2bb300ccad28bfb99d95a9465a5ba268407c8c37b37e1f28d2d?s=96&d=mm&r=g9e099043a0c61e9ae27e293b9fa75ffc\",\"url\":\"https:\\\/\\\/secure.gravatar.com\\\/avatar\\\/4f525efbf18dd2bb300ccad28bfb99d95a9465a5ba268407c8c37b37e1f28d2d?s=96&d=mm&r=g\",\"contentUrl\":\"https:\\\/\\\/secure.gravatar.com\\\/avatar\\\/4f525efbf18dd2bb300ccad28bfb99d95a9465a5ba268407c8c37b37e1f28d2d?s=96&d=mm&r=g\",\"caption\":\"Equipe Reda\u00e7\u00e3o\"},\"description\":\"Equipe de reda\u00e7\u00e3o \u00e9 um grupo de profissionais que trabalham juntos para criar conte\u00fado escrito para Motorista.com.br\",\"url\":\"https:\\\/\\\/motorista.com.br\\\/noticias\\\/author\\\/equiperedacao\\\/\"}]}<\/script>\n<!-- \/ Yoast SEO Premium plugin. -->","yoast_head_json":{"title":"Interpreta\u00e7\u00e3o do Art. 6\u00ba da LC n\u00ba 214\/2025 e seus Impactos para Motoristas - Motorista.com.br","robots":{"index":"index","follow":"follow","max-snippet":"max-snippet:-1","max-image-preview":"max-image-preview:large","max-video-preview":"max-video-preview:-1"},"canonical":"https:\/\/motorista.com.br\/noticias\/2026\/09\/03\/interpretacao-do-art-6o-da-lc-no-214-2025-e-seus-impactos-para-motoristas\/","og_locale":"pt_BR","og_type":"article","og_title":"Interpreta\u00e7\u00e3o do Art. 6\u00ba da LC n\u00ba 214\/2025 e seus Impactos para Motoristas","og_description":"A Utilidade Interpretativa do Art. 6\u00ba da LC n\u00ba 214\/2025 e Seus Impactos na Mobilidade e na Vida dos Motoristas O art. 6\u00ba da Lei Complementar n\u00ba 214\/2025, ao esclarecer a incid\u00eancia do IVA Dual e da CBS, traz implica\u00e7\u00f5es significativas n\u00e3o apenas para o ambiente tribut\u00e1rio, mas tamb\u00e9m para a mobilidade e as atividades &hellip;","og_url":"https:\/\/motorista.com.br\/noticias\/2026\/09\/03\/interpretacao-do-art-6o-da-lc-no-214-2025-e-seus-impactos-para-motoristas\/","og_site_name":"Motorista.com.br","article_published_time":"2026-09-03T22:51:04+00:00","author":"Equipe Reda\u00e7\u00e3o","twitter_card":"summary_large_image","twitter_misc":{"Escrito por":"Equipe Reda\u00e7\u00e3o","Est. tempo de leitura":"3 minutos","Written by":"Equipe Reda\u00e7\u00e3o"},"schema":{"@context":"https:\/\/schema.org","@graph":[{"@type":"Article","@id":"https:\/\/motorista.com.br\/noticias\/2026\/09\/03\/interpretacao-do-art-6o-da-lc-no-214-2025-e-seus-impactos-para-motoristas\/#article","isPartOf":{"@id":"https:\/\/motorista.com.br\/noticias\/2026\/09\/03\/interpretacao-do-art-6o-da-lc-no-214-2025-e-seus-impactos-para-motoristas\/"},"author":{"name":"Equipe Reda\u00e7\u00e3o","@id":"https:\/\/motorista.com.br\/noticias\/#\/schema\/person\/dc93afc2981c0e3ce6bc3c053fd847be"},"headline":"Interpreta\u00e7\u00e3o do Art. 6\u00ba da LC n\u00ba 214\/2025 e seus Impactos para Motoristas","datePublished":"2026-09-03T22:51:04+00:00","mainEntityOfPage":{"@id":"https:\/\/motorista.com.br\/noticias\/2026\/09\/03\/interpretacao-do-art-6o-da-lc-no-214-2025-e-seus-impactos-para-motoristas\/"},"wordCount":559,"publisher":{"@id":"https:\/\/motorista.com.br\/noticias\/#organization"},"image":{"@id":"https:\/\/motorista.com.br\/noticias\/2026\/09\/03\/interpretacao-do-art-6o-da-lc-no-214-2025-e-seus-impactos-para-motoristas\/#primaryimage"},"thumbnailUrl":"https:\/\/motorista.com.br\/noticias\/wp-content\/uploads\/2026\/09\/2148377774-1.jpg","articleSection":["Legisla\u00e7\u00e3o"],"inLanguage":"pt-BR"},{"@type":"WebPage","@id":"https:\/\/motorista.com.br\/noticias\/2026\/09\/03\/interpretacao-do-art-6o-da-lc-no-214-2025-e-seus-impactos-para-motoristas\/","url":"https:\/\/motorista.com.br\/noticias\/2026\/09\/03\/interpretacao-do-art-6o-da-lc-no-214-2025-e-seus-impactos-para-motoristas\/","name":"Interpreta\u00e7\u00e3o do Art. 6\u00ba da LC n\u00ba 214\/2025 e seus Impactos para Motoristas - Motorista.com.br","isPartOf":{"@id":"https:\/\/motorista.com.br\/noticias\/#website"},"primaryImageOfPage":{"@id":"https:\/\/motorista.com.br\/noticias\/2026\/09\/03\/interpretacao-do-art-6o-da-lc-no-214-2025-e-seus-impactos-para-motoristas\/#primaryimage"},"image":{"@id":"https:\/\/motorista.com.br\/noticias\/2026\/09\/03\/interpretacao-do-art-6o-da-lc-no-214-2025-e-seus-impactos-para-motoristas\/#primaryimage"},"thumbnailUrl":"https:\/\/motorista.com.br\/noticias\/wp-content\/uploads\/2026\/09\/2148377774-1.jpg","datePublished":"2026-09-03T22:51:04+00:00","breadcrumb":{"@id":"https:\/\/motorista.com.br\/noticias\/2026\/09\/03\/interpretacao-do-art-6o-da-lc-no-214-2025-e-seus-impactos-para-motoristas\/#breadcrumb"},"inLanguage":"pt-BR","potentialAction":[{"@type":"ReadAction","target":["https:\/\/motorista.com.br\/noticias\/2026\/09\/03\/interpretacao-do-art-6o-da-lc-no-214-2025-e-seus-impactos-para-motoristas\/"]}]},{"@type":"ImageObject","inLanguage":"pt-BR","@id":"https:\/\/motorista.com.br\/noticias\/2026\/09\/03\/interpretacao-do-art-6o-da-lc-no-214-2025-e-seus-impactos-para-motoristas\/#primaryimage","url":"https:\/\/motorista.com.br\/noticias\/wp-content\/uploads\/2026\/09\/2148377774-1.jpg","contentUrl":"https:\/\/motorista.com.br\/noticias\/wp-content\/uploads\/2026\/09\/2148377774-1.jpg","width":1000,"height":667},{"@type":"BreadcrumbList","@id":"https:\/\/motorista.com.br\/noticias\/2026\/09\/03\/interpretacao-do-art-6o-da-lc-no-214-2025-e-seus-impactos-para-motoristas\/#breadcrumb","itemListElement":[{"@type":"ListItem","position":1,"name":"In\u00edcio","item":"https:\/\/motorista.com.br\/noticias\/"},{"@type":"ListItem","position":2,"name":"Interpreta\u00e7\u00e3o do Art. 6\u00ba da LC n\u00ba 214\/2025 e seus Impactos para Motoristas"}]},{"@type":"WebSite","@id":"https:\/\/motorista.com.br\/noticias\/#website","url":"https:\/\/motorista.com.br\/noticias\/","name":"Motorista.com.br","description":"Not\u00edcia do Motorista","publisher":{"@id":"https:\/\/motorista.com.br\/noticias\/#organization"},"potentialAction":[{"@type":"SearchAction","target":{"@type":"EntryPoint","urlTemplate":"https:\/\/motorista.com.br\/noticias\/?s={search_term_string}"},"query-input":{"@type":"PropertyValueSpecification","valueRequired":true,"valueName":"search_term_string"}}],"inLanguage":"pt-BR"},{"@type":"Organization","@id":"https:\/\/motorista.com.br\/noticias\/#organization","name":"Motorista.com.br","url":"https:\/\/motorista.com.br\/noticias\/","logo":{"@type":"ImageObject","inLanguage":"pt-BR","@id":"https:\/\/motorista.com.br\/noticias\/#\/schema\/logo\/image\/","url":"https:\/\/motorista.com.br\/noticias\/wp-content\/uploads\/2025\/06\/Design-sem-nome-9.png","contentUrl":"https:\/\/motorista.com.br\/noticias\/wp-content\/uploads\/2025\/06\/Design-sem-nome-9.png","width":150,"height":85,"caption":"Motorista.com.br"},"image":{"@id":"https:\/\/motorista.com.br\/noticias\/#\/schema\/logo\/image\/"}},{"@type":"Person","@id":"https:\/\/motorista.com.br\/noticias\/#\/schema\/person\/dc93afc2981c0e3ce6bc3c053fd847be","name":"Equipe Reda\u00e7\u00e3o","image":{"@type":"ImageObject","inLanguage":"pt-BR","@id":"https:\/\/secure.gravatar.com\/avatar\/4f525efbf18dd2bb300ccad28bfb99d95a9465a5ba268407c8c37b37e1f28d2d?s=96&d=mm&r=g9e099043a0c61e9ae27e293b9fa75ffc","url":"https:\/\/secure.gravatar.com\/avatar\/4f525efbf18dd2bb300ccad28bfb99d95a9465a5ba268407c8c37b37e1f28d2d?s=96&d=mm&r=g","contentUrl":"https:\/\/secure.gravatar.com\/avatar\/4f525efbf18dd2bb300ccad28bfb99d95a9465a5ba268407c8c37b37e1f28d2d?s=96&d=mm&r=g","caption":"Equipe Reda\u00e7\u00e3o"},"description":"Equipe de reda\u00e7\u00e3o \u00e9 um grupo de profissionais que trabalham juntos para criar conte\u00fado escrito para Motorista.com.br","url":"https:\/\/motorista.com.br\/noticias\/author\/equiperedacao\/"}]}},"_links":{"self":[{"href":"https:\/\/motorista.com.br\/noticias\/wp-json\/wp\/v2\/posts\/14300","targetHints":{"allow":["GET"]}}],"collection":[{"href":"https:\/\/motorista.com.br\/noticias\/wp-json\/wp\/v2\/posts"}],"about":[{"href":"https:\/\/motorista.com.br\/noticias\/wp-json\/wp\/v2\/types\/post"}],"author":[{"embeddable":true,"href":"https:\/\/motorista.com.br\/noticias\/wp-json\/wp\/v2\/users\/4"}],"replies":[{"embeddable":true,"href":"https:\/\/motorista.com.br\/noticias\/wp-json\/wp\/v2\/comments?post=14300"}],"version-history":[{"count":0,"href":"https:\/\/motorista.com.br\/noticias\/wp-json\/wp\/v2\/posts\/14300\/revisions"}],"wp:featuredmedia":[{"embeddable":true,"href":"https:\/\/motorista.com.br\/noticias\/wp-json\/wp\/v2\/media\/14301"}],"wp:attachment":[{"href":"https:\/\/motorista.com.br\/noticias\/wp-json\/wp\/v2\/media?parent=14300"}],"wp:term":[{"taxonomy":"category","embeddable":true,"href":"https:\/\/motorista.com.br\/noticias\/wp-json\/wp\/v2\/categories?post=14300"},{"taxonomy":"post_tag","embeddable":true,"href":"https:\/\/motorista.com.br\/noticias\/wp-json\/wp\/v2\/tags?post=14300"},{"taxonomy":"author","embeddable":true,"href":"https:\/\/motorista.com.br\/noticias\/wp-json\/wp\/v2\/coauthors?post=14300"}],"curies":[{"name":"wp","href":"https:\/\/api.w.org\/{rel}","templated":true}]}}