{"id":14298,"date":"2026-09-03T19:48:23","date_gmt":"2026-09-03T22:48:23","guid":{"rendered":"https:\/\/motorista.com.br\/noticias\/2026\/09\/03\/presidente-da-cvm-destaca-brasil-como-referencia-em-regulacao-de-ativos-digitais\/"},"modified":"2026-09-03T19:48:23","modified_gmt":"2026-09-03T22:48:23","slug":"presidente-da-cvm-destaca-brasil-como-referencia-em-regulacao-de-ativos-digitais","status":"publish","type":"post","link":"https:\/\/motorista.com.br\/noticias\/2026\/09\/03\/presidente-da-cvm-destaca-brasil-como-referencia-em-regulacao-de-ativos-digitais\/","title":{"rendered":"Presidente da CVM destaca Brasil como refer\u00eancia em regula\u00e7\u00e3o de ativos digitais"},"content":{"rendered":"<p><\/p>\n<p><strong>Brasil se tornou um pa\u00eds de extrema relev\u00e2ncia nessa discuss\u00e3o<\/strong>, diz presidente da CVM sobre regula\u00e7\u00e3o de ativos digitais<\/p>\n<p>N\u00e3o \u00e9 de hoje que o Brasil \u00e9 visto como um importante ator no mercado de ativos digitais. Segundo Otto Lobo, presidente da Comiss\u00e3o de Valores Mobili\u00e1rios (CVM), o pa\u00eds est\u00e1 consolidando seu protagonismo no cen\u00e1rio internacional, especialmente no que se refere \u00e0 regula\u00e7\u00e3o desse setor.<\/p>\n<p>Enquanto pa\u00edses como os Estados Unidos ainda est\u00e3o em processo de formula\u00e7\u00e3o de legisla\u00e7\u00f5es que regulem o mercado de criptomoedas e criptoativos, o Brasil j\u00e1 conta com determina\u00e7\u00f5es estabelecidas pela CVM, Banco Central e Receita Federal. Essa agilidade na regula\u00e7\u00e3o coloca o Brasil na vanguarda do assunto, fazendo com que seja percebido como a principal economia da Am\u00e9rica Latina.<\/p>\n<p>Lobo enfatiza a import\u00e2ncia de um or\u00e7amento compat\u00edvel com a relev\u00e2ncia da CVM nesse momento, ressaltando que o STF j\u00e1 estipulou que a comiss\u00e3o deve receber 70% da arrecada\u00e7\u00e3o da taxa de fiscaliza\u00e7\u00e3o, resultando em um montante significativo. Essa flexibilidade financeira \u00e9 crucial para que a CVM possa manter sua capacidade de supervis\u00e3o.<\/p>\n<p>Com a evolu\u00e7\u00e3o das tecnologias, especialmente a blockchain, a CVM se prop\u00f5e a adotar uma nova infraestrutura de ativos digitais, que permitir\u00e1 uma supervis\u00e3o mais eficaz. Lobo descreveu essa transi\u00e7\u00e3o de forma interessante, comparando-a a um ve\u00edculo a combust\u00edvel tradicional, enquanto a nova abordagem representa um avan\u00e7o em termos de transpar\u00eancia e controle na negocia\u00e7\u00e3o de tokens e ativos digitais.<\/p>\n<p>Al\u00e9m disso, a proposta de cria\u00e7\u00e3o de um \u201cData Lake\u201d em nuvem demonstra um olhar para o futuro, integrando intelig\u00eancia artificial para otimizar a an\u00e1lise de dados entre entidades como Anbima e B3. Essa iniciativa n\u00e3o apenas aprimorar\u00e1 a fiscaliza\u00e7\u00e3o, mas tamb\u00e9m trar\u00e1 mais efici\u00eancia ao mercado de mobilidade e finan\u00e7as.<\/p>\n<p>Para os motoristas, a regula\u00e7\u00e3o eficiente dos ativos digitais pode trazer benef\u00edcios diretos. \u00c0 medida que o uso de criptomoedas se populariza, op\u00e7\u00f5es de pagamento mais flex\u00edveis e seguras podem surgir, impactando positivamente a experi\u00eancia de consumo. Essa moderniza\u00e7\u00e3o promete facilitar transa\u00e7\u00f5es, oferecendo aos motoristas mais controle sobre suas finan\u00e7as e potencialmente reduzindo custos em servi\u00e7os como combust\u00edvel e manuten\u00e7\u00e3o.<\/p>\n<p>Por fim, a movimenta\u00e7\u00e3o do Brasil para se fortalecer no setor de ativos digitais n\u00e3o s\u00f3 traz um impacto positivo ao mercado financeiro, como tamb\u00e9m pode contribuir para uma mobilidade mais integrada e inteligente, promovendo uma nova era de infraestrutura tecnol\u00f3gica que beneficia motoristas e o p\u00fablico em geral.<\/p>\n<p><em>Fonte: Money Times<\/em><\/p>\n","protected":false},"excerpt":{"rendered":"<p>Brasil se tornou um pa\u00eds de extrema relev\u00e2ncia nessa discuss\u00e3o, diz presidente da CVM sobre regula\u00e7\u00e3o de ativos digitais N\u00e3o \u00e9 de hoje que o Brasil \u00e9 visto como um importante ator no mercado de ativos digitais. Segundo Otto Lobo, presidente da Comiss\u00e3o de Valores Mobili\u00e1rios (CVM), o pa\u00eds est\u00e1 consolidando seu protagonismo no cen\u00e1rio &hellip;<\/p>\n","protected":false},"author":4,"featured_media":14299,"comment_status":"","ping_status":"open","sticky":false,"template":"","format":"standard","meta":{"footnotes":""},"categories":[61],"tags":[],"coauthors":[42],"class_list":["post-14298","post","type-post","status-publish","format-standard","has-post-thumbnail","hentry","category-mercado-financeiro"],"yoast_head":"<!-- This site is optimized with the Yoast SEO Premium plugin v27.6.1 (Yoast SEO v28.4) - https:\/\/yoast.com\/product\/yoast-seo-premium-wordpress\/ -->\n<title>Presidente da CVM destaca Brasil como refer\u00eancia em regula\u00e7\u00e3o de ativos digitais - Motorista.com.br<\/title>\n<meta name=\"robots\" content=\"index, follow, max-snippet:-1, max-image-preview:large, max-video-preview:-1\" \/>\n<link rel=\"canonical\" href=\"https:\/\/motorista.com.br\/noticias\/2026\/09\/03\/presidente-da-cvm-destaca-brasil-como-referencia-em-regulacao-de-ativos-digitais\/\" \/>\n<meta property=\"og:locale\" content=\"pt_BR\" \/>\n<meta property=\"og:type\" content=\"article\" \/>\n<meta property=\"og:title\" content=\"Presidente da CVM destaca Brasil como refer\u00eancia em regula\u00e7\u00e3o de ativos digitais\" \/>\n<meta property=\"og:description\" content=\"Brasil se tornou um pa\u00eds de extrema relev\u00e2ncia nessa discuss\u00e3o, diz presidente da CVM sobre regula\u00e7\u00e3o de ativos digitais N\u00e3o \u00e9 de hoje que o Brasil \u00e9 visto como um importante ator no mercado de ativos digitais. Segundo Otto Lobo, presidente da Comiss\u00e3o de Valores Mobili\u00e1rios (CVM), o pa\u00eds est\u00e1 consolidando seu protagonismo no cen\u00e1rio &hellip;\" \/>\n<meta property=\"og:url\" content=\"https:\/\/motorista.com.br\/noticias\/2026\/09\/03\/presidente-da-cvm-destaca-brasil-como-referencia-em-regulacao-de-ativos-digitais\/\" \/>\n<meta property=\"og:site_name\" content=\"Motorista.com.br\" \/>\n<meta property=\"article:published_time\" content=\"2026-09-03T22:48:23+00:00\" \/>\n<meta name=\"author\" content=\"Equipe Reda\u00e7\u00e3o\" \/>\n<meta name=\"twitter:card\" content=\"summary_large_image\" \/>\n<meta name=\"twitter:label1\" content=\"Escrito por\" \/>\n\t<meta name=\"twitter:data1\" content=\"Equipe Reda\u00e7\u00e3o\" \/>\n\t<meta name=\"twitter:label2\" content=\"Est. tempo de leitura\" \/>\n\t<meta name=\"twitter:data2\" content=\"2 minutos\" \/>\n\t<meta name=\"twitter:label3\" content=\"Written by\" \/>\n\t<meta name=\"twitter:data3\" content=\"Equipe Reda\u00e7\u00e3o\" \/>\n<script type=\"application\/ld+json\" class=\"yoast-schema-graph\">{\"@context\":\"https:\\\/\\\/schema.org\",\"@graph\":[{\"@type\":\"Article\",\"@id\":\"https:\\\/\\\/motorista.com.br\\\/noticias\\\/2026\\\/09\\\/03\\\/presidente-da-cvm-destaca-brasil-como-referencia-em-regulacao-de-ativos-digitais\\\/#article\",\"isPartOf\":{\"@id\":\"https:\\\/\\\/motorista.com.br\\\/noticias\\\/2026\\\/09\\\/03\\\/presidente-da-cvm-destaca-brasil-como-referencia-em-regulacao-de-ativos-digitais\\\/\"},\"author\":{\"name\":\"Equipe Reda\u00e7\u00e3o\",\"@id\":\"https:\\\/\\\/motorista.com.br\\\/noticias\\\/#\\\/schema\\\/person\\\/dc93afc2981c0e3ce6bc3c053fd847be\"},\"headline\":\"Presidente da CVM destaca Brasil como refer\u00eancia em regula\u00e7\u00e3o de ativos digitais\",\"datePublished\":\"2026-09-03T22:48:23+00:00\",\"mainEntityOfPage\":{\"@id\":\"https:\\\/\\\/motorista.com.br\\\/noticias\\\/2026\\\/09\\\/03\\\/presidente-da-cvm-destaca-brasil-como-referencia-em-regulacao-de-ativos-digitais\\\/\"},\"wordCount\":467,\"publisher\":{\"@id\":\"https:\\\/\\\/motorista.com.br\\\/noticias\\\/#organization\"},\"image\":{\"@id\":\"https:\\\/\\\/motorista.com.br\\\/noticias\\\/2026\\\/09\\\/03\\\/presidente-da-cvm-destaca-brasil-como-referencia-em-regulacao-de-ativos-digitais\\\/#primaryimage\"},\"thumbnailUrl\":\"https:\\\/\\\/motorista.com.br\\\/noticias\\\/wp-content\\\/uploads\\\/2026\\\/09\\\/token-summit-brasil-otto-lobo-e1788459439825.jpg\",\"articleSection\":[\"Mercado Financeiro\"],\"inLanguage\":\"pt-BR\"},{\"@type\":\"WebPage\",\"@id\":\"https:\\\/\\\/motorista.com.br\\\/noticias\\\/2026\\\/09\\\/03\\\/presidente-da-cvm-destaca-brasil-como-referencia-em-regulacao-de-ativos-digitais\\\/\",\"url\":\"https:\\\/\\\/motorista.com.br\\\/noticias\\\/2026\\\/09\\\/03\\\/presidente-da-cvm-destaca-brasil-como-referencia-em-regulacao-de-ativos-digitais\\\/\",\"name\":\"Presidente da CVM destaca Brasil como refer\u00eancia em regula\u00e7\u00e3o de ativos digitais - Motorista.com.br\",\"isPartOf\":{\"@id\":\"https:\\\/\\\/motorista.com.br\\\/noticias\\\/#website\"},\"primaryImageOfPage\":{\"@id\":\"https:\\\/\\\/motorista.com.br\\\/noticias\\\/2026\\\/09\\\/03\\\/presidente-da-cvm-destaca-brasil-como-referencia-em-regulacao-de-ativos-digitais\\\/#primaryimage\"},\"image\":{\"@id\":\"https:\\\/\\\/motorista.com.br\\\/noticias\\\/2026\\\/09\\\/03\\\/presidente-da-cvm-destaca-brasil-como-referencia-em-regulacao-de-ativos-digitais\\\/#primaryimage\"},\"thumbnailUrl\":\"https:\\\/\\\/motorista.com.br\\\/noticias\\\/wp-content\\\/uploads\\\/2026\\\/09\\\/token-summit-brasil-otto-lobo-e1788459439825.jpg\",\"datePublished\":\"2026-09-03T22:48:23+00:00\",\"breadcrumb\":{\"@id\":\"https:\\\/\\\/motorista.com.br\\\/noticias\\\/2026\\\/09\\\/03\\\/presidente-da-cvm-destaca-brasil-como-referencia-em-regulacao-de-ativos-digitais\\\/#breadcrumb\"},\"inLanguage\":\"pt-BR\",\"potentialAction\":[{\"@type\":\"ReadAction\",\"target\":[\"https:\\\/\\\/motorista.com.br\\\/noticias\\\/2026\\\/09\\\/03\\\/presidente-da-cvm-destaca-brasil-como-referencia-em-regulacao-de-ativos-digitais\\\/\"]}]},{\"@type\":\"ImageObject\",\"inLanguage\":\"pt-BR\",\"@id\":\"https:\\\/\\\/motorista.com.br\\\/noticias\\\/2026\\\/09\\\/03\\\/presidente-da-cvm-destaca-brasil-como-referencia-em-regulacao-de-ativos-digitais\\\/#primaryimage\",\"url\":\"https:\\\/\\\/motorista.com.br\\\/noticias\\\/wp-content\\\/uploads\\\/2026\\\/09\\\/token-summit-brasil-otto-lobo-e1788459439825.jpg\",\"contentUrl\":\"https:\\\/\\\/motorista.com.br\\\/noticias\\\/wp-content\\\/uploads\\\/2026\\\/09\\\/token-summit-brasil-otto-lobo-e1788459439825.jpg\",\"width\":1600,\"height\":850},{\"@type\":\"BreadcrumbList\",\"@id\":\"https:\\\/\\\/motorista.com.br\\\/noticias\\\/2026\\\/09\\\/03\\\/presidente-da-cvm-destaca-brasil-como-referencia-em-regulacao-de-ativos-digitais\\\/#breadcrumb\",\"itemListElement\":[{\"@type\":\"ListItem\",\"position\":1,\"name\":\"In\u00edcio\",\"item\":\"https:\\\/\\\/motorista.com.br\\\/noticias\\\/\"},{\"@type\":\"ListItem\",\"position\":2,\"name\":\"Presidente da CVM destaca Brasil como refer\u00eancia em regula\u00e7\u00e3o de ativos digitais\"}]},{\"@type\":\"WebSite\",\"@id\":\"https:\\\/\\\/motorista.com.br\\\/noticias\\\/#website\",\"url\":\"https:\\\/\\\/motorista.com.br\\\/noticias\\\/\",\"name\":\"Motorista.com.br\",\"description\":\"Not\u00edcia do Motorista\",\"publisher\":{\"@id\":\"https:\\\/\\\/motorista.com.br\\\/noticias\\\/#organization\"},\"potentialAction\":[{\"@type\":\"SearchAction\",\"target\":{\"@type\":\"EntryPoint\",\"urlTemplate\":\"https:\\\/\\\/motorista.com.br\\\/noticias\\\/?s={search_term_string}\"},\"query-input\":{\"@type\":\"PropertyValueSpecification\",\"valueRequired\":true,\"valueName\":\"search_term_string\"}}],\"inLanguage\":\"pt-BR\"},{\"@type\":\"Organization\",\"@id\":\"https:\\\/\\\/motorista.com.br\\\/noticias\\\/#organization\",\"name\":\"Motorista.com.br\",\"url\":\"https:\\\/\\\/motorista.com.br\\\/noticias\\\/\",\"logo\":{\"@type\":\"ImageObject\",\"inLanguage\":\"pt-BR\",\"@id\":\"https:\\\/\\\/motorista.com.br\\\/noticias\\\/#\\\/schema\\\/logo\\\/image\\\/\",\"url\":\"https:\\\/\\\/motorista.com.br\\\/noticias\\\/wp-content\\\/uploads\\\/2025\\\/06\\\/Design-sem-nome-9.png\",\"contentUrl\":\"https:\\\/\\\/motorista.com.br\\\/noticias\\\/wp-content\\\/uploads\\\/2025\\\/06\\\/Design-sem-nome-9.png\",\"width\":150,\"height\":85,\"caption\":\"Motorista.com.br\"},\"image\":{\"@id\":\"https:\\\/\\\/motorista.com.br\\\/noticias\\\/#\\\/schema\\\/logo\\\/image\\\/\"}},{\"@type\":\"Person\",\"@id\":\"https:\\\/\\\/motorista.com.br\\\/noticias\\\/#\\\/schema\\\/person\\\/dc93afc2981c0e3ce6bc3c053fd847be\",\"name\":\"Equipe Reda\u00e7\u00e3o\",\"image\":{\"@type\":\"ImageObject\",\"inLanguage\":\"pt-BR\",\"@id\":\"https:\\\/\\\/secure.gravatar.com\\\/avatar\\\/4f525efbf18dd2bb300ccad28bfb99d95a9465a5ba268407c8c37b37e1f28d2d?s=96&d=mm&r=g9e099043a0c61e9ae27e293b9fa75ffc\",\"url\":\"https:\\\/\\\/secure.gravatar.com\\\/avatar\\\/4f525efbf18dd2bb300ccad28bfb99d95a9465a5ba268407c8c37b37e1f28d2d?s=96&d=mm&r=g\",\"contentUrl\":\"https:\\\/\\\/secure.gravatar.com\\\/avatar\\\/4f525efbf18dd2bb300ccad28bfb99d95a9465a5ba268407c8c37b37e1f28d2d?s=96&d=mm&r=g\",\"caption\":\"Equipe Reda\u00e7\u00e3o\"},\"description\":\"Equipe de reda\u00e7\u00e3o \u00e9 um grupo de profissionais que trabalham juntos para criar conte\u00fado escrito para Motorista.com.br\",\"url\":\"https:\\\/\\\/motorista.com.br\\\/noticias\\\/author\\\/equiperedacao\\\/\"}]}<\/script>\n<!-- \/ Yoast SEO Premium plugin. -->","yoast_head_json":{"title":"Presidente da CVM destaca Brasil como refer\u00eancia em regula\u00e7\u00e3o de ativos digitais - Motorista.com.br","robots":{"index":"index","follow":"follow","max-snippet":"max-snippet:-1","max-image-preview":"max-image-preview:large","max-video-preview":"max-video-preview:-1"},"canonical":"https:\/\/motorista.com.br\/noticias\/2026\/09\/03\/presidente-da-cvm-destaca-brasil-como-referencia-em-regulacao-de-ativos-digitais\/","og_locale":"pt_BR","og_type":"article","og_title":"Presidente da CVM destaca Brasil como refer\u00eancia em regula\u00e7\u00e3o de ativos digitais","og_description":"Brasil se tornou um pa\u00eds de extrema relev\u00e2ncia nessa discuss\u00e3o, diz presidente da CVM sobre regula\u00e7\u00e3o de ativos digitais N\u00e3o \u00e9 de hoje que o Brasil \u00e9 visto como um importante ator no mercado de ativos digitais. Segundo Otto Lobo, presidente da Comiss\u00e3o de Valores Mobili\u00e1rios (CVM), o pa\u00eds est\u00e1 consolidando seu protagonismo no cen\u00e1rio &hellip;","og_url":"https:\/\/motorista.com.br\/noticias\/2026\/09\/03\/presidente-da-cvm-destaca-brasil-como-referencia-em-regulacao-de-ativos-digitais\/","og_site_name":"Motorista.com.br","article_published_time":"2026-09-03T22:48:23+00:00","author":"Equipe Reda\u00e7\u00e3o","twitter_card":"summary_large_image","twitter_misc":{"Escrito por":"Equipe Reda\u00e7\u00e3o","Est. tempo de leitura":"2 minutos","Written by":"Equipe Reda\u00e7\u00e3o"},"schema":{"@context":"https:\/\/schema.org","@graph":[{"@type":"Article","@id":"https:\/\/motorista.com.br\/noticias\/2026\/09\/03\/presidente-da-cvm-destaca-brasil-como-referencia-em-regulacao-de-ativos-digitais\/#article","isPartOf":{"@id":"https:\/\/motorista.com.br\/noticias\/2026\/09\/03\/presidente-da-cvm-destaca-brasil-como-referencia-em-regulacao-de-ativos-digitais\/"},"author":{"name":"Equipe Reda\u00e7\u00e3o","@id":"https:\/\/motorista.com.br\/noticias\/#\/schema\/person\/dc93afc2981c0e3ce6bc3c053fd847be"},"headline":"Presidente da CVM destaca Brasil como refer\u00eancia em regula\u00e7\u00e3o de ativos digitais","datePublished":"2026-09-03T22:48:23+00:00","mainEntityOfPage":{"@id":"https:\/\/motorista.com.br\/noticias\/2026\/09\/03\/presidente-da-cvm-destaca-brasil-como-referencia-em-regulacao-de-ativos-digitais\/"},"wordCount":467,"publisher":{"@id":"https:\/\/motorista.com.br\/noticias\/#organization"},"image":{"@id":"https:\/\/motorista.com.br\/noticias\/2026\/09\/03\/presidente-da-cvm-destaca-brasil-como-referencia-em-regulacao-de-ativos-digitais\/#primaryimage"},"thumbnailUrl":"https:\/\/motorista.com.br\/noticias\/wp-content\/uploads\/2026\/09\/token-summit-brasil-otto-lobo-e1788459439825.jpg","articleSection":["Mercado Financeiro"],"inLanguage":"pt-BR"},{"@type":"WebPage","@id":"https:\/\/motorista.com.br\/noticias\/2026\/09\/03\/presidente-da-cvm-destaca-brasil-como-referencia-em-regulacao-de-ativos-digitais\/","url":"https:\/\/motorista.com.br\/noticias\/2026\/09\/03\/presidente-da-cvm-destaca-brasil-como-referencia-em-regulacao-de-ativos-digitais\/","name":"Presidente da CVM destaca Brasil como refer\u00eancia em regula\u00e7\u00e3o de ativos digitais - Motorista.com.br","isPartOf":{"@id":"https:\/\/motorista.com.br\/noticias\/#website"},"primaryImageOfPage":{"@id":"https:\/\/motorista.com.br\/noticias\/2026\/09\/03\/presidente-da-cvm-destaca-brasil-como-referencia-em-regulacao-de-ativos-digitais\/#primaryimage"},"image":{"@id":"https:\/\/motorista.com.br\/noticias\/2026\/09\/03\/presidente-da-cvm-destaca-brasil-como-referencia-em-regulacao-de-ativos-digitais\/#primaryimage"},"thumbnailUrl":"https:\/\/motorista.com.br\/noticias\/wp-content\/uploads\/2026\/09\/token-summit-brasil-otto-lobo-e1788459439825.jpg","datePublished":"2026-09-03T22:48:23+00:00","breadcrumb":{"@id":"https:\/\/motorista.com.br\/noticias\/2026\/09\/03\/presidente-da-cvm-destaca-brasil-como-referencia-em-regulacao-de-ativos-digitais\/#breadcrumb"},"inLanguage":"pt-BR","potentialAction":[{"@type":"ReadAction","target":["https:\/\/motorista.com.br\/noticias\/2026\/09\/03\/presidente-da-cvm-destaca-brasil-como-referencia-em-regulacao-de-ativos-digitais\/"]}]},{"@type":"ImageObject","inLanguage":"pt-BR","@id":"https:\/\/motorista.com.br\/noticias\/2026\/09\/03\/presidente-da-cvm-destaca-brasil-como-referencia-em-regulacao-de-ativos-digitais\/#primaryimage","url":"https:\/\/motorista.com.br\/noticias\/wp-content\/uploads\/2026\/09\/token-summit-brasil-otto-lobo-e1788459439825.jpg","contentUrl":"https:\/\/motorista.com.br\/noticias\/wp-content\/uploads\/2026\/09\/token-summit-brasil-otto-lobo-e1788459439825.jpg","width":1600,"height":850},{"@type":"BreadcrumbList","@id":"https:\/\/motorista.com.br\/noticias\/2026\/09\/03\/presidente-da-cvm-destaca-brasil-como-referencia-em-regulacao-de-ativos-digitais\/#breadcrumb","itemListElement":[{"@type":"ListItem","position":1,"name":"In\u00edcio","item":"https:\/\/motorista.com.br\/noticias\/"},{"@type":"ListItem","position":2,"name":"Presidente da CVM destaca Brasil como refer\u00eancia em regula\u00e7\u00e3o de ativos digitais"}]},{"@type":"WebSite","@id":"https:\/\/motorista.com.br\/noticias\/#website","url":"https:\/\/motorista.com.br\/noticias\/","name":"Motorista.com.br","description":"Not\u00edcia do Motorista","publisher":{"@id":"https:\/\/motorista.com.br\/noticias\/#organization"},"potentialAction":[{"@type":"SearchAction","target":{"@type":"EntryPoint","urlTemplate":"https:\/\/motorista.com.br\/noticias\/?s={search_term_string}"},"query-input":{"@type":"PropertyValueSpecification","valueRequired":true,"valueName":"search_term_string"}}],"inLanguage":"pt-BR"},{"@type":"Organization","@id":"https:\/\/motorista.com.br\/noticias\/#organization","name":"Motorista.com.br","url":"https:\/\/motorista.com.br\/noticias\/","logo":{"@type":"ImageObject","inLanguage":"pt-BR","@id":"https:\/\/motorista.com.br\/noticias\/#\/schema\/logo\/image\/","url":"https:\/\/motorista.com.br\/noticias\/wp-content\/uploads\/2025\/06\/Design-sem-nome-9.png","contentUrl":"https:\/\/motorista.com.br\/noticias\/wp-content\/uploads\/2025\/06\/Design-sem-nome-9.png","width":150,"height":85,"caption":"Motorista.com.br"},"image":{"@id":"https:\/\/motorista.com.br\/noticias\/#\/schema\/logo\/image\/"}},{"@type":"Person","@id":"https:\/\/motorista.com.br\/noticias\/#\/schema\/person\/dc93afc2981c0e3ce6bc3c053fd847be","name":"Equipe Reda\u00e7\u00e3o","image":{"@type":"ImageObject","inLanguage":"pt-BR","@id":"https:\/\/secure.gravatar.com\/avatar\/4f525efbf18dd2bb300ccad28bfb99d95a9465a5ba268407c8c37b37e1f28d2d?s=96&d=mm&r=g9e099043a0c61e9ae27e293b9fa75ffc","url":"https:\/\/secure.gravatar.com\/avatar\/4f525efbf18dd2bb300ccad28bfb99d95a9465a5ba268407c8c37b37e1f28d2d?s=96&d=mm&r=g","contentUrl":"https:\/\/secure.gravatar.com\/avatar\/4f525efbf18dd2bb300ccad28bfb99d95a9465a5ba268407c8c37b37e1f28d2d?s=96&d=mm&r=g","caption":"Equipe Reda\u00e7\u00e3o"},"description":"Equipe de reda\u00e7\u00e3o \u00e9 um grupo de profissionais que trabalham juntos para criar conte\u00fado escrito para Motorista.com.br","url":"https:\/\/motorista.com.br\/noticias\/author\/equiperedacao\/"}]}},"_links":{"self":[{"href":"https:\/\/motorista.com.br\/noticias\/wp-json\/wp\/v2\/posts\/14298","targetHints":{"allow":["GET"]}}],"collection":[{"href":"https:\/\/motorista.com.br\/noticias\/wp-json\/wp\/v2\/posts"}],"about":[{"href":"https:\/\/motorista.com.br\/noticias\/wp-json\/wp\/v2\/types\/post"}],"author":[{"embeddable":true,"href":"https:\/\/motorista.com.br\/noticias\/wp-json\/wp\/v2\/users\/4"}],"replies":[{"embeddable":true,"href":"https:\/\/motorista.com.br\/noticias\/wp-json\/wp\/v2\/comments?post=14298"}],"version-history":[{"count":0,"href":"https:\/\/motorista.com.br\/noticias\/wp-json\/wp\/v2\/posts\/14298\/revisions"}],"wp:featuredmedia":[{"embeddable":true,"href":"https:\/\/motorista.com.br\/noticias\/wp-json\/wp\/v2\/media\/14299"}],"wp:attachment":[{"href":"https:\/\/motorista.com.br\/noticias\/wp-json\/wp\/v2\/media?parent=14298"}],"wp:term":[{"taxonomy":"category","embeddable":true,"href":"https:\/\/motorista.com.br\/noticias\/wp-json\/wp\/v2\/categories?post=14298"},{"taxonomy":"post_tag","embeddable":true,"href":"https:\/\/motorista.com.br\/noticias\/wp-json\/wp\/v2\/tags?post=14298"},{"taxonomy":"author","embeddable":true,"href":"https:\/\/motorista.com.br\/noticias\/wp-json\/wp\/v2\/coauthors?post=14298"}],"curies":[{"name":"wp","href":"https:\/\/api.w.org\/{rel}","templated":true}]}}