{"id":14296,"date":"2026-09-03T19:42:17","date_gmt":"2026-09-03T22:42:17","guid":{"rendered":"https:\/\/motorista.com.br\/noticias\/2026\/09\/03\/transportadora-deve-indenizar-em-r-100-mil-e-pensionar-apos-acidente-na-br-040\/"},"modified":"2026-09-03T19:42:17","modified_gmt":"2026-09-03T22:42:17","slug":"transportadora-deve-indenizar-em-r-100-mil-e-pensionar-apos-acidente-na-br-040","status":"publish","type":"post","link":"https:\/\/motorista.com.br\/noticias\/2026\/09\/03\/transportadora-deve-indenizar-em-r-100-mil-e-pensionar-apos-acidente-na-br-040\/","title":{"rendered":"Transportadora deve indenizar em R$ 100 mil e pensionar ap\u00f3s acidente na BR-040"},"content":{"rendered":"<p><\/p>\n<h3>Transportadora \u00e9 condenada a pagar R$ 100 mil e pens\u00e3o ap\u00f3s acidente na BR-040<\/h3>\n<p>Uma transportadora teve sua condena\u00e7\u00e3o mantida pela Justi\u00e7a de Minas Gerais ap\u00f3s um tr\u00e1gico acidente na BR-040 que deixou um motorista com sequelas neurol\u00f3gicas permanentes e resultou na morte de duas pessoas.<\/p>\n<p>A decis\u00e3o da 13\u00aa C\u00e2mara C\u00edvel do Tribunal de Justi\u00e7a de Minas Gerais (TJMG) estabelece o pagamento de R$ 50 mil por danos morais e outros R$ 50 mil por danos est\u00e9ticos, al\u00e9m da concess\u00e3o de uma pens\u00e3o mensal e o ressarcimento de despesas m\u00e9dicas. O acidente ocorreu em julho de 2017, no km 741,1 da BR-040, quando o motorista de um ve\u00edculo utilit\u00e1rio foi atingido frontalmente por um semirreboque de um caminh\u00e3o.<\/p>\n<p>Segundo o processo, o caminh\u00e3o entrou na contram\u00e3o durante uma curva, resultando em uma colis\u00e3o de alta intensidade que causou o desprendimento do eixo traseiro do ve\u00edculo de carga. O motorista do utilit\u00e1rio sofreu politraumatismo grave, perdeu a capacidade para trabalhar e ficou com sequelas neurol\u00f3gicas permanentes. Infelizmente, duas passageiras do ve\u00edculo tamb\u00e9m perderam suas vidas.<\/p>\n<p>A transportadora tentou contestar a condena\u00e7\u00e3o, alegando que o motorista do utilit\u00e1rio havia invadido a pista contr\u00e1ria e citou um hist\u00f3rico de infra\u00e7\u00f5es da v\u00edtima como um fator de imprud\u00eancia. No entanto, o relator do recurso, desembargador L\u00facio Eduardo de Brito, n\u00e3o aceitou essa posi\u00e7\u00e3o, uma vez que o boletim de ocorr\u00eancia da Pol\u00edcia Rodovi\u00e1ria Federal confirmou que o caminh\u00e3o foi o respons\u00e1vel pela invas\u00e3o da faixa contr\u00e1ria.<\/p>\n<p>Outro aspecto discutido foi a quest\u00e3o da pens\u00e3o. A transportadora argumentou que o pagamento da pens\u00e3o mensal n\u00e3o deveria ocorrer visto que o motorista j\u00e1 recebia aposentadoria por invalidez do INSS. Por\u00e9m, a Justi\u00e7a decidiu que aposentadoria por invalidez e pens\u00e3o civil podem ser recebidas simultaneamente, pois t\u00eam origens diferentes. A pens\u00e3o foi fixada em 3,9 sal\u00e1rios m\u00ednimos mensais, sendo devida desde a data do acidente at\u00e9 que o motorista complete 75 anos.<\/p>\n<p>Embora a seguradora da transportadora tenha conseguido reverter a obriga\u00e7\u00e3o de ressarcir danos est\u00e9ticos devido \u00e0 exclus\u00e3o dessa cobertura na ap\u00f3lice contratada, a responsabilidade da transportadora pelo acidente foi mantida. O processo tramita sob o n\u00famero 1.0000.25.481669-7\/001.<\/p>\n<h3>Impactos e Benef\u00edcios para Motoristas e Mobilidade<\/h3>\n<p>Este caso ilustra como a responsabiliza\u00e7\u00e3o das transportadoras \u00e9 vital para a seguran\u00e7a nas estradas. A condena\u00e7\u00e3o n\u00e3o apenas garante compensa\u00e7\u00e3o ao motorista ferido, mas tamb\u00e9m alerta as empresas sobre a import\u00e2ncia de seguir normas de seguran\u00e7a, promovendo uma cultura de responsabilidade que pode diminuir a ocorr\u00eancia de acidentes.<\/p>\n<p>Ao assegurar que motoristas que sofrem les\u00f5es tenham suporte financeiro, a Justi\u00e7a oferece um recurso crucial para sua reabilita\u00e7\u00e3o e adapta\u00e7\u00e3o \u00e0 nova realidade. Isso n\u00e3o apenas impacta na vida do indiv\u00edduo, mas tamb\u00e9m melhora a mobilidade geral ao reduzir a probabilidade de desastres futuros.<\/p>\n<p>Al\u00e9m disso, decis\u00f5es como essa promovem um ambiente de fiscaliza\u00e7\u00e3o mais rigoroso sobre as opera\u00e7\u00f5es de transporte, incentivando condutores a manter pr\u00e1ticas seguras. A longo prazo, isso pode resultar em estradas mais seguras e em um tr\u00e2nsito mais fluido, beneficiando todos os usu\u00e1rios das vias.<\/p>\n<p>Fonte: brasildotrecho<\/p>\n","protected":false},"excerpt":{"rendered":"<p>Transportadora \u00e9 condenada a pagar R$ 100 mil e pens\u00e3o ap\u00f3s acidente na BR-040 Uma transportadora teve sua condena\u00e7\u00e3o mantida pela Justi\u00e7a de Minas Gerais ap\u00f3s um tr\u00e1gico acidente na BR-040 que deixou um motorista com sequelas neurol\u00f3gicas permanentes e resultou na morte de duas pessoas. A decis\u00e3o da 13\u00aa C\u00e2mara C\u00edvel do Tribunal de &hellip;<\/p>\n","protected":false},"author":4,"featured_media":14297,"comment_status":"","ping_status":"open","sticky":false,"template":"","format":"standard","meta":{"footnotes":""},"categories":[77],"tags":[],"coauthors":[42],"class_list":["post-14296","post","type-post","status-publish","format-standard","has-post-thumbnail","hentry","category-motorista"],"yoast_head":"<!-- This site is optimized with the Yoast SEO Premium plugin v27.6.1 (Yoast SEO v28.4) - https:\/\/yoast.com\/product\/yoast-seo-premium-wordpress\/ -->\n<title>Transportadora deve indenizar em R$ 100 mil e pensionar ap\u00f3s acidente na BR-040 - Motorista.com.br<\/title>\n<meta name=\"robots\" content=\"index, follow, max-snippet:-1, max-image-preview:large, max-video-preview:-1\" \/>\n<link rel=\"canonical\" href=\"https:\/\/motorista.com.br\/noticias\/2026\/09\/03\/transportadora-deve-indenizar-em-r-100-mil-e-pensionar-apos-acidente-na-br-040\/\" \/>\n<meta property=\"og:locale\" content=\"pt_BR\" \/>\n<meta property=\"og:type\" content=\"article\" \/>\n<meta property=\"og:title\" content=\"Transportadora deve indenizar em R$ 100 mil e pensionar ap\u00f3s acidente na BR-040\" \/>\n<meta property=\"og:description\" content=\"Transportadora \u00e9 condenada a pagar R$ 100 mil e pens\u00e3o ap\u00f3s acidente na BR-040 Uma transportadora teve sua condena\u00e7\u00e3o mantida pela Justi\u00e7a de Minas Gerais ap\u00f3s um tr\u00e1gico acidente na BR-040 que deixou um motorista com sequelas neurol\u00f3gicas permanentes e resultou na morte de duas pessoas. A decis\u00e3o da 13\u00aa C\u00e2mara C\u00edvel do Tribunal de &hellip;\" \/>\n<meta property=\"og:url\" content=\"https:\/\/motorista.com.br\/noticias\/2026\/09\/03\/transportadora-deve-indenizar-em-r-100-mil-e-pensionar-apos-acidente-na-br-040\/\" \/>\n<meta property=\"og:site_name\" content=\"Motorista.com.br\" \/>\n<meta property=\"article:published_time\" content=\"2026-09-03T22:42:17+00:00\" \/>\n<meta name=\"author\" content=\"Equipe Reda\u00e7\u00e3o\" \/>\n<meta name=\"twitter:card\" content=\"summary_large_image\" \/>\n<meta name=\"twitter:label1\" content=\"Escrito por\" \/>\n\t<meta name=\"twitter:data1\" content=\"Equipe Reda\u00e7\u00e3o\" \/>\n\t<meta name=\"twitter:label2\" content=\"Est. tempo de leitura\" \/>\n\t<meta name=\"twitter:data2\" content=\"3 minutos\" \/>\n\t<meta name=\"twitter:label3\" content=\"Written by\" \/>\n\t<meta name=\"twitter:data3\" content=\"Equipe Reda\u00e7\u00e3o\" \/>\n<script type=\"application\/ld+json\" class=\"yoast-schema-graph\">{\"@context\":\"https:\\\/\\\/schema.org\",\"@graph\":[{\"@type\":\"Article\",\"@id\":\"https:\\\/\\\/motorista.com.br\\\/noticias\\\/2026\\\/09\\\/03\\\/transportadora-deve-indenizar-em-r-100-mil-e-pensionar-apos-acidente-na-br-040\\\/#article\",\"isPartOf\":{\"@id\":\"https:\\\/\\\/motorista.com.br\\\/noticias\\\/2026\\\/09\\\/03\\\/transportadora-deve-indenizar-em-r-100-mil-e-pensionar-apos-acidente-na-br-040\\\/\"},\"author\":{\"name\":\"Equipe Reda\u00e7\u00e3o\",\"@id\":\"https:\\\/\\\/motorista.com.br\\\/noticias\\\/#\\\/schema\\\/person\\\/dc93afc2981c0e3ce6bc3c053fd847be\"},\"headline\":\"Transportadora deve indenizar em R$ 100 mil e pensionar ap\u00f3s acidente na BR-040\",\"datePublished\":\"2026-09-03T22:42:17+00:00\",\"mainEntityOfPage\":{\"@id\":\"https:\\\/\\\/motorista.com.br\\\/noticias\\\/2026\\\/09\\\/03\\\/transportadora-deve-indenizar-em-r-100-mil-e-pensionar-apos-acidente-na-br-040\\\/\"},\"wordCount\":586,\"publisher\":{\"@id\":\"https:\\\/\\\/motorista.com.br\\\/noticias\\\/#organization\"},\"image\":{\"@id\":\"https:\\\/\\\/motorista.com.br\\\/noticias\\\/2026\\\/09\\\/03\\\/transportadora-deve-indenizar-em-r-100-mil-e-pensionar-apos-acidente-na-br-040\\\/#primaryimage\"},\"thumbnailUrl\":\"https:\\\/\\\/motorista.com.br\\\/noticias\\\/wp-content\\\/uploads\\\/2026\\\/09\\\/transportadora-motorista-sequelas.jpg\",\"articleSection\":[\"Motorista\"],\"inLanguage\":\"pt-BR\"},{\"@type\":\"WebPage\",\"@id\":\"https:\\\/\\\/motorista.com.br\\\/noticias\\\/2026\\\/09\\\/03\\\/transportadora-deve-indenizar-em-r-100-mil-e-pensionar-apos-acidente-na-br-040\\\/\",\"url\":\"https:\\\/\\\/motorista.com.br\\\/noticias\\\/2026\\\/09\\\/03\\\/transportadora-deve-indenizar-em-r-100-mil-e-pensionar-apos-acidente-na-br-040\\\/\",\"name\":\"Transportadora deve indenizar em R$ 100 mil e pensionar ap\u00f3s acidente na BR-040 - Motorista.com.br\",\"isPartOf\":{\"@id\":\"https:\\\/\\\/motorista.com.br\\\/noticias\\\/#website\"},\"primaryImageOfPage\":{\"@id\":\"https:\\\/\\\/motorista.com.br\\\/noticias\\\/2026\\\/09\\\/03\\\/transportadora-deve-indenizar-em-r-100-mil-e-pensionar-apos-acidente-na-br-040\\\/#primaryimage\"},\"image\":{\"@id\":\"https:\\\/\\\/motorista.com.br\\\/noticias\\\/2026\\\/09\\\/03\\\/transportadora-deve-indenizar-em-r-100-mil-e-pensionar-apos-acidente-na-br-040\\\/#primaryimage\"},\"thumbnailUrl\":\"https:\\\/\\\/motorista.com.br\\\/noticias\\\/wp-content\\\/uploads\\\/2026\\\/09\\\/transportadora-motorista-sequelas.jpg\",\"datePublished\":\"2026-09-03T22:42:17+00:00\",\"breadcrumb\":{\"@id\":\"https:\\\/\\\/motorista.com.br\\\/noticias\\\/2026\\\/09\\\/03\\\/transportadora-deve-indenizar-em-r-100-mil-e-pensionar-apos-acidente-na-br-040\\\/#breadcrumb\"},\"inLanguage\":\"pt-BR\",\"potentialAction\":[{\"@type\":\"ReadAction\",\"target\":[\"https:\\\/\\\/motorista.com.br\\\/noticias\\\/2026\\\/09\\\/03\\\/transportadora-deve-indenizar-em-r-100-mil-e-pensionar-apos-acidente-na-br-040\\\/\"]}]},{\"@type\":\"ImageObject\",\"inLanguage\":\"pt-BR\",\"@id\":\"https:\\\/\\\/motorista.com.br\\\/noticias\\\/2026\\\/09\\\/03\\\/transportadora-deve-indenizar-em-r-100-mil-e-pensionar-apos-acidente-na-br-040\\\/#primaryimage\",\"url\":\"https:\\\/\\\/motorista.com.br\\\/noticias\\\/wp-content\\\/uploads\\\/2026\\\/09\\\/transportadora-motorista-sequelas.jpg\",\"contentUrl\":\"https:\\\/\\\/motorista.com.br\\\/noticias\\\/wp-content\\\/uploads\\\/2026\\\/09\\\/transportadora-motorista-sequelas.jpg\",\"width\":1024,\"height\":559},{\"@type\":\"BreadcrumbList\",\"@id\":\"https:\\\/\\\/motorista.com.br\\\/noticias\\\/2026\\\/09\\\/03\\\/transportadora-deve-indenizar-em-r-100-mil-e-pensionar-apos-acidente-na-br-040\\\/#breadcrumb\",\"itemListElement\":[{\"@type\":\"ListItem\",\"position\":1,\"name\":\"In\u00edcio\",\"item\":\"https:\\\/\\\/motorista.com.br\\\/noticias\\\/\"},{\"@type\":\"ListItem\",\"position\":2,\"name\":\"Transportadora deve indenizar em R$ 100 mil e pensionar ap\u00f3s acidente na BR-040\"}]},{\"@type\":\"WebSite\",\"@id\":\"https:\\\/\\\/motorista.com.br\\\/noticias\\\/#website\",\"url\":\"https:\\\/\\\/motorista.com.br\\\/noticias\\\/\",\"name\":\"Motorista.com.br\",\"description\":\"Not\u00edcia do Motorista\",\"publisher\":{\"@id\":\"https:\\\/\\\/motorista.com.br\\\/noticias\\\/#organization\"},\"potentialAction\":[{\"@type\":\"SearchAction\",\"target\":{\"@type\":\"EntryPoint\",\"urlTemplate\":\"https:\\\/\\\/motorista.com.br\\\/noticias\\\/?s={search_term_string}\"},\"query-input\":{\"@type\":\"PropertyValueSpecification\",\"valueRequired\":true,\"valueName\":\"search_term_string\"}}],\"inLanguage\":\"pt-BR\"},{\"@type\":\"Organization\",\"@id\":\"https:\\\/\\\/motorista.com.br\\\/noticias\\\/#organization\",\"name\":\"Motorista.com.br\",\"url\":\"https:\\\/\\\/motorista.com.br\\\/noticias\\\/\",\"logo\":{\"@type\":\"ImageObject\",\"inLanguage\":\"pt-BR\",\"@id\":\"https:\\\/\\\/motorista.com.br\\\/noticias\\\/#\\\/schema\\\/logo\\\/image\\\/\",\"url\":\"https:\\\/\\\/motorista.com.br\\\/noticias\\\/wp-content\\\/uploads\\\/2025\\\/06\\\/Design-sem-nome-9.png\",\"contentUrl\":\"https:\\\/\\\/motorista.com.br\\\/noticias\\\/wp-content\\\/uploads\\\/2025\\\/06\\\/Design-sem-nome-9.png\",\"width\":150,\"height\":85,\"caption\":\"Motorista.com.br\"},\"image\":{\"@id\":\"https:\\\/\\\/motorista.com.br\\\/noticias\\\/#\\\/schema\\\/logo\\\/image\\\/\"}},{\"@type\":\"Person\",\"@id\":\"https:\\\/\\\/motorista.com.br\\\/noticias\\\/#\\\/schema\\\/person\\\/dc93afc2981c0e3ce6bc3c053fd847be\",\"name\":\"Equipe Reda\u00e7\u00e3o\",\"image\":{\"@type\":\"ImageObject\",\"inLanguage\":\"pt-BR\",\"@id\":\"https:\\\/\\\/secure.gravatar.com\\\/avatar\\\/4f525efbf18dd2bb300ccad28bfb99d95a9465a5ba268407c8c37b37e1f28d2d?s=96&d=mm&r=g9e099043a0c61e9ae27e293b9fa75ffc\",\"url\":\"https:\\\/\\\/secure.gravatar.com\\\/avatar\\\/4f525efbf18dd2bb300ccad28bfb99d95a9465a5ba268407c8c37b37e1f28d2d?s=96&d=mm&r=g\",\"contentUrl\":\"https:\\\/\\\/secure.gravatar.com\\\/avatar\\\/4f525efbf18dd2bb300ccad28bfb99d95a9465a5ba268407c8c37b37e1f28d2d?s=96&d=mm&r=g\",\"caption\":\"Equipe Reda\u00e7\u00e3o\"},\"description\":\"Equipe de reda\u00e7\u00e3o \u00e9 um grupo de profissionais que trabalham juntos para criar conte\u00fado escrito para Motorista.com.br\",\"url\":\"https:\\\/\\\/motorista.com.br\\\/noticias\\\/author\\\/equiperedacao\\\/\"}]}<\/script>\n<!-- \/ Yoast SEO Premium plugin. -->","yoast_head_json":{"title":"Transportadora deve indenizar em R$ 100 mil e pensionar ap\u00f3s acidente na BR-040 - Motorista.com.br","robots":{"index":"index","follow":"follow","max-snippet":"max-snippet:-1","max-image-preview":"max-image-preview:large","max-video-preview":"max-video-preview:-1"},"canonical":"https:\/\/motorista.com.br\/noticias\/2026\/09\/03\/transportadora-deve-indenizar-em-r-100-mil-e-pensionar-apos-acidente-na-br-040\/","og_locale":"pt_BR","og_type":"article","og_title":"Transportadora deve indenizar em R$ 100 mil e pensionar ap\u00f3s acidente na BR-040","og_description":"Transportadora \u00e9 condenada a pagar R$ 100 mil e pens\u00e3o ap\u00f3s acidente na BR-040 Uma transportadora teve sua condena\u00e7\u00e3o mantida pela Justi\u00e7a de Minas Gerais ap\u00f3s um tr\u00e1gico acidente na BR-040 que deixou um motorista com sequelas neurol\u00f3gicas permanentes e resultou na morte de duas pessoas. A decis\u00e3o da 13\u00aa C\u00e2mara C\u00edvel do Tribunal de &hellip;","og_url":"https:\/\/motorista.com.br\/noticias\/2026\/09\/03\/transportadora-deve-indenizar-em-r-100-mil-e-pensionar-apos-acidente-na-br-040\/","og_site_name":"Motorista.com.br","article_published_time":"2026-09-03T22:42:17+00:00","author":"Equipe Reda\u00e7\u00e3o","twitter_card":"summary_large_image","twitter_misc":{"Escrito por":"Equipe Reda\u00e7\u00e3o","Est. tempo de leitura":"3 minutos","Written by":"Equipe Reda\u00e7\u00e3o"},"schema":{"@context":"https:\/\/schema.org","@graph":[{"@type":"Article","@id":"https:\/\/motorista.com.br\/noticias\/2026\/09\/03\/transportadora-deve-indenizar-em-r-100-mil-e-pensionar-apos-acidente-na-br-040\/#article","isPartOf":{"@id":"https:\/\/motorista.com.br\/noticias\/2026\/09\/03\/transportadora-deve-indenizar-em-r-100-mil-e-pensionar-apos-acidente-na-br-040\/"},"author":{"name":"Equipe Reda\u00e7\u00e3o","@id":"https:\/\/motorista.com.br\/noticias\/#\/schema\/person\/dc93afc2981c0e3ce6bc3c053fd847be"},"headline":"Transportadora deve indenizar em R$ 100 mil e pensionar ap\u00f3s acidente na BR-040","datePublished":"2026-09-03T22:42:17+00:00","mainEntityOfPage":{"@id":"https:\/\/motorista.com.br\/noticias\/2026\/09\/03\/transportadora-deve-indenizar-em-r-100-mil-e-pensionar-apos-acidente-na-br-040\/"},"wordCount":586,"publisher":{"@id":"https:\/\/motorista.com.br\/noticias\/#organization"},"image":{"@id":"https:\/\/motorista.com.br\/noticias\/2026\/09\/03\/transportadora-deve-indenizar-em-r-100-mil-e-pensionar-apos-acidente-na-br-040\/#primaryimage"},"thumbnailUrl":"https:\/\/motorista.com.br\/noticias\/wp-content\/uploads\/2026\/09\/transportadora-motorista-sequelas.jpg","articleSection":["Motorista"],"inLanguage":"pt-BR"},{"@type":"WebPage","@id":"https:\/\/motorista.com.br\/noticias\/2026\/09\/03\/transportadora-deve-indenizar-em-r-100-mil-e-pensionar-apos-acidente-na-br-040\/","url":"https:\/\/motorista.com.br\/noticias\/2026\/09\/03\/transportadora-deve-indenizar-em-r-100-mil-e-pensionar-apos-acidente-na-br-040\/","name":"Transportadora deve indenizar em R$ 100 mil e pensionar ap\u00f3s acidente na BR-040 - Motorista.com.br","isPartOf":{"@id":"https:\/\/motorista.com.br\/noticias\/#website"},"primaryImageOfPage":{"@id":"https:\/\/motorista.com.br\/noticias\/2026\/09\/03\/transportadora-deve-indenizar-em-r-100-mil-e-pensionar-apos-acidente-na-br-040\/#primaryimage"},"image":{"@id":"https:\/\/motorista.com.br\/noticias\/2026\/09\/03\/transportadora-deve-indenizar-em-r-100-mil-e-pensionar-apos-acidente-na-br-040\/#primaryimage"},"thumbnailUrl":"https:\/\/motorista.com.br\/noticias\/wp-content\/uploads\/2026\/09\/transportadora-motorista-sequelas.jpg","datePublished":"2026-09-03T22:42:17+00:00","breadcrumb":{"@id":"https:\/\/motorista.com.br\/noticias\/2026\/09\/03\/transportadora-deve-indenizar-em-r-100-mil-e-pensionar-apos-acidente-na-br-040\/#breadcrumb"},"inLanguage":"pt-BR","potentialAction":[{"@type":"ReadAction","target":["https:\/\/motorista.com.br\/noticias\/2026\/09\/03\/transportadora-deve-indenizar-em-r-100-mil-e-pensionar-apos-acidente-na-br-040\/"]}]},{"@type":"ImageObject","inLanguage":"pt-BR","@id":"https:\/\/motorista.com.br\/noticias\/2026\/09\/03\/transportadora-deve-indenizar-em-r-100-mil-e-pensionar-apos-acidente-na-br-040\/#primaryimage","url":"https:\/\/motorista.com.br\/noticias\/wp-content\/uploads\/2026\/09\/transportadora-motorista-sequelas.jpg","contentUrl":"https:\/\/motorista.com.br\/noticias\/wp-content\/uploads\/2026\/09\/transportadora-motorista-sequelas.jpg","width":1024,"height":559},{"@type":"BreadcrumbList","@id":"https:\/\/motorista.com.br\/noticias\/2026\/09\/03\/transportadora-deve-indenizar-em-r-100-mil-e-pensionar-apos-acidente-na-br-040\/#breadcrumb","itemListElement":[{"@type":"ListItem","position":1,"name":"In\u00edcio","item":"https:\/\/motorista.com.br\/noticias\/"},{"@type":"ListItem","position":2,"name":"Transportadora deve indenizar em R$ 100 mil e pensionar ap\u00f3s acidente na BR-040"}]},{"@type":"WebSite","@id":"https:\/\/motorista.com.br\/noticias\/#website","url":"https:\/\/motorista.com.br\/noticias\/","name":"Motorista.com.br","description":"Not\u00edcia do Motorista","publisher":{"@id":"https:\/\/motorista.com.br\/noticias\/#organization"},"potentialAction":[{"@type":"SearchAction","target":{"@type":"EntryPoint","urlTemplate":"https:\/\/motorista.com.br\/noticias\/?s={search_term_string}"},"query-input":{"@type":"PropertyValueSpecification","valueRequired":true,"valueName":"search_term_string"}}],"inLanguage":"pt-BR"},{"@type":"Organization","@id":"https:\/\/motorista.com.br\/noticias\/#organization","name":"Motorista.com.br","url":"https:\/\/motorista.com.br\/noticias\/","logo":{"@type":"ImageObject","inLanguage":"pt-BR","@id":"https:\/\/motorista.com.br\/noticias\/#\/schema\/logo\/image\/","url":"https:\/\/motorista.com.br\/noticias\/wp-content\/uploads\/2025\/06\/Design-sem-nome-9.png","contentUrl":"https:\/\/motorista.com.br\/noticias\/wp-content\/uploads\/2025\/06\/Design-sem-nome-9.png","width":150,"height":85,"caption":"Motorista.com.br"},"image":{"@id":"https:\/\/motorista.com.br\/noticias\/#\/schema\/logo\/image\/"}},{"@type":"Person","@id":"https:\/\/motorista.com.br\/noticias\/#\/schema\/person\/dc93afc2981c0e3ce6bc3c053fd847be","name":"Equipe Reda\u00e7\u00e3o","image":{"@type":"ImageObject","inLanguage":"pt-BR","@id":"https:\/\/secure.gravatar.com\/avatar\/4f525efbf18dd2bb300ccad28bfb99d95a9465a5ba268407c8c37b37e1f28d2d?s=96&d=mm&r=g9e099043a0c61e9ae27e293b9fa75ffc","url":"https:\/\/secure.gravatar.com\/avatar\/4f525efbf18dd2bb300ccad28bfb99d95a9465a5ba268407c8c37b37e1f28d2d?s=96&d=mm&r=g","contentUrl":"https:\/\/secure.gravatar.com\/avatar\/4f525efbf18dd2bb300ccad28bfb99d95a9465a5ba268407c8c37b37e1f28d2d?s=96&d=mm&r=g","caption":"Equipe Reda\u00e7\u00e3o"},"description":"Equipe de reda\u00e7\u00e3o \u00e9 um grupo de profissionais que trabalham juntos para criar conte\u00fado escrito para Motorista.com.br","url":"https:\/\/motorista.com.br\/noticias\/author\/equiperedacao\/"}]}},"_links":{"self":[{"href":"https:\/\/motorista.com.br\/noticias\/wp-json\/wp\/v2\/posts\/14296","targetHints":{"allow":["GET"]}}],"collection":[{"href":"https:\/\/motorista.com.br\/noticias\/wp-json\/wp\/v2\/posts"}],"about":[{"href":"https:\/\/motorista.com.br\/noticias\/wp-json\/wp\/v2\/types\/post"}],"author":[{"embeddable":true,"href":"https:\/\/motorista.com.br\/noticias\/wp-json\/wp\/v2\/users\/4"}],"replies":[{"embeddable":true,"href":"https:\/\/motorista.com.br\/noticias\/wp-json\/wp\/v2\/comments?post=14296"}],"version-history":[{"count":0,"href":"https:\/\/motorista.com.br\/noticias\/wp-json\/wp\/v2\/posts\/14296\/revisions"}],"wp:featuredmedia":[{"embeddable":true,"href":"https:\/\/motorista.com.br\/noticias\/wp-json\/wp\/v2\/media\/14297"}],"wp:attachment":[{"href":"https:\/\/motorista.com.br\/noticias\/wp-json\/wp\/v2\/media?parent=14296"}],"wp:term":[{"taxonomy":"category","embeddable":true,"href":"https:\/\/motorista.com.br\/noticias\/wp-json\/wp\/v2\/categories?post=14296"},{"taxonomy":"post_tag","embeddable":true,"href":"https:\/\/motorista.com.br\/noticias\/wp-json\/wp\/v2\/tags?post=14296"},{"taxonomy":"author","embeddable":true,"href":"https:\/\/motorista.com.br\/noticias\/wp-json\/wp\/v2\/coauthors?post=14296"}],"curies":[{"name":"wp","href":"https:\/\/api.w.org\/{rel}","templated":true}]}}