{"id":14288,"date":"2026-09-03T15:40:54","date_gmt":"2026-09-03T18:40:54","guid":{"rendered":"https:\/\/motorista.com.br\/noticias\/2026\/09\/03\/entregadores-de-ifood-e-mercado-livre-pedem-aumento-e-consideram-greves\/"},"modified":"2026-09-03T15:40:54","modified_gmt":"2026-09-03T18:40:54","slug":"entregadores-de-ifood-e-mercado-livre-pedem-aumento-e-consideram-greves","status":"publish","type":"post","link":"https:\/\/motorista.com.br\/noticias\/2026\/09\/03\/entregadores-de-ifood-e-mercado-livre-pedem-aumento-e-consideram-greves\/","title":{"rendered":"Entregadores de iFood e Mercado Livre pedem aumento e consideram greves."},"content":{"rendered":"<p><\/p>\n<p><strong>Entregadores de iFood e Mercado Livre pressionam por reajustes e discutem novas paralisa\u00e7\u00f5es<\/strong><\/p>\n<p>A insatisfa\u00e7\u00e3o entre os trabalhadores de plataformas de entrega no Brasil tem se intensificado, especialmente entre os entregadores do iFood e motoristas do Mercado Livre. Nesta mobiliza\u00e7\u00e3o crescente, exig\u00eancias est\u00e3o sendo feitas por mudan\u00e7as nas condi\u00e7\u00f5es de pagamento e nas regras que regem os aplicativos, levando \u00e0 discuss\u00e3o sobre novas paralisa\u00e7\u00f5es.<\/p>\n<p>No caso do iFood, o movimento ganhou for\u00e7a al\u00e9m das redes sociais. Em 1\u00ba de setembro, um evento conhecido como &quot;Breque Geral dos Apps&quot; mobilizou centenas de entregadores em S\u00e3o Paulo e outras cidades, com um foco claro: o aumento do valor das corridas e a reavalia\u00e7\u00e3o dos modelos de entrega oferecidos pela plataforma.<\/p>\n<p>Dentre as reivindica\u00e7\u00f5es mais significativas, destaca-se uma taxa m\u00ednima de R$ 10 para entregas de at\u00e9 quatro quil\u00f4metros, al\u00e9m de um pagamento adicional por quil\u00f4metro rodado. Os trabalhadores tamb\u00e9m questionam o modelo &quot;+Entregas&quot;, que define \u00e1reas e hor\u00e1rios r\u00edgidos, limitando a flexibilidade que muitos motoristas desejam.<\/p>\n<p>As discuss\u00f5es sobre remunera\u00e7\u00e3o se tornaram centrais nesse conflito. O iFood mant\u00e9m que seu modelo tradicional paga entre R$ 7 e R$ 7,50 por entrega; j\u00e1 o &quot;+Entregas&quot;, conforme a empresa, pode apresentar valores visivelmente menores, mas com a promessa de um acr\u00e9scimo no ganho total ao longo do tempo. No entanto, muitos entregadores contestam essa afirma\u00e7\u00e3o, relatando uma significativa queda nos valores pagos por corrida.<\/p>\n<h3>Mercado Livre tamb\u00e9m enfrenta desafios<\/h3>\n<p>No que diz respeito ao Mercado Livre, as queixas s\u00e3o um tanto diferentes, mas igualmente pertinentes. Entregadores que utilizam o Mercado Envios Extra t\u00eam levantado quest\u00f5es sobre a necessidade de aumentar o valor das rotas, diminuir a carga de pacotes e revisar atualiza\u00e7\u00f5es recentes que impactaram os trajetos de entrega. H\u00e1 uma demanda por maior clareza sobre o funcionamento do aplicativo, especialmente com mudan\u00e7as que resultaram em menos ofertas de rotas e valores considerados baixos pelos motoristas.<\/p>\n<p>Outro ponto cr\u00edtico \u00e9 a quest\u00e3o dos bloqueios de contas. Recentemente, trabalhadores t\u00eam recorrido \u00e0 Justi\u00e7a ap\u00f3s perderem o acesso ao Mercado Envios Extra, afetando sua capacidade de aceitar novas rotas. A falta de transpar\u00eancia sobre os motivos desses bloqueios tem sido uma preocupa\u00e7\u00e3o constante, e entregadores pedem explica\u00e7\u00f5es mais claras sobre os crit\u00e9rios utilizados para a suspens\u00e3o de contas.<\/p>\n<p>Essas reivindica\u00e7\u00f5es n\u00e3o s\u00e3o apenas quest\u00f5es de ordem trabalhista; elas t\u00eam implica\u00e7\u00f5es diretas na mobilidade urbana. A insatisfa\u00e7\u00e3o dos entregadores pode refletir na efici\u00eancia dos servi\u00e7os de entrega, impactando a experi\u00eancia do consumidor e a din\u00e2mica do com\u00e9rcio eletr\u00f4nico. \u00c0 medida que as plataformas enfrentam press\u00f5es para atender \u00e0s demandas dos motoristas, ser\u00e1 crucial que encontrem um equil\u00edbrio que beneficie todos os envolvidos.<\/p>\n<p>Em suma, as discuss\u00f5es em andamento podem moldar o futuro das entregas em plataformas digitais no Brasil, al\u00e9m de influenciar a mobilidade urbana de forma mais abrangente.<\/p>\n<p><strong>Fonte: brasildotrecho<\/strong><\/p>\n","protected":false},"excerpt":{"rendered":"<p>Entregadores de iFood e Mercado Livre pressionam por reajustes e discutem novas paralisa\u00e7\u00f5es A insatisfa\u00e7\u00e3o entre os trabalhadores de plataformas de entrega no Brasil tem se intensificado, especialmente entre os entregadores do iFood e motoristas do Mercado Livre. Nesta mobiliza\u00e7\u00e3o crescente, exig\u00eancias est\u00e3o sendo feitas por mudan\u00e7as nas condi\u00e7\u00f5es de pagamento e nas regras que &hellip;<\/p>\n","protected":false},"author":4,"featured_media":14289,"comment_status":"","ping_status":"open","sticky":false,"template":"","format":"standard","meta":{"footnotes":""},"categories":[77],"tags":[],"coauthors":[42],"class_list":["post-14288","post","type-post","status-publish","format-standard","has-post-thumbnail","hentry","category-motorista"],"yoast_head":"<!-- This site is optimized with the Yoast SEO Premium plugin v27.6.1 (Yoast SEO v28.4) - https:\/\/yoast.com\/product\/yoast-seo-premium-wordpress\/ -->\n<title>Entregadores de iFood e Mercado Livre pedem aumento e consideram greves. - Motorista.com.br<\/title>\n<meta name=\"robots\" content=\"index, follow, max-snippet:-1, max-image-preview:large, max-video-preview:-1\" \/>\n<link rel=\"canonical\" href=\"https:\/\/motorista.com.br\/noticias\/2026\/09\/03\/entregadores-de-ifood-e-mercado-livre-pedem-aumento-e-consideram-greves\/\" \/>\n<meta property=\"og:locale\" content=\"pt_BR\" \/>\n<meta property=\"og:type\" content=\"article\" \/>\n<meta property=\"og:title\" content=\"Entregadores de iFood e Mercado Livre pedem aumento e consideram greves.\" \/>\n<meta property=\"og:description\" content=\"Entregadores de iFood e Mercado Livre pressionam por reajustes e discutem novas paralisa\u00e7\u00f5es A insatisfa\u00e7\u00e3o entre os trabalhadores de plataformas de entrega no Brasil tem se intensificado, especialmente entre os entregadores do iFood e motoristas do Mercado Livre. Nesta mobiliza\u00e7\u00e3o crescente, exig\u00eancias est\u00e3o sendo feitas por mudan\u00e7as nas condi\u00e7\u00f5es de pagamento e nas regras que &hellip;\" \/>\n<meta property=\"og:url\" content=\"https:\/\/motorista.com.br\/noticias\/2026\/09\/03\/entregadores-de-ifood-e-mercado-livre-pedem-aumento-e-consideram-greves\/\" \/>\n<meta property=\"og:site_name\" content=\"Motorista.com.br\" \/>\n<meta property=\"article:published_time\" content=\"2026-09-03T18:40:54+00:00\" \/>\n<meta name=\"author\" content=\"Equipe Reda\u00e7\u00e3o\" \/>\n<meta name=\"twitter:card\" content=\"summary_large_image\" \/>\n<meta name=\"twitter:label1\" content=\"Escrito por\" \/>\n\t<meta name=\"twitter:data1\" content=\"Equipe Reda\u00e7\u00e3o\" \/>\n\t<meta name=\"twitter:label2\" content=\"Est. tempo de leitura\" \/>\n\t<meta name=\"twitter:data2\" content=\"3 minutos\" \/>\n\t<meta name=\"twitter:label3\" content=\"Written by\" \/>\n\t<meta name=\"twitter:data3\" content=\"Equipe Reda\u00e7\u00e3o\" \/>\n<script type=\"application\/ld+json\" class=\"yoast-schema-graph\">{\"@context\":\"https:\\\/\\\/schema.org\",\"@graph\":[{\"@type\":\"Article\",\"@id\":\"https:\\\/\\\/motorista.com.br\\\/noticias\\\/2026\\\/09\\\/03\\\/entregadores-de-ifood-e-mercado-livre-pedem-aumento-e-consideram-greves\\\/#article\",\"isPartOf\":{\"@id\":\"https:\\\/\\\/motorista.com.br\\\/noticias\\\/2026\\\/09\\\/03\\\/entregadores-de-ifood-e-mercado-livre-pedem-aumento-e-consideram-greves\\\/\"},\"author\":{\"name\":\"Equipe Reda\u00e7\u00e3o\",\"@id\":\"https:\\\/\\\/motorista.com.br\\\/noticias\\\/#\\\/schema\\\/person\\\/dc93afc2981c0e3ce6bc3c053fd847be\"},\"headline\":\"Entregadores de iFood e Mercado Livre pedem aumento e consideram greves.\",\"datePublished\":\"2026-09-03T18:40:54+00:00\",\"mainEntityOfPage\":{\"@id\":\"https:\\\/\\\/motorista.com.br\\\/noticias\\\/2026\\\/09\\\/03\\\/entregadores-de-ifood-e-mercado-livre-pedem-aumento-e-consideram-greves\\\/\"},\"wordCount\":532,\"publisher\":{\"@id\":\"https:\\\/\\\/motorista.com.br\\\/noticias\\\/#organization\"},\"image\":{\"@id\":\"https:\\\/\\\/motorista.com.br\\\/noticias\\\/2026\\\/09\\\/03\\\/entregadores-de-ifood-e-mercado-livre-pedem-aumento-e-consideram-greves\\\/#primaryimage\"},\"thumbnailUrl\":\"https:\\\/\\\/motorista.com.br\\\/noticias\\\/wp-content\\\/uploads\\\/2026\\\/09\\\/ENTREGADORES.jpg\",\"articleSection\":[\"Motorista\"],\"inLanguage\":\"pt-BR\"},{\"@type\":\"WebPage\",\"@id\":\"https:\\\/\\\/motorista.com.br\\\/noticias\\\/2026\\\/09\\\/03\\\/entregadores-de-ifood-e-mercado-livre-pedem-aumento-e-consideram-greves\\\/\",\"url\":\"https:\\\/\\\/motorista.com.br\\\/noticias\\\/2026\\\/09\\\/03\\\/entregadores-de-ifood-e-mercado-livre-pedem-aumento-e-consideram-greves\\\/\",\"name\":\"Entregadores de iFood e Mercado Livre pedem aumento e consideram greves. - Motorista.com.br\",\"isPartOf\":{\"@id\":\"https:\\\/\\\/motorista.com.br\\\/noticias\\\/#website\"},\"primaryImageOfPage\":{\"@id\":\"https:\\\/\\\/motorista.com.br\\\/noticias\\\/2026\\\/09\\\/03\\\/entregadores-de-ifood-e-mercado-livre-pedem-aumento-e-consideram-greves\\\/#primaryimage\"},\"image\":{\"@id\":\"https:\\\/\\\/motorista.com.br\\\/noticias\\\/2026\\\/09\\\/03\\\/entregadores-de-ifood-e-mercado-livre-pedem-aumento-e-consideram-greves\\\/#primaryimage\"},\"thumbnailUrl\":\"https:\\\/\\\/motorista.com.br\\\/noticias\\\/wp-content\\\/uploads\\\/2026\\\/09\\\/ENTREGADORES.jpg\",\"datePublished\":\"2026-09-03T18:40:54+00:00\",\"breadcrumb\":{\"@id\":\"https:\\\/\\\/motorista.com.br\\\/noticias\\\/2026\\\/09\\\/03\\\/entregadores-de-ifood-e-mercado-livre-pedem-aumento-e-consideram-greves\\\/#breadcrumb\"},\"inLanguage\":\"pt-BR\",\"potentialAction\":[{\"@type\":\"ReadAction\",\"target\":[\"https:\\\/\\\/motorista.com.br\\\/noticias\\\/2026\\\/09\\\/03\\\/entregadores-de-ifood-e-mercado-livre-pedem-aumento-e-consideram-greves\\\/\"]}]},{\"@type\":\"ImageObject\",\"inLanguage\":\"pt-BR\",\"@id\":\"https:\\\/\\\/motorista.com.br\\\/noticias\\\/2026\\\/09\\\/03\\\/entregadores-de-ifood-e-mercado-livre-pedem-aumento-e-consideram-greves\\\/#primaryimage\",\"url\":\"https:\\\/\\\/motorista.com.br\\\/noticias\\\/wp-content\\\/uploads\\\/2026\\\/09\\\/ENTREGADORES.jpg\",\"contentUrl\":\"https:\\\/\\\/motorista.com.br\\\/noticias\\\/wp-content\\\/uploads\\\/2026\\\/09\\\/ENTREGADORES.jpg\",\"width\":1024,\"height\":559},{\"@type\":\"BreadcrumbList\",\"@id\":\"https:\\\/\\\/motorista.com.br\\\/noticias\\\/2026\\\/09\\\/03\\\/entregadores-de-ifood-e-mercado-livre-pedem-aumento-e-consideram-greves\\\/#breadcrumb\",\"itemListElement\":[{\"@type\":\"ListItem\",\"position\":1,\"name\":\"In\u00edcio\",\"item\":\"https:\\\/\\\/motorista.com.br\\\/noticias\\\/\"},{\"@type\":\"ListItem\",\"position\":2,\"name\":\"Entregadores de iFood e Mercado Livre pedem aumento e consideram greves.\"}]},{\"@type\":\"WebSite\",\"@id\":\"https:\\\/\\\/motorista.com.br\\\/noticias\\\/#website\",\"url\":\"https:\\\/\\\/motorista.com.br\\\/noticias\\\/\",\"name\":\"Motorista.com.br\",\"description\":\"Not\u00edcia do Motorista\",\"publisher\":{\"@id\":\"https:\\\/\\\/motorista.com.br\\\/noticias\\\/#organization\"},\"potentialAction\":[{\"@type\":\"SearchAction\",\"target\":{\"@type\":\"EntryPoint\",\"urlTemplate\":\"https:\\\/\\\/motorista.com.br\\\/noticias\\\/?s={search_term_string}\"},\"query-input\":{\"@type\":\"PropertyValueSpecification\",\"valueRequired\":true,\"valueName\":\"search_term_string\"}}],\"inLanguage\":\"pt-BR\"},{\"@type\":\"Organization\",\"@id\":\"https:\\\/\\\/motorista.com.br\\\/noticias\\\/#organization\",\"name\":\"Motorista.com.br\",\"url\":\"https:\\\/\\\/motorista.com.br\\\/noticias\\\/\",\"logo\":{\"@type\":\"ImageObject\",\"inLanguage\":\"pt-BR\",\"@id\":\"https:\\\/\\\/motorista.com.br\\\/noticias\\\/#\\\/schema\\\/logo\\\/image\\\/\",\"url\":\"https:\\\/\\\/motorista.com.br\\\/noticias\\\/wp-content\\\/uploads\\\/2025\\\/06\\\/Design-sem-nome-9.png\",\"contentUrl\":\"https:\\\/\\\/motorista.com.br\\\/noticias\\\/wp-content\\\/uploads\\\/2025\\\/06\\\/Design-sem-nome-9.png\",\"width\":150,\"height\":85,\"caption\":\"Motorista.com.br\"},\"image\":{\"@id\":\"https:\\\/\\\/motorista.com.br\\\/noticias\\\/#\\\/schema\\\/logo\\\/image\\\/\"}},{\"@type\":\"Person\",\"@id\":\"https:\\\/\\\/motorista.com.br\\\/noticias\\\/#\\\/schema\\\/person\\\/dc93afc2981c0e3ce6bc3c053fd847be\",\"name\":\"Equipe Reda\u00e7\u00e3o\",\"image\":{\"@type\":\"ImageObject\",\"inLanguage\":\"pt-BR\",\"@id\":\"https:\\\/\\\/secure.gravatar.com\\\/avatar\\\/4f525efbf18dd2bb300ccad28bfb99d95a9465a5ba268407c8c37b37e1f28d2d?s=96&d=mm&r=g9e099043a0c61e9ae27e293b9fa75ffc\",\"url\":\"https:\\\/\\\/secure.gravatar.com\\\/avatar\\\/4f525efbf18dd2bb300ccad28bfb99d95a9465a5ba268407c8c37b37e1f28d2d?s=96&d=mm&r=g\",\"contentUrl\":\"https:\\\/\\\/secure.gravatar.com\\\/avatar\\\/4f525efbf18dd2bb300ccad28bfb99d95a9465a5ba268407c8c37b37e1f28d2d?s=96&d=mm&r=g\",\"caption\":\"Equipe Reda\u00e7\u00e3o\"},\"description\":\"Equipe de reda\u00e7\u00e3o \u00e9 um grupo de profissionais que trabalham juntos para criar conte\u00fado escrito para Motorista.com.br\",\"url\":\"https:\\\/\\\/motorista.com.br\\\/noticias\\\/author\\\/equiperedacao\\\/\"}]}<\/script>\n<!-- \/ Yoast SEO Premium plugin. -->","yoast_head_json":{"title":"Entregadores de iFood e Mercado Livre pedem aumento e consideram greves. - Motorista.com.br","robots":{"index":"index","follow":"follow","max-snippet":"max-snippet:-1","max-image-preview":"max-image-preview:large","max-video-preview":"max-video-preview:-1"},"canonical":"https:\/\/motorista.com.br\/noticias\/2026\/09\/03\/entregadores-de-ifood-e-mercado-livre-pedem-aumento-e-consideram-greves\/","og_locale":"pt_BR","og_type":"article","og_title":"Entregadores de iFood e Mercado Livre pedem aumento e consideram greves.","og_description":"Entregadores de iFood e Mercado Livre pressionam por reajustes e discutem novas paralisa\u00e7\u00f5es A insatisfa\u00e7\u00e3o entre os trabalhadores de plataformas de entrega no Brasil tem se intensificado, especialmente entre os entregadores do iFood e motoristas do Mercado Livre. Nesta mobiliza\u00e7\u00e3o crescente, exig\u00eancias est\u00e3o sendo feitas por mudan\u00e7as nas condi\u00e7\u00f5es de pagamento e nas regras que &hellip;","og_url":"https:\/\/motorista.com.br\/noticias\/2026\/09\/03\/entregadores-de-ifood-e-mercado-livre-pedem-aumento-e-consideram-greves\/","og_site_name":"Motorista.com.br","article_published_time":"2026-09-03T18:40:54+00:00","author":"Equipe Reda\u00e7\u00e3o","twitter_card":"summary_large_image","twitter_misc":{"Escrito por":"Equipe Reda\u00e7\u00e3o","Est. tempo de leitura":"3 minutos","Written by":"Equipe Reda\u00e7\u00e3o"},"schema":{"@context":"https:\/\/schema.org","@graph":[{"@type":"Article","@id":"https:\/\/motorista.com.br\/noticias\/2026\/09\/03\/entregadores-de-ifood-e-mercado-livre-pedem-aumento-e-consideram-greves\/#article","isPartOf":{"@id":"https:\/\/motorista.com.br\/noticias\/2026\/09\/03\/entregadores-de-ifood-e-mercado-livre-pedem-aumento-e-consideram-greves\/"},"author":{"name":"Equipe Reda\u00e7\u00e3o","@id":"https:\/\/motorista.com.br\/noticias\/#\/schema\/person\/dc93afc2981c0e3ce6bc3c053fd847be"},"headline":"Entregadores de iFood e Mercado Livre pedem aumento e consideram greves.","datePublished":"2026-09-03T18:40:54+00:00","mainEntityOfPage":{"@id":"https:\/\/motorista.com.br\/noticias\/2026\/09\/03\/entregadores-de-ifood-e-mercado-livre-pedem-aumento-e-consideram-greves\/"},"wordCount":532,"publisher":{"@id":"https:\/\/motorista.com.br\/noticias\/#organization"},"image":{"@id":"https:\/\/motorista.com.br\/noticias\/2026\/09\/03\/entregadores-de-ifood-e-mercado-livre-pedem-aumento-e-consideram-greves\/#primaryimage"},"thumbnailUrl":"https:\/\/motorista.com.br\/noticias\/wp-content\/uploads\/2026\/09\/ENTREGADORES.jpg","articleSection":["Motorista"],"inLanguage":"pt-BR"},{"@type":"WebPage","@id":"https:\/\/motorista.com.br\/noticias\/2026\/09\/03\/entregadores-de-ifood-e-mercado-livre-pedem-aumento-e-consideram-greves\/","url":"https:\/\/motorista.com.br\/noticias\/2026\/09\/03\/entregadores-de-ifood-e-mercado-livre-pedem-aumento-e-consideram-greves\/","name":"Entregadores de iFood e Mercado Livre pedem aumento e consideram greves. - Motorista.com.br","isPartOf":{"@id":"https:\/\/motorista.com.br\/noticias\/#website"},"primaryImageOfPage":{"@id":"https:\/\/motorista.com.br\/noticias\/2026\/09\/03\/entregadores-de-ifood-e-mercado-livre-pedem-aumento-e-consideram-greves\/#primaryimage"},"image":{"@id":"https:\/\/motorista.com.br\/noticias\/2026\/09\/03\/entregadores-de-ifood-e-mercado-livre-pedem-aumento-e-consideram-greves\/#primaryimage"},"thumbnailUrl":"https:\/\/motorista.com.br\/noticias\/wp-content\/uploads\/2026\/09\/ENTREGADORES.jpg","datePublished":"2026-09-03T18:40:54+00:00","breadcrumb":{"@id":"https:\/\/motorista.com.br\/noticias\/2026\/09\/03\/entregadores-de-ifood-e-mercado-livre-pedem-aumento-e-consideram-greves\/#breadcrumb"},"inLanguage":"pt-BR","potentialAction":[{"@type":"ReadAction","target":["https:\/\/motorista.com.br\/noticias\/2026\/09\/03\/entregadores-de-ifood-e-mercado-livre-pedem-aumento-e-consideram-greves\/"]}]},{"@type":"ImageObject","inLanguage":"pt-BR","@id":"https:\/\/motorista.com.br\/noticias\/2026\/09\/03\/entregadores-de-ifood-e-mercado-livre-pedem-aumento-e-consideram-greves\/#primaryimage","url":"https:\/\/motorista.com.br\/noticias\/wp-content\/uploads\/2026\/09\/ENTREGADORES.jpg","contentUrl":"https:\/\/motorista.com.br\/noticias\/wp-content\/uploads\/2026\/09\/ENTREGADORES.jpg","width":1024,"height":559},{"@type":"BreadcrumbList","@id":"https:\/\/motorista.com.br\/noticias\/2026\/09\/03\/entregadores-de-ifood-e-mercado-livre-pedem-aumento-e-consideram-greves\/#breadcrumb","itemListElement":[{"@type":"ListItem","position":1,"name":"In\u00edcio","item":"https:\/\/motorista.com.br\/noticias\/"},{"@type":"ListItem","position":2,"name":"Entregadores de iFood e Mercado Livre pedem aumento e consideram greves."}]},{"@type":"WebSite","@id":"https:\/\/motorista.com.br\/noticias\/#website","url":"https:\/\/motorista.com.br\/noticias\/","name":"Motorista.com.br","description":"Not\u00edcia do Motorista","publisher":{"@id":"https:\/\/motorista.com.br\/noticias\/#organization"},"potentialAction":[{"@type":"SearchAction","target":{"@type":"EntryPoint","urlTemplate":"https:\/\/motorista.com.br\/noticias\/?s={search_term_string}"},"query-input":{"@type":"PropertyValueSpecification","valueRequired":true,"valueName":"search_term_string"}}],"inLanguage":"pt-BR"},{"@type":"Organization","@id":"https:\/\/motorista.com.br\/noticias\/#organization","name":"Motorista.com.br","url":"https:\/\/motorista.com.br\/noticias\/","logo":{"@type":"ImageObject","inLanguage":"pt-BR","@id":"https:\/\/motorista.com.br\/noticias\/#\/schema\/logo\/image\/","url":"https:\/\/motorista.com.br\/noticias\/wp-content\/uploads\/2025\/06\/Design-sem-nome-9.png","contentUrl":"https:\/\/motorista.com.br\/noticias\/wp-content\/uploads\/2025\/06\/Design-sem-nome-9.png","width":150,"height":85,"caption":"Motorista.com.br"},"image":{"@id":"https:\/\/motorista.com.br\/noticias\/#\/schema\/logo\/image\/"}},{"@type":"Person","@id":"https:\/\/motorista.com.br\/noticias\/#\/schema\/person\/dc93afc2981c0e3ce6bc3c053fd847be","name":"Equipe Reda\u00e7\u00e3o","image":{"@type":"ImageObject","inLanguage":"pt-BR","@id":"https:\/\/secure.gravatar.com\/avatar\/4f525efbf18dd2bb300ccad28bfb99d95a9465a5ba268407c8c37b37e1f28d2d?s=96&d=mm&r=g9e099043a0c61e9ae27e293b9fa75ffc","url":"https:\/\/secure.gravatar.com\/avatar\/4f525efbf18dd2bb300ccad28bfb99d95a9465a5ba268407c8c37b37e1f28d2d?s=96&d=mm&r=g","contentUrl":"https:\/\/secure.gravatar.com\/avatar\/4f525efbf18dd2bb300ccad28bfb99d95a9465a5ba268407c8c37b37e1f28d2d?s=96&d=mm&r=g","caption":"Equipe Reda\u00e7\u00e3o"},"description":"Equipe de reda\u00e7\u00e3o \u00e9 um grupo de profissionais que trabalham juntos para criar conte\u00fado escrito para Motorista.com.br","url":"https:\/\/motorista.com.br\/noticias\/author\/equiperedacao\/"}]}},"_links":{"self":[{"href":"https:\/\/motorista.com.br\/noticias\/wp-json\/wp\/v2\/posts\/14288","targetHints":{"allow":["GET"]}}],"collection":[{"href":"https:\/\/motorista.com.br\/noticias\/wp-json\/wp\/v2\/posts"}],"about":[{"href":"https:\/\/motorista.com.br\/noticias\/wp-json\/wp\/v2\/types\/post"}],"author":[{"embeddable":true,"href":"https:\/\/motorista.com.br\/noticias\/wp-json\/wp\/v2\/users\/4"}],"replies":[{"embeddable":true,"href":"https:\/\/motorista.com.br\/noticias\/wp-json\/wp\/v2\/comments?post=14288"}],"version-history":[{"count":0,"href":"https:\/\/motorista.com.br\/noticias\/wp-json\/wp\/v2\/posts\/14288\/revisions"}],"wp:featuredmedia":[{"embeddable":true,"href":"https:\/\/motorista.com.br\/noticias\/wp-json\/wp\/v2\/media\/14289"}],"wp:attachment":[{"href":"https:\/\/motorista.com.br\/noticias\/wp-json\/wp\/v2\/media?parent=14288"}],"wp:term":[{"taxonomy":"category","embeddable":true,"href":"https:\/\/motorista.com.br\/noticias\/wp-json\/wp\/v2\/categories?post=14288"},{"taxonomy":"post_tag","embeddable":true,"href":"https:\/\/motorista.com.br\/noticias\/wp-json\/wp\/v2\/tags?post=14288"},{"taxonomy":"author","embeddable":true,"href":"https:\/\/motorista.com.br\/noticias\/wp-json\/wp\/v2\/coauthors?post=14288"}],"curies":[{"name":"wp","href":"https:\/\/api.w.org\/{rel}","templated":true}]}}