{"id":14284,"date":"2026-09-03T15:16:53","date_gmt":"2026-09-03T18:16:53","guid":{"rendered":"https:\/\/motorista.com.br\/noticias\/2026\/09\/03\/marq-logistics-amplia-ativos-last-mile-com-novo-parque-em-taboao\/"},"modified":"2026-09-03T15:16:53","modified_gmt":"2026-09-03T18:16:53","slug":"marq-logistics-amplia-ativos-last-mile-com-novo-parque-em-taboao","status":"publish","type":"post","link":"https:\/\/motorista.com.br\/noticias\/2026\/09\/03\/marq-logistics-amplia-ativos-last-mile-com-novo-parque-em-taboao\/","title":{"rendered":"Marq Logistics amplia ativos last mile com novo parque em Tabo\u00e3o."},"content":{"rendered":"<p><\/p>\n<p><strong>Marq Logistics Fortalece Portf\u00f3lio de Ativos Last Mile com Entrega do Parque Log\u00edstico Marq Logistics SP Tabo\u00e3o<\/strong><\/p>\n<p>O <strong>Marq Logistics SP Tabo\u00e3o<\/strong> chega ao mercado com aproximadamente 120 mil metros quadrados de \u00c1rea Bruta Loc\u00e1vel (ABL) na Regi\u00e3o Metropolitana de S\u00e3o Paulo. Desenvolvido e operado pela Marq Logistics, anteriormente GLP Brasil, este empreendimento amplia o portf\u00f3lio de ativos <strong>last mile<\/strong> da companhia no Brasil. Localizado a apenas 12 quil\u00f4metros da Marginal Pinheiros, o parque log\u00edstico foi projetado para atender opera\u00e7\u00f5es de diferentes portes, situando-se pr\u00f3ximo aos principais centros urbanos da regi\u00e3o.<\/p>\n<p>Integrado \u00e0 malha urbana da Grande S\u00e3o Paulo, o empreendimento conta com acesso facilitado e livre de ped\u00e1gios, o que beneficia a rede de com\u00e9rcios e prestadores de servi\u00e7os. Essa localiza\u00e7\u00e3o estrat\u00e9gica favorece opera\u00e7\u00f5es de distribui\u00e7\u00e3o e entrega de produtos, especialmente para aquelas que dependem da proximidade com os centros consumidores. Os cinco galp\u00f5es urbanos que comp\u00f5em o <strong>Marq Logistics SP Tabo\u00e3o<\/strong> foram concebidos com foco em flexibilidade operacional, permitindo atender desde empresas que necessitam de \u00e1reas menores at\u00e9 aquelas que demandam estruturas maiores para distribui\u00e7\u00e3o e armazenagem.<\/p>\n<p>Mauro Dias, Head de Real Estate da Ares Management no Brasil, afirma que &quot;o Marq Logistics SP Tabo\u00e3o se destaca como uma solu\u00e7\u00e3o last mile moderna e eficiente para clientes que buscam opera\u00e7\u00f5es flex\u00edveis pr\u00f3ximas ao centro econ\u00f4mico de S\u00e3o Paulo&quot;. O conceito modular do projeto proporciona uma adapta\u00e7\u00e3o \u00e0s necessidades de empresas de diversos setores, oferecendo op\u00e7\u00f5es que variam de espa\u00e7os menores at\u00e9 grandes centros de distribui\u00e7\u00e3o, todos desenvolvidos com os altos padr\u00f5es de qualidade da Marq Logistics.<\/p>\n<p><strong>Sustentabilidade e Efici\u00eancia dos Galp\u00f5es Log\u00edsticos<\/strong><\/p>\n<p>Al\u00e9m de sua localiza\u00e7\u00e3o e configura\u00e7\u00e3o modular, o <strong>Marq Logistics SP Tabo\u00e3o<\/strong> foi projetado com recursos voltados \u00e0 sustentabilidade e \u00e0 efici\u00eancia operacional. O empreendimento busca alcan\u00e7ar a certifica\u00e7\u00e3o <strong>LEED Gold<\/strong>, incorporando medidas que visam reduzir o consumo de recursos naturais e os impactos ambientais associados \u00e0 opera\u00e7\u00e3o.<\/p>\n<p>Recursos como a utiliza\u00e7\u00e3o de ilumina\u00e7\u00e3o natural e l\u00e2mpadas LED representam uma economia de at\u00e9 70% no consumo de energia. O complexo tamb\u00e9m \u00e9 equipado com esta\u00e7\u00f5es de recarga para ve\u00edculos el\u00e9tricos e tem cobertura preparada para receber pain\u00e9is solares. No que diz respeito ao consumo de \u00e1gua, a redu\u00e7\u00e3o pode chegar a 55%, sendo poss\u00edvel devido ao reuso e \u00e0 utiliza\u00e7\u00e3o de metais eficientes. Materiais de baixa absor\u00e7\u00e3o t\u00e9rmica foram empregados para ajudar a mitigar o efeito das ilhas de calor, tornando os ambientes mais confort\u00e1veis.<\/p>\n<p>Os benef\u00edcios trazidos pelo <strong>Marq Logistics SP Tabo\u00e3o<\/strong> refletem um impacto positivo na mobilidade urbana. Com uma estrutura log\u00edstica moderna e eficiente, o empreendimento potencializa a agilidade nas entregas, beneficiando motoristas e consumidores. A redu\u00e7\u00e3o dos tempos de transporte n\u00e3o apenas melhora a experi\u00eancia do usu\u00e1rio final, mas tamb\u00e9m contribui para um tr\u00e2nsito menos congestionado e mais sustent\u00e1vel. Em um cen\u00e1rio onde a efici\u00eancia e a inova\u00e7\u00e3o s\u00e3o cruciais, iniciativas como essa da Marq Logistics representam um passo importante para a melhoria da log\u00edstica urbana e a mobilidade geral em S\u00e3o Paulo.<\/p>\n<p><strong>Fonte:<\/strong> logweb<\/p>\n","protected":false},"excerpt":{"rendered":"<p>Marq Logistics Fortalece Portf\u00f3lio de Ativos Last Mile com Entrega do Parque Log\u00edstico Marq Logistics SP Tabo\u00e3o O Marq Logistics SP Tabo\u00e3o chega ao mercado com aproximadamente 120 mil metros quadrados de \u00c1rea Bruta Loc\u00e1vel (ABL) na Regi\u00e3o Metropolitana de S\u00e3o Paulo. Desenvolvido e operado pela Marq Logistics, anteriormente GLP Brasil, este empreendimento amplia o &hellip;<\/p>\n","protected":false},"author":4,"featured_media":14285,"comment_status":"","ping_status":"open","sticky":false,"template":"","format":"standard","meta":{"footnotes":""},"categories":[62],"tags":[],"coauthors":[42],"class_list":["post-14284","post","type-post","status-publish","format-standard","has-post-thumbnail","hentry","category-logistica"],"yoast_head":"<!-- This site is optimized with the Yoast SEO Premium plugin v27.6.1 (Yoast SEO v28.4) - https:\/\/yoast.com\/product\/yoast-seo-premium-wordpress\/ -->\n<title>Marq Logistics amplia ativos last mile com novo parque em Tabo\u00e3o. - Motorista.com.br<\/title>\n<meta name=\"robots\" content=\"index, follow, max-snippet:-1, max-image-preview:large, max-video-preview:-1\" \/>\n<link rel=\"canonical\" href=\"https:\/\/motorista.com.br\/noticias\/2026\/09\/03\/marq-logistics-amplia-ativos-last-mile-com-novo-parque-em-taboao\/\" \/>\n<meta property=\"og:locale\" content=\"pt_BR\" \/>\n<meta property=\"og:type\" content=\"article\" \/>\n<meta property=\"og:title\" content=\"Marq Logistics amplia ativos last mile com novo parque em Tabo\u00e3o.\" \/>\n<meta property=\"og:description\" content=\"Marq Logistics Fortalece Portf\u00f3lio de Ativos Last Mile com Entrega do Parque Log\u00edstico Marq Logistics SP Tabo\u00e3o O Marq Logistics SP Tabo\u00e3o chega ao mercado com aproximadamente 120 mil metros quadrados de \u00c1rea Bruta Loc\u00e1vel (ABL) na Regi\u00e3o Metropolitana de S\u00e3o Paulo. Desenvolvido e operado pela Marq Logistics, anteriormente GLP Brasil, este empreendimento amplia o &hellip;\" \/>\n<meta property=\"og:url\" content=\"https:\/\/motorista.com.br\/noticias\/2026\/09\/03\/marq-logistics-amplia-ativos-last-mile-com-novo-parque-em-taboao\/\" \/>\n<meta property=\"og:site_name\" content=\"Motorista.com.br\" \/>\n<meta property=\"article:published_time\" content=\"2026-09-03T18:16:53+00:00\" \/>\n<meta name=\"author\" content=\"Equipe Reda\u00e7\u00e3o\" \/>\n<meta name=\"twitter:card\" content=\"summary_large_image\" \/>\n<meta name=\"twitter:label1\" content=\"Escrito por\" \/>\n\t<meta name=\"twitter:data1\" content=\"Equipe Reda\u00e7\u00e3o\" \/>\n\t<meta name=\"twitter:label2\" content=\"Est. tempo de leitura\" \/>\n\t<meta name=\"twitter:data2\" content=\"3 minutos\" \/>\n\t<meta name=\"twitter:label3\" content=\"Written by\" \/>\n\t<meta name=\"twitter:data3\" content=\"Equipe Reda\u00e7\u00e3o\" \/>\n<script type=\"application\/ld+json\" class=\"yoast-schema-graph\">{\"@context\":\"https:\\\/\\\/schema.org\",\"@graph\":[{\"@type\":\"Article\",\"@id\":\"https:\\\/\\\/motorista.com.br\\\/noticias\\\/2026\\\/09\\\/03\\\/marq-logistics-amplia-ativos-last-mile-com-novo-parque-em-taboao\\\/#article\",\"isPartOf\":{\"@id\":\"https:\\\/\\\/motorista.com.br\\\/noticias\\\/2026\\\/09\\\/03\\\/marq-logistics-amplia-ativos-last-mile-com-novo-parque-em-taboao\\\/\"},\"author\":{\"name\":\"Equipe Reda\u00e7\u00e3o\",\"@id\":\"https:\\\/\\\/motorista.com.br\\\/noticias\\\/#\\\/schema\\\/person\\\/dc93afc2981c0e3ce6bc3c053fd847be\"},\"headline\":\"Marq Logistics amplia ativos last mile com novo parque em Tabo\u00e3o.\",\"datePublished\":\"2026-09-03T18:16:53+00:00\",\"mainEntityOfPage\":{\"@id\":\"https:\\\/\\\/motorista.com.br\\\/noticias\\\/2026\\\/09\\\/03\\\/marq-logistics-amplia-ativos-last-mile-com-novo-parque-em-taboao\\\/\"},\"wordCount\":575,\"publisher\":{\"@id\":\"https:\\\/\\\/motorista.com.br\\\/noticias\\\/#organization\"},\"image\":{\"@id\":\"https:\\\/\\\/motorista.com.br\\\/noticias\\\/2026\\\/09\\\/03\\\/marq-logistics-amplia-ativos-last-mile-com-novo-parque-em-taboao\\\/#primaryimage\"},\"thumbnailUrl\":\"https:\\\/\\\/motorista.com.br\\\/noticias\\\/wp-content\\\/uploads\\\/2026\\\/09\\\/Marq-SP-Taboao-Credito-Andre-Spinelli.jpg\",\"articleSection\":[\"Log\u00edstica\"],\"inLanguage\":\"pt-BR\"},{\"@type\":\"WebPage\",\"@id\":\"https:\\\/\\\/motorista.com.br\\\/noticias\\\/2026\\\/09\\\/03\\\/marq-logistics-amplia-ativos-last-mile-com-novo-parque-em-taboao\\\/\",\"url\":\"https:\\\/\\\/motorista.com.br\\\/noticias\\\/2026\\\/09\\\/03\\\/marq-logistics-amplia-ativos-last-mile-com-novo-parque-em-taboao\\\/\",\"name\":\"Marq Logistics amplia ativos last mile com novo parque em Tabo\u00e3o. - Motorista.com.br\",\"isPartOf\":{\"@id\":\"https:\\\/\\\/motorista.com.br\\\/noticias\\\/#website\"},\"primaryImageOfPage\":{\"@id\":\"https:\\\/\\\/motorista.com.br\\\/noticias\\\/2026\\\/09\\\/03\\\/marq-logistics-amplia-ativos-last-mile-com-novo-parque-em-taboao\\\/#primaryimage\"},\"image\":{\"@id\":\"https:\\\/\\\/motorista.com.br\\\/noticias\\\/2026\\\/09\\\/03\\\/marq-logistics-amplia-ativos-last-mile-com-novo-parque-em-taboao\\\/#primaryimage\"},\"thumbnailUrl\":\"https:\\\/\\\/motorista.com.br\\\/noticias\\\/wp-content\\\/uploads\\\/2026\\\/09\\\/Marq-SP-Taboao-Credito-Andre-Spinelli.jpg\",\"datePublished\":\"2026-09-03T18:16:53+00:00\",\"breadcrumb\":{\"@id\":\"https:\\\/\\\/motorista.com.br\\\/noticias\\\/2026\\\/09\\\/03\\\/marq-logistics-amplia-ativos-last-mile-com-novo-parque-em-taboao\\\/#breadcrumb\"},\"inLanguage\":\"pt-BR\",\"potentialAction\":[{\"@type\":\"ReadAction\",\"target\":[\"https:\\\/\\\/motorista.com.br\\\/noticias\\\/2026\\\/09\\\/03\\\/marq-logistics-amplia-ativos-last-mile-com-novo-parque-em-taboao\\\/\"]}]},{\"@type\":\"ImageObject\",\"inLanguage\":\"pt-BR\",\"@id\":\"https:\\\/\\\/motorista.com.br\\\/noticias\\\/2026\\\/09\\\/03\\\/marq-logistics-amplia-ativos-last-mile-com-novo-parque-em-taboao\\\/#primaryimage\",\"url\":\"https:\\\/\\\/motorista.com.br\\\/noticias\\\/wp-content\\\/uploads\\\/2026\\\/09\\\/Marq-SP-Taboao-Credito-Andre-Spinelli.jpg\",\"contentUrl\":\"https:\\\/\\\/motorista.com.br\\\/noticias\\\/wp-content\\\/uploads\\\/2026\\\/09\\\/Marq-SP-Taboao-Credito-Andre-Spinelli.jpg\",\"width\":800,\"height\":420},{\"@type\":\"BreadcrumbList\",\"@id\":\"https:\\\/\\\/motorista.com.br\\\/noticias\\\/2026\\\/09\\\/03\\\/marq-logistics-amplia-ativos-last-mile-com-novo-parque-em-taboao\\\/#breadcrumb\",\"itemListElement\":[{\"@type\":\"ListItem\",\"position\":1,\"name\":\"In\u00edcio\",\"item\":\"https:\\\/\\\/motorista.com.br\\\/noticias\\\/\"},{\"@type\":\"ListItem\",\"position\":2,\"name\":\"Marq Logistics amplia ativos last mile com novo parque em Tabo\u00e3o.\"}]},{\"@type\":\"WebSite\",\"@id\":\"https:\\\/\\\/motorista.com.br\\\/noticias\\\/#website\",\"url\":\"https:\\\/\\\/motorista.com.br\\\/noticias\\\/\",\"name\":\"Motorista.com.br\",\"description\":\"Not\u00edcia do Motorista\",\"publisher\":{\"@id\":\"https:\\\/\\\/motorista.com.br\\\/noticias\\\/#organization\"},\"potentialAction\":[{\"@type\":\"SearchAction\",\"target\":{\"@type\":\"EntryPoint\",\"urlTemplate\":\"https:\\\/\\\/motorista.com.br\\\/noticias\\\/?s={search_term_string}\"},\"query-input\":{\"@type\":\"PropertyValueSpecification\",\"valueRequired\":true,\"valueName\":\"search_term_string\"}}],\"inLanguage\":\"pt-BR\"},{\"@type\":\"Organization\",\"@id\":\"https:\\\/\\\/motorista.com.br\\\/noticias\\\/#organization\",\"name\":\"Motorista.com.br\",\"url\":\"https:\\\/\\\/motorista.com.br\\\/noticias\\\/\",\"logo\":{\"@type\":\"ImageObject\",\"inLanguage\":\"pt-BR\",\"@id\":\"https:\\\/\\\/motorista.com.br\\\/noticias\\\/#\\\/schema\\\/logo\\\/image\\\/\",\"url\":\"https:\\\/\\\/motorista.com.br\\\/noticias\\\/wp-content\\\/uploads\\\/2025\\\/06\\\/Design-sem-nome-9.png\",\"contentUrl\":\"https:\\\/\\\/motorista.com.br\\\/noticias\\\/wp-content\\\/uploads\\\/2025\\\/06\\\/Design-sem-nome-9.png\",\"width\":150,\"height\":85,\"caption\":\"Motorista.com.br\"},\"image\":{\"@id\":\"https:\\\/\\\/motorista.com.br\\\/noticias\\\/#\\\/schema\\\/logo\\\/image\\\/\"}},{\"@type\":\"Person\",\"@id\":\"https:\\\/\\\/motorista.com.br\\\/noticias\\\/#\\\/schema\\\/person\\\/dc93afc2981c0e3ce6bc3c053fd847be\",\"name\":\"Equipe Reda\u00e7\u00e3o\",\"image\":{\"@type\":\"ImageObject\",\"inLanguage\":\"pt-BR\",\"@id\":\"https:\\\/\\\/secure.gravatar.com\\\/avatar\\\/4f525efbf18dd2bb300ccad28bfb99d95a9465a5ba268407c8c37b37e1f28d2d?s=96&d=mm&r=g9e099043a0c61e9ae27e293b9fa75ffc\",\"url\":\"https:\\\/\\\/secure.gravatar.com\\\/avatar\\\/4f525efbf18dd2bb300ccad28bfb99d95a9465a5ba268407c8c37b37e1f28d2d?s=96&d=mm&r=g\",\"contentUrl\":\"https:\\\/\\\/secure.gravatar.com\\\/avatar\\\/4f525efbf18dd2bb300ccad28bfb99d95a9465a5ba268407c8c37b37e1f28d2d?s=96&d=mm&r=g\",\"caption\":\"Equipe Reda\u00e7\u00e3o\"},\"description\":\"Equipe de reda\u00e7\u00e3o \u00e9 um grupo de profissionais que trabalham juntos para criar conte\u00fado escrito para Motorista.com.br\",\"url\":\"https:\\\/\\\/motorista.com.br\\\/noticias\\\/author\\\/equiperedacao\\\/\"}]}<\/script>\n<!-- \/ Yoast SEO Premium plugin. -->","yoast_head_json":{"title":"Marq Logistics amplia ativos last mile com novo parque em Tabo\u00e3o. - Motorista.com.br","robots":{"index":"index","follow":"follow","max-snippet":"max-snippet:-1","max-image-preview":"max-image-preview:large","max-video-preview":"max-video-preview:-1"},"canonical":"https:\/\/motorista.com.br\/noticias\/2026\/09\/03\/marq-logistics-amplia-ativos-last-mile-com-novo-parque-em-taboao\/","og_locale":"pt_BR","og_type":"article","og_title":"Marq Logistics amplia ativos last mile com novo parque em Tabo\u00e3o.","og_description":"Marq Logistics Fortalece Portf\u00f3lio de Ativos Last Mile com Entrega do Parque Log\u00edstico Marq Logistics SP Tabo\u00e3o O Marq Logistics SP Tabo\u00e3o chega ao mercado com aproximadamente 120 mil metros quadrados de \u00c1rea Bruta Loc\u00e1vel (ABL) na Regi\u00e3o Metropolitana de S\u00e3o Paulo. Desenvolvido e operado pela Marq Logistics, anteriormente GLP Brasil, este empreendimento amplia o &hellip;","og_url":"https:\/\/motorista.com.br\/noticias\/2026\/09\/03\/marq-logistics-amplia-ativos-last-mile-com-novo-parque-em-taboao\/","og_site_name":"Motorista.com.br","article_published_time":"2026-09-03T18:16:53+00:00","author":"Equipe Reda\u00e7\u00e3o","twitter_card":"summary_large_image","twitter_misc":{"Escrito por":"Equipe Reda\u00e7\u00e3o","Est. tempo de leitura":"3 minutos","Written by":"Equipe Reda\u00e7\u00e3o"},"schema":{"@context":"https:\/\/schema.org","@graph":[{"@type":"Article","@id":"https:\/\/motorista.com.br\/noticias\/2026\/09\/03\/marq-logistics-amplia-ativos-last-mile-com-novo-parque-em-taboao\/#article","isPartOf":{"@id":"https:\/\/motorista.com.br\/noticias\/2026\/09\/03\/marq-logistics-amplia-ativos-last-mile-com-novo-parque-em-taboao\/"},"author":{"name":"Equipe Reda\u00e7\u00e3o","@id":"https:\/\/motorista.com.br\/noticias\/#\/schema\/person\/dc93afc2981c0e3ce6bc3c053fd847be"},"headline":"Marq Logistics amplia ativos last mile com novo parque em Tabo\u00e3o.","datePublished":"2026-09-03T18:16:53+00:00","mainEntityOfPage":{"@id":"https:\/\/motorista.com.br\/noticias\/2026\/09\/03\/marq-logistics-amplia-ativos-last-mile-com-novo-parque-em-taboao\/"},"wordCount":575,"publisher":{"@id":"https:\/\/motorista.com.br\/noticias\/#organization"},"image":{"@id":"https:\/\/motorista.com.br\/noticias\/2026\/09\/03\/marq-logistics-amplia-ativos-last-mile-com-novo-parque-em-taboao\/#primaryimage"},"thumbnailUrl":"https:\/\/motorista.com.br\/noticias\/wp-content\/uploads\/2026\/09\/Marq-SP-Taboao-Credito-Andre-Spinelli.jpg","articleSection":["Log\u00edstica"],"inLanguage":"pt-BR"},{"@type":"WebPage","@id":"https:\/\/motorista.com.br\/noticias\/2026\/09\/03\/marq-logistics-amplia-ativos-last-mile-com-novo-parque-em-taboao\/","url":"https:\/\/motorista.com.br\/noticias\/2026\/09\/03\/marq-logistics-amplia-ativos-last-mile-com-novo-parque-em-taboao\/","name":"Marq Logistics amplia ativos last mile com novo parque em Tabo\u00e3o. - Motorista.com.br","isPartOf":{"@id":"https:\/\/motorista.com.br\/noticias\/#website"},"primaryImageOfPage":{"@id":"https:\/\/motorista.com.br\/noticias\/2026\/09\/03\/marq-logistics-amplia-ativos-last-mile-com-novo-parque-em-taboao\/#primaryimage"},"image":{"@id":"https:\/\/motorista.com.br\/noticias\/2026\/09\/03\/marq-logistics-amplia-ativos-last-mile-com-novo-parque-em-taboao\/#primaryimage"},"thumbnailUrl":"https:\/\/motorista.com.br\/noticias\/wp-content\/uploads\/2026\/09\/Marq-SP-Taboao-Credito-Andre-Spinelli.jpg","datePublished":"2026-09-03T18:16:53+00:00","breadcrumb":{"@id":"https:\/\/motorista.com.br\/noticias\/2026\/09\/03\/marq-logistics-amplia-ativos-last-mile-com-novo-parque-em-taboao\/#breadcrumb"},"inLanguage":"pt-BR","potentialAction":[{"@type":"ReadAction","target":["https:\/\/motorista.com.br\/noticias\/2026\/09\/03\/marq-logistics-amplia-ativos-last-mile-com-novo-parque-em-taboao\/"]}]},{"@type":"ImageObject","inLanguage":"pt-BR","@id":"https:\/\/motorista.com.br\/noticias\/2026\/09\/03\/marq-logistics-amplia-ativos-last-mile-com-novo-parque-em-taboao\/#primaryimage","url":"https:\/\/motorista.com.br\/noticias\/wp-content\/uploads\/2026\/09\/Marq-SP-Taboao-Credito-Andre-Spinelli.jpg","contentUrl":"https:\/\/motorista.com.br\/noticias\/wp-content\/uploads\/2026\/09\/Marq-SP-Taboao-Credito-Andre-Spinelli.jpg","width":800,"height":420},{"@type":"BreadcrumbList","@id":"https:\/\/motorista.com.br\/noticias\/2026\/09\/03\/marq-logistics-amplia-ativos-last-mile-com-novo-parque-em-taboao\/#breadcrumb","itemListElement":[{"@type":"ListItem","position":1,"name":"In\u00edcio","item":"https:\/\/motorista.com.br\/noticias\/"},{"@type":"ListItem","position":2,"name":"Marq Logistics amplia ativos last mile com novo parque em Tabo\u00e3o."}]},{"@type":"WebSite","@id":"https:\/\/motorista.com.br\/noticias\/#website","url":"https:\/\/motorista.com.br\/noticias\/","name":"Motorista.com.br","description":"Not\u00edcia do Motorista","publisher":{"@id":"https:\/\/motorista.com.br\/noticias\/#organization"},"potentialAction":[{"@type":"SearchAction","target":{"@type":"EntryPoint","urlTemplate":"https:\/\/motorista.com.br\/noticias\/?s={search_term_string}"},"query-input":{"@type":"PropertyValueSpecification","valueRequired":true,"valueName":"search_term_string"}}],"inLanguage":"pt-BR"},{"@type":"Organization","@id":"https:\/\/motorista.com.br\/noticias\/#organization","name":"Motorista.com.br","url":"https:\/\/motorista.com.br\/noticias\/","logo":{"@type":"ImageObject","inLanguage":"pt-BR","@id":"https:\/\/motorista.com.br\/noticias\/#\/schema\/logo\/image\/","url":"https:\/\/motorista.com.br\/noticias\/wp-content\/uploads\/2025\/06\/Design-sem-nome-9.png","contentUrl":"https:\/\/motorista.com.br\/noticias\/wp-content\/uploads\/2025\/06\/Design-sem-nome-9.png","width":150,"height":85,"caption":"Motorista.com.br"},"image":{"@id":"https:\/\/motorista.com.br\/noticias\/#\/schema\/logo\/image\/"}},{"@type":"Person","@id":"https:\/\/motorista.com.br\/noticias\/#\/schema\/person\/dc93afc2981c0e3ce6bc3c053fd847be","name":"Equipe Reda\u00e7\u00e3o","image":{"@type":"ImageObject","inLanguage":"pt-BR","@id":"https:\/\/secure.gravatar.com\/avatar\/4f525efbf18dd2bb300ccad28bfb99d95a9465a5ba268407c8c37b37e1f28d2d?s=96&d=mm&r=g9e099043a0c61e9ae27e293b9fa75ffc","url":"https:\/\/secure.gravatar.com\/avatar\/4f525efbf18dd2bb300ccad28bfb99d95a9465a5ba268407c8c37b37e1f28d2d?s=96&d=mm&r=g","contentUrl":"https:\/\/secure.gravatar.com\/avatar\/4f525efbf18dd2bb300ccad28bfb99d95a9465a5ba268407c8c37b37e1f28d2d?s=96&d=mm&r=g","caption":"Equipe Reda\u00e7\u00e3o"},"description":"Equipe de reda\u00e7\u00e3o \u00e9 um grupo de profissionais que trabalham juntos para criar conte\u00fado escrito para Motorista.com.br","url":"https:\/\/motorista.com.br\/noticias\/author\/equiperedacao\/"}]}},"_links":{"self":[{"href":"https:\/\/motorista.com.br\/noticias\/wp-json\/wp\/v2\/posts\/14284","targetHints":{"allow":["GET"]}}],"collection":[{"href":"https:\/\/motorista.com.br\/noticias\/wp-json\/wp\/v2\/posts"}],"about":[{"href":"https:\/\/motorista.com.br\/noticias\/wp-json\/wp\/v2\/types\/post"}],"author":[{"embeddable":true,"href":"https:\/\/motorista.com.br\/noticias\/wp-json\/wp\/v2\/users\/4"}],"replies":[{"embeddable":true,"href":"https:\/\/motorista.com.br\/noticias\/wp-json\/wp\/v2\/comments?post=14284"}],"version-history":[{"count":0,"href":"https:\/\/motorista.com.br\/noticias\/wp-json\/wp\/v2\/posts\/14284\/revisions"}],"wp:featuredmedia":[{"embeddable":true,"href":"https:\/\/motorista.com.br\/noticias\/wp-json\/wp\/v2\/media\/14285"}],"wp:attachment":[{"href":"https:\/\/motorista.com.br\/noticias\/wp-json\/wp\/v2\/media?parent=14284"}],"wp:term":[{"taxonomy":"category","embeddable":true,"href":"https:\/\/motorista.com.br\/noticias\/wp-json\/wp\/v2\/categories?post=14284"},{"taxonomy":"post_tag","embeddable":true,"href":"https:\/\/motorista.com.br\/noticias\/wp-json\/wp\/v2\/tags?post=14284"},{"taxonomy":"author","embeddable":true,"href":"https:\/\/motorista.com.br\/noticias\/wp-json\/wp\/v2\/coauthors?post=14284"}],"curies":[{"name":"wp","href":"https:\/\/api.w.org\/{rel}","templated":true}]}}