{"id":14282,"date":"2026-09-03T12:07:59","date_gmt":"2026-09-03T15:07:59","guid":{"rendered":"https:\/\/motorista.com.br\/noticias\/2026\/09\/03\/invent-preserva-sua-essencia-e-expande-globalmente\/"},"modified":"2026-09-03T12:07:59","modified_gmt":"2026-09-03T15:07:59","slug":"invent-preserva-sua-essencia-e-expande-globalmente","status":"publish","type":"post","link":"https:\/\/motorista.com.br\/noticias\/2026\/09\/03\/invent-preserva-sua-essencia-e-expande-globalmente\/","title":{"rendered":"Invent preserva sua ess\u00eancia e expande globalmente."},"content":{"rendered":"<p><\/p>\n<div>\n<h4 style=\"text-align:center\">Invent Mant\u00e9m Ess\u00eancia e Ganha Escala Global<\/h4>\n<p>Na primeira entrevista concedida desde que a italiana Comau anunciou, em 18 de maio, o acordo para aquisi\u00e7\u00e3o da Invent, o CEO e cofundador da empresa, Leonardo Araki, ressalta que essa opera\u00e7\u00e3o representa uma nova fase de crescimento, sem desvirtuar a trajet\u00f3ria consolidada da companhia. A transa\u00e7\u00e3o, que culminou na compra de 100% das a\u00e7\u00f5es em 7 de julho, garantiu a preserva\u00e7\u00e3o da estrutura organizacional e da lideran\u00e7a atual da Invent.<\/p>\n<p>Araki enfatiza que todos os clientes, contratos e projetos em andamento continuar\u00e3o sob a mesma dire\u00e7\u00e3o, agora potencializados pela capacidade de engenharia da Comau, acesso a novas tecnologias e um alcance internacional. Assim, a Invent se integra \u00e0 plataforma de intralog\u00edstica da Comau, ao lado da Automha, adquirida em 2024.<\/p>\n<p>Essa sinergia permitir\u00e1 que o software de gest\u00e3o da Invent, junto aos sistemas automatizados da Automha e a tecnologia da Comau, ofere\u00e7am solu\u00e7\u00f5es integradas que v\u00e3o do controle de estoque \u00e0 movimenta\u00e7\u00e3o de materiais e \u00e0 produ\u00e7\u00e3o, expandindo a presen\u00e7a da tecnologia brasileira em novos mercados.<\/p>\n<h4><strong>Uma Nova Era de Oportunidades<\/strong><\/h4>\n<p>A aquisi\u00e7\u00e3o abre novas possibilidades para a Invent, que poder\u00e1 trabalhar em projetos fora do Brasil, integrando-se a um ecossistema global. O CEO destaca que a expans\u00e3o internacional n\u00e3o apenas fortalece a posi\u00e7\u00e3o da Invent em seu mercado local, mas tamb\u00e9m diversifica suas ofertas, aumentando as perspectivas de crescimento.<\/p>\n<p>Com a robustez da Comau, a Invent contar\u00e1 com uma rede global de clientes e tecnologias avan\u00e7adas em automa\u00e7\u00e3o, permitindo a introdu\u00e7\u00e3o de suas solu\u00e7\u00f5es em mercados ainda inexplorados, al\u00e9m de agregar valor \u00e0s opera\u00e7\u00f5es no Brasil.<\/p>\n<h4><strong>Impacto nas Opera\u00e7\u00f5es Di\u00e1rias<\/strong><\/h4>\n<p>Com a continuidade da estrutura e lideran\u00e7a, as opera\u00e7\u00f5es di\u00e1rias da Invent n\u00e3o sofrer\u00e3o mudan\u00e7as abruptas. Araki reitera que a equipe permanecer\u00e1 no centro da jornada de crescimento, garantindo que a integra\u00e7\u00e3o agrega valor ao que j\u00e1 \u00e9 oferecido.<\/p>\n<p>Os clientes devem perceber apenas um aumento na capacidade da Invent de entregar solu\u00e7\u00f5es ainda mais robustas e alinhadas \u00e0s melhores pr\u00e1ticas globais. A alian\u00e7a com a Comau possibilitar\u00e1 um portf\u00f3lio ampliado, que responder\u00e1 melhor \u00e0s crescentes demandas por solu\u00e7\u00f5es avan\u00e7adas em log\u00edstica e automa\u00e7\u00e3o.<\/p>\n<h4><strong>A Integra\u00e7\u00e3o de Tecnologias<\/strong><\/h4>\n<p>A integra\u00e7\u00e3o entre a intelig\u00eancia artificial da Invent e os sistemas de automa\u00e7\u00e3o da Automha ir\u00e1 criar um ecossistema log\u00edstico interconectado. A combina\u00e7\u00e3o das expertise em rob\u00f3tica da Comau e a infraestrutura da Automha permitir\u00e1 uma abordagem inovadora, onde o gerenciamento do estoque, a execu\u00e7\u00e3o das tarefas e o fluxo de materiais se encontram em um ambiente coeso.<\/p>\n<h4><strong>Perspectivas de Crescimento no Mercado<\/strong><\/h4>\n<p>A expectativa de crescimento anual de 13% na automa\u00e7\u00e3o intralog\u00edstica, projetada pela Comau, reflete a din\u00e2mica do mercado brasileiro. Setores como e-commerce e ind\u00fastria, especialmente o automotivo, est\u00e3o impulsionando essa demanda. A busca por processos mais \u00e1geis e eficientes torna a intralog\u00edstica uma parte vital dos neg\u00f3cios, promovendo flexibilidade e resili\u00eancia em opera\u00e7\u00f5es complexas.<\/p>\n<p>Essa integra\u00e7\u00e3o n\u00e3o s\u00f3 beneficiar\u00e1 a Invent, mas tamb\u00e9m os motoristas e a mobilidade geral, uma vez que solu\u00e7\u00f5es mais eficientes em log\u00edstica podem resultar em menos congestionamentos e um fluxo de mercadorias mais din\u00e2mico. O fortalecimento das cadeias de suprimentos contribui para uma distribui\u00e7\u00e3o mais r\u00e1pida e eficaz, refletindo em benef\u00edcios diretos na experi\u00eancia de transporte e movimenta\u00e7\u00e3o urbana.<\/p>\n<hr\/>\n<p><b>Fonte:<\/b> Abralog<\/p>\n<\/div>\n","protected":false},"excerpt":{"rendered":"<p>Invent Mant\u00e9m Ess\u00eancia e Ganha Escala Global Na primeira entrevista concedida desde que a italiana Comau anunciou, em 18 de maio, o acordo para aquisi\u00e7\u00e3o da Invent, o CEO e cofundador da empresa, Leonardo Araki, ressalta que essa opera\u00e7\u00e3o representa uma nova fase de crescimento, sem desvirtuar a trajet\u00f3ria consolidada da companhia. A transa\u00e7\u00e3o, que &hellip;<\/p>\n","protected":false},"author":4,"featured_media":14283,"comment_status":"","ping_status":"open","sticky":false,"template":"","format":"standard","meta":{"footnotes":""},"categories":[62],"tags":[],"coauthors":[42],"class_list":["post-14282","post","type-post","status-publish","format-standard","has-post-thumbnail","hentry","category-logistica"],"yoast_head":"<!-- This site is optimized with the Yoast SEO Premium plugin v27.6.1 (Yoast SEO v28.4) - https:\/\/yoast.com\/product\/yoast-seo-premium-wordpress\/ -->\n<title>Invent preserva sua ess\u00eancia e expande globalmente. - Motorista.com.br<\/title>\n<meta name=\"robots\" content=\"index, follow, max-snippet:-1, max-image-preview:large, max-video-preview:-1\" \/>\n<link rel=\"canonical\" href=\"https:\/\/motorista.com.br\/noticias\/2026\/09\/03\/invent-preserva-sua-essencia-e-expande-globalmente\/\" \/>\n<meta property=\"og:locale\" content=\"pt_BR\" \/>\n<meta property=\"og:type\" content=\"article\" \/>\n<meta property=\"og:title\" content=\"Invent preserva sua ess\u00eancia e expande globalmente.\" \/>\n<meta property=\"og:description\" content=\"Invent Mant\u00e9m Ess\u00eancia e Ganha Escala Global Na primeira entrevista concedida desde que a italiana Comau anunciou, em 18 de maio, o acordo para aquisi\u00e7\u00e3o da Invent, o CEO e cofundador da empresa, Leonardo Araki, ressalta que essa opera\u00e7\u00e3o representa uma nova fase de crescimento, sem desvirtuar a trajet\u00f3ria consolidada da companhia. A transa\u00e7\u00e3o, que &hellip;\" \/>\n<meta property=\"og:url\" content=\"https:\/\/motorista.com.br\/noticias\/2026\/09\/03\/invent-preserva-sua-essencia-e-expande-globalmente\/\" \/>\n<meta property=\"og:site_name\" content=\"Motorista.com.br\" \/>\n<meta property=\"article:published_time\" content=\"2026-09-03T15:07:59+00:00\" \/>\n<meta name=\"author\" content=\"Equipe Reda\u00e7\u00e3o\" \/>\n<meta name=\"twitter:card\" content=\"summary_large_image\" \/>\n<meta name=\"twitter:label1\" content=\"Escrito por\" \/>\n\t<meta name=\"twitter:data1\" content=\"Equipe Reda\u00e7\u00e3o\" \/>\n\t<meta name=\"twitter:label2\" content=\"Est. tempo de leitura\" \/>\n\t<meta name=\"twitter:data2\" content=\"3 minutos\" \/>\n\t<meta name=\"twitter:label3\" content=\"Written by\" \/>\n\t<meta name=\"twitter:data3\" content=\"Equipe Reda\u00e7\u00e3o\" \/>\n<script type=\"application\/ld+json\" class=\"yoast-schema-graph\">{\"@context\":\"https:\\\/\\\/schema.org\",\"@graph\":[{\"@type\":\"Article\",\"@id\":\"https:\\\/\\\/motorista.com.br\\\/noticias\\\/2026\\\/09\\\/03\\\/invent-preserva-sua-essencia-e-expande-globalmente\\\/#article\",\"isPartOf\":{\"@id\":\"https:\\\/\\\/motorista.com.br\\\/noticias\\\/2026\\\/09\\\/03\\\/invent-preserva-sua-essencia-e-expande-globalmente\\\/\"},\"author\":{\"name\":\"Equipe Reda\u00e7\u00e3o\",\"@id\":\"https:\\\/\\\/motorista.com.br\\\/noticias\\\/#\\\/schema\\\/person\\\/dc93afc2981c0e3ce6bc3c053fd847be\"},\"headline\":\"Invent preserva sua ess\u00eancia e expande globalmente.\",\"datePublished\":\"2026-09-03T15:07:59+00:00\",\"mainEntityOfPage\":{\"@id\":\"https:\\\/\\\/motorista.com.br\\\/noticias\\\/2026\\\/09\\\/03\\\/invent-preserva-sua-essencia-e-expande-globalmente\\\/\"},\"wordCount\":610,\"publisher\":{\"@id\":\"https:\\\/\\\/motorista.com.br\\\/noticias\\\/#organization\"},\"image\":{\"@id\":\"https:\\\/\\\/motorista.com.br\\\/noticias\\\/2026\\\/09\\\/03\\\/invent-preserva-sua-essencia-e-expande-globalmente\\\/#primaryimage\"},\"thumbnailUrl\":\"https:\\\/\\\/motorista.com.br\\\/noticias\\\/wp-content\\\/uploads\\\/2026\\\/09\\\/ID-AB-1000-px-x-830-px-Invent.png\",\"articleSection\":[\"Log\u00edstica\"],\"inLanguage\":\"pt-BR\"},{\"@type\":\"WebPage\",\"@id\":\"https:\\\/\\\/motorista.com.br\\\/noticias\\\/2026\\\/09\\\/03\\\/invent-preserva-sua-essencia-e-expande-globalmente\\\/\",\"url\":\"https:\\\/\\\/motorista.com.br\\\/noticias\\\/2026\\\/09\\\/03\\\/invent-preserva-sua-essencia-e-expande-globalmente\\\/\",\"name\":\"Invent preserva sua ess\u00eancia e expande globalmente. - Motorista.com.br\",\"isPartOf\":{\"@id\":\"https:\\\/\\\/motorista.com.br\\\/noticias\\\/#website\"},\"primaryImageOfPage\":{\"@id\":\"https:\\\/\\\/motorista.com.br\\\/noticias\\\/2026\\\/09\\\/03\\\/invent-preserva-sua-essencia-e-expande-globalmente\\\/#primaryimage\"},\"image\":{\"@id\":\"https:\\\/\\\/motorista.com.br\\\/noticias\\\/2026\\\/09\\\/03\\\/invent-preserva-sua-essencia-e-expande-globalmente\\\/#primaryimage\"},\"thumbnailUrl\":\"https:\\\/\\\/motorista.com.br\\\/noticias\\\/wp-content\\\/uploads\\\/2026\\\/09\\\/ID-AB-1000-px-x-830-px-Invent.png\",\"datePublished\":\"2026-09-03T15:07:59+00:00\",\"breadcrumb\":{\"@id\":\"https:\\\/\\\/motorista.com.br\\\/noticias\\\/2026\\\/09\\\/03\\\/invent-preserva-sua-essencia-e-expande-globalmente\\\/#breadcrumb\"},\"inLanguage\":\"pt-BR\",\"potentialAction\":[{\"@type\":\"ReadAction\",\"target\":[\"https:\\\/\\\/motorista.com.br\\\/noticias\\\/2026\\\/09\\\/03\\\/invent-preserva-sua-essencia-e-expande-globalmente\\\/\"]}]},{\"@type\":\"ImageObject\",\"inLanguage\":\"pt-BR\",\"@id\":\"https:\\\/\\\/motorista.com.br\\\/noticias\\\/2026\\\/09\\\/03\\\/invent-preserva-sua-essencia-e-expande-globalmente\\\/#primaryimage\",\"url\":\"https:\\\/\\\/motorista.com.br\\\/noticias\\\/wp-content\\\/uploads\\\/2026\\\/09\\\/ID-AB-1000-px-x-830-px-Invent.png\",\"contentUrl\":\"https:\\\/\\\/motorista.com.br\\\/noticias\\\/wp-content\\\/uploads\\\/2026\\\/09\\\/ID-AB-1000-px-x-830-px-Invent.png\",\"width\":1000,\"height\":830},{\"@type\":\"BreadcrumbList\",\"@id\":\"https:\\\/\\\/motorista.com.br\\\/noticias\\\/2026\\\/09\\\/03\\\/invent-preserva-sua-essencia-e-expande-globalmente\\\/#breadcrumb\",\"itemListElement\":[{\"@type\":\"ListItem\",\"position\":1,\"name\":\"In\u00edcio\",\"item\":\"https:\\\/\\\/motorista.com.br\\\/noticias\\\/\"},{\"@type\":\"ListItem\",\"position\":2,\"name\":\"Invent preserva sua ess\u00eancia e expande globalmente.\"}]},{\"@type\":\"WebSite\",\"@id\":\"https:\\\/\\\/motorista.com.br\\\/noticias\\\/#website\",\"url\":\"https:\\\/\\\/motorista.com.br\\\/noticias\\\/\",\"name\":\"Motorista.com.br\",\"description\":\"Not\u00edcia do Motorista\",\"publisher\":{\"@id\":\"https:\\\/\\\/motorista.com.br\\\/noticias\\\/#organization\"},\"potentialAction\":[{\"@type\":\"SearchAction\",\"target\":{\"@type\":\"EntryPoint\",\"urlTemplate\":\"https:\\\/\\\/motorista.com.br\\\/noticias\\\/?s={search_term_string}\"},\"query-input\":{\"@type\":\"PropertyValueSpecification\",\"valueRequired\":true,\"valueName\":\"search_term_string\"}}],\"inLanguage\":\"pt-BR\"},{\"@type\":\"Organization\",\"@id\":\"https:\\\/\\\/motorista.com.br\\\/noticias\\\/#organization\",\"name\":\"Motorista.com.br\",\"url\":\"https:\\\/\\\/motorista.com.br\\\/noticias\\\/\",\"logo\":{\"@type\":\"ImageObject\",\"inLanguage\":\"pt-BR\",\"@id\":\"https:\\\/\\\/motorista.com.br\\\/noticias\\\/#\\\/schema\\\/logo\\\/image\\\/\",\"url\":\"https:\\\/\\\/motorista.com.br\\\/noticias\\\/wp-content\\\/uploads\\\/2025\\\/06\\\/Design-sem-nome-9.png\",\"contentUrl\":\"https:\\\/\\\/motorista.com.br\\\/noticias\\\/wp-content\\\/uploads\\\/2025\\\/06\\\/Design-sem-nome-9.png\",\"width\":150,\"height\":85,\"caption\":\"Motorista.com.br\"},\"image\":{\"@id\":\"https:\\\/\\\/motorista.com.br\\\/noticias\\\/#\\\/schema\\\/logo\\\/image\\\/\"}},{\"@type\":\"Person\",\"@id\":\"https:\\\/\\\/motorista.com.br\\\/noticias\\\/#\\\/schema\\\/person\\\/dc93afc2981c0e3ce6bc3c053fd847be\",\"name\":\"Equipe Reda\u00e7\u00e3o\",\"image\":{\"@type\":\"ImageObject\",\"inLanguage\":\"pt-BR\",\"@id\":\"https:\\\/\\\/secure.gravatar.com\\\/avatar\\\/4f525efbf18dd2bb300ccad28bfb99d95a9465a5ba268407c8c37b37e1f28d2d?s=96&d=mm&r=g9e099043a0c61e9ae27e293b9fa75ffc\",\"url\":\"https:\\\/\\\/secure.gravatar.com\\\/avatar\\\/4f525efbf18dd2bb300ccad28bfb99d95a9465a5ba268407c8c37b37e1f28d2d?s=96&d=mm&r=g\",\"contentUrl\":\"https:\\\/\\\/secure.gravatar.com\\\/avatar\\\/4f525efbf18dd2bb300ccad28bfb99d95a9465a5ba268407c8c37b37e1f28d2d?s=96&d=mm&r=g\",\"caption\":\"Equipe Reda\u00e7\u00e3o\"},\"description\":\"Equipe de reda\u00e7\u00e3o \u00e9 um grupo de profissionais que trabalham juntos para criar conte\u00fado escrito para Motorista.com.br\",\"url\":\"https:\\\/\\\/motorista.com.br\\\/noticias\\\/author\\\/equiperedacao\\\/\"}]}<\/script>\n<!-- \/ Yoast SEO Premium plugin. -->","yoast_head_json":{"title":"Invent preserva sua ess\u00eancia e expande globalmente. - Motorista.com.br","robots":{"index":"index","follow":"follow","max-snippet":"max-snippet:-1","max-image-preview":"max-image-preview:large","max-video-preview":"max-video-preview:-1"},"canonical":"https:\/\/motorista.com.br\/noticias\/2026\/09\/03\/invent-preserva-sua-essencia-e-expande-globalmente\/","og_locale":"pt_BR","og_type":"article","og_title":"Invent preserva sua ess\u00eancia e expande globalmente.","og_description":"Invent Mant\u00e9m Ess\u00eancia e Ganha Escala Global Na primeira entrevista concedida desde que a italiana Comau anunciou, em 18 de maio, o acordo para aquisi\u00e7\u00e3o da Invent, o CEO e cofundador da empresa, Leonardo Araki, ressalta que essa opera\u00e7\u00e3o representa uma nova fase de crescimento, sem desvirtuar a trajet\u00f3ria consolidada da companhia. A transa\u00e7\u00e3o, que &hellip;","og_url":"https:\/\/motorista.com.br\/noticias\/2026\/09\/03\/invent-preserva-sua-essencia-e-expande-globalmente\/","og_site_name":"Motorista.com.br","article_published_time":"2026-09-03T15:07:59+00:00","author":"Equipe Reda\u00e7\u00e3o","twitter_card":"summary_large_image","twitter_misc":{"Escrito por":"Equipe Reda\u00e7\u00e3o","Est. tempo de leitura":"3 minutos","Written by":"Equipe Reda\u00e7\u00e3o"},"schema":{"@context":"https:\/\/schema.org","@graph":[{"@type":"Article","@id":"https:\/\/motorista.com.br\/noticias\/2026\/09\/03\/invent-preserva-sua-essencia-e-expande-globalmente\/#article","isPartOf":{"@id":"https:\/\/motorista.com.br\/noticias\/2026\/09\/03\/invent-preserva-sua-essencia-e-expande-globalmente\/"},"author":{"name":"Equipe Reda\u00e7\u00e3o","@id":"https:\/\/motorista.com.br\/noticias\/#\/schema\/person\/dc93afc2981c0e3ce6bc3c053fd847be"},"headline":"Invent preserva sua ess\u00eancia e expande globalmente.","datePublished":"2026-09-03T15:07:59+00:00","mainEntityOfPage":{"@id":"https:\/\/motorista.com.br\/noticias\/2026\/09\/03\/invent-preserva-sua-essencia-e-expande-globalmente\/"},"wordCount":610,"publisher":{"@id":"https:\/\/motorista.com.br\/noticias\/#organization"},"image":{"@id":"https:\/\/motorista.com.br\/noticias\/2026\/09\/03\/invent-preserva-sua-essencia-e-expande-globalmente\/#primaryimage"},"thumbnailUrl":"https:\/\/motorista.com.br\/noticias\/wp-content\/uploads\/2026\/09\/ID-AB-1000-px-x-830-px-Invent.png","articleSection":["Log\u00edstica"],"inLanguage":"pt-BR"},{"@type":"WebPage","@id":"https:\/\/motorista.com.br\/noticias\/2026\/09\/03\/invent-preserva-sua-essencia-e-expande-globalmente\/","url":"https:\/\/motorista.com.br\/noticias\/2026\/09\/03\/invent-preserva-sua-essencia-e-expande-globalmente\/","name":"Invent preserva sua ess\u00eancia e expande globalmente. - Motorista.com.br","isPartOf":{"@id":"https:\/\/motorista.com.br\/noticias\/#website"},"primaryImageOfPage":{"@id":"https:\/\/motorista.com.br\/noticias\/2026\/09\/03\/invent-preserva-sua-essencia-e-expande-globalmente\/#primaryimage"},"image":{"@id":"https:\/\/motorista.com.br\/noticias\/2026\/09\/03\/invent-preserva-sua-essencia-e-expande-globalmente\/#primaryimage"},"thumbnailUrl":"https:\/\/motorista.com.br\/noticias\/wp-content\/uploads\/2026\/09\/ID-AB-1000-px-x-830-px-Invent.png","datePublished":"2026-09-03T15:07:59+00:00","breadcrumb":{"@id":"https:\/\/motorista.com.br\/noticias\/2026\/09\/03\/invent-preserva-sua-essencia-e-expande-globalmente\/#breadcrumb"},"inLanguage":"pt-BR","potentialAction":[{"@type":"ReadAction","target":["https:\/\/motorista.com.br\/noticias\/2026\/09\/03\/invent-preserva-sua-essencia-e-expande-globalmente\/"]}]},{"@type":"ImageObject","inLanguage":"pt-BR","@id":"https:\/\/motorista.com.br\/noticias\/2026\/09\/03\/invent-preserva-sua-essencia-e-expande-globalmente\/#primaryimage","url":"https:\/\/motorista.com.br\/noticias\/wp-content\/uploads\/2026\/09\/ID-AB-1000-px-x-830-px-Invent.png","contentUrl":"https:\/\/motorista.com.br\/noticias\/wp-content\/uploads\/2026\/09\/ID-AB-1000-px-x-830-px-Invent.png","width":1000,"height":830},{"@type":"BreadcrumbList","@id":"https:\/\/motorista.com.br\/noticias\/2026\/09\/03\/invent-preserva-sua-essencia-e-expande-globalmente\/#breadcrumb","itemListElement":[{"@type":"ListItem","position":1,"name":"In\u00edcio","item":"https:\/\/motorista.com.br\/noticias\/"},{"@type":"ListItem","position":2,"name":"Invent preserva sua ess\u00eancia e expande globalmente."}]},{"@type":"WebSite","@id":"https:\/\/motorista.com.br\/noticias\/#website","url":"https:\/\/motorista.com.br\/noticias\/","name":"Motorista.com.br","description":"Not\u00edcia do Motorista","publisher":{"@id":"https:\/\/motorista.com.br\/noticias\/#organization"},"potentialAction":[{"@type":"SearchAction","target":{"@type":"EntryPoint","urlTemplate":"https:\/\/motorista.com.br\/noticias\/?s={search_term_string}"},"query-input":{"@type":"PropertyValueSpecification","valueRequired":true,"valueName":"search_term_string"}}],"inLanguage":"pt-BR"},{"@type":"Organization","@id":"https:\/\/motorista.com.br\/noticias\/#organization","name":"Motorista.com.br","url":"https:\/\/motorista.com.br\/noticias\/","logo":{"@type":"ImageObject","inLanguage":"pt-BR","@id":"https:\/\/motorista.com.br\/noticias\/#\/schema\/logo\/image\/","url":"https:\/\/motorista.com.br\/noticias\/wp-content\/uploads\/2025\/06\/Design-sem-nome-9.png","contentUrl":"https:\/\/motorista.com.br\/noticias\/wp-content\/uploads\/2025\/06\/Design-sem-nome-9.png","width":150,"height":85,"caption":"Motorista.com.br"},"image":{"@id":"https:\/\/motorista.com.br\/noticias\/#\/schema\/logo\/image\/"}},{"@type":"Person","@id":"https:\/\/motorista.com.br\/noticias\/#\/schema\/person\/dc93afc2981c0e3ce6bc3c053fd847be","name":"Equipe Reda\u00e7\u00e3o","image":{"@type":"ImageObject","inLanguage":"pt-BR","@id":"https:\/\/secure.gravatar.com\/avatar\/4f525efbf18dd2bb300ccad28bfb99d95a9465a5ba268407c8c37b37e1f28d2d?s=96&d=mm&r=g9e099043a0c61e9ae27e293b9fa75ffc","url":"https:\/\/secure.gravatar.com\/avatar\/4f525efbf18dd2bb300ccad28bfb99d95a9465a5ba268407c8c37b37e1f28d2d?s=96&d=mm&r=g","contentUrl":"https:\/\/secure.gravatar.com\/avatar\/4f525efbf18dd2bb300ccad28bfb99d95a9465a5ba268407c8c37b37e1f28d2d?s=96&d=mm&r=g","caption":"Equipe Reda\u00e7\u00e3o"},"description":"Equipe de reda\u00e7\u00e3o \u00e9 um grupo de profissionais que trabalham juntos para criar conte\u00fado escrito para Motorista.com.br","url":"https:\/\/motorista.com.br\/noticias\/author\/equiperedacao\/"}]}},"_links":{"self":[{"href":"https:\/\/motorista.com.br\/noticias\/wp-json\/wp\/v2\/posts\/14282","targetHints":{"allow":["GET"]}}],"collection":[{"href":"https:\/\/motorista.com.br\/noticias\/wp-json\/wp\/v2\/posts"}],"about":[{"href":"https:\/\/motorista.com.br\/noticias\/wp-json\/wp\/v2\/types\/post"}],"author":[{"embeddable":true,"href":"https:\/\/motorista.com.br\/noticias\/wp-json\/wp\/v2\/users\/4"}],"replies":[{"embeddable":true,"href":"https:\/\/motorista.com.br\/noticias\/wp-json\/wp\/v2\/comments?post=14282"}],"version-history":[{"count":0,"href":"https:\/\/motorista.com.br\/noticias\/wp-json\/wp\/v2\/posts\/14282\/revisions"}],"wp:featuredmedia":[{"embeddable":true,"href":"https:\/\/motorista.com.br\/noticias\/wp-json\/wp\/v2\/media\/14283"}],"wp:attachment":[{"href":"https:\/\/motorista.com.br\/noticias\/wp-json\/wp\/v2\/media?parent=14282"}],"wp:term":[{"taxonomy":"category","embeddable":true,"href":"https:\/\/motorista.com.br\/noticias\/wp-json\/wp\/v2\/categories?post=14282"},{"taxonomy":"post_tag","embeddable":true,"href":"https:\/\/motorista.com.br\/noticias\/wp-json\/wp\/v2\/tags?post=14282"},{"taxonomy":"author","embeddable":true,"href":"https:\/\/motorista.com.br\/noticias\/wp-json\/wp\/v2\/coauthors?post=14282"}],"curies":[{"name":"wp","href":"https:\/\/api.w.org\/{rel}","templated":true}]}}