{"id":14281,"date":"2026-09-03T11:39:56","date_gmt":"2026-09-03T14:39:56","guid":{"rendered":"https:\/\/motorista.com.br\/noticias\/2026\/09\/03\/caminhoneiro-falece-apos-queda-de-caminhao-na-serra-de-maracaju-2\/"},"modified":"2026-09-03T11:39:56","modified_gmt":"2026-09-03T14:39:56","slug":"caminhoneiro-falece-apos-queda-de-caminhao-na-serra-de-maracaju-2","status":"publish","type":"post","link":"https:\/\/motorista.com.br\/noticias\/2026\/09\/03\/caminhoneiro-falece-apos-queda-de-caminhao-na-serra-de-maracaju-2\/","title":{"rendered":"Caminhoneiro falece ap\u00f3s queda de caminh\u00e3o na Serra de Maracaju."},"content":{"rendered":"<p><\/p>\n<p><strong>Caminhoneiro morre ap\u00f3s caminh\u00e3o despencar na Serra de Maracaju<\/strong><\/p>\n<p>Um caminhoneiro de 41 anos morreu ap\u00f3s o caminh\u00e3o que dirigia sair da pista e capotar em uma ribanceira na Serra de Maracaju, em Mato Grosso do Sul. O acidente ocorreu pela manh\u00e3, no km 516 da BR-060, na regi\u00e3o de Nioaque.<\/p>\n<p>A v\u00edtima, identificada como M\u00e1rcio de Oliveira Raimundo, dirigia um caminh\u00e3o Mercedes-Benz que transportava blocos de concreto. Durante o trajeto, parte da carga se espalhou pela rodovia, o que pode ter contribu\u00eddo para a perda de controle do ve\u00edculo. Em seguida, o caminh\u00e3o saiu da pista, atingiu a defensa met\u00e1lica e capotou na ribanceira.<\/p>\n<p>Devido \u00e0 gravidade do acidente, o caminhoneiro ficou preso entre as ferragens. Equipes do Corpo de Bombeiros de Jardim foram acionadas, mas infelizmente, o motorista n\u00e3o resistiu aos ferimentos.<\/p>\n<p>A Pol\u00edcia Rodovi\u00e1ria Federal, a Pol\u00edcia Civil e equipes de per\u00edcia tamb\u00e9m estiveram no local para investigar o acidente. O corpo foi retirado e encaminhado ao Instituto M\u00e9dico Legal. M\u00e1rcio era morador de Sidrol\u00e2ndia e natural de Eldorado, no interior de Mato Grosso do Sul.<\/p>\n<p>Esse tr\u00e1gico incidente destaca a import\u00e2ncia da seguran\u00e7a nas estradas, especialmente para os caminhoneiros que percorrem rotas sinuosas e perigosas como a Serra de Maracaju. A perda de controle em situa\u00e7\u00f5es como essa n\u00e3o afeta apenas o motorista, mas tem um impacto profundo em suas fam\u00edlias e no transporte de mercadorias essenciais. <\/p>\n<p>Iniciativas que melhorem a infraestrutura das rodovias e programas voltados para a conscientiza\u00e7\u00e3o dos motoristas sobre os riscos de derramamento de carga podem contribuir significativamente para reduzir acidentes. Ao investirmos em medidas de seguran\u00e7a e manuten\u00e7\u00e3o criteriosa das vias, n\u00e3o apenas protegemos os motoristas, mas tamb\u00e9m garantimos uma mobilidade mais eficiente para todos que dependem do transporte rodovi\u00e1rio.<\/p>\n<p><strong>Fonte: brasildotrecho<\/strong><\/p>\n","protected":false},"excerpt":{"rendered":"<p>Caminhoneiro morre ap\u00f3s caminh\u00e3o despencar na Serra de Maracaju Um caminhoneiro de 41 anos morreu ap\u00f3s o caminh\u00e3o que dirigia sair da pista e capotar em uma ribanceira na Serra de Maracaju, em Mato Grosso do Sul. O acidente ocorreu pela manh\u00e3, no km 516 da BR-060, na regi\u00e3o de Nioaque. A v\u00edtima, identificada como &hellip;<\/p>\n","protected":false},"author":4,"featured_media":14280,"comment_status":"","ping_status":"open","sticky":false,"template":"","format":"standard","meta":{"footnotes":""},"categories":[77],"tags":[],"coauthors":[42],"class_list":["post-14281","post","type-post","status-publish","format-standard","has-post-thumbnail","hentry","category-motorista"],"yoast_head":"<!-- This site is optimized with the Yoast SEO Premium plugin v27.6.1 (Yoast SEO v28.4) - https:\/\/yoast.com\/product\/yoast-seo-premium-wordpress\/ -->\n<title>Caminhoneiro falece ap\u00f3s queda de caminh\u00e3o na Serra de Maracaju. - Motorista.com.br<\/title>\n<meta name=\"robots\" content=\"index, follow, max-snippet:-1, max-image-preview:large, max-video-preview:-1\" \/>\n<link rel=\"canonical\" href=\"https:\/\/motorista.com.br\/noticias\/2026\/09\/03\/caminhoneiro-falece-apos-queda-de-caminhao-na-serra-de-maracaju-2\/\" \/>\n<meta property=\"og:locale\" content=\"pt_BR\" \/>\n<meta property=\"og:type\" content=\"article\" \/>\n<meta property=\"og:title\" content=\"Caminhoneiro falece ap\u00f3s queda de caminh\u00e3o na Serra de Maracaju.\" \/>\n<meta property=\"og:description\" content=\"Caminhoneiro morre ap\u00f3s caminh\u00e3o despencar na Serra de Maracaju Um caminhoneiro de 41 anos morreu ap\u00f3s o caminh\u00e3o que dirigia sair da pista e capotar em uma ribanceira na Serra de Maracaju, em Mato Grosso do Sul. O acidente ocorreu pela manh\u00e3, no km 516 da BR-060, na regi\u00e3o de Nioaque. A v\u00edtima, identificada como &hellip;\" \/>\n<meta property=\"og:url\" content=\"https:\/\/motorista.com.br\/noticias\/2026\/09\/03\/caminhoneiro-falece-apos-queda-de-caminhao-na-serra-de-maracaju-2\/\" \/>\n<meta property=\"og:site_name\" content=\"Motorista.com.br\" \/>\n<meta property=\"article:published_time\" content=\"2026-09-03T14:39:56+00:00\" \/>\n<meta name=\"author\" content=\"Equipe Reda\u00e7\u00e3o\" \/>\n<meta name=\"twitter:card\" content=\"summary_large_image\" \/>\n<meta name=\"twitter:label1\" content=\"Escrito por\" \/>\n\t<meta name=\"twitter:data1\" content=\"Equipe Reda\u00e7\u00e3o\" \/>\n\t<meta name=\"twitter:label2\" content=\"Est. tempo de leitura\" \/>\n\t<meta name=\"twitter:data2\" content=\"2 minutos\" \/>\n\t<meta name=\"twitter:label3\" content=\"Written by\" \/>\n\t<meta name=\"twitter:data3\" content=\"Equipe Reda\u00e7\u00e3o\" \/>\n<script type=\"application\/ld+json\" class=\"yoast-schema-graph\">{\"@context\":\"https:\\\/\\\/schema.org\",\"@graph\":[{\"@type\":\"Article\",\"@id\":\"https:\\\/\\\/motorista.com.br\\\/noticias\\\/2026\\\/09\\\/03\\\/caminhoneiro-falece-apos-queda-de-caminhao-na-serra-de-maracaju-2\\\/#article\",\"isPartOf\":{\"@id\":\"https:\\\/\\\/motorista.com.br\\\/noticias\\\/2026\\\/09\\\/03\\\/caminhoneiro-falece-apos-queda-de-caminhao-na-serra-de-maracaju-2\\\/\"},\"author\":{\"name\":\"Equipe Reda\u00e7\u00e3o\",\"@id\":\"https:\\\/\\\/motorista.com.br\\\/noticias\\\/#\\\/schema\\\/person\\\/dc93afc2981c0e3ce6bc3c053fd847be\"},\"headline\":\"Caminhoneiro falece ap\u00f3s queda de caminh\u00e3o na Serra de Maracaju.\",\"datePublished\":\"2026-09-03T14:39:56+00:00\",\"mainEntityOfPage\":{\"@id\":\"https:\\\/\\\/motorista.com.br\\\/noticias\\\/2026\\\/09\\\/03\\\/caminhoneiro-falece-apos-queda-de-caminhao-na-serra-de-maracaju-2\\\/\"},\"wordCount\":333,\"publisher\":{\"@id\":\"https:\\\/\\\/motorista.com.br\\\/noticias\\\/#organization\"},\"image\":{\"@id\":\"https:\\\/\\\/motorista.com.br\\\/noticias\\\/2026\\\/09\\\/03\\\/caminhoneiro-falece-apos-queda-de-caminhao-na-serra-de-maracaju-2\\\/#primaryimage\"},\"thumbnailUrl\":\"https:\\\/\\\/motorista.com.br\\\/noticias\\\/wp-content\\\/uploads\\\/2026\\\/09\\\/acidente-caminhoneiro.jpg\",\"articleSection\":[\"Motorista\"],\"inLanguage\":\"pt-BR\"},{\"@type\":\"WebPage\",\"@id\":\"https:\\\/\\\/motorista.com.br\\\/noticias\\\/2026\\\/09\\\/03\\\/caminhoneiro-falece-apos-queda-de-caminhao-na-serra-de-maracaju-2\\\/\",\"url\":\"https:\\\/\\\/motorista.com.br\\\/noticias\\\/2026\\\/09\\\/03\\\/caminhoneiro-falece-apos-queda-de-caminhao-na-serra-de-maracaju-2\\\/\",\"name\":\"Caminhoneiro falece ap\u00f3s queda de caminh\u00e3o na Serra de Maracaju. - Motorista.com.br\",\"isPartOf\":{\"@id\":\"https:\\\/\\\/motorista.com.br\\\/noticias\\\/#website\"},\"primaryImageOfPage\":{\"@id\":\"https:\\\/\\\/motorista.com.br\\\/noticias\\\/2026\\\/09\\\/03\\\/caminhoneiro-falece-apos-queda-de-caminhao-na-serra-de-maracaju-2\\\/#primaryimage\"},\"image\":{\"@id\":\"https:\\\/\\\/motorista.com.br\\\/noticias\\\/2026\\\/09\\\/03\\\/caminhoneiro-falece-apos-queda-de-caminhao-na-serra-de-maracaju-2\\\/#primaryimage\"},\"thumbnailUrl\":\"https:\\\/\\\/motorista.com.br\\\/noticias\\\/wp-content\\\/uploads\\\/2026\\\/09\\\/acidente-caminhoneiro.jpg\",\"datePublished\":\"2026-09-03T14:39:56+00:00\",\"breadcrumb\":{\"@id\":\"https:\\\/\\\/motorista.com.br\\\/noticias\\\/2026\\\/09\\\/03\\\/caminhoneiro-falece-apos-queda-de-caminhao-na-serra-de-maracaju-2\\\/#breadcrumb\"},\"inLanguage\":\"pt-BR\",\"potentialAction\":[{\"@type\":\"ReadAction\",\"target\":[\"https:\\\/\\\/motorista.com.br\\\/noticias\\\/2026\\\/09\\\/03\\\/caminhoneiro-falece-apos-queda-de-caminhao-na-serra-de-maracaju-2\\\/\"]}]},{\"@type\":\"ImageObject\",\"inLanguage\":\"pt-BR\",\"@id\":\"https:\\\/\\\/motorista.com.br\\\/noticias\\\/2026\\\/09\\\/03\\\/caminhoneiro-falece-apos-queda-de-caminhao-na-serra-de-maracaju-2\\\/#primaryimage\",\"url\":\"https:\\\/\\\/motorista.com.br\\\/noticias\\\/wp-content\\\/uploads\\\/2026\\\/09\\\/acidente-caminhoneiro.jpg\",\"contentUrl\":\"https:\\\/\\\/motorista.com.br\\\/noticias\\\/wp-content\\\/uploads\\\/2026\\\/09\\\/acidente-caminhoneiro.jpg\",\"width\":1280,\"height\":1133},{\"@type\":\"BreadcrumbList\",\"@id\":\"https:\\\/\\\/motorista.com.br\\\/noticias\\\/2026\\\/09\\\/03\\\/caminhoneiro-falece-apos-queda-de-caminhao-na-serra-de-maracaju-2\\\/#breadcrumb\",\"itemListElement\":[{\"@type\":\"ListItem\",\"position\":1,\"name\":\"In\u00edcio\",\"item\":\"https:\\\/\\\/motorista.com.br\\\/noticias\\\/\"},{\"@type\":\"ListItem\",\"position\":2,\"name\":\"Caminhoneiro falece ap\u00f3s queda de caminh\u00e3o na Serra de Maracaju.\"}]},{\"@type\":\"WebSite\",\"@id\":\"https:\\\/\\\/motorista.com.br\\\/noticias\\\/#website\",\"url\":\"https:\\\/\\\/motorista.com.br\\\/noticias\\\/\",\"name\":\"Motorista.com.br\",\"description\":\"Not\u00edcia do Motorista\",\"publisher\":{\"@id\":\"https:\\\/\\\/motorista.com.br\\\/noticias\\\/#organization\"},\"potentialAction\":[{\"@type\":\"SearchAction\",\"target\":{\"@type\":\"EntryPoint\",\"urlTemplate\":\"https:\\\/\\\/motorista.com.br\\\/noticias\\\/?s={search_term_string}\"},\"query-input\":{\"@type\":\"PropertyValueSpecification\",\"valueRequired\":true,\"valueName\":\"search_term_string\"}}],\"inLanguage\":\"pt-BR\"},{\"@type\":\"Organization\",\"@id\":\"https:\\\/\\\/motorista.com.br\\\/noticias\\\/#organization\",\"name\":\"Motorista.com.br\",\"url\":\"https:\\\/\\\/motorista.com.br\\\/noticias\\\/\",\"logo\":{\"@type\":\"ImageObject\",\"inLanguage\":\"pt-BR\",\"@id\":\"https:\\\/\\\/motorista.com.br\\\/noticias\\\/#\\\/schema\\\/logo\\\/image\\\/\",\"url\":\"https:\\\/\\\/motorista.com.br\\\/noticias\\\/wp-content\\\/uploads\\\/2025\\\/06\\\/Design-sem-nome-9.png\",\"contentUrl\":\"https:\\\/\\\/motorista.com.br\\\/noticias\\\/wp-content\\\/uploads\\\/2025\\\/06\\\/Design-sem-nome-9.png\",\"width\":150,\"height\":85,\"caption\":\"Motorista.com.br\"},\"image\":{\"@id\":\"https:\\\/\\\/motorista.com.br\\\/noticias\\\/#\\\/schema\\\/logo\\\/image\\\/\"}},{\"@type\":\"Person\",\"@id\":\"https:\\\/\\\/motorista.com.br\\\/noticias\\\/#\\\/schema\\\/person\\\/dc93afc2981c0e3ce6bc3c053fd847be\",\"name\":\"Equipe Reda\u00e7\u00e3o\",\"image\":{\"@type\":\"ImageObject\",\"inLanguage\":\"pt-BR\",\"@id\":\"https:\\\/\\\/secure.gravatar.com\\\/avatar\\\/4f525efbf18dd2bb300ccad28bfb99d95a9465a5ba268407c8c37b37e1f28d2d?s=96&d=mm&r=g9e099043a0c61e9ae27e293b9fa75ffc\",\"url\":\"https:\\\/\\\/secure.gravatar.com\\\/avatar\\\/4f525efbf18dd2bb300ccad28bfb99d95a9465a5ba268407c8c37b37e1f28d2d?s=96&d=mm&r=g\",\"contentUrl\":\"https:\\\/\\\/secure.gravatar.com\\\/avatar\\\/4f525efbf18dd2bb300ccad28bfb99d95a9465a5ba268407c8c37b37e1f28d2d?s=96&d=mm&r=g\",\"caption\":\"Equipe Reda\u00e7\u00e3o\"},\"description\":\"Equipe de reda\u00e7\u00e3o \u00e9 um grupo de profissionais que trabalham juntos para criar conte\u00fado escrito para Motorista.com.br\",\"url\":\"https:\\\/\\\/motorista.com.br\\\/noticias\\\/author\\\/equiperedacao\\\/\"}]}<\/script>\n<!-- \/ Yoast SEO Premium plugin. -->","yoast_head_json":{"title":"Caminhoneiro falece ap\u00f3s queda de caminh\u00e3o na Serra de Maracaju. - Motorista.com.br","robots":{"index":"index","follow":"follow","max-snippet":"max-snippet:-1","max-image-preview":"max-image-preview:large","max-video-preview":"max-video-preview:-1"},"canonical":"https:\/\/motorista.com.br\/noticias\/2026\/09\/03\/caminhoneiro-falece-apos-queda-de-caminhao-na-serra-de-maracaju-2\/","og_locale":"pt_BR","og_type":"article","og_title":"Caminhoneiro falece ap\u00f3s queda de caminh\u00e3o na Serra de Maracaju.","og_description":"Caminhoneiro morre ap\u00f3s caminh\u00e3o despencar na Serra de Maracaju Um caminhoneiro de 41 anos morreu ap\u00f3s o caminh\u00e3o que dirigia sair da pista e capotar em uma ribanceira na Serra de Maracaju, em Mato Grosso do Sul. O acidente ocorreu pela manh\u00e3, no km 516 da BR-060, na regi\u00e3o de Nioaque. A v\u00edtima, identificada como &hellip;","og_url":"https:\/\/motorista.com.br\/noticias\/2026\/09\/03\/caminhoneiro-falece-apos-queda-de-caminhao-na-serra-de-maracaju-2\/","og_site_name":"Motorista.com.br","article_published_time":"2026-09-03T14:39:56+00:00","author":"Equipe Reda\u00e7\u00e3o","twitter_card":"summary_large_image","twitter_misc":{"Escrito por":"Equipe Reda\u00e7\u00e3o","Est. tempo de leitura":"2 minutos","Written by":"Equipe Reda\u00e7\u00e3o"},"schema":{"@context":"https:\/\/schema.org","@graph":[{"@type":"Article","@id":"https:\/\/motorista.com.br\/noticias\/2026\/09\/03\/caminhoneiro-falece-apos-queda-de-caminhao-na-serra-de-maracaju-2\/#article","isPartOf":{"@id":"https:\/\/motorista.com.br\/noticias\/2026\/09\/03\/caminhoneiro-falece-apos-queda-de-caminhao-na-serra-de-maracaju-2\/"},"author":{"name":"Equipe Reda\u00e7\u00e3o","@id":"https:\/\/motorista.com.br\/noticias\/#\/schema\/person\/dc93afc2981c0e3ce6bc3c053fd847be"},"headline":"Caminhoneiro falece ap\u00f3s queda de caminh\u00e3o na Serra de Maracaju.","datePublished":"2026-09-03T14:39:56+00:00","mainEntityOfPage":{"@id":"https:\/\/motorista.com.br\/noticias\/2026\/09\/03\/caminhoneiro-falece-apos-queda-de-caminhao-na-serra-de-maracaju-2\/"},"wordCount":333,"publisher":{"@id":"https:\/\/motorista.com.br\/noticias\/#organization"},"image":{"@id":"https:\/\/motorista.com.br\/noticias\/2026\/09\/03\/caminhoneiro-falece-apos-queda-de-caminhao-na-serra-de-maracaju-2\/#primaryimage"},"thumbnailUrl":"https:\/\/motorista.com.br\/noticias\/wp-content\/uploads\/2026\/09\/acidente-caminhoneiro.jpg","articleSection":["Motorista"],"inLanguage":"pt-BR"},{"@type":"WebPage","@id":"https:\/\/motorista.com.br\/noticias\/2026\/09\/03\/caminhoneiro-falece-apos-queda-de-caminhao-na-serra-de-maracaju-2\/","url":"https:\/\/motorista.com.br\/noticias\/2026\/09\/03\/caminhoneiro-falece-apos-queda-de-caminhao-na-serra-de-maracaju-2\/","name":"Caminhoneiro falece ap\u00f3s queda de caminh\u00e3o na Serra de Maracaju. - Motorista.com.br","isPartOf":{"@id":"https:\/\/motorista.com.br\/noticias\/#website"},"primaryImageOfPage":{"@id":"https:\/\/motorista.com.br\/noticias\/2026\/09\/03\/caminhoneiro-falece-apos-queda-de-caminhao-na-serra-de-maracaju-2\/#primaryimage"},"image":{"@id":"https:\/\/motorista.com.br\/noticias\/2026\/09\/03\/caminhoneiro-falece-apos-queda-de-caminhao-na-serra-de-maracaju-2\/#primaryimage"},"thumbnailUrl":"https:\/\/motorista.com.br\/noticias\/wp-content\/uploads\/2026\/09\/acidente-caminhoneiro.jpg","datePublished":"2026-09-03T14:39:56+00:00","breadcrumb":{"@id":"https:\/\/motorista.com.br\/noticias\/2026\/09\/03\/caminhoneiro-falece-apos-queda-de-caminhao-na-serra-de-maracaju-2\/#breadcrumb"},"inLanguage":"pt-BR","potentialAction":[{"@type":"ReadAction","target":["https:\/\/motorista.com.br\/noticias\/2026\/09\/03\/caminhoneiro-falece-apos-queda-de-caminhao-na-serra-de-maracaju-2\/"]}]},{"@type":"ImageObject","inLanguage":"pt-BR","@id":"https:\/\/motorista.com.br\/noticias\/2026\/09\/03\/caminhoneiro-falece-apos-queda-de-caminhao-na-serra-de-maracaju-2\/#primaryimage","url":"https:\/\/motorista.com.br\/noticias\/wp-content\/uploads\/2026\/09\/acidente-caminhoneiro.jpg","contentUrl":"https:\/\/motorista.com.br\/noticias\/wp-content\/uploads\/2026\/09\/acidente-caminhoneiro.jpg","width":1280,"height":1133},{"@type":"BreadcrumbList","@id":"https:\/\/motorista.com.br\/noticias\/2026\/09\/03\/caminhoneiro-falece-apos-queda-de-caminhao-na-serra-de-maracaju-2\/#breadcrumb","itemListElement":[{"@type":"ListItem","position":1,"name":"In\u00edcio","item":"https:\/\/motorista.com.br\/noticias\/"},{"@type":"ListItem","position":2,"name":"Caminhoneiro falece ap\u00f3s queda de caminh\u00e3o na Serra de Maracaju."}]},{"@type":"WebSite","@id":"https:\/\/motorista.com.br\/noticias\/#website","url":"https:\/\/motorista.com.br\/noticias\/","name":"Motorista.com.br","description":"Not\u00edcia do Motorista","publisher":{"@id":"https:\/\/motorista.com.br\/noticias\/#organization"},"potentialAction":[{"@type":"SearchAction","target":{"@type":"EntryPoint","urlTemplate":"https:\/\/motorista.com.br\/noticias\/?s={search_term_string}"},"query-input":{"@type":"PropertyValueSpecification","valueRequired":true,"valueName":"search_term_string"}}],"inLanguage":"pt-BR"},{"@type":"Organization","@id":"https:\/\/motorista.com.br\/noticias\/#organization","name":"Motorista.com.br","url":"https:\/\/motorista.com.br\/noticias\/","logo":{"@type":"ImageObject","inLanguage":"pt-BR","@id":"https:\/\/motorista.com.br\/noticias\/#\/schema\/logo\/image\/","url":"https:\/\/motorista.com.br\/noticias\/wp-content\/uploads\/2025\/06\/Design-sem-nome-9.png","contentUrl":"https:\/\/motorista.com.br\/noticias\/wp-content\/uploads\/2025\/06\/Design-sem-nome-9.png","width":150,"height":85,"caption":"Motorista.com.br"},"image":{"@id":"https:\/\/motorista.com.br\/noticias\/#\/schema\/logo\/image\/"}},{"@type":"Person","@id":"https:\/\/motorista.com.br\/noticias\/#\/schema\/person\/dc93afc2981c0e3ce6bc3c053fd847be","name":"Equipe Reda\u00e7\u00e3o","image":{"@type":"ImageObject","inLanguage":"pt-BR","@id":"https:\/\/secure.gravatar.com\/avatar\/4f525efbf18dd2bb300ccad28bfb99d95a9465a5ba268407c8c37b37e1f28d2d?s=96&d=mm&r=g9e099043a0c61e9ae27e293b9fa75ffc","url":"https:\/\/secure.gravatar.com\/avatar\/4f525efbf18dd2bb300ccad28bfb99d95a9465a5ba268407c8c37b37e1f28d2d?s=96&d=mm&r=g","contentUrl":"https:\/\/secure.gravatar.com\/avatar\/4f525efbf18dd2bb300ccad28bfb99d95a9465a5ba268407c8c37b37e1f28d2d?s=96&d=mm&r=g","caption":"Equipe Reda\u00e7\u00e3o"},"description":"Equipe de reda\u00e7\u00e3o \u00e9 um grupo de profissionais que trabalham juntos para criar conte\u00fado escrito para Motorista.com.br","url":"https:\/\/motorista.com.br\/noticias\/author\/equiperedacao\/"}]}},"_links":{"self":[{"href":"https:\/\/motorista.com.br\/noticias\/wp-json\/wp\/v2\/posts\/14281","targetHints":{"allow":["GET"]}}],"collection":[{"href":"https:\/\/motorista.com.br\/noticias\/wp-json\/wp\/v2\/posts"}],"about":[{"href":"https:\/\/motorista.com.br\/noticias\/wp-json\/wp\/v2\/types\/post"}],"author":[{"embeddable":true,"href":"https:\/\/motorista.com.br\/noticias\/wp-json\/wp\/v2\/users\/4"}],"replies":[{"embeddable":true,"href":"https:\/\/motorista.com.br\/noticias\/wp-json\/wp\/v2\/comments?post=14281"}],"version-history":[{"count":0,"href":"https:\/\/motorista.com.br\/noticias\/wp-json\/wp\/v2\/posts\/14281\/revisions"}],"wp:featuredmedia":[{"embeddable":true,"href":"https:\/\/motorista.com.br\/noticias\/wp-json\/wp\/v2\/media\/14280"}],"wp:attachment":[{"href":"https:\/\/motorista.com.br\/noticias\/wp-json\/wp\/v2\/media?parent=14281"}],"wp:term":[{"taxonomy":"category","embeddable":true,"href":"https:\/\/motorista.com.br\/noticias\/wp-json\/wp\/v2\/categories?post=14281"},{"taxonomy":"post_tag","embeddable":true,"href":"https:\/\/motorista.com.br\/noticias\/wp-json\/wp\/v2\/tags?post=14281"},{"taxonomy":"author","embeddable":true,"href":"https:\/\/motorista.com.br\/noticias\/wp-json\/wp\/v2\/coauthors?post=14281"}],"curies":[{"name":"wp","href":"https:\/\/api.w.org\/{rel}","templated":true}]}}