{"id":14279,"date":"2026-09-03T11:21:33","date_gmt":"2026-09-03T14:21:33","guid":{"rendered":"https:\/\/motorista.com.br\/noticias\/2026\/09\/03\/caminhoneiro-falece-apos-queda-de-caminhao-na-serra-de-maracaju\/"},"modified":"2026-09-03T11:21:33","modified_gmt":"2026-09-03T14:21:33","slug":"caminhoneiro-falece-apos-queda-de-caminhao-na-serra-de-maracaju","status":"publish","type":"post","link":"https:\/\/motorista.com.br\/noticias\/2026\/09\/03\/caminhoneiro-falece-apos-queda-de-caminhao-na-serra-de-maracaju\/","title":{"rendered":"Caminhoneiro falece ap\u00f3s queda de caminh\u00e3o na Serra de Maracaju."},"content":{"rendered":"<p><\/p>\n<h3>Caminhoneiro Morre Ap\u00f3s Caminh\u00e3o Despencar na Serra de Maracaju<\/h3>\n<p>Um caminhoneiro de 41 anos faleceu tragicamente ap\u00f3s o caminh\u00e3o que dirigia sair da pista e capotar em uma ribanceira na Serra de Maracaju, em Mato Grosso do Sul. O acidente ocorreu na manh\u00e3 desta quarta-feira (2), no km 516 da BR-060, na regi\u00e3o de Nioaque.<\/p>\n<p>A v\u00edtima, identificada como M\u00e1rcio de Oliveira Raimundo, estava transportando blocos de concreto. Durante o trajeto, parte da carga se espalhou pela rodovia, o que contribuiu para a sa\u00edda do ve\u00edculo da pista, que atingiu a defensa met\u00e1lica antes de capotar na ribanceira. Devido \u00e0 for\u00e7a do impacto, M\u00e1rcio ficou preso sob as ferragens. Apesar da r\u00e1pida interven\u00e7\u00e3o das equipes do Corpo de Bombeiros de Jardim, ele n\u00e3o resistiu aos ferimentos.<\/p>\n<p>As autoridades competentes, incluindo a Pol\u00edcia Rodovi\u00e1ria Federal e a Pol\u00edcia Civil, foram mobilizadas para investigar a causa do acidente. A din\u00e2mica completa ainda est\u00e1 sendo apurada, especialmente no que diz respeito ao derramamento da carga que pode ter contribu\u00eddo para a perda de controle do caminh\u00e3o.<\/p>\n<p>Esse tipo de acidente gera um impacto significativo n\u00e3o apenas na vida da v\u00edtima e de sua fam\u00edlia, mas tamb\u00e9m na mobilidade geral da regi\u00e3o. Acidentes como esse podem resultar em interrup\u00e7\u00f5es no fluxo de tr\u00e1fego, causando longos congestionamentos e atrasos. Para os motoristas que dependem das rodovias para o transporte de mercadorias, cada incidente n\u00e3o apenas representa uma perda humana, mas tamb\u00e9m um impacto econ\u00f4mico, afetando prazos de entrega e encarecendo custos operacionais.<\/p>\n<p>Al\u00e9m disso, esse caso ressalta a import\u00e2ncia de se discutir medidas de seguran\u00e7a nas estradas, como a manuten\u00e7\u00e3o adequada das vias e a sinaliza\u00e7\u00e3o efetiva para prevenir acidentes. Implementar tecnologias que ajudem na monitoriza\u00e7\u00e3o das condi\u00e7\u00f5es das rodovias e na seguran\u00e7a do transporte de cargas tamb\u00e9m \u00e9 crucial para garantir que os motoristas possam realizar seu trabalho com seguran\u00e7a e efici\u00eancia.<\/p>\n<p>\u00c9 fundamental que todos os envolvidos na cadeia de transporte, desde os caminhoneiros at\u00e9 as autoridades respons\u00e1veis, estejam cientes da gravidade das quest\u00f5es de seguran\u00e7a nas estradas. Somente atrav\u00e9s de um esfor\u00e7o conjunto ser\u00e1 poss\u00edvel minimizar trag\u00e9dias e garantir que a mobilidade nas rodovias brasileiras seja mantida de forma segura e eficiente.<\/p>\n","protected":false},"excerpt":{"rendered":"<p>Caminhoneiro Morre Ap\u00f3s Caminh\u00e3o Despencar na Serra de Maracaju Um caminhoneiro de 41 anos faleceu tragicamente ap\u00f3s o caminh\u00e3o que dirigia sair da pista e capotar em uma ribanceira na Serra de Maracaju, em Mato Grosso do Sul. O acidente ocorreu na manh\u00e3 desta quarta-feira (2), no km 516 da BR-060, na regi\u00e3o de Nioaque. &hellip;<\/p>\n","protected":false},"author":4,"featured_media":14280,"comment_status":"","ping_status":"open","sticky":false,"template":"","format":"standard","meta":{"footnotes":""},"categories":[78,77],"tags":[],"coauthors":[42],"class_list":["post-14279","post","type-post","status-publish","format-standard","has-post-thumbnail","hentry","category-carreteiro","category-motorista"],"yoast_head":"<!-- This site is optimized with the Yoast SEO Premium plugin v27.6.1 (Yoast SEO v28.4) - https:\/\/yoast.com\/product\/yoast-seo-premium-wordpress\/ -->\n<title>Caminhoneiro falece ap\u00f3s queda de caminh\u00e3o na Serra de Maracaju. - Motorista.com.br<\/title>\n<meta name=\"robots\" content=\"index, follow, max-snippet:-1, max-image-preview:large, max-video-preview:-1\" \/>\n<link rel=\"canonical\" href=\"https:\/\/motorista.com.br\/noticias\/2026\/09\/03\/caminhoneiro-falece-apos-queda-de-caminhao-na-serra-de-maracaju\/\" \/>\n<meta property=\"og:locale\" content=\"pt_BR\" \/>\n<meta property=\"og:type\" content=\"article\" \/>\n<meta property=\"og:title\" content=\"Caminhoneiro falece ap\u00f3s queda de caminh\u00e3o na Serra de Maracaju.\" \/>\n<meta property=\"og:description\" content=\"Caminhoneiro Morre Ap\u00f3s Caminh\u00e3o Despencar na Serra de Maracaju Um caminhoneiro de 41 anos faleceu tragicamente ap\u00f3s o caminh\u00e3o que dirigia sair da pista e capotar em uma ribanceira na Serra de Maracaju, em Mato Grosso do Sul. O acidente ocorreu na manh\u00e3 desta quarta-feira (2), no km 516 da BR-060, na regi\u00e3o de Nioaque. &hellip;\" \/>\n<meta property=\"og:url\" content=\"https:\/\/motorista.com.br\/noticias\/2026\/09\/03\/caminhoneiro-falece-apos-queda-de-caminhao-na-serra-de-maracaju\/\" \/>\n<meta property=\"og:site_name\" content=\"Motorista.com.br\" \/>\n<meta property=\"article:published_time\" content=\"2026-09-03T14:21:33+00:00\" \/>\n<meta name=\"author\" content=\"Equipe Reda\u00e7\u00e3o\" \/>\n<meta name=\"twitter:card\" content=\"summary_large_image\" \/>\n<meta name=\"twitter:label1\" content=\"Escrito por\" \/>\n\t<meta name=\"twitter:data1\" content=\"Equipe Reda\u00e7\u00e3o\" \/>\n\t<meta name=\"twitter:label2\" content=\"Est. tempo de leitura\" \/>\n\t<meta name=\"twitter:data2\" content=\"2 minutos\" \/>\n\t<meta name=\"twitter:label3\" content=\"Written by\" \/>\n\t<meta name=\"twitter:data3\" content=\"Equipe Reda\u00e7\u00e3o\" \/>\n<script type=\"application\/ld+json\" class=\"yoast-schema-graph\">{\"@context\":\"https:\\\/\\\/schema.org\",\"@graph\":[{\"@type\":\"Article\",\"@id\":\"https:\\\/\\\/motorista.com.br\\\/noticias\\\/2026\\\/09\\\/03\\\/caminhoneiro-falece-apos-queda-de-caminhao-na-serra-de-maracaju\\\/#article\",\"isPartOf\":{\"@id\":\"https:\\\/\\\/motorista.com.br\\\/noticias\\\/2026\\\/09\\\/03\\\/caminhoneiro-falece-apos-queda-de-caminhao-na-serra-de-maracaju\\\/\"},\"author\":{\"name\":\"Equipe Reda\u00e7\u00e3o\",\"@id\":\"https:\\\/\\\/motorista.com.br\\\/noticias\\\/#\\\/schema\\\/person\\\/dc93afc2981c0e3ce6bc3c053fd847be\"},\"headline\":\"Caminhoneiro falece ap\u00f3s queda de caminh\u00e3o na Serra de Maracaju.\",\"datePublished\":\"2026-09-03T14:21:33+00:00\",\"mainEntityOfPage\":{\"@id\":\"https:\\\/\\\/motorista.com.br\\\/noticias\\\/2026\\\/09\\\/03\\\/caminhoneiro-falece-apos-queda-de-caminhao-na-serra-de-maracaju\\\/\"},\"wordCount\":415,\"publisher\":{\"@id\":\"https:\\\/\\\/motorista.com.br\\\/noticias\\\/#organization\"},\"image\":{\"@id\":\"https:\\\/\\\/motorista.com.br\\\/noticias\\\/2026\\\/09\\\/03\\\/caminhoneiro-falece-apos-queda-de-caminhao-na-serra-de-maracaju\\\/#primaryimage\"},\"thumbnailUrl\":\"https:\\\/\\\/motorista.com.br\\\/noticias\\\/wp-content\\\/uploads\\\/2026\\\/09\\\/acidente-caminhoneiro.jpg\",\"articleSection\":[\"Carreteiro\",\"Motorista\"],\"inLanguage\":\"pt-BR\"},{\"@type\":\"WebPage\",\"@id\":\"https:\\\/\\\/motorista.com.br\\\/noticias\\\/2026\\\/09\\\/03\\\/caminhoneiro-falece-apos-queda-de-caminhao-na-serra-de-maracaju\\\/\",\"url\":\"https:\\\/\\\/motorista.com.br\\\/noticias\\\/2026\\\/09\\\/03\\\/caminhoneiro-falece-apos-queda-de-caminhao-na-serra-de-maracaju\\\/\",\"name\":\"Caminhoneiro falece ap\u00f3s queda de caminh\u00e3o na Serra de Maracaju. - Motorista.com.br\",\"isPartOf\":{\"@id\":\"https:\\\/\\\/motorista.com.br\\\/noticias\\\/#website\"},\"primaryImageOfPage\":{\"@id\":\"https:\\\/\\\/motorista.com.br\\\/noticias\\\/2026\\\/09\\\/03\\\/caminhoneiro-falece-apos-queda-de-caminhao-na-serra-de-maracaju\\\/#primaryimage\"},\"image\":{\"@id\":\"https:\\\/\\\/motorista.com.br\\\/noticias\\\/2026\\\/09\\\/03\\\/caminhoneiro-falece-apos-queda-de-caminhao-na-serra-de-maracaju\\\/#primaryimage\"},\"thumbnailUrl\":\"https:\\\/\\\/motorista.com.br\\\/noticias\\\/wp-content\\\/uploads\\\/2026\\\/09\\\/acidente-caminhoneiro.jpg\",\"datePublished\":\"2026-09-03T14:21:33+00:00\",\"breadcrumb\":{\"@id\":\"https:\\\/\\\/motorista.com.br\\\/noticias\\\/2026\\\/09\\\/03\\\/caminhoneiro-falece-apos-queda-de-caminhao-na-serra-de-maracaju\\\/#breadcrumb\"},\"inLanguage\":\"pt-BR\",\"potentialAction\":[{\"@type\":\"ReadAction\",\"target\":[\"https:\\\/\\\/motorista.com.br\\\/noticias\\\/2026\\\/09\\\/03\\\/caminhoneiro-falece-apos-queda-de-caminhao-na-serra-de-maracaju\\\/\"]}]},{\"@type\":\"ImageObject\",\"inLanguage\":\"pt-BR\",\"@id\":\"https:\\\/\\\/motorista.com.br\\\/noticias\\\/2026\\\/09\\\/03\\\/caminhoneiro-falece-apos-queda-de-caminhao-na-serra-de-maracaju\\\/#primaryimage\",\"url\":\"https:\\\/\\\/motorista.com.br\\\/noticias\\\/wp-content\\\/uploads\\\/2026\\\/09\\\/acidente-caminhoneiro.jpg\",\"contentUrl\":\"https:\\\/\\\/motorista.com.br\\\/noticias\\\/wp-content\\\/uploads\\\/2026\\\/09\\\/acidente-caminhoneiro.jpg\",\"width\":1280,\"height\":1133},{\"@type\":\"BreadcrumbList\",\"@id\":\"https:\\\/\\\/motorista.com.br\\\/noticias\\\/2026\\\/09\\\/03\\\/caminhoneiro-falece-apos-queda-de-caminhao-na-serra-de-maracaju\\\/#breadcrumb\",\"itemListElement\":[{\"@type\":\"ListItem\",\"position\":1,\"name\":\"In\u00edcio\",\"item\":\"https:\\\/\\\/motorista.com.br\\\/noticias\\\/\"},{\"@type\":\"ListItem\",\"position\":2,\"name\":\"Caminhoneiro falece ap\u00f3s queda de caminh\u00e3o na Serra de Maracaju.\"}]},{\"@type\":\"WebSite\",\"@id\":\"https:\\\/\\\/motorista.com.br\\\/noticias\\\/#website\",\"url\":\"https:\\\/\\\/motorista.com.br\\\/noticias\\\/\",\"name\":\"Motorista.com.br\",\"description\":\"Not\u00edcia do Motorista\",\"publisher\":{\"@id\":\"https:\\\/\\\/motorista.com.br\\\/noticias\\\/#organization\"},\"potentialAction\":[{\"@type\":\"SearchAction\",\"target\":{\"@type\":\"EntryPoint\",\"urlTemplate\":\"https:\\\/\\\/motorista.com.br\\\/noticias\\\/?s={search_term_string}\"},\"query-input\":{\"@type\":\"PropertyValueSpecification\",\"valueRequired\":true,\"valueName\":\"search_term_string\"}}],\"inLanguage\":\"pt-BR\"},{\"@type\":\"Organization\",\"@id\":\"https:\\\/\\\/motorista.com.br\\\/noticias\\\/#organization\",\"name\":\"Motorista.com.br\",\"url\":\"https:\\\/\\\/motorista.com.br\\\/noticias\\\/\",\"logo\":{\"@type\":\"ImageObject\",\"inLanguage\":\"pt-BR\",\"@id\":\"https:\\\/\\\/motorista.com.br\\\/noticias\\\/#\\\/schema\\\/logo\\\/image\\\/\",\"url\":\"https:\\\/\\\/motorista.com.br\\\/noticias\\\/wp-content\\\/uploads\\\/2025\\\/06\\\/Design-sem-nome-9.png\",\"contentUrl\":\"https:\\\/\\\/motorista.com.br\\\/noticias\\\/wp-content\\\/uploads\\\/2025\\\/06\\\/Design-sem-nome-9.png\",\"width\":150,\"height\":85,\"caption\":\"Motorista.com.br\"},\"image\":{\"@id\":\"https:\\\/\\\/motorista.com.br\\\/noticias\\\/#\\\/schema\\\/logo\\\/image\\\/\"}},{\"@type\":\"Person\",\"@id\":\"https:\\\/\\\/motorista.com.br\\\/noticias\\\/#\\\/schema\\\/person\\\/dc93afc2981c0e3ce6bc3c053fd847be\",\"name\":\"Equipe Reda\u00e7\u00e3o\",\"image\":{\"@type\":\"ImageObject\",\"inLanguage\":\"pt-BR\",\"@id\":\"https:\\\/\\\/secure.gravatar.com\\\/avatar\\\/4f525efbf18dd2bb300ccad28bfb99d95a9465a5ba268407c8c37b37e1f28d2d?s=96&d=mm&r=g9e099043a0c61e9ae27e293b9fa75ffc\",\"url\":\"https:\\\/\\\/secure.gravatar.com\\\/avatar\\\/4f525efbf18dd2bb300ccad28bfb99d95a9465a5ba268407c8c37b37e1f28d2d?s=96&d=mm&r=g\",\"contentUrl\":\"https:\\\/\\\/secure.gravatar.com\\\/avatar\\\/4f525efbf18dd2bb300ccad28bfb99d95a9465a5ba268407c8c37b37e1f28d2d?s=96&d=mm&r=g\",\"caption\":\"Equipe Reda\u00e7\u00e3o\"},\"description\":\"Equipe de reda\u00e7\u00e3o \u00e9 um grupo de profissionais que trabalham juntos para criar conte\u00fado escrito para Motorista.com.br\",\"url\":\"https:\\\/\\\/motorista.com.br\\\/noticias\\\/author\\\/equiperedacao\\\/\"}]}<\/script>\n<!-- \/ Yoast SEO Premium plugin. -->","yoast_head_json":{"title":"Caminhoneiro falece ap\u00f3s queda de caminh\u00e3o na Serra de Maracaju. - Motorista.com.br","robots":{"index":"index","follow":"follow","max-snippet":"max-snippet:-1","max-image-preview":"max-image-preview:large","max-video-preview":"max-video-preview:-1"},"canonical":"https:\/\/motorista.com.br\/noticias\/2026\/09\/03\/caminhoneiro-falece-apos-queda-de-caminhao-na-serra-de-maracaju\/","og_locale":"pt_BR","og_type":"article","og_title":"Caminhoneiro falece ap\u00f3s queda de caminh\u00e3o na Serra de Maracaju.","og_description":"Caminhoneiro Morre Ap\u00f3s Caminh\u00e3o Despencar na Serra de Maracaju Um caminhoneiro de 41 anos faleceu tragicamente ap\u00f3s o caminh\u00e3o que dirigia sair da pista e capotar em uma ribanceira na Serra de Maracaju, em Mato Grosso do Sul. O acidente ocorreu na manh\u00e3 desta quarta-feira (2), no km 516 da BR-060, na regi\u00e3o de Nioaque. &hellip;","og_url":"https:\/\/motorista.com.br\/noticias\/2026\/09\/03\/caminhoneiro-falece-apos-queda-de-caminhao-na-serra-de-maracaju\/","og_site_name":"Motorista.com.br","article_published_time":"2026-09-03T14:21:33+00:00","author":"Equipe Reda\u00e7\u00e3o","twitter_card":"summary_large_image","twitter_misc":{"Escrito por":"Equipe Reda\u00e7\u00e3o","Est. tempo de leitura":"2 minutos","Written by":"Equipe Reda\u00e7\u00e3o"},"schema":{"@context":"https:\/\/schema.org","@graph":[{"@type":"Article","@id":"https:\/\/motorista.com.br\/noticias\/2026\/09\/03\/caminhoneiro-falece-apos-queda-de-caminhao-na-serra-de-maracaju\/#article","isPartOf":{"@id":"https:\/\/motorista.com.br\/noticias\/2026\/09\/03\/caminhoneiro-falece-apos-queda-de-caminhao-na-serra-de-maracaju\/"},"author":{"name":"Equipe Reda\u00e7\u00e3o","@id":"https:\/\/motorista.com.br\/noticias\/#\/schema\/person\/dc93afc2981c0e3ce6bc3c053fd847be"},"headline":"Caminhoneiro falece ap\u00f3s queda de caminh\u00e3o na Serra de Maracaju.","datePublished":"2026-09-03T14:21:33+00:00","mainEntityOfPage":{"@id":"https:\/\/motorista.com.br\/noticias\/2026\/09\/03\/caminhoneiro-falece-apos-queda-de-caminhao-na-serra-de-maracaju\/"},"wordCount":415,"publisher":{"@id":"https:\/\/motorista.com.br\/noticias\/#organization"},"image":{"@id":"https:\/\/motorista.com.br\/noticias\/2026\/09\/03\/caminhoneiro-falece-apos-queda-de-caminhao-na-serra-de-maracaju\/#primaryimage"},"thumbnailUrl":"https:\/\/motorista.com.br\/noticias\/wp-content\/uploads\/2026\/09\/acidente-caminhoneiro.jpg","articleSection":["Carreteiro","Motorista"],"inLanguage":"pt-BR"},{"@type":"WebPage","@id":"https:\/\/motorista.com.br\/noticias\/2026\/09\/03\/caminhoneiro-falece-apos-queda-de-caminhao-na-serra-de-maracaju\/","url":"https:\/\/motorista.com.br\/noticias\/2026\/09\/03\/caminhoneiro-falece-apos-queda-de-caminhao-na-serra-de-maracaju\/","name":"Caminhoneiro falece ap\u00f3s queda de caminh\u00e3o na Serra de Maracaju. - Motorista.com.br","isPartOf":{"@id":"https:\/\/motorista.com.br\/noticias\/#website"},"primaryImageOfPage":{"@id":"https:\/\/motorista.com.br\/noticias\/2026\/09\/03\/caminhoneiro-falece-apos-queda-de-caminhao-na-serra-de-maracaju\/#primaryimage"},"image":{"@id":"https:\/\/motorista.com.br\/noticias\/2026\/09\/03\/caminhoneiro-falece-apos-queda-de-caminhao-na-serra-de-maracaju\/#primaryimage"},"thumbnailUrl":"https:\/\/motorista.com.br\/noticias\/wp-content\/uploads\/2026\/09\/acidente-caminhoneiro.jpg","datePublished":"2026-09-03T14:21:33+00:00","breadcrumb":{"@id":"https:\/\/motorista.com.br\/noticias\/2026\/09\/03\/caminhoneiro-falece-apos-queda-de-caminhao-na-serra-de-maracaju\/#breadcrumb"},"inLanguage":"pt-BR","potentialAction":[{"@type":"ReadAction","target":["https:\/\/motorista.com.br\/noticias\/2026\/09\/03\/caminhoneiro-falece-apos-queda-de-caminhao-na-serra-de-maracaju\/"]}]},{"@type":"ImageObject","inLanguage":"pt-BR","@id":"https:\/\/motorista.com.br\/noticias\/2026\/09\/03\/caminhoneiro-falece-apos-queda-de-caminhao-na-serra-de-maracaju\/#primaryimage","url":"https:\/\/motorista.com.br\/noticias\/wp-content\/uploads\/2026\/09\/acidente-caminhoneiro.jpg","contentUrl":"https:\/\/motorista.com.br\/noticias\/wp-content\/uploads\/2026\/09\/acidente-caminhoneiro.jpg","width":1280,"height":1133},{"@type":"BreadcrumbList","@id":"https:\/\/motorista.com.br\/noticias\/2026\/09\/03\/caminhoneiro-falece-apos-queda-de-caminhao-na-serra-de-maracaju\/#breadcrumb","itemListElement":[{"@type":"ListItem","position":1,"name":"In\u00edcio","item":"https:\/\/motorista.com.br\/noticias\/"},{"@type":"ListItem","position":2,"name":"Caminhoneiro falece ap\u00f3s queda de caminh\u00e3o na Serra de Maracaju."}]},{"@type":"WebSite","@id":"https:\/\/motorista.com.br\/noticias\/#website","url":"https:\/\/motorista.com.br\/noticias\/","name":"Motorista.com.br","description":"Not\u00edcia do Motorista","publisher":{"@id":"https:\/\/motorista.com.br\/noticias\/#organization"},"potentialAction":[{"@type":"SearchAction","target":{"@type":"EntryPoint","urlTemplate":"https:\/\/motorista.com.br\/noticias\/?s={search_term_string}"},"query-input":{"@type":"PropertyValueSpecification","valueRequired":true,"valueName":"search_term_string"}}],"inLanguage":"pt-BR"},{"@type":"Organization","@id":"https:\/\/motorista.com.br\/noticias\/#organization","name":"Motorista.com.br","url":"https:\/\/motorista.com.br\/noticias\/","logo":{"@type":"ImageObject","inLanguage":"pt-BR","@id":"https:\/\/motorista.com.br\/noticias\/#\/schema\/logo\/image\/","url":"https:\/\/motorista.com.br\/noticias\/wp-content\/uploads\/2025\/06\/Design-sem-nome-9.png","contentUrl":"https:\/\/motorista.com.br\/noticias\/wp-content\/uploads\/2025\/06\/Design-sem-nome-9.png","width":150,"height":85,"caption":"Motorista.com.br"},"image":{"@id":"https:\/\/motorista.com.br\/noticias\/#\/schema\/logo\/image\/"}},{"@type":"Person","@id":"https:\/\/motorista.com.br\/noticias\/#\/schema\/person\/dc93afc2981c0e3ce6bc3c053fd847be","name":"Equipe Reda\u00e7\u00e3o","image":{"@type":"ImageObject","inLanguage":"pt-BR","@id":"https:\/\/secure.gravatar.com\/avatar\/4f525efbf18dd2bb300ccad28bfb99d95a9465a5ba268407c8c37b37e1f28d2d?s=96&d=mm&r=g9e099043a0c61e9ae27e293b9fa75ffc","url":"https:\/\/secure.gravatar.com\/avatar\/4f525efbf18dd2bb300ccad28bfb99d95a9465a5ba268407c8c37b37e1f28d2d?s=96&d=mm&r=g","contentUrl":"https:\/\/secure.gravatar.com\/avatar\/4f525efbf18dd2bb300ccad28bfb99d95a9465a5ba268407c8c37b37e1f28d2d?s=96&d=mm&r=g","caption":"Equipe Reda\u00e7\u00e3o"},"description":"Equipe de reda\u00e7\u00e3o \u00e9 um grupo de profissionais que trabalham juntos para criar conte\u00fado escrito para Motorista.com.br","url":"https:\/\/motorista.com.br\/noticias\/author\/equiperedacao\/"}]}},"_links":{"self":[{"href":"https:\/\/motorista.com.br\/noticias\/wp-json\/wp\/v2\/posts\/14279","targetHints":{"allow":["GET"]}}],"collection":[{"href":"https:\/\/motorista.com.br\/noticias\/wp-json\/wp\/v2\/posts"}],"about":[{"href":"https:\/\/motorista.com.br\/noticias\/wp-json\/wp\/v2\/types\/post"}],"author":[{"embeddable":true,"href":"https:\/\/motorista.com.br\/noticias\/wp-json\/wp\/v2\/users\/4"}],"replies":[{"embeddable":true,"href":"https:\/\/motorista.com.br\/noticias\/wp-json\/wp\/v2\/comments?post=14279"}],"version-history":[{"count":0,"href":"https:\/\/motorista.com.br\/noticias\/wp-json\/wp\/v2\/posts\/14279\/revisions"}],"wp:featuredmedia":[{"embeddable":true,"href":"https:\/\/motorista.com.br\/noticias\/wp-json\/wp\/v2\/media\/14280"}],"wp:attachment":[{"href":"https:\/\/motorista.com.br\/noticias\/wp-json\/wp\/v2\/media?parent=14279"}],"wp:term":[{"taxonomy":"category","embeddable":true,"href":"https:\/\/motorista.com.br\/noticias\/wp-json\/wp\/v2\/categories?post=14279"},{"taxonomy":"post_tag","embeddable":true,"href":"https:\/\/motorista.com.br\/noticias\/wp-json\/wp\/v2\/tags?post=14279"},{"taxonomy":"author","embeddable":true,"href":"https:\/\/motorista.com.br\/noticias\/wp-json\/wp\/v2\/coauthors?post=14279"}],"curies":[{"name":"wp","href":"https:\/\/api.w.org\/{rel}","templated":true}]}}