{"id":14277,"date":"2026-09-03T09:15:58","date_gmt":"2026-09-03T12:15:58","guid":{"rendered":"https:\/\/motorista.com.br\/noticias\/2026\/09\/03\/caminhoes-alta-de-9-em-agosto-mas-queda-de-48-no-ano\/"},"modified":"2026-09-03T09:15:58","modified_gmt":"2026-09-03T12:15:58","slug":"caminhoes-alta-de-9-em-agosto-mas-queda-de-48-no-ano","status":"publish","type":"post","link":"https:\/\/motorista.com.br\/noticias\/2026\/09\/03\/caminhoes-alta-de-9-em-agosto-mas-queda-de-48-no-ano\/","title":{"rendered":"Caminh\u00f5es: alta de 9% em agosto, mas queda de 4,8% no ano."},"content":{"rendered":"<p><\/p>\n<div itemprop=\"articleBody\">\n<p>O mercado brasileiro de caminh\u00f5es registrou um avan\u00e7o significativo em agosto, com <strong>9.603 caminh\u00f5es emplacados<\/strong>, representando uma alta de <strong>9,05%<\/strong> em rela\u00e7\u00e3o ao mesmo m\u00eas de 2025, quando a cifra foi de 8.806 unidades. Contudo, a compara\u00e7\u00e3o com julho, que teve <strong>11.193 caminh\u00f5es emplacados<\/strong>, revelou uma queda de <strong>14,21%<\/strong>. Esses dados, fornecidos pela Federa\u00e7\u00e3o Nacional da Distribui\u00e7\u00e3o de Ve\u00edculos Automotores (Fenabrave), indicam uma recupera\u00e7\u00e3o gradual, mas ainda insuficiente para reverter a queda acumulada no ano.<\/p>\n<p>De janeiro a agosto, foram <strong>68.819 unidades emplacadas<\/strong>, caindo em rela\u00e7\u00e3o \u00e0s <strong>72.259<\/strong> do mesmo per\u00edodo do ano anterior, resultando em uma retra\u00e7\u00e3o de <strong>4,76%<\/strong>. Apesar desse cen\u00e1rio, a melhora nas vendas anuais sinaliza um potencial para a revitaliza\u00e7\u00e3o do mercado, especialmente em um setor que clama por renova\u00e7\u00e3o de frota para garantir a efici\u00eancia nas opera\u00e7\u00f5es.<\/p>\n<p>A recupera\u00e7\u00e3o no setor de caminh\u00f5es est\u00e1 diretamente ligada \u00e0 necessidade de renova\u00e7\u00e3o da frota, que ainda se mostra vital para a competitividade das transportadoras e aut\u00f4nomos. As condi\u00e7\u00f5es econ\u00f4micas\u2014como os n\u00edveis de fretes, custos operacionais e op\u00e7\u00f5es de financiamento\u2014continuam a influenciar as decis\u00f5es de compra, destacando a interdepend\u00eancia entre o mercado de transporte e a sa\u00fade econ\u00f4mica geral do Brasil.<\/p>\n<p>Embora os dados de agosto indiquem um crescimento positivo em rela\u00e7\u00e3o ao ano anterior, a compara\u00e7\u00e3o mensal apresenta um desafio. A diferen\u00e7a not\u00e1vel de <strong>1.590 caminh\u00f5es a menos<\/strong> emplacados em agosto em rela\u00e7\u00e3o a julho pode ser parcialmente atribu\u00edda ao calend\u00e1rio de dias \u00fateis, mas destaca as volatilidades que o mercado enfrenta. Para o setor, essa flutua\u00e7\u00e3o mensal \u00e9 uma preocupa\u00e7\u00e3o, pois a confian\u00e7a dos motoristas e transportadores pode ser impactada por essa inconst\u00e2ncia nas vendas.<\/p>\n<h2 class=\"wp-block-heading\">Impactos do programa Move Brasil<\/h2>\n<p>A evolu\u00e7\u00e3o dos emplacamentos em agosto pode ser parcialmente creditada ao programa <strong>Move Brasil<\/strong>, que visa a moderniza\u00e7\u00e3o das frotas de caminh\u00f5es e \u00f4nibus. Esse programa n\u00e3o apenas ajudou a conter a queda no setor, mas tamb\u00e9m pode representar uma oportunidade para o fortalecimento do transporte no pa\u00eds. A implementa\u00e7\u00e3o eficaz deste programa est\u00e1 diretamente ligada \u00e0 melhoria da efici\u00eancia operacional, o que impacta positivamente na mobilidade geral, gerando um transporte rodovi\u00e1rio mais confi\u00e1vel e sustent\u00e1vel.<\/p>\n<p>A import\u00e2ncia da renova\u00e7\u00e3o n\u00e3o pode ser subestimada. Caminh\u00f5es mais novos tendem a ser mais eficientes em consumo de combust\u00edvel e menos poluentes, o que contribui para a prote\u00e7\u00e3o ambiental e melhora a qualidade do ar nas cidades. Al\u00e9m disso, a moderniza\u00e7\u00e3o da frota garante n\u00e3o apenas que os motoristas tenham ve\u00edculos mais seguros, mas que tamb\u00e9m ajudem a aumentar a capacidade de transporte, beneficiando a log\u00edstica e a economia como um todo.<\/p>\n<h2 class=\"wp-block-heading\">O papel dos implementos rodovi\u00e1rios<\/h2>\n<p>Os n\u00fameros referentes aos <strong>implementos rodovi\u00e1rios<\/strong> tamb\u00e9m demonstraram uma tend\u00eancia de recupera\u00e7\u00e3o, com <strong>6.567 unidades emplacadas<\/strong> em agosto, marcando um crescimento de <strong>16,39%<\/strong> em rela\u00e7\u00e3o ao ano anterior. No entanto, o setor enfrentou uma queda de <strong>17,46%<\/strong> em compara\u00e7\u00e3o a julho. Esses dados ressaltam a import\u00e2ncia de acompanhar a evolu\u00e7\u00e3o do mercado, especialmente considerando que o setor de implementos rodovi\u00e1rios desempenha um papel crucial na efici\u00eancia do transporte de mercadorias.<\/p>\n<p>A continuidade da renova\u00e7\u00e3o da frota e a estabilidade econ\u00f4mica s\u00e3o fatores essenciais para garantir que tanto caminh\u00f5es quanto implementos rodovi\u00e1rios possam continuar a melhorar. Um ambiente econ\u00f4mico saud\u00e1vel, com juros em n\u00edvel control\u00e1vel e oportunidades de financiamento acess\u00edveis, ser\u00e1 imprescind\u00edvel para impulsionar as vendas. Contudo, \u00e9 fundamental que os motoristas se sintam confort\u00e1veis ao investir em ve\u00edculos novos, algo que depender\u00e1 n\u00e3o apenas de sua situa\u00e7\u00e3o financeira, mas tamb\u00e9m da estabilidade do mercado de fretes e da demanda por transporte.<\/p>\n<h2 class=\"wp-block-heading\">Perspectivas do mercado<\/h2>\n<p>Embora agosto tenha trazido um semblante de otimismo, a realidade \u00e9 que o mercado ainda luta para recuperar os n\u00fameros de 2025, enfrentando um desafio consider\u00e1vel. A expectativa \u00e9 que, com a estabiliza\u00e7\u00e3o econ\u00f4mica e iniciativas eficazes como o Move Brasil, o setor possa n\u00e3o apenas retomar os n\u00fameros perdidos, mas tamb\u00e9m avan\u00e7ar para um futuro mais eficiente e sustent\u00e1vel. O presidente da Fenabrave expressa cautela sobre o crescimento, ressaltando a necessidade de monitorar de perto os pr\u00f3ximos meses para determinar se essa recupera\u00e7\u00e3o representa uma mudan\u00e7a duradoura na trajet\u00f3ria do mercado.<\/p>\n<p>Com uma proje\u00e7\u00e3o de crescimento de 3,5% em rela\u00e7\u00e3o a 2025, a expectativa \u00e9 que os motoristas contem com um mercado mais robusto e com condi\u00e7\u00f5es favor\u00e1veis para a renova\u00e7\u00e3o das frotas, o que, por sua vez, beneficiar\u00e1 a mobilidade geral e aliviar\u00e1 a press\u00e3o sobre o transporte rodovi\u00e1rio brasileiro.<\/p>\n<p><strong>Fonte:<\/strong> transportemoderno<\/p>\n<\/div>\n","protected":false},"excerpt":{"rendered":"<p>O mercado brasileiro de caminh\u00f5es registrou um avan\u00e7o significativo em agosto, com 9.603 caminh\u00f5es emplacados, representando uma alta de 9,05% em rela\u00e7\u00e3o ao mesmo m\u00eas de 2025, quando a cifra foi de 8.806 unidades. Contudo, a compara\u00e7\u00e3o com julho, que teve 11.193 caminh\u00f5es emplacados, revelou uma queda de 14,21%. Esses dados, fornecidos pela Federa\u00e7\u00e3o Nacional &hellip;<\/p>\n","protected":false},"author":4,"featured_media":14278,"comment_status":"","ping_status":"open","sticky":false,"template":"","format":"standard","meta":{"footnotes":""},"categories":[62],"tags":[],"coauthors":[42],"class_list":["post-14277","post","type-post","status-publish","format-standard","has-post-thumbnail","hentry","category-logistica"],"yoast_head":"<!-- This site is optimized with the Yoast SEO Premium plugin v27.6.1 (Yoast SEO v28.4) - https:\/\/yoast.com\/product\/yoast-seo-premium-wordpress\/ -->\n<title>Caminh\u00f5es: alta de 9% em agosto, mas queda de 4,8% no ano. - Motorista.com.br<\/title>\n<meta name=\"robots\" content=\"index, follow, max-snippet:-1, max-image-preview:large, max-video-preview:-1\" \/>\n<link rel=\"canonical\" href=\"https:\/\/motorista.com.br\/noticias\/2026\/09\/03\/caminhoes-alta-de-9-em-agosto-mas-queda-de-48-no-ano\/\" \/>\n<meta property=\"og:locale\" content=\"pt_BR\" \/>\n<meta property=\"og:type\" content=\"article\" \/>\n<meta property=\"og:title\" content=\"Caminh\u00f5es: alta de 9% em agosto, mas queda de 4,8% no ano.\" \/>\n<meta property=\"og:description\" content=\"O mercado brasileiro de caminh\u00f5es registrou um avan\u00e7o significativo em agosto, com 9.603 caminh\u00f5es emplacados, representando uma alta de 9,05% em rela\u00e7\u00e3o ao mesmo m\u00eas de 2025, quando a cifra foi de 8.806 unidades. Contudo, a compara\u00e7\u00e3o com julho, que teve 11.193 caminh\u00f5es emplacados, revelou uma queda de 14,21%. Esses dados, fornecidos pela Federa\u00e7\u00e3o Nacional &hellip;\" \/>\n<meta property=\"og:url\" content=\"https:\/\/motorista.com.br\/noticias\/2026\/09\/03\/caminhoes-alta-de-9-em-agosto-mas-queda-de-48-no-ano\/\" \/>\n<meta property=\"og:site_name\" content=\"Motorista.com.br\" \/>\n<meta property=\"article:published_time\" content=\"2026-09-03T12:15:58+00:00\" \/>\n<meta name=\"author\" content=\"Equipe Reda\u00e7\u00e3o\" \/>\n<meta name=\"twitter:card\" content=\"summary_large_image\" \/>\n<meta name=\"twitter:label1\" content=\"Escrito por\" \/>\n\t<meta name=\"twitter:data1\" content=\"Equipe Reda\u00e7\u00e3o\" \/>\n\t<meta name=\"twitter:label2\" content=\"Est. tempo de leitura\" \/>\n\t<meta name=\"twitter:data2\" content=\"4 minutos\" \/>\n\t<meta name=\"twitter:label3\" content=\"Written by\" \/>\n\t<meta name=\"twitter:data3\" content=\"Equipe Reda\u00e7\u00e3o\" \/>\n<script type=\"application\/ld+json\" class=\"yoast-schema-graph\">{\"@context\":\"https:\\\/\\\/schema.org\",\"@graph\":[{\"@type\":\"Article\",\"@id\":\"https:\\\/\\\/motorista.com.br\\\/noticias\\\/2026\\\/09\\\/03\\\/caminhoes-alta-de-9-em-agosto-mas-queda-de-48-no-ano\\\/#article\",\"isPartOf\":{\"@id\":\"https:\\\/\\\/motorista.com.br\\\/noticias\\\/2026\\\/09\\\/03\\\/caminhoes-alta-de-9-em-agosto-mas-queda-de-48-no-ano\\\/\"},\"author\":{\"name\":\"Equipe Reda\u00e7\u00e3o\",\"@id\":\"https:\\\/\\\/motorista.com.br\\\/noticias\\\/#\\\/schema\\\/person\\\/dc93afc2981c0e3ce6bc3c053fd847be\"},\"headline\":\"Caminh\u00f5es: alta de 9% em agosto, mas queda de 4,8% no ano.\",\"datePublished\":\"2026-09-03T12:15:58+00:00\",\"mainEntityOfPage\":{\"@id\":\"https:\\\/\\\/motorista.com.br\\\/noticias\\\/2026\\\/09\\\/03\\\/caminhoes-alta-de-9-em-agosto-mas-queda-de-48-no-ano\\\/\"},\"wordCount\":830,\"publisher\":{\"@id\":\"https:\\\/\\\/motorista.com.br\\\/noticias\\\/#organization\"},\"image\":{\"@id\":\"https:\\\/\\\/motorista.com.br\\\/noticias\\\/2026\\\/09\\\/03\\\/caminhoes-alta-de-9-em-agosto-mas-queda-de-48-no-ano\\\/#primaryimage\"},\"thumbnailUrl\":\"https:\\\/\\\/motorista.com.br\\\/noticias\\\/wp-content\\\/uploads\\\/2026\\\/09\\\/volvotrucksFHAERO.jpg\",\"articleSection\":[\"Log\u00edstica\"],\"inLanguage\":\"pt-BR\"},{\"@type\":\"WebPage\",\"@id\":\"https:\\\/\\\/motorista.com.br\\\/noticias\\\/2026\\\/09\\\/03\\\/caminhoes-alta-de-9-em-agosto-mas-queda-de-48-no-ano\\\/\",\"url\":\"https:\\\/\\\/motorista.com.br\\\/noticias\\\/2026\\\/09\\\/03\\\/caminhoes-alta-de-9-em-agosto-mas-queda-de-48-no-ano\\\/\",\"name\":\"Caminh\u00f5es: alta de 9% em agosto, mas queda de 4,8% no ano. - Motorista.com.br\",\"isPartOf\":{\"@id\":\"https:\\\/\\\/motorista.com.br\\\/noticias\\\/#website\"},\"primaryImageOfPage\":{\"@id\":\"https:\\\/\\\/motorista.com.br\\\/noticias\\\/2026\\\/09\\\/03\\\/caminhoes-alta-de-9-em-agosto-mas-queda-de-48-no-ano\\\/#primaryimage\"},\"image\":{\"@id\":\"https:\\\/\\\/motorista.com.br\\\/noticias\\\/2026\\\/09\\\/03\\\/caminhoes-alta-de-9-em-agosto-mas-queda-de-48-no-ano\\\/#primaryimage\"},\"thumbnailUrl\":\"https:\\\/\\\/motorista.com.br\\\/noticias\\\/wp-content\\\/uploads\\\/2026\\\/09\\\/volvotrucksFHAERO.jpg\",\"datePublished\":\"2026-09-03T12:15:58+00:00\",\"breadcrumb\":{\"@id\":\"https:\\\/\\\/motorista.com.br\\\/noticias\\\/2026\\\/09\\\/03\\\/caminhoes-alta-de-9-em-agosto-mas-queda-de-48-no-ano\\\/#breadcrumb\"},\"inLanguage\":\"pt-BR\",\"potentialAction\":[{\"@type\":\"ReadAction\",\"target\":[\"https:\\\/\\\/motorista.com.br\\\/noticias\\\/2026\\\/09\\\/03\\\/caminhoes-alta-de-9-em-agosto-mas-queda-de-48-no-ano\\\/\"]}]},{\"@type\":\"ImageObject\",\"inLanguage\":\"pt-BR\",\"@id\":\"https:\\\/\\\/motorista.com.br\\\/noticias\\\/2026\\\/09\\\/03\\\/caminhoes-alta-de-9-em-agosto-mas-queda-de-48-no-ano\\\/#primaryimage\",\"url\":\"https:\\\/\\\/motorista.com.br\\\/noticias\\\/wp-content\\\/uploads\\\/2026\\\/09\\\/volvotrucksFHAERO.jpg\",\"contentUrl\":\"https:\\\/\\\/motorista.com.br\\\/noticias\\\/wp-content\\\/uploads\\\/2026\\\/09\\\/volvotrucksFHAERO.jpg\",\"width\":1600,\"height\":1059},{\"@type\":\"BreadcrumbList\",\"@id\":\"https:\\\/\\\/motorista.com.br\\\/noticias\\\/2026\\\/09\\\/03\\\/caminhoes-alta-de-9-em-agosto-mas-queda-de-48-no-ano\\\/#breadcrumb\",\"itemListElement\":[{\"@type\":\"ListItem\",\"position\":1,\"name\":\"In\u00edcio\",\"item\":\"https:\\\/\\\/motorista.com.br\\\/noticias\\\/\"},{\"@type\":\"ListItem\",\"position\":2,\"name\":\"Caminh\u00f5es: alta de 9% em agosto, mas queda de 4,8% no ano.\"}]},{\"@type\":\"WebSite\",\"@id\":\"https:\\\/\\\/motorista.com.br\\\/noticias\\\/#website\",\"url\":\"https:\\\/\\\/motorista.com.br\\\/noticias\\\/\",\"name\":\"Motorista.com.br\",\"description\":\"Not\u00edcia do Motorista\",\"publisher\":{\"@id\":\"https:\\\/\\\/motorista.com.br\\\/noticias\\\/#organization\"},\"potentialAction\":[{\"@type\":\"SearchAction\",\"target\":{\"@type\":\"EntryPoint\",\"urlTemplate\":\"https:\\\/\\\/motorista.com.br\\\/noticias\\\/?s={search_term_string}\"},\"query-input\":{\"@type\":\"PropertyValueSpecification\",\"valueRequired\":true,\"valueName\":\"search_term_string\"}}],\"inLanguage\":\"pt-BR\"},{\"@type\":\"Organization\",\"@id\":\"https:\\\/\\\/motorista.com.br\\\/noticias\\\/#organization\",\"name\":\"Motorista.com.br\",\"url\":\"https:\\\/\\\/motorista.com.br\\\/noticias\\\/\",\"logo\":{\"@type\":\"ImageObject\",\"inLanguage\":\"pt-BR\",\"@id\":\"https:\\\/\\\/motorista.com.br\\\/noticias\\\/#\\\/schema\\\/logo\\\/image\\\/\",\"url\":\"https:\\\/\\\/motorista.com.br\\\/noticias\\\/wp-content\\\/uploads\\\/2025\\\/06\\\/Design-sem-nome-9.png\",\"contentUrl\":\"https:\\\/\\\/motorista.com.br\\\/noticias\\\/wp-content\\\/uploads\\\/2025\\\/06\\\/Design-sem-nome-9.png\",\"width\":150,\"height\":85,\"caption\":\"Motorista.com.br\"},\"image\":{\"@id\":\"https:\\\/\\\/motorista.com.br\\\/noticias\\\/#\\\/schema\\\/logo\\\/image\\\/\"}},{\"@type\":\"Person\",\"@id\":\"https:\\\/\\\/motorista.com.br\\\/noticias\\\/#\\\/schema\\\/person\\\/dc93afc2981c0e3ce6bc3c053fd847be\",\"name\":\"Equipe Reda\u00e7\u00e3o\",\"image\":{\"@type\":\"ImageObject\",\"inLanguage\":\"pt-BR\",\"@id\":\"https:\\\/\\\/secure.gravatar.com\\\/avatar\\\/4f525efbf18dd2bb300ccad28bfb99d95a9465a5ba268407c8c37b37e1f28d2d?s=96&d=mm&r=g9e099043a0c61e9ae27e293b9fa75ffc\",\"url\":\"https:\\\/\\\/secure.gravatar.com\\\/avatar\\\/4f525efbf18dd2bb300ccad28bfb99d95a9465a5ba268407c8c37b37e1f28d2d?s=96&d=mm&r=g\",\"contentUrl\":\"https:\\\/\\\/secure.gravatar.com\\\/avatar\\\/4f525efbf18dd2bb300ccad28bfb99d95a9465a5ba268407c8c37b37e1f28d2d?s=96&d=mm&r=g\",\"caption\":\"Equipe Reda\u00e7\u00e3o\"},\"description\":\"Equipe de reda\u00e7\u00e3o \u00e9 um grupo de profissionais que trabalham juntos para criar conte\u00fado escrito para Motorista.com.br\",\"url\":\"https:\\\/\\\/motorista.com.br\\\/noticias\\\/author\\\/equiperedacao\\\/\"}]}<\/script>\n<!-- \/ Yoast SEO Premium plugin. -->","yoast_head_json":{"title":"Caminh\u00f5es: alta de 9% em agosto, mas queda de 4,8% no ano. - Motorista.com.br","robots":{"index":"index","follow":"follow","max-snippet":"max-snippet:-1","max-image-preview":"max-image-preview:large","max-video-preview":"max-video-preview:-1"},"canonical":"https:\/\/motorista.com.br\/noticias\/2026\/09\/03\/caminhoes-alta-de-9-em-agosto-mas-queda-de-48-no-ano\/","og_locale":"pt_BR","og_type":"article","og_title":"Caminh\u00f5es: alta de 9% em agosto, mas queda de 4,8% no ano.","og_description":"O mercado brasileiro de caminh\u00f5es registrou um avan\u00e7o significativo em agosto, com 9.603 caminh\u00f5es emplacados, representando uma alta de 9,05% em rela\u00e7\u00e3o ao mesmo m\u00eas de 2025, quando a cifra foi de 8.806 unidades. Contudo, a compara\u00e7\u00e3o com julho, que teve 11.193 caminh\u00f5es emplacados, revelou uma queda de 14,21%. Esses dados, fornecidos pela Federa\u00e7\u00e3o Nacional &hellip;","og_url":"https:\/\/motorista.com.br\/noticias\/2026\/09\/03\/caminhoes-alta-de-9-em-agosto-mas-queda-de-48-no-ano\/","og_site_name":"Motorista.com.br","article_published_time":"2026-09-03T12:15:58+00:00","author":"Equipe Reda\u00e7\u00e3o","twitter_card":"summary_large_image","twitter_misc":{"Escrito por":"Equipe Reda\u00e7\u00e3o","Est. tempo de leitura":"4 minutos","Written by":"Equipe Reda\u00e7\u00e3o"},"schema":{"@context":"https:\/\/schema.org","@graph":[{"@type":"Article","@id":"https:\/\/motorista.com.br\/noticias\/2026\/09\/03\/caminhoes-alta-de-9-em-agosto-mas-queda-de-48-no-ano\/#article","isPartOf":{"@id":"https:\/\/motorista.com.br\/noticias\/2026\/09\/03\/caminhoes-alta-de-9-em-agosto-mas-queda-de-48-no-ano\/"},"author":{"name":"Equipe Reda\u00e7\u00e3o","@id":"https:\/\/motorista.com.br\/noticias\/#\/schema\/person\/dc93afc2981c0e3ce6bc3c053fd847be"},"headline":"Caminh\u00f5es: alta de 9% em agosto, mas queda de 4,8% no ano.","datePublished":"2026-09-03T12:15:58+00:00","mainEntityOfPage":{"@id":"https:\/\/motorista.com.br\/noticias\/2026\/09\/03\/caminhoes-alta-de-9-em-agosto-mas-queda-de-48-no-ano\/"},"wordCount":830,"publisher":{"@id":"https:\/\/motorista.com.br\/noticias\/#organization"},"image":{"@id":"https:\/\/motorista.com.br\/noticias\/2026\/09\/03\/caminhoes-alta-de-9-em-agosto-mas-queda-de-48-no-ano\/#primaryimage"},"thumbnailUrl":"https:\/\/motorista.com.br\/noticias\/wp-content\/uploads\/2026\/09\/volvotrucksFHAERO.jpg","articleSection":["Log\u00edstica"],"inLanguage":"pt-BR"},{"@type":"WebPage","@id":"https:\/\/motorista.com.br\/noticias\/2026\/09\/03\/caminhoes-alta-de-9-em-agosto-mas-queda-de-48-no-ano\/","url":"https:\/\/motorista.com.br\/noticias\/2026\/09\/03\/caminhoes-alta-de-9-em-agosto-mas-queda-de-48-no-ano\/","name":"Caminh\u00f5es: alta de 9% em agosto, mas queda de 4,8% no ano. - Motorista.com.br","isPartOf":{"@id":"https:\/\/motorista.com.br\/noticias\/#website"},"primaryImageOfPage":{"@id":"https:\/\/motorista.com.br\/noticias\/2026\/09\/03\/caminhoes-alta-de-9-em-agosto-mas-queda-de-48-no-ano\/#primaryimage"},"image":{"@id":"https:\/\/motorista.com.br\/noticias\/2026\/09\/03\/caminhoes-alta-de-9-em-agosto-mas-queda-de-48-no-ano\/#primaryimage"},"thumbnailUrl":"https:\/\/motorista.com.br\/noticias\/wp-content\/uploads\/2026\/09\/volvotrucksFHAERO.jpg","datePublished":"2026-09-03T12:15:58+00:00","breadcrumb":{"@id":"https:\/\/motorista.com.br\/noticias\/2026\/09\/03\/caminhoes-alta-de-9-em-agosto-mas-queda-de-48-no-ano\/#breadcrumb"},"inLanguage":"pt-BR","potentialAction":[{"@type":"ReadAction","target":["https:\/\/motorista.com.br\/noticias\/2026\/09\/03\/caminhoes-alta-de-9-em-agosto-mas-queda-de-48-no-ano\/"]}]},{"@type":"ImageObject","inLanguage":"pt-BR","@id":"https:\/\/motorista.com.br\/noticias\/2026\/09\/03\/caminhoes-alta-de-9-em-agosto-mas-queda-de-48-no-ano\/#primaryimage","url":"https:\/\/motorista.com.br\/noticias\/wp-content\/uploads\/2026\/09\/volvotrucksFHAERO.jpg","contentUrl":"https:\/\/motorista.com.br\/noticias\/wp-content\/uploads\/2026\/09\/volvotrucksFHAERO.jpg","width":1600,"height":1059},{"@type":"BreadcrumbList","@id":"https:\/\/motorista.com.br\/noticias\/2026\/09\/03\/caminhoes-alta-de-9-em-agosto-mas-queda-de-48-no-ano\/#breadcrumb","itemListElement":[{"@type":"ListItem","position":1,"name":"In\u00edcio","item":"https:\/\/motorista.com.br\/noticias\/"},{"@type":"ListItem","position":2,"name":"Caminh\u00f5es: alta de 9% em agosto, mas queda de 4,8% no ano."}]},{"@type":"WebSite","@id":"https:\/\/motorista.com.br\/noticias\/#website","url":"https:\/\/motorista.com.br\/noticias\/","name":"Motorista.com.br","description":"Not\u00edcia do Motorista","publisher":{"@id":"https:\/\/motorista.com.br\/noticias\/#organization"},"potentialAction":[{"@type":"SearchAction","target":{"@type":"EntryPoint","urlTemplate":"https:\/\/motorista.com.br\/noticias\/?s={search_term_string}"},"query-input":{"@type":"PropertyValueSpecification","valueRequired":true,"valueName":"search_term_string"}}],"inLanguage":"pt-BR"},{"@type":"Organization","@id":"https:\/\/motorista.com.br\/noticias\/#organization","name":"Motorista.com.br","url":"https:\/\/motorista.com.br\/noticias\/","logo":{"@type":"ImageObject","inLanguage":"pt-BR","@id":"https:\/\/motorista.com.br\/noticias\/#\/schema\/logo\/image\/","url":"https:\/\/motorista.com.br\/noticias\/wp-content\/uploads\/2025\/06\/Design-sem-nome-9.png","contentUrl":"https:\/\/motorista.com.br\/noticias\/wp-content\/uploads\/2025\/06\/Design-sem-nome-9.png","width":150,"height":85,"caption":"Motorista.com.br"},"image":{"@id":"https:\/\/motorista.com.br\/noticias\/#\/schema\/logo\/image\/"}},{"@type":"Person","@id":"https:\/\/motorista.com.br\/noticias\/#\/schema\/person\/dc93afc2981c0e3ce6bc3c053fd847be","name":"Equipe Reda\u00e7\u00e3o","image":{"@type":"ImageObject","inLanguage":"pt-BR","@id":"https:\/\/secure.gravatar.com\/avatar\/4f525efbf18dd2bb300ccad28bfb99d95a9465a5ba268407c8c37b37e1f28d2d?s=96&d=mm&r=g9e099043a0c61e9ae27e293b9fa75ffc","url":"https:\/\/secure.gravatar.com\/avatar\/4f525efbf18dd2bb300ccad28bfb99d95a9465a5ba268407c8c37b37e1f28d2d?s=96&d=mm&r=g","contentUrl":"https:\/\/secure.gravatar.com\/avatar\/4f525efbf18dd2bb300ccad28bfb99d95a9465a5ba268407c8c37b37e1f28d2d?s=96&d=mm&r=g","caption":"Equipe Reda\u00e7\u00e3o"},"description":"Equipe de reda\u00e7\u00e3o \u00e9 um grupo de profissionais que trabalham juntos para criar conte\u00fado escrito para Motorista.com.br","url":"https:\/\/motorista.com.br\/noticias\/author\/equiperedacao\/"}]}},"_links":{"self":[{"href":"https:\/\/motorista.com.br\/noticias\/wp-json\/wp\/v2\/posts\/14277","targetHints":{"allow":["GET"]}}],"collection":[{"href":"https:\/\/motorista.com.br\/noticias\/wp-json\/wp\/v2\/posts"}],"about":[{"href":"https:\/\/motorista.com.br\/noticias\/wp-json\/wp\/v2\/types\/post"}],"author":[{"embeddable":true,"href":"https:\/\/motorista.com.br\/noticias\/wp-json\/wp\/v2\/users\/4"}],"replies":[{"embeddable":true,"href":"https:\/\/motorista.com.br\/noticias\/wp-json\/wp\/v2\/comments?post=14277"}],"version-history":[{"count":0,"href":"https:\/\/motorista.com.br\/noticias\/wp-json\/wp\/v2\/posts\/14277\/revisions"}],"wp:featuredmedia":[{"embeddable":true,"href":"https:\/\/motorista.com.br\/noticias\/wp-json\/wp\/v2\/media\/14278"}],"wp:attachment":[{"href":"https:\/\/motorista.com.br\/noticias\/wp-json\/wp\/v2\/media?parent=14277"}],"wp:term":[{"taxonomy":"category","embeddable":true,"href":"https:\/\/motorista.com.br\/noticias\/wp-json\/wp\/v2\/categories?post=14277"},{"taxonomy":"post_tag","embeddable":true,"href":"https:\/\/motorista.com.br\/noticias\/wp-json\/wp\/v2\/tags?post=14277"},{"taxonomy":"author","embeddable":true,"href":"https:\/\/motorista.com.br\/noticias\/wp-json\/wp\/v2\/coauthors?post=14277"}],"curies":[{"name":"wp","href":"https:\/\/api.w.org\/{rel}","templated":true}]}}