{"id":14275,"date":"2026-09-03T07:39:16","date_gmt":"2026-09-03T10:39:16","guid":{"rendered":"https:\/\/motorista.com.br\/noticias\/2026\/09\/03\/sest-senat-financiara-cnh-d-e-capacitacao-para-motoristas\/"},"modified":"2026-09-03T07:39:16","modified_gmt":"2026-09-03T10:39:16","slug":"sest-senat-financiara-cnh-d-e-capacitacao-para-motoristas","status":"publish","type":"post","link":"https:\/\/motorista.com.br\/noticias\/2026\/09\/03\/sest-senat-financiara-cnh-d-e-capacitacao-para-motoristas\/","title":{"rendered":"SEST SENAT financiar\u00e1 CNH D e capacita\u00e7\u00e3o para motoristas."},"content":{"rendered":"<p><\/p>\n<h3>SEST SENAT ir\u00e1 financiar CNH D e curso para formar novos motoristas profissionais<\/h3>\n<p>O SEST SENAT est\u00e1 promovendo uma iniciativa significativa, garantindo o financiamento para a mudan\u00e7a de categoria da CNH e para a forma\u00e7\u00e3o de brasileiros interessados em se tornarem motoristas profissionais. O foco est\u00e1 na obten\u00e7\u00e3o da <strong>categoria D<\/strong>, essencial para condutores de \u00f4nibus, micro-\u00f4nibus e outros ve\u00edculos de passageiros.<\/p>\n<p>Essa a\u00e7\u00e3o faz parte do programa <strong>Mais Motoristas<\/strong>, que ganhou uma nova edi\u00e7\u00e3o em 2026. O projeto cobre todas as despesas necess\u00e1rias para que candidatos selecionados realizem a mudan\u00e7a para as categorias C, D ou E e ainda participem de cursos de capacita\u00e7\u00e3o profissional.<\/p>\n<p>O suporte financeiro vai al\u00e9m do curso, incluindo exames m\u00e9dicos, avalia\u00e7\u00e3o psicol\u00f3gica, exame toxicol\u00f3gico, aulas pr\u00e1ticas de dire\u00e7\u00e3o e o aluguel do ve\u00edculo usado no Centro de Forma\u00e7\u00e3o de Condutores. Ap\u00f3s essa etapa inicial, os participantes ter\u00e3o tamb\u00e9m a forma\u00e7\u00e3o profissional prevista no programa.<\/p>\n<p>Para aqueles que desejam obter a CNH D, a iniciativa representa uma oportunidade valiosa de se inserir no transporte profissional sem ter que arcar com a carga financeira pesada que normalmente acompanha a mudan\u00e7a de categoria. O interesse demonstrado nesta edi\u00e7\u00e3o \u00e9 enorme; foram registradas cerca de <strong>138 mil inscri\u00e7\u00f5es<\/strong>, revelando que muitos brasileiros veem o trabalho como motoristas como uma chance de garantir uma renda est\u00e1vel.<\/p>\n<p>Embora as inscri\u00e7\u00f5es tenham sido encerradas em 14 de julho, os que se inscreveram est\u00e3o passando pelas etapas definidas no edital. Atualmente, eles t\u00eam at\u00e9 <strong>3 de setembro de 2026<\/strong> para enviar a documenta\u00e7\u00e3o exigida de forma online, facilitando o processo.<\/p>\n<p>O programa possui crit\u00e9rios de participa\u00e7\u00e3o, como idade m\u00ednima de 19 anos, CNH v\u00e1lida e a aus\u00eancia de infra\u00e7\u00f5es grav\u00edssimas nos 12 meses anteriores \u00e0 inscri\u00e7\u00e3o. A an\u00e1lise dos documentos \u00e9 uma fase eliminat\u00f3ria: apenas aqueles que tiverem a documenta\u00e7\u00e3o aprovada ser\u00e3o convocados para iniciar a troca da habilita\u00e7\u00e3o e a forma\u00e7\u00e3o necess\u00e1ria.<\/p>\n<p>Os impactos dessa iniciativa s\u00e3o significativos para os motoristas e para a mobilidade no geral. Ao facilitar a forma\u00e7\u00e3o de novos motoristas, o SEST SENAT n\u00e3o apenas contribui para a gera\u00e7\u00e3o de empregos, mas tamb\u00e9m colabora para a melhoria da qualidade do transporte coletivo e da mobilidade urbana. Com motoristas mais bem preparados, a seguran\u00e7a nas estradas tende a aumentar, beneficiando todos os usu\u00e1rios.<\/p>\n<p>Essa a\u00e7\u00e3o \u00e9 um passo positivo em dire\u00e7\u00e3o \u00e0 valoriza\u00e7\u00e3o da profiss\u00e3o de motorista, al\u00e9m de ajudar a suprir a demanda crescente por transporte, tornando as cidades mais conectadas e acess\u00edveis.<\/p>\n<p><strong>Fonte: Brasil do Trecho<\/strong><\/p>\n","protected":false},"excerpt":{"rendered":"<p>SEST SENAT ir\u00e1 financiar CNH D e curso para formar novos motoristas profissionais O SEST SENAT est\u00e1 promovendo uma iniciativa significativa, garantindo o financiamento para a mudan\u00e7a de categoria da CNH e para a forma\u00e7\u00e3o de brasileiros interessados em se tornarem motoristas profissionais. O foco est\u00e1 na obten\u00e7\u00e3o da categoria D, essencial para condutores de &hellip;<\/p>\n","protected":false},"author":4,"featured_media":14276,"comment_status":"","ping_status":"open","sticky":false,"template":"","format":"standard","meta":{"footnotes":""},"categories":[77],"tags":[],"coauthors":[42],"class_list":["post-14275","post","type-post","status-publish","format-standard","has-post-thumbnail","hentry","category-motorista"],"yoast_head":"<!-- This site is optimized with the Yoast SEO Premium plugin v27.6.1 (Yoast SEO v28.4) - https:\/\/yoast.com\/product\/yoast-seo-premium-wordpress\/ -->\n<title>SEST SENAT financiar\u00e1 CNH D e capacita\u00e7\u00e3o para motoristas. - Motorista.com.br<\/title>\n<meta name=\"robots\" content=\"index, follow, max-snippet:-1, max-image-preview:large, max-video-preview:-1\" \/>\n<link rel=\"canonical\" href=\"https:\/\/motorista.com.br\/noticias\/2026\/09\/03\/sest-senat-financiara-cnh-d-e-capacitacao-para-motoristas\/\" \/>\n<meta property=\"og:locale\" content=\"pt_BR\" \/>\n<meta property=\"og:type\" content=\"article\" \/>\n<meta property=\"og:title\" content=\"SEST SENAT financiar\u00e1 CNH D e capacita\u00e7\u00e3o para motoristas.\" \/>\n<meta property=\"og:description\" content=\"SEST SENAT ir\u00e1 financiar CNH D e curso para formar novos motoristas profissionais O SEST SENAT est\u00e1 promovendo uma iniciativa significativa, garantindo o financiamento para a mudan\u00e7a de categoria da CNH e para a forma\u00e7\u00e3o de brasileiros interessados em se tornarem motoristas profissionais. O foco est\u00e1 na obten\u00e7\u00e3o da categoria D, essencial para condutores de &hellip;\" \/>\n<meta property=\"og:url\" content=\"https:\/\/motorista.com.br\/noticias\/2026\/09\/03\/sest-senat-financiara-cnh-d-e-capacitacao-para-motoristas\/\" \/>\n<meta property=\"og:site_name\" content=\"Motorista.com.br\" \/>\n<meta property=\"article:published_time\" content=\"2026-09-03T10:39:16+00:00\" \/>\n<meta name=\"author\" content=\"Equipe Reda\u00e7\u00e3o\" \/>\n<meta name=\"twitter:card\" content=\"summary_large_image\" \/>\n<meta name=\"twitter:label1\" content=\"Escrito por\" \/>\n\t<meta name=\"twitter:data1\" content=\"Equipe Reda\u00e7\u00e3o\" \/>\n\t<meta name=\"twitter:label2\" content=\"Est. tempo de leitura\" \/>\n\t<meta name=\"twitter:data2\" content=\"2 minutos\" \/>\n\t<meta name=\"twitter:label3\" content=\"Written by\" \/>\n\t<meta name=\"twitter:data3\" content=\"Equipe Reda\u00e7\u00e3o\" \/>\n<script type=\"application\/ld+json\" class=\"yoast-schema-graph\">{\"@context\":\"https:\\\/\\\/schema.org\",\"@graph\":[{\"@type\":\"Article\",\"@id\":\"https:\\\/\\\/motorista.com.br\\\/noticias\\\/2026\\\/09\\\/03\\\/sest-senat-financiara-cnh-d-e-capacitacao-para-motoristas\\\/#article\",\"isPartOf\":{\"@id\":\"https:\\\/\\\/motorista.com.br\\\/noticias\\\/2026\\\/09\\\/03\\\/sest-senat-financiara-cnh-d-e-capacitacao-para-motoristas\\\/\"},\"author\":{\"name\":\"Equipe Reda\u00e7\u00e3o\",\"@id\":\"https:\\\/\\\/motorista.com.br\\\/noticias\\\/#\\\/schema\\\/person\\\/dc93afc2981c0e3ce6bc3c053fd847be\"},\"headline\":\"SEST SENAT financiar\u00e1 CNH D e capacita\u00e7\u00e3o para motoristas.\",\"datePublished\":\"2026-09-03T10:39:16+00:00\",\"mainEntityOfPage\":{\"@id\":\"https:\\\/\\\/motorista.com.br\\\/noticias\\\/2026\\\/09\\\/03\\\/sest-senat-financiara-cnh-d-e-capacitacao-para-motoristas\\\/\"},\"wordCount\":467,\"publisher\":{\"@id\":\"https:\\\/\\\/motorista.com.br\\\/noticias\\\/#organization\"},\"image\":{\"@id\":\"https:\\\/\\\/motorista.com.br\\\/noticias\\\/2026\\\/09\\\/03\\\/sest-senat-financiara-cnh-d-e-capacitacao-para-motoristas\\\/#primaryimage\"},\"thumbnailUrl\":\"https:\\\/\\\/motorista.com.br\\\/noticias\\\/wp-content\\\/uploads\\\/2026\\\/09\\\/SEST-SENAT-vai-bancar-CNH-D-e-curso-para-formar-novos-motoristas-profissionais.jpeg\",\"articleSection\":[\"Motorista\"],\"inLanguage\":\"pt-BR\"},{\"@type\":\"WebPage\",\"@id\":\"https:\\\/\\\/motorista.com.br\\\/noticias\\\/2026\\\/09\\\/03\\\/sest-senat-financiara-cnh-d-e-capacitacao-para-motoristas\\\/\",\"url\":\"https:\\\/\\\/motorista.com.br\\\/noticias\\\/2026\\\/09\\\/03\\\/sest-senat-financiara-cnh-d-e-capacitacao-para-motoristas\\\/\",\"name\":\"SEST SENAT financiar\u00e1 CNH D e capacita\u00e7\u00e3o para motoristas. - Motorista.com.br\",\"isPartOf\":{\"@id\":\"https:\\\/\\\/motorista.com.br\\\/noticias\\\/#website\"},\"primaryImageOfPage\":{\"@id\":\"https:\\\/\\\/motorista.com.br\\\/noticias\\\/2026\\\/09\\\/03\\\/sest-senat-financiara-cnh-d-e-capacitacao-para-motoristas\\\/#primaryimage\"},\"image\":{\"@id\":\"https:\\\/\\\/motorista.com.br\\\/noticias\\\/2026\\\/09\\\/03\\\/sest-senat-financiara-cnh-d-e-capacitacao-para-motoristas\\\/#primaryimage\"},\"thumbnailUrl\":\"https:\\\/\\\/motorista.com.br\\\/noticias\\\/wp-content\\\/uploads\\\/2026\\\/09\\\/SEST-SENAT-vai-bancar-CNH-D-e-curso-para-formar-novos-motoristas-profissionais.jpeg\",\"datePublished\":\"2026-09-03T10:39:16+00:00\",\"breadcrumb\":{\"@id\":\"https:\\\/\\\/motorista.com.br\\\/noticias\\\/2026\\\/09\\\/03\\\/sest-senat-financiara-cnh-d-e-capacitacao-para-motoristas\\\/#breadcrumb\"},\"inLanguage\":\"pt-BR\",\"potentialAction\":[{\"@type\":\"ReadAction\",\"target\":[\"https:\\\/\\\/motorista.com.br\\\/noticias\\\/2026\\\/09\\\/03\\\/sest-senat-financiara-cnh-d-e-capacitacao-para-motoristas\\\/\"]}]},{\"@type\":\"ImageObject\",\"inLanguage\":\"pt-BR\",\"@id\":\"https:\\\/\\\/motorista.com.br\\\/noticias\\\/2026\\\/09\\\/03\\\/sest-senat-financiara-cnh-d-e-capacitacao-para-motoristas\\\/#primaryimage\",\"url\":\"https:\\\/\\\/motorista.com.br\\\/noticias\\\/wp-content\\\/uploads\\\/2026\\\/09\\\/SEST-SENAT-vai-bancar-CNH-D-e-curso-para-formar-novos-motoristas-profissionais.jpeg\",\"contentUrl\":\"https:\\\/\\\/motorista.com.br\\\/noticias\\\/wp-content\\\/uploads\\\/2026\\\/09\\\/SEST-SENAT-vai-bancar-CNH-D-e-curso-para-formar-novos-motoristas-profissionais.jpeg\",\"width\":1200,\"height\":799},{\"@type\":\"BreadcrumbList\",\"@id\":\"https:\\\/\\\/motorista.com.br\\\/noticias\\\/2026\\\/09\\\/03\\\/sest-senat-financiara-cnh-d-e-capacitacao-para-motoristas\\\/#breadcrumb\",\"itemListElement\":[{\"@type\":\"ListItem\",\"position\":1,\"name\":\"In\u00edcio\",\"item\":\"https:\\\/\\\/motorista.com.br\\\/noticias\\\/\"},{\"@type\":\"ListItem\",\"position\":2,\"name\":\"SEST SENAT financiar\u00e1 CNH D e capacita\u00e7\u00e3o para motoristas.\"}]},{\"@type\":\"WebSite\",\"@id\":\"https:\\\/\\\/motorista.com.br\\\/noticias\\\/#website\",\"url\":\"https:\\\/\\\/motorista.com.br\\\/noticias\\\/\",\"name\":\"Motorista.com.br\",\"description\":\"Not\u00edcia do Motorista\",\"publisher\":{\"@id\":\"https:\\\/\\\/motorista.com.br\\\/noticias\\\/#organization\"},\"potentialAction\":[{\"@type\":\"SearchAction\",\"target\":{\"@type\":\"EntryPoint\",\"urlTemplate\":\"https:\\\/\\\/motorista.com.br\\\/noticias\\\/?s={search_term_string}\"},\"query-input\":{\"@type\":\"PropertyValueSpecification\",\"valueRequired\":true,\"valueName\":\"search_term_string\"}}],\"inLanguage\":\"pt-BR\"},{\"@type\":\"Organization\",\"@id\":\"https:\\\/\\\/motorista.com.br\\\/noticias\\\/#organization\",\"name\":\"Motorista.com.br\",\"url\":\"https:\\\/\\\/motorista.com.br\\\/noticias\\\/\",\"logo\":{\"@type\":\"ImageObject\",\"inLanguage\":\"pt-BR\",\"@id\":\"https:\\\/\\\/motorista.com.br\\\/noticias\\\/#\\\/schema\\\/logo\\\/image\\\/\",\"url\":\"https:\\\/\\\/motorista.com.br\\\/noticias\\\/wp-content\\\/uploads\\\/2025\\\/06\\\/Design-sem-nome-9.png\",\"contentUrl\":\"https:\\\/\\\/motorista.com.br\\\/noticias\\\/wp-content\\\/uploads\\\/2025\\\/06\\\/Design-sem-nome-9.png\",\"width\":150,\"height\":85,\"caption\":\"Motorista.com.br\"},\"image\":{\"@id\":\"https:\\\/\\\/motorista.com.br\\\/noticias\\\/#\\\/schema\\\/logo\\\/image\\\/\"}},{\"@type\":\"Person\",\"@id\":\"https:\\\/\\\/motorista.com.br\\\/noticias\\\/#\\\/schema\\\/person\\\/dc93afc2981c0e3ce6bc3c053fd847be\",\"name\":\"Equipe Reda\u00e7\u00e3o\",\"image\":{\"@type\":\"ImageObject\",\"inLanguage\":\"pt-BR\",\"@id\":\"https:\\\/\\\/secure.gravatar.com\\\/avatar\\\/4f525efbf18dd2bb300ccad28bfb99d95a9465a5ba268407c8c37b37e1f28d2d?s=96&d=mm&r=g9e099043a0c61e9ae27e293b9fa75ffc\",\"url\":\"https:\\\/\\\/secure.gravatar.com\\\/avatar\\\/4f525efbf18dd2bb300ccad28bfb99d95a9465a5ba268407c8c37b37e1f28d2d?s=96&d=mm&r=g\",\"contentUrl\":\"https:\\\/\\\/secure.gravatar.com\\\/avatar\\\/4f525efbf18dd2bb300ccad28bfb99d95a9465a5ba268407c8c37b37e1f28d2d?s=96&d=mm&r=g\",\"caption\":\"Equipe Reda\u00e7\u00e3o\"},\"description\":\"Equipe de reda\u00e7\u00e3o \u00e9 um grupo de profissionais que trabalham juntos para criar conte\u00fado escrito para Motorista.com.br\",\"url\":\"https:\\\/\\\/motorista.com.br\\\/noticias\\\/author\\\/equiperedacao\\\/\"}]}<\/script>\n<!-- \/ Yoast SEO Premium plugin. -->","yoast_head_json":{"title":"SEST SENAT financiar\u00e1 CNH D e capacita\u00e7\u00e3o para motoristas. - Motorista.com.br","robots":{"index":"index","follow":"follow","max-snippet":"max-snippet:-1","max-image-preview":"max-image-preview:large","max-video-preview":"max-video-preview:-1"},"canonical":"https:\/\/motorista.com.br\/noticias\/2026\/09\/03\/sest-senat-financiara-cnh-d-e-capacitacao-para-motoristas\/","og_locale":"pt_BR","og_type":"article","og_title":"SEST SENAT financiar\u00e1 CNH D e capacita\u00e7\u00e3o para motoristas.","og_description":"SEST SENAT ir\u00e1 financiar CNH D e curso para formar novos motoristas profissionais O SEST SENAT est\u00e1 promovendo uma iniciativa significativa, garantindo o financiamento para a mudan\u00e7a de categoria da CNH e para a forma\u00e7\u00e3o de brasileiros interessados em se tornarem motoristas profissionais. O foco est\u00e1 na obten\u00e7\u00e3o da categoria D, essencial para condutores de &hellip;","og_url":"https:\/\/motorista.com.br\/noticias\/2026\/09\/03\/sest-senat-financiara-cnh-d-e-capacitacao-para-motoristas\/","og_site_name":"Motorista.com.br","article_published_time":"2026-09-03T10:39:16+00:00","author":"Equipe Reda\u00e7\u00e3o","twitter_card":"summary_large_image","twitter_misc":{"Escrito por":"Equipe Reda\u00e7\u00e3o","Est. tempo de leitura":"2 minutos","Written by":"Equipe Reda\u00e7\u00e3o"},"schema":{"@context":"https:\/\/schema.org","@graph":[{"@type":"Article","@id":"https:\/\/motorista.com.br\/noticias\/2026\/09\/03\/sest-senat-financiara-cnh-d-e-capacitacao-para-motoristas\/#article","isPartOf":{"@id":"https:\/\/motorista.com.br\/noticias\/2026\/09\/03\/sest-senat-financiara-cnh-d-e-capacitacao-para-motoristas\/"},"author":{"name":"Equipe Reda\u00e7\u00e3o","@id":"https:\/\/motorista.com.br\/noticias\/#\/schema\/person\/dc93afc2981c0e3ce6bc3c053fd847be"},"headline":"SEST SENAT financiar\u00e1 CNH D e capacita\u00e7\u00e3o para motoristas.","datePublished":"2026-09-03T10:39:16+00:00","mainEntityOfPage":{"@id":"https:\/\/motorista.com.br\/noticias\/2026\/09\/03\/sest-senat-financiara-cnh-d-e-capacitacao-para-motoristas\/"},"wordCount":467,"publisher":{"@id":"https:\/\/motorista.com.br\/noticias\/#organization"},"image":{"@id":"https:\/\/motorista.com.br\/noticias\/2026\/09\/03\/sest-senat-financiara-cnh-d-e-capacitacao-para-motoristas\/#primaryimage"},"thumbnailUrl":"https:\/\/motorista.com.br\/noticias\/wp-content\/uploads\/2026\/09\/SEST-SENAT-vai-bancar-CNH-D-e-curso-para-formar-novos-motoristas-profissionais.jpeg","articleSection":["Motorista"],"inLanguage":"pt-BR"},{"@type":"WebPage","@id":"https:\/\/motorista.com.br\/noticias\/2026\/09\/03\/sest-senat-financiara-cnh-d-e-capacitacao-para-motoristas\/","url":"https:\/\/motorista.com.br\/noticias\/2026\/09\/03\/sest-senat-financiara-cnh-d-e-capacitacao-para-motoristas\/","name":"SEST SENAT financiar\u00e1 CNH D e capacita\u00e7\u00e3o para motoristas. - Motorista.com.br","isPartOf":{"@id":"https:\/\/motorista.com.br\/noticias\/#website"},"primaryImageOfPage":{"@id":"https:\/\/motorista.com.br\/noticias\/2026\/09\/03\/sest-senat-financiara-cnh-d-e-capacitacao-para-motoristas\/#primaryimage"},"image":{"@id":"https:\/\/motorista.com.br\/noticias\/2026\/09\/03\/sest-senat-financiara-cnh-d-e-capacitacao-para-motoristas\/#primaryimage"},"thumbnailUrl":"https:\/\/motorista.com.br\/noticias\/wp-content\/uploads\/2026\/09\/SEST-SENAT-vai-bancar-CNH-D-e-curso-para-formar-novos-motoristas-profissionais.jpeg","datePublished":"2026-09-03T10:39:16+00:00","breadcrumb":{"@id":"https:\/\/motorista.com.br\/noticias\/2026\/09\/03\/sest-senat-financiara-cnh-d-e-capacitacao-para-motoristas\/#breadcrumb"},"inLanguage":"pt-BR","potentialAction":[{"@type":"ReadAction","target":["https:\/\/motorista.com.br\/noticias\/2026\/09\/03\/sest-senat-financiara-cnh-d-e-capacitacao-para-motoristas\/"]}]},{"@type":"ImageObject","inLanguage":"pt-BR","@id":"https:\/\/motorista.com.br\/noticias\/2026\/09\/03\/sest-senat-financiara-cnh-d-e-capacitacao-para-motoristas\/#primaryimage","url":"https:\/\/motorista.com.br\/noticias\/wp-content\/uploads\/2026\/09\/SEST-SENAT-vai-bancar-CNH-D-e-curso-para-formar-novos-motoristas-profissionais.jpeg","contentUrl":"https:\/\/motorista.com.br\/noticias\/wp-content\/uploads\/2026\/09\/SEST-SENAT-vai-bancar-CNH-D-e-curso-para-formar-novos-motoristas-profissionais.jpeg","width":1200,"height":799},{"@type":"BreadcrumbList","@id":"https:\/\/motorista.com.br\/noticias\/2026\/09\/03\/sest-senat-financiara-cnh-d-e-capacitacao-para-motoristas\/#breadcrumb","itemListElement":[{"@type":"ListItem","position":1,"name":"In\u00edcio","item":"https:\/\/motorista.com.br\/noticias\/"},{"@type":"ListItem","position":2,"name":"SEST SENAT financiar\u00e1 CNH D e capacita\u00e7\u00e3o para motoristas."}]},{"@type":"WebSite","@id":"https:\/\/motorista.com.br\/noticias\/#website","url":"https:\/\/motorista.com.br\/noticias\/","name":"Motorista.com.br","description":"Not\u00edcia do Motorista","publisher":{"@id":"https:\/\/motorista.com.br\/noticias\/#organization"},"potentialAction":[{"@type":"SearchAction","target":{"@type":"EntryPoint","urlTemplate":"https:\/\/motorista.com.br\/noticias\/?s={search_term_string}"},"query-input":{"@type":"PropertyValueSpecification","valueRequired":true,"valueName":"search_term_string"}}],"inLanguage":"pt-BR"},{"@type":"Organization","@id":"https:\/\/motorista.com.br\/noticias\/#organization","name":"Motorista.com.br","url":"https:\/\/motorista.com.br\/noticias\/","logo":{"@type":"ImageObject","inLanguage":"pt-BR","@id":"https:\/\/motorista.com.br\/noticias\/#\/schema\/logo\/image\/","url":"https:\/\/motorista.com.br\/noticias\/wp-content\/uploads\/2025\/06\/Design-sem-nome-9.png","contentUrl":"https:\/\/motorista.com.br\/noticias\/wp-content\/uploads\/2025\/06\/Design-sem-nome-9.png","width":150,"height":85,"caption":"Motorista.com.br"},"image":{"@id":"https:\/\/motorista.com.br\/noticias\/#\/schema\/logo\/image\/"}},{"@type":"Person","@id":"https:\/\/motorista.com.br\/noticias\/#\/schema\/person\/dc93afc2981c0e3ce6bc3c053fd847be","name":"Equipe Reda\u00e7\u00e3o","image":{"@type":"ImageObject","inLanguage":"pt-BR","@id":"https:\/\/secure.gravatar.com\/avatar\/4f525efbf18dd2bb300ccad28bfb99d95a9465a5ba268407c8c37b37e1f28d2d?s=96&d=mm&r=g9e099043a0c61e9ae27e293b9fa75ffc","url":"https:\/\/secure.gravatar.com\/avatar\/4f525efbf18dd2bb300ccad28bfb99d95a9465a5ba268407c8c37b37e1f28d2d?s=96&d=mm&r=g","contentUrl":"https:\/\/secure.gravatar.com\/avatar\/4f525efbf18dd2bb300ccad28bfb99d95a9465a5ba268407c8c37b37e1f28d2d?s=96&d=mm&r=g","caption":"Equipe Reda\u00e7\u00e3o"},"description":"Equipe de reda\u00e7\u00e3o \u00e9 um grupo de profissionais que trabalham juntos para criar conte\u00fado escrito para Motorista.com.br","url":"https:\/\/motorista.com.br\/noticias\/author\/equiperedacao\/"}]}},"_links":{"self":[{"href":"https:\/\/motorista.com.br\/noticias\/wp-json\/wp\/v2\/posts\/14275","targetHints":{"allow":["GET"]}}],"collection":[{"href":"https:\/\/motorista.com.br\/noticias\/wp-json\/wp\/v2\/posts"}],"about":[{"href":"https:\/\/motorista.com.br\/noticias\/wp-json\/wp\/v2\/types\/post"}],"author":[{"embeddable":true,"href":"https:\/\/motorista.com.br\/noticias\/wp-json\/wp\/v2\/users\/4"}],"replies":[{"embeddable":true,"href":"https:\/\/motorista.com.br\/noticias\/wp-json\/wp\/v2\/comments?post=14275"}],"version-history":[{"count":0,"href":"https:\/\/motorista.com.br\/noticias\/wp-json\/wp\/v2\/posts\/14275\/revisions"}],"wp:featuredmedia":[{"embeddable":true,"href":"https:\/\/motorista.com.br\/noticias\/wp-json\/wp\/v2\/media\/14276"}],"wp:attachment":[{"href":"https:\/\/motorista.com.br\/noticias\/wp-json\/wp\/v2\/media?parent=14275"}],"wp:term":[{"taxonomy":"category","embeddable":true,"href":"https:\/\/motorista.com.br\/noticias\/wp-json\/wp\/v2\/categories?post=14275"},{"taxonomy":"post_tag","embeddable":true,"href":"https:\/\/motorista.com.br\/noticias\/wp-json\/wp\/v2\/tags?post=14275"},{"taxonomy":"author","embeddable":true,"href":"https:\/\/motorista.com.br\/noticias\/wp-json\/wp\/v2\/coauthors?post=14275"}],"curies":[{"name":"wp","href":"https:\/\/api.w.org\/{rel}","templated":true}]}}