{"id":14271,"date":"2026-09-03T03:37:06","date_gmt":"2026-09-03T06:37:06","guid":{"rendered":"https:\/\/motorista.com.br\/noticias\/2026\/09\/03\/bitrem-desce-sozinho-e-caminhoneiro-morre-ao-tentar-entrar\/"},"modified":"2026-09-03T03:37:06","modified_gmt":"2026-09-03T06:37:06","slug":"bitrem-desce-sozinho-e-caminhoneiro-morre-ao-tentar-entrar","status":"publish","type":"post","link":"https:\/\/motorista.com.br\/noticias\/2026\/09\/03\/bitrem-desce-sozinho-e-caminhoneiro-morre-ao-tentar-entrar\/","title":{"rendered":"Bitrem desce sozinho e caminhoneiro morre ao tentar entrar"},"content":{"rendered":"<p><\/p>\n<h2>Bitrem Come\u00e7a a Descer Sozinho e Caminhoneiro Morre ao Tentar Entrar na Cabine<\/h2>\n<p>Um tr\u00e1gico acidente ocorreu em V\u00e1rzea Grande, Mato Grosso, onde um caminhoneiro de 57 anos, identificado como Claudinei Jos\u00e9 Wendt, perdeu a vida ap\u00f3s ser prensado pelo pr\u00f3prio ve\u00edculo. O incidente aconteceu em um posto de combust\u00edveis nas margens da Rodovia dos Imigrantes.<\/p>\n<p>Durante a manobra, Claudinei percebeu que seu bitrem ba\u00fa come\u00e7ava a se movimentar, descendo pelo p\u00e1tio. Na tentativa de retornar \u00e0 cabine e acionar o freio, ele infelizmente foi atingido e prensado pela carreta. As equipes de emerg\u00eancia, incluindo a Guarda Municipal, Pol\u00edcia Militar e Samu, foram chamadas ao local, mas ele n\u00e3o resistiu aos ferimentos.<\/p>\n<p>Esse tr\u00e1gico evento levanta quest\u00f5es importantes sobre seguran\u00e7a e manuten\u00e7\u00e3o de ve\u00edculos pesados. A movimenta\u00e7\u00e3o inesperada de um bitrem pode ser um indicativo de falhas mec\u00e2nicas ou de procedimentos inadequados de estacionamento. Isso destaca n\u00e3o apenas a necessidade de um rigoroso controle nas manuten\u00e7\u00f5es e inspe\u00e7\u00f5es dos caminh\u00f5es, mas tamb\u00e9m a import\u00e2ncia de uma conscientiza\u00e7\u00e3o cont\u00ednua entre os motoristas sobre pr\u00e1ticas de seguran\u00e7a.<\/p>\n<p>Esses acidentes n\u00e3o apenas afetam diretamente os profissionais envolvidos, mas tamb\u00e9m impactam a mobilidade geral nas estradas. A perda de um caminhoneiro experiente como Claudinei representa uma lacuna significativa na for\u00e7a de trabalho e pode contribuir para o aumento do tempo de entrega e maior press\u00e3o sobre outros motoristas nas estradas, levando a um efeito domin\u00f3 que afeta a log\u00edstica e o transporte de bens.<\/p>\n<p>O caso serve como um alerta para todos os motoristas e caminhoneiros sobre a import\u00e2ncia de garantir que seus ve\u00edculos estejam em perfeito estado de funcionamento e que as manobras de estacionamento sejam realizadas de maneira segura. Medidas de seguran\u00e7a adequadas n\u00e3o apenas salvam vidas, mas tamb\u00e9m promovem uma mobilidade mais eficaz nas estradas.<\/p>\n<p><strong>Fonte: brasildotrecho<\/strong><\/p>\n","protected":false},"excerpt":{"rendered":"<p>Bitrem Come\u00e7a a Descer Sozinho e Caminhoneiro Morre ao Tentar Entrar na Cabine Um tr\u00e1gico acidente ocorreu em V\u00e1rzea Grande, Mato Grosso, onde um caminhoneiro de 57 anos, identificado como Claudinei Jos\u00e9 Wendt, perdeu a vida ap\u00f3s ser prensado pelo pr\u00f3prio ve\u00edculo. O incidente aconteceu em um posto de combust\u00edveis nas margens da Rodovia dos &hellip;<\/p>\n","protected":false},"author":4,"featured_media":14272,"comment_status":"","ping_status":"open","sticky":false,"template":"","format":"standard","meta":{"footnotes":""},"categories":[77],"tags":[],"coauthors":[42],"class_list":["post-14271","post","type-post","status-publish","format-standard","has-post-thumbnail","hentry","category-motorista"],"yoast_head":"<!-- This site is optimized with the Yoast SEO Premium plugin v27.6.1 (Yoast SEO v28.4) - https:\/\/yoast.com\/product\/yoast-seo-premium-wordpress\/ -->\n<title>Bitrem desce sozinho e caminhoneiro morre ao tentar entrar - Motorista.com.br<\/title>\n<meta name=\"robots\" content=\"index, follow, max-snippet:-1, max-image-preview:large, max-video-preview:-1\" \/>\n<link rel=\"canonical\" href=\"https:\/\/motorista.com.br\/noticias\/2026\/09\/03\/bitrem-desce-sozinho-e-caminhoneiro-morre-ao-tentar-entrar\/\" \/>\n<meta property=\"og:locale\" content=\"pt_BR\" \/>\n<meta property=\"og:type\" content=\"article\" \/>\n<meta property=\"og:title\" content=\"Bitrem desce sozinho e caminhoneiro morre ao tentar entrar\" \/>\n<meta property=\"og:description\" content=\"Bitrem Come\u00e7a a Descer Sozinho e Caminhoneiro Morre ao Tentar Entrar na Cabine Um tr\u00e1gico acidente ocorreu em V\u00e1rzea Grande, Mato Grosso, onde um caminhoneiro de 57 anos, identificado como Claudinei Jos\u00e9 Wendt, perdeu a vida ap\u00f3s ser prensado pelo pr\u00f3prio ve\u00edculo. O incidente aconteceu em um posto de combust\u00edveis nas margens da Rodovia dos &hellip;\" \/>\n<meta property=\"og:url\" content=\"https:\/\/motorista.com.br\/noticias\/2026\/09\/03\/bitrem-desce-sozinho-e-caminhoneiro-morre-ao-tentar-entrar\/\" \/>\n<meta property=\"og:site_name\" content=\"Motorista.com.br\" \/>\n<meta property=\"article:published_time\" content=\"2026-09-03T06:37:06+00:00\" \/>\n<meta name=\"author\" content=\"Equipe Reda\u00e7\u00e3o\" \/>\n<meta name=\"twitter:card\" content=\"summary_large_image\" \/>\n<meta name=\"twitter:label1\" content=\"Escrito por\" \/>\n\t<meta name=\"twitter:data1\" content=\"Equipe Reda\u00e7\u00e3o\" \/>\n\t<meta name=\"twitter:label2\" content=\"Est. tempo de leitura\" \/>\n\t<meta name=\"twitter:data2\" content=\"2 minutos\" \/>\n\t<meta name=\"twitter:label3\" content=\"Written by\" \/>\n\t<meta name=\"twitter:data3\" content=\"Equipe Reda\u00e7\u00e3o\" \/>\n<script type=\"application\/ld+json\" class=\"yoast-schema-graph\">{\"@context\":\"https:\\\/\\\/schema.org\",\"@graph\":[{\"@type\":\"Article\",\"@id\":\"https:\\\/\\\/motorista.com.br\\\/noticias\\\/2026\\\/09\\\/03\\\/bitrem-desce-sozinho-e-caminhoneiro-morre-ao-tentar-entrar\\\/#article\",\"isPartOf\":{\"@id\":\"https:\\\/\\\/motorista.com.br\\\/noticias\\\/2026\\\/09\\\/03\\\/bitrem-desce-sozinho-e-caminhoneiro-morre-ao-tentar-entrar\\\/\"},\"author\":{\"name\":\"Equipe Reda\u00e7\u00e3o\",\"@id\":\"https:\\\/\\\/motorista.com.br\\\/noticias\\\/#\\\/schema\\\/person\\\/dc93afc2981c0e3ce6bc3c053fd847be\"},\"headline\":\"Bitrem desce sozinho e caminhoneiro morre ao tentar entrar\",\"datePublished\":\"2026-09-03T06:37:06+00:00\",\"mainEntityOfPage\":{\"@id\":\"https:\\\/\\\/motorista.com.br\\\/noticias\\\/2026\\\/09\\\/03\\\/bitrem-desce-sozinho-e-caminhoneiro-morre-ao-tentar-entrar\\\/\"},\"wordCount\":342,\"publisher\":{\"@id\":\"https:\\\/\\\/motorista.com.br\\\/noticias\\\/#organization\"},\"image\":{\"@id\":\"https:\\\/\\\/motorista.com.br\\\/noticias\\\/2026\\\/09\\\/03\\\/bitrem-desce-sozinho-e-caminhoneiro-morre-ao-tentar-entrar\\\/#primaryimage\"},\"thumbnailUrl\":\"https:\\\/\\\/motorista.com.br\\\/noticias\\\/wp-content\\\/uploads\\\/2026\\\/09\\\/CAMINHONEIRO-ACIDENTE-1.jpg\",\"articleSection\":[\"Motorista\"],\"inLanguage\":\"pt-BR\"},{\"@type\":\"WebPage\",\"@id\":\"https:\\\/\\\/motorista.com.br\\\/noticias\\\/2026\\\/09\\\/03\\\/bitrem-desce-sozinho-e-caminhoneiro-morre-ao-tentar-entrar\\\/\",\"url\":\"https:\\\/\\\/motorista.com.br\\\/noticias\\\/2026\\\/09\\\/03\\\/bitrem-desce-sozinho-e-caminhoneiro-morre-ao-tentar-entrar\\\/\",\"name\":\"Bitrem desce sozinho e caminhoneiro morre ao tentar entrar - Motorista.com.br\",\"isPartOf\":{\"@id\":\"https:\\\/\\\/motorista.com.br\\\/noticias\\\/#website\"},\"primaryImageOfPage\":{\"@id\":\"https:\\\/\\\/motorista.com.br\\\/noticias\\\/2026\\\/09\\\/03\\\/bitrem-desce-sozinho-e-caminhoneiro-morre-ao-tentar-entrar\\\/#primaryimage\"},\"image\":{\"@id\":\"https:\\\/\\\/motorista.com.br\\\/noticias\\\/2026\\\/09\\\/03\\\/bitrem-desce-sozinho-e-caminhoneiro-morre-ao-tentar-entrar\\\/#primaryimage\"},\"thumbnailUrl\":\"https:\\\/\\\/motorista.com.br\\\/noticias\\\/wp-content\\\/uploads\\\/2026\\\/09\\\/CAMINHONEIRO-ACIDENTE-1.jpg\",\"datePublished\":\"2026-09-03T06:37:06+00:00\",\"breadcrumb\":{\"@id\":\"https:\\\/\\\/motorista.com.br\\\/noticias\\\/2026\\\/09\\\/03\\\/bitrem-desce-sozinho-e-caminhoneiro-morre-ao-tentar-entrar\\\/#breadcrumb\"},\"inLanguage\":\"pt-BR\",\"potentialAction\":[{\"@type\":\"ReadAction\",\"target\":[\"https:\\\/\\\/motorista.com.br\\\/noticias\\\/2026\\\/09\\\/03\\\/bitrem-desce-sozinho-e-caminhoneiro-morre-ao-tentar-entrar\\\/\"]}]},{\"@type\":\"ImageObject\",\"inLanguage\":\"pt-BR\",\"@id\":\"https:\\\/\\\/motorista.com.br\\\/noticias\\\/2026\\\/09\\\/03\\\/bitrem-desce-sozinho-e-caminhoneiro-morre-ao-tentar-entrar\\\/#primaryimage\",\"url\":\"https:\\\/\\\/motorista.com.br\\\/noticias\\\/wp-content\\\/uploads\\\/2026\\\/09\\\/CAMINHONEIRO-ACIDENTE-1.jpg\",\"contentUrl\":\"https:\\\/\\\/motorista.com.br\\\/noticias\\\/wp-content\\\/uploads\\\/2026\\\/09\\\/CAMINHONEIRO-ACIDENTE-1.jpg\",\"width\":560,\"height\":420},{\"@type\":\"BreadcrumbList\",\"@id\":\"https:\\\/\\\/motorista.com.br\\\/noticias\\\/2026\\\/09\\\/03\\\/bitrem-desce-sozinho-e-caminhoneiro-morre-ao-tentar-entrar\\\/#breadcrumb\",\"itemListElement\":[{\"@type\":\"ListItem\",\"position\":1,\"name\":\"In\u00edcio\",\"item\":\"https:\\\/\\\/motorista.com.br\\\/noticias\\\/\"},{\"@type\":\"ListItem\",\"position\":2,\"name\":\"Bitrem desce sozinho e caminhoneiro morre ao tentar entrar\"}]},{\"@type\":\"WebSite\",\"@id\":\"https:\\\/\\\/motorista.com.br\\\/noticias\\\/#website\",\"url\":\"https:\\\/\\\/motorista.com.br\\\/noticias\\\/\",\"name\":\"Motorista.com.br\",\"description\":\"Not\u00edcia do Motorista\",\"publisher\":{\"@id\":\"https:\\\/\\\/motorista.com.br\\\/noticias\\\/#organization\"},\"potentialAction\":[{\"@type\":\"SearchAction\",\"target\":{\"@type\":\"EntryPoint\",\"urlTemplate\":\"https:\\\/\\\/motorista.com.br\\\/noticias\\\/?s={search_term_string}\"},\"query-input\":{\"@type\":\"PropertyValueSpecification\",\"valueRequired\":true,\"valueName\":\"search_term_string\"}}],\"inLanguage\":\"pt-BR\"},{\"@type\":\"Organization\",\"@id\":\"https:\\\/\\\/motorista.com.br\\\/noticias\\\/#organization\",\"name\":\"Motorista.com.br\",\"url\":\"https:\\\/\\\/motorista.com.br\\\/noticias\\\/\",\"logo\":{\"@type\":\"ImageObject\",\"inLanguage\":\"pt-BR\",\"@id\":\"https:\\\/\\\/motorista.com.br\\\/noticias\\\/#\\\/schema\\\/logo\\\/image\\\/\",\"url\":\"https:\\\/\\\/motorista.com.br\\\/noticias\\\/wp-content\\\/uploads\\\/2025\\\/06\\\/Design-sem-nome-9.png\",\"contentUrl\":\"https:\\\/\\\/motorista.com.br\\\/noticias\\\/wp-content\\\/uploads\\\/2025\\\/06\\\/Design-sem-nome-9.png\",\"width\":150,\"height\":85,\"caption\":\"Motorista.com.br\"},\"image\":{\"@id\":\"https:\\\/\\\/motorista.com.br\\\/noticias\\\/#\\\/schema\\\/logo\\\/image\\\/\"}},{\"@type\":\"Person\",\"@id\":\"https:\\\/\\\/motorista.com.br\\\/noticias\\\/#\\\/schema\\\/person\\\/dc93afc2981c0e3ce6bc3c053fd847be\",\"name\":\"Equipe Reda\u00e7\u00e3o\",\"image\":{\"@type\":\"ImageObject\",\"inLanguage\":\"pt-BR\",\"@id\":\"https:\\\/\\\/secure.gravatar.com\\\/avatar\\\/4f525efbf18dd2bb300ccad28bfb99d95a9465a5ba268407c8c37b37e1f28d2d?s=96&d=mm&r=g9e099043a0c61e9ae27e293b9fa75ffc\",\"url\":\"https:\\\/\\\/secure.gravatar.com\\\/avatar\\\/4f525efbf18dd2bb300ccad28bfb99d95a9465a5ba268407c8c37b37e1f28d2d?s=96&d=mm&r=g\",\"contentUrl\":\"https:\\\/\\\/secure.gravatar.com\\\/avatar\\\/4f525efbf18dd2bb300ccad28bfb99d95a9465a5ba268407c8c37b37e1f28d2d?s=96&d=mm&r=g\",\"caption\":\"Equipe Reda\u00e7\u00e3o\"},\"description\":\"Equipe de reda\u00e7\u00e3o \u00e9 um grupo de profissionais que trabalham juntos para criar conte\u00fado escrito para Motorista.com.br\",\"url\":\"https:\\\/\\\/motorista.com.br\\\/noticias\\\/author\\\/equiperedacao\\\/\"}]}<\/script>\n<!-- \/ Yoast SEO Premium plugin. -->","yoast_head_json":{"title":"Bitrem desce sozinho e caminhoneiro morre ao tentar entrar - Motorista.com.br","robots":{"index":"index","follow":"follow","max-snippet":"max-snippet:-1","max-image-preview":"max-image-preview:large","max-video-preview":"max-video-preview:-1"},"canonical":"https:\/\/motorista.com.br\/noticias\/2026\/09\/03\/bitrem-desce-sozinho-e-caminhoneiro-morre-ao-tentar-entrar\/","og_locale":"pt_BR","og_type":"article","og_title":"Bitrem desce sozinho e caminhoneiro morre ao tentar entrar","og_description":"Bitrem Come\u00e7a a Descer Sozinho e Caminhoneiro Morre ao Tentar Entrar na Cabine Um tr\u00e1gico acidente ocorreu em V\u00e1rzea Grande, Mato Grosso, onde um caminhoneiro de 57 anos, identificado como Claudinei Jos\u00e9 Wendt, perdeu a vida ap\u00f3s ser prensado pelo pr\u00f3prio ve\u00edculo. O incidente aconteceu em um posto de combust\u00edveis nas margens da Rodovia dos &hellip;","og_url":"https:\/\/motorista.com.br\/noticias\/2026\/09\/03\/bitrem-desce-sozinho-e-caminhoneiro-morre-ao-tentar-entrar\/","og_site_name":"Motorista.com.br","article_published_time":"2026-09-03T06:37:06+00:00","author":"Equipe Reda\u00e7\u00e3o","twitter_card":"summary_large_image","twitter_misc":{"Escrito por":"Equipe Reda\u00e7\u00e3o","Est. tempo de leitura":"2 minutos","Written by":"Equipe Reda\u00e7\u00e3o"},"schema":{"@context":"https:\/\/schema.org","@graph":[{"@type":"Article","@id":"https:\/\/motorista.com.br\/noticias\/2026\/09\/03\/bitrem-desce-sozinho-e-caminhoneiro-morre-ao-tentar-entrar\/#article","isPartOf":{"@id":"https:\/\/motorista.com.br\/noticias\/2026\/09\/03\/bitrem-desce-sozinho-e-caminhoneiro-morre-ao-tentar-entrar\/"},"author":{"name":"Equipe Reda\u00e7\u00e3o","@id":"https:\/\/motorista.com.br\/noticias\/#\/schema\/person\/dc93afc2981c0e3ce6bc3c053fd847be"},"headline":"Bitrem desce sozinho e caminhoneiro morre ao tentar entrar","datePublished":"2026-09-03T06:37:06+00:00","mainEntityOfPage":{"@id":"https:\/\/motorista.com.br\/noticias\/2026\/09\/03\/bitrem-desce-sozinho-e-caminhoneiro-morre-ao-tentar-entrar\/"},"wordCount":342,"publisher":{"@id":"https:\/\/motorista.com.br\/noticias\/#organization"},"image":{"@id":"https:\/\/motorista.com.br\/noticias\/2026\/09\/03\/bitrem-desce-sozinho-e-caminhoneiro-morre-ao-tentar-entrar\/#primaryimage"},"thumbnailUrl":"https:\/\/motorista.com.br\/noticias\/wp-content\/uploads\/2026\/09\/CAMINHONEIRO-ACIDENTE-1.jpg","articleSection":["Motorista"],"inLanguage":"pt-BR"},{"@type":"WebPage","@id":"https:\/\/motorista.com.br\/noticias\/2026\/09\/03\/bitrem-desce-sozinho-e-caminhoneiro-morre-ao-tentar-entrar\/","url":"https:\/\/motorista.com.br\/noticias\/2026\/09\/03\/bitrem-desce-sozinho-e-caminhoneiro-morre-ao-tentar-entrar\/","name":"Bitrem desce sozinho e caminhoneiro morre ao tentar entrar - Motorista.com.br","isPartOf":{"@id":"https:\/\/motorista.com.br\/noticias\/#website"},"primaryImageOfPage":{"@id":"https:\/\/motorista.com.br\/noticias\/2026\/09\/03\/bitrem-desce-sozinho-e-caminhoneiro-morre-ao-tentar-entrar\/#primaryimage"},"image":{"@id":"https:\/\/motorista.com.br\/noticias\/2026\/09\/03\/bitrem-desce-sozinho-e-caminhoneiro-morre-ao-tentar-entrar\/#primaryimage"},"thumbnailUrl":"https:\/\/motorista.com.br\/noticias\/wp-content\/uploads\/2026\/09\/CAMINHONEIRO-ACIDENTE-1.jpg","datePublished":"2026-09-03T06:37:06+00:00","breadcrumb":{"@id":"https:\/\/motorista.com.br\/noticias\/2026\/09\/03\/bitrem-desce-sozinho-e-caminhoneiro-morre-ao-tentar-entrar\/#breadcrumb"},"inLanguage":"pt-BR","potentialAction":[{"@type":"ReadAction","target":["https:\/\/motorista.com.br\/noticias\/2026\/09\/03\/bitrem-desce-sozinho-e-caminhoneiro-morre-ao-tentar-entrar\/"]}]},{"@type":"ImageObject","inLanguage":"pt-BR","@id":"https:\/\/motorista.com.br\/noticias\/2026\/09\/03\/bitrem-desce-sozinho-e-caminhoneiro-morre-ao-tentar-entrar\/#primaryimage","url":"https:\/\/motorista.com.br\/noticias\/wp-content\/uploads\/2026\/09\/CAMINHONEIRO-ACIDENTE-1.jpg","contentUrl":"https:\/\/motorista.com.br\/noticias\/wp-content\/uploads\/2026\/09\/CAMINHONEIRO-ACIDENTE-1.jpg","width":560,"height":420},{"@type":"BreadcrumbList","@id":"https:\/\/motorista.com.br\/noticias\/2026\/09\/03\/bitrem-desce-sozinho-e-caminhoneiro-morre-ao-tentar-entrar\/#breadcrumb","itemListElement":[{"@type":"ListItem","position":1,"name":"In\u00edcio","item":"https:\/\/motorista.com.br\/noticias\/"},{"@type":"ListItem","position":2,"name":"Bitrem desce sozinho e caminhoneiro morre ao tentar entrar"}]},{"@type":"WebSite","@id":"https:\/\/motorista.com.br\/noticias\/#website","url":"https:\/\/motorista.com.br\/noticias\/","name":"Motorista.com.br","description":"Not\u00edcia do Motorista","publisher":{"@id":"https:\/\/motorista.com.br\/noticias\/#organization"},"potentialAction":[{"@type":"SearchAction","target":{"@type":"EntryPoint","urlTemplate":"https:\/\/motorista.com.br\/noticias\/?s={search_term_string}"},"query-input":{"@type":"PropertyValueSpecification","valueRequired":true,"valueName":"search_term_string"}}],"inLanguage":"pt-BR"},{"@type":"Organization","@id":"https:\/\/motorista.com.br\/noticias\/#organization","name":"Motorista.com.br","url":"https:\/\/motorista.com.br\/noticias\/","logo":{"@type":"ImageObject","inLanguage":"pt-BR","@id":"https:\/\/motorista.com.br\/noticias\/#\/schema\/logo\/image\/","url":"https:\/\/motorista.com.br\/noticias\/wp-content\/uploads\/2025\/06\/Design-sem-nome-9.png","contentUrl":"https:\/\/motorista.com.br\/noticias\/wp-content\/uploads\/2025\/06\/Design-sem-nome-9.png","width":150,"height":85,"caption":"Motorista.com.br"},"image":{"@id":"https:\/\/motorista.com.br\/noticias\/#\/schema\/logo\/image\/"}},{"@type":"Person","@id":"https:\/\/motorista.com.br\/noticias\/#\/schema\/person\/dc93afc2981c0e3ce6bc3c053fd847be","name":"Equipe Reda\u00e7\u00e3o","image":{"@type":"ImageObject","inLanguage":"pt-BR","@id":"https:\/\/secure.gravatar.com\/avatar\/4f525efbf18dd2bb300ccad28bfb99d95a9465a5ba268407c8c37b37e1f28d2d?s=96&d=mm&r=g9e099043a0c61e9ae27e293b9fa75ffc","url":"https:\/\/secure.gravatar.com\/avatar\/4f525efbf18dd2bb300ccad28bfb99d95a9465a5ba268407c8c37b37e1f28d2d?s=96&d=mm&r=g","contentUrl":"https:\/\/secure.gravatar.com\/avatar\/4f525efbf18dd2bb300ccad28bfb99d95a9465a5ba268407c8c37b37e1f28d2d?s=96&d=mm&r=g","caption":"Equipe Reda\u00e7\u00e3o"},"description":"Equipe de reda\u00e7\u00e3o \u00e9 um grupo de profissionais que trabalham juntos para criar conte\u00fado escrito para Motorista.com.br","url":"https:\/\/motorista.com.br\/noticias\/author\/equiperedacao\/"}]}},"_links":{"self":[{"href":"https:\/\/motorista.com.br\/noticias\/wp-json\/wp\/v2\/posts\/14271","targetHints":{"allow":["GET"]}}],"collection":[{"href":"https:\/\/motorista.com.br\/noticias\/wp-json\/wp\/v2\/posts"}],"about":[{"href":"https:\/\/motorista.com.br\/noticias\/wp-json\/wp\/v2\/types\/post"}],"author":[{"embeddable":true,"href":"https:\/\/motorista.com.br\/noticias\/wp-json\/wp\/v2\/users\/4"}],"replies":[{"embeddable":true,"href":"https:\/\/motorista.com.br\/noticias\/wp-json\/wp\/v2\/comments?post=14271"}],"version-history":[{"count":0,"href":"https:\/\/motorista.com.br\/noticias\/wp-json\/wp\/v2\/posts\/14271\/revisions"}],"wp:featuredmedia":[{"embeddable":true,"href":"https:\/\/motorista.com.br\/noticias\/wp-json\/wp\/v2\/media\/14272"}],"wp:attachment":[{"href":"https:\/\/motorista.com.br\/noticias\/wp-json\/wp\/v2\/media?parent=14271"}],"wp:term":[{"taxonomy":"category","embeddable":true,"href":"https:\/\/motorista.com.br\/noticias\/wp-json\/wp\/v2\/categories?post=14271"},{"taxonomy":"post_tag","embeddable":true,"href":"https:\/\/motorista.com.br\/noticias\/wp-json\/wp\/v2\/tags?post=14271"},{"taxonomy":"author","embeddable":true,"href":"https:\/\/motorista.com.br\/noticias\/wp-json\/wp\/v2\/coauthors?post=14271"}],"curies":[{"name":"wp","href":"https:\/\/api.w.org\/{rel}","templated":true}]}}