{"id":14269,"date":"2026-09-03T03:15:10","date_gmt":"2026-09-03T06:15:10","guid":{"rendered":"https:\/\/motorista.com.br\/noticias\/2026\/09\/03\/frenlogi-discute-pl-2373-25-e-os-desafios-da-infraestrutura-no-brasil\/"},"modified":"2026-09-03T03:15:10","modified_gmt":"2026-09-03T06:15:10","slug":"frenlogi-discute-pl-2373-25-e-os-desafios-da-infraestrutura-no-brasil","status":"publish","type":"post","link":"https:\/\/motorista.com.br\/noticias\/2026\/09\/03\/frenlogi-discute-pl-2373-25-e-os-desafios-da-infraestrutura-no-brasil\/","title":{"rendered":"FRENLOGI discute PL 2373\/25 e os desafios da infraestrutura no Brasil"},"content":{"rendered":"<p><\/p>\n<h3>Caf\u00e9 com a FRENLOGI debate o PL 2373\/25 e os desafios para ampliar investimentos em infraestrutura no Brasil<\/h3>\n<p>A Frente Parlamentar Mista de Log\u00edstica e Infraestrutura (FRENLOGI), em parceria com o Instituto Brasil Log\u00edstica (IBL), promoveu uma importante discuss\u00e3o no Senado Federal sobre o PL 2373\/2025, que visa modernizar as concess\u00f5es e parcerias p\u00fablico-privadas (PPPs). Esta proposta, j\u00e1 aprovada pela C\u00e2mara, espera agora tramitar no Senado, com a promessa de impactar diretamente a infraestrutura do pa\u00eds.<\/p>\n<p>Entre os participantes estiveram o senador Zequinha Marinho, a diretora-executiva do IBL, Rebeca Albuquerque, e representantes do setor produtivo, todos un\u00e2nimes em destacar a urg\u00eancia de implementar projetos estrat\u00e9gicos. Marinho fez men\u00e7\u00e3o a entraves na Amaz\u00f4nia, como a constru\u00e7\u00e3o de hidrovias e a Ferrogr\u00e3o, que poderia diminuir drasticamente as emiss\u00f5es de CO\u2082 ao transformar o transporte de cargas, um benef\u00edcio significativo tanto para motoristas quanto para a mobilidade geral.<\/p>\n<p>Durante o evento, Ronei Glanzmann, presidente do MOVEINFRA, enfatizou a necessidade de celeridade na tramita\u00e7\u00e3o do PL, ressaltando que este projeto j\u00e1 passou por discuss\u00e3o extensa na C\u00e2mara e est\u00e1 pronto para avan\u00e7ar. A expectativa \u00e9 de que a nova legisla\u00e7\u00e3o possa servir como um catalisador para atra\u00e7\u00e3o de investimentos, o que \u00e9 essencial para melhorar as condi\u00e7\u00f5es de transporte e mobilidade em todo o Brasil.<\/p>\n<p>Um dos pontos-chave abordados foi a seguran\u00e7a jur\u00eddica. Glanzmann e Guilherme Bianco, da ABCR, destacaram que a atualiza\u00e7\u00e3o da legisla\u00e7\u00e3o \u00e9 vital para criar um ambiente mais est\u00e1vel e previs\u00edvel para investidores. Essa seguran\u00e7a \u00e9 crucial para motoristas e usu\u00e1rios de transporte, pois contribui para a redu\u00e7\u00e3o de incertezas que frequentemente atrasam ou at\u00e9 paralisam obras e investimentos.<\/p>\n<p>A Confedera\u00e7\u00e3o Nacional do Transporte (CNT) trouxe \u00e0 tona dados alarmantes sobre os investimentos em infraestrutura, apontando uma queda significativa ao longo das d\u00e9cadas. O investimento atual \u00e9 de apenas 0,13% do PIB, uma cifra que contrasta fortemente com os 2% registrados em 1975. Este d\u00e9ficit n\u00e3o apenas afeta a infraestrutura como um todo, mas tem repercuss\u00f5es diretas sobre a mobilidade dos motoristas, tornando as estradas mais perigosas e ineficientes.<\/p>\n<p>S\u00e9rgio Aquino, presidente da FENOP, fez um apelo para que sejam implementadas solu\u00e7\u00f5es estruturais, movendo o debate para a identifica\u00e7\u00e3o de problemas de forma proativa, em vez de apenas reagir a crises. A profissionaliza\u00e7\u00e3o no setor portu\u00e1rio e a valoriza\u00e7\u00e3o das administra\u00e7\u00f5es tamb\u00e9m foram t\u00f3picos importantes discutidos durante o caf\u00e9, com implica\u00e7\u00f5es diretas para a log\u00edstica e transporte, fundamentais para motoristas e para a economia nacional.<\/p>\n<p>Outro ponto relevante na pauta foi a carga tribut\u00e1ria sobre ped\u00e1gios, que representa cerca de 30% do valor das tarifas. Essa onera\u00e7\u00e3o pode ser um entrave significativo para motoristas e pequenas transportadoras, dificultando a sustentabilidade do setor. O debate sobre alternativas para reduzir esses impostos pode n\u00e3o apenas aliviar o custo para os motoristas, mas tamb\u00e9m incentivar o uso de modais mais eficientes.<\/p>\n<p>A mobiliza\u00e7\u00e3o ap\u00f3s as elei\u00e7\u00f5es e a expectativa pela designa\u00e7\u00e3o de um relator no Senado foram ressaltadas como fundamentais para garantir que a infraestrutura avance al\u00e9m dos ciclos pol\u00edticos, favorecendo um ambiente mais sustent\u00e1vel e pr\u00e1tico para motoristas e usu\u00e1rios de transporte.<\/p>\n<p>A discuss\u00e3o em torno do PL 2373\/25 \u00e9 um passo importante rumo \u00e0 moderniza\u00e7\u00e3o da infraestrutura no Brasil, promovendo um ecossistema mais forte e eficiente. O caminho para melhorias significativas na mobilidade \u00e9 um desafio complexo, mas a colabora\u00e7\u00e3o entre setores p\u00fablico e privado pode ser a chave para super\u00e1-lo.<\/p>\n<p>Fonte: IBL<\/p>\n","protected":false},"excerpt":{"rendered":"<p>Caf\u00e9 com a FRENLOGI debate o PL 2373\/25 e os desafios para ampliar investimentos em infraestrutura no Brasil A Frente Parlamentar Mista de Log\u00edstica e Infraestrutura (FRENLOGI), em parceria com o Instituto Brasil Log\u00edstica (IBL), promoveu uma importante discuss\u00e3o no Senado Federal sobre o PL 2373\/2025, que visa modernizar as concess\u00f5es e parcerias p\u00fablico-privadas (PPPs). &hellip;<\/p>\n","protected":false},"author":4,"featured_media":14270,"comment_status":"","ping_status":"open","sticky":false,"template":"","format":"standard","meta":{"footnotes":""},"categories":[62],"tags":[],"coauthors":[42],"class_list":["post-14269","post","type-post","status-publish","format-standard","has-post-thumbnail","hentry","category-logistica"],"yoast_head":"<!-- This site is optimized with the Yoast SEO Premium plugin v27.6.1 (Yoast SEO v28.4) - https:\/\/yoast.com\/product\/yoast-seo-premium-wordpress\/ -->\n<title>FRENLOGI discute PL 2373\/25 e os desafios da infraestrutura no Brasil - Motorista.com.br<\/title>\n<meta name=\"robots\" content=\"index, follow, max-snippet:-1, max-image-preview:large, max-video-preview:-1\" \/>\n<link rel=\"canonical\" href=\"https:\/\/motorista.com.br\/noticias\/2026\/09\/03\/frenlogi-discute-pl-2373-25-e-os-desafios-da-infraestrutura-no-brasil\/\" \/>\n<meta property=\"og:locale\" content=\"pt_BR\" \/>\n<meta property=\"og:type\" content=\"article\" \/>\n<meta property=\"og:title\" content=\"FRENLOGI discute PL 2373\/25 e os desafios da infraestrutura no Brasil\" \/>\n<meta property=\"og:description\" content=\"Caf\u00e9 com a FRENLOGI debate o PL 2373\/25 e os desafios para ampliar investimentos em infraestrutura no Brasil A Frente Parlamentar Mista de Log\u00edstica e Infraestrutura (FRENLOGI), em parceria com o Instituto Brasil Log\u00edstica (IBL), promoveu uma importante discuss\u00e3o no Senado Federal sobre o PL 2373\/2025, que visa modernizar as concess\u00f5es e parcerias p\u00fablico-privadas (PPPs). &hellip;\" \/>\n<meta property=\"og:url\" content=\"https:\/\/motorista.com.br\/noticias\/2026\/09\/03\/frenlogi-discute-pl-2373-25-e-os-desafios-da-infraestrutura-no-brasil\/\" \/>\n<meta property=\"og:site_name\" content=\"Motorista.com.br\" \/>\n<meta property=\"article:published_time\" content=\"2026-09-03T06:15:10+00:00\" \/>\n<meta name=\"author\" content=\"Equipe Reda\u00e7\u00e3o\" \/>\n<meta name=\"twitter:card\" content=\"summary_large_image\" \/>\n<meta name=\"twitter:label1\" content=\"Escrito por\" \/>\n\t<meta name=\"twitter:data1\" content=\"Equipe Reda\u00e7\u00e3o\" \/>\n\t<meta name=\"twitter:label2\" content=\"Est. tempo de leitura\" \/>\n\t<meta name=\"twitter:data2\" content=\"3 minutos\" \/>\n\t<meta name=\"twitter:label3\" content=\"Written by\" \/>\n\t<meta name=\"twitter:data3\" content=\"Equipe Reda\u00e7\u00e3o\" \/>\n<script type=\"application\/ld+json\" class=\"yoast-schema-graph\">{\"@context\":\"https:\\\/\\\/schema.org\",\"@graph\":[{\"@type\":\"Article\",\"@id\":\"https:\\\/\\\/motorista.com.br\\\/noticias\\\/2026\\\/09\\\/03\\\/frenlogi-discute-pl-2373-25-e-os-desafios-da-infraestrutura-no-brasil\\\/#article\",\"isPartOf\":{\"@id\":\"https:\\\/\\\/motorista.com.br\\\/noticias\\\/2026\\\/09\\\/03\\\/frenlogi-discute-pl-2373-25-e-os-desafios-da-infraestrutura-no-brasil\\\/\"},\"author\":{\"name\":\"Equipe Reda\u00e7\u00e3o\",\"@id\":\"https:\\\/\\\/motorista.com.br\\\/noticias\\\/#\\\/schema\\\/person\\\/dc93afc2981c0e3ce6bc3c053fd847be\"},\"headline\":\"FRENLOGI discute PL 2373\\\/25 e os desafios da infraestrutura no Brasil\",\"datePublished\":\"2026-09-03T06:15:10+00:00\",\"mainEntityOfPage\":{\"@id\":\"https:\\\/\\\/motorista.com.br\\\/noticias\\\/2026\\\/09\\\/03\\\/frenlogi-discute-pl-2373-25-e-os-desafios-da-infraestrutura-no-brasil\\\/\"},\"wordCount\":623,\"publisher\":{\"@id\":\"https:\\\/\\\/motorista.com.br\\\/noticias\\\/#organization\"},\"image\":{\"@id\":\"https:\\\/\\\/motorista.com.br\\\/noticias\\\/2026\\\/09\\\/03\\\/frenlogi-discute-pl-2373-25-e-os-desafios-da-infraestrutura-no-brasil\\\/#primaryimage\"},\"thumbnailUrl\":\"https:\\\/\\\/motorista.com.br\\\/noticias\\\/wp-content\\\/uploads\\\/2026\\\/09\\\/WhatsApp-Image-2026-09-02-at-21.49.08.jpeg\",\"articleSection\":[\"Log\u00edstica\"],\"inLanguage\":\"pt-BR\"},{\"@type\":\"WebPage\",\"@id\":\"https:\\\/\\\/motorista.com.br\\\/noticias\\\/2026\\\/09\\\/03\\\/frenlogi-discute-pl-2373-25-e-os-desafios-da-infraestrutura-no-brasil\\\/\",\"url\":\"https:\\\/\\\/motorista.com.br\\\/noticias\\\/2026\\\/09\\\/03\\\/frenlogi-discute-pl-2373-25-e-os-desafios-da-infraestrutura-no-brasil\\\/\",\"name\":\"FRENLOGI discute PL 2373\\\/25 e os desafios da infraestrutura no Brasil - Motorista.com.br\",\"isPartOf\":{\"@id\":\"https:\\\/\\\/motorista.com.br\\\/noticias\\\/#website\"},\"primaryImageOfPage\":{\"@id\":\"https:\\\/\\\/motorista.com.br\\\/noticias\\\/2026\\\/09\\\/03\\\/frenlogi-discute-pl-2373-25-e-os-desafios-da-infraestrutura-no-brasil\\\/#primaryimage\"},\"image\":{\"@id\":\"https:\\\/\\\/motorista.com.br\\\/noticias\\\/2026\\\/09\\\/03\\\/frenlogi-discute-pl-2373-25-e-os-desafios-da-infraestrutura-no-brasil\\\/#primaryimage\"},\"thumbnailUrl\":\"https:\\\/\\\/motorista.com.br\\\/noticias\\\/wp-content\\\/uploads\\\/2026\\\/09\\\/WhatsApp-Image-2026-09-02-at-21.49.08.jpeg\",\"datePublished\":\"2026-09-03T06:15:10+00:00\",\"breadcrumb\":{\"@id\":\"https:\\\/\\\/motorista.com.br\\\/noticias\\\/2026\\\/09\\\/03\\\/frenlogi-discute-pl-2373-25-e-os-desafios-da-infraestrutura-no-brasil\\\/#breadcrumb\"},\"inLanguage\":\"pt-BR\",\"potentialAction\":[{\"@type\":\"ReadAction\",\"target\":[\"https:\\\/\\\/motorista.com.br\\\/noticias\\\/2026\\\/09\\\/03\\\/frenlogi-discute-pl-2373-25-e-os-desafios-da-infraestrutura-no-brasil\\\/\"]}]},{\"@type\":\"ImageObject\",\"inLanguage\":\"pt-BR\",\"@id\":\"https:\\\/\\\/motorista.com.br\\\/noticias\\\/2026\\\/09\\\/03\\\/frenlogi-discute-pl-2373-25-e-os-desafios-da-infraestrutura-no-brasil\\\/#primaryimage\",\"url\":\"https:\\\/\\\/motorista.com.br\\\/noticias\\\/wp-content\\\/uploads\\\/2026\\\/09\\\/WhatsApp-Image-2026-09-02-at-21.49.08.jpeg\",\"contentUrl\":\"https:\\\/\\\/motorista.com.br\\\/noticias\\\/wp-content\\\/uploads\\\/2026\\\/09\\\/WhatsApp-Image-2026-09-02-at-21.49.08.jpeg\",\"width\":1600,\"height\":900},{\"@type\":\"BreadcrumbList\",\"@id\":\"https:\\\/\\\/motorista.com.br\\\/noticias\\\/2026\\\/09\\\/03\\\/frenlogi-discute-pl-2373-25-e-os-desafios-da-infraestrutura-no-brasil\\\/#breadcrumb\",\"itemListElement\":[{\"@type\":\"ListItem\",\"position\":1,\"name\":\"In\u00edcio\",\"item\":\"https:\\\/\\\/motorista.com.br\\\/noticias\\\/\"},{\"@type\":\"ListItem\",\"position\":2,\"name\":\"FRENLOGI discute PL 2373\\\/25 e os desafios da infraestrutura no Brasil\"}]},{\"@type\":\"WebSite\",\"@id\":\"https:\\\/\\\/motorista.com.br\\\/noticias\\\/#website\",\"url\":\"https:\\\/\\\/motorista.com.br\\\/noticias\\\/\",\"name\":\"Motorista.com.br\",\"description\":\"Not\u00edcia do Motorista\",\"publisher\":{\"@id\":\"https:\\\/\\\/motorista.com.br\\\/noticias\\\/#organization\"},\"potentialAction\":[{\"@type\":\"SearchAction\",\"target\":{\"@type\":\"EntryPoint\",\"urlTemplate\":\"https:\\\/\\\/motorista.com.br\\\/noticias\\\/?s={search_term_string}\"},\"query-input\":{\"@type\":\"PropertyValueSpecification\",\"valueRequired\":true,\"valueName\":\"search_term_string\"}}],\"inLanguage\":\"pt-BR\"},{\"@type\":\"Organization\",\"@id\":\"https:\\\/\\\/motorista.com.br\\\/noticias\\\/#organization\",\"name\":\"Motorista.com.br\",\"url\":\"https:\\\/\\\/motorista.com.br\\\/noticias\\\/\",\"logo\":{\"@type\":\"ImageObject\",\"inLanguage\":\"pt-BR\",\"@id\":\"https:\\\/\\\/motorista.com.br\\\/noticias\\\/#\\\/schema\\\/logo\\\/image\\\/\",\"url\":\"https:\\\/\\\/motorista.com.br\\\/noticias\\\/wp-content\\\/uploads\\\/2025\\\/06\\\/Design-sem-nome-9.png\",\"contentUrl\":\"https:\\\/\\\/motorista.com.br\\\/noticias\\\/wp-content\\\/uploads\\\/2025\\\/06\\\/Design-sem-nome-9.png\",\"width\":150,\"height\":85,\"caption\":\"Motorista.com.br\"},\"image\":{\"@id\":\"https:\\\/\\\/motorista.com.br\\\/noticias\\\/#\\\/schema\\\/logo\\\/image\\\/\"}},{\"@type\":\"Person\",\"@id\":\"https:\\\/\\\/motorista.com.br\\\/noticias\\\/#\\\/schema\\\/person\\\/dc93afc2981c0e3ce6bc3c053fd847be\",\"name\":\"Equipe Reda\u00e7\u00e3o\",\"image\":{\"@type\":\"ImageObject\",\"inLanguage\":\"pt-BR\",\"@id\":\"https:\\\/\\\/secure.gravatar.com\\\/avatar\\\/4f525efbf18dd2bb300ccad28bfb99d95a9465a5ba268407c8c37b37e1f28d2d?s=96&d=mm&r=g9e099043a0c61e9ae27e293b9fa75ffc\",\"url\":\"https:\\\/\\\/secure.gravatar.com\\\/avatar\\\/4f525efbf18dd2bb300ccad28bfb99d95a9465a5ba268407c8c37b37e1f28d2d?s=96&d=mm&r=g\",\"contentUrl\":\"https:\\\/\\\/secure.gravatar.com\\\/avatar\\\/4f525efbf18dd2bb300ccad28bfb99d95a9465a5ba268407c8c37b37e1f28d2d?s=96&d=mm&r=g\",\"caption\":\"Equipe Reda\u00e7\u00e3o\"},\"description\":\"Equipe de reda\u00e7\u00e3o \u00e9 um grupo de profissionais que trabalham juntos para criar conte\u00fado escrito para Motorista.com.br\",\"url\":\"https:\\\/\\\/motorista.com.br\\\/noticias\\\/author\\\/equiperedacao\\\/\"}]}<\/script>\n<!-- \/ Yoast SEO Premium plugin. -->","yoast_head_json":{"title":"FRENLOGI discute PL 2373\/25 e os desafios da infraestrutura no Brasil - Motorista.com.br","robots":{"index":"index","follow":"follow","max-snippet":"max-snippet:-1","max-image-preview":"max-image-preview:large","max-video-preview":"max-video-preview:-1"},"canonical":"https:\/\/motorista.com.br\/noticias\/2026\/09\/03\/frenlogi-discute-pl-2373-25-e-os-desafios-da-infraestrutura-no-brasil\/","og_locale":"pt_BR","og_type":"article","og_title":"FRENLOGI discute PL 2373\/25 e os desafios da infraestrutura no Brasil","og_description":"Caf\u00e9 com a FRENLOGI debate o PL 2373\/25 e os desafios para ampliar investimentos em infraestrutura no Brasil A Frente Parlamentar Mista de Log\u00edstica e Infraestrutura (FRENLOGI), em parceria com o Instituto Brasil Log\u00edstica (IBL), promoveu uma importante discuss\u00e3o no Senado Federal sobre o PL 2373\/2025, que visa modernizar as concess\u00f5es e parcerias p\u00fablico-privadas (PPPs). &hellip;","og_url":"https:\/\/motorista.com.br\/noticias\/2026\/09\/03\/frenlogi-discute-pl-2373-25-e-os-desafios-da-infraestrutura-no-brasil\/","og_site_name":"Motorista.com.br","article_published_time":"2026-09-03T06:15:10+00:00","author":"Equipe Reda\u00e7\u00e3o","twitter_card":"summary_large_image","twitter_misc":{"Escrito por":"Equipe Reda\u00e7\u00e3o","Est. tempo de leitura":"3 minutos","Written by":"Equipe Reda\u00e7\u00e3o"},"schema":{"@context":"https:\/\/schema.org","@graph":[{"@type":"Article","@id":"https:\/\/motorista.com.br\/noticias\/2026\/09\/03\/frenlogi-discute-pl-2373-25-e-os-desafios-da-infraestrutura-no-brasil\/#article","isPartOf":{"@id":"https:\/\/motorista.com.br\/noticias\/2026\/09\/03\/frenlogi-discute-pl-2373-25-e-os-desafios-da-infraestrutura-no-brasil\/"},"author":{"name":"Equipe Reda\u00e7\u00e3o","@id":"https:\/\/motorista.com.br\/noticias\/#\/schema\/person\/dc93afc2981c0e3ce6bc3c053fd847be"},"headline":"FRENLOGI discute PL 2373\/25 e os desafios da infraestrutura no Brasil","datePublished":"2026-09-03T06:15:10+00:00","mainEntityOfPage":{"@id":"https:\/\/motorista.com.br\/noticias\/2026\/09\/03\/frenlogi-discute-pl-2373-25-e-os-desafios-da-infraestrutura-no-brasil\/"},"wordCount":623,"publisher":{"@id":"https:\/\/motorista.com.br\/noticias\/#organization"},"image":{"@id":"https:\/\/motorista.com.br\/noticias\/2026\/09\/03\/frenlogi-discute-pl-2373-25-e-os-desafios-da-infraestrutura-no-brasil\/#primaryimage"},"thumbnailUrl":"https:\/\/motorista.com.br\/noticias\/wp-content\/uploads\/2026\/09\/WhatsApp-Image-2026-09-02-at-21.49.08.jpeg","articleSection":["Log\u00edstica"],"inLanguage":"pt-BR"},{"@type":"WebPage","@id":"https:\/\/motorista.com.br\/noticias\/2026\/09\/03\/frenlogi-discute-pl-2373-25-e-os-desafios-da-infraestrutura-no-brasil\/","url":"https:\/\/motorista.com.br\/noticias\/2026\/09\/03\/frenlogi-discute-pl-2373-25-e-os-desafios-da-infraestrutura-no-brasil\/","name":"FRENLOGI discute PL 2373\/25 e os desafios da infraestrutura no Brasil - Motorista.com.br","isPartOf":{"@id":"https:\/\/motorista.com.br\/noticias\/#website"},"primaryImageOfPage":{"@id":"https:\/\/motorista.com.br\/noticias\/2026\/09\/03\/frenlogi-discute-pl-2373-25-e-os-desafios-da-infraestrutura-no-brasil\/#primaryimage"},"image":{"@id":"https:\/\/motorista.com.br\/noticias\/2026\/09\/03\/frenlogi-discute-pl-2373-25-e-os-desafios-da-infraestrutura-no-brasil\/#primaryimage"},"thumbnailUrl":"https:\/\/motorista.com.br\/noticias\/wp-content\/uploads\/2026\/09\/WhatsApp-Image-2026-09-02-at-21.49.08.jpeg","datePublished":"2026-09-03T06:15:10+00:00","breadcrumb":{"@id":"https:\/\/motorista.com.br\/noticias\/2026\/09\/03\/frenlogi-discute-pl-2373-25-e-os-desafios-da-infraestrutura-no-brasil\/#breadcrumb"},"inLanguage":"pt-BR","potentialAction":[{"@type":"ReadAction","target":["https:\/\/motorista.com.br\/noticias\/2026\/09\/03\/frenlogi-discute-pl-2373-25-e-os-desafios-da-infraestrutura-no-brasil\/"]}]},{"@type":"ImageObject","inLanguage":"pt-BR","@id":"https:\/\/motorista.com.br\/noticias\/2026\/09\/03\/frenlogi-discute-pl-2373-25-e-os-desafios-da-infraestrutura-no-brasil\/#primaryimage","url":"https:\/\/motorista.com.br\/noticias\/wp-content\/uploads\/2026\/09\/WhatsApp-Image-2026-09-02-at-21.49.08.jpeg","contentUrl":"https:\/\/motorista.com.br\/noticias\/wp-content\/uploads\/2026\/09\/WhatsApp-Image-2026-09-02-at-21.49.08.jpeg","width":1600,"height":900},{"@type":"BreadcrumbList","@id":"https:\/\/motorista.com.br\/noticias\/2026\/09\/03\/frenlogi-discute-pl-2373-25-e-os-desafios-da-infraestrutura-no-brasil\/#breadcrumb","itemListElement":[{"@type":"ListItem","position":1,"name":"In\u00edcio","item":"https:\/\/motorista.com.br\/noticias\/"},{"@type":"ListItem","position":2,"name":"FRENLOGI discute PL 2373\/25 e os desafios da infraestrutura no Brasil"}]},{"@type":"WebSite","@id":"https:\/\/motorista.com.br\/noticias\/#website","url":"https:\/\/motorista.com.br\/noticias\/","name":"Motorista.com.br","description":"Not\u00edcia do Motorista","publisher":{"@id":"https:\/\/motorista.com.br\/noticias\/#organization"},"potentialAction":[{"@type":"SearchAction","target":{"@type":"EntryPoint","urlTemplate":"https:\/\/motorista.com.br\/noticias\/?s={search_term_string}"},"query-input":{"@type":"PropertyValueSpecification","valueRequired":true,"valueName":"search_term_string"}}],"inLanguage":"pt-BR"},{"@type":"Organization","@id":"https:\/\/motorista.com.br\/noticias\/#organization","name":"Motorista.com.br","url":"https:\/\/motorista.com.br\/noticias\/","logo":{"@type":"ImageObject","inLanguage":"pt-BR","@id":"https:\/\/motorista.com.br\/noticias\/#\/schema\/logo\/image\/","url":"https:\/\/motorista.com.br\/noticias\/wp-content\/uploads\/2025\/06\/Design-sem-nome-9.png","contentUrl":"https:\/\/motorista.com.br\/noticias\/wp-content\/uploads\/2025\/06\/Design-sem-nome-9.png","width":150,"height":85,"caption":"Motorista.com.br"},"image":{"@id":"https:\/\/motorista.com.br\/noticias\/#\/schema\/logo\/image\/"}},{"@type":"Person","@id":"https:\/\/motorista.com.br\/noticias\/#\/schema\/person\/dc93afc2981c0e3ce6bc3c053fd847be","name":"Equipe Reda\u00e7\u00e3o","image":{"@type":"ImageObject","inLanguage":"pt-BR","@id":"https:\/\/secure.gravatar.com\/avatar\/4f525efbf18dd2bb300ccad28bfb99d95a9465a5ba268407c8c37b37e1f28d2d?s=96&d=mm&r=g9e099043a0c61e9ae27e293b9fa75ffc","url":"https:\/\/secure.gravatar.com\/avatar\/4f525efbf18dd2bb300ccad28bfb99d95a9465a5ba268407c8c37b37e1f28d2d?s=96&d=mm&r=g","contentUrl":"https:\/\/secure.gravatar.com\/avatar\/4f525efbf18dd2bb300ccad28bfb99d95a9465a5ba268407c8c37b37e1f28d2d?s=96&d=mm&r=g","caption":"Equipe Reda\u00e7\u00e3o"},"description":"Equipe de reda\u00e7\u00e3o \u00e9 um grupo de profissionais que trabalham juntos para criar conte\u00fado escrito para Motorista.com.br","url":"https:\/\/motorista.com.br\/noticias\/author\/equiperedacao\/"}]}},"_links":{"self":[{"href":"https:\/\/motorista.com.br\/noticias\/wp-json\/wp\/v2\/posts\/14269","targetHints":{"allow":["GET"]}}],"collection":[{"href":"https:\/\/motorista.com.br\/noticias\/wp-json\/wp\/v2\/posts"}],"about":[{"href":"https:\/\/motorista.com.br\/noticias\/wp-json\/wp\/v2\/types\/post"}],"author":[{"embeddable":true,"href":"https:\/\/motorista.com.br\/noticias\/wp-json\/wp\/v2\/users\/4"}],"replies":[{"embeddable":true,"href":"https:\/\/motorista.com.br\/noticias\/wp-json\/wp\/v2\/comments?post=14269"}],"version-history":[{"count":0,"href":"https:\/\/motorista.com.br\/noticias\/wp-json\/wp\/v2\/posts\/14269\/revisions"}],"wp:featuredmedia":[{"embeddable":true,"href":"https:\/\/motorista.com.br\/noticias\/wp-json\/wp\/v2\/media\/14270"}],"wp:attachment":[{"href":"https:\/\/motorista.com.br\/noticias\/wp-json\/wp\/v2\/media?parent=14269"}],"wp:term":[{"taxonomy":"category","embeddable":true,"href":"https:\/\/motorista.com.br\/noticias\/wp-json\/wp\/v2\/categories?post=14269"},{"taxonomy":"post_tag","embeddable":true,"href":"https:\/\/motorista.com.br\/noticias\/wp-json\/wp\/v2\/tags?post=14269"},{"taxonomy":"author","embeddable":true,"href":"https:\/\/motorista.com.br\/noticias\/wp-json\/wp\/v2\/coauthors?post=14269"}],"curies":[{"name":"wp","href":"https:\/\/api.w.org\/{rel}","templated":true}]}}