{"id":14267,"date":"2026-09-03T00:01:08","date_gmt":"2026-09-03T03:01:08","guid":{"rendered":"https:\/\/motorista.com.br\/noticias\/2026\/09\/03\/inicio-do-prazo-para-empresas-aderirem-ao-simples-nacional\/"},"modified":"2026-09-03T00:01:08","modified_gmt":"2026-09-03T03:01:08","slug":"inicio-do-prazo-para-empresas-aderirem-ao-simples-nacional","status":"publish","type":"post","link":"https:\/\/motorista.com.br\/noticias\/2026\/09\/03\/inicio-do-prazo-para-empresas-aderirem-ao-simples-nacional\/","title":{"rendered":"In\u00edcio do prazo para empresas aderirem ao Simples Nacional."},"content":{"rendered":"<p><\/p>\n<p><strong>Prazo para Empresas Optarem por Simples Nacional: O Que Isso Significa para Motoristas e Mobilidade<\/strong><\/p>\n<p>Come\u00e7ou nesta ter\u00e7a-feira (1\u00ba) o prazo para que micro e pequenas empresas fa\u00e7am a ades\u00e3o ao Simples Nacional, um regime tribut\u00e1rio simplificado para quem fatura at\u00e9 R$ 4,8 milh\u00f5es por ano. A mudan\u00e7a, decorrente da reforma tribut\u00e1ria, trouxe uma antecipa\u00e7\u00e3o importante: agora, as empresas que desejam ingressar neste regime em 2027 devem formalizar o pedido entre 1\u00ba e 30 de setembro de 2026.<\/p>\n<h3>Impactos na Mobilidade e nos Motoristas<\/h3>\n<p>Essa altera\u00e7\u00e3o nas regras tribut\u00e1rias pode ter impacto direto na mobilidade urbana e nos motoristas, especialmente aqueles que atuam no transporte de cargas e passageiros. Com o Simples Nacional, empresas de transporte podem ter uma redu\u00e7\u00e3o na carga tribut\u00e1ria, o que pode refletir em pre\u00e7os mais acess\u00edveis para os servi\u00e7os oferecidos. Isso \u00e9 crucial em um cen\u00e1rio onde a mobilidade e os custos operacionais s\u00e3o fatores determinantes para a competitividade no setor.<\/p>\n<p>Al\u00e9m disso, as micro e pequenas empresas que optarem pelo Simples ter\u00e3o que considerar a nova forma de recolhimento do Imposto sobre Bens e Servi\u00e7os (IBS) e da Contribui\u00e7\u00e3o sobre Bens e Servi\u00e7os (CBS). Essa escolha n\u00e3o deve ser baseada apenas na al\u00edquota, mas tamb\u00e9m em fatores como o perfil dos clientes e a possibilidade de gera\u00e7\u00e3o e aproveitamento de cr\u00e9ditos tribut\u00e1rios, algo que pode beneficiar diretamente os motoristas, permitindo um melhor fluxo de caixa e investindo em opera\u00e7\u00f5es mais eficientes.<\/p>\n<h3>Planejamento e Decis\u00f5es Estrat\u00e9gicas<\/h3>\n<p>Com os novos prazos e a flexibilidade oferecida para a escolha do regime tribut\u00e1rio, \u00e9 vital que os motoristas e empres\u00e1rios do setor de transporte realizem um planejamento estrat\u00e9gico. A decis\u00e3o entre manter os tributos dentro do Simples ou optar pelo regime regular pode moldar como os custos s\u00e3o geridos, impactando o pre\u00e7o final do servi\u00e7o e a disponibilidade do mesmo.<\/p>\n<p>O papel das empresas de transporte, que muitas vezes dependem de uma opera\u00e7\u00e3o \u00e1gil e de custos controlados, se torna ainda mais relevante. A possibilidade de revisar a situa\u00e7\u00e3o fiscal antes do in\u00edcio do ano permite que as empresas ajustem suas estrat\u00e9gias, evitando surpresas financeiras e enriquecendo a experi\u00eancia de servi\u00e7os para os clientes.<\/p>\n<h3>Novas Oportunidades<\/h3>\n<p>As empresas abertas entre 1\u00ba de outubro e 31 de dezembro de 2026 ter\u00e3o a op\u00e7\u00e3o de se registrar no Simples Nacional de forma simplificada, permitindo que aproveitem os benef\u00edcios do regime tanto no final de 2026 quanto em 2027. Isso cria novas oportunidades para motoristas e empresas do setor de transporte que buscam se adaptar a um mercado em constante mudan\u00e7a.<\/p>\n<p>A antecipa\u00e7\u00e3o do prazo tamb\u00e9m oferece uma janela para que as empresas resolvam pend\u00eancias e se preparem adequadamente, garantindo que estejam aptas a operar de forma legal e competitiva assim que as novas regras entrarem em vigor.<\/p>\n<h3>Considera\u00e7\u00f5es Finais<\/h3>\n<p>Por fim, com a tamb\u00e9m nova obrigatoriedade da Nota Fiscal de Servi\u00e7o eletr\u00f4nica (NFS-e), os motoristas e empres\u00e1rios devem estar atentos \u00e0s adapta\u00e7\u00f5es necess\u00e1rias, que v\u00e3o al\u00e9m de quest\u00f5es tribut\u00e1rias e incluem a transforma\u00e7\u00e3o digital das opera\u00e7\u00f5es.<\/p>\n<p>Esse cen\u00e1rio de mudan\u00e7as representa n\u00e3o apenas desafios, mas tamb\u00e9m oportunidades significativas para melhorar a mobilidade e efici\u00eancia no setor de transporte. O acompanhamento das novas regras garantir\u00e1 que motoristas e micro e pequenas empresas se mantenham competitivos e eficazes, contribuindo para um sistema de transporte mais robusto e integrado.<\/p>\n<p><strong>Fonte: setcesp<\/strong><\/p>\n","protected":false},"excerpt":{"rendered":"<p>Prazo para Empresas Optarem por Simples Nacional: O Que Isso Significa para Motoristas e Mobilidade Come\u00e7ou nesta ter\u00e7a-feira (1\u00ba) o prazo para que micro e pequenas empresas fa\u00e7am a ades\u00e3o ao Simples Nacional, um regime tribut\u00e1rio simplificado para quem fatura at\u00e9 R$ 4,8 milh\u00f5es por ano. A mudan\u00e7a, decorrente da reforma tribut\u00e1ria, trouxe uma antecipa\u00e7\u00e3o &hellip;<\/p>\n","protected":false},"author":4,"featured_media":14268,"comment_status":"","ping_status":"open","sticky":false,"template":"","format":"standard","meta":{"footnotes":""},"categories":[62],"tags":[],"coauthors":[42],"class_list":["post-14267","post","type-post","status-publish","format-standard","has-post-thumbnail","hentry","category-logistica"],"yoast_head":"<!-- This site is optimized with the Yoast SEO Premium plugin v27.6.1 (Yoast SEO v28.4) - https:\/\/yoast.com\/product\/yoast-seo-premium-wordpress\/ -->\n<title>In\u00edcio do prazo para empresas aderirem ao Simples Nacional. - Motorista.com.br<\/title>\n<meta name=\"robots\" content=\"index, follow, max-snippet:-1, max-image-preview:large, max-video-preview:-1\" \/>\n<link rel=\"canonical\" href=\"https:\/\/motorista.com.br\/noticias\/2026\/09\/03\/inicio-do-prazo-para-empresas-aderirem-ao-simples-nacional\/\" \/>\n<meta property=\"og:locale\" content=\"pt_BR\" \/>\n<meta property=\"og:type\" content=\"article\" \/>\n<meta property=\"og:title\" content=\"In\u00edcio do prazo para empresas aderirem ao Simples Nacional.\" \/>\n<meta property=\"og:description\" content=\"Prazo para Empresas Optarem por Simples Nacional: O Que Isso Significa para Motoristas e Mobilidade Come\u00e7ou nesta ter\u00e7a-feira (1\u00ba) o prazo para que micro e pequenas empresas fa\u00e7am a ades\u00e3o ao Simples Nacional, um regime tribut\u00e1rio simplificado para quem fatura at\u00e9 R$ 4,8 milh\u00f5es por ano. A mudan\u00e7a, decorrente da reforma tribut\u00e1ria, trouxe uma antecipa\u00e7\u00e3o &hellip;\" \/>\n<meta property=\"og:url\" content=\"https:\/\/motorista.com.br\/noticias\/2026\/09\/03\/inicio-do-prazo-para-empresas-aderirem-ao-simples-nacional\/\" \/>\n<meta property=\"og:site_name\" content=\"Motorista.com.br\" \/>\n<meta property=\"article:published_time\" content=\"2026-09-03T03:01:08+00:00\" \/>\n<meta name=\"author\" content=\"Equipe Reda\u00e7\u00e3o\" \/>\n<meta name=\"twitter:card\" content=\"summary_large_image\" \/>\n<meta name=\"twitter:label1\" content=\"Escrito por\" \/>\n\t<meta name=\"twitter:data1\" content=\"Equipe Reda\u00e7\u00e3o\" \/>\n\t<meta name=\"twitter:label2\" content=\"Est. tempo de leitura\" \/>\n\t<meta name=\"twitter:data2\" content=\"3 minutos\" \/>\n\t<meta name=\"twitter:label3\" content=\"Written by\" \/>\n\t<meta name=\"twitter:data3\" content=\"Equipe Reda\u00e7\u00e3o\" \/>\n<script type=\"application\/ld+json\" class=\"yoast-schema-graph\">{\"@context\":\"https:\\\/\\\/schema.org\",\"@graph\":[{\"@type\":\"Article\",\"@id\":\"https:\\\/\\\/motorista.com.br\\\/noticias\\\/2026\\\/09\\\/03\\\/inicio-do-prazo-para-empresas-aderirem-ao-simples-nacional\\\/#article\",\"isPartOf\":{\"@id\":\"https:\\\/\\\/motorista.com.br\\\/noticias\\\/2026\\\/09\\\/03\\\/inicio-do-prazo-para-empresas-aderirem-ao-simples-nacional\\\/\"},\"author\":{\"name\":\"Equipe Reda\u00e7\u00e3o\",\"@id\":\"https:\\\/\\\/motorista.com.br\\\/noticias\\\/#\\\/schema\\\/person\\\/dc93afc2981c0e3ce6bc3c053fd847be\"},\"headline\":\"In\u00edcio do prazo para empresas aderirem ao Simples Nacional.\",\"datePublished\":\"2026-09-03T03:01:08+00:00\",\"mainEntityOfPage\":{\"@id\":\"https:\\\/\\\/motorista.com.br\\\/noticias\\\/2026\\\/09\\\/03\\\/inicio-do-prazo-para-empresas-aderirem-ao-simples-nacional\\\/\"},\"wordCount\":615,\"publisher\":{\"@id\":\"https:\\\/\\\/motorista.com.br\\\/noticias\\\/#organization\"},\"image\":{\"@id\":\"https:\\\/\\\/motorista.com.br\\\/noticias\\\/2026\\\/09\\\/03\\\/inicio-do-prazo-para-empresas-aderirem-ao-simples-nacional\\\/#primaryimage\"},\"thumbnailUrl\":\"https:\\\/\\\/motorista.com.br\\\/noticias\\\/wp-content\\\/uploads\\\/2026\\\/09\\\/030901.png\",\"articleSection\":[\"Log\u00edstica\"],\"inLanguage\":\"pt-BR\"},{\"@type\":\"WebPage\",\"@id\":\"https:\\\/\\\/motorista.com.br\\\/noticias\\\/2026\\\/09\\\/03\\\/inicio-do-prazo-para-empresas-aderirem-ao-simples-nacional\\\/\",\"url\":\"https:\\\/\\\/motorista.com.br\\\/noticias\\\/2026\\\/09\\\/03\\\/inicio-do-prazo-para-empresas-aderirem-ao-simples-nacional\\\/\",\"name\":\"In\u00edcio do prazo para empresas aderirem ao Simples Nacional. - Motorista.com.br\",\"isPartOf\":{\"@id\":\"https:\\\/\\\/motorista.com.br\\\/noticias\\\/#website\"},\"primaryImageOfPage\":{\"@id\":\"https:\\\/\\\/motorista.com.br\\\/noticias\\\/2026\\\/09\\\/03\\\/inicio-do-prazo-para-empresas-aderirem-ao-simples-nacional\\\/#primaryimage\"},\"image\":{\"@id\":\"https:\\\/\\\/motorista.com.br\\\/noticias\\\/2026\\\/09\\\/03\\\/inicio-do-prazo-para-empresas-aderirem-ao-simples-nacional\\\/#primaryimage\"},\"thumbnailUrl\":\"https:\\\/\\\/motorista.com.br\\\/noticias\\\/wp-content\\\/uploads\\\/2026\\\/09\\\/030901.png\",\"datePublished\":\"2026-09-03T03:01:08+00:00\",\"breadcrumb\":{\"@id\":\"https:\\\/\\\/motorista.com.br\\\/noticias\\\/2026\\\/09\\\/03\\\/inicio-do-prazo-para-empresas-aderirem-ao-simples-nacional\\\/#breadcrumb\"},\"inLanguage\":\"pt-BR\",\"potentialAction\":[{\"@type\":\"ReadAction\",\"target\":[\"https:\\\/\\\/motorista.com.br\\\/noticias\\\/2026\\\/09\\\/03\\\/inicio-do-prazo-para-empresas-aderirem-ao-simples-nacional\\\/\"]}]},{\"@type\":\"ImageObject\",\"inLanguage\":\"pt-BR\",\"@id\":\"https:\\\/\\\/motorista.com.br\\\/noticias\\\/2026\\\/09\\\/03\\\/inicio-do-prazo-para-empresas-aderirem-ao-simples-nacional\\\/#primaryimage\",\"url\":\"https:\\\/\\\/motorista.com.br\\\/noticias\\\/wp-content\\\/uploads\\\/2026\\\/09\\\/030901.png\",\"contentUrl\":\"https:\\\/\\\/motorista.com.br\\\/noticias\\\/wp-content\\\/uploads\\\/2026\\\/09\\\/030901.png\",\"width\":1400,\"height\":700},{\"@type\":\"BreadcrumbList\",\"@id\":\"https:\\\/\\\/motorista.com.br\\\/noticias\\\/2026\\\/09\\\/03\\\/inicio-do-prazo-para-empresas-aderirem-ao-simples-nacional\\\/#breadcrumb\",\"itemListElement\":[{\"@type\":\"ListItem\",\"position\":1,\"name\":\"In\u00edcio\",\"item\":\"https:\\\/\\\/motorista.com.br\\\/noticias\\\/\"},{\"@type\":\"ListItem\",\"position\":2,\"name\":\"In\u00edcio do prazo para empresas aderirem ao Simples Nacional.\"}]},{\"@type\":\"WebSite\",\"@id\":\"https:\\\/\\\/motorista.com.br\\\/noticias\\\/#website\",\"url\":\"https:\\\/\\\/motorista.com.br\\\/noticias\\\/\",\"name\":\"Motorista.com.br\",\"description\":\"Not\u00edcia do Motorista\",\"publisher\":{\"@id\":\"https:\\\/\\\/motorista.com.br\\\/noticias\\\/#organization\"},\"potentialAction\":[{\"@type\":\"SearchAction\",\"target\":{\"@type\":\"EntryPoint\",\"urlTemplate\":\"https:\\\/\\\/motorista.com.br\\\/noticias\\\/?s={search_term_string}\"},\"query-input\":{\"@type\":\"PropertyValueSpecification\",\"valueRequired\":true,\"valueName\":\"search_term_string\"}}],\"inLanguage\":\"pt-BR\"},{\"@type\":\"Organization\",\"@id\":\"https:\\\/\\\/motorista.com.br\\\/noticias\\\/#organization\",\"name\":\"Motorista.com.br\",\"url\":\"https:\\\/\\\/motorista.com.br\\\/noticias\\\/\",\"logo\":{\"@type\":\"ImageObject\",\"inLanguage\":\"pt-BR\",\"@id\":\"https:\\\/\\\/motorista.com.br\\\/noticias\\\/#\\\/schema\\\/logo\\\/image\\\/\",\"url\":\"https:\\\/\\\/motorista.com.br\\\/noticias\\\/wp-content\\\/uploads\\\/2025\\\/06\\\/Design-sem-nome-9.png\",\"contentUrl\":\"https:\\\/\\\/motorista.com.br\\\/noticias\\\/wp-content\\\/uploads\\\/2025\\\/06\\\/Design-sem-nome-9.png\",\"width\":150,\"height\":85,\"caption\":\"Motorista.com.br\"},\"image\":{\"@id\":\"https:\\\/\\\/motorista.com.br\\\/noticias\\\/#\\\/schema\\\/logo\\\/image\\\/\"}},{\"@type\":\"Person\",\"@id\":\"https:\\\/\\\/motorista.com.br\\\/noticias\\\/#\\\/schema\\\/person\\\/dc93afc2981c0e3ce6bc3c053fd847be\",\"name\":\"Equipe Reda\u00e7\u00e3o\",\"image\":{\"@type\":\"ImageObject\",\"inLanguage\":\"pt-BR\",\"@id\":\"https:\\\/\\\/secure.gravatar.com\\\/avatar\\\/4f525efbf18dd2bb300ccad28bfb99d95a9465a5ba268407c8c37b37e1f28d2d?s=96&d=mm&r=g9e099043a0c61e9ae27e293b9fa75ffc\",\"url\":\"https:\\\/\\\/secure.gravatar.com\\\/avatar\\\/4f525efbf18dd2bb300ccad28bfb99d95a9465a5ba268407c8c37b37e1f28d2d?s=96&d=mm&r=g\",\"contentUrl\":\"https:\\\/\\\/secure.gravatar.com\\\/avatar\\\/4f525efbf18dd2bb300ccad28bfb99d95a9465a5ba268407c8c37b37e1f28d2d?s=96&d=mm&r=g\",\"caption\":\"Equipe Reda\u00e7\u00e3o\"},\"description\":\"Equipe de reda\u00e7\u00e3o \u00e9 um grupo de profissionais que trabalham juntos para criar conte\u00fado escrito para Motorista.com.br\",\"url\":\"https:\\\/\\\/motorista.com.br\\\/noticias\\\/author\\\/equiperedacao\\\/\"}]}<\/script>\n<!-- \/ Yoast SEO Premium plugin. -->","yoast_head_json":{"title":"In\u00edcio do prazo para empresas aderirem ao Simples Nacional. - Motorista.com.br","robots":{"index":"index","follow":"follow","max-snippet":"max-snippet:-1","max-image-preview":"max-image-preview:large","max-video-preview":"max-video-preview:-1"},"canonical":"https:\/\/motorista.com.br\/noticias\/2026\/09\/03\/inicio-do-prazo-para-empresas-aderirem-ao-simples-nacional\/","og_locale":"pt_BR","og_type":"article","og_title":"In\u00edcio do prazo para empresas aderirem ao Simples Nacional.","og_description":"Prazo para Empresas Optarem por Simples Nacional: O Que Isso Significa para Motoristas e Mobilidade Come\u00e7ou nesta ter\u00e7a-feira (1\u00ba) o prazo para que micro e pequenas empresas fa\u00e7am a ades\u00e3o ao Simples Nacional, um regime tribut\u00e1rio simplificado para quem fatura at\u00e9 R$ 4,8 milh\u00f5es por ano. A mudan\u00e7a, decorrente da reforma tribut\u00e1ria, trouxe uma antecipa\u00e7\u00e3o &hellip;","og_url":"https:\/\/motorista.com.br\/noticias\/2026\/09\/03\/inicio-do-prazo-para-empresas-aderirem-ao-simples-nacional\/","og_site_name":"Motorista.com.br","article_published_time":"2026-09-03T03:01:08+00:00","author":"Equipe Reda\u00e7\u00e3o","twitter_card":"summary_large_image","twitter_misc":{"Escrito por":"Equipe Reda\u00e7\u00e3o","Est. tempo de leitura":"3 minutos","Written by":"Equipe Reda\u00e7\u00e3o"},"schema":{"@context":"https:\/\/schema.org","@graph":[{"@type":"Article","@id":"https:\/\/motorista.com.br\/noticias\/2026\/09\/03\/inicio-do-prazo-para-empresas-aderirem-ao-simples-nacional\/#article","isPartOf":{"@id":"https:\/\/motorista.com.br\/noticias\/2026\/09\/03\/inicio-do-prazo-para-empresas-aderirem-ao-simples-nacional\/"},"author":{"name":"Equipe Reda\u00e7\u00e3o","@id":"https:\/\/motorista.com.br\/noticias\/#\/schema\/person\/dc93afc2981c0e3ce6bc3c053fd847be"},"headline":"In\u00edcio do prazo para empresas aderirem ao Simples Nacional.","datePublished":"2026-09-03T03:01:08+00:00","mainEntityOfPage":{"@id":"https:\/\/motorista.com.br\/noticias\/2026\/09\/03\/inicio-do-prazo-para-empresas-aderirem-ao-simples-nacional\/"},"wordCount":615,"publisher":{"@id":"https:\/\/motorista.com.br\/noticias\/#organization"},"image":{"@id":"https:\/\/motorista.com.br\/noticias\/2026\/09\/03\/inicio-do-prazo-para-empresas-aderirem-ao-simples-nacional\/#primaryimage"},"thumbnailUrl":"https:\/\/motorista.com.br\/noticias\/wp-content\/uploads\/2026\/09\/030901.png","articleSection":["Log\u00edstica"],"inLanguage":"pt-BR"},{"@type":"WebPage","@id":"https:\/\/motorista.com.br\/noticias\/2026\/09\/03\/inicio-do-prazo-para-empresas-aderirem-ao-simples-nacional\/","url":"https:\/\/motorista.com.br\/noticias\/2026\/09\/03\/inicio-do-prazo-para-empresas-aderirem-ao-simples-nacional\/","name":"In\u00edcio do prazo para empresas aderirem ao Simples Nacional. - Motorista.com.br","isPartOf":{"@id":"https:\/\/motorista.com.br\/noticias\/#website"},"primaryImageOfPage":{"@id":"https:\/\/motorista.com.br\/noticias\/2026\/09\/03\/inicio-do-prazo-para-empresas-aderirem-ao-simples-nacional\/#primaryimage"},"image":{"@id":"https:\/\/motorista.com.br\/noticias\/2026\/09\/03\/inicio-do-prazo-para-empresas-aderirem-ao-simples-nacional\/#primaryimage"},"thumbnailUrl":"https:\/\/motorista.com.br\/noticias\/wp-content\/uploads\/2026\/09\/030901.png","datePublished":"2026-09-03T03:01:08+00:00","breadcrumb":{"@id":"https:\/\/motorista.com.br\/noticias\/2026\/09\/03\/inicio-do-prazo-para-empresas-aderirem-ao-simples-nacional\/#breadcrumb"},"inLanguage":"pt-BR","potentialAction":[{"@type":"ReadAction","target":["https:\/\/motorista.com.br\/noticias\/2026\/09\/03\/inicio-do-prazo-para-empresas-aderirem-ao-simples-nacional\/"]}]},{"@type":"ImageObject","inLanguage":"pt-BR","@id":"https:\/\/motorista.com.br\/noticias\/2026\/09\/03\/inicio-do-prazo-para-empresas-aderirem-ao-simples-nacional\/#primaryimage","url":"https:\/\/motorista.com.br\/noticias\/wp-content\/uploads\/2026\/09\/030901.png","contentUrl":"https:\/\/motorista.com.br\/noticias\/wp-content\/uploads\/2026\/09\/030901.png","width":1400,"height":700},{"@type":"BreadcrumbList","@id":"https:\/\/motorista.com.br\/noticias\/2026\/09\/03\/inicio-do-prazo-para-empresas-aderirem-ao-simples-nacional\/#breadcrumb","itemListElement":[{"@type":"ListItem","position":1,"name":"In\u00edcio","item":"https:\/\/motorista.com.br\/noticias\/"},{"@type":"ListItem","position":2,"name":"In\u00edcio do prazo para empresas aderirem ao Simples Nacional."}]},{"@type":"WebSite","@id":"https:\/\/motorista.com.br\/noticias\/#website","url":"https:\/\/motorista.com.br\/noticias\/","name":"Motorista.com.br","description":"Not\u00edcia do Motorista","publisher":{"@id":"https:\/\/motorista.com.br\/noticias\/#organization"},"potentialAction":[{"@type":"SearchAction","target":{"@type":"EntryPoint","urlTemplate":"https:\/\/motorista.com.br\/noticias\/?s={search_term_string}"},"query-input":{"@type":"PropertyValueSpecification","valueRequired":true,"valueName":"search_term_string"}}],"inLanguage":"pt-BR"},{"@type":"Organization","@id":"https:\/\/motorista.com.br\/noticias\/#organization","name":"Motorista.com.br","url":"https:\/\/motorista.com.br\/noticias\/","logo":{"@type":"ImageObject","inLanguage":"pt-BR","@id":"https:\/\/motorista.com.br\/noticias\/#\/schema\/logo\/image\/","url":"https:\/\/motorista.com.br\/noticias\/wp-content\/uploads\/2025\/06\/Design-sem-nome-9.png","contentUrl":"https:\/\/motorista.com.br\/noticias\/wp-content\/uploads\/2025\/06\/Design-sem-nome-9.png","width":150,"height":85,"caption":"Motorista.com.br"},"image":{"@id":"https:\/\/motorista.com.br\/noticias\/#\/schema\/logo\/image\/"}},{"@type":"Person","@id":"https:\/\/motorista.com.br\/noticias\/#\/schema\/person\/dc93afc2981c0e3ce6bc3c053fd847be","name":"Equipe Reda\u00e7\u00e3o","image":{"@type":"ImageObject","inLanguage":"pt-BR","@id":"https:\/\/secure.gravatar.com\/avatar\/4f525efbf18dd2bb300ccad28bfb99d95a9465a5ba268407c8c37b37e1f28d2d?s=96&d=mm&r=g9e099043a0c61e9ae27e293b9fa75ffc","url":"https:\/\/secure.gravatar.com\/avatar\/4f525efbf18dd2bb300ccad28bfb99d95a9465a5ba268407c8c37b37e1f28d2d?s=96&d=mm&r=g","contentUrl":"https:\/\/secure.gravatar.com\/avatar\/4f525efbf18dd2bb300ccad28bfb99d95a9465a5ba268407c8c37b37e1f28d2d?s=96&d=mm&r=g","caption":"Equipe Reda\u00e7\u00e3o"},"description":"Equipe de reda\u00e7\u00e3o \u00e9 um grupo de profissionais que trabalham juntos para criar conte\u00fado escrito para Motorista.com.br","url":"https:\/\/motorista.com.br\/noticias\/author\/equiperedacao\/"}]}},"_links":{"self":[{"href":"https:\/\/motorista.com.br\/noticias\/wp-json\/wp\/v2\/posts\/14267","targetHints":{"allow":["GET"]}}],"collection":[{"href":"https:\/\/motorista.com.br\/noticias\/wp-json\/wp\/v2\/posts"}],"about":[{"href":"https:\/\/motorista.com.br\/noticias\/wp-json\/wp\/v2\/types\/post"}],"author":[{"embeddable":true,"href":"https:\/\/motorista.com.br\/noticias\/wp-json\/wp\/v2\/users\/4"}],"replies":[{"embeddable":true,"href":"https:\/\/motorista.com.br\/noticias\/wp-json\/wp\/v2\/comments?post=14267"}],"version-history":[{"count":0,"href":"https:\/\/motorista.com.br\/noticias\/wp-json\/wp\/v2\/posts\/14267\/revisions"}],"wp:featuredmedia":[{"embeddable":true,"href":"https:\/\/motorista.com.br\/noticias\/wp-json\/wp\/v2\/media\/14268"}],"wp:attachment":[{"href":"https:\/\/motorista.com.br\/noticias\/wp-json\/wp\/v2\/media?parent=14267"}],"wp:term":[{"taxonomy":"category","embeddable":true,"href":"https:\/\/motorista.com.br\/noticias\/wp-json\/wp\/v2\/categories?post=14267"},{"taxonomy":"post_tag","embeddable":true,"href":"https:\/\/motorista.com.br\/noticias\/wp-json\/wp\/v2\/tags?post=14267"},{"taxonomy":"author","embeddable":true,"href":"https:\/\/motorista.com.br\/noticias\/wp-json\/wp\/v2\/coauthors?post=14267"}],"curies":[{"name":"wp","href":"https:\/\/api.w.org\/{rel}","templated":true}]}}