{"id":14261,"date":"2026-09-02T21:22:56","date_gmt":"2026-09-03T00:22:56","guid":{"rendered":"https:\/\/motorista.com.br\/noticias\/2026\/09\/02\/alcolumbre-responde-a-pressao-por-impeachment-de-moraes-citando-dark-horse\/"},"modified":"2026-09-02T21:22:56","modified_gmt":"2026-09-03T00:22:56","slug":"alcolumbre-responde-a-pressao-por-impeachment-de-moraes-citando-dark-horse","status":"publish","type":"post","link":"https:\/\/motorista.com.br\/noticias\/2026\/09\/02\/alcolumbre-responde-a-pressao-por-impeachment-de-moraes-citando-dark-horse\/","title":{"rendered":"Alcolumbre responde \u00e0 press\u00e3o por impeachment de Moraes, citando Dark Horse."},"content":{"rendered":"<p><\/p>\n<h3>Alcolumbre Rebate Cobran\u00e7a por Impeachment de Moraes e Cita Caso Dark Horse<\/h3>\n<p>Recentemente, o presidente do Senado, Davi Alcolumbre, se manifestou sobre as press\u00f5es para o impeachment do ministro Alexandre de Moraes, fazendo refer\u00eancia ao financiamento do filme &quot;Dark Horse&quot;, que aborda a figura do ex-presidente Jair Bolsonaro. Essa declara\u00e7\u00e3o ocorreu em um contexto de intensa polariza\u00e7\u00e3o pol\u00edtica e levanta quest\u00f5es relevantes sobre a governabilidade e a confian\u00e7a nas institui\u00e7\u00f5es, elementos que podem impactar diretamente a mobilidade geral do pa\u00eds.<\/p>\n<p>A rela\u00e7\u00e3o entre a pol\u00edtica e a mobilidade dos cidad\u00e3os \u00e9 mais profunda do que se imagina. Decis\u00f5es pol\u00edticas influenciam n\u00e3o apenas a seguran\u00e7a jur\u00eddica, mas tamb\u00e9m o desenvolvimento de infraestruturas essenciais para o tr\u00e1fego, transporte p\u00fablico e a fiscaliza\u00e7\u00e3o do tr\u00e2nsito. Quando um pol\u00edtico ou uma institui\u00e7\u00e3o \u00e9 alvo de cr\u00edticas ou questionamentos, como acontece com Moraes, cria-se um ambiente de instabilidade que pode afetar as a\u00e7\u00f5es governamentais, inclusive aquelas ligadas \u00e0 mobilidade urbana.<\/p>\n<p>Por outro lado, quando as institui\u00e7\u00f5es est\u00e3o em harmonia e os l\u00edderes conseguem dialogar de forma construtiva, as pol\u00edticas voltadas para o transporte e mobilidade tendem a ser implementadas com mais efic\u00e1cia. Por exemplo, investimentos em transporte p\u00fablico, que s\u00e3o fundamentais para reduzir o uso de ve\u00edculos particulares e os congestionamentos nas cidades, dependem dessa estabilidade institucional.<\/p>\n<p>Assim, a resposta de Alcolumbre n\u00e3o \u00e9 apenas uma defesa pessoal, mas uma tentativa de restaurar um senso de equil\u00edbrio que favore\u00e7a a governan\u00e7a eficiente. A mobilidade urbana \u00e9 uma extens\u00e3o desse equil\u00edbrio; quando os cidad\u00e3os sentem que suas vozes s\u00e3o ouvidas e que as institui\u00e7\u00f5es s\u00e3o respeitadas, a confian\u00e7a nas autoridades aumenta, fazendo com que as iniciativas de tr\u00e2nsito e transporte tenham maior chance de sucesso.<\/p>\n<p>Os motoristas e todos que dependem de um sistema de mobilidade eficaz precisam prestar aten\u00e7\u00e3o a essas din\u00e2micas pol\u00edticas. As disputas e desaven\u00e7as podem resultar em pol\u00edticas que mais prejudicam do que beneficiam a popula\u00e7\u00e3o, culminando em retrocessos no que diz respeito a melhorias na infraestrutura vi\u00e1ria e na qualidade do transporte. Portanto, o envolvimento c\u00edvico e a conscientiza\u00e7\u00e3o pol\u00edtica s\u00e3o fundamentais para garantir que as decis\u00f5es tomadas no cen\u00e1rio nacional refletam as necessidades de todos, especialmente no que se refere \u00e0 mobilidade urbana.<\/p>\n","protected":false},"excerpt":{"rendered":"<p>Alcolumbre Rebate Cobran\u00e7a por Impeachment de Moraes e Cita Caso Dark Horse Recentemente, o presidente do Senado, Davi Alcolumbre, se manifestou sobre as press\u00f5es para o impeachment do ministro Alexandre de Moraes, fazendo refer\u00eancia ao financiamento do filme &quot;Dark Horse&quot;, que aborda a figura do ex-presidente Jair Bolsonaro. Essa declara\u00e7\u00e3o ocorreu em um contexto de &hellip;<\/p>\n","protected":false},"author":4,"featured_media":14262,"comment_status":"","ping_status":"open","sticky":false,"template":"","format":"standard","meta":{"footnotes":""},"categories":[45],"tags":[],"coauthors":[42],"class_list":["post-14261","post","type-post","status-publish","format-standard","has-post-thumbnail","hentry","category-mundo"],"yoast_head":"<!-- This site is optimized with the Yoast SEO Premium plugin v27.6.1 (Yoast SEO v28.4) - https:\/\/yoast.com\/product\/yoast-seo-premium-wordpress\/ -->\n<title>Alcolumbre responde \u00e0 press\u00e3o por impeachment de Moraes, citando Dark Horse. - Motorista.com.br<\/title>\n<meta name=\"robots\" content=\"index, follow, max-snippet:-1, max-image-preview:large, max-video-preview:-1\" \/>\n<link rel=\"canonical\" href=\"https:\/\/motorista.com.br\/noticias\/2026\/09\/02\/alcolumbre-responde-a-pressao-por-impeachment-de-moraes-citando-dark-horse\/\" \/>\n<meta property=\"og:locale\" content=\"pt_BR\" \/>\n<meta property=\"og:type\" content=\"article\" \/>\n<meta property=\"og:title\" content=\"Alcolumbre responde \u00e0 press\u00e3o por impeachment de Moraes, citando Dark Horse.\" \/>\n<meta property=\"og:description\" content=\"Alcolumbre Rebate Cobran\u00e7a por Impeachment de Moraes e Cita Caso Dark Horse Recentemente, o presidente do Senado, Davi Alcolumbre, se manifestou sobre as press\u00f5es para o impeachment do ministro Alexandre de Moraes, fazendo refer\u00eancia ao financiamento do filme &quot;Dark Horse&quot;, que aborda a figura do ex-presidente Jair Bolsonaro. Essa declara\u00e7\u00e3o ocorreu em um contexto de &hellip;\" \/>\n<meta property=\"og:url\" content=\"https:\/\/motorista.com.br\/noticias\/2026\/09\/02\/alcolumbre-responde-a-pressao-por-impeachment-de-moraes-citando-dark-horse\/\" \/>\n<meta property=\"og:site_name\" content=\"Motorista.com.br\" \/>\n<meta property=\"article:published_time\" content=\"2026-09-03T00:22:56+00:00\" \/>\n<meta name=\"author\" content=\"Equipe Reda\u00e7\u00e3o\" \/>\n<meta name=\"twitter:card\" content=\"summary_large_image\" \/>\n<meta name=\"twitter:label1\" content=\"Escrito por\" \/>\n\t<meta name=\"twitter:data1\" content=\"Equipe Reda\u00e7\u00e3o\" \/>\n\t<meta name=\"twitter:label2\" content=\"Est. tempo de leitura\" \/>\n\t<meta name=\"twitter:data2\" content=\"2 minutos\" \/>\n\t<meta name=\"twitter:label3\" content=\"Written by\" \/>\n\t<meta name=\"twitter:data3\" content=\"Equipe Reda\u00e7\u00e3o\" \/>\n<script type=\"application\/ld+json\" class=\"yoast-schema-graph\">{\"@context\":\"https:\\\/\\\/schema.org\",\"@graph\":[{\"@type\":\"Article\",\"@id\":\"https:\\\/\\\/motorista.com.br\\\/noticias\\\/2026\\\/09\\\/02\\\/alcolumbre-responde-a-pressao-por-impeachment-de-moraes-citando-dark-horse\\\/#article\",\"isPartOf\":{\"@id\":\"https:\\\/\\\/motorista.com.br\\\/noticias\\\/2026\\\/09\\\/02\\\/alcolumbre-responde-a-pressao-por-impeachment-de-moraes-citando-dark-horse\\\/\"},\"author\":{\"name\":\"Equipe Reda\u00e7\u00e3o\",\"@id\":\"https:\\\/\\\/motorista.com.br\\\/noticias\\\/#\\\/schema\\\/person\\\/dc93afc2981c0e3ce6bc3c053fd847be\"},\"headline\":\"Alcolumbre responde \u00e0 press\u00e3o por impeachment de Moraes, citando Dark Horse.\",\"datePublished\":\"2026-09-03T00:22:56+00:00\",\"mainEntityOfPage\":{\"@id\":\"https:\\\/\\\/motorista.com.br\\\/noticias\\\/2026\\\/09\\\/02\\\/alcolumbre-responde-a-pressao-por-impeachment-de-moraes-citando-dark-horse\\\/\"},\"wordCount\":430,\"publisher\":{\"@id\":\"https:\\\/\\\/motorista.com.br\\\/noticias\\\/#organization\"},\"image\":{\"@id\":\"https:\\\/\\\/motorista.com.br\\\/noticias\\\/2026\\\/09\\\/02\\\/alcolumbre-responde-a-pressao-por-impeachment-de-moraes-citando-dark-horse\\\/#primaryimage\"},\"thumbnailUrl\":\"https:\\\/\\\/motorista.com.br\\\/noticias\\\/wp-content\\\/uploads\\\/2026\\\/09\\\/55396527165_e87598d51a_o.jpg\",\"articleSection\":[\"Mundo\"],\"inLanguage\":\"pt-BR\"},{\"@type\":\"WebPage\",\"@id\":\"https:\\\/\\\/motorista.com.br\\\/noticias\\\/2026\\\/09\\\/02\\\/alcolumbre-responde-a-pressao-por-impeachment-de-moraes-citando-dark-horse\\\/\",\"url\":\"https:\\\/\\\/motorista.com.br\\\/noticias\\\/2026\\\/09\\\/02\\\/alcolumbre-responde-a-pressao-por-impeachment-de-moraes-citando-dark-horse\\\/\",\"name\":\"Alcolumbre responde \u00e0 press\u00e3o por impeachment de Moraes, citando Dark Horse. - Motorista.com.br\",\"isPartOf\":{\"@id\":\"https:\\\/\\\/motorista.com.br\\\/noticias\\\/#website\"},\"primaryImageOfPage\":{\"@id\":\"https:\\\/\\\/motorista.com.br\\\/noticias\\\/2026\\\/09\\\/02\\\/alcolumbre-responde-a-pressao-por-impeachment-de-moraes-citando-dark-horse\\\/#primaryimage\"},\"image\":{\"@id\":\"https:\\\/\\\/motorista.com.br\\\/noticias\\\/2026\\\/09\\\/02\\\/alcolumbre-responde-a-pressao-por-impeachment-de-moraes-citando-dark-horse\\\/#primaryimage\"},\"thumbnailUrl\":\"https:\\\/\\\/motorista.com.br\\\/noticias\\\/wp-content\\\/uploads\\\/2026\\\/09\\\/55396527165_e87598d51a_o.jpg\",\"datePublished\":\"2026-09-03T00:22:56+00:00\",\"breadcrumb\":{\"@id\":\"https:\\\/\\\/motorista.com.br\\\/noticias\\\/2026\\\/09\\\/02\\\/alcolumbre-responde-a-pressao-por-impeachment-de-moraes-citando-dark-horse\\\/#breadcrumb\"},\"inLanguage\":\"pt-BR\",\"potentialAction\":[{\"@type\":\"ReadAction\",\"target\":[\"https:\\\/\\\/motorista.com.br\\\/noticias\\\/2026\\\/09\\\/02\\\/alcolumbre-responde-a-pressao-por-impeachment-de-moraes-citando-dark-horse\\\/\"]}]},{\"@type\":\"ImageObject\",\"inLanguage\":\"pt-BR\",\"@id\":\"https:\\\/\\\/motorista.com.br\\\/noticias\\\/2026\\\/09\\\/02\\\/alcolumbre-responde-a-pressao-por-impeachment-de-moraes-citando-dark-horse\\\/#primaryimage\",\"url\":\"https:\\\/\\\/motorista.com.br\\\/noticias\\\/wp-content\\\/uploads\\\/2026\\\/09\\\/55396527165_e87598d51a_o.jpg\",\"contentUrl\":\"https:\\\/\\\/motorista.com.br\\\/noticias\\\/wp-content\\\/uploads\\\/2026\\\/09\\\/55396527165_e87598d51a_o.jpg\",\"width\":1200,\"height\":800},{\"@type\":\"BreadcrumbList\",\"@id\":\"https:\\\/\\\/motorista.com.br\\\/noticias\\\/2026\\\/09\\\/02\\\/alcolumbre-responde-a-pressao-por-impeachment-de-moraes-citando-dark-horse\\\/#breadcrumb\",\"itemListElement\":[{\"@type\":\"ListItem\",\"position\":1,\"name\":\"In\u00edcio\",\"item\":\"https:\\\/\\\/motorista.com.br\\\/noticias\\\/\"},{\"@type\":\"ListItem\",\"position\":2,\"name\":\"Alcolumbre responde \u00e0 press\u00e3o por impeachment de Moraes, citando Dark Horse.\"}]},{\"@type\":\"WebSite\",\"@id\":\"https:\\\/\\\/motorista.com.br\\\/noticias\\\/#website\",\"url\":\"https:\\\/\\\/motorista.com.br\\\/noticias\\\/\",\"name\":\"Motorista.com.br\",\"description\":\"Not\u00edcia do Motorista\",\"publisher\":{\"@id\":\"https:\\\/\\\/motorista.com.br\\\/noticias\\\/#organization\"},\"potentialAction\":[{\"@type\":\"SearchAction\",\"target\":{\"@type\":\"EntryPoint\",\"urlTemplate\":\"https:\\\/\\\/motorista.com.br\\\/noticias\\\/?s={search_term_string}\"},\"query-input\":{\"@type\":\"PropertyValueSpecification\",\"valueRequired\":true,\"valueName\":\"search_term_string\"}}],\"inLanguage\":\"pt-BR\"},{\"@type\":\"Organization\",\"@id\":\"https:\\\/\\\/motorista.com.br\\\/noticias\\\/#organization\",\"name\":\"Motorista.com.br\",\"url\":\"https:\\\/\\\/motorista.com.br\\\/noticias\\\/\",\"logo\":{\"@type\":\"ImageObject\",\"inLanguage\":\"pt-BR\",\"@id\":\"https:\\\/\\\/motorista.com.br\\\/noticias\\\/#\\\/schema\\\/logo\\\/image\\\/\",\"url\":\"https:\\\/\\\/motorista.com.br\\\/noticias\\\/wp-content\\\/uploads\\\/2025\\\/06\\\/Design-sem-nome-9.png\",\"contentUrl\":\"https:\\\/\\\/motorista.com.br\\\/noticias\\\/wp-content\\\/uploads\\\/2025\\\/06\\\/Design-sem-nome-9.png\",\"width\":150,\"height\":85,\"caption\":\"Motorista.com.br\"},\"image\":{\"@id\":\"https:\\\/\\\/motorista.com.br\\\/noticias\\\/#\\\/schema\\\/logo\\\/image\\\/\"}},{\"@type\":\"Person\",\"@id\":\"https:\\\/\\\/motorista.com.br\\\/noticias\\\/#\\\/schema\\\/person\\\/dc93afc2981c0e3ce6bc3c053fd847be\",\"name\":\"Equipe Reda\u00e7\u00e3o\",\"image\":{\"@type\":\"ImageObject\",\"inLanguage\":\"pt-BR\",\"@id\":\"https:\\\/\\\/secure.gravatar.com\\\/avatar\\\/4f525efbf18dd2bb300ccad28bfb99d95a9465a5ba268407c8c37b37e1f28d2d?s=96&d=mm&r=g9e099043a0c61e9ae27e293b9fa75ffc\",\"url\":\"https:\\\/\\\/secure.gravatar.com\\\/avatar\\\/4f525efbf18dd2bb300ccad28bfb99d95a9465a5ba268407c8c37b37e1f28d2d?s=96&d=mm&r=g\",\"contentUrl\":\"https:\\\/\\\/secure.gravatar.com\\\/avatar\\\/4f525efbf18dd2bb300ccad28bfb99d95a9465a5ba268407c8c37b37e1f28d2d?s=96&d=mm&r=g\",\"caption\":\"Equipe Reda\u00e7\u00e3o\"},\"description\":\"Equipe de reda\u00e7\u00e3o \u00e9 um grupo de profissionais que trabalham juntos para criar conte\u00fado escrito para Motorista.com.br\",\"url\":\"https:\\\/\\\/motorista.com.br\\\/noticias\\\/author\\\/equiperedacao\\\/\"}]}<\/script>\n<!-- \/ Yoast SEO Premium plugin. -->","yoast_head_json":{"title":"Alcolumbre responde \u00e0 press\u00e3o por impeachment de Moraes, citando Dark Horse. - Motorista.com.br","robots":{"index":"index","follow":"follow","max-snippet":"max-snippet:-1","max-image-preview":"max-image-preview:large","max-video-preview":"max-video-preview:-1"},"canonical":"https:\/\/motorista.com.br\/noticias\/2026\/09\/02\/alcolumbre-responde-a-pressao-por-impeachment-de-moraes-citando-dark-horse\/","og_locale":"pt_BR","og_type":"article","og_title":"Alcolumbre responde \u00e0 press\u00e3o por impeachment de Moraes, citando Dark Horse.","og_description":"Alcolumbre Rebate Cobran\u00e7a por Impeachment de Moraes e Cita Caso Dark Horse Recentemente, o presidente do Senado, Davi Alcolumbre, se manifestou sobre as press\u00f5es para o impeachment do ministro Alexandre de Moraes, fazendo refer\u00eancia ao financiamento do filme &quot;Dark Horse&quot;, que aborda a figura do ex-presidente Jair Bolsonaro. Essa declara\u00e7\u00e3o ocorreu em um contexto de &hellip;","og_url":"https:\/\/motorista.com.br\/noticias\/2026\/09\/02\/alcolumbre-responde-a-pressao-por-impeachment-de-moraes-citando-dark-horse\/","og_site_name":"Motorista.com.br","article_published_time":"2026-09-03T00:22:56+00:00","author":"Equipe Reda\u00e7\u00e3o","twitter_card":"summary_large_image","twitter_misc":{"Escrito por":"Equipe Reda\u00e7\u00e3o","Est. tempo de leitura":"2 minutos","Written by":"Equipe Reda\u00e7\u00e3o"},"schema":{"@context":"https:\/\/schema.org","@graph":[{"@type":"Article","@id":"https:\/\/motorista.com.br\/noticias\/2026\/09\/02\/alcolumbre-responde-a-pressao-por-impeachment-de-moraes-citando-dark-horse\/#article","isPartOf":{"@id":"https:\/\/motorista.com.br\/noticias\/2026\/09\/02\/alcolumbre-responde-a-pressao-por-impeachment-de-moraes-citando-dark-horse\/"},"author":{"name":"Equipe Reda\u00e7\u00e3o","@id":"https:\/\/motorista.com.br\/noticias\/#\/schema\/person\/dc93afc2981c0e3ce6bc3c053fd847be"},"headline":"Alcolumbre responde \u00e0 press\u00e3o por impeachment de Moraes, citando Dark Horse.","datePublished":"2026-09-03T00:22:56+00:00","mainEntityOfPage":{"@id":"https:\/\/motorista.com.br\/noticias\/2026\/09\/02\/alcolumbre-responde-a-pressao-por-impeachment-de-moraes-citando-dark-horse\/"},"wordCount":430,"publisher":{"@id":"https:\/\/motorista.com.br\/noticias\/#organization"},"image":{"@id":"https:\/\/motorista.com.br\/noticias\/2026\/09\/02\/alcolumbre-responde-a-pressao-por-impeachment-de-moraes-citando-dark-horse\/#primaryimage"},"thumbnailUrl":"https:\/\/motorista.com.br\/noticias\/wp-content\/uploads\/2026\/09\/55396527165_e87598d51a_o.jpg","articleSection":["Mundo"],"inLanguage":"pt-BR"},{"@type":"WebPage","@id":"https:\/\/motorista.com.br\/noticias\/2026\/09\/02\/alcolumbre-responde-a-pressao-por-impeachment-de-moraes-citando-dark-horse\/","url":"https:\/\/motorista.com.br\/noticias\/2026\/09\/02\/alcolumbre-responde-a-pressao-por-impeachment-de-moraes-citando-dark-horse\/","name":"Alcolumbre responde \u00e0 press\u00e3o por impeachment de Moraes, citando Dark Horse. - Motorista.com.br","isPartOf":{"@id":"https:\/\/motorista.com.br\/noticias\/#website"},"primaryImageOfPage":{"@id":"https:\/\/motorista.com.br\/noticias\/2026\/09\/02\/alcolumbre-responde-a-pressao-por-impeachment-de-moraes-citando-dark-horse\/#primaryimage"},"image":{"@id":"https:\/\/motorista.com.br\/noticias\/2026\/09\/02\/alcolumbre-responde-a-pressao-por-impeachment-de-moraes-citando-dark-horse\/#primaryimage"},"thumbnailUrl":"https:\/\/motorista.com.br\/noticias\/wp-content\/uploads\/2026\/09\/55396527165_e87598d51a_o.jpg","datePublished":"2026-09-03T00:22:56+00:00","breadcrumb":{"@id":"https:\/\/motorista.com.br\/noticias\/2026\/09\/02\/alcolumbre-responde-a-pressao-por-impeachment-de-moraes-citando-dark-horse\/#breadcrumb"},"inLanguage":"pt-BR","potentialAction":[{"@type":"ReadAction","target":["https:\/\/motorista.com.br\/noticias\/2026\/09\/02\/alcolumbre-responde-a-pressao-por-impeachment-de-moraes-citando-dark-horse\/"]}]},{"@type":"ImageObject","inLanguage":"pt-BR","@id":"https:\/\/motorista.com.br\/noticias\/2026\/09\/02\/alcolumbre-responde-a-pressao-por-impeachment-de-moraes-citando-dark-horse\/#primaryimage","url":"https:\/\/motorista.com.br\/noticias\/wp-content\/uploads\/2026\/09\/55396527165_e87598d51a_o.jpg","contentUrl":"https:\/\/motorista.com.br\/noticias\/wp-content\/uploads\/2026\/09\/55396527165_e87598d51a_o.jpg","width":1200,"height":800},{"@type":"BreadcrumbList","@id":"https:\/\/motorista.com.br\/noticias\/2026\/09\/02\/alcolumbre-responde-a-pressao-por-impeachment-de-moraes-citando-dark-horse\/#breadcrumb","itemListElement":[{"@type":"ListItem","position":1,"name":"In\u00edcio","item":"https:\/\/motorista.com.br\/noticias\/"},{"@type":"ListItem","position":2,"name":"Alcolumbre responde \u00e0 press\u00e3o por impeachment de Moraes, citando Dark Horse."}]},{"@type":"WebSite","@id":"https:\/\/motorista.com.br\/noticias\/#website","url":"https:\/\/motorista.com.br\/noticias\/","name":"Motorista.com.br","description":"Not\u00edcia do Motorista","publisher":{"@id":"https:\/\/motorista.com.br\/noticias\/#organization"},"potentialAction":[{"@type":"SearchAction","target":{"@type":"EntryPoint","urlTemplate":"https:\/\/motorista.com.br\/noticias\/?s={search_term_string}"},"query-input":{"@type":"PropertyValueSpecification","valueRequired":true,"valueName":"search_term_string"}}],"inLanguage":"pt-BR"},{"@type":"Organization","@id":"https:\/\/motorista.com.br\/noticias\/#organization","name":"Motorista.com.br","url":"https:\/\/motorista.com.br\/noticias\/","logo":{"@type":"ImageObject","inLanguage":"pt-BR","@id":"https:\/\/motorista.com.br\/noticias\/#\/schema\/logo\/image\/","url":"https:\/\/motorista.com.br\/noticias\/wp-content\/uploads\/2025\/06\/Design-sem-nome-9.png","contentUrl":"https:\/\/motorista.com.br\/noticias\/wp-content\/uploads\/2025\/06\/Design-sem-nome-9.png","width":150,"height":85,"caption":"Motorista.com.br"},"image":{"@id":"https:\/\/motorista.com.br\/noticias\/#\/schema\/logo\/image\/"}},{"@type":"Person","@id":"https:\/\/motorista.com.br\/noticias\/#\/schema\/person\/dc93afc2981c0e3ce6bc3c053fd847be","name":"Equipe Reda\u00e7\u00e3o","image":{"@type":"ImageObject","inLanguage":"pt-BR","@id":"https:\/\/secure.gravatar.com\/avatar\/4f525efbf18dd2bb300ccad28bfb99d95a9465a5ba268407c8c37b37e1f28d2d?s=96&d=mm&r=g9e099043a0c61e9ae27e293b9fa75ffc","url":"https:\/\/secure.gravatar.com\/avatar\/4f525efbf18dd2bb300ccad28bfb99d95a9465a5ba268407c8c37b37e1f28d2d?s=96&d=mm&r=g","contentUrl":"https:\/\/secure.gravatar.com\/avatar\/4f525efbf18dd2bb300ccad28bfb99d95a9465a5ba268407c8c37b37e1f28d2d?s=96&d=mm&r=g","caption":"Equipe Reda\u00e7\u00e3o"},"description":"Equipe de reda\u00e7\u00e3o \u00e9 um grupo de profissionais que trabalham juntos para criar conte\u00fado escrito para Motorista.com.br","url":"https:\/\/motorista.com.br\/noticias\/author\/equiperedacao\/"}]}},"_links":{"self":[{"href":"https:\/\/motorista.com.br\/noticias\/wp-json\/wp\/v2\/posts\/14261","targetHints":{"allow":["GET"]}}],"collection":[{"href":"https:\/\/motorista.com.br\/noticias\/wp-json\/wp\/v2\/posts"}],"about":[{"href":"https:\/\/motorista.com.br\/noticias\/wp-json\/wp\/v2\/types\/post"}],"author":[{"embeddable":true,"href":"https:\/\/motorista.com.br\/noticias\/wp-json\/wp\/v2\/users\/4"}],"replies":[{"embeddable":true,"href":"https:\/\/motorista.com.br\/noticias\/wp-json\/wp\/v2\/comments?post=14261"}],"version-history":[{"count":0,"href":"https:\/\/motorista.com.br\/noticias\/wp-json\/wp\/v2\/posts\/14261\/revisions"}],"wp:featuredmedia":[{"embeddable":true,"href":"https:\/\/motorista.com.br\/noticias\/wp-json\/wp\/v2\/media\/14262"}],"wp:attachment":[{"href":"https:\/\/motorista.com.br\/noticias\/wp-json\/wp\/v2\/media?parent=14261"}],"wp:term":[{"taxonomy":"category","embeddable":true,"href":"https:\/\/motorista.com.br\/noticias\/wp-json\/wp\/v2\/categories?post=14261"},{"taxonomy":"post_tag","embeddable":true,"href":"https:\/\/motorista.com.br\/noticias\/wp-json\/wp\/v2\/tags?post=14261"},{"taxonomy":"author","embeddable":true,"href":"https:\/\/motorista.com.br\/noticias\/wp-json\/wp\/v2\/coauthors?post=14261"}],"curies":[{"name":"wp","href":"https:\/\/api.w.org\/{rel}","templated":true}]}}