{"id":14259,"date":"2026-09-02T21:15:02","date_gmt":"2026-09-03T00:15:02","guid":{"rendered":"https:\/\/motorista.com.br\/noticias\/2026\/09\/02\/safra-atinge-3534-milhoes-de-toneladas-pressionando-a-logistica\/"},"modified":"2026-09-02T21:15:02","modified_gmt":"2026-09-03T00:15:02","slug":"safra-atinge-3534-milhoes-de-toneladas-pressionando-a-logistica","status":"publish","type":"post","link":"https:\/\/motorista.com.br\/noticias\/2026\/09\/02\/safra-atinge-3534-milhoes-de-toneladas-pressionando-a-logistica\/","title":{"rendered":"Safra atinge 353,4 milh\u00f5es de toneladas, pressionando a log\u00edstica."},"content":{"rendered":"<p><\/p>\n<p><strong>Safra chega a 353,4 milh\u00f5es de toneladas e aumenta press\u00e3o sobre a log\u00edstica<\/strong><\/p>\n<p>Um novo levantamento da Companhia Nacional de Abastecimento (Conab) revela que a produ\u00e7\u00e3o brasileira de gr\u00e3os na safra 2025\/26 alcan\u00e7ou impressionantes <strong>353,4 milh\u00f5es de toneladas<\/strong>. Este dado n\u00e3o s\u00f3 destaca a robustez da agricultura nacional, mas tamb\u00e9m traz \u00e0 tona desafios significativos em termos de log\u00edstica, armazenamento e transporte.<\/p>\n<p>Com um volume de produ\u00e7\u00e3o t\u00e3o elevado, a estrutura log\u00edstica do pa\u00eds ter\u00e1 de se adaptar para atender \u00e0 demanda crescente. A movimenta\u00e7\u00e3o de grandes quantidades de soja, milho e outros produtos agr\u00edcolas requer investimentos em caminh\u00f5es, ferrovias, portos e sistemas de armazenagem eficientes. Essa transforma\u00e7\u00e3o \u00e9 essencial para garantir que a produ\u00e7\u00e3o chegue aos mercados consumidores de maneira eficaz.<\/p>\n<p>O levantamento da Conab, que se baseia em informa\u00e7\u00f5es de campo coletadas no fim de julho, tamb\u00e9m mostra que a log\u00edstica agr\u00edcola n\u00e3o deve ser considerada apenas em termos de volume total. A localiza\u00e7\u00e3o das \u00e1reas produtoras e as rotas utilizadas para transporte s\u00e3o fatores cruciais que influenciam a capacidade log\u00edstica. O aumento na oferta de gr\u00e3os coloca press\u00e3o sobre armazenamento e pode gerar elevados custos de transporte, especialmente durante per\u00edodos de colheita.<\/p>\n<p>Ademais, a Conab mant\u00e9m uma vigil\u00e2ncia constante sobre a log\u00edstica agr\u00edcola, monitorando elementos como fretes, exporta\u00e7\u00f5es e capacidades portu\u00e1rias. O Boletim Log\u00edstico da companhia, que compila esses dados, oferece uma vis\u00e3o estrat\u00e9gica para a regulamenta\u00e7\u00e3o do transporte, ajudando transportadores a se prepararem para as demandas futuras.<\/p>\n<p>\u00c9 importante destacar que essa nova estimativa n\u00e3o se limita a n\u00fameros: representa uma antecipa\u00e7\u00e3o das necessidades log\u00edsticas que se refletem em toda a cadeia de suprimentos, impactando diretamente motoristas e a mobilidade do pa\u00eds. A efici\u00eancia do transporte ser\u00e1 fundamental n\u00e3o apenas para o sucesso da agricultura, mas tamb\u00e9m para a sustentabilidade da economia como um todo.<\/p>\n<p>Portanto, os pr\u00f3ximos meses ser\u00e3o cruciais para a implementa\u00e7\u00e3o de estrat\u00e9gias que melhorem a infraestrutura log\u00edstica brasileira. O aumento cont\u00ednuo na produ\u00e7\u00e3o de gr\u00e3os \u00e9 um indicativo de que, se bem gerido, o setor agr\u00edcola poder\u00e1 n\u00e3o apenas prosperar, mas tamb\u00e9m contribuir significativamente para a mobilidade e desenvolvimento econ\u00f4mico do Brasil.<\/p>\n<p><strong>Fonte: Carta da Log\u00edstica<\/strong><\/p>\n","protected":false},"excerpt":{"rendered":"<p>Safra chega a 353,4 milh\u00f5es de toneladas e aumenta press\u00e3o sobre a log\u00edstica Um novo levantamento da Companhia Nacional de Abastecimento (Conab) revela que a produ\u00e7\u00e3o brasileira de gr\u00e3os na safra 2025\/26 alcan\u00e7ou impressionantes 353,4 milh\u00f5es de toneladas. Este dado n\u00e3o s\u00f3 destaca a robustez da agricultura nacional, mas tamb\u00e9m traz \u00e0 tona desafios significativos &hellip;<\/p>\n","protected":false},"author":4,"featured_media":14260,"comment_status":"","ping_status":"open","sticky":false,"template":"","format":"standard","meta":{"footnotes":""},"categories":[62],"tags":[],"coauthors":[42],"class_list":["post-14259","post","type-post","status-publish","format-standard","has-post-thumbnail","hentry","category-logistica"],"yoast_head":"<!-- This site is optimized with the Yoast SEO Premium plugin v27.6.1 (Yoast SEO v28.4) - https:\/\/yoast.com\/product\/yoast-seo-premium-wordpress\/ -->\n<title>Safra atinge 353,4 milh\u00f5es de toneladas, pressionando a log\u00edstica. - Motorista.com.br<\/title>\n<meta name=\"robots\" content=\"index, follow, max-snippet:-1, max-image-preview:large, max-video-preview:-1\" \/>\n<link rel=\"canonical\" href=\"https:\/\/motorista.com.br\/noticias\/2026\/09\/02\/safra-atinge-3534-milhoes-de-toneladas-pressionando-a-logistica\/\" \/>\n<meta property=\"og:locale\" content=\"pt_BR\" \/>\n<meta property=\"og:type\" content=\"article\" \/>\n<meta property=\"og:title\" content=\"Safra atinge 353,4 milh\u00f5es de toneladas, pressionando a log\u00edstica.\" \/>\n<meta property=\"og:description\" content=\"Safra chega a 353,4 milh\u00f5es de toneladas e aumenta press\u00e3o sobre a log\u00edstica Um novo levantamento da Companhia Nacional de Abastecimento (Conab) revela que a produ\u00e7\u00e3o brasileira de gr\u00e3os na safra 2025\/26 alcan\u00e7ou impressionantes 353,4 milh\u00f5es de toneladas. Este dado n\u00e3o s\u00f3 destaca a robustez da agricultura nacional, mas tamb\u00e9m traz \u00e0 tona desafios significativos &hellip;\" \/>\n<meta property=\"og:url\" content=\"https:\/\/motorista.com.br\/noticias\/2026\/09\/02\/safra-atinge-3534-milhoes-de-toneladas-pressionando-a-logistica\/\" \/>\n<meta property=\"og:site_name\" content=\"Motorista.com.br\" \/>\n<meta property=\"article:published_time\" content=\"2026-09-03T00:15:02+00:00\" \/>\n<meta name=\"author\" content=\"Equipe Reda\u00e7\u00e3o\" \/>\n<meta name=\"twitter:card\" content=\"summary_large_image\" \/>\n<meta name=\"twitter:label1\" content=\"Escrito por\" \/>\n\t<meta name=\"twitter:data1\" content=\"Equipe Reda\u00e7\u00e3o\" \/>\n\t<meta name=\"twitter:label2\" content=\"Est. tempo de leitura\" \/>\n\t<meta name=\"twitter:data2\" content=\"2 minutos\" \/>\n\t<meta name=\"twitter:label3\" content=\"Written by\" \/>\n\t<meta name=\"twitter:data3\" content=\"Equipe Reda\u00e7\u00e3o\" \/>\n<script type=\"application\/ld+json\" class=\"yoast-schema-graph\">{\"@context\":\"https:\\\/\\\/schema.org\",\"@graph\":[{\"@type\":\"Article\",\"@id\":\"https:\\\/\\\/motorista.com.br\\\/noticias\\\/2026\\\/09\\\/02\\\/safra-atinge-3534-milhoes-de-toneladas-pressionando-a-logistica\\\/#article\",\"isPartOf\":{\"@id\":\"https:\\\/\\\/motorista.com.br\\\/noticias\\\/2026\\\/09\\\/02\\\/safra-atinge-3534-milhoes-de-toneladas-pressionando-a-logistica\\\/\"},\"author\":{\"name\":\"Equipe Reda\u00e7\u00e3o\",\"@id\":\"https:\\\/\\\/motorista.com.br\\\/noticias\\\/#\\\/schema\\\/person\\\/dc93afc2981c0e3ce6bc3c053fd847be\"},\"headline\":\"Safra atinge 353,4 milh\u00f5es de toneladas, pressionando a log\u00edstica.\",\"datePublished\":\"2026-09-03T00:15:02+00:00\",\"mainEntityOfPage\":{\"@id\":\"https:\\\/\\\/motorista.com.br\\\/noticias\\\/2026\\\/09\\\/02\\\/safra-atinge-3534-milhoes-de-toneladas-pressionando-a-logistica\\\/\"},\"wordCount\":417,\"publisher\":{\"@id\":\"https:\\\/\\\/motorista.com.br\\\/noticias\\\/#organization\"},\"image\":{\"@id\":\"https:\\\/\\\/motorista.com.br\\\/noticias\\\/2026\\\/09\\\/02\\\/safra-atinge-3534-milhoes-de-toneladas-pressionando-a-logistica\\\/#primaryimage\"},\"thumbnailUrl\":\"https:\\\/\\\/motorista.com.br\\\/noticias\\\/wp-content\\\/uploads\\\/2026\\\/09\\\/ID-CL-1000-px-x-830-px-Safra.png\",\"articleSection\":[\"Log\u00edstica\"],\"inLanguage\":\"pt-BR\"},{\"@type\":\"WebPage\",\"@id\":\"https:\\\/\\\/motorista.com.br\\\/noticias\\\/2026\\\/09\\\/02\\\/safra-atinge-3534-milhoes-de-toneladas-pressionando-a-logistica\\\/\",\"url\":\"https:\\\/\\\/motorista.com.br\\\/noticias\\\/2026\\\/09\\\/02\\\/safra-atinge-3534-milhoes-de-toneladas-pressionando-a-logistica\\\/\",\"name\":\"Safra atinge 353,4 milh\u00f5es de toneladas, pressionando a log\u00edstica. - Motorista.com.br\",\"isPartOf\":{\"@id\":\"https:\\\/\\\/motorista.com.br\\\/noticias\\\/#website\"},\"primaryImageOfPage\":{\"@id\":\"https:\\\/\\\/motorista.com.br\\\/noticias\\\/2026\\\/09\\\/02\\\/safra-atinge-3534-milhoes-de-toneladas-pressionando-a-logistica\\\/#primaryimage\"},\"image\":{\"@id\":\"https:\\\/\\\/motorista.com.br\\\/noticias\\\/2026\\\/09\\\/02\\\/safra-atinge-3534-milhoes-de-toneladas-pressionando-a-logistica\\\/#primaryimage\"},\"thumbnailUrl\":\"https:\\\/\\\/motorista.com.br\\\/noticias\\\/wp-content\\\/uploads\\\/2026\\\/09\\\/ID-CL-1000-px-x-830-px-Safra.png\",\"datePublished\":\"2026-09-03T00:15:02+00:00\",\"breadcrumb\":{\"@id\":\"https:\\\/\\\/motorista.com.br\\\/noticias\\\/2026\\\/09\\\/02\\\/safra-atinge-3534-milhoes-de-toneladas-pressionando-a-logistica\\\/#breadcrumb\"},\"inLanguage\":\"pt-BR\",\"potentialAction\":[{\"@type\":\"ReadAction\",\"target\":[\"https:\\\/\\\/motorista.com.br\\\/noticias\\\/2026\\\/09\\\/02\\\/safra-atinge-3534-milhoes-de-toneladas-pressionando-a-logistica\\\/\"]}]},{\"@type\":\"ImageObject\",\"inLanguage\":\"pt-BR\",\"@id\":\"https:\\\/\\\/motorista.com.br\\\/noticias\\\/2026\\\/09\\\/02\\\/safra-atinge-3534-milhoes-de-toneladas-pressionando-a-logistica\\\/#primaryimage\",\"url\":\"https:\\\/\\\/motorista.com.br\\\/noticias\\\/wp-content\\\/uploads\\\/2026\\\/09\\\/ID-CL-1000-px-x-830-px-Safra.png\",\"contentUrl\":\"https:\\\/\\\/motorista.com.br\\\/noticias\\\/wp-content\\\/uploads\\\/2026\\\/09\\\/ID-CL-1000-px-x-830-px-Safra.png\",\"width\":1000,\"height\":821},{\"@type\":\"BreadcrumbList\",\"@id\":\"https:\\\/\\\/motorista.com.br\\\/noticias\\\/2026\\\/09\\\/02\\\/safra-atinge-3534-milhoes-de-toneladas-pressionando-a-logistica\\\/#breadcrumb\",\"itemListElement\":[{\"@type\":\"ListItem\",\"position\":1,\"name\":\"In\u00edcio\",\"item\":\"https:\\\/\\\/motorista.com.br\\\/noticias\\\/\"},{\"@type\":\"ListItem\",\"position\":2,\"name\":\"Safra atinge 353,4 milh\u00f5es de toneladas, pressionando a log\u00edstica.\"}]},{\"@type\":\"WebSite\",\"@id\":\"https:\\\/\\\/motorista.com.br\\\/noticias\\\/#website\",\"url\":\"https:\\\/\\\/motorista.com.br\\\/noticias\\\/\",\"name\":\"Motorista.com.br\",\"description\":\"Not\u00edcia do Motorista\",\"publisher\":{\"@id\":\"https:\\\/\\\/motorista.com.br\\\/noticias\\\/#organization\"},\"potentialAction\":[{\"@type\":\"SearchAction\",\"target\":{\"@type\":\"EntryPoint\",\"urlTemplate\":\"https:\\\/\\\/motorista.com.br\\\/noticias\\\/?s={search_term_string}\"},\"query-input\":{\"@type\":\"PropertyValueSpecification\",\"valueRequired\":true,\"valueName\":\"search_term_string\"}}],\"inLanguage\":\"pt-BR\"},{\"@type\":\"Organization\",\"@id\":\"https:\\\/\\\/motorista.com.br\\\/noticias\\\/#organization\",\"name\":\"Motorista.com.br\",\"url\":\"https:\\\/\\\/motorista.com.br\\\/noticias\\\/\",\"logo\":{\"@type\":\"ImageObject\",\"inLanguage\":\"pt-BR\",\"@id\":\"https:\\\/\\\/motorista.com.br\\\/noticias\\\/#\\\/schema\\\/logo\\\/image\\\/\",\"url\":\"https:\\\/\\\/motorista.com.br\\\/noticias\\\/wp-content\\\/uploads\\\/2025\\\/06\\\/Design-sem-nome-9.png\",\"contentUrl\":\"https:\\\/\\\/motorista.com.br\\\/noticias\\\/wp-content\\\/uploads\\\/2025\\\/06\\\/Design-sem-nome-9.png\",\"width\":150,\"height\":85,\"caption\":\"Motorista.com.br\"},\"image\":{\"@id\":\"https:\\\/\\\/motorista.com.br\\\/noticias\\\/#\\\/schema\\\/logo\\\/image\\\/\"}},{\"@type\":\"Person\",\"@id\":\"https:\\\/\\\/motorista.com.br\\\/noticias\\\/#\\\/schema\\\/person\\\/dc93afc2981c0e3ce6bc3c053fd847be\",\"name\":\"Equipe Reda\u00e7\u00e3o\",\"image\":{\"@type\":\"ImageObject\",\"inLanguage\":\"pt-BR\",\"@id\":\"https:\\\/\\\/secure.gravatar.com\\\/avatar\\\/4f525efbf18dd2bb300ccad28bfb99d95a9465a5ba268407c8c37b37e1f28d2d?s=96&d=mm&r=g9e099043a0c61e9ae27e293b9fa75ffc\",\"url\":\"https:\\\/\\\/secure.gravatar.com\\\/avatar\\\/4f525efbf18dd2bb300ccad28bfb99d95a9465a5ba268407c8c37b37e1f28d2d?s=96&d=mm&r=g\",\"contentUrl\":\"https:\\\/\\\/secure.gravatar.com\\\/avatar\\\/4f525efbf18dd2bb300ccad28bfb99d95a9465a5ba268407c8c37b37e1f28d2d?s=96&d=mm&r=g\",\"caption\":\"Equipe Reda\u00e7\u00e3o\"},\"description\":\"Equipe de reda\u00e7\u00e3o \u00e9 um grupo de profissionais que trabalham juntos para criar conte\u00fado escrito para Motorista.com.br\",\"url\":\"https:\\\/\\\/motorista.com.br\\\/noticias\\\/author\\\/equiperedacao\\\/\"}]}<\/script>\n<!-- \/ Yoast SEO Premium plugin. -->","yoast_head_json":{"title":"Safra atinge 353,4 milh\u00f5es de toneladas, pressionando a log\u00edstica. - Motorista.com.br","robots":{"index":"index","follow":"follow","max-snippet":"max-snippet:-1","max-image-preview":"max-image-preview:large","max-video-preview":"max-video-preview:-1"},"canonical":"https:\/\/motorista.com.br\/noticias\/2026\/09\/02\/safra-atinge-3534-milhoes-de-toneladas-pressionando-a-logistica\/","og_locale":"pt_BR","og_type":"article","og_title":"Safra atinge 353,4 milh\u00f5es de toneladas, pressionando a log\u00edstica.","og_description":"Safra chega a 353,4 milh\u00f5es de toneladas e aumenta press\u00e3o sobre a log\u00edstica Um novo levantamento da Companhia Nacional de Abastecimento (Conab) revela que a produ\u00e7\u00e3o brasileira de gr\u00e3os na safra 2025\/26 alcan\u00e7ou impressionantes 353,4 milh\u00f5es de toneladas. Este dado n\u00e3o s\u00f3 destaca a robustez da agricultura nacional, mas tamb\u00e9m traz \u00e0 tona desafios significativos &hellip;","og_url":"https:\/\/motorista.com.br\/noticias\/2026\/09\/02\/safra-atinge-3534-milhoes-de-toneladas-pressionando-a-logistica\/","og_site_name":"Motorista.com.br","article_published_time":"2026-09-03T00:15:02+00:00","author":"Equipe Reda\u00e7\u00e3o","twitter_card":"summary_large_image","twitter_misc":{"Escrito por":"Equipe Reda\u00e7\u00e3o","Est. tempo de leitura":"2 minutos","Written by":"Equipe Reda\u00e7\u00e3o"},"schema":{"@context":"https:\/\/schema.org","@graph":[{"@type":"Article","@id":"https:\/\/motorista.com.br\/noticias\/2026\/09\/02\/safra-atinge-3534-milhoes-de-toneladas-pressionando-a-logistica\/#article","isPartOf":{"@id":"https:\/\/motorista.com.br\/noticias\/2026\/09\/02\/safra-atinge-3534-milhoes-de-toneladas-pressionando-a-logistica\/"},"author":{"name":"Equipe Reda\u00e7\u00e3o","@id":"https:\/\/motorista.com.br\/noticias\/#\/schema\/person\/dc93afc2981c0e3ce6bc3c053fd847be"},"headline":"Safra atinge 353,4 milh\u00f5es de toneladas, pressionando a log\u00edstica.","datePublished":"2026-09-03T00:15:02+00:00","mainEntityOfPage":{"@id":"https:\/\/motorista.com.br\/noticias\/2026\/09\/02\/safra-atinge-3534-milhoes-de-toneladas-pressionando-a-logistica\/"},"wordCount":417,"publisher":{"@id":"https:\/\/motorista.com.br\/noticias\/#organization"},"image":{"@id":"https:\/\/motorista.com.br\/noticias\/2026\/09\/02\/safra-atinge-3534-milhoes-de-toneladas-pressionando-a-logistica\/#primaryimage"},"thumbnailUrl":"https:\/\/motorista.com.br\/noticias\/wp-content\/uploads\/2026\/09\/ID-CL-1000-px-x-830-px-Safra.png","articleSection":["Log\u00edstica"],"inLanguage":"pt-BR"},{"@type":"WebPage","@id":"https:\/\/motorista.com.br\/noticias\/2026\/09\/02\/safra-atinge-3534-milhoes-de-toneladas-pressionando-a-logistica\/","url":"https:\/\/motorista.com.br\/noticias\/2026\/09\/02\/safra-atinge-3534-milhoes-de-toneladas-pressionando-a-logistica\/","name":"Safra atinge 353,4 milh\u00f5es de toneladas, pressionando a log\u00edstica. - Motorista.com.br","isPartOf":{"@id":"https:\/\/motorista.com.br\/noticias\/#website"},"primaryImageOfPage":{"@id":"https:\/\/motorista.com.br\/noticias\/2026\/09\/02\/safra-atinge-3534-milhoes-de-toneladas-pressionando-a-logistica\/#primaryimage"},"image":{"@id":"https:\/\/motorista.com.br\/noticias\/2026\/09\/02\/safra-atinge-3534-milhoes-de-toneladas-pressionando-a-logistica\/#primaryimage"},"thumbnailUrl":"https:\/\/motorista.com.br\/noticias\/wp-content\/uploads\/2026\/09\/ID-CL-1000-px-x-830-px-Safra.png","datePublished":"2026-09-03T00:15:02+00:00","breadcrumb":{"@id":"https:\/\/motorista.com.br\/noticias\/2026\/09\/02\/safra-atinge-3534-milhoes-de-toneladas-pressionando-a-logistica\/#breadcrumb"},"inLanguage":"pt-BR","potentialAction":[{"@type":"ReadAction","target":["https:\/\/motorista.com.br\/noticias\/2026\/09\/02\/safra-atinge-3534-milhoes-de-toneladas-pressionando-a-logistica\/"]}]},{"@type":"ImageObject","inLanguage":"pt-BR","@id":"https:\/\/motorista.com.br\/noticias\/2026\/09\/02\/safra-atinge-3534-milhoes-de-toneladas-pressionando-a-logistica\/#primaryimage","url":"https:\/\/motorista.com.br\/noticias\/wp-content\/uploads\/2026\/09\/ID-CL-1000-px-x-830-px-Safra.png","contentUrl":"https:\/\/motorista.com.br\/noticias\/wp-content\/uploads\/2026\/09\/ID-CL-1000-px-x-830-px-Safra.png","width":1000,"height":821},{"@type":"BreadcrumbList","@id":"https:\/\/motorista.com.br\/noticias\/2026\/09\/02\/safra-atinge-3534-milhoes-de-toneladas-pressionando-a-logistica\/#breadcrumb","itemListElement":[{"@type":"ListItem","position":1,"name":"In\u00edcio","item":"https:\/\/motorista.com.br\/noticias\/"},{"@type":"ListItem","position":2,"name":"Safra atinge 353,4 milh\u00f5es de toneladas, pressionando a log\u00edstica."}]},{"@type":"WebSite","@id":"https:\/\/motorista.com.br\/noticias\/#website","url":"https:\/\/motorista.com.br\/noticias\/","name":"Motorista.com.br","description":"Not\u00edcia do Motorista","publisher":{"@id":"https:\/\/motorista.com.br\/noticias\/#organization"},"potentialAction":[{"@type":"SearchAction","target":{"@type":"EntryPoint","urlTemplate":"https:\/\/motorista.com.br\/noticias\/?s={search_term_string}"},"query-input":{"@type":"PropertyValueSpecification","valueRequired":true,"valueName":"search_term_string"}}],"inLanguage":"pt-BR"},{"@type":"Organization","@id":"https:\/\/motorista.com.br\/noticias\/#organization","name":"Motorista.com.br","url":"https:\/\/motorista.com.br\/noticias\/","logo":{"@type":"ImageObject","inLanguage":"pt-BR","@id":"https:\/\/motorista.com.br\/noticias\/#\/schema\/logo\/image\/","url":"https:\/\/motorista.com.br\/noticias\/wp-content\/uploads\/2025\/06\/Design-sem-nome-9.png","contentUrl":"https:\/\/motorista.com.br\/noticias\/wp-content\/uploads\/2025\/06\/Design-sem-nome-9.png","width":150,"height":85,"caption":"Motorista.com.br"},"image":{"@id":"https:\/\/motorista.com.br\/noticias\/#\/schema\/logo\/image\/"}},{"@type":"Person","@id":"https:\/\/motorista.com.br\/noticias\/#\/schema\/person\/dc93afc2981c0e3ce6bc3c053fd847be","name":"Equipe Reda\u00e7\u00e3o","image":{"@type":"ImageObject","inLanguage":"pt-BR","@id":"https:\/\/secure.gravatar.com\/avatar\/4f525efbf18dd2bb300ccad28bfb99d95a9465a5ba268407c8c37b37e1f28d2d?s=96&d=mm&r=g9e099043a0c61e9ae27e293b9fa75ffc","url":"https:\/\/secure.gravatar.com\/avatar\/4f525efbf18dd2bb300ccad28bfb99d95a9465a5ba268407c8c37b37e1f28d2d?s=96&d=mm&r=g","contentUrl":"https:\/\/secure.gravatar.com\/avatar\/4f525efbf18dd2bb300ccad28bfb99d95a9465a5ba268407c8c37b37e1f28d2d?s=96&d=mm&r=g","caption":"Equipe Reda\u00e7\u00e3o"},"description":"Equipe de reda\u00e7\u00e3o \u00e9 um grupo de profissionais que trabalham juntos para criar conte\u00fado escrito para Motorista.com.br","url":"https:\/\/motorista.com.br\/noticias\/author\/equiperedacao\/"}]}},"_links":{"self":[{"href":"https:\/\/motorista.com.br\/noticias\/wp-json\/wp\/v2\/posts\/14259","targetHints":{"allow":["GET"]}}],"collection":[{"href":"https:\/\/motorista.com.br\/noticias\/wp-json\/wp\/v2\/posts"}],"about":[{"href":"https:\/\/motorista.com.br\/noticias\/wp-json\/wp\/v2\/types\/post"}],"author":[{"embeddable":true,"href":"https:\/\/motorista.com.br\/noticias\/wp-json\/wp\/v2\/users\/4"}],"replies":[{"embeddable":true,"href":"https:\/\/motorista.com.br\/noticias\/wp-json\/wp\/v2\/comments?post=14259"}],"version-history":[{"count":0,"href":"https:\/\/motorista.com.br\/noticias\/wp-json\/wp\/v2\/posts\/14259\/revisions"}],"wp:featuredmedia":[{"embeddable":true,"href":"https:\/\/motorista.com.br\/noticias\/wp-json\/wp\/v2\/media\/14260"}],"wp:attachment":[{"href":"https:\/\/motorista.com.br\/noticias\/wp-json\/wp\/v2\/media?parent=14259"}],"wp:term":[{"taxonomy":"category","embeddable":true,"href":"https:\/\/motorista.com.br\/noticias\/wp-json\/wp\/v2\/categories?post=14259"},{"taxonomy":"post_tag","embeddable":true,"href":"https:\/\/motorista.com.br\/noticias\/wp-json\/wp\/v2\/tags?post=14259"},{"taxonomy":"author","embeddable":true,"href":"https:\/\/motorista.com.br\/noticias\/wp-json\/wp\/v2\/coauthors?post=14259"}],"curies":[{"name":"wp","href":"https:\/\/api.w.org\/{rel}","templated":true}]}}