{"id":14252,"date":"2026-09-02T17:15:58","date_gmt":"2026-09-02T20:15:58","guid":{"rendered":"https:\/\/motorista.com.br\/noticias\/2026\/09\/02\/foton-registra-venda-historica-de-800-caminhoes-para-a-africa\/"},"modified":"2026-09-02T17:15:58","modified_gmt":"2026-09-02T20:15:58","slug":"foton-registra-venda-historica-de-800-caminhoes-para-a-africa","status":"publish","type":"post","link":"https:\/\/motorista.com.br\/noticias\/2026\/09\/02\/foton-registra-venda-historica-de-800-caminhoes-para-a-africa\/","title":{"rendered":"Foton registra venda hist\u00f3rica de 800 caminh\u00f5es para a \u00c1frica."},"content":{"rendered":"<p><\/p>\n<h3>Foton Registra Venda Recorde de 800 Caminh\u00f5es para a \u00c1frica: Impactos e Benef\u00edcios para Motoristas e Mobilidade<\/h3>\n<p>A Baic Foton, uma refer\u00eancia na fabrica\u00e7\u00e3o de caminh\u00f5es na China, realizou uma venda impressionante de 800 caminh\u00f5es pesados Foton Auman para a \u00c1frica. Este marco representa uma das maiores transa\u00e7\u00f5es da marca, destacando a crescente demanda por ve\u00edculos robustos e eficientes no continente.<\/p>\n<p>Esses caminh\u00f5es ser\u00e3o utilizados em opera\u00e7\u00f5es de transporte de longa dist\u00e2ncia, atuando em diversas na\u00e7\u00f5es africanas. A escolha por um modelo de configura\u00e7\u00e3o simples reflete a necessidade de pre\u00e7os acess\u00edveis, um fator crucial para muitos operadores de transporte. No entanto, apesar da simplicidade, os ve\u00edculos s\u00e3o equipados com motores Foton Cummins ISG de 380 cavalos, permitindo opera\u00e7\u00f5es com at\u00e9 56 toneladas, al\u00e9m de tanques de combust\u00edvel com capacidade para 700 litros, proporcionando maior autonomia nas estradas.<\/p>\n<h3>Benef\u00edcios para os Motoristas<\/h3>\n<p>Para os motoristas, essa aquisi\u00e7\u00e3o representa n\u00e3o apenas uma melhoria nas condi\u00e7\u00f5es de trabalho, mas tamb\u00e9m uma abordagem mais sustent\u00e1vel e eficaz para o transporte. Com a inclus\u00e3o de para-choques met\u00e1licos e sistemas de rastreamento que funcionam mesmo sem sinal de celular, a seguran\u00e7a e a monitoriza\u00e7\u00e3o das cargas s\u00e3o aprimoradas. Isso resulta em um aumento da confian\u00e7a dos motoristas, sabendo que suas opera\u00e7\u00f5es est\u00e3o protegidas contra imprevistos.<\/p>\n<p>Al\u00e9m disso, a assist\u00eancia t\u00e9cnica mensurada em v\u00e1rias regi\u00f5es, junto com centros de distribui\u00e7\u00e3o de pe\u00e7as na \u00c1frica do Sul, Tanz\u00e2nia e Z\u00e2mbia, assegura que os motoristas tenham acesso a suporte vital, minimizando o tempo de inatividade dos ve\u00edculos. Essa estrutura de apoio \u00e9 fundamental para manuten\u00e7\u00e3o de uma frota eficiente e confi\u00e1vel, permitindo que os motoristas cumpram suas rotas com menos interrup\u00e7\u00f5es.<\/p>\n<h3>Impacto na Mobilidade Geral<\/h3>\n<p>Essa transa\u00e7\u00e3o tamb\u00e9m tem implica\u00e7\u00f5es significativas para a mobilidade geral na \u00c1frica. Com o aumento do n\u00famero de caminh\u00f5es dispon\u00edveis, o transporte de mercadorias se tornar\u00e1 mais \u00e1gil e eficiente, estimulando o com\u00e9rcio regional e contribuindo para o desenvolvimento econ\u00f4mico. A capacidade de operar em dist\u00e2ncias mais longas de forma eficiente implica uma melhora na log\u00edstica, reduzindo custos e otimizando prazos de entrega.<\/p>\n<p>Ademais, a ado\u00e7\u00e3o de ve\u00edculos modernos e tecnologicamente avan\u00e7ados pode ser um passo importante na transi\u00e7\u00e3o para pr\u00e1ticas de transporte mais sustent\u00e1veis. Com a promessa de melhor desempenho e menor consumo de combust\u00edvel, estes caminh\u00f5es podem ajudar a reduzir a pegada de carbono do setor de transporte na regi\u00e3o.<\/p>\n<h3>Conclus\u00e3o<\/h3>\n<p>A venda de 800 caminh\u00f5es Foton n\u00e3o \u00e9 apenas um marco comercial, mas um catalisador para mudan\u00e7as significativas tanto no contexto do transporte quanto nas condi\u00e7\u00f5es de trabalho dos motoristas. \u00c0 medida que a infraestrutura e o suporte melhoram, a mobilidade na \u00c1frica pode dar um salto, favorecendo o crescimento econ\u00f4mico e promissoras perspectivas de desenvolvimento sustent\u00e1vel.<\/p>\n","protected":false},"excerpt":{"rendered":"<p>Foton Registra Venda Recorde de 800 Caminh\u00f5es para a \u00c1frica: Impactos e Benef\u00edcios para Motoristas e Mobilidade A Baic Foton, uma refer\u00eancia na fabrica\u00e7\u00e3o de caminh\u00f5es na China, realizou uma venda impressionante de 800 caminh\u00f5es pesados Foton Auman para a \u00c1frica. Este marco representa uma das maiores transa\u00e7\u00f5es da marca, destacando a crescente demanda por &hellip;<\/p>\n","protected":false},"author":4,"featured_media":14253,"comment_status":"","ping_status":"open","sticky":false,"template":"","format":"standard","meta":{"footnotes":""},"categories":[78,77],"tags":[],"coauthors":[42],"class_list":["post-14252","post","type-post","status-publish","format-standard","has-post-thumbnail","hentry","category-carreteiro","category-motorista"],"yoast_head":"<!-- This site is optimized with the Yoast SEO Premium plugin v27.6.1 (Yoast SEO v28.4) - https:\/\/yoast.com\/product\/yoast-seo-premium-wordpress\/ -->\n<title>Foton registra venda hist\u00f3rica de 800 caminh\u00f5es para a \u00c1frica. - Motorista.com.br<\/title>\n<meta name=\"robots\" content=\"index, follow, max-snippet:-1, max-image-preview:large, max-video-preview:-1\" \/>\n<link rel=\"canonical\" href=\"https:\/\/motorista.com.br\/noticias\/2026\/09\/02\/foton-registra-venda-historica-de-800-caminhoes-para-a-africa\/\" \/>\n<meta property=\"og:locale\" content=\"pt_BR\" \/>\n<meta property=\"og:type\" content=\"article\" \/>\n<meta property=\"og:title\" content=\"Foton registra venda hist\u00f3rica de 800 caminh\u00f5es para a \u00c1frica.\" \/>\n<meta property=\"og:description\" content=\"Foton Registra Venda Recorde de 800 Caminh\u00f5es para a \u00c1frica: Impactos e Benef\u00edcios para Motoristas e Mobilidade A Baic Foton, uma refer\u00eancia na fabrica\u00e7\u00e3o de caminh\u00f5es na China, realizou uma venda impressionante de 800 caminh\u00f5es pesados Foton Auman para a \u00c1frica. Este marco representa uma das maiores transa\u00e7\u00f5es da marca, destacando a crescente demanda por &hellip;\" \/>\n<meta property=\"og:url\" content=\"https:\/\/motorista.com.br\/noticias\/2026\/09\/02\/foton-registra-venda-historica-de-800-caminhoes-para-a-africa\/\" \/>\n<meta property=\"og:site_name\" content=\"Motorista.com.br\" \/>\n<meta property=\"article:published_time\" content=\"2026-09-02T20:15:58+00:00\" \/>\n<meta name=\"author\" content=\"Equipe Reda\u00e7\u00e3o\" \/>\n<meta name=\"twitter:card\" content=\"summary_large_image\" \/>\n<meta name=\"twitter:label1\" content=\"Escrito por\" \/>\n\t<meta name=\"twitter:data1\" content=\"Equipe Reda\u00e7\u00e3o\" \/>\n\t<meta name=\"twitter:label2\" content=\"Est. tempo de leitura\" \/>\n\t<meta name=\"twitter:data2\" content=\"3 minutos\" \/>\n\t<meta name=\"twitter:label3\" content=\"Written by\" \/>\n\t<meta name=\"twitter:data3\" content=\"Equipe Reda\u00e7\u00e3o\" \/>\n<script type=\"application\/ld+json\" class=\"yoast-schema-graph\">{\"@context\":\"https:\\\/\\\/schema.org\",\"@graph\":[{\"@type\":\"Article\",\"@id\":\"https:\\\/\\\/motorista.com.br\\\/noticias\\\/2026\\\/09\\\/02\\\/foton-registra-venda-historica-de-800-caminhoes-para-a-africa\\\/#article\",\"isPartOf\":{\"@id\":\"https:\\\/\\\/motorista.com.br\\\/noticias\\\/2026\\\/09\\\/02\\\/foton-registra-venda-historica-de-800-caminhoes-para-a-africa\\\/\"},\"author\":{\"name\":\"Equipe Reda\u00e7\u00e3o\",\"@id\":\"https:\\\/\\\/motorista.com.br\\\/noticias\\\/#\\\/schema\\\/person\\\/dc93afc2981c0e3ce6bc3c053fd847be\"},\"headline\":\"Foton registra venda hist\u00f3rica de 800 caminh\u00f5es para a \u00c1frica.\",\"datePublished\":\"2026-09-02T20:15:58+00:00\",\"mainEntityOfPage\":{\"@id\":\"https:\\\/\\\/motorista.com.br\\\/noticias\\\/2026\\\/09\\\/02\\\/foton-registra-venda-historica-de-800-caminhoes-para-a-africa\\\/\"},\"wordCount\":522,\"publisher\":{\"@id\":\"https:\\\/\\\/motorista.com.br\\\/noticias\\\/#organization\"},\"image\":{\"@id\":\"https:\\\/\\\/motorista.com.br\\\/noticias\\\/2026\\\/09\\\/02\\\/foton-registra-venda-historica-de-800-caminhoes-para-a-africa\\\/#primaryimage\"},\"thumbnailUrl\":\"https:\\\/\\\/motorista.com.br\\\/noticias\\\/wp-content\\\/uploads\\\/2026\\\/09\\\/caminhoes-foton-africa.jpg\",\"articleSection\":[\"Carreteiro\",\"Motorista\"],\"inLanguage\":\"pt-BR\"},{\"@type\":\"WebPage\",\"@id\":\"https:\\\/\\\/motorista.com.br\\\/noticias\\\/2026\\\/09\\\/02\\\/foton-registra-venda-historica-de-800-caminhoes-para-a-africa\\\/\",\"url\":\"https:\\\/\\\/motorista.com.br\\\/noticias\\\/2026\\\/09\\\/02\\\/foton-registra-venda-historica-de-800-caminhoes-para-a-africa\\\/\",\"name\":\"Foton registra venda hist\u00f3rica de 800 caminh\u00f5es para a \u00c1frica. - Motorista.com.br\",\"isPartOf\":{\"@id\":\"https:\\\/\\\/motorista.com.br\\\/noticias\\\/#website\"},\"primaryImageOfPage\":{\"@id\":\"https:\\\/\\\/motorista.com.br\\\/noticias\\\/2026\\\/09\\\/02\\\/foton-registra-venda-historica-de-800-caminhoes-para-a-africa\\\/#primaryimage\"},\"image\":{\"@id\":\"https:\\\/\\\/motorista.com.br\\\/noticias\\\/2026\\\/09\\\/02\\\/foton-registra-venda-historica-de-800-caminhoes-para-a-africa\\\/#primaryimage\"},\"thumbnailUrl\":\"https:\\\/\\\/motorista.com.br\\\/noticias\\\/wp-content\\\/uploads\\\/2026\\\/09\\\/caminhoes-foton-africa.jpg\",\"datePublished\":\"2026-09-02T20:15:58+00:00\",\"breadcrumb\":{\"@id\":\"https:\\\/\\\/motorista.com.br\\\/noticias\\\/2026\\\/09\\\/02\\\/foton-registra-venda-historica-de-800-caminhoes-para-a-africa\\\/#breadcrumb\"},\"inLanguage\":\"pt-BR\",\"potentialAction\":[{\"@type\":\"ReadAction\",\"target\":[\"https:\\\/\\\/motorista.com.br\\\/noticias\\\/2026\\\/09\\\/02\\\/foton-registra-venda-historica-de-800-caminhoes-para-a-africa\\\/\"]}]},{\"@type\":\"ImageObject\",\"inLanguage\":\"pt-BR\",\"@id\":\"https:\\\/\\\/motorista.com.br\\\/noticias\\\/2026\\\/09\\\/02\\\/foton-registra-venda-historica-de-800-caminhoes-para-a-africa\\\/#primaryimage\",\"url\":\"https:\\\/\\\/motorista.com.br\\\/noticias\\\/wp-content\\\/uploads\\\/2026\\\/09\\\/caminhoes-foton-africa.jpg\",\"contentUrl\":\"https:\\\/\\\/motorista.com.br\\\/noticias\\\/wp-content\\\/uploads\\\/2026\\\/09\\\/caminhoes-foton-africa.jpg\",\"width\":1200,\"height\":900},{\"@type\":\"BreadcrumbList\",\"@id\":\"https:\\\/\\\/motorista.com.br\\\/noticias\\\/2026\\\/09\\\/02\\\/foton-registra-venda-historica-de-800-caminhoes-para-a-africa\\\/#breadcrumb\",\"itemListElement\":[{\"@type\":\"ListItem\",\"position\":1,\"name\":\"In\u00edcio\",\"item\":\"https:\\\/\\\/motorista.com.br\\\/noticias\\\/\"},{\"@type\":\"ListItem\",\"position\":2,\"name\":\"Foton registra venda hist\u00f3rica de 800 caminh\u00f5es para a \u00c1frica.\"}]},{\"@type\":\"WebSite\",\"@id\":\"https:\\\/\\\/motorista.com.br\\\/noticias\\\/#website\",\"url\":\"https:\\\/\\\/motorista.com.br\\\/noticias\\\/\",\"name\":\"Motorista.com.br\",\"description\":\"Not\u00edcia do Motorista\",\"publisher\":{\"@id\":\"https:\\\/\\\/motorista.com.br\\\/noticias\\\/#organization\"},\"potentialAction\":[{\"@type\":\"SearchAction\",\"target\":{\"@type\":\"EntryPoint\",\"urlTemplate\":\"https:\\\/\\\/motorista.com.br\\\/noticias\\\/?s={search_term_string}\"},\"query-input\":{\"@type\":\"PropertyValueSpecification\",\"valueRequired\":true,\"valueName\":\"search_term_string\"}}],\"inLanguage\":\"pt-BR\"},{\"@type\":\"Organization\",\"@id\":\"https:\\\/\\\/motorista.com.br\\\/noticias\\\/#organization\",\"name\":\"Motorista.com.br\",\"url\":\"https:\\\/\\\/motorista.com.br\\\/noticias\\\/\",\"logo\":{\"@type\":\"ImageObject\",\"inLanguage\":\"pt-BR\",\"@id\":\"https:\\\/\\\/motorista.com.br\\\/noticias\\\/#\\\/schema\\\/logo\\\/image\\\/\",\"url\":\"https:\\\/\\\/motorista.com.br\\\/noticias\\\/wp-content\\\/uploads\\\/2025\\\/06\\\/Design-sem-nome-9.png\",\"contentUrl\":\"https:\\\/\\\/motorista.com.br\\\/noticias\\\/wp-content\\\/uploads\\\/2025\\\/06\\\/Design-sem-nome-9.png\",\"width\":150,\"height\":85,\"caption\":\"Motorista.com.br\"},\"image\":{\"@id\":\"https:\\\/\\\/motorista.com.br\\\/noticias\\\/#\\\/schema\\\/logo\\\/image\\\/\"}},{\"@type\":\"Person\",\"@id\":\"https:\\\/\\\/motorista.com.br\\\/noticias\\\/#\\\/schema\\\/person\\\/dc93afc2981c0e3ce6bc3c053fd847be\",\"name\":\"Equipe Reda\u00e7\u00e3o\",\"image\":{\"@type\":\"ImageObject\",\"inLanguage\":\"pt-BR\",\"@id\":\"https:\\\/\\\/secure.gravatar.com\\\/avatar\\\/4f525efbf18dd2bb300ccad28bfb99d95a9465a5ba268407c8c37b37e1f28d2d?s=96&d=mm&r=g9e099043a0c61e9ae27e293b9fa75ffc\",\"url\":\"https:\\\/\\\/secure.gravatar.com\\\/avatar\\\/4f525efbf18dd2bb300ccad28bfb99d95a9465a5ba268407c8c37b37e1f28d2d?s=96&d=mm&r=g\",\"contentUrl\":\"https:\\\/\\\/secure.gravatar.com\\\/avatar\\\/4f525efbf18dd2bb300ccad28bfb99d95a9465a5ba268407c8c37b37e1f28d2d?s=96&d=mm&r=g\",\"caption\":\"Equipe Reda\u00e7\u00e3o\"},\"description\":\"Equipe de reda\u00e7\u00e3o \u00e9 um grupo de profissionais que trabalham juntos para criar conte\u00fado escrito para Motorista.com.br\",\"url\":\"https:\\\/\\\/motorista.com.br\\\/noticias\\\/author\\\/equiperedacao\\\/\"}]}<\/script>\n<!-- \/ Yoast SEO Premium plugin. -->","yoast_head_json":{"title":"Foton registra venda hist\u00f3rica de 800 caminh\u00f5es para a \u00c1frica. - Motorista.com.br","robots":{"index":"index","follow":"follow","max-snippet":"max-snippet:-1","max-image-preview":"max-image-preview:large","max-video-preview":"max-video-preview:-1"},"canonical":"https:\/\/motorista.com.br\/noticias\/2026\/09\/02\/foton-registra-venda-historica-de-800-caminhoes-para-a-africa\/","og_locale":"pt_BR","og_type":"article","og_title":"Foton registra venda hist\u00f3rica de 800 caminh\u00f5es para a \u00c1frica.","og_description":"Foton Registra Venda Recorde de 800 Caminh\u00f5es para a \u00c1frica: Impactos e Benef\u00edcios para Motoristas e Mobilidade A Baic Foton, uma refer\u00eancia na fabrica\u00e7\u00e3o de caminh\u00f5es na China, realizou uma venda impressionante de 800 caminh\u00f5es pesados Foton Auman para a \u00c1frica. Este marco representa uma das maiores transa\u00e7\u00f5es da marca, destacando a crescente demanda por &hellip;","og_url":"https:\/\/motorista.com.br\/noticias\/2026\/09\/02\/foton-registra-venda-historica-de-800-caminhoes-para-a-africa\/","og_site_name":"Motorista.com.br","article_published_time":"2026-09-02T20:15:58+00:00","author":"Equipe Reda\u00e7\u00e3o","twitter_card":"summary_large_image","twitter_misc":{"Escrito por":"Equipe Reda\u00e7\u00e3o","Est. tempo de leitura":"3 minutos","Written by":"Equipe Reda\u00e7\u00e3o"},"schema":{"@context":"https:\/\/schema.org","@graph":[{"@type":"Article","@id":"https:\/\/motorista.com.br\/noticias\/2026\/09\/02\/foton-registra-venda-historica-de-800-caminhoes-para-a-africa\/#article","isPartOf":{"@id":"https:\/\/motorista.com.br\/noticias\/2026\/09\/02\/foton-registra-venda-historica-de-800-caminhoes-para-a-africa\/"},"author":{"name":"Equipe Reda\u00e7\u00e3o","@id":"https:\/\/motorista.com.br\/noticias\/#\/schema\/person\/dc93afc2981c0e3ce6bc3c053fd847be"},"headline":"Foton registra venda hist\u00f3rica de 800 caminh\u00f5es para a \u00c1frica.","datePublished":"2026-09-02T20:15:58+00:00","mainEntityOfPage":{"@id":"https:\/\/motorista.com.br\/noticias\/2026\/09\/02\/foton-registra-venda-historica-de-800-caminhoes-para-a-africa\/"},"wordCount":522,"publisher":{"@id":"https:\/\/motorista.com.br\/noticias\/#organization"},"image":{"@id":"https:\/\/motorista.com.br\/noticias\/2026\/09\/02\/foton-registra-venda-historica-de-800-caminhoes-para-a-africa\/#primaryimage"},"thumbnailUrl":"https:\/\/motorista.com.br\/noticias\/wp-content\/uploads\/2026\/09\/caminhoes-foton-africa.jpg","articleSection":["Carreteiro","Motorista"],"inLanguage":"pt-BR"},{"@type":"WebPage","@id":"https:\/\/motorista.com.br\/noticias\/2026\/09\/02\/foton-registra-venda-historica-de-800-caminhoes-para-a-africa\/","url":"https:\/\/motorista.com.br\/noticias\/2026\/09\/02\/foton-registra-venda-historica-de-800-caminhoes-para-a-africa\/","name":"Foton registra venda hist\u00f3rica de 800 caminh\u00f5es para a \u00c1frica. - Motorista.com.br","isPartOf":{"@id":"https:\/\/motorista.com.br\/noticias\/#website"},"primaryImageOfPage":{"@id":"https:\/\/motorista.com.br\/noticias\/2026\/09\/02\/foton-registra-venda-historica-de-800-caminhoes-para-a-africa\/#primaryimage"},"image":{"@id":"https:\/\/motorista.com.br\/noticias\/2026\/09\/02\/foton-registra-venda-historica-de-800-caminhoes-para-a-africa\/#primaryimage"},"thumbnailUrl":"https:\/\/motorista.com.br\/noticias\/wp-content\/uploads\/2026\/09\/caminhoes-foton-africa.jpg","datePublished":"2026-09-02T20:15:58+00:00","breadcrumb":{"@id":"https:\/\/motorista.com.br\/noticias\/2026\/09\/02\/foton-registra-venda-historica-de-800-caminhoes-para-a-africa\/#breadcrumb"},"inLanguage":"pt-BR","potentialAction":[{"@type":"ReadAction","target":["https:\/\/motorista.com.br\/noticias\/2026\/09\/02\/foton-registra-venda-historica-de-800-caminhoes-para-a-africa\/"]}]},{"@type":"ImageObject","inLanguage":"pt-BR","@id":"https:\/\/motorista.com.br\/noticias\/2026\/09\/02\/foton-registra-venda-historica-de-800-caminhoes-para-a-africa\/#primaryimage","url":"https:\/\/motorista.com.br\/noticias\/wp-content\/uploads\/2026\/09\/caminhoes-foton-africa.jpg","contentUrl":"https:\/\/motorista.com.br\/noticias\/wp-content\/uploads\/2026\/09\/caminhoes-foton-africa.jpg","width":1200,"height":900},{"@type":"BreadcrumbList","@id":"https:\/\/motorista.com.br\/noticias\/2026\/09\/02\/foton-registra-venda-historica-de-800-caminhoes-para-a-africa\/#breadcrumb","itemListElement":[{"@type":"ListItem","position":1,"name":"In\u00edcio","item":"https:\/\/motorista.com.br\/noticias\/"},{"@type":"ListItem","position":2,"name":"Foton registra venda hist\u00f3rica de 800 caminh\u00f5es para a \u00c1frica."}]},{"@type":"WebSite","@id":"https:\/\/motorista.com.br\/noticias\/#website","url":"https:\/\/motorista.com.br\/noticias\/","name":"Motorista.com.br","description":"Not\u00edcia do Motorista","publisher":{"@id":"https:\/\/motorista.com.br\/noticias\/#organization"},"potentialAction":[{"@type":"SearchAction","target":{"@type":"EntryPoint","urlTemplate":"https:\/\/motorista.com.br\/noticias\/?s={search_term_string}"},"query-input":{"@type":"PropertyValueSpecification","valueRequired":true,"valueName":"search_term_string"}}],"inLanguage":"pt-BR"},{"@type":"Organization","@id":"https:\/\/motorista.com.br\/noticias\/#organization","name":"Motorista.com.br","url":"https:\/\/motorista.com.br\/noticias\/","logo":{"@type":"ImageObject","inLanguage":"pt-BR","@id":"https:\/\/motorista.com.br\/noticias\/#\/schema\/logo\/image\/","url":"https:\/\/motorista.com.br\/noticias\/wp-content\/uploads\/2025\/06\/Design-sem-nome-9.png","contentUrl":"https:\/\/motorista.com.br\/noticias\/wp-content\/uploads\/2025\/06\/Design-sem-nome-9.png","width":150,"height":85,"caption":"Motorista.com.br"},"image":{"@id":"https:\/\/motorista.com.br\/noticias\/#\/schema\/logo\/image\/"}},{"@type":"Person","@id":"https:\/\/motorista.com.br\/noticias\/#\/schema\/person\/dc93afc2981c0e3ce6bc3c053fd847be","name":"Equipe Reda\u00e7\u00e3o","image":{"@type":"ImageObject","inLanguage":"pt-BR","@id":"https:\/\/secure.gravatar.com\/avatar\/4f525efbf18dd2bb300ccad28bfb99d95a9465a5ba268407c8c37b37e1f28d2d?s=96&d=mm&r=g9e099043a0c61e9ae27e293b9fa75ffc","url":"https:\/\/secure.gravatar.com\/avatar\/4f525efbf18dd2bb300ccad28bfb99d95a9465a5ba268407c8c37b37e1f28d2d?s=96&d=mm&r=g","contentUrl":"https:\/\/secure.gravatar.com\/avatar\/4f525efbf18dd2bb300ccad28bfb99d95a9465a5ba268407c8c37b37e1f28d2d?s=96&d=mm&r=g","caption":"Equipe Reda\u00e7\u00e3o"},"description":"Equipe de reda\u00e7\u00e3o \u00e9 um grupo de profissionais que trabalham juntos para criar conte\u00fado escrito para Motorista.com.br","url":"https:\/\/motorista.com.br\/noticias\/author\/equiperedacao\/"}]}},"_links":{"self":[{"href":"https:\/\/motorista.com.br\/noticias\/wp-json\/wp\/v2\/posts\/14252","targetHints":{"allow":["GET"]}}],"collection":[{"href":"https:\/\/motorista.com.br\/noticias\/wp-json\/wp\/v2\/posts"}],"about":[{"href":"https:\/\/motorista.com.br\/noticias\/wp-json\/wp\/v2\/types\/post"}],"author":[{"embeddable":true,"href":"https:\/\/motorista.com.br\/noticias\/wp-json\/wp\/v2\/users\/4"}],"replies":[{"embeddable":true,"href":"https:\/\/motorista.com.br\/noticias\/wp-json\/wp\/v2\/comments?post=14252"}],"version-history":[{"count":0,"href":"https:\/\/motorista.com.br\/noticias\/wp-json\/wp\/v2\/posts\/14252\/revisions"}],"wp:featuredmedia":[{"embeddable":true,"href":"https:\/\/motorista.com.br\/noticias\/wp-json\/wp\/v2\/media\/14253"}],"wp:attachment":[{"href":"https:\/\/motorista.com.br\/noticias\/wp-json\/wp\/v2\/media?parent=14252"}],"wp:term":[{"taxonomy":"category","embeddable":true,"href":"https:\/\/motorista.com.br\/noticias\/wp-json\/wp\/v2\/categories?post=14252"},{"taxonomy":"post_tag","embeddable":true,"href":"https:\/\/motorista.com.br\/noticias\/wp-json\/wp\/v2\/tags?post=14252"},{"taxonomy":"author","embeddable":true,"href":"https:\/\/motorista.com.br\/noticias\/wp-json\/wp\/v2\/coauthors?post=14252"}],"curies":[{"name":"wp","href":"https:\/\/api.w.org\/{rel}","templated":true}]}}