{"id":14247,"date":"2026-09-02T15:13:26","date_gmt":"2026-09-02T18:13:26","guid":{"rendered":"https:\/\/motorista.com.br\/noticias\/2026\/09\/02\/suzano-compra-10-do-projeto-portuario-imetame-logistica-no-es\/"},"modified":"2026-09-02T15:13:26","modified_gmt":"2026-09-02T18:13:26","slug":"suzano-compra-10-do-projeto-portuario-imetame-logistica-no-es","status":"publish","type":"post","link":"https:\/\/motorista.com.br\/noticias\/2026\/09\/02\/suzano-compra-10-do-projeto-portuario-imetame-logistica-no-es\/","title":{"rendered":"Suzano compra 10% do projeto portu\u00e1rio Imetame Log\u00edstica no ES."},"content":{"rendered":"<p><\/p>\n<p><strong>Suzano adquire 10% do empreendimento portu\u00e1rio Imetame Log\u00edstica Porto, em constru\u00e7\u00e3o no Esp\u00edrito Santo<\/strong><\/p>\n<p>A Suzano firmou um acordo com o Grupo Imetame e adquiriu 10% de participa\u00e7\u00e3o no Imetame Log\u00edstica Porto, um projeto portu\u00e1rio em constru\u00e7\u00e3o no Esp\u00edrito Santo. Este empreendimento \u00e9 crucial, pois reunir\u00e1 cinco terminais especializados em diferentes tipos de cargas, como cont\u00eaineres, carga geral e gran\u00e9is s\u00f3lidos e l\u00edquidos, al\u00e9m de opera\u00e7\u00f5es Ship-to-Ship.<\/p>\n<p>A colabora\u00e7\u00e3o entre as duas empresas n\u00e3o apenas agrega valor ao projeto, mas tamb\u00e9m promete melhorar a infraestrutura portu\u00e1ria da regi\u00e3o, o que \u00e9 um impacto significativo para motoristas e a mobilidade geral. A associa\u00e7\u00e3o da Suzano ao projeto reafirma seu compromisso com o desenvolvimento da \u00e1rea capixaba, resultando em benef\u00edcios diretos na log\u00edstica de transporte de cargas, o que pode diminuir o tempo de espera e aumentar a efici\u00eancia nas opera\u00e7\u00f5es.<\/p>\n<p>Previsto para ser desenvolvido em fases, a primeira etapa vai atender opera\u00e7\u00f5es de carga geral a partir de 2027, com o terminal de cont\u00eaineres, em parceria com a Hanseatic Global Terminals, come\u00e7ando a operar at\u00e9 2028. Essa estrutura robusta, com profundidade de 17 metros para receber navios de grande porte, conseguir\u00e1 atender uma demanda crescentes, facilitando a movimenta\u00e7\u00e3o de cargas e, assim, melhorando a fluidez do tr\u00e1fego rodovi\u00e1rio, com diminui\u00e7\u00e3o do congestionamento nas rotas de transporte.<\/p>\n<p>O Imetame Log\u00edstica Porto ser\u00e1 um divisor de \u00e1guas para a economia local, trazendo novas oportunidades de trabalho e estimulando o crescimento em diversos setores, incluindo o de transporte. A moderniza\u00e7\u00e3o e a amplia\u00e7\u00e3o da infraestrutura log\u00edstica t\u00eam o potencial de reduzir custos operacionais para motoristas e empresas de transporte, tornando o processo mais \u00e1gil e econ\u00f4mico.<\/p>\n<p>Al\u00e9m disso, a adequa\u00e7\u00e3o de ter um terminal com m\u00faltiplas opera\u00e7\u00f5es pode atrair mais investimentos e gerar uma concorr\u00eancia saud\u00e1vel no setor, beneficiando motoristas que depender\u00e3o da movimenta\u00e7\u00e3o eficiente das cargas e poder\u00e3o usufruir de uma rede rodovi\u00e1ria mais integrada.<\/p>\n<p>Em termos de colabora\u00e7\u00e3o, a entrada da Suzano como s\u00f3cia no empreendimento representa uma oportunidade para fortalecer la\u00e7os e criar sinergias entre as duas empresas. A vis\u00e3o compartilhada de um porto moderno e relevante contribui n\u00e3o apenas para o desenvolvimento econ\u00f4mico, mas tamb\u00e9m para a inova\u00e7\u00e3o na log\u00edstica, uma \u00e1rea essencial para o futuro do transporte e da mobilidade.<\/p>\n<p>Com um projeto que promete n\u00e3o apenas modernizar a infraestrutura portu\u00e1ria, mas tamb\u00e9m impactar positivamente a mobilidade na regi\u00e3o, a parceria entre Suzano e Imetame pode fazer a diferen\u00e7a para motoristas e transportadoras, garantindo que o fluxo de cargas seja feito com mais efici\u00eancia e seguran\u00e7a.<\/p>\n<p><em>Fonte: logweb<\/em><\/p>\n","protected":false},"excerpt":{"rendered":"<p>Suzano adquire 10% do empreendimento portu\u00e1rio Imetame Log\u00edstica Porto, em constru\u00e7\u00e3o no Esp\u00edrito Santo A Suzano firmou um acordo com o Grupo Imetame e adquiriu 10% de participa\u00e7\u00e3o no Imetame Log\u00edstica Porto, um projeto portu\u00e1rio em constru\u00e7\u00e3o no Esp\u00edrito Santo. Este empreendimento \u00e9 crucial, pois reunir\u00e1 cinco terminais especializados em diferentes tipos de cargas, como &hellip;<\/p>\n","protected":false},"author":4,"featured_media":14248,"comment_status":"","ping_status":"open","sticky":false,"template":"","format":"standard","meta":{"footnotes":""},"categories":[62],"tags":[],"coauthors":[42],"class_list":["post-14247","post","type-post","status-publish","format-standard","has-post-thumbnail","hentry","category-logistica"],"yoast_head":"<!-- This site is optimized with the Yoast SEO Premium plugin v27.6.1 (Yoast SEO v28.4) - https:\/\/yoast.com\/product\/yoast-seo-premium-wordpress\/ -->\n<title>Suzano compra 10% do projeto portu\u00e1rio Imetame Log\u00edstica no ES. - Motorista.com.br<\/title>\n<meta name=\"robots\" content=\"index, follow, max-snippet:-1, max-image-preview:large, max-video-preview:-1\" \/>\n<link rel=\"canonical\" href=\"https:\/\/motorista.com.br\/noticias\/2026\/09\/02\/suzano-compra-10-do-projeto-portuario-imetame-logistica-no-es\/\" \/>\n<meta property=\"og:locale\" content=\"pt_BR\" \/>\n<meta property=\"og:type\" content=\"article\" \/>\n<meta property=\"og:title\" content=\"Suzano compra 10% do projeto portu\u00e1rio Imetame Log\u00edstica no ES.\" \/>\n<meta property=\"og:description\" content=\"Suzano adquire 10% do empreendimento portu\u00e1rio Imetame Log\u00edstica Porto, em constru\u00e7\u00e3o no Esp\u00edrito Santo A Suzano firmou um acordo com o Grupo Imetame e adquiriu 10% de participa\u00e7\u00e3o no Imetame Log\u00edstica Porto, um projeto portu\u00e1rio em constru\u00e7\u00e3o no Esp\u00edrito Santo. Este empreendimento \u00e9 crucial, pois reunir\u00e1 cinco terminais especializados em diferentes tipos de cargas, como &hellip;\" \/>\n<meta property=\"og:url\" content=\"https:\/\/motorista.com.br\/noticias\/2026\/09\/02\/suzano-compra-10-do-projeto-portuario-imetame-logistica-no-es\/\" \/>\n<meta property=\"og:site_name\" content=\"Motorista.com.br\" \/>\n<meta property=\"article:published_time\" content=\"2026-09-02T18:13:26+00:00\" \/>\n<meta name=\"author\" content=\"Equipe Reda\u00e7\u00e3o\" \/>\n<meta name=\"twitter:card\" content=\"summary_large_image\" \/>\n<meta name=\"twitter:label1\" content=\"Escrito por\" \/>\n\t<meta name=\"twitter:data1\" content=\"Equipe Reda\u00e7\u00e3o\" \/>\n\t<meta name=\"twitter:label2\" content=\"Est. tempo de leitura\" \/>\n\t<meta name=\"twitter:data2\" content=\"2 minutos\" \/>\n\t<meta name=\"twitter:label3\" content=\"Written by\" \/>\n\t<meta name=\"twitter:data3\" content=\"Equipe Reda\u00e7\u00e3o\" \/>\n<script type=\"application\/ld+json\" class=\"yoast-schema-graph\">{\"@context\":\"https:\\\/\\\/schema.org\",\"@graph\":[{\"@type\":\"Article\",\"@id\":\"https:\\\/\\\/motorista.com.br\\\/noticias\\\/2026\\\/09\\\/02\\\/suzano-compra-10-do-projeto-portuario-imetame-logistica-no-es\\\/#article\",\"isPartOf\":{\"@id\":\"https:\\\/\\\/motorista.com.br\\\/noticias\\\/2026\\\/09\\\/02\\\/suzano-compra-10-do-projeto-portuario-imetame-logistica-no-es\\\/\"},\"author\":{\"name\":\"Equipe Reda\u00e7\u00e3o\",\"@id\":\"https:\\\/\\\/motorista.com.br\\\/noticias\\\/#\\\/schema\\\/person\\\/dc93afc2981c0e3ce6bc3c053fd847be\"},\"headline\":\"Suzano compra 10% do projeto portu\u00e1rio Imetame Log\u00edstica no ES.\",\"datePublished\":\"2026-09-02T18:13:26+00:00\",\"mainEntityOfPage\":{\"@id\":\"https:\\\/\\\/motorista.com.br\\\/noticias\\\/2026\\\/09\\\/02\\\/suzano-compra-10-do-projeto-portuario-imetame-logistica-no-es\\\/\"},\"wordCount\":487,\"publisher\":{\"@id\":\"https:\\\/\\\/motorista.com.br\\\/noticias\\\/#organization\"},\"image\":{\"@id\":\"https:\\\/\\\/motorista.com.br\\\/noticias\\\/2026\\\/09\\\/02\\\/suzano-compra-10-do-projeto-portuario-imetame-logistica-no-es\\\/#primaryimage\"},\"thumbnailUrl\":\"https:\\\/\\\/motorista.com.br\\\/noticias\\\/wp-content\\\/uploads\\\/2026\\\/09\\\/Suzano-e-Imetame-Logistica-Porto.jpg\",\"articleSection\":[\"Log\u00edstica\"],\"inLanguage\":\"pt-BR\"},{\"@type\":\"WebPage\",\"@id\":\"https:\\\/\\\/motorista.com.br\\\/noticias\\\/2026\\\/09\\\/02\\\/suzano-compra-10-do-projeto-portuario-imetame-logistica-no-es\\\/\",\"url\":\"https:\\\/\\\/motorista.com.br\\\/noticias\\\/2026\\\/09\\\/02\\\/suzano-compra-10-do-projeto-portuario-imetame-logistica-no-es\\\/\",\"name\":\"Suzano compra 10% do projeto portu\u00e1rio Imetame Log\u00edstica no ES. - Motorista.com.br\",\"isPartOf\":{\"@id\":\"https:\\\/\\\/motorista.com.br\\\/noticias\\\/#website\"},\"primaryImageOfPage\":{\"@id\":\"https:\\\/\\\/motorista.com.br\\\/noticias\\\/2026\\\/09\\\/02\\\/suzano-compra-10-do-projeto-portuario-imetame-logistica-no-es\\\/#primaryimage\"},\"image\":{\"@id\":\"https:\\\/\\\/motorista.com.br\\\/noticias\\\/2026\\\/09\\\/02\\\/suzano-compra-10-do-projeto-portuario-imetame-logistica-no-es\\\/#primaryimage\"},\"thumbnailUrl\":\"https:\\\/\\\/motorista.com.br\\\/noticias\\\/wp-content\\\/uploads\\\/2026\\\/09\\\/Suzano-e-Imetame-Logistica-Porto.jpg\",\"datePublished\":\"2026-09-02T18:13:26+00:00\",\"breadcrumb\":{\"@id\":\"https:\\\/\\\/motorista.com.br\\\/noticias\\\/2026\\\/09\\\/02\\\/suzano-compra-10-do-projeto-portuario-imetame-logistica-no-es\\\/#breadcrumb\"},\"inLanguage\":\"pt-BR\",\"potentialAction\":[{\"@type\":\"ReadAction\",\"target\":[\"https:\\\/\\\/motorista.com.br\\\/noticias\\\/2026\\\/09\\\/02\\\/suzano-compra-10-do-projeto-portuario-imetame-logistica-no-es\\\/\"]}]},{\"@type\":\"ImageObject\",\"inLanguage\":\"pt-BR\",\"@id\":\"https:\\\/\\\/motorista.com.br\\\/noticias\\\/2026\\\/09\\\/02\\\/suzano-compra-10-do-projeto-portuario-imetame-logistica-no-es\\\/#primaryimage\",\"url\":\"https:\\\/\\\/motorista.com.br\\\/noticias\\\/wp-content\\\/uploads\\\/2026\\\/09\\\/Suzano-e-Imetame-Logistica-Porto.jpg\",\"contentUrl\":\"https:\\\/\\\/motorista.com.br\\\/noticias\\\/wp-content\\\/uploads\\\/2026\\\/09\\\/Suzano-e-Imetame-Logistica-Porto.jpg\",\"width\":800,\"height\":420},{\"@type\":\"BreadcrumbList\",\"@id\":\"https:\\\/\\\/motorista.com.br\\\/noticias\\\/2026\\\/09\\\/02\\\/suzano-compra-10-do-projeto-portuario-imetame-logistica-no-es\\\/#breadcrumb\",\"itemListElement\":[{\"@type\":\"ListItem\",\"position\":1,\"name\":\"In\u00edcio\",\"item\":\"https:\\\/\\\/motorista.com.br\\\/noticias\\\/\"},{\"@type\":\"ListItem\",\"position\":2,\"name\":\"Suzano compra 10% do projeto portu\u00e1rio Imetame Log\u00edstica no ES.\"}]},{\"@type\":\"WebSite\",\"@id\":\"https:\\\/\\\/motorista.com.br\\\/noticias\\\/#website\",\"url\":\"https:\\\/\\\/motorista.com.br\\\/noticias\\\/\",\"name\":\"Motorista.com.br\",\"description\":\"Not\u00edcia do Motorista\",\"publisher\":{\"@id\":\"https:\\\/\\\/motorista.com.br\\\/noticias\\\/#organization\"},\"potentialAction\":[{\"@type\":\"SearchAction\",\"target\":{\"@type\":\"EntryPoint\",\"urlTemplate\":\"https:\\\/\\\/motorista.com.br\\\/noticias\\\/?s={search_term_string}\"},\"query-input\":{\"@type\":\"PropertyValueSpecification\",\"valueRequired\":true,\"valueName\":\"search_term_string\"}}],\"inLanguage\":\"pt-BR\"},{\"@type\":\"Organization\",\"@id\":\"https:\\\/\\\/motorista.com.br\\\/noticias\\\/#organization\",\"name\":\"Motorista.com.br\",\"url\":\"https:\\\/\\\/motorista.com.br\\\/noticias\\\/\",\"logo\":{\"@type\":\"ImageObject\",\"inLanguage\":\"pt-BR\",\"@id\":\"https:\\\/\\\/motorista.com.br\\\/noticias\\\/#\\\/schema\\\/logo\\\/image\\\/\",\"url\":\"https:\\\/\\\/motorista.com.br\\\/noticias\\\/wp-content\\\/uploads\\\/2025\\\/06\\\/Design-sem-nome-9.png\",\"contentUrl\":\"https:\\\/\\\/motorista.com.br\\\/noticias\\\/wp-content\\\/uploads\\\/2025\\\/06\\\/Design-sem-nome-9.png\",\"width\":150,\"height\":85,\"caption\":\"Motorista.com.br\"},\"image\":{\"@id\":\"https:\\\/\\\/motorista.com.br\\\/noticias\\\/#\\\/schema\\\/logo\\\/image\\\/\"}},{\"@type\":\"Person\",\"@id\":\"https:\\\/\\\/motorista.com.br\\\/noticias\\\/#\\\/schema\\\/person\\\/dc93afc2981c0e3ce6bc3c053fd847be\",\"name\":\"Equipe Reda\u00e7\u00e3o\",\"image\":{\"@type\":\"ImageObject\",\"inLanguage\":\"pt-BR\",\"@id\":\"https:\\\/\\\/secure.gravatar.com\\\/avatar\\\/4f525efbf18dd2bb300ccad28bfb99d95a9465a5ba268407c8c37b37e1f28d2d?s=96&d=mm&r=g9e099043a0c61e9ae27e293b9fa75ffc\",\"url\":\"https:\\\/\\\/secure.gravatar.com\\\/avatar\\\/4f525efbf18dd2bb300ccad28bfb99d95a9465a5ba268407c8c37b37e1f28d2d?s=96&d=mm&r=g\",\"contentUrl\":\"https:\\\/\\\/secure.gravatar.com\\\/avatar\\\/4f525efbf18dd2bb300ccad28bfb99d95a9465a5ba268407c8c37b37e1f28d2d?s=96&d=mm&r=g\",\"caption\":\"Equipe Reda\u00e7\u00e3o\"},\"description\":\"Equipe de reda\u00e7\u00e3o \u00e9 um grupo de profissionais que trabalham juntos para criar conte\u00fado escrito para Motorista.com.br\",\"url\":\"https:\\\/\\\/motorista.com.br\\\/noticias\\\/author\\\/equiperedacao\\\/\"}]}<\/script>\n<!-- \/ Yoast SEO Premium plugin. -->","yoast_head_json":{"title":"Suzano compra 10% do projeto portu\u00e1rio Imetame Log\u00edstica no ES. - Motorista.com.br","robots":{"index":"index","follow":"follow","max-snippet":"max-snippet:-1","max-image-preview":"max-image-preview:large","max-video-preview":"max-video-preview:-1"},"canonical":"https:\/\/motorista.com.br\/noticias\/2026\/09\/02\/suzano-compra-10-do-projeto-portuario-imetame-logistica-no-es\/","og_locale":"pt_BR","og_type":"article","og_title":"Suzano compra 10% do projeto portu\u00e1rio Imetame Log\u00edstica no ES.","og_description":"Suzano adquire 10% do empreendimento portu\u00e1rio Imetame Log\u00edstica Porto, em constru\u00e7\u00e3o no Esp\u00edrito Santo A Suzano firmou um acordo com o Grupo Imetame e adquiriu 10% de participa\u00e7\u00e3o no Imetame Log\u00edstica Porto, um projeto portu\u00e1rio em constru\u00e7\u00e3o no Esp\u00edrito Santo. Este empreendimento \u00e9 crucial, pois reunir\u00e1 cinco terminais especializados em diferentes tipos de cargas, como &hellip;","og_url":"https:\/\/motorista.com.br\/noticias\/2026\/09\/02\/suzano-compra-10-do-projeto-portuario-imetame-logistica-no-es\/","og_site_name":"Motorista.com.br","article_published_time":"2026-09-02T18:13:26+00:00","author":"Equipe Reda\u00e7\u00e3o","twitter_card":"summary_large_image","twitter_misc":{"Escrito por":"Equipe Reda\u00e7\u00e3o","Est. tempo de leitura":"2 minutos","Written by":"Equipe Reda\u00e7\u00e3o"},"schema":{"@context":"https:\/\/schema.org","@graph":[{"@type":"Article","@id":"https:\/\/motorista.com.br\/noticias\/2026\/09\/02\/suzano-compra-10-do-projeto-portuario-imetame-logistica-no-es\/#article","isPartOf":{"@id":"https:\/\/motorista.com.br\/noticias\/2026\/09\/02\/suzano-compra-10-do-projeto-portuario-imetame-logistica-no-es\/"},"author":{"name":"Equipe Reda\u00e7\u00e3o","@id":"https:\/\/motorista.com.br\/noticias\/#\/schema\/person\/dc93afc2981c0e3ce6bc3c053fd847be"},"headline":"Suzano compra 10% do projeto portu\u00e1rio Imetame Log\u00edstica no ES.","datePublished":"2026-09-02T18:13:26+00:00","mainEntityOfPage":{"@id":"https:\/\/motorista.com.br\/noticias\/2026\/09\/02\/suzano-compra-10-do-projeto-portuario-imetame-logistica-no-es\/"},"wordCount":487,"publisher":{"@id":"https:\/\/motorista.com.br\/noticias\/#organization"},"image":{"@id":"https:\/\/motorista.com.br\/noticias\/2026\/09\/02\/suzano-compra-10-do-projeto-portuario-imetame-logistica-no-es\/#primaryimage"},"thumbnailUrl":"https:\/\/motorista.com.br\/noticias\/wp-content\/uploads\/2026\/09\/Suzano-e-Imetame-Logistica-Porto.jpg","articleSection":["Log\u00edstica"],"inLanguage":"pt-BR"},{"@type":"WebPage","@id":"https:\/\/motorista.com.br\/noticias\/2026\/09\/02\/suzano-compra-10-do-projeto-portuario-imetame-logistica-no-es\/","url":"https:\/\/motorista.com.br\/noticias\/2026\/09\/02\/suzano-compra-10-do-projeto-portuario-imetame-logistica-no-es\/","name":"Suzano compra 10% do projeto portu\u00e1rio Imetame Log\u00edstica no ES. - Motorista.com.br","isPartOf":{"@id":"https:\/\/motorista.com.br\/noticias\/#website"},"primaryImageOfPage":{"@id":"https:\/\/motorista.com.br\/noticias\/2026\/09\/02\/suzano-compra-10-do-projeto-portuario-imetame-logistica-no-es\/#primaryimage"},"image":{"@id":"https:\/\/motorista.com.br\/noticias\/2026\/09\/02\/suzano-compra-10-do-projeto-portuario-imetame-logistica-no-es\/#primaryimage"},"thumbnailUrl":"https:\/\/motorista.com.br\/noticias\/wp-content\/uploads\/2026\/09\/Suzano-e-Imetame-Logistica-Porto.jpg","datePublished":"2026-09-02T18:13:26+00:00","breadcrumb":{"@id":"https:\/\/motorista.com.br\/noticias\/2026\/09\/02\/suzano-compra-10-do-projeto-portuario-imetame-logistica-no-es\/#breadcrumb"},"inLanguage":"pt-BR","potentialAction":[{"@type":"ReadAction","target":["https:\/\/motorista.com.br\/noticias\/2026\/09\/02\/suzano-compra-10-do-projeto-portuario-imetame-logistica-no-es\/"]}]},{"@type":"ImageObject","inLanguage":"pt-BR","@id":"https:\/\/motorista.com.br\/noticias\/2026\/09\/02\/suzano-compra-10-do-projeto-portuario-imetame-logistica-no-es\/#primaryimage","url":"https:\/\/motorista.com.br\/noticias\/wp-content\/uploads\/2026\/09\/Suzano-e-Imetame-Logistica-Porto.jpg","contentUrl":"https:\/\/motorista.com.br\/noticias\/wp-content\/uploads\/2026\/09\/Suzano-e-Imetame-Logistica-Porto.jpg","width":800,"height":420},{"@type":"BreadcrumbList","@id":"https:\/\/motorista.com.br\/noticias\/2026\/09\/02\/suzano-compra-10-do-projeto-portuario-imetame-logistica-no-es\/#breadcrumb","itemListElement":[{"@type":"ListItem","position":1,"name":"In\u00edcio","item":"https:\/\/motorista.com.br\/noticias\/"},{"@type":"ListItem","position":2,"name":"Suzano compra 10% do projeto portu\u00e1rio Imetame Log\u00edstica no ES."}]},{"@type":"WebSite","@id":"https:\/\/motorista.com.br\/noticias\/#website","url":"https:\/\/motorista.com.br\/noticias\/","name":"Motorista.com.br","description":"Not\u00edcia do Motorista","publisher":{"@id":"https:\/\/motorista.com.br\/noticias\/#organization"},"potentialAction":[{"@type":"SearchAction","target":{"@type":"EntryPoint","urlTemplate":"https:\/\/motorista.com.br\/noticias\/?s={search_term_string}"},"query-input":{"@type":"PropertyValueSpecification","valueRequired":true,"valueName":"search_term_string"}}],"inLanguage":"pt-BR"},{"@type":"Organization","@id":"https:\/\/motorista.com.br\/noticias\/#organization","name":"Motorista.com.br","url":"https:\/\/motorista.com.br\/noticias\/","logo":{"@type":"ImageObject","inLanguage":"pt-BR","@id":"https:\/\/motorista.com.br\/noticias\/#\/schema\/logo\/image\/","url":"https:\/\/motorista.com.br\/noticias\/wp-content\/uploads\/2025\/06\/Design-sem-nome-9.png","contentUrl":"https:\/\/motorista.com.br\/noticias\/wp-content\/uploads\/2025\/06\/Design-sem-nome-9.png","width":150,"height":85,"caption":"Motorista.com.br"},"image":{"@id":"https:\/\/motorista.com.br\/noticias\/#\/schema\/logo\/image\/"}},{"@type":"Person","@id":"https:\/\/motorista.com.br\/noticias\/#\/schema\/person\/dc93afc2981c0e3ce6bc3c053fd847be","name":"Equipe Reda\u00e7\u00e3o","image":{"@type":"ImageObject","inLanguage":"pt-BR","@id":"https:\/\/secure.gravatar.com\/avatar\/4f525efbf18dd2bb300ccad28bfb99d95a9465a5ba268407c8c37b37e1f28d2d?s=96&d=mm&r=g9e099043a0c61e9ae27e293b9fa75ffc","url":"https:\/\/secure.gravatar.com\/avatar\/4f525efbf18dd2bb300ccad28bfb99d95a9465a5ba268407c8c37b37e1f28d2d?s=96&d=mm&r=g","contentUrl":"https:\/\/secure.gravatar.com\/avatar\/4f525efbf18dd2bb300ccad28bfb99d95a9465a5ba268407c8c37b37e1f28d2d?s=96&d=mm&r=g","caption":"Equipe Reda\u00e7\u00e3o"},"description":"Equipe de reda\u00e7\u00e3o \u00e9 um grupo de profissionais que trabalham juntos para criar conte\u00fado escrito para Motorista.com.br","url":"https:\/\/motorista.com.br\/noticias\/author\/equiperedacao\/"}]}},"_links":{"self":[{"href":"https:\/\/motorista.com.br\/noticias\/wp-json\/wp\/v2\/posts\/14247","targetHints":{"allow":["GET"]}}],"collection":[{"href":"https:\/\/motorista.com.br\/noticias\/wp-json\/wp\/v2\/posts"}],"about":[{"href":"https:\/\/motorista.com.br\/noticias\/wp-json\/wp\/v2\/types\/post"}],"author":[{"embeddable":true,"href":"https:\/\/motorista.com.br\/noticias\/wp-json\/wp\/v2\/users\/4"}],"replies":[{"embeddable":true,"href":"https:\/\/motorista.com.br\/noticias\/wp-json\/wp\/v2\/comments?post=14247"}],"version-history":[{"count":0,"href":"https:\/\/motorista.com.br\/noticias\/wp-json\/wp\/v2\/posts\/14247\/revisions"}],"wp:featuredmedia":[{"embeddable":true,"href":"https:\/\/motorista.com.br\/noticias\/wp-json\/wp\/v2\/media\/14248"}],"wp:attachment":[{"href":"https:\/\/motorista.com.br\/noticias\/wp-json\/wp\/v2\/media?parent=14247"}],"wp:term":[{"taxonomy":"category","embeddable":true,"href":"https:\/\/motorista.com.br\/noticias\/wp-json\/wp\/v2\/categories?post=14247"},{"taxonomy":"post_tag","embeddable":true,"href":"https:\/\/motorista.com.br\/noticias\/wp-json\/wp\/v2\/tags?post=14247"},{"taxonomy":"author","embeddable":true,"href":"https:\/\/motorista.com.br\/noticias\/wp-json\/wp\/v2\/coauthors?post=14247"}],"curies":[{"name":"wp","href":"https:\/\/api.w.org\/{rel}","templated":true}]}}