{"id":14239,"date":"2026-09-02T09:51:34","date_gmt":"2026-09-02T12:51:34","guid":{"rendered":"https:\/\/motorista.com.br\/noticias\/2026\/09\/02\/mudancas-e-regras-agitam-o-setor-de-transporte-terrestre-em-agosto\/"},"modified":"2026-09-02T09:51:34","modified_gmt":"2026-09-02T12:51:34","slug":"mudancas-e-regras-agitam-o-setor-de-transporte-terrestre-em-agosto","status":"publish","type":"post","link":"https:\/\/motorista.com.br\/noticias\/2026\/09\/02\/mudancas-e-regras-agitam-o-setor-de-transporte-terrestre-em-agosto\/","title":{"rendered":"Mudan\u00e7as e regras agitam o setor de transporte terrestre em agosto"},"content":{"rendered":"<p><\/p>\n<h2>Decis\u00f5es, obras e novas regras movimentam a agenda do transporte terrestre em agosto<\/h2>\n<p>Agosto foi um m\u00eas movimentado para o setor de transporte terrestre, com decis\u00f5es importantes sobre concess\u00f5es rodovi\u00e1rias e ferrovi\u00e1rias, tarifas e fiscaliza\u00e7\u00e3o. A Ag\u00eancia Nacional de Transportes Terrestres (ANTT) anunciou diversas medidas que visam n\u00e3o apenas melhorar a infraestrutura, mas tamb\u00e9m promover um transporte mais seguro e sustent\u00e1vel.<\/p>\n<h3>Concess\u00f5es e infraestrutura rodovi\u00e1ria<\/h3>\n<p>A ANTT est\u00e1 \u00e0 frente da regula\u00e7\u00e3o de 35 contratos de rodovias federais, abrangendo mais de 18 mil quil\u00f4metros e representando investimentos significativos. Em Itaipava, o avan\u00e7o na constru\u00e7\u00e3o da nova Ponte do Arranha-C\u00e9u demonstra o compromisso em acelerar obras que impactam diretamente na mobilidade e seguran\u00e7a dos motoristas. A conclus\u00e3o de 6,5 quil\u00f4metros de terceiras faixas na BR-101\/RJ, por exemplo, \u00e9 um passo importante para desobstruir o tr\u00e2nsito e reduzir hor\u00e1rios de pico.<\/p>\n<p>No Paran\u00e1, a recupera\u00e7\u00e3o de 350 quil\u00f4metros de pavimento pela Via Campo \u00e9 um exemplo claro de como investimentos em infraestrutura refletem em melhores condi\u00e7\u00f5es de tr\u00e1fego, o que beneficia diretamente os motoristas e, consequentemente, a economia local.<\/p>\n<h3>Tarifas e ped\u00e1gio eletr\u00f4nico<\/h3>\n<p>No que tange \u00e0s tarifas, as recentes revis\u00f5es realizadas pela ANTT refletem um ajuste que busca acompanhar a infla\u00e7\u00e3o de modo equilibrado, evitando custos excessivos para os motoristas. A implementa\u00e7\u00e3o do sistema de ped\u00e1gio eletr\u00f4nico, com a proposta de livre passagem, promete n\u00e3o apenas agilidade nos ped\u00e1gios, mas tamb\u00e9m uma transpar\u00eancia maior nas cobran\u00e7as, permitindo que os usu\u00e1rios acompanhem as informa\u00e7\u00f5es atrav\u00e9s de um \u00fanico canal.<\/p>\n<p>A ado\u00e7\u00e3o do ped\u00e1gio eletr\u00f4nico facilita a vida dos motoristas, proporcionando menos paradas e, portanto, uma experi\u00eancia de viagem mais fluida e r\u00e1pida. Isso tamb\u00e9m contribui para a redu\u00e7\u00e3o de congestionamentos nos pontos de ped\u00e1gio.<\/p>\n<h3>Ferrovias e transporte de cargas<\/h3>\n<p>A moderniza\u00e7\u00e3o do setor ferrovi\u00e1rio, com o lan\u00e7amento de novos projetos e a prorroga\u00e7\u00e3o do prazo para contribui\u00e7\u00f5es sobre concess\u00f5es, mostra um comprometimento em diversificar as op\u00e7\u00f5es de transporte de cargas. Isso pode resultar em custos menores e em um impacto ambiental reduzido, favorecendo a sustentabilidade nas opera\u00e7\u00f5es log\u00edsticas.<\/p>\n<h3>Fiscaliza\u00e7\u00e3o e seguran\u00e7a vi\u00e1ria<\/h3>\n<p>O novo marco regulat\u00f3rio para a fiscaliza\u00e7\u00e3o do transporte rodovi\u00e1rio de passageiros introduz abordagens modernas, utilizando dados e crit\u00e9rios de risco para promover a seguran\u00e7a. A apreens\u00e3o de ve\u00edculos clandestinos demonstra a seriedade com que a ANTT est\u00e1 conduzindo essa quest\u00e3o, proporcionando maior seguran\u00e7a para os passageiros e, por consequ\u00eancia, gerando confian\u00e7a entre os motoristas.<\/p>\n<h3>Sustentabilidade<\/h3>\n<p>A ado\u00e7\u00e3o do Selo ESG Cargas \u00e9 um passo significativo em dire\u00e7\u00e3o a um cen\u00e1rio mais respons\u00e1vel e sustent\u00e1vel, onde as empresas de transporte s\u00e3o incentivadas a adotar boas pr\u00e1ticas ambientais. Isso n\u00e3o apenas melhora a imagem das empresas, mas tamb\u00e9m contribui com o futuro do planeta, algo que impacta diretamente todos os motoristas.<\/p>\n<h3>Conclus\u00e3o<\/h3>\n<p>As decis\u00f5es e a\u00e7\u00f5es da ANTT em agosto t\u00eam potencial para beneficiar n\u00e3o apenas os motoristas, mas tamb\u00e9m a mobilidade geral no Brasil. Investimentos em infraestrutura, inova\u00e7\u00e3o na coleta de tarifas, uma vis\u00e3o de longo prazo com a sustentabilidade e a promo\u00e7\u00e3o de um transporte mais seguro s\u00e3o fundamentais para garantir um futuro mais eficiente e acess\u00edvel a todos.<\/p>\n<p><strong>Fonte: SETCESP<\/strong><\/p>\n","protected":false},"excerpt":{"rendered":"<p>Decis\u00f5es, obras e novas regras movimentam a agenda do transporte terrestre em agosto Agosto foi um m\u00eas movimentado para o setor de transporte terrestre, com decis\u00f5es importantes sobre concess\u00f5es rodovi\u00e1rias e ferrovi\u00e1rias, tarifas e fiscaliza\u00e7\u00e3o. A Ag\u00eancia Nacional de Transportes Terrestres (ANTT) anunciou diversas medidas que visam n\u00e3o apenas melhorar a infraestrutura, mas tamb\u00e9m promover &hellip;<\/p>\n","protected":false},"author":4,"featured_media":14240,"comment_status":"","ping_status":"open","sticky":false,"template":"","format":"standard","meta":{"footnotes":""},"categories":[62],"tags":[],"coauthors":[42],"class_list":["post-14239","post","type-post","status-publish","format-standard","has-post-thumbnail","hentry","category-logistica"],"yoast_head":"<!-- This site is optimized with the Yoast SEO Premium plugin v27.6.1 (Yoast SEO v28.4) - https:\/\/yoast.com\/product\/yoast-seo-premium-wordpress\/ -->\n<title>Mudan\u00e7as e regras agitam o setor de transporte terrestre em agosto - Motorista.com.br<\/title>\n<meta name=\"robots\" content=\"index, follow, max-snippet:-1, max-image-preview:large, max-video-preview:-1\" \/>\n<link rel=\"canonical\" href=\"https:\/\/motorista.com.br\/noticias\/2026\/09\/02\/mudancas-e-regras-agitam-o-setor-de-transporte-terrestre-em-agosto\/\" \/>\n<meta property=\"og:locale\" content=\"pt_BR\" \/>\n<meta property=\"og:type\" content=\"article\" \/>\n<meta property=\"og:title\" content=\"Mudan\u00e7as e regras agitam o setor de transporte terrestre em agosto\" \/>\n<meta property=\"og:description\" content=\"Decis\u00f5es, obras e novas regras movimentam a agenda do transporte terrestre em agosto Agosto foi um m\u00eas movimentado para o setor de transporte terrestre, com decis\u00f5es importantes sobre concess\u00f5es rodovi\u00e1rias e ferrovi\u00e1rias, tarifas e fiscaliza\u00e7\u00e3o. A Ag\u00eancia Nacional de Transportes Terrestres (ANTT) anunciou diversas medidas que visam n\u00e3o apenas melhorar a infraestrutura, mas tamb\u00e9m promover &hellip;\" \/>\n<meta property=\"og:url\" content=\"https:\/\/motorista.com.br\/noticias\/2026\/09\/02\/mudancas-e-regras-agitam-o-setor-de-transporte-terrestre-em-agosto\/\" \/>\n<meta property=\"og:site_name\" content=\"Motorista.com.br\" \/>\n<meta property=\"article:published_time\" content=\"2026-09-02T12:51:34+00:00\" \/>\n<meta name=\"author\" content=\"Equipe Reda\u00e7\u00e3o\" \/>\n<meta name=\"twitter:card\" content=\"summary_large_image\" \/>\n<meta name=\"twitter:label1\" content=\"Escrito por\" \/>\n\t<meta name=\"twitter:data1\" content=\"Equipe Reda\u00e7\u00e3o\" \/>\n\t<meta name=\"twitter:label2\" content=\"Est. tempo de leitura\" \/>\n\t<meta name=\"twitter:data2\" content=\"3 minutos\" \/>\n\t<meta name=\"twitter:label3\" content=\"Written by\" \/>\n\t<meta name=\"twitter:data3\" content=\"Equipe Reda\u00e7\u00e3o\" \/>\n<script type=\"application\/ld+json\" class=\"yoast-schema-graph\">{\"@context\":\"https:\\\/\\\/schema.org\",\"@graph\":[{\"@type\":\"Article\",\"@id\":\"https:\\\/\\\/motorista.com.br\\\/noticias\\\/2026\\\/09\\\/02\\\/mudancas-e-regras-agitam-o-setor-de-transporte-terrestre-em-agosto\\\/#article\",\"isPartOf\":{\"@id\":\"https:\\\/\\\/motorista.com.br\\\/noticias\\\/2026\\\/09\\\/02\\\/mudancas-e-regras-agitam-o-setor-de-transporte-terrestre-em-agosto\\\/\"},\"author\":{\"name\":\"Equipe Reda\u00e7\u00e3o\",\"@id\":\"https:\\\/\\\/motorista.com.br\\\/noticias\\\/#\\\/schema\\\/person\\\/dc93afc2981c0e3ce6bc3c053fd847be\"},\"headline\":\"Mudan\u00e7as e regras agitam o setor de transporte terrestre em agosto\",\"datePublished\":\"2026-09-02T12:51:34+00:00\",\"mainEntityOfPage\":{\"@id\":\"https:\\\/\\\/motorista.com.br\\\/noticias\\\/2026\\\/09\\\/02\\\/mudancas-e-regras-agitam-o-setor-de-transporte-terrestre-em-agosto\\\/\"},\"wordCount\":610,\"publisher\":{\"@id\":\"https:\\\/\\\/motorista.com.br\\\/noticias\\\/#organization\"},\"image\":{\"@id\":\"https:\\\/\\\/motorista.com.br\\\/noticias\\\/2026\\\/09\\\/02\\\/mudancas-e-regras-agitam-o-setor-de-transporte-terrestre-em-agosto\\\/#primaryimage\"},\"thumbnailUrl\":\"https:\\\/\\\/motorista.com.br\\\/noticias\\\/wp-content\\\/uploads\\\/2026\\\/09\\\/020901.png\",\"articleSection\":[\"Log\u00edstica\"],\"inLanguage\":\"pt-BR\"},{\"@type\":\"WebPage\",\"@id\":\"https:\\\/\\\/motorista.com.br\\\/noticias\\\/2026\\\/09\\\/02\\\/mudancas-e-regras-agitam-o-setor-de-transporte-terrestre-em-agosto\\\/\",\"url\":\"https:\\\/\\\/motorista.com.br\\\/noticias\\\/2026\\\/09\\\/02\\\/mudancas-e-regras-agitam-o-setor-de-transporte-terrestre-em-agosto\\\/\",\"name\":\"Mudan\u00e7as e regras agitam o setor de transporte terrestre em agosto - Motorista.com.br\",\"isPartOf\":{\"@id\":\"https:\\\/\\\/motorista.com.br\\\/noticias\\\/#website\"},\"primaryImageOfPage\":{\"@id\":\"https:\\\/\\\/motorista.com.br\\\/noticias\\\/2026\\\/09\\\/02\\\/mudancas-e-regras-agitam-o-setor-de-transporte-terrestre-em-agosto\\\/#primaryimage\"},\"image\":{\"@id\":\"https:\\\/\\\/motorista.com.br\\\/noticias\\\/2026\\\/09\\\/02\\\/mudancas-e-regras-agitam-o-setor-de-transporte-terrestre-em-agosto\\\/#primaryimage\"},\"thumbnailUrl\":\"https:\\\/\\\/motorista.com.br\\\/noticias\\\/wp-content\\\/uploads\\\/2026\\\/09\\\/020901.png\",\"datePublished\":\"2026-09-02T12:51:34+00:00\",\"breadcrumb\":{\"@id\":\"https:\\\/\\\/motorista.com.br\\\/noticias\\\/2026\\\/09\\\/02\\\/mudancas-e-regras-agitam-o-setor-de-transporte-terrestre-em-agosto\\\/#breadcrumb\"},\"inLanguage\":\"pt-BR\",\"potentialAction\":[{\"@type\":\"ReadAction\",\"target\":[\"https:\\\/\\\/motorista.com.br\\\/noticias\\\/2026\\\/09\\\/02\\\/mudancas-e-regras-agitam-o-setor-de-transporte-terrestre-em-agosto\\\/\"]}]},{\"@type\":\"ImageObject\",\"inLanguage\":\"pt-BR\",\"@id\":\"https:\\\/\\\/motorista.com.br\\\/noticias\\\/2026\\\/09\\\/02\\\/mudancas-e-regras-agitam-o-setor-de-transporte-terrestre-em-agosto\\\/#primaryimage\",\"url\":\"https:\\\/\\\/motorista.com.br\\\/noticias\\\/wp-content\\\/uploads\\\/2026\\\/09\\\/020901.png\",\"contentUrl\":\"https:\\\/\\\/motorista.com.br\\\/noticias\\\/wp-content\\\/uploads\\\/2026\\\/09\\\/020901.png\",\"width\":1400,\"height\":700},{\"@type\":\"BreadcrumbList\",\"@id\":\"https:\\\/\\\/motorista.com.br\\\/noticias\\\/2026\\\/09\\\/02\\\/mudancas-e-regras-agitam-o-setor-de-transporte-terrestre-em-agosto\\\/#breadcrumb\",\"itemListElement\":[{\"@type\":\"ListItem\",\"position\":1,\"name\":\"In\u00edcio\",\"item\":\"https:\\\/\\\/motorista.com.br\\\/noticias\\\/\"},{\"@type\":\"ListItem\",\"position\":2,\"name\":\"Mudan\u00e7as e regras agitam o setor de transporte terrestre em agosto\"}]},{\"@type\":\"WebSite\",\"@id\":\"https:\\\/\\\/motorista.com.br\\\/noticias\\\/#website\",\"url\":\"https:\\\/\\\/motorista.com.br\\\/noticias\\\/\",\"name\":\"Motorista.com.br\",\"description\":\"Not\u00edcia do Motorista\",\"publisher\":{\"@id\":\"https:\\\/\\\/motorista.com.br\\\/noticias\\\/#organization\"},\"potentialAction\":[{\"@type\":\"SearchAction\",\"target\":{\"@type\":\"EntryPoint\",\"urlTemplate\":\"https:\\\/\\\/motorista.com.br\\\/noticias\\\/?s={search_term_string}\"},\"query-input\":{\"@type\":\"PropertyValueSpecification\",\"valueRequired\":true,\"valueName\":\"search_term_string\"}}],\"inLanguage\":\"pt-BR\"},{\"@type\":\"Organization\",\"@id\":\"https:\\\/\\\/motorista.com.br\\\/noticias\\\/#organization\",\"name\":\"Motorista.com.br\",\"url\":\"https:\\\/\\\/motorista.com.br\\\/noticias\\\/\",\"logo\":{\"@type\":\"ImageObject\",\"inLanguage\":\"pt-BR\",\"@id\":\"https:\\\/\\\/motorista.com.br\\\/noticias\\\/#\\\/schema\\\/logo\\\/image\\\/\",\"url\":\"https:\\\/\\\/motorista.com.br\\\/noticias\\\/wp-content\\\/uploads\\\/2025\\\/06\\\/Design-sem-nome-9.png\",\"contentUrl\":\"https:\\\/\\\/motorista.com.br\\\/noticias\\\/wp-content\\\/uploads\\\/2025\\\/06\\\/Design-sem-nome-9.png\",\"width\":150,\"height\":85,\"caption\":\"Motorista.com.br\"},\"image\":{\"@id\":\"https:\\\/\\\/motorista.com.br\\\/noticias\\\/#\\\/schema\\\/logo\\\/image\\\/\"}},{\"@type\":\"Person\",\"@id\":\"https:\\\/\\\/motorista.com.br\\\/noticias\\\/#\\\/schema\\\/person\\\/dc93afc2981c0e3ce6bc3c053fd847be\",\"name\":\"Equipe Reda\u00e7\u00e3o\",\"image\":{\"@type\":\"ImageObject\",\"inLanguage\":\"pt-BR\",\"@id\":\"https:\\\/\\\/secure.gravatar.com\\\/avatar\\\/4f525efbf18dd2bb300ccad28bfb99d95a9465a5ba268407c8c37b37e1f28d2d?s=96&d=mm&r=g9e099043a0c61e9ae27e293b9fa75ffc\",\"url\":\"https:\\\/\\\/secure.gravatar.com\\\/avatar\\\/4f525efbf18dd2bb300ccad28bfb99d95a9465a5ba268407c8c37b37e1f28d2d?s=96&d=mm&r=g\",\"contentUrl\":\"https:\\\/\\\/secure.gravatar.com\\\/avatar\\\/4f525efbf18dd2bb300ccad28bfb99d95a9465a5ba268407c8c37b37e1f28d2d?s=96&d=mm&r=g\",\"caption\":\"Equipe Reda\u00e7\u00e3o\"},\"description\":\"Equipe de reda\u00e7\u00e3o \u00e9 um grupo de profissionais que trabalham juntos para criar conte\u00fado escrito para Motorista.com.br\",\"url\":\"https:\\\/\\\/motorista.com.br\\\/noticias\\\/author\\\/equiperedacao\\\/\"}]}<\/script>\n<!-- \/ Yoast SEO Premium plugin. -->","yoast_head_json":{"title":"Mudan\u00e7as e regras agitam o setor de transporte terrestre em agosto - Motorista.com.br","robots":{"index":"index","follow":"follow","max-snippet":"max-snippet:-1","max-image-preview":"max-image-preview:large","max-video-preview":"max-video-preview:-1"},"canonical":"https:\/\/motorista.com.br\/noticias\/2026\/09\/02\/mudancas-e-regras-agitam-o-setor-de-transporte-terrestre-em-agosto\/","og_locale":"pt_BR","og_type":"article","og_title":"Mudan\u00e7as e regras agitam o setor de transporte terrestre em agosto","og_description":"Decis\u00f5es, obras e novas regras movimentam a agenda do transporte terrestre em agosto Agosto foi um m\u00eas movimentado para o setor de transporte terrestre, com decis\u00f5es importantes sobre concess\u00f5es rodovi\u00e1rias e ferrovi\u00e1rias, tarifas e fiscaliza\u00e7\u00e3o. A Ag\u00eancia Nacional de Transportes Terrestres (ANTT) anunciou diversas medidas que visam n\u00e3o apenas melhorar a infraestrutura, mas tamb\u00e9m promover &hellip;","og_url":"https:\/\/motorista.com.br\/noticias\/2026\/09\/02\/mudancas-e-regras-agitam-o-setor-de-transporte-terrestre-em-agosto\/","og_site_name":"Motorista.com.br","article_published_time":"2026-09-02T12:51:34+00:00","author":"Equipe Reda\u00e7\u00e3o","twitter_card":"summary_large_image","twitter_misc":{"Escrito por":"Equipe Reda\u00e7\u00e3o","Est. tempo de leitura":"3 minutos","Written by":"Equipe Reda\u00e7\u00e3o"},"schema":{"@context":"https:\/\/schema.org","@graph":[{"@type":"Article","@id":"https:\/\/motorista.com.br\/noticias\/2026\/09\/02\/mudancas-e-regras-agitam-o-setor-de-transporte-terrestre-em-agosto\/#article","isPartOf":{"@id":"https:\/\/motorista.com.br\/noticias\/2026\/09\/02\/mudancas-e-regras-agitam-o-setor-de-transporte-terrestre-em-agosto\/"},"author":{"name":"Equipe Reda\u00e7\u00e3o","@id":"https:\/\/motorista.com.br\/noticias\/#\/schema\/person\/dc93afc2981c0e3ce6bc3c053fd847be"},"headline":"Mudan\u00e7as e regras agitam o setor de transporte terrestre em agosto","datePublished":"2026-09-02T12:51:34+00:00","mainEntityOfPage":{"@id":"https:\/\/motorista.com.br\/noticias\/2026\/09\/02\/mudancas-e-regras-agitam-o-setor-de-transporte-terrestre-em-agosto\/"},"wordCount":610,"publisher":{"@id":"https:\/\/motorista.com.br\/noticias\/#organization"},"image":{"@id":"https:\/\/motorista.com.br\/noticias\/2026\/09\/02\/mudancas-e-regras-agitam-o-setor-de-transporte-terrestre-em-agosto\/#primaryimage"},"thumbnailUrl":"https:\/\/motorista.com.br\/noticias\/wp-content\/uploads\/2026\/09\/020901.png","articleSection":["Log\u00edstica"],"inLanguage":"pt-BR"},{"@type":"WebPage","@id":"https:\/\/motorista.com.br\/noticias\/2026\/09\/02\/mudancas-e-regras-agitam-o-setor-de-transporte-terrestre-em-agosto\/","url":"https:\/\/motorista.com.br\/noticias\/2026\/09\/02\/mudancas-e-regras-agitam-o-setor-de-transporte-terrestre-em-agosto\/","name":"Mudan\u00e7as e regras agitam o setor de transporte terrestre em agosto - Motorista.com.br","isPartOf":{"@id":"https:\/\/motorista.com.br\/noticias\/#website"},"primaryImageOfPage":{"@id":"https:\/\/motorista.com.br\/noticias\/2026\/09\/02\/mudancas-e-regras-agitam-o-setor-de-transporte-terrestre-em-agosto\/#primaryimage"},"image":{"@id":"https:\/\/motorista.com.br\/noticias\/2026\/09\/02\/mudancas-e-regras-agitam-o-setor-de-transporte-terrestre-em-agosto\/#primaryimage"},"thumbnailUrl":"https:\/\/motorista.com.br\/noticias\/wp-content\/uploads\/2026\/09\/020901.png","datePublished":"2026-09-02T12:51:34+00:00","breadcrumb":{"@id":"https:\/\/motorista.com.br\/noticias\/2026\/09\/02\/mudancas-e-regras-agitam-o-setor-de-transporte-terrestre-em-agosto\/#breadcrumb"},"inLanguage":"pt-BR","potentialAction":[{"@type":"ReadAction","target":["https:\/\/motorista.com.br\/noticias\/2026\/09\/02\/mudancas-e-regras-agitam-o-setor-de-transporte-terrestre-em-agosto\/"]}]},{"@type":"ImageObject","inLanguage":"pt-BR","@id":"https:\/\/motorista.com.br\/noticias\/2026\/09\/02\/mudancas-e-regras-agitam-o-setor-de-transporte-terrestre-em-agosto\/#primaryimage","url":"https:\/\/motorista.com.br\/noticias\/wp-content\/uploads\/2026\/09\/020901.png","contentUrl":"https:\/\/motorista.com.br\/noticias\/wp-content\/uploads\/2026\/09\/020901.png","width":1400,"height":700},{"@type":"BreadcrumbList","@id":"https:\/\/motorista.com.br\/noticias\/2026\/09\/02\/mudancas-e-regras-agitam-o-setor-de-transporte-terrestre-em-agosto\/#breadcrumb","itemListElement":[{"@type":"ListItem","position":1,"name":"In\u00edcio","item":"https:\/\/motorista.com.br\/noticias\/"},{"@type":"ListItem","position":2,"name":"Mudan\u00e7as e regras agitam o setor de transporte terrestre em agosto"}]},{"@type":"WebSite","@id":"https:\/\/motorista.com.br\/noticias\/#website","url":"https:\/\/motorista.com.br\/noticias\/","name":"Motorista.com.br","description":"Not\u00edcia do Motorista","publisher":{"@id":"https:\/\/motorista.com.br\/noticias\/#organization"},"potentialAction":[{"@type":"SearchAction","target":{"@type":"EntryPoint","urlTemplate":"https:\/\/motorista.com.br\/noticias\/?s={search_term_string}"},"query-input":{"@type":"PropertyValueSpecification","valueRequired":true,"valueName":"search_term_string"}}],"inLanguage":"pt-BR"},{"@type":"Organization","@id":"https:\/\/motorista.com.br\/noticias\/#organization","name":"Motorista.com.br","url":"https:\/\/motorista.com.br\/noticias\/","logo":{"@type":"ImageObject","inLanguage":"pt-BR","@id":"https:\/\/motorista.com.br\/noticias\/#\/schema\/logo\/image\/","url":"https:\/\/motorista.com.br\/noticias\/wp-content\/uploads\/2025\/06\/Design-sem-nome-9.png","contentUrl":"https:\/\/motorista.com.br\/noticias\/wp-content\/uploads\/2025\/06\/Design-sem-nome-9.png","width":150,"height":85,"caption":"Motorista.com.br"},"image":{"@id":"https:\/\/motorista.com.br\/noticias\/#\/schema\/logo\/image\/"}},{"@type":"Person","@id":"https:\/\/motorista.com.br\/noticias\/#\/schema\/person\/dc93afc2981c0e3ce6bc3c053fd847be","name":"Equipe Reda\u00e7\u00e3o","image":{"@type":"ImageObject","inLanguage":"pt-BR","@id":"https:\/\/secure.gravatar.com\/avatar\/4f525efbf18dd2bb300ccad28bfb99d95a9465a5ba268407c8c37b37e1f28d2d?s=96&d=mm&r=g9e099043a0c61e9ae27e293b9fa75ffc","url":"https:\/\/secure.gravatar.com\/avatar\/4f525efbf18dd2bb300ccad28bfb99d95a9465a5ba268407c8c37b37e1f28d2d?s=96&d=mm&r=g","contentUrl":"https:\/\/secure.gravatar.com\/avatar\/4f525efbf18dd2bb300ccad28bfb99d95a9465a5ba268407c8c37b37e1f28d2d?s=96&d=mm&r=g","caption":"Equipe Reda\u00e7\u00e3o"},"description":"Equipe de reda\u00e7\u00e3o \u00e9 um grupo de profissionais que trabalham juntos para criar conte\u00fado escrito para Motorista.com.br","url":"https:\/\/motorista.com.br\/noticias\/author\/equiperedacao\/"}]}},"_links":{"self":[{"href":"https:\/\/motorista.com.br\/noticias\/wp-json\/wp\/v2\/posts\/14239","targetHints":{"allow":["GET"]}}],"collection":[{"href":"https:\/\/motorista.com.br\/noticias\/wp-json\/wp\/v2\/posts"}],"about":[{"href":"https:\/\/motorista.com.br\/noticias\/wp-json\/wp\/v2\/types\/post"}],"author":[{"embeddable":true,"href":"https:\/\/motorista.com.br\/noticias\/wp-json\/wp\/v2\/users\/4"}],"replies":[{"embeddable":true,"href":"https:\/\/motorista.com.br\/noticias\/wp-json\/wp\/v2\/comments?post=14239"}],"version-history":[{"count":0,"href":"https:\/\/motorista.com.br\/noticias\/wp-json\/wp\/v2\/posts\/14239\/revisions"}],"wp:featuredmedia":[{"embeddable":true,"href":"https:\/\/motorista.com.br\/noticias\/wp-json\/wp\/v2\/media\/14240"}],"wp:attachment":[{"href":"https:\/\/motorista.com.br\/noticias\/wp-json\/wp\/v2\/media?parent=14239"}],"wp:term":[{"taxonomy":"category","embeddable":true,"href":"https:\/\/motorista.com.br\/noticias\/wp-json\/wp\/v2\/categories?post=14239"},{"taxonomy":"post_tag","embeddable":true,"href":"https:\/\/motorista.com.br\/noticias\/wp-json\/wp\/v2\/tags?post=14239"},{"taxonomy":"author","embeddable":true,"href":"https:\/\/motorista.com.br\/noticias\/wp-json\/wp\/v2\/coauthors?post=14239"}],"curies":[{"name":"wp","href":"https:\/\/api.w.org\/{rel}","templated":true}]}}