{"id":14236,"date":"2026-09-02T07:50:55","date_gmt":"2026-09-02T10:50:55","guid":{"rendered":"https:\/\/motorista.com.br\/noticias\/2026\/09\/02\/antt-abre-consulta-publica-para-revisar-tarifas-de-pedagio\/"},"modified":"2026-09-02T07:50:55","modified_gmt":"2026-09-02T10:50:55","slug":"antt-abre-consulta-publica-para-revisar-tarifas-de-pedagio","status":"publish","type":"post","link":"https:\/\/motorista.com.br\/noticias\/2026\/09\/02\/antt-abre-consulta-publica-para-revisar-tarifas-de-pedagio\/","title":{"rendered":"ANTT abre consulta p\u00fablica para revisar tarifas de ped\u00e1gio."},"content":{"rendered":"<p><\/p>\n<h1>ANTT Abre Tomada de Subs\u00eddios para Rever Regras Sobre Pagamento de Tarifa de Ped\u00e1gio<\/h1>\n<p>A Ag\u00eancia Nacional de Transportes Terrestres (ANTT) anunciou a abertura da Tomada de Subs\u00eddios n\u00ba 004\/2026, com a inten\u00e7\u00e3o de coletar contribui\u00e7\u00f5es que ajudar\u00e3o a revisar a Resolu\u00e7\u00e3o ANTT n\u00ba 4.281\/2014, que regulamenta os sistemas de pagamento de tarifas de ped\u00e1gio. Este processo \u00e9 fundamental para aprimorar a maneira como os motoristas interagem com as rodovias concedidas e a forma como as tarifas s\u00e3o cobradas.<\/p>\n<p>A participa\u00e7\u00e3o dos cidad\u00e3os e das partes interessadas nessa iniciativa \u00e9 essential. As sugest\u00f5es e experi\u00eancias compartilhadas podem auxiliar na identifica\u00e7\u00e3o de melhorias que impactam diretamente a vida dos motoristas. A revis\u00e3o da regulamenta\u00e7\u00e3o pode resultar n\u00e3o apenas em tarifas mais justas, mas tamb\u00e9m em processos de pagamento mais eficientes, que reduzam filas e aumentem a capacidade de tr\u00e1fego nas rodovias.<\/p>\n<p>Um aspecto relevante dessa revis\u00e3o \u00e9 sua potencial contribui\u00e7\u00e3o para a mobilidade e seguran\u00e7a nas estradas. Com um sistema de ped\u00e1gio mais eficiente, os motoristas podem economizar tempo e combust\u00edvel, diminuindo a emiss\u00e3o de poluentes e contribuindo para um tr\u00e1fego mais sustent\u00e1vel. Al\u00e9m disso, um sistema eficiente de cobran\u00e7a pode favorecer o aumento da manuten\u00e7\u00e3o e melhoria das rodovias, o que se traduz em mais seguran\u00e7a para todos os usu\u00e1rios.<\/p>\n<p>As contribui\u00e7\u00f5es para a Tomada de Subs\u00eddios est\u00e3o abertas at\u00e9 o dia 2 de outubro de 2026, e \u00e9 imperativo que motoristas e usu\u00e1rios das rodovias aproveitem essa oportunidade para se fazerem ouvir. As mudan\u00e7as propostas n\u00e3o apenas impactam diretamente os custos de deslocamento, mas tamb\u00e9m s\u00e3o uma oportunidade para moldar um futuro mais eficiente e sustent\u00e1vel para a infraestrutura rodovi\u00e1ria do pa\u00eds.<\/p>\n<h3>Como Participar<\/h3>\n<p>Os interessados podem enviar suas contribui\u00e7\u00f5es a partir das 9h do dia 3 de setembro de 2026. Para facilitar a participa\u00e7\u00e3o, toda a documenta\u00e7\u00e3o relacionada est\u00e1 dispon\u00edvel no Sistema ParticipANTT. \u00c9 uma chance \u00fanica para todos que utilizam as rodovias fazerem valer suas vozes e contribu\u00edrem para a melhoria do sistema de transporte brasileiro.<\/p>\n<h3>Benef\u00edcios Potenciais<\/h3>\n<p>Investir tempo nessa participa\u00e7\u00e3o n\u00e3o \u00e9 apenas uma quest\u00e3o de formalidade; trata-se de uma oportunidade para influenciar positivamente o cen\u00e1rio do transporte no Brasil. A revis\u00e3o das regras de ped\u00e1gio pode levar a uma redu\u00e7\u00e3o nos custos de viagem, maior satisfa\u00e7\u00e3o dos motoristas e, em \u00faltima an\u00e1lise, uma mobilidade mais fluida e segura para todos. <\/p>\n<p>Convidamos todos os profissionais e usu\u00e1rios das estradas a contribuir nesse debate, colaborando para um sistema de transporte que atenda cada vez melhor \u00e0s necessidades da sociedade.<\/p>\n<p><em>Fonte: motorista.com.br<\/em><\/p>\n","protected":false},"excerpt":{"rendered":"<p>ANTT Abre Tomada de Subs\u00eddios para Rever Regras Sobre Pagamento de Tarifa de Ped\u00e1gio A Ag\u00eancia Nacional de Transportes Terrestres (ANTT) anunciou a abertura da Tomada de Subs\u00eddios n\u00ba 004\/2026, com a inten\u00e7\u00e3o de coletar contribui\u00e7\u00f5es que ajudar\u00e3o a revisar a Resolu\u00e7\u00e3o ANTT n\u00ba 4.281\/2014, que regulamenta os sistemas de pagamento de tarifas de ped\u00e1gio. &hellip;<\/p>\n","protected":false},"author":4,"featured_media":11548,"comment_status":"","ping_status":"open","sticky":false,"template":"","format":"standard","meta":{"footnotes":""},"categories":[62],"tags":[],"coauthors":[42],"class_list":["post-14236","post","type-post","status-publish","format-standard","has-post-thumbnail","hentry","category-logistica"],"yoast_head":"<!-- This site is optimized with the Yoast SEO Premium plugin v27.6.1 (Yoast SEO v28.4) - https:\/\/yoast.com\/product\/yoast-seo-premium-wordpress\/ -->\n<title>ANTT abre consulta p\u00fablica para revisar tarifas de ped\u00e1gio. - Motorista.com.br<\/title>\n<meta name=\"robots\" content=\"index, follow, max-snippet:-1, max-image-preview:large, max-video-preview:-1\" \/>\n<link rel=\"canonical\" href=\"https:\/\/motorista.com.br\/noticias\/2026\/09\/02\/antt-abre-consulta-publica-para-revisar-tarifas-de-pedagio\/\" \/>\n<meta property=\"og:locale\" content=\"pt_BR\" \/>\n<meta property=\"og:type\" content=\"article\" \/>\n<meta property=\"og:title\" content=\"ANTT abre consulta p\u00fablica para revisar tarifas de ped\u00e1gio.\" \/>\n<meta property=\"og:description\" content=\"ANTT Abre Tomada de Subs\u00eddios para Rever Regras Sobre Pagamento de Tarifa de Ped\u00e1gio A Ag\u00eancia Nacional de Transportes Terrestres (ANTT) anunciou a abertura da Tomada de Subs\u00eddios n\u00ba 004\/2026, com a inten\u00e7\u00e3o de coletar contribui\u00e7\u00f5es que ajudar\u00e3o a revisar a Resolu\u00e7\u00e3o ANTT n\u00ba 4.281\/2014, que regulamenta os sistemas de pagamento de tarifas de ped\u00e1gio. &hellip;\" \/>\n<meta property=\"og:url\" content=\"https:\/\/motorista.com.br\/noticias\/2026\/09\/02\/antt-abre-consulta-publica-para-revisar-tarifas-de-pedagio\/\" \/>\n<meta property=\"og:site_name\" content=\"Motorista.com.br\" \/>\n<meta property=\"article:published_time\" content=\"2026-09-02T10:50:55+00:00\" \/>\n<meta name=\"author\" content=\"Equipe Reda\u00e7\u00e3o\" \/>\n<meta name=\"twitter:card\" content=\"summary_large_image\" \/>\n<meta name=\"twitter:label1\" content=\"Escrito por\" \/>\n\t<meta name=\"twitter:data1\" content=\"Equipe Reda\u00e7\u00e3o\" \/>\n\t<meta name=\"twitter:label2\" content=\"Est. tempo de leitura\" \/>\n\t<meta name=\"twitter:data2\" content=\"2 minutos\" \/>\n\t<meta name=\"twitter:label3\" content=\"Written by\" \/>\n\t<meta name=\"twitter:data3\" content=\"Equipe Reda\u00e7\u00e3o\" \/>\n<script type=\"application\/ld+json\" class=\"yoast-schema-graph\">{\"@context\":\"https:\\\/\\\/schema.org\",\"@graph\":[{\"@type\":\"Article\",\"@id\":\"https:\\\/\\\/motorista.com.br\\\/noticias\\\/2026\\\/09\\\/02\\\/antt-abre-consulta-publica-para-revisar-tarifas-de-pedagio\\\/#article\",\"isPartOf\":{\"@id\":\"https:\\\/\\\/motorista.com.br\\\/noticias\\\/2026\\\/09\\\/02\\\/antt-abre-consulta-publica-para-revisar-tarifas-de-pedagio\\\/\"},\"author\":{\"name\":\"Equipe Reda\u00e7\u00e3o\",\"@id\":\"https:\\\/\\\/motorista.com.br\\\/noticias\\\/#\\\/schema\\\/person\\\/dc93afc2981c0e3ce6bc3c053fd847be\"},\"headline\":\"ANTT abre consulta p\u00fablica para revisar tarifas de ped\u00e1gio.\",\"datePublished\":\"2026-09-02T10:50:55+00:00\",\"mainEntityOfPage\":{\"@id\":\"https:\\\/\\\/motorista.com.br\\\/noticias\\\/2026\\\/09\\\/02\\\/antt-abre-consulta-publica-para-revisar-tarifas-de-pedagio\\\/\"},\"wordCount\":476,\"publisher\":{\"@id\":\"https:\\\/\\\/motorista.com.br\\\/noticias\\\/#organization\"},\"image\":{\"@id\":\"https:\\\/\\\/motorista.com.br\\\/noticias\\\/2026\\\/09\\\/02\\\/antt-abre-consulta-publica-para-revisar-tarifas-de-pedagio\\\/#primaryimage\"},\"thumbnailUrl\":\"https:\\\/\\\/motorista.com.br\\\/noticias\\\/wp-content\\\/uploads\\\/2026\\\/06\\\/290603-1024x512.png\",\"articleSection\":[\"Log\u00edstica\"],\"inLanguage\":\"pt-BR\"},{\"@type\":\"WebPage\",\"@id\":\"https:\\\/\\\/motorista.com.br\\\/noticias\\\/2026\\\/09\\\/02\\\/antt-abre-consulta-publica-para-revisar-tarifas-de-pedagio\\\/\",\"url\":\"https:\\\/\\\/motorista.com.br\\\/noticias\\\/2026\\\/09\\\/02\\\/antt-abre-consulta-publica-para-revisar-tarifas-de-pedagio\\\/\",\"name\":\"ANTT abre consulta p\u00fablica para revisar tarifas de ped\u00e1gio. - Motorista.com.br\",\"isPartOf\":{\"@id\":\"https:\\\/\\\/motorista.com.br\\\/noticias\\\/#website\"},\"primaryImageOfPage\":{\"@id\":\"https:\\\/\\\/motorista.com.br\\\/noticias\\\/2026\\\/09\\\/02\\\/antt-abre-consulta-publica-para-revisar-tarifas-de-pedagio\\\/#primaryimage\"},\"image\":{\"@id\":\"https:\\\/\\\/motorista.com.br\\\/noticias\\\/2026\\\/09\\\/02\\\/antt-abre-consulta-publica-para-revisar-tarifas-de-pedagio\\\/#primaryimage\"},\"thumbnailUrl\":\"https:\\\/\\\/motorista.com.br\\\/noticias\\\/wp-content\\\/uploads\\\/2026\\\/06\\\/290603-1024x512.png\",\"datePublished\":\"2026-09-02T10:50:55+00:00\",\"breadcrumb\":{\"@id\":\"https:\\\/\\\/motorista.com.br\\\/noticias\\\/2026\\\/09\\\/02\\\/antt-abre-consulta-publica-para-revisar-tarifas-de-pedagio\\\/#breadcrumb\"},\"inLanguage\":\"pt-BR\",\"potentialAction\":[{\"@type\":\"ReadAction\",\"target\":[\"https:\\\/\\\/motorista.com.br\\\/noticias\\\/2026\\\/09\\\/02\\\/antt-abre-consulta-publica-para-revisar-tarifas-de-pedagio\\\/\"]}]},{\"@type\":\"ImageObject\",\"inLanguage\":\"pt-BR\",\"@id\":\"https:\\\/\\\/motorista.com.br\\\/noticias\\\/2026\\\/09\\\/02\\\/antt-abre-consulta-publica-para-revisar-tarifas-de-pedagio\\\/#primaryimage\",\"url\":\"https:\\\/\\\/motorista.com.br\\\/noticias\\\/wp-content\\\/uploads\\\/2026\\\/06\\\/290603-1024x512.png\",\"contentUrl\":\"https:\\\/\\\/motorista.com.br\\\/noticias\\\/wp-content\\\/uploads\\\/2026\\\/06\\\/290603-1024x512.png\",\"width\":1024,\"height\":512},{\"@type\":\"BreadcrumbList\",\"@id\":\"https:\\\/\\\/motorista.com.br\\\/noticias\\\/2026\\\/09\\\/02\\\/antt-abre-consulta-publica-para-revisar-tarifas-de-pedagio\\\/#breadcrumb\",\"itemListElement\":[{\"@type\":\"ListItem\",\"position\":1,\"name\":\"In\u00edcio\",\"item\":\"https:\\\/\\\/motorista.com.br\\\/noticias\\\/\"},{\"@type\":\"ListItem\",\"position\":2,\"name\":\"ANTT abre consulta p\u00fablica para revisar tarifas de ped\u00e1gio.\"}]},{\"@type\":\"WebSite\",\"@id\":\"https:\\\/\\\/motorista.com.br\\\/noticias\\\/#website\",\"url\":\"https:\\\/\\\/motorista.com.br\\\/noticias\\\/\",\"name\":\"Motorista.com.br\",\"description\":\"Not\u00edcia do Motorista\",\"publisher\":{\"@id\":\"https:\\\/\\\/motorista.com.br\\\/noticias\\\/#organization\"},\"potentialAction\":[{\"@type\":\"SearchAction\",\"target\":{\"@type\":\"EntryPoint\",\"urlTemplate\":\"https:\\\/\\\/motorista.com.br\\\/noticias\\\/?s={search_term_string}\"},\"query-input\":{\"@type\":\"PropertyValueSpecification\",\"valueRequired\":true,\"valueName\":\"search_term_string\"}}],\"inLanguage\":\"pt-BR\"},{\"@type\":\"Organization\",\"@id\":\"https:\\\/\\\/motorista.com.br\\\/noticias\\\/#organization\",\"name\":\"Motorista.com.br\",\"url\":\"https:\\\/\\\/motorista.com.br\\\/noticias\\\/\",\"logo\":{\"@type\":\"ImageObject\",\"inLanguage\":\"pt-BR\",\"@id\":\"https:\\\/\\\/motorista.com.br\\\/noticias\\\/#\\\/schema\\\/logo\\\/image\\\/\",\"url\":\"https:\\\/\\\/motorista.com.br\\\/noticias\\\/wp-content\\\/uploads\\\/2025\\\/06\\\/Design-sem-nome-9.png\",\"contentUrl\":\"https:\\\/\\\/motorista.com.br\\\/noticias\\\/wp-content\\\/uploads\\\/2025\\\/06\\\/Design-sem-nome-9.png\",\"width\":150,\"height\":85,\"caption\":\"Motorista.com.br\"},\"image\":{\"@id\":\"https:\\\/\\\/motorista.com.br\\\/noticias\\\/#\\\/schema\\\/logo\\\/image\\\/\"}},{\"@type\":\"Person\",\"@id\":\"https:\\\/\\\/motorista.com.br\\\/noticias\\\/#\\\/schema\\\/person\\\/dc93afc2981c0e3ce6bc3c053fd847be\",\"name\":\"Equipe Reda\u00e7\u00e3o\",\"image\":{\"@type\":\"ImageObject\",\"inLanguage\":\"pt-BR\",\"@id\":\"https:\\\/\\\/secure.gravatar.com\\\/avatar\\\/4f525efbf18dd2bb300ccad28bfb99d95a9465a5ba268407c8c37b37e1f28d2d?s=96&d=mm&r=g9e099043a0c61e9ae27e293b9fa75ffc\",\"url\":\"https:\\\/\\\/secure.gravatar.com\\\/avatar\\\/4f525efbf18dd2bb300ccad28bfb99d95a9465a5ba268407c8c37b37e1f28d2d?s=96&d=mm&r=g\",\"contentUrl\":\"https:\\\/\\\/secure.gravatar.com\\\/avatar\\\/4f525efbf18dd2bb300ccad28bfb99d95a9465a5ba268407c8c37b37e1f28d2d?s=96&d=mm&r=g\",\"caption\":\"Equipe Reda\u00e7\u00e3o\"},\"description\":\"Equipe de reda\u00e7\u00e3o \u00e9 um grupo de profissionais que trabalham juntos para criar conte\u00fado escrito para Motorista.com.br\",\"url\":\"https:\\\/\\\/motorista.com.br\\\/noticias\\\/author\\\/equiperedacao\\\/\"}]}<\/script>\n<!-- \/ Yoast SEO Premium plugin. -->","yoast_head_json":{"title":"ANTT abre consulta p\u00fablica para revisar tarifas de ped\u00e1gio. - Motorista.com.br","robots":{"index":"index","follow":"follow","max-snippet":"max-snippet:-1","max-image-preview":"max-image-preview:large","max-video-preview":"max-video-preview:-1"},"canonical":"https:\/\/motorista.com.br\/noticias\/2026\/09\/02\/antt-abre-consulta-publica-para-revisar-tarifas-de-pedagio\/","og_locale":"pt_BR","og_type":"article","og_title":"ANTT abre consulta p\u00fablica para revisar tarifas de ped\u00e1gio.","og_description":"ANTT Abre Tomada de Subs\u00eddios para Rever Regras Sobre Pagamento de Tarifa de Ped\u00e1gio A Ag\u00eancia Nacional de Transportes Terrestres (ANTT) anunciou a abertura da Tomada de Subs\u00eddios n\u00ba 004\/2026, com a inten\u00e7\u00e3o de coletar contribui\u00e7\u00f5es que ajudar\u00e3o a revisar a Resolu\u00e7\u00e3o ANTT n\u00ba 4.281\/2014, que regulamenta os sistemas de pagamento de tarifas de ped\u00e1gio. &hellip;","og_url":"https:\/\/motorista.com.br\/noticias\/2026\/09\/02\/antt-abre-consulta-publica-para-revisar-tarifas-de-pedagio\/","og_site_name":"Motorista.com.br","article_published_time":"2026-09-02T10:50:55+00:00","author":"Equipe Reda\u00e7\u00e3o","twitter_card":"summary_large_image","twitter_misc":{"Escrito por":"Equipe Reda\u00e7\u00e3o","Est. tempo de leitura":"2 minutos","Written by":"Equipe Reda\u00e7\u00e3o"},"schema":{"@context":"https:\/\/schema.org","@graph":[{"@type":"Article","@id":"https:\/\/motorista.com.br\/noticias\/2026\/09\/02\/antt-abre-consulta-publica-para-revisar-tarifas-de-pedagio\/#article","isPartOf":{"@id":"https:\/\/motorista.com.br\/noticias\/2026\/09\/02\/antt-abre-consulta-publica-para-revisar-tarifas-de-pedagio\/"},"author":{"name":"Equipe Reda\u00e7\u00e3o","@id":"https:\/\/motorista.com.br\/noticias\/#\/schema\/person\/dc93afc2981c0e3ce6bc3c053fd847be"},"headline":"ANTT abre consulta p\u00fablica para revisar tarifas de ped\u00e1gio.","datePublished":"2026-09-02T10:50:55+00:00","mainEntityOfPage":{"@id":"https:\/\/motorista.com.br\/noticias\/2026\/09\/02\/antt-abre-consulta-publica-para-revisar-tarifas-de-pedagio\/"},"wordCount":476,"publisher":{"@id":"https:\/\/motorista.com.br\/noticias\/#organization"},"image":{"@id":"https:\/\/motorista.com.br\/noticias\/2026\/09\/02\/antt-abre-consulta-publica-para-revisar-tarifas-de-pedagio\/#primaryimage"},"thumbnailUrl":"https:\/\/motorista.com.br\/noticias\/wp-content\/uploads\/2026\/06\/290603-1024x512.png","articleSection":["Log\u00edstica"],"inLanguage":"pt-BR"},{"@type":"WebPage","@id":"https:\/\/motorista.com.br\/noticias\/2026\/09\/02\/antt-abre-consulta-publica-para-revisar-tarifas-de-pedagio\/","url":"https:\/\/motorista.com.br\/noticias\/2026\/09\/02\/antt-abre-consulta-publica-para-revisar-tarifas-de-pedagio\/","name":"ANTT abre consulta p\u00fablica para revisar tarifas de ped\u00e1gio. - Motorista.com.br","isPartOf":{"@id":"https:\/\/motorista.com.br\/noticias\/#website"},"primaryImageOfPage":{"@id":"https:\/\/motorista.com.br\/noticias\/2026\/09\/02\/antt-abre-consulta-publica-para-revisar-tarifas-de-pedagio\/#primaryimage"},"image":{"@id":"https:\/\/motorista.com.br\/noticias\/2026\/09\/02\/antt-abre-consulta-publica-para-revisar-tarifas-de-pedagio\/#primaryimage"},"thumbnailUrl":"https:\/\/motorista.com.br\/noticias\/wp-content\/uploads\/2026\/06\/290603-1024x512.png","datePublished":"2026-09-02T10:50:55+00:00","breadcrumb":{"@id":"https:\/\/motorista.com.br\/noticias\/2026\/09\/02\/antt-abre-consulta-publica-para-revisar-tarifas-de-pedagio\/#breadcrumb"},"inLanguage":"pt-BR","potentialAction":[{"@type":"ReadAction","target":["https:\/\/motorista.com.br\/noticias\/2026\/09\/02\/antt-abre-consulta-publica-para-revisar-tarifas-de-pedagio\/"]}]},{"@type":"ImageObject","inLanguage":"pt-BR","@id":"https:\/\/motorista.com.br\/noticias\/2026\/09\/02\/antt-abre-consulta-publica-para-revisar-tarifas-de-pedagio\/#primaryimage","url":"https:\/\/motorista.com.br\/noticias\/wp-content\/uploads\/2026\/06\/290603-1024x512.png","contentUrl":"https:\/\/motorista.com.br\/noticias\/wp-content\/uploads\/2026\/06\/290603-1024x512.png","width":1024,"height":512},{"@type":"BreadcrumbList","@id":"https:\/\/motorista.com.br\/noticias\/2026\/09\/02\/antt-abre-consulta-publica-para-revisar-tarifas-de-pedagio\/#breadcrumb","itemListElement":[{"@type":"ListItem","position":1,"name":"In\u00edcio","item":"https:\/\/motorista.com.br\/noticias\/"},{"@type":"ListItem","position":2,"name":"ANTT abre consulta p\u00fablica para revisar tarifas de ped\u00e1gio."}]},{"@type":"WebSite","@id":"https:\/\/motorista.com.br\/noticias\/#website","url":"https:\/\/motorista.com.br\/noticias\/","name":"Motorista.com.br","description":"Not\u00edcia do Motorista","publisher":{"@id":"https:\/\/motorista.com.br\/noticias\/#organization"},"potentialAction":[{"@type":"SearchAction","target":{"@type":"EntryPoint","urlTemplate":"https:\/\/motorista.com.br\/noticias\/?s={search_term_string}"},"query-input":{"@type":"PropertyValueSpecification","valueRequired":true,"valueName":"search_term_string"}}],"inLanguage":"pt-BR"},{"@type":"Organization","@id":"https:\/\/motorista.com.br\/noticias\/#organization","name":"Motorista.com.br","url":"https:\/\/motorista.com.br\/noticias\/","logo":{"@type":"ImageObject","inLanguage":"pt-BR","@id":"https:\/\/motorista.com.br\/noticias\/#\/schema\/logo\/image\/","url":"https:\/\/motorista.com.br\/noticias\/wp-content\/uploads\/2025\/06\/Design-sem-nome-9.png","contentUrl":"https:\/\/motorista.com.br\/noticias\/wp-content\/uploads\/2025\/06\/Design-sem-nome-9.png","width":150,"height":85,"caption":"Motorista.com.br"},"image":{"@id":"https:\/\/motorista.com.br\/noticias\/#\/schema\/logo\/image\/"}},{"@type":"Person","@id":"https:\/\/motorista.com.br\/noticias\/#\/schema\/person\/dc93afc2981c0e3ce6bc3c053fd847be","name":"Equipe Reda\u00e7\u00e3o","image":{"@type":"ImageObject","inLanguage":"pt-BR","@id":"https:\/\/secure.gravatar.com\/avatar\/4f525efbf18dd2bb300ccad28bfb99d95a9465a5ba268407c8c37b37e1f28d2d?s=96&d=mm&r=g9e099043a0c61e9ae27e293b9fa75ffc","url":"https:\/\/secure.gravatar.com\/avatar\/4f525efbf18dd2bb300ccad28bfb99d95a9465a5ba268407c8c37b37e1f28d2d?s=96&d=mm&r=g","contentUrl":"https:\/\/secure.gravatar.com\/avatar\/4f525efbf18dd2bb300ccad28bfb99d95a9465a5ba268407c8c37b37e1f28d2d?s=96&d=mm&r=g","caption":"Equipe Reda\u00e7\u00e3o"},"description":"Equipe de reda\u00e7\u00e3o \u00e9 um grupo de profissionais que trabalham juntos para criar conte\u00fado escrito para Motorista.com.br","url":"https:\/\/motorista.com.br\/noticias\/author\/equiperedacao\/"}]}},"_links":{"self":[{"href":"https:\/\/motorista.com.br\/noticias\/wp-json\/wp\/v2\/posts\/14236","targetHints":{"allow":["GET"]}}],"collection":[{"href":"https:\/\/motorista.com.br\/noticias\/wp-json\/wp\/v2\/posts"}],"about":[{"href":"https:\/\/motorista.com.br\/noticias\/wp-json\/wp\/v2\/types\/post"}],"author":[{"embeddable":true,"href":"https:\/\/motorista.com.br\/noticias\/wp-json\/wp\/v2\/users\/4"}],"replies":[{"embeddable":true,"href":"https:\/\/motorista.com.br\/noticias\/wp-json\/wp\/v2\/comments?post=14236"}],"version-history":[{"count":0,"href":"https:\/\/motorista.com.br\/noticias\/wp-json\/wp\/v2\/posts\/14236\/revisions"}],"wp:featuredmedia":[{"embeddable":true,"href":"https:\/\/motorista.com.br\/noticias\/wp-json\/wp\/v2\/media\/11548"}],"wp:attachment":[{"href":"https:\/\/motorista.com.br\/noticias\/wp-json\/wp\/v2\/media?parent=14236"}],"wp:term":[{"taxonomy":"category","embeddable":true,"href":"https:\/\/motorista.com.br\/noticias\/wp-json\/wp\/v2\/categories?post=14236"},{"taxonomy":"post_tag","embeddable":true,"href":"https:\/\/motorista.com.br\/noticias\/wp-json\/wp\/v2\/tags?post=14236"},{"taxonomy":"author","embeddable":true,"href":"https:\/\/motorista.com.br\/noticias\/wp-json\/wp\/v2\/coauthors?post=14236"}],"curies":[{"name":"wp","href":"https:\/\/api.w.org\/{rel}","templated":true}]}}