{"id":14234,"date":"2026-09-02T07:31:53","date_gmt":"2026-09-02T10:31:53","guid":{"rendered":"https:\/\/motorista.com.br\/noticias\/2026\/09\/02\/caminhoneiro-morre-apos-acidente-e-ataque-de-abelhas-em-goias\/"},"modified":"2026-09-02T07:31:53","modified_gmt":"2026-09-02T10:31:53","slug":"caminhoneiro-morre-apos-acidente-e-ataque-de-abelhas-em-goias","status":"publish","type":"post","link":"https:\/\/motorista.com.br\/noticias\/2026\/09\/02\/caminhoneiro-morre-apos-acidente-e-ataque-de-abelhas-em-goias\/","title":{"rendered":"Caminhoneiro morre ap\u00f3s acidente e ataque de abelhas em Goi\u00e1s."},"content":{"rendered":"<p><\/p>\n<h3>Trag\u00e9dia nas Estradas: Caminhoneiro Morre Ap\u00f3s Ataque de Abelhas em Goi\u00e1s<\/h3>\n<p>Um caminhoneiro perdeu a vida ap\u00f3s ser atacado por um enxame de abelhas ap\u00f3s o tombamento de sua carreta na GO-463, na regi\u00e3o de Campos Belos, Goi\u00e1s. Seu ajudante, que tamb\u00e9m estava no ve\u00edculo, sobreviveu, mas sofreu centenas de ferroadas.<\/p>\n<p>A carreta transportava casca de algod\u00e3o quando o motorista perdeu o controle e tombou \u00e0s margens da rodovia. O que exatamente causou o acidente ainda \u00e9 desconhecido, mas o impacto ressalta a vulnerabilidade dos motoristas nas estradas.<\/p>\n<p>Com o tombamento, o ve\u00edculo se aproximou de um enxame de abelhas, que rapidamente atacou os ocupantes. Em meio ao p\u00e2nico, o motorista conseguiu sair da carreta e se refugiar em uma \u00e1rea de mata, mas n\u00e3o p\u00f4de escapar das abelhas, que o perseguiram. O grito por socorro ecoou enquanto tentava se afastar do local.<\/p>\n<p>O ajudante, que permaneceu pr\u00f3ximo \u00e0 carreta, sofreu uma fratura no p\u00e9 e foi igualmente atacado pelo enxame, somando cerca de 300 ferroadas. Os bombeiros foram chamados para a ocorr\u00eancia, mas enfrentaram dificuldades devido \u00e0 intensidade do ataque das abelhas, que impediu a aproxima\u00e7\u00e3o sem o equipamento adequado. Ao retornarem armados com prote\u00e7\u00e3o espec\u00edfica, j\u00e1 era tarde demais para salvar o caminhoneiro.<\/p>\n<p>A an\u00e1lise inicial indica que a morte ocorreu em decorr\u00eancia das picadas de abelha, e n\u00e3o dos ferimentos do tombamento. A Pol\u00edcia T\u00e9cnico-Cient\u00edfica foi acionada para investigar as causas do acidente, que destaca os riscos associados \u00e0 profiss\u00e3o de caminhoneiro e \u00e0 seguran\u00e7a nas estradas.<\/p>\n<p>Essa trag\u00e9dia provoca reflex\u00f5es acerca da seguran\u00e7a vi\u00e1ria e do suporte que motoristas recebem em situa\u00e7\u00f5es de emerg\u00eancia. O caso ressalta a import\u00e2ncia de medidas preventivas e de regulamenta\u00e7\u00f5es que possam melhorar as condi\u00e7\u00f5es de trabalho e seguran\u00e7a para os caminhoneiros, impactando n\u00e3o s\u00f3 a vida deles, mas tamb\u00e9m a mobilidade geral nas estradas.<\/p>\n<p>A identifica\u00e7\u00e3o do caminhoneiro, Andr\u00e9, que morava na regi\u00e3o, causou como\u00e7\u00e3o entre a comunidade local, evidenciando a conex\u00e3o que os motoristas t\u00eam com as comunidades que penetram e transitam diariamente. \u00c9 essencial que trag\u00e9dias como esta impulsionem discuss\u00f5es sobre seguran\u00e7a vi\u00e1ria e prote\u00e7\u00e3o dos trabalhadores nas estradas.<\/p>\n<p><strong>Fonte: brasildotrecho<\/strong><\/p>\n","protected":false},"excerpt":{"rendered":"<p>Trag\u00e9dia nas Estradas: Caminhoneiro Morre Ap\u00f3s Ataque de Abelhas em Goi\u00e1s Um caminhoneiro perdeu a vida ap\u00f3s ser atacado por um enxame de abelhas ap\u00f3s o tombamento de sua carreta na GO-463, na regi\u00e3o de Campos Belos, Goi\u00e1s. Seu ajudante, que tamb\u00e9m estava no ve\u00edculo, sobreviveu, mas sofreu centenas de ferroadas. A carreta transportava casca &hellip;<\/p>\n","protected":false},"author":4,"featured_media":14235,"comment_status":"","ping_status":"open","sticky":false,"template":"","format":"standard","meta":{"footnotes":""},"categories":[77],"tags":[],"coauthors":[42],"class_list":["post-14234","post","type-post","status-publish","format-standard","has-post-thumbnail","hentry","category-motorista"],"yoast_head":"<!-- This site is optimized with the Yoast SEO Premium plugin v27.6.1 (Yoast SEO v28.4) - https:\/\/yoast.com\/product\/yoast-seo-premium-wordpress\/ -->\n<title>Caminhoneiro morre ap\u00f3s acidente e ataque de abelhas em Goi\u00e1s. - Motorista.com.br<\/title>\n<meta name=\"robots\" content=\"index, follow, max-snippet:-1, max-image-preview:large, max-video-preview:-1\" \/>\n<link rel=\"canonical\" href=\"https:\/\/motorista.com.br\/noticias\/2026\/09\/02\/caminhoneiro-morre-apos-acidente-e-ataque-de-abelhas-em-goias\/\" \/>\n<meta property=\"og:locale\" content=\"pt_BR\" \/>\n<meta property=\"og:type\" content=\"article\" \/>\n<meta property=\"og:title\" content=\"Caminhoneiro morre ap\u00f3s acidente e ataque de abelhas em Goi\u00e1s.\" \/>\n<meta property=\"og:description\" content=\"Trag\u00e9dia nas Estradas: Caminhoneiro Morre Ap\u00f3s Ataque de Abelhas em Goi\u00e1s Um caminhoneiro perdeu a vida ap\u00f3s ser atacado por um enxame de abelhas ap\u00f3s o tombamento de sua carreta na GO-463, na regi\u00e3o de Campos Belos, Goi\u00e1s. Seu ajudante, que tamb\u00e9m estava no ve\u00edculo, sobreviveu, mas sofreu centenas de ferroadas. A carreta transportava casca &hellip;\" \/>\n<meta property=\"og:url\" content=\"https:\/\/motorista.com.br\/noticias\/2026\/09\/02\/caminhoneiro-morre-apos-acidente-e-ataque-de-abelhas-em-goias\/\" \/>\n<meta property=\"og:site_name\" content=\"Motorista.com.br\" \/>\n<meta property=\"article:published_time\" content=\"2026-09-02T10:31:53+00:00\" \/>\n<meta name=\"author\" content=\"Equipe Reda\u00e7\u00e3o\" \/>\n<meta name=\"twitter:card\" content=\"summary_large_image\" \/>\n<meta name=\"twitter:label1\" content=\"Escrito por\" \/>\n\t<meta name=\"twitter:data1\" content=\"Equipe Reda\u00e7\u00e3o\" \/>\n\t<meta name=\"twitter:label2\" content=\"Est. tempo de leitura\" \/>\n\t<meta name=\"twitter:data2\" content=\"2 minutos\" \/>\n\t<meta name=\"twitter:label3\" content=\"Written by\" \/>\n\t<meta name=\"twitter:data3\" content=\"Equipe Reda\u00e7\u00e3o\" \/>\n<script type=\"application\/ld+json\" class=\"yoast-schema-graph\">{\"@context\":\"https:\\\/\\\/schema.org\",\"@graph\":[{\"@type\":\"Article\",\"@id\":\"https:\\\/\\\/motorista.com.br\\\/noticias\\\/2026\\\/09\\\/02\\\/caminhoneiro-morre-apos-acidente-e-ataque-de-abelhas-em-goias\\\/#article\",\"isPartOf\":{\"@id\":\"https:\\\/\\\/motorista.com.br\\\/noticias\\\/2026\\\/09\\\/02\\\/caminhoneiro-morre-apos-acidente-e-ataque-de-abelhas-em-goias\\\/\"},\"author\":{\"name\":\"Equipe Reda\u00e7\u00e3o\",\"@id\":\"https:\\\/\\\/motorista.com.br\\\/noticias\\\/#\\\/schema\\\/person\\\/dc93afc2981c0e3ce6bc3c053fd847be\"},\"headline\":\"Caminhoneiro morre ap\u00f3s acidente e ataque de abelhas em Goi\u00e1s.\",\"datePublished\":\"2026-09-02T10:31:53+00:00\",\"mainEntityOfPage\":{\"@id\":\"https:\\\/\\\/motorista.com.br\\\/noticias\\\/2026\\\/09\\\/02\\\/caminhoneiro-morre-apos-acidente-e-ataque-de-abelhas-em-goias\\\/\"},\"wordCount\":407,\"publisher\":{\"@id\":\"https:\\\/\\\/motorista.com.br\\\/noticias\\\/#organization\"},\"image\":{\"@id\":\"https:\\\/\\\/motorista.com.br\\\/noticias\\\/2026\\\/09\\\/02\\\/caminhoneiro-morre-apos-acidente-e-ataque-de-abelhas-em-goias\\\/#primaryimage\"},\"thumbnailUrl\":\"https:\\\/\\\/motorista.com.br\\\/noticias\\\/wp-content\\\/uploads\\\/2026\\\/09\\\/Caminhoneiro-sai-de-carreta-tombada-e-morre-apos-ataque-de-abelhas-em-Goias.jpg\",\"articleSection\":[\"Motorista\"],\"inLanguage\":\"pt-BR\"},{\"@type\":\"WebPage\",\"@id\":\"https:\\\/\\\/motorista.com.br\\\/noticias\\\/2026\\\/09\\\/02\\\/caminhoneiro-morre-apos-acidente-e-ataque-de-abelhas-em-goias\\\/\",\"url\":\"https:\\\/\\\/motorista.com.br\\\/noticias\\\/2026\\\/09\\\/02\\\/caminhoneiro-morre-apos-acidente-e-ataque-de-abelhas-em-goias\\\/\",\"name\":\"Caminhoneiro morre ap\u00f3s acidente e ataque de abelhas em Goi\u00e1s. - Motorista.com.br\",\"isPartOf\":{\"@id\":\"https:\\\/\\\/motorista.com.br\\\/noticias\\\/#website\"},\"primaryImageOfPage\":{\"@id\":\"https:\\\/\\\/motorista.com.br\\\/noticias\\\/2026\\\/09\\\/02\\\/caminhoneiro-morre-apos-acidente-e-ataque-de-abelhas-em-goias\\\/#primaryimage\"},\"image\":{\"@id\":\"https:\\\/\\\/motorista.com.br\\\/noticias\\\/2026\\\/09\\\/02\\\/caminhoneiro-morre-apos-acidente-e-ataque-de-abelhas-em-goias\\\/#primaryimage\"},\"thumbnailUrl\":\"https:\\\/\\\/motorista.com.br\\\/noticias\\\/wp-content\\\/uploads\\\/2026\\\/09\\\/Caminhoneiro-sai-de-carreta-tombada-e-morre-apos-ataque-de-abelhas-em-Goias.jpg\",\"datePublished\":\"2026-09-02T10:31:53+00:00\",\"breadcrumb\":{\"@id\":\"https:\\\/\\\/motorista.com.br\\\/noticias\\\/2026\\\/09\\\/02\\\/caminhoneiro-morre-apos-acidente-e-ataque-de-abelhas-em-goias\\\/#breadcrumb\"},\"inLanguage\":\"pt-BR\",\"potentialAction\":[{\"@type\":\"ReadAction\",\"target\":[\"https:\\\/\\\/motorista.com.br\\\/noticias\\\/2026\\\/09\\\/02\\\/caminhoneiro-morre-apos-acidente-e-ataque-de-abelhas-em-goias\\\/\"]}]},{\"@type\":\"ImageObject\",\"inLanguage\":\"pt-BR\",\"@id\":\"https:\\\/\\\/motorista.com.br\\\/noticias\\\/2026\\\/09\\\/02\\\/caminhoneiro-morre-apos-acidente-e-ataque-de-abelhas-em-goias\\\/#primaryimage\",\"url\":\"https:\\\/\\\/motorista.com.br\\\/noticias\\\/wp-content\\\/uploads\\\/2026\\\/09\\\/Caminhoneiro-sai-de-carreta-tombada-e-morre-apos-ataque-de-abelhas-em-Goias.jpg\",\"contentUrl\":\"https:\\\/\\\/motorista.com.br\\\/noticias\\\/wp-content\\\/uploads\\\/2026\\\/09\\\/Caminhoneiro-sai-de-carreta-tombada-e-morre-apos-ataque-de-abelhas-em-Goias.jpg\",\"width\":1280,\"height\":720},{\"@type\":\"BreadcrumbList\",\"@id\":\"https:\\\/\\\/motorista.com.br\\\/noticias\\\/2026\\\/09\\\/02\\\/caminhoneiro-morre-apos-acidente-e-ataque-de-abelhas-em-goias\\\/#breadcrumb\",\"itemListElement\":[{\"@type\":\"ListItem\",\"position\":1,\"name\":\"In\u00edcio\",\"item\":\"https:\\\/\\\/motorista.com.br\\\/noticias\\\/\"},{\"@type\":\"ListItem\",\"position\":2,\"name\":\"Caminhoneiro morre ap\u00f3s acidente e ataque de abelhas em Goi\u00e1s.\"}]},{\"@type\":\"WebSite\",\"@id\":\"https:\\\/\\\/motorista.com.br\\\/noticias\\\/#website\",\"url\":\"https:\\\/\\\/motorista.com.br\\\/noticias\\\/\",\"name\":\"Motorista.com.br\",\"description\":\"Not\u00edcia do Motorista\",\"publisher\":{\"@id\":\"https:\\\/\\\/motorista.com.br\\\/noticias\\\/#organization\"},\"potentialAction\":[{\"@type\":\"SearchAction\",\"target\":{\"@type\":\"EntryPoint\",\"urlTemplate\":\"https:\\\/\\\/motorista.com.br\\\/noticias\\\/?s={search_term_string}\"},\"query-input\":{\"@type\":\"PropertyValueSpecification\",\"valueRequired\":true,\"valueName\":\"search_term_string\"}}],\"inLanguage\":\"pt-BR\"},{\"@type\":\"Organization\",\"@id\":\"https:\\\/\\\/motorista.com.br\\\/noticias\\\/#organization\",\"name\":\"Motorista.com.br\",\"url\":\"https:\\\/\\\/motorista.com.br\\\/noticias\\\/\",\"logo\":{\"@type\":\"ImageObject\",\"inLanguage\":\"pt-BR\",\"@id\":\"https:\\\/\\\/motorista.com.br\\\/noticias\\\/#\\\/schema\\\/logo\\\/image\\\/\",\"url\":\"https:\\\/\\\/motorista.com.br\\\/noticias\\\/wp-content\\\/uploads\\\/2025\\\/06\\\/Design-sem-nome-9.png\",\"contentUrl\":\"https:\\\/\\\/motorista.com.br\\\/noticias\\\/wp-content\\\/uploads\\\/2025\\\/06\\\/Design-sem-nome-9.png\",\"width\":150,\"height\":85,\"caption\":\"Motorista.com.br\"},\"image\":{\"@id\":\"https:\\\/\\\/motorista.com.br\\\/noticias\\\/#\\\/schema\\\/logo\\\/image\\\/\"}},{\"@type\":\"Person\",\"@id\":\"https:\\\/\\\/motorista.com.br\\\/noticias\\\/#\\\/schema\\\/person\\\/dc93afc2981c0e3ce6bc3c053fd847be\",\"name\":\"Equipe Reda\u00e7\u00e3o\",\"image\":{\"@type\":\"ImageObject\",\"inLanguage\":\"pt-BR\",\"@id\":\"https:\\\/\\\/secure.gravatar.com\\\/avatar\\\/4f525efbf18dd2bb300ccad28bfb99d95a9465a5ba268407c8c37b37e1f28d2d?s=96&d=mm&r=g9e099043a0c61e9ae27e293b9fa75ffc\",\"url\":\"https:\\\/\\\/secure.gravatar.com\\\/avatar\\\/4f525efbf18dd2bb300ccad28bfb99d95a9465a5ba268407c8c37b37e1f28d2d?s=96&d=mm&r=g\",\"contentUrl\":\"https:\\\/\\\/secure.gravatar.com\\\/avatar\\\/4f525efbf18dd2bb300ccad28bfb99d95a9465a5ba268407c8c37b37e1f28d2d?s=96&d=mm&r=g\",\"caption\":\"Equipe Reda\u00e7\u00e3o\"},\"description\":\"Equipe de reda\u00e7\u00e3o \u00e9 um grupo de profissionais que trabalham juntos para criar conte\u00fado escrito para Motorista.com.br\",\"url\":\"https:\\\/\\\/motorista.com.br\\\/noticias\\\/author\\\/equiperedacao\\\/\"}]}<\/script>\n<!-- \/ Yoast SEO Premium plugin. -->","yoast_head_json":{"title":"Caminhoneiro morre ap\u00f3s acidente e ataque de abelhas em Goi\u00e1s. - Motorista.com.br","robots":{"index":"index","follow":"follow","max-snippet":"max-snippet:-1","max-image-preview":"max-image-preview:large","max-video-preview":"max-video-preview:-1"},"canonical":"https:\/\/motorista.com.br\/noticias\/2026\/09\/02\/caminhoneiro-morre-apos-acidente-e-ataque-de-abelhas-em-goias\/","og_locale":"pt_BR","og_type":"article","og_title":"Caminhoneiro morre ap\u00f3s acidente e ataque de abelhas em Goi\u00e1s.","og_description":"Trag\u00e9dia nas Estradas: Caminhoneiro Morre Ap\u00f3s Ataque de Abelhas em Goi\u00e1s Um caminhoneiro perdeu a vida ap\u00f3s ser atacado por um enxame de abelhas ap\u00f3s o tombamento de sua carreta na GO-463, na regi\u00e3o de Campos Belos, Goi\u00e1s. Seu ajudante, que tamb\u00e9m estava no ve\u00edculo, sobreviveu, mas sofreu centenas de ferroadas. A carreta transportava casca &hellip;","og_url":"https:\/\/motorista.com.br\/noticias\/2026\/09\/02\/caminhoneiro-morre-apos-acidente-e-ataque-de-abelhas-em-goias\/","og_site_name":"Motorista.com.br","article_published_time":"2026-09-02T10:31:53+00:00","author":"Equipe Reda\u00e7\u00e3o","twitter_card":"summary_large_image","twitter_misc":{"Escrito por":"Equipe Reda\u00e7\u00e3o","Est. tempo de leitura":"2 minutos","Written by":"Equipe Reda\u00e7\u00e3o"},"schema":{"@context":"https:\/\/schema.org","@graph":[{"@type":"Article","@id":"https:\/\/motorista.com.br\/noticias\/2026\/09\/02\/caminhoneiro-morre-apos-acidente-e-ataque-de-abelhas-em-goias\/#article","isPartOf":{"@id":"https:\/\/motorista.com.br\/noticias\/2026\/09\/02\/caminhoneiro-morre-apos-acidente-e-ataque-de-abelhas-em-goias\/"},"author":{"name":"Equipe Reda\u00e7\u00e3o","@id":"https:\/\/motorista.com.br\/noticias\/#\/schema\/person\/dc93afc2981c0e3ce6bc3c053fd847be"},"headline":"Caminhoneiro morre ap\u00f3s acidente e ataque de abelhas em Goi\u00e1s.","datePublished":"2026-09-02T10:31:53+00:00","mainEntityOfPage":{"@id":"https:\/\/motorista.com.br\/noticias\/2026\/09\/02\/caminhoneiro-morre-apos-acidente-e-ataque-de-abelhas-em-goias\/"},"wordCount":407,"publisher":{"@id":"https:\/\/motorista.com.br\/noticias\/#organization"},"image":{"@id":"https:\/\/motorista.com.br\/noticias\/2026\/09\/02\/caminhoneiro-morre-apos-acidente-e-ataque-de-abelhas-em-goias\/#primaryimage"},"thumbnailUrl":"https:\/\/motorista.com.br\/noticias\/wp-content\/uploads\/2026\/09\/Caminhoneiro-sai-de-carreta-tombada-e-morre-apos-ataque-de-abelhas-em-Goias.jpg","articleSection":["Motorista"],"inLanguage":"pt-BR"},{"@type":"WebPage","@id":"https:\/\/motorista.com.br\/noticias\/2026\/09\/02\/caminhoneiro-morre-apos-acidente-e-ataque-de-abelhas-em-goias\/","url":"https:\/\/motorista.com.br\/noticias\/2026\/09\/02\/caminhoneiro-morre-apos-acidente-e-ataque-de-abelhas-em-goias\/","name":"Caminhoneiro morre ap\u00f3s acidente e ataque de abelhas em Goi\u00e1s. - Motorista.com.br","isPartOf":{"@id":"https:\/\/motorista.com.br\/noticias\/#website"},"primaryImageOfPage":{"@id":"https:\/\/motorista.com.br\/noticias\/2026\/09\/02\/caminhoneiro-morre-apos-acidente-e-ataque-de-abelhas-em-goias\/#primaryimage"},"image":{"@id":"https:\/\/motorista.com.br\/noticias\/2026\/09\/02\/caminhoneiro-morre-apos-acidente-e-ataque-de-abelhas-em-goias\/#primaryimage"},"thumbnailUrl":"https:\/\/motorista.com.br\/noticias\/wp-content\/uploads\/2026\/09\/Caminhoneiro-sai-de-carreta-tombada-e-morre-apos-ataque-de-abelhas-em-Goias.jpg","datePublished":"2026-09-02T10:31:53+00:00","breadcrumb":{"@id":"https:\/\/motorista.com.br\/noticias\/2026\/09\/02\/caminhoneiro-morre-apos-acidente-e-ataque-de-abelhas-em-goias\/#breadcrumb"},"inLanguage":"pt-BR","potentialAction":[{"@type":"ReadAction","target":["https:\/\/motorista.com.br\/noticias\/2026\/09\/02\/caminhoneiro-morre-apos-acidente-e-ataque-de-abelhas-em-goias\/"]}]},{"@type":"ImageObject","inLanguage":"pt-BR","@id":"https:\/\/motorista.com.br\/noticias\/2026\/09\/02\/caminhoneiro-morre-apos-acidente-e-ataque-de-abelhas-em-goias\/#primaryimage","url":"https:\/\/motorista.com.br\/noticias\/wp-content\/uploads\/2026\/09\/Caminhoneiro-sai-de-carreta-tombada-e-morre-apos-ataque-de-abelhas-em-Goias.jpg","contentUrl":"https:\/\/motorista.com.br\/noticias\/wp-content\/uploads\/2026\/09\/Caminhoneiro-sai-de-carreta-tombada-e-morre-apos-ataque-de-abelhas-em-Goias.jpg","width":1280,"height":720},{"@type":"BreadcrumbList","@id":"https:\/\/motorista.com.br\/noticias\/2026\/09\/02\/caminhoneiro-morre-apos-acidente-e-ataque-de-abelhas-em-goias\/#breadcrumb","itemListElement":[{"@type":"ListItem","position":1,"name":"In\u00edcio","item":"https:\/\/motorista.com.br\/noticias\/"},{"@type":"ListItem","position":2,"name":"Caminhoneiro morre ap\u00f3s acidente e ataque de abelhas em Goi\u00e1s."}]},{"@type":"WebSite","@id":"https:\/\/motorista.com.br\/noticias\/#website","url":"https:\/\/motorista.com.br\/noticias\/","name":"Motorista.com.br","description":"Not\u00edcia do Motorista","publisher":{"@id":"https:\/\/motorista.com.br\/noticias\/#organization"},"potentialAction":[{"@type":"SearchAction","target":{"@type":"EntryPoint","urlTemplate":"https:\/\/motorista.com.br\/noticias\/?s={search_term_string}"},"query-input":{"@type":"PropertyValueSpecification","valueRequired":true,"valueName":"search_term_string"}}],"inLanguage":"pt-BR"},{"@type":"Organization","@id":"https:\/\/motorista.com.br\/noticias\/#organization","name":"Motorista.com.br","url":"https:\/\/motorista.com.br\/noticias\/","logo":{"@type":"ImageObject","inLanguage":"pt-BR","@id":"https:\/\/motorista.com.br\/noticias\/#\/schema\/logo\/image\/","url":"https:\/\/motorista.com.br\/noticias\/wp-content\/uploads\/2025\/06\/Design-sem-nome-9.png","contentUrl":"https:\/\/motorista.com.br\/noticias\/wp-content\/uploads\/2025\/06\/Design-sem-nome-9.png","width":150,"height":85,"caption":"Motorista.com.br"},"image":{"@id":"https:\/\/motorista.com.br\/noticias\/#\/schema\/logo\/image\/"}},{"@type":"Person","@id":"https:\/\/motorista.com.br\/noticias\/#\/schema\/person\/dc93afc2981c0e3ce6bc3c053fd847be","name":"Equipe Reda\u00e7\u00e3o","image":{"@type":"ImageObject","inLanguage":"pt-BR","@id":"https:\/\/secure.gravatar.com\/avatar\/4f525efbf18dd2bb300ccad28bfb99d95a9465a5ba268407c8c37b37e1f28d2d?s=96&d=mm&r=g9e099043a0c61e9ae27e293b9fa75ffc","url":"https:\/\/secure.gravatar.com\/avatar\/4f525efbf18dd2bb300ccad28bfb99d95a9465a5ba268407c8c37b37e1f28d2d?s=96&d=mm&r=g","contentUrl":"https:\/\/secure.gravatar.com\/avatar\/4f525efbf18dd2bb300ccad28bfb99d95a9465a5ba268407c8c37b37e1f28d2d?s=96&d=mm&r=g","caption":"Equipe Reda\u00e7\u00e3o"},"description":"Equipe de reda\u00e7\u00e3o \u00e9 um grupo de profissionais que trabalham juntos para criar conte\u00fado escrito para Motorista.com.br","url":"https:\/\/motorista.com.br\/noticias\/author\/equiperedacao\/"}]}},"_links":{"self":[{"href":"https:\/\/motorista.com.br\/noticias\/wp-json\/wp\/v2\/posts\/14234","targetHints":{"allow":["GET"]}}],"collection":[{"href":"https:\/\/motorista.com.br\/noticias\/wp-json\/wp\/v2\/posts"}],"about":[{"href":"https:\/\/motorista.com.br\/noticias\/wp-json\/wp\/v2\/types\/post"}],"author":[{"embeddable":true,"href":"https:\/\/motorista.com.br\/noticias\/wp-json\/wp\/v2\/users\/4"}],"replies":[{"embeddable":true,"href":"https:\/\/motorista.com.br\/noticias\/wp-json\/wp\/v2\/comments?post=14234"}],"version-history":[{"count":0,"href":"https:\/\/motorista.com.br\/noticias\/wp-json\/wp\/v2\/posts\/14234\/revisions"}],"wp:featuredmedia":[{"embeddable":true,"href":"https:\/\/motorista.com.br\/noticias\/wp-json\/wp\/v2\/media\/14235"}],"wp:attachment":[{"href":"https:\/\/motorista.com.br\/noticias\/wp-json\/wp\/v2\/media?parent=14234"}],"wp:term":[{"taxonomy":"category","embeddable":true,"href":"https:\/\/motorista.com.br\/noticias\/wp-json\/wp\/v2\/categories?post=14234"},{"taxonomy":"post_tag","embeddable":true,"href":"https:\/\/motorista.com.br\/noticias\/wp-json\/wp\/v2\/tags?post=14234"},{"taxonomy":"author","embeddable":true,"href":"https:\/\/motorista.com.br\/noticias\/wp-json\/wp\/v2\/coauthors?post=14234"}],"curies":[{"name":"wp","href":"https:\/\/api.w.org\/{rel}","templated":true}]}}