{"id":14232,"date":"2026-09-02T05:48:50","date_gmt":"2026-09-02T08:48:50","guid":{"rendered":"https:\/\/motorista.com.br\/noticias\/2026\/09\/02\/intra-log-expo-cresceu-em-2026-destacando-automacao-e-globalizacao\/"},"modified":"2026-09-02T05:48:50","modified_gmt":"2026-09-02T08:48:50","slug":"intra-log-expo-cresceu-em-2026-destacando-automacao-e-globalizacao","status":"publish","type":"post","link":"https:\/\/motorista.com.br\/noticias\/2026\/09\/02\/intra-log-expo-cresceu-em-2026-destacando-automacao-e-globalizacao\/","title":{"rendered":"INTRA-LOG Expo cresceu em 2026, destacando automa\u00e7\u00e3o e globaliza\u00e7\u00e3o."},"content":{"rendered":"<p><\/p>\n<p><strong>INTRA-LOG Expo Dobrado Tamanho em 2026 e Marca Registrada em Tecnologia e Automa\u00e7\u00e3o<\/strong><\/p>\n<p>O mercado de automa\u00e7\u00e3o log\u00edstica na Am\u00e9rica Latina est\u00e1 avaliado em US$ 1 bilh\u00e3o, e j\u00e1 se vislumbra um futuro promissor com a confirma\u00e7\u00e3o de grandes marcas internacionais para a INTRA-LOG Expo 2026. O evento, que ocorrer\u00e1 de 15 a 17 de setembro de 2026, no Pavilh\u00e3o Azul do Expo Center Norte, em S\u00e3o Paulo, se destaca como o \u00fanico do setor na regi\u00e3o, e este crescimento reflete a evolu\u00e7\u00e3o da ind\u00fastria e a necessidade urgente de moderniza\u00e7\u00e3o.<\/p>\n<p>A automa\u00e7\u00e3o se revela uma escolha estrat\u00e9gica essencial para o setor latino-americano. Fatores como a press\u00e3o por produtividade, a escassez de m\u00e3o de obra e os custos log\u00edsticos em constante eleva\u00e7\u00e3o t\u00eam acelerado o investimento em tecnologias como rob\u00f3tica, intelig\u00eancia artificial e solu\u00e7\u00f5es de intralog\u00edstica. Esses investimentos s\u00e3o fundamentais para a melhoria da efici\u00eancia das opera\u00e7\u00f5es, beneficiando n\u00e3o apenas as empresas, mas tamb\u00e9m os motoristas, que se beneficiam de um sistema log\u00edstico mais otimizado. <\/p>\n<p>A crescente demanda por solu\u00e7\u00f5es eficientes na cadeia de suprimentos, impulsionada pelo e-commerce, leva as empresas a um processo de transforma\u00e7\u00e3o digital. O Brasil e o M\u00e9xico est\u00e3o na lideran\u00e7a desse avan\u00e7o, com suas economias robustas e investimento em infraestrutura, criando um ecossistema log\u00edstico que exige a implementa\u00e7\u00e3o de tecnologias de automa\u00e7\u00e3o. Para os motoristas, isso significa rotas mais \u00e1geis e uma redu\u00e7\u00e3o significativa no tempo de espera, resultando em ganho de efici\u00eancia e qualidade de vida no trabalho.<\/p>\n<p>Al\u00e9m disso, a INTRA-LOG Expo 2026 n\u00e3o s\u00f3 refor\u00e7a oportunidades de neg\u00f3cios, mas tamb\u00e9m destaca a import\u00e2ncia da colabora\u00e7\u00e3o com associa\u00e7\u00f5es na Am\u00e9rica Latina para fortalecer o setor. O evento espera atrair cerca de 400 expositores e mais de 8.500 visitantes, ampliando a rede de contatos e possibilitando o interc\u00e2mbio de pr\u00e1ticas inovadoras que podem ser traduzidas em melhorias no transporte e na log\u00edstica.<\/p>\n<p>A introdu\u00e7\u00e3o da Label &amp; Pack Expo, que ocorrer\u00e1 simultaneamente \u00e0 INTRA-LOG Expo, vai enriquecer ainda mais a vis\u00e3o das ind\u00fastrias de embalagens e automa\u00e7\u00e3o. Esta abordagem integrada oferece aos visitantes solu\u00e7\u00f5es de ponta a ponta para os desafios enfrentados na cadeia log\u00edstica, impactando diretamente os motoristas com uma opera\u00e7\u00e3o mais fluida e Rocha efici\u00eancia operacional.<\/p>\n<p>Em suma, a INTRA-LOG Expo 2026 representa um marco no cen\u00e1rio da automa\u00e7\u00e3o log\u00edstica na Am\u00e9rica Latina, com repercuss\u00f5es diretas para motoristas e a mobilidade geral. O fortalecimento da tecnologia e da inova\u00e7\u00e3o no setor proporciona ganhos n\u00e3o apenas para as empresas, mas tamb\u00e9m para todos os envolvidos na cadeia de transporte e log\u00edstica.<\/p>\n<p><strong>Fonte:<\/strong> setcesp.org.br<\/p>\n","protected":false},"excerpt":{"rendered":"<p>INTRA-LOG Expo Dobrado Tamanho em 2026 e Marca Registrada em Tecnologia e Automa\u00e7\u00e3o O mercado de automa\u00e7\u00e3o log\u00edstica na Am\u00e9rica Latina est\u00e1 avaliado em US$ 1 bilh\u00e3o, e j\u00e1 se vislumbra um futuro promissor com a confirma\u00e7\u00e3o de grandes marcas internacionais para a INTRA-LOG Expo 2026. O evento, que ocorrer\u00e1 de 15 a 17 de &hellip;<\/p>\n","protected":false},"author":4,"featured_media":14233,"comment_status":"","ping_status":"open","sticky":false,"template":"","format":"standard","meta":{"footnotes":""},"categories":[62],"tags":[],"coauthors":[42],"class_list":["post-14232","post","type-post","status-publish","format-standard","has-post-thumbnail","hentry","category-logistica"],"yoast_head":"<!-- This site is optimized with the Yoast SEO Premium plugin v27.6.1 (Yoast SEO v28.4) - https:\/\/yoast.com\/product\/yoast-seo-premium-wordpress\/ -->\n<title>INTRA-LOG Expo cresceu em 2026, destacando automa\u00e7\u00e3o e globaliza\u00e7\u00e3o. - Motorista.com.br<\/title>\n<meta name=\"robots\" content=\"index, follow, max-snippet:-1, max-image-preview:large, max-video-preview:-1\" \/>\n<link rel=\"canonical\" href=\"https:\/\/motorista.com.br\/noticias\/2026\/09\/02\/intra-log-expo-cresceu-em-2026-destacando-automacao-e-globalizacao\/\" \/>\n<meta property=\"og:locale\" content=\"pt_BR\" \/>\n<meta property=\"og:type\" content=\"article\" \/>\n<meta property=\"og:title\" content=\"INTRA-LOG Expo cresceu em 2026, destacando automa\u00e7\u00e3o e globaliza\u00e7\u00e3o.\" \/>\n<meta property=\"og:description\" content=\"INTRA-LOG Expo Dobrado Tamanho em 2026 e Marca Registrada em Tecnologia e Automa\u00e7\u00e3o O mercado de automa\u00e7\u00e3o log\u00edstica na Am\u00e9rica Latina est\u00e1 avaliado em US$ 1 bilh\u00e3o, e j\u00e1 se vislumbra um futuro promissor com a confirma\u00e7\u00e3o de grandes marcas internacionais para a INTRA-LOG Expo 2026. O evento, que ocorrer\u00e1 de 15 a 17 de &hellip;\" \/>\n<meta property=\"og:url\" content=\"https:\/\/motorista.com.br\/noticias\/2026\/09\/02\/intra-log-expo-cresceu-em-2026-destacando-automacao-e-globalizacao\/\" \/>\n<meta property=\"og:site_name\" content=\"Motorista.com.br\" \/>\n<meta property=\"article:published_time\" content=\"2026-09-02T08:48:50+00:00\" \/>\n<meta name=\"author\" content=\"Equipe Reda\u00e7\u00e3o\" \/>\n<meta name=\"twitter:card\" content=\"summary_large_image\" \/>\n<meta name=\"twitter:label1\" content=\"Escrito por\" \/>\n\t<meta name=\"twitter:data1\" content=\"Equipe Reda\u00e7\u00e3o\" \/>\n\t<meta name=\"twitter:label2\" content=\"Est. tempo de leitura\" \/>\n\t<meta name=\"twitter:data2\" content=\"2 minutos\" \/>\n\t<meta name=\"twitter:label3\" content=\"Written by\" \/>\n\t<meta name=\"twitter:data3\" content=\"Equipe Reda\u00e7\u00e3o\" \/>\n<script type=\"application\/ld+json\" class=\"yoast-schema-graph\">{\"@context\":\"https:\\\/\\\/schema.org\",\"@graph\":[{\"@type\":\"Article\",\"@id\":\"https:\\\/\\\/motorista.com.br\\\/noticias\\\/2026\\\/09\\\/02\\\/intra-log-expo-cresceu-em-2026-destacando-automacao-e-globalizacao\\\/#article\",\"isPartOf\":{\"@id\":\"https:\\\/\\\/motorista.com.br\\\/noticias\\\/2026\\\/09\\\/02\\\/intra-log-expo-cresceu-em-2026-destacando-automacao-e-globalizacao\\\/\"},\"author\":{\"name\":\"Equipe Reda\u00e7\u00e3o\",\"@id\":\"https:\\\/\\\/motorista.com.br\\\/noticias\\\/#\\\/schema\\\/person\\\/dc93afc2981c0e3ce6bc3c053fd847be\"},\"headline\":\"INTRA-LOG Expo cresceu em 2026, destacando automa\u00e7\u00e3o e globaliza\u00e7\u00e3o.\",\"datePublished\":\"2026-09-02T08:48:50+00:00\",\"mainEntityOfPage\":{\"@id\":\"https:\\\/\\\/motorista.com.br\\\/noticias\\\/2026\\\/09\\\/02\\\/intra-log-expo-cresceu-em-2026-destacando-automacao-e-globalizacao\\\/\"},\"wordCount\":490,\"publisher\":{\"@id\":\"https:\\\/\\\/motorista.com.br\\\/noticias\\\/#organization\"},\"image\":{\"@id\":\"https:\\\/\\\/motorista.com.br\\\/noticias\\\/2026\\\/09\\\/02\\\/intra-log-expo-cresceu-em-2026-destacando-automacao-e-globalizacao\\\/#primaryimage\"},\"thumbnailUrl\":\"https:\\\/\\\/motorista.com.br\\\/noticias\\\/wp-content\\\/uploads\\\/2026\\\/09\\\/Site-do-SETCESP.jpg\",\"articleSection\":[\"Log\u00edstica\"],\"inLanguage\":\"pt-BR\"},{\"@type\":\"WebPage\",\"@id\":\"https:\\\/\\\/motorista.com.br\\\/noticias\\\/2026\\\/09\\\/02\\\/intra-log-expo-cresceu-em-2026-destacando-automacao-e-globalizacao\\\/\",\"url\":\"https:\\\/\\\/motorista.com.br\\\/noticias\\\/2026\\\/09\\\/02\\\/intra-log-expo-cresceu-em-2026-destacando-automacao-e-globalizacao\\\/\",\"name\":\"INTRA-LOG Expo cresceu em 2026, destacando automa\u00e7\u00e3o e globaliza\u00e7\u00e3o. - Motorista.com.br\",\"isPartOf\":{\"@id\":\"https:\\\/\\\/motorista.com.br\\\/noticias\\\/#website\"},\"primaryImageOfPage\":{\"@id\":\"https:\\\/\\\/motorista.com.br\\\/noticias\\\/2026\\\/09\\\/02\\\/intra-log-expo-cresceu-em-2026-destacando-automacao-e-globalizacao\\\/#primaryimage\"},\"image\":{\"@id\":\"https:\\\/\\\/motorista.com.br\\\/noticias\\\/2026\\\/09\\\/02\\\/intra-log-expo-cresceu-em-2026-destacando-automacao-e-globalizacao\\\/#primaryimage\"},\"thumbnailUrl\":\"https:\\\/\\\/motorista.com.br\\\/noticias\\\/wp-content\\\/uploads\\\/2026\\\/09\\\/Site-do-SETCESP.jpg\",\"datePublished\":\"2026-09-02T08:48:50+00:00\",\"breadcrumb\":{\"@id\":\"https:\\\/\\\/motorista.com.br\\\/noticias\\\/2026\\\/09\\\/02\\\/intra-log-expo-cresceu-em-2026-destacando-automacao-e-globalizacao\\\/#breadcrumb\"},\"inLanguage\":\"pt-BR\",\"potentialAction\":[{\"@type\":\"ReadAction\",\"target\":[\"https:\\\/\\\/motorista.com.br\\\/noticias\\\/2026\\\/09\\\/02\\\/intra-log-expo-cresceu-em-2026-destacando-automacao-e-globalizacao\\\/\"]}]},{\"@type\":\"ImageObject\",\"inLanguage\":\"pt-BR\",\"@id\":\"https:\\\/\\\/motorista.com.br\\\/noticias\\\/2026\\\/09\\\/02\\\/intra-log-expo-cresceu-em-2026-destacando-automacao-e-globalizacao\\\/#primaryimage\",\"url\":\"https:\\\/\\\/motorista.com.br\\\/noticias\\\/wp-content\\\/uploads\\\/2026\\\/09\\\/Site-do-SETCESP.jpg\",\"contentUrl\":\"https:\\\/\\\/motorista.com.br\\\/noticias\\\/wp-content\\\/uploads\\\/2026\\\/09\\\/Site-do-SETCESP.jpg\",\"width\":1400,\"height\":700},{\"@type\":\"BreadcrumbList\",\"@id\":\"https:\\\/\\\/motorista.com.br\\\/noticias\\\/2026\\\/09\\\/02\\\/intra-log-expo-cresceu-em-2026-destacando-automacao-e-globalizacao\\\/#breadcrumb\",\"itemListElement\":[{\"@type\":\"ListItem\",\"position\":1,\"name\":\"In\u00edcio\",\"item\":\"https:\\\/\\\/motorista.com.br\\\/noticias\\\/\"},{\"@type\":\"ListItem\",\"position\":2,\"name\":\"INTRA-LOG Expo cresceu em 2026, destacando automa\u00e7\u00e3o e globaliza\u00e7\u00e3o.\"}]},{\"@type\":\"WebSite\",\"@id\":\"https:\\\/\\\/motorista.com.br\\\/noticias\\\/#website\",\"url\":\"https:\\\/\\\/motorista.com.br\\\/noticias\\\/\",\"name\":\"Motorista.com.br\",\"description\":\"Not\u00edcia do Motorista\",\"publisher\":{\"@id\":\"https:\\\/\\\/motorista.com.br\\\/noticias\\\/#organization\"},\"potentialAction\":[{\"@type\":\"SearchAction\",\"target\":{\"@type\":\"EntryPoint\",\"urlTemplate\":\"https:\\\/\\\/motorista.com.br\\\/noticias\\\/?s={search_term_string}\"},\"query-input\":{\"@type\":\"PropertyValueSpecification\",\"valueRequired\":true,\"valueName\":\"search_term_string\"}}],\"inLanguage\":\"pt-BR\"},{\"@type\":\"Organization\",\"@id\":\"https:\\\/\\\/motorista.com.br\\\/noticias\\\/#organization\",\"name\":\"Motorista.com.br\",\"url\":\"https:\\\/\\\/motorista.com.br\\\/noticias\\\/\",\"logo\":{\"@type\":\"ImageObject\",\"inLanguage\":\"pt-BR\",\"@id\":\"https:\\\/\\\/motorista.com.br\\\/noticias\\\/#\\\/schema\\\/logo\\\/image\\\/\",\"url\":\"https:\\\/\\\/motorista.com.br\\\/noticias\\\/wp-content\\\/uploads\\\/2025\\\/06\\\/Design-sem-nome-9.png\",\"contentUrl\":\"https:\\\/\\\/motorista.com.br\\\/noticias\\\/wp-content\\\/uploads\\\/2025\\\/06\\\/Design-sem-nome-9.png\",\"width\":150,\"height\":85,\"caption\":\"Motorista.com.br\"},\"image\":{\"@id\":\"https:\\\/\\\/motorista.com.br\\\/noticias\\\/#\\\/schema\\\/logo\\\/image\\\/\"}},{\"@type\":\"Person\",\"@id\":\"https:\\\/\\\/motorista.com.br\\\/noticias\\\/#\\\/schema\\\/person\\\/dc93afc2981c0e3ce6bc3c053fd847be\",\"name\":\"Equipe Reda\u00e7\u00e3o\",\"image\":{\"@type\":\"ImageObject\",\"inLanguage\":\"pt-BR\",\"@id\":\"https:\\\/\\\/secure.gravatar.com\\\/avatar\\\/4f525efbf18dd2bb300ccad28bfb99d95a9465a5ba268407c8c37b37e1f28d2d?s=96&d=mm&r=g9e099043a0c61e9ae27e293b9fa75ffc\",\"url\":\"https:\\\/\\\/secure.gravatar.com\\\/avatar\\\/4f525efbf18dd2bb300ccad28bfb99d95a9465a5ba268407c8c37b37e1f28d2d?s=96&d=mm&r=g\",\"contentUrl\":\"https:\\\/\\\/secure.gravatar.com\\\/avatar\\\/4f525efbf18dd2bb300ccad28bfb99d95a9465a5ba268407c8c37b37e1f28d2d?s=96&d=mm&r=g\",\"caption\":\"Equipe Reda\u00e7\u00e3o\"},\"description\":\"Equipe de reda\u00e7\u00e3o \u00e9 um grupo de profissionais que trabalham juntos para criar conte\u00fado escrito para Motorista.com.br\",\"url\":\"https:\\\/\\\/motorista.com.br\\\/noticias\\\/author\\\/equiperedacao\\\/\"}]}<\/script>\n<!-- \/ Yoast SEO Premium plugin. -->","yoast_head_json":{"title":"INTRA-LOG Expo cresceu em 2026, destacando automa\u00e7\u00e3o e globaliza\u00e7\u00e3o. - Motorista.com.br","robots":{"index":"index","follow":"follow","max-snippet":"max-snippet:-1","max-image-preview":"max-image-preview:large","max-video-preview":"max-video-preview:-1"},"canonical":"https:\/\/motorista.com.br\/noticias\/2026\/09\/02\/intra-log-expo-cresceu-em-2026-destacando-automacao-e-globalizacao\/","og_locale":"pt_BR","og_type":"article","og_title":"INTRA-LOG Expo cresceu em 2026, destacando automa\u00e7\u00e3o e globaliza\u00e7\u00e3o.","og_description":"INTRA-LOG Expo Dobrado Tamanho em 2026 e Marca Registrada em Tecnologia e Automa\u00e7\u00e3o O mercado de automa\u00e7\u00e3o log\u00edstica na Am\u00e9rica Latina est\u00e1 avaliado em US$ 1 bilh\u00e3o, e j\u00e1 se vislumbra um futuro promissor com a confirma\u00e7\u00e3o de grandes marcas internacionais para a INTRA-LOG Expo 2026. O evento, que ocorrer\u00e1 de 15 a 17 de &hellip;","og_url":"https:\/\/motorista.com.br\/noticias\/2026\/09\/02\/intra-log-expo-cresceu-em-2026-destacando-automacao-e-globalizacao\/","og_site_name":"Motorista.com.br","article_published_time":"2026-09-02T08:48:50+00:00","author":"Equipe Reda\u00e7\u00e3o","twitter_card":"summary_large_image","twitter_misc":{"Escrito por":"Equipe Reda\u00e7\u00e3o","Est. tempo de leitura":"2 minutos","Written by":"Equipe Reda\u00e7\u00e3o"},"schema":{"@context":"https:\/\/schema.org","@graph":[{"@type":"Article","@id":"https:\/\/motorista.com.br\/noticias\/2026\/09\/02\/intra-log-expo-cresceu-em-2026-destacando-automacao-e-globalizacao\/#article","isPartOf":{"@id":"https:\/\/motorista.com.br\/noticias\/2026\/09\/02\/intra-log-expo-cresceu-em-2026-destacando-automacao-e-globalizacao\/"},"author":{"name":"Equipe Reda\u00e7\u00e3o","@id":"https:\/\/motorista.com.br\/noticias\/#\/schema\/person\/dc93afc2981c0e3ce6bc3c053fd847be"},"headline":"INTRA-LOG Expo cresceu em 2026, destacando automa\u00e7\u00e3o e globaliza\u00e7\u00e3o.","datePublished":"2026-09-02T08:48:50+00:00","mainEntityOfPage":{"@id":"https:\/\/motorista.com.br\/noticias\/2026\/09\/02\/intra-log-expo-cresceu-em-2026-destacando-automacao-e-globalizacao\/"},"wordCount":490,"publisher":{"@id":"https:\/\/motorista.com.br\/noticias\/#organization"},"image":{"@id":"https:\/\/motorista.com.br\/noticias\/2026\/09\/02\/intra-log-expo-cresceu-em-2026-destacando-automacao-e-globalizacao\/#primaryimage"},"thumbnailUrl":"https:\/\/motorista.com.br\/noticias\/wp-content\/uploads\/2026\/09\/Site-do-SETCESP.jpg","articleSection":["Log\u00edstica"],"inLanguage":"pt-BR"},{"@type":"WebPage","@id":"https:\/\/motorista.com.br\/noticias\/2026\/09\/02\/intra-log-expo-cresceu-em-2026-destacando-automacao-e-globalizacao\/","url":"https:\/\/motorista.com.br\/noticias\/2026\/09\/02\/intra-log-expo-cresceu-em-2026-destacando-automacao-e-globalizacao\/","name":"INTRA-LOG Expo cresceu em 2026, destacando automa\u00e7\u00e3o e globaliza\u00e7\u00e3o. - Motorista.com.br","isPartOf":{"@id":"https:\/\/motorista.com.br\/noticias\/#website"},"primaryImageOfPage":{"@id":"https:\/\/motorista.com.br\/noticias\/2026\/09\/02\/intra-log-expo-cresceu-em-2026-destacando-automacao-e-globalizacao\/#primaryimage"},"image":{"@id":"https:\/\/motorista.com.br\/noticias\/2026\/09\/02\/intra-log-expo-cresceu-em-2026-destacando-automacao-e-globalizacao\/#primaryimage"},"thumbnailUrl":"https:\/\/motorista.com.br\/noticias\/wp-content\/uploads\/2026\/09\/Site-do-SETCESP.jpg","datePublished":"2026-09-02T08:48:50+00:00","breadcrumb":{"@id":"https:\/\/motorista.com.br\/noticias\/2026\/09\/02\/intra-log-expo-cresceu-em-2026-destacando-automacao-e-globalizacao\/#breadcrumb"},"inLanguage":"pt-BR","potentialAction":[{"@type":"ReadAction","target":["https:\/\/motorista.com.br\/noticias\/2026\/09\/02\/intra-log-expo-cresceu-em-2026-destacando-automacao-e-globalizacao\/"]}]},{"@type":"ImageObject","inLanguage":"pt-BR","@id":"https:\/\/motorista.com.br\/noticias\/2026\/09\/02\/intra-log-expo-cresceu-em-2026-destacando-automacao-e-globalizacao\/#primaryimage","url":"https:\/\/motorista.com.br\/noticias\/wp-content\/uploads\/2026\/09\/Site-do-SETCESP.jpg","contentUrl":"https:\/\/motorista.com.br\/noticias\/wp-content\/uploads\/2026\/09\/Site-do-SETCESP.jpg","width":1400,"height":700},{"@type":"BreadcrumbList","@id":"https:\/\/motorista.com.br\/noticias\/2026\/09\/02\/intra-log-expo-cresceu-em-2026-destacando-automacao-e-globalizacao\/#breadcrumb","itemListElement":[{"@type":"ListItem","position":1,"name":"In\u00edcio","item":"https:\/\/motorista.com.br\/noticias\/"},{"@type":"ListItem","position":2,"name":"INTRA-LOG Expo cresceu em 2026, destacando automa\u00e7\u00e3o e globaliza\u00e7\u00e3o."}]},{"@type":"WebSite","@id":"https:\/\/motorista.com.br\/noticias\/#website","url":"https:\/\/motorista.com.br\/noticias\/","name":"Motorista.com.br","description":"Not\u00edcia do Motorista","publisher":{"@id":"https:\/\/motorista.com.br\/noticias\/#organization"},"potentialAction":[{"@type":"SearchAction","target":{"@type":"EntryPoint","urlTemplate":"https:\/\/motorista.com.br\/noticias\/?s={search_term_string}"},"query-input":{"@type":"PropertyValueSpecification","valueRequired":true,"valueName":"search_term_string"}}],"inLanguage":"pt-BR"},{"@type":"Organization","@id":"https:\/\/motorista.com.br\/noticias\/#organization","name":"Motorista.com.br","url":"https:\/\/motorista.com.br\/noticias\/","logo":{"@type":"ImageObject","inLanguage":"pt-BR","@id":"https:\/\/motorista.com.br\/noticias\/#\/schema\/logo\/image\/","url":"https:\/\/motorista.com.br\/noticias\/wp-content\/uploads\/2025\/06\/Design-sem-nome-9.png","contentUrl":"https:\/\/motorista.com.br\/noticias\/wp-content\/uploads\/2025\/06\/Design-sem-nome-9.png","width":150,"height":85,"caption":"Motorista.com.br"},"image":{"@id":"https:\/\/motorista.com.br\/noticias\/#\/schema\/logo\/image\/"}},{"@type":"Person","@id":"https:\/\/motorista.com.br\/noticias\/#\/schema\/person\/dc93afc2981c0e3ce6bc3c053fd847be","name":"Equipe Reda\u00e7\u00e3o","image":{"@type":"ImageObject","inLanguage":"pt-BR","@id":"https:\/\/secure.gravatar.com\/avatar\/4f525efbf18dd2bb300ccad28bfb99d95a9465a5ba268407c8c37b37e1f28d2d?s=96&d=mm&r=g9e099043a0c61e9ae27e293b9fa75ffc","url":"https:\/\/secure.gravatar.com\/avatar\/4f525efbf18dd2bb300ccad28bfb99d95a9465a5ba268407c8c37b37e1f28d2d?s=96&d=mm&r=g","contentUrl":"https:\/\/secure.gravatar.com\/avatar\/4f525efbf18dd2bb300ccad28bfb99d95a9465a5ba268407c8c37b37e1f28d2d?s=96&d=mm&r=g","caption":"Equipe Reda\u00e7\u00e3o"},"description":"Equipe de reda\u00e7\u00e3o \u00e9 um grupo de profissionais que trabalham juntos para criar conte\u00fado escrito para Motorista.com.br","url":"https:\/\/motorista.com.br\/noticias\/author\/equiperedacao\/"}]}},"_links":{"self":[{"href":"https:\/\/motorista.com.br\/noticias\/wp-json\/wp\/v2\/posts\/14232","targetHints":{"allow":["GET"]}}],"collection":[{"href":"https:\/\/motorista.com.br\/noticias\/wp-json\/wp\/v2\/posts"}],"about":[{"href":"https:\/\/motorista.com.br\/noticias\/wp-json\/wp\/v2\/types\/post"}],"author":[{"embeddable":true,"href":"https:\/\/motorista.com.br\/noticias\/wp-json\/wp\/v2\/users\/4"}],"replies":[{"embeddable":true,"href":"https:\/\/motorista.com.br\/noticias\/wp-json\/wp\/v2\/comments?post=14232"}],"version-history":[{"count":0,"href":"https:\/\/motorista.com.br\/noticias\/wp-json\/wp\/v2\/posts\/14232\/revisions"}],"wp:featuredmedia":[{"embeddable":true,"href":"https:\/\/motorista.com.br\/noticias\/wp-json\/wp\/v2\/media\/14233"}],"wp:attachment":[{"href":"https:\/\/motorista.com.br\/noticias\/wp-json\/wp\/v2\/media?parent=14232"}],"wp:term":[{"taxonomy":"category","embeddable":true,"href":"https:\/\/motorista.com.br\/noticias\/wp-json\/wp\/v2\/categories?post=14232"},{"taxonomy":"post_tag","embeddable":true,"href":"https:\/\/motorista.com.br\/noticias\/wp-json\/wp\/v2\/tags?post=14232"},{"taxonomy":"author","embeddable":true,"href":"https:\/\/motorista.com.br\/noticias\/wp-json\/wp\/v2\/coauthors?post=14232"}],"curies":[{"name":"wp","href":"https:\/\/api.w.org\/{rel}","templated":true}]}}