{"id":14231,"date":"2026-09-02T05:14:13","date_gmt":"2026-09-02T08:14:13","guid":{"rendered":"https:\/\/motorista.com.br\/noticias\/2026\/09\/02\/cargas-a-granel-7-pontos-cruciais-para-o-transporte-agricola\/"},"modified":"2026-09-02T05:14:13","modified_gmt":"2026-09-02T08:14:13","slug":"cargas-a-granel-7-pontos-cruciais-para-o-transporte-agricola","status":"publish","type":"post","link":"https:\/\/motorista.com.br\/noticias\/2026\/09\/02\/cargas-a-granel-7-pontos-cruciais-para-o-transporte-agricola\/","title":{"rendered":"Cargas a granel: 7 pontos cruciais para o transporte agr\u00edcola"},"content":{"rendered":"<p><\/p>\n<h1>Cargas a granel: 7 pontos de controle essenciais no transporte do agroneg\u00f3cio<\/h1>\n<p>O transporte de carga a granel \u00e9 fundamental para o escoamento de gr\u00e3os e outras commodities no Brasil, um dos maiores produtores agr\u00edcolas do mundo. Assegurar que essa produ\u00e7\u00e3o chegue ao seu destino com qualidade \u00e9 um desafio log\u00edstico constante, especialmente em um pa\u00eds de dimens\u00f5es continentais.<\/p>\n<p>Durante o trajeto, diversos fatores podem impactar a integridade da carga, como umidade, falhas na veda\u00e7\u00e3o da carroceria e res\u00edduos de cargas anteriores. Esses aspectos n\u00e3o apenas comprometem a qualidade, mas tamb\u00e9m podem causar perdas financeiras significativas. Portanto, o controle rigoroso de processos no transporte se torna um elemento crucial para reduzir desperd\u00edcios e preservar o valor dos produtos. Mesmo pequenas falhas operacionais podem se traduzir em grandes preju\u00edzos, especialmente em opera\u00e7\u00f5es de grande volume.<\/p>\n<h2>Pontos Operacionais Decisivos<\/h2>\n<ol>\n<li>\n<p><strong>Limpeza adequada do implemento antes do carregamento:<\/strong><br \/>\nO ac\u00famulo de res\u00edduos pode comprometer a carga transportada. Portanto, realizar uma limpeza minuciosa da carroceria ou do implemento \u00e9 imprescind\u00edvel.<\/p>\n<\/li>\n<li>\n<p><strong>Verifica\u00e7\u00e3o da veda\u00e7\u00e3o e da estrutura do implemento:<\/strong><br \/>\nFrestas ou desgastes na carroceria podem levar a vazamentos. Uma inspe\u00e7\u00e3o minuciosa antes da viagem garante a integridade da carga.<\/p>\n<\/li>\n<li>\n<p><strong>Uso correto da lona para prote\u00e7\u00e3o da carga:<\/strong><br \/>\nA lona protege os gr\u00e3os de intemp\u00e9ries e contamina\u00e7\u00f5es externas. Sua utiliza\u00e7\u00e3o n\u00e3o s\u00f3 \u00e9 uma exig\u00eancia em muitas opera\u00e7\u00f5es, mas tamb\u00e9m preserva a qualidade durante o transporte.<\/p>\n<\/li>\n<li>\n<p><strong>Controle de umidade da carga:<\/strong><br \/>\nO monitoramento da umidade \u00e9 essencial, visto que a umidade excessiva pode favorecer a deteriora\u00e7\u00e3o e prolifera\u00e7\u00e3o de fungos. Medidas que assegurem a prote\u00e7\u00e3o da carga s\u00e3o vitais.<\/p>\n<\/li>\n<li>\n<p><strong>Confer\u00eancia da pesagem na origem e no destino:<\/strong><br \/>\nA pesagem correta ajuda a garantir transpar\u00eancia e controle. Diferen\u00e7as de peso podem indicar perdas e falhas no processo log\u00edstico.<\/p>\n<\/li>\n<li>\n<p><strong>Checklist operacional antes da sa\u00edda:<\/strong><br \/>\nUm checklist simples que cobre condi\u00e7\u00f5es do ve\u00edculo, veda\u00e7\u00e3o da carga e documenta\u00e7\u00e3o pode prevenir problemas na estrada.<\/p>\n<\/li>\n<li>\n<p><strong>Monitoramento e rastreio da viagem:<\/strong><br \/>\nO uso de sistemas de rastreamento permite maior controle sobre o transporte, identificando desvios e aumentando a efici\u00eancia.<\/p>\n<\/li>\n<\/ol>\n<h2>A Digitaliza\u00e7\u00e3o como Aliada<\/h2>\n<p>A digitaliza\u00e7\u00e3o desempenha um papel cada vez mais crucial na redu\u00e7\u00e3o de perdas durante o transporte de cargas a granel. Notavelmente, tecnologia e inova\u00e7\u00e3o ajudam a estruturar rotinas organizadas que facilitam o acompanhamento de toda a opera\u00e7\u00e3o. Plataformas digitais centralizam informa\u00e7\u00f5es vitais, como hor\u00e1rios de coleta e entrega, status da viagem e registros log\u00edsticos, proporcionando mais visibilidade e controle.<\/p>\n<p>Essas solu\u00e7\u00f5es, que combinam padroniza\u00e7\u00e3o operacional e roteiriza\u00e7\u00e3o inteligente, tornam o transporte a granel mais seguro e eficiente. Com um maior controle em cada etapa do processo, as perdas ao longo do trajeto podem ser minimizadas, beneficiando motoristas e contribuindo para uma mobilidade mais eficaz.<\/p>\n<p>Por fim, adotar essas pr\u00e1ticas n\u00e3o gera apenas vantagens para quem opera no setor, mas tamb\u00e9m impacta positivamente o sistema de transporte como um todo. A melhoria da efici\u00eancia n\u00e3o s\u00f3 aumenta a rentabilidade para motoristas, mas tamb\u00e9m assegura um escoamento mais \u00e1gil e seguro das commodities, contribuindo para a sustentabilidade e competitividade do agroneg\u00f3cio brasileiro.<\/p>\n","protected":false},"excerpt":{"rendered":"<p>Cargas a granel: 7 pontos de controle essenciais no transporte do agroneg\u00f3cio O transporte de carga a granel \u00e9 fundamental para o escoamento de gr\u00e3os e outras commodities no Brasil, um dos maiores produtores agr\u00edcolas do mundo. Assegurar que essa produ\u00e7\u00e3o chegue ao seu destino com qualidade \u00e9 um desafio log\u00edstico constante, especialmente em um &hellip;<\/p>\n","protected":false},"author":4,"featured_media":7983,"comment_status":"","ping_status":"open","sticky":false,"template":"","format":"standard","meta":{"footnotes":""},"categories":[78,77],"tags":[],"coauthors":[42],"class_list":["post-14231","post","type-post","status-publish","format-standard","has-post-thumbnail","hentry","category-carreteiro","category-motorista"],"yoast_head":"<!-- This site is optimized with the Yoast SEO Premium plugin v27.6.1 (Yoast SEO v28.4) - https:\/\/yoast.com\/product\/yoast-seo-premium-wordpress\/ -->\n<title>Cargas a granel: 7 pontos cruciais para o transporte agr\u00edcola - Motorista.com.br<\/title>\n<meta name=\"robots\" content=\"index, follow, max-snippet:-1, max-image-preview:large, max-video-preview:-1\" \/>\n<link rel=\"canonical\" href=\"https:\/\/motorista.com.br\/noticias\/2026\/09\/02\/cargas-a-granel-7-pontos-cruciais-para-o-transporte-agricola\/\" \/>\n<meta property=\"og:locale\" content=\"pt_BR\" \/>\n<meta property=\"og:type\" content=\"article\" \/>\n<meta property=\"og:title\" content=\"Cargas a granel: 7 pontos cruciais para o transporte agr\u00edcola\" \/>\n<meta property=\"og:description\" content=\"Cargas a granel: 7 pontos de controle essenciais no transporte do agroneg\u00f3cio O transporte de carga a granel \u00e9 fundamental para o escoamento de gr\u00e3os e outras commodities no Brasil, um dos maiores produtores agr\u00edcolas do mundo. Assegurar que essa produ\u00e7\u00e3o chegue ao seu destino com qualidade \u00e9 um desafio log\u00edstico constante, especialmente em um &hellip;\" \/>\n<meta property=\"og:url\" content=\"https:\/\/motorista.com.br\/noticias\/2026\/09\/02\/cargas-a-granel-7-pontos-cruciais-para-o-transporte-agricola\/\" \/>\n<meta property=\"og:site_name\" content=\"Motorista.com.br\" \/>\n<meta property=\"article:published_time\" content=\"2026-09-02T08:14:13+00:00\" \/>\n<meta name=\"author\" content=\"Equipe Reda\u00e7\u00e3o\" \/>\n<meta name=\"twitter:card\" content=\"summary_large_image\" \/>\n<meta name=\"twitter:label1\" content=\"Escrito por\" \/>\n\t<meta name=\"twitter:data1\" content=\"Equipe Reda\u00e7\u00e3o\" \/>\n\t<meta name=\"twitter:label2\" content=\"Est. tempo de leitura\" \/>\n\t<meta name=\"twitter:data2\" content=\"3 minutos\" \/>\n\t<meta name=\"twitter:label3\" content=\"Written by\" \/>\n\t<meta name=\"twitter:data3\" content=\"Equipe Reda\u00e7\u00e3o\" \/>\n<script type=\"application\/ld+json\" class=\"yoast-schema-graph\">{\"@context\":\"https:\\\/\\\/schema.org\",\"@graph\":[{\"@type\":\"Article\",\"@id\":\"https:\\\/\\\/motorista.com.br\\\/noticias\\\/2026\\\/09\\\/02\\\/cargas-a-granel-7-pontos-cruciais-para-o-transporte-agricola\\\/#article\",\"isPartOf\":{\"@id\":\"https:\\\/\\\/motorista.com.br\\\/noticias\\\/2026\\\/09\\\/02\\\/cargas-a-granel-7-pontos-cruciais-para-o-transporte-agricola\\\/\"},\"author\":{\"name\":\"Equipe Reda\u00e7\u00e3o\",\"@id\":\"https:\\\/\\\/motorista.com.br\\\/noticias\\\/#\\\/schema\\\/person\\\/dc93afc2981c0e3ce6bc3c053fd847be\"},\"headline\":\"Cargas a granel: 7 pontos cruciais para o transporte agr\u00edcola\",\"datePublished\":\"2026-09-02T08:14:13+00:00\",\"mainEntityOfPage\":{\"@id\":\"https:\\\/\\\/motorista.com.br\\\/noticias\\\/2026\\\/09\\\/02\\\/cargas-a-granel-7-pontos-cruciais-para-o-transporte-agricola\\\/\"},\"wordCount\":565,\"publisher\":{\"@id\":\"https:\\\/\\\/motorista.com.br\\\/noticias\\\/#organization\"},\"image\":{\"@id\":\"https:\\\/\\\/motorista.com.br\\\/noticias\\\/2026\\\/09\\\/02\\\/cargas-a-granel-7-pontos-cruciais-para-o-transporte-agricola\\\/#primaryimage\"},\"thumbnailUrl\":\"https:\\\/\\\/motorista.com.br\\\/noticias\\\/wp-content\\\/uploads\\\/2026\\\/03\\\/estrada-476-parana-br-rodovia.jpg\",\"articleSection\":[\"Carreteiro\",\"Motorista\"],\"inLanguage\":\"pt-BR\"},{\"@type\":\"WebPage\",\"@id\":\"https:\\\/\\\/motorista.com.br\\\/noticias\\\/2026\\\/09\\\/02\\\/cargas-a-granel-7-pontos-cruciais-para-o-transporte-agricola\\\/\",\"url\":\"https:\\\/\\\/motorista.com.br\\\/noticias\\\/2026\\\/09\\\/02\\\/cargas-a-granel-7-pontos-cruciais-para-o-transporte-agricola\\\/\",\"name\":\"Cargas a granel: 7 pontos cruciais para o transporte agr\u00edcola - Motorista.com.br\",\"isPartOf\":{\"@id\":\"https:\\\/\\\/motorista.com.br\\\/noticias\\\/#website\"},\"primaryImageOfPage\":{\"@id\":\"https:\\\/\\\/motorista.com.br\\\/noticias\\\/2026\\\/09\\\/02\\\/cargas-a-granel-7-pontos-cruciais-para-o-transporte-agricola\\\/#primaryimage\"},\"image\":{\"@id\":\"https:\\\/\\\/motorista.com.br\\\/noticias\\\/2026\\\/09\\\/02\\\/cargas-a-granel-7-pontos-cruciais-para-o-transporte-agricola\\\/#primaryimage\"},\"thumbnailUrl\":\"https:\\\/\\\/motorista.com.br\\\/noticias\\\/wp-content\\\/uploads\\\/2026\\\/03\\\/estrada-476-parana-br-rodovia.jpg\",\"datePublished\":\"2026-09-02T08:14:13+00:00\",\"breadcrumb\":{\"@id\":\"https:\\\/\\\/motorista.com.br\\\/noticias\\\/2026\\\/09\\\/02\\\/cargas-a-granel-7-pontos-cruciais-para-o-transporte-agricola\\\/#breadcrumb\"},\"inLanguage\":\"pt-BR\",\"potentialAction\":[{\"@type\":\"ReadAction\",\"target\":[\"https:\\\/\\\/motorista.com.br\\\/noticias\\\/2026\\\/09\\\/02\\\/cargas-a-granel-7-pontos-cruciais-para-o-transporte-agricola\\\/\"]}]},{\"@type\":\"ImageObject\",\"inLanguage\":\"pt-BR\",\"@id\":\"https:\\\/\\\/motorista.com.br\\\/noticias\\\/2026\\\/09\\\/02\\\/cargas-a-granel-7-pontos-cruciais-para-o-transporte-agricola\\\/#primaryimage\",\"url\":\"https:\\\/\\\/motorista.com.br\\\/noticias\\\/wp-content\\\/uploads\\\/2026\\\/03\\\/estrada-476-parana-br-rodovia.jpg\",\"contentUrl\":\"https:\\\/\\\/motorista.com.br\\\/noticias\\\/wp-content\\\/uploads\\\/2026\\\/03\\\/estrada-476-parana-br-rodovia.jpg\",\"width\":1200,\"height\":800},{\"@type\":\"BreadcrumbList\",\"@id\":\"https:\\\/\\\/motorista.com.br\\\/noticias\\\/2026\\\/09\\\/02\\\/cargas-a-granel-7-pontos-cruciais-para-o-transporte-agricola\\\/#breadcrumb\",\"itemListElement\":[{\"@type\":\"ListItem\",\"position\":1,\"name\":\"In\u00edcio\",\"item\":\"https:\\\/\\\/motorista.com.br\\\/noticias\\\/\"},{\"@type\":\"ListItem\",\"position\":2,\"name\":\"Cargas a granel: 7 pontos cruciais para o transporte agr\u00edcola\"}]},{\"@type\":\"WebSite\",\"@id\":\"https:\\\/\\\/motorista.com.br\\\/noticias\\\/#website\",\"url\":\"https:\\\/\\\/motorista.com.br\\\/noticias\\\/\",\"name\":\"Motorista.com.br\",\"description\":\"Not\u00edcia do Motorista\",\"publisher\":{\"@id\":\"https:\\\/\\\/motorista.com.br\\\/noticias\\\/#organization\"},\"potentialAction\":[{\"@type\":\"SearchAction\",\"target\":{\"@type\":\"EntryPoint\",\"urlTemplate\":\"https:\\\/\\\/motorista.com.br\\\/noticias\\\/?s={search_term_string}\"},\"query-input\":{\"@type\":\"PropertyValueSpecification\",\"valueRequired\":true,\"valueName\":\"search_term_string\"}}],\"inLanguage\":\"pt-BR\"},{\"@type\":\"Organization\",\"@id\":\"https:\\\/\\\/motorista.com.br\\\/noticias\\\/#organization\",\"name\":\"Motorista.com.br\",\"url\":\"https:\\\/\\\/motorista.com.br\\\/noticias\\\/\",\"logo\":{\"@type\":\"ImageObject\",\"inLanguage\":\"pt-BR\",\"@id\":\"https:\\\/\\\/motorista.com.br\\\/noticias\\\/#\\\/schema\\\/logo\\\/image\\\/\",\"url\":\"https:\\\/\\\/motorista.com.br\\\/noticias\\\/wp-content\\\/uploads\\\/2025\\\/06\\\/Design-sem-nome-9.png\",\"contentUrl\":\"https:\\\/\\\/motorista.com.br\\\/noticias\\\/wp-content\\\/uploads\\\/2025\\\/06\\\/Design-sem-nome-9.png\",\"width\":150,\"height\":85,\"caption\":\"Motorista.com.br\"},\"image\":{\"@id\":\"https:\\\/\\\/motorista.com.br\\\/noticias\\\/#\\\/schema\\\/logo\\\/image\\\/\"}},{\"@type\":\"Person\",\"@id\":\"https:\\\/\\\/motorista.com.br\\\/noticias\\\/#\\\/schema\\\/person\\\/dc93afc2981c0e3ce6bc3c053fd847be\",\"name\":\"Equipe Reda\u00e7\u00e3o\",\"image\":{\"@type\":\"ImageObject\",\"inLanguage\":\"pt-BR\",\"@id\":\"https:\\\/\\\/secure.gravatar.com\\\/avatar\\\/4f525efbf18dd2bb300ccad28bfb99d95a9465a5ba268407c8c37b37e1f28d2d?s=96&d=mm&r=g9e099043a0c61e9ae27e293b9fa75ffc\",\"url\":\"https:\\\/\\\/secure.gravatar.com\\\/avatar\\\/4f525efbf18dd2bb300ccad28bfb99d95a9465a5ba268407c8c37b37e1f28d2d?s=96&d=mm&r=g\",\"contentUrl\":\"https:\\\/\\\/secure.gravatar.com\\\/avatar\\\/4f525efbf18dd2bb300ccad28bfb99d95a9465a5ba268407c8c37b37e1f28d2d?s=96&d=mm&r=g\",\"caption\":\"Equipe Reda\u00e7\u00e3o\"},\"description\":\"Equipe de reda\u00e7\u00e3o \u00e9 um grupo de profissionais que trabalham juntos para criar conte\u00fado escrito para Motorista.com.br\",\"url\":\"https:\\\/\\\/motorista.com.br\\\/noticias\\\/author\\\/equiperedacao\\\/\"}]}<\/script>\n<!-- \/ Yoast SEO Premium plugin. -->","yoast_head_json":{"title":"Cargas a granel: 7 pontos cruciais para o transporte agr\u00edcola - Motorista.com.br","robots":{"index":"index","follow":"follow","max-snippet":"max-snippet:-1","max-image-preview":"max-image-preview:large","max-video-preview":"max-video-preview:-1"},"canonical":"https:\/\/motorista.com.br\/noticias\/2026\/09\/02\/cargas-a-granel-7-pontos-cruciais-para-o-transporte-agricola\/","og_locale":"pt_BR","og_type":"article","og_title":"Cargas a granel: 7 pontos cruciais para o transporte agr\u00edcola","og_description":"Cargas a granel: 7 pontos de controle essenciais no transporte do agroneg\u00f3cio O transporte de carga a granel \u00e9 fundamental para o escoamento de gr\u00e3os e outras commodities no Brasil, um dos maiores produtores agr\u00edcolas do mundo. Assegurar que essa produ\u00e7\u00e3o chegue ao seu destino com qualidade \u00e9 um desafio log\u00edstico constante, especialmente em um &hellip;","og_url":"https:\/\/motorista.com.br\/noticias\/2026\/09\/02\/cargas-a-granel-7-pontos-cruciais-para-o-transporte-agricola\/","og_site_name":"Motorista.com.br","article_published_time":"2026-09-02T08:14:13+00:00","author":"Equipe Reda\u00e7\u00e3o","twitter_card":"summary_large_image","twitter_misc":{"Escrito por":"Equipe Reda\u00e7\u00e3o","Est. tempo de leitura":"3 minutos","Written by":"Equipe Reda\u00e7\u00e3o"},"schema":{"@context":"https:\/\/schema.org","@graph":[{"@type":"Article","@id":"https:\/\/motorista.com.br\/noticias\/2026\/09\/02\/cargas-a-granel-7-pontos-cruciais-para-o-transporte-agricola\/#article","isPartOf":{"@id":"https:\/\/motorista.com.br\/noticias\/2026\/09\/02\/cargas-a-granel-7-pontos-cruciais-para-o-transporte-agricola\/"},"author":{"name":"Equipe Reda\u00e7\u00e3o","@id":"https:\/\/motorista.com.br\/noticias\/#\/schema\/person\/dc93afc2981c0e3ce6bc3c053fd847be"},"headline":"Cargas a granel: 7 pontos cruciais para o transporte agr\u00edcola","datePublished":"2026-09-02T08:14:13+00:00","mainEntityOfPage":{"@id":"https:\/\/motorista.com.br\/noticias\/2026\/09\/02\/cargas-a-granel-7-pontos-cruciais-para-o-transporte-agricola\/"},"wordCount":565,"publisher":{"@id":"https:\/\/motorista.com.br\/noticias\/#organization"},"image":{"@id":"https:\/\/motorista.com.br\/noticias\/2026\/09\/02\/cargas-a-granel-7-pontos-cruciais-para-o-transporte-agricola\/#primaryimage"},"thumbnailUrl":"https:\/\/motorista.com.br\/noticias\/wp-content\/uploads\/2026\/03\/estrada-476-parana-br-rodovia.jpg","articleSection":["Carreteiro","Motorista"],"inLanguage":"pt-BR"},{"@type":"WebPage","@id":"https:\/\/motorista.com.br\/noticias\/2026\/09\/02\/cargas-a-granel-7-pontos-cruciais-para-o-transporte-agricola\/","url":"https:\/\/motorista.com.br\/noticias\/2026\/09\/02\/cargas-a-granel-7-pontos-cruciais-para-o-transporte-agricola\/","name":"Cargas a granel: 7 pontos cruciais para o transporte agr\u00edcola - Motorista.com.br","isPartOf":{"@id":"https:\/\/motorista.com.br\/noticias\/#website"},"primaryImageOfPage":{"@id":"https:\/\/motorista.com.br\/noticias\/2026\/09\/02\/cargas-a-granel-7-pontos-cruciais-para-o-transporte-agricola\/#primaryimage"},"image":{"@id":"https:\/\/motorista.com.br\/noticias\/2026\/09\/02\/cargas-a-granel-7-pontos-cruciais-para-o-transporte-agricola\/#primaryimage"},"thumbnailUrl":"https:\/\/motorista.com.br\/noticias\/wp-content\/uploads\/2026\/03\/estrada-476-parana-br-rodovia.jpg","datePublished":"2026-09-02T08:14:13+00:00","breadcrumb":{"@id":"https:\/\/motorista.com.br\/noticias\/2026\/09\/02\/cargas-a-granel-7-pontos-cruciais-para-o-transporte-agricola\/#breadcrumb"},"inLanguage":"pt-BR","potentialAction":[{"@type":"ReadAction","target":["https:\/\/motorista.com.br\/noticias\/2026\/09\/02\/cargas-a-granel-7-pontos-cruciais-para-o-transporte-agricola\/"]}]},{"@type":"ImageObject","inLanguage":"pt-BR","@id":"https:\/\/motorista.com.br\/noticias\/2026\/09\/02\/cargas-a-granel-7-pontos-cruciais-para-o-transporte-agricola\/#primaryimage","url":"https:\/\/motorista.com.br\/noticias\/wp-content\/uploads\/2026\/03\/estrada-476-parana-br-rodovia.jpg","contentUrl":"https:\/\/motorista.com.br\/noticias\/wp-content\/uploads\/2026\/03\/estrada-476-parana-br-rodovia.jpg","width":1200,"height":800},{"@type":"BreadcrumbList","@id":"https:\/\/motorista.com.br\/noticias\/2026\/09\/02\/cargas-a-granel-7-pontos-cruciais-para-o-transporte-agricola\/#breadcrumb","itemListElement":[{"@type":"ListItem","position":1,"name":"In\u00edcio","item":"https:\/\/motorista.com.br\/noticias\/"},{"@type":"ListItem","position":2,"name":"Cargas a granel: 7 pontos cruciais para o transporte agr\u00edcola"}]},{"@type":"WebSite","@id":"https:\/\/motorista.com.br\/noticias\/#website","url":"https:\/\/motorista.com.br\/noticias\/","name":"Motorista.com.br","description":"Not\u00edcia do Motorista","publisher":{"@id":"https:\/\/motorista.com.br\/noticias\/#organization"},"potentialAction":[{"@type":"SearchAction","target":{"@type":"EntryPoint","urlTemplate":"https:\/\/motorista.com.br\/noticias\/?s={search_term_string}"},"query-input":{"@type":"PropertyValueSpecification","valueRequired":true,"valueName":"search_term_string"}}],"inLanguage":"pt-BR"},{"@type":"Organization","@id":"https:\/\/motorista.com.br\/noticias\/#organization","name":"Motorista.com.br","url":"https:\/\/motorista.com.br\/noticias\/","logo":{"@type":"ImageObject","inLanguage":"pt-BR","@id":"https:\/\/motorista.com.br\/noticias\/#\/schema\/logo\/image\/","url":"https:\/\/motorista.com.br\/noticias\/wp-content\/uploads\/2025\/06\/Design-sem-nome-9.png","contentUrl":"https:\/\/motorista.com.br\/noticias\/wp-content\/uploads\/2025\/06\/Design-sem-nome-9.png","width":150,"height":85,"caption":"Motorista.com.br"},"image":{"@id":"https:\/\/motorista.com.br\/noticias\/#\/schema\/logo\/image\/"}},{"@type":"Person","@id":"https:\/\/motorista.com.br\/noticias\/#\/schema\/person\/dc93afc2981c0e3ce6bc3c053fd847be","name":"Equipe Reda\u00e7\u00e3o","image":{"@type":"ImageObject","inLanguage":"pt-BR","@id":"https:\/\/secure.gravatar.com\/avatar\/4f525efbf18dd2bb300ccad28bfb99d95a9465a5ba268407c8c37b37e1f28d2d?s=96&d=mm&r=g9e099043a0c61e9ae27e293b9fa75ffc","url":"https:\/\/secure.gravatar.com\/avatar\/4f525efbf18dd2bb300ccad28bfb99d95a9465a5ba268407c8c37b37e1f28d2d?s=96&d=mm&r=g","contentUrl":"https:\/\/secure.gravatar.com\/avatar\/4f525efbf18dd2bb300ccad28bfb99d95a9465a5ba268407c8c37b37e1f28d2d?s=96&d=mm&r=g","caption":"Equipe Reda\u00e7\u00e3o"},"description":"Equipe de reda\u00e7\u00e3o \u00e9 um grupo de profissionais que trabalham juntos para criar conte\u00fado escrito para Motorista.com.br","url":"https:\/\/motorista.com.br\/noticias\/author\/equiperedacao\/"}]}},"_links":{"self":[{"href":"https:\/\/motorista.com.br\/noticias\/wp-json\/wp\/v2\/posts\/14231","targetHints":{"allow":["GET"]}}],"collection":[{"href":"https:\/\/motorista.com.br\/noticias\/wp-json\/wp\/v2\/posts"}],"about":[{"href":"https:\/\/motorista.com.br\/noticias\/wp-json\/wp\/v2\/types\/post"}],"author":[{"embeddable":true,"href":"https:\/\/motorista.com.br\/noticias\/wp-json\/wp\/v2\/users\/4"}],"replies":[{"embeddable":true,"href":"https:\/\/motorista.com.br\/noticias\/wp-json\/wp\/v2\/comments?post=14231"}],"version-history":[{"count":0,"href":"https:\/\/motorista.com.br\/noticias\/wp-json\/wp\/v2\/posts\/14231\/revisions"}],"wp:featuredmedia":[{"embeddable":true,"href":"https:\/\/motorista.com.br\/noticias\/wp-json\/wp\/v2\/media\/7983"}],"wp:attachment":[{"href":"https:\/\/motorista.com.br\/noticias\/wp-json\/wp\/v2\/media?parent=14231"}],"wp:term":[{"taxonomy":"category","embeddable":true,"href":"https:\/\/motorista.com.br\/noticias\/wp-json\/wp\/v2\/categories?post=14231"},{"taxonomy":"post_tag","embeddable":true,"href":"https:\/\/motorista.com.br\/noticias\/wp-json\/wp\/v2\/tags?post=14231"},{"taxonomy":"author","embeddable":true,"href":"https:\/\/motorista.com.br\/noticias\/wp-json\/wp\/v2\/coauthors?post=14231"}],"curies":[{"name":"wp","href":"https:\/\/api.w.org\/{rel}","templated":true}]}}