{"id":14229,"date":"2026-09-02T03:48:15","date_gmt":"2026-09-02T06:48:15","guid":{"rendered":"https:\/\/motorista.com.br\/noticias\/2026\/09\/02\/abralog-e-abesc-firmam-parceria-para-implementar-pavimento-de-concreto-em-cds\/"},"modified":"2026-09-02T03:48:15","modified_gmt":"2026-09-02T06:48:15","slug":"abralog-e-abesc-firmam-parceria-para-implementar-pavimento-de-concreto-em-cds","status":"publish","type":"post","link":"https:\/\/motorista.com.br\/noticias\/2026\/09\/02\/abralog-e-abesc-firmam-parceria-para-implementar-pavimento-de-concreto-em-cds\/","title":{"rendered":"Abralog e Abesc firmam parceria para implementar pavimento de concreto em CDs."},"content":{"rendered":"<p><\/p>\n<h2>Abralog e Abesc Assinam Coopera\u00e7\u00e3o para Levar Pavimento de Concreto a CDs<\/h2>\n<p>A Associa\u00e7\u00e3o Brasileira de Log\u00edstica (Abralog) e a Associa\u00e7\u00e3o Brasileira das Empresas de Servi\u00e7os de Concretagem (Abesc) firmaram um Termo de Coopera\u00e7\u00e3o T\u00e9cnica durante o Concrete Show South America 2026. Este acordo, com validade de 24 meses, visa o desenvolvimento conjunto de solu\u00e7\u00f5es em concreto voltadas para a infraestrutura log\u00edstica, incluindo p\u00e1tios de estocagem e vias de circula\u00e7\u00e3o de ve\u00edculos pesados.<\/p>\n<p>O foco da colabora\u00e7\u00e3o \u00e9 o PUC \u2014 Pavimento Urbano de Concreto, um sistema de alto desempenho que promete benef\u00edcios significativos, como maior efici\u00eancia energ\u00e9tica, reduzida necessidade de manuten\u00e7\u00e3o e uma vida \u00fatil prolongada em compara\u00e7\u00e3o com outros tipos de pavimenta\u00e7\u00e3o. Esses ganhos podem resultar em opera\u00e7\u00f5es log\u00edsticas mais sustent\u00e1veis e econ\u00f4micas, impactando positivamente o setor de transporte e a mobilidade urbana.<\/p>\n<p>Al\u00e9m dos aspectos t\u00e9cnicos, a iniciativa contempla uma s\u00e9rie de atividades, como reuni\u00f5es peri\u00f3dicas, webinars, cursos e palestras sobre melhores pr\u00e1ticas de pavimenta\u00e7\u00e3o. A troca de conhecimentos e experi\u00eancias entre os associados fortalece a capacita\u00e7\u00e3o n\u00e3o apenas dos envolvidos, mas tamb\u00e9m melhora a opera\u00e7\u00e3o das empresas ao adotar essas inova\u00e7\u00f5es. Isso pode resultar em fluxos de carga mais eficientes e, consequentemente, em um transporte mais \u00e1gil nas rodovias.<\/p>\n<p>A coopera\u00e7\u00e3o n\u00e3o s\u00f3 melhora a infraestrutura, mas para motoristas e operadores log\u00edsticos, significa um ambiente de trabalho mais seguro e produtivo. A redu\u00e7\u00e3o de buracos e falhas nas estradas minimiza riscos de acidentes e danos aos ve\u00edculos, al\u00e9m de promover uma melhor experi\u00eancia para todos os usu\u00e1rios das vias. A disposi\u00e7\u00e3o de pavimentos de qualidade em centros de distribui\u00e7\u00e3o pode facilitar o acesso e a movimenta\u00e7\u00e3o de cargas, refletindo diretamente na efici\u00eancia do transporte.<\/p>\n<p>Por fim, este acordo representa uma oportunidade valiosa para o desenvolvimento do setor, sendo uma aposta em solu\u00e7\u00f5es que beneficiam tanto a log\u00edstica quanto a mobilidade urbana, mostrando que investimentos em infraestrutura t\u00eam um retorno positivo para a sociedade como um todo.<\/p>\n<p>Fonte: Abralog<\/p>\n","protected":false},"excerpt":{"rendered":"<p>Abralog e Abesc Assinam Coopera\u00e7\u00e3o para Levar Pavimento de Concreto a CDs A Associa\u00e7\u00e3o Brasileira de Log\u00edstica (Abralog) e a Associa\u00e7\u00e3o Brasileira das Empresas de Servi\u00e7os de Concretagem (Abesc) firmaram um Termo de Coopera\u00e7\u00e3o T\u00e9cnica durante o Concrete Show South America 2026. Este acordo, com validade de 24 meses, visa o desenvolvimento conjunto de solu\u00e7\u00f5es &hellip;<\/p>\n","protected":false},"author":4,"featured_media":14230,"comment_status":"","ping_status":"open","sticky":false,"template":"","format":"standard","meta":{"footnotes":""},"categories":[62],"tags":[],"coauthors":[42],"class_list":["post-14229","post","type-post","status-publish","format-standard","has-post-thumbnail","hentry","category-logistica"],"yoast_head":"<!-- This site is optimized with the Yoast SEO Premium plugin v27.6.1 (Yoast SEO v28.4) - https:\/\/yoast.com\/product\/yoast-seo-premium-wordpress\/ -->\n<title>Abralog e Abesc firmam parceria para implementar pavimento de concreto em CDs. - Motorista.com.br<\/title>\n<meta name=\"robots\" content=\"index, follow, max-snippet:-1, max-image-preview:large, max-video-preview:-1\" \/>\n<link rel=\"canonical\" href=\"https:\/\/motorista.com.br\/noticias\/2026\/09\/02\/abralog-e-abesc-firmam-parceria-para-implementar-pavimento-de-concreto-em-cds\/\" \/>\n<meta property=\"og:locale\" content=\"pt_BR\" \/>\n<meta property=\"og:type\" content=\"article\" \/>\n<meta property=\"og:title\" content=\"Abralog e Abesc firmam parceria para implementar pavimento de concreto em CDs.\" \/>\n<meta property=\"og:description\" content=\"Abralog e Abesc Assinam Coopera\u00e7\u00e3o para Levar Pavimento de Concreto a CDs A Associa\u00e7\u00e3o Brasileira de Log\u00edstica (Abralog) e a Associa\u00e7\u00e3o Brasileira das Empresas de Servi\u00e7os de Concretagem (Abesc) firmaram um Termo de Coopera\u00e7\u00e3o T\u00e9cnica durante o Concrete Show South America 2026. Este acordo, com validade de 24 meses, visa o desenvolvimento conjunto de solu\u00e7\u00f5es &hellip;\" \/>\n<meta property=\"og:url\" content=\"https:\/\/motorista.com.br\/noticias\/2026\/09\/02\/abralog-e-abesc-firmam-parceria-para-implementar-pavimento-de-concreto-em-cds\/\" \/>\n<meta property=\"og:site_name\" content=\"Motorista.com.br\" \/>\n<meta property=\"article:published_time\" content=\"2026-09-02T06:48:15+00:00\" \/>\n<meta name=\"author\" content=\"Equipe Reda\u00e7\u00e3o\" \/>\n<meta name=\"twitter:card\" content=\"summary_large_image\" \/>\n<meta name=\"twitter:label1\" content=\"Escrito por\" \/>\n\t<meta name=\"twitter:data1\" content=\"Equipe Reda\u00e7\u00e3o\" \/>\n\t<meta name=\"twitter:label2\" content=\"Est. tempo de leitura\" \/>\n\t<meta name=\"twitter:data2\" content=\"2 minutos\" \/>\n\t<meta name=\"twitter:label3\" content=\"Written by\" \/>\n\t<meta name=\"twitter:data3\" content=\"Equipe Reda\u00e7\u00e3o\" \/>\n<script type=\"application\/ld+json\" class=\"yoast-schema-graph\">{\"@context\":\"https:\\\/\\\/schema.org\",\"@graph\":[{\"@type\":\"Article\",\"@id\":\"https:\\\/\\\/motorista.com.br\\\/noticias\\\/2026\\\/09\\\/02\\\/abralog-e-abesc-firmam-parceria-para-implementar-pavimento-de-concreto-em-cds\\\/#article\",\"isPartOf\":{\"@id\":\"https:\\\/\\\/motorista.com.br\\\/noticias\\\/2026\\\/09\\\/02\\\/abralog-e-abesc-firmam-parceria-para-implementar-pavimento-de-concreto-em-cds\\\/\"},\"author\":{\"name\":\"Equipe Reda\u00e7\u00e3o\",\"@id\":\"https:\\\/\\\/motorista.com.br\\\/noticias\\\/#\\\/schema\\\/person\\\/dc93afc2981c0e3ce6bc3c053fd847be\"},\"headline\":\"Abralog e Abesc firmam parceria para implementar pavimento de concreto em CDs.\",\"datePublished\":\"2026-09-02T06:48:15+00:00\",\"mainEntityOfPage\":{\"@id\":\"https:\\\/\\\/motorista.com.br\\\/noticias\\\/2026\\\/09\\\/02\\\/abralog-e-abesc-firmam-parceria-para-implementar-pavimento-de-concreto-em-cds\\\/\"},\"wordCount\":381,\"publisher\":{\"@id\":\"https:\\\/\\\/motorista.com.br\\\/noticias\\\/#organization\"},\"image\":{\"@id\":\"https:\\\/\\\/motorista.com.br\\\/noticias\\\/2026\\\/09\\\/02\\\/abralog-e-abesc-firmam-parceria-para-implementar-pavimento-de-concreto-em-cds\\\/#primaryimage\"},\"thumbnailUrl\":\"https:\\\/\\\/motorista.com.br\\\/noticias\\\/wp-content\\\/uploads\\\/2026\\\/09\\\/ID-AB-1000-px-x-830-px-Abralog-1.png\",\"articleSection\":[\"Log\u00edstica\"],\"inLanguage\":\"pt-BR\"},{\"@type\":\"WebPage\",\"@id\":\"https:\\\/\\\/motorista.com.br\\\/noticias\\\/2026\\\/09\\\/02\\\/abralog-e-abesc-firmam-parceria-para-implementar-pavimento-de-concreto-em-cds\\\/\",\"url\":\"https:\\\/\\\/motorista.com.br\\\/noticias\\\/2026\\\/09\\\/02\\\/abralog-e-abesc-firmam-parceria-para-implementar-pavimento-de-concreto-em-cds\\\/\",\"name\":\"Abralog e Abesc firmam parceria para implementar pavimento de concreto em CDs. - Motorista.com.br\",\"isPartOf\":{\"@id\":\"https:\\\/\\\/motorista.com.br\\\/noticias\\\/#website\"},\"primaryImageOfPage\":{\"@id\":\"https:\\\/\\\/motorista.com.br\\\/noticias\\\/2026\\\/09\\\/02\\\/abralog-e-abesc-firmam-parceria-para-implementar-pavimento-de-concreto-em-cds\\\/#primaryimage\"},\"image\":{\"@id\":\"https:\\\/\\\/motorista.com.br\\\/noticias\\\/2026\\\/09\\\/02\\\/abralog-e-abesc-firmam-parceria-para-implementar-pavimento-de-concreto-em-cds\\\/#primaryimage\"},\"thumbnailUrl\":\"https:\\\/\\\/motorista.com.br\\\/noticias\\\/wp-content\\\/uploads\\\/2026\\\/09\\\/ID-AB-1000-px-x-830-px-Abralog-1.png\",\"datePublished\":\"2026-09-02T06:48:15+00:00\",\"breadcrumb\":{\"@id\":\"https:\\\/\\\/motorista.com.br\\\/noticias\\\/2026\\\/09\\\/02\\\/abralog-e-abesc-firmam-parceria-para-implementar-pavimento-de-concreto-em-cds\\\/#breadcrumb\"},\"inLanguage\":\"pt-BR\",\"potentialAction\":[{\"@type\":\"ReadAction\",\"target\":[\"https:\\\/\\\/motorista.com.br\\\/noticias\\\/2026\\\/09\\\/02\\\/abralog-e-abesc-firmam-parceria-para-implementar-pavimento-de-concreto-em-cds\\\/\"]}]},{\"@type\":\"ImageObject\",\"inLanguage\":\"pt-BR\",\"@id\":\"https:\\\/\\\/motorista.com.br\\\/noticias\\\/2026\\\/09\\\/02\\\/abralog-e-abesc-firmam-parceria-para-implementar-pavimento-de-concreto-em-cds\\\/#primaryimage\",\"url\":\"https:\\\/\\\/motorista.com.br\\\/noticias\\\/wp-content\\\/uploads\\\/2026\\\/09\\\/ID-AB-1000-px-x-830-px-Abralog-1.png\",\"contentUrl\":\"https:\\\/\\\/motorista.com.br\\\/noticias\\\/wp-content\\\/uploads\\\/2026\\\/09\\\/ID-AB-1000-px-x-830-px-Abralog-1.png\",\"width\":1000,\"height\":830},{\"@type\":\"BreadcrumbList\",\"@id\":\"https:\\\/\\\/motorista.com.br\\\/noticias\\\/2026\\\/09\\\/02\\\/abralog-e-abesc-firmam-parceria-para-implementar-pavimento-de-concreto-em-cds\\\/#breadcrumb\",\"itemListElement\":[{\"@type\":\"ListItem\",\"position\":1,\"name\":\"In\u00edcio\",\"item\":\"https:\\\/\\\/motorista.com.br\\\/noticias\\\/\"},{\"@type\":\"ListItem\",\"position\":2,\"name\":\"Abralog e Abesc firmam parceria para implementar pavimento de concreto em CDs.\"}]},{\"@type\":\"WebSite\",\"@id\":\"https:\\\/\\\/motorista.com.br\\\/noticias\\\/#website\",\"url\":\"https:\\\/\\\/motorista.com.br\\\/noticias\\\/\",\"name\":\"Motorista.com.br\",\"description\":\"Not\u00edcia do Motorista\",\"publisher\":{\"@id\":\"https:\\\/\\\/motorista.com.br\\\/noticias\\\/#organization\"},\"potentialAction\":[{\"@type\":\"SearchAction\",\"target\":{\"@type\":\"EntryPoint\",\"urlTemplate\":\"https:\\\/\\\/motorista.com.br\\\/noticias\\\/?s={search_term_string}\"},\"query-input\":{\"@type\":\"PropertyValueSpecification\",\"valueRequired\":true,\"valueName\":\"search_term_string\"}}],\"inLanguage\":\"pt-BR\"},{\"@type\":\"Organization\",\"@id\":\"https:\\\/\\\/motorista.com.br\\\/noticias\\\/#organization\",\"name\":\"Motorista.com.br\",\"url\":\"https:\\\/\\\/motorista.com.br\\\/noticias\\\/\",\"logo\":{\"@type\":\"ImageObject\",\"inLanguage\":\"pt-BR\",\"@id\":\"https:\\\/\\\/motorista.com.br\\\/noticias\\\/#\\\/schema\\\/logo\\\/image\\\/\",\"url\":\"https:\\\/\\\/motorista.com.br\\\/noticias\\\/wp-content\\\/uploads\\\/2025\\\/06\\\/Design-sem-nome-9.png\",\"contentUrl\":\"https:\\\/\\\/motorista.com.br\\\/noticias\\\/wp-content\\\/uploads\\\/2025\\\/06\\\/Design-sem-nome-9.png\",\"width\":150,\"height\":85,\"caption\":\"Motorista.com.br\"},\"image\":{\"@id\":\"https:\\\/\\\/motorista.com.br\\\/noticias\\\/#\\\/schema\\\/logo\\\/image\\\/\"}},{\"@type\":\"Person\",\"@id\":\"https:\\\/\\\/motorista.com.br\\\/noticias\\\/#\\\/schema\\\/person\\\/dc93afc2981c0e3ce6bc3c053fd847be\",\"name\":\"Equipe Reda\u00e7\u00e3o\",\"image\":{\"@type\":\"ImageObject\",\"inLanguage\":\"pt-BR\",\"@id\":\"https:\\\/\\\/secure.gravatar.com\\\/avatar\\\/4f525efbf18dd2bb300ccad28bfb99d95a9465a5ba268407c8c37b37e1f28d2d?s=96&d=mm&r=g9e099043a0c61e9ae27e293b9fa75ffc\",\"url\":\"https:\\\/\\\/secure.gravatar.com\\\/avatar\\\/4f525efbf18dd2bb300ccad28bfb99d95a9465a5ba268407c8c37b37e1f28d2d?s=96&d=mm&r=g\",\"contentUrl\":\"https:\\\/\\\/secure.gravatar.com\\\/avatar\\\/4f525efbf18dd2bb300ccad28bfb99d95a9465a5ba268407c8c37b37e1f28d2d?s=96&d=mm&r=g\",\"caption\":\"Equipe Reda\u00e7\u00e3o\"},\"description\":\"Equipe de reda\u00e7\u00e3o \u00e9 um grupo de profissionais que trabalham juntos para criar conte\u00fado escrito para Motorista.com.br\",\"url\":\"https:\\\/\\\/motorista.com.br\\\/noticias\\\/author\\\/equiperedacao\\\/\"}]}<\/script>\n<!-- \/ Yoast SEO Premium plugin. -->","yoast_head_json":{"title":"Abralog e Abesc firmam parceria para implementar pavimento de concreto em CDs. - Motorista.com.br","robots":{"index":"index","follow":"follow","max-snippet":"max-snippet:-1","max-image-preview":"max-image-preview:large","max-video-preview":"max-video-preview:-1"},"canonical":"https:\/\/motorista.com.br\/noticias\/2026\/09\/02\/abralog-e-abesc-firmam-parceria-para-implementar-pavimento-de-concreto-em-cds\/","og_locale":"pt_BR","og_type":"article","og_title":"Abralog e Abesc firmam parceria para implementar pavimento de concreto em CDs.","og_description":"Abralog e Abesc Assinam Coopera\u00e7\u00e3o para Levar Pavimento de Concreto a CDs A Associa\u00e7\u00e3o Brasileira de Log\u00edstica (Abralog) e a Associa\u00e7\u00e3o Brasileira das Empresas de Servi\u00e7os de Concretagem (Abesc) firmaram um Termo de Coopera\u00e7\u00e3o T\u00e9cnica durante o Concrete Show South America 2026. Este acordo, com validade de 24 meses, visa o desenvolvimento conjunto de solu\u00e7\u00f5es &hellip;","og_url":"https:\/\/motorista.com.br\/noticias\/2026\/09\/02\/abralog-e-abesc-firmam-parceria-para-implementar-pavimento-de-concreto-em-cds\/","og_site_name":"Motorista.com.br","article_published_time":"2026-09-02T06:48:15+00:00","author":"Equipe Reda\u00e7\u00e3o","twitter_card":"summary_large_image","twitter_misc":{"Escrito por":"Equipe Reda\u00e7\u00e3o","Est. tempo de leitura":"2 minutos","Written by":"Equipe Reda\u00e7\u00e3o"},"schema":{"@context":"https:\/\/schema.org","@graph":[{"@type":"Article","@id":"https:\/\/motorista.com.br\/noticias\/2026\/09\/02\/abralog-e-abesc-firmam-parceria-para-implementar-pavimento-de-concreto-em-cds\/#article","isPartOf":{"@id":"https:\/\/motorista.com.br\/noticias\/2026\/09\/02\/abralog-e-abesc-firmam-parceria-para-implementar-pavimento-de-concreto-em-cds\/"},"author":{"name":"Equipe Reda\u00e7\u00e3o","@id":"https:\/\/motorista.com.br\/noticias\/#\/schema\/person\/dc93afc2981c0e3ce6bc3c053fd847be"},"headline":"Abralog e Abesc firmam parceria para implementar pavimento de concreto em CDs.","datePublished":"2026-09-02T06:48:15+00:00","mainEntityOfPage":{"@id":"https:\/\/motorista.com.br\/noticias\/2026\/09\/02\/abralog-e-abesc-firmam-parceria-para-implementar-pavimento-de-concreto-em-cds\/"},"wordCount":381,"publisher":{"@id":"https:\/\/motorista.com.br\/noticias\/#organization"},"image":{"@id":"https:\/\/motorista.com.br\/noticias\/2026\/09\/02\/abralog-e-abesc-firmam-parceria-para-implementar-pavimento-de-concreto-em-cds\/#primaryimage"},"thumbnailUrl":"https:\/\/motorista.com.br\/noticias\/wp-content\/uploads\/2026\/09\/ID-AB-1000-px-x-830-px-Abralog-1.png","articleSection":["Log\u00edstica"],"inLanguage":"pt-BR"},{"@type":"WebPage","@id":"https:\/\/motorista.com.br\/noticias\/2026\/09\/02\/abralog-e-abesc-firmam-parceria-para-implementar-pavimento-de-concreto-em-cds\/","url":"https:\/\/motorista.com.br\/noticias\/2026\/09\/02\/abralog-e-abesc-firmam-parceria-para-implementar-pavimento-de-concreto-em-cds\/","name":"Abralog e Abesc firmam parceria para implementar pavimento de concreto em CDs. - Motorista.com.br","isPartOf":{"@id":"https:\/\/motorista.com.br\/noticias\/#website"},"primaryImageOfPage":{"@id":"https:\/\/motorista.com.br\/noticias\/2026\/09\/02\/abralog-e-abesc-firmam-parceria-para-implementar-pavimento-de-concreto-em-cds\/#primaryimage"},"image":{"@id":"https:\/\/motorista.com.br\/noticias\/2026\/09\/02\/abralog-e-abesc-firmam-parceria-para-implementar-pavimento-de-concreto-em-cds\/#primaryimage"},"thumbnailUrl":"https:\/\/motorista.com.br\/noticias\/wp-content\/uploads\/2026\/09\/ID-AB-1000-px-x-830-px-Abralog-1.png","datePublished":"2026-09-02T06:48:15+00:00","breadcrumb":{"@id":"https:\/\/motorista.com.br\/noticias\/2026\/09\/02\/abralog-e-abesc-firmam-parceria-para-implementar-pavimento-de-concreto-em-cds\/#breadcrumb"},"inLanguage":"pt-BR","potentialAction":[{"@type":"ReadAction","target":["https:\/\/motorista.com.br\/noticias\/2026\/09\/02\/abralog-e-abesc-firmam-parceria-para-implementar-pavimento-de-concreto-em-cds\/"]}]},{"@type":"ImageObject","inLanguage":"pt-BR","@id":"https:\/\/motorista.com.br\/noticias\/2026\/09\/02\/abralog-e-abesc-firmam-parceria-para-implementar-pavimento-de-concreto-em-cds\/#primaryimage","url":"https:\/\/motorista.com.br\/noticias\/wp-content\/uploads\/2026\/09\/ID-AB-1000-px-x-830-px-Abralog-1.png","contentUrl":"https:\/\/motorista.com.br\/noticias\/wp-content\/uploads\/2026\/09\/ID-AB-1000-px-x-830-px-Abralog-1.png","width":1000,"height":830},{"@type":"BreadcrumbList","@id":"https:\/\/motorista.com.br\/noticias\/2026\/09\/02\/abralog-e-abesc-firmam-parceria-para-implementar-pavimento-de-concreto-em-cds\/#breadcrumb","itemListElement":[{"@type":"ListItem","position":1,"name":"In\u00edcio","item":"https:\/\/motorista.com.br\/noticias\/"},{"@type":"ListItem","position":2,"name":"Abralog e Abesc firmam parceria para implementar pavimento de concreto em CDs."}]},{"@type":"WebSite","@id":"https:\/\/motorista.com.br\/noticias\/#website","url":"https:\/\/motorista.com.br\/noticias\/","name":"Motorista.com.br","description":"Not\u00edcia do Motorista","publisher":{"@id":"https:\/\/motorista.com.br\/noticias\/#organization"},"potentialAction":[{"@type":"SearchAction","target":{"@type":"EntryPoint","urlTemplate":"https:\/\/motorista.com.br\/noticias\/?s={search_term_string}"},"query-input":{"@type":"PropertyValueSpecification","valueRequired":true,"valueName":"search_term_string"}}],"inLanguage":"pt-BR"},{"@type":"Organization","@id":"https:\/\/motorista.com.br\/noticias\/#organization","name":"Motorista.com.br","url":"https:\/\/motorista.com.br\/noticias\/","logo":{"@type":"ImageObject","inLanguage":"pt-BR","@id":"https:\/\/motorista.com.br\/noticias\/#\/schema\/logo\/image\/","url":"https:\/\/motorista.com.br\/noticias\/wp-content\/uploads\/2025\/06\/Design-sem-nome-9.png","contentUrl":"https:\/\/motorista.com.br\/noticias\/wp-content\/uploads\/2025\/06\/Design-sem-nome-9.png","width":150,"height":85,"caption":"Motorista.com.br"},"image":{"@id":"https:\/\/motorista.com.br\/noticias\/#\/schema\/logo\/image\/"}},{"@type":"Person","@id":"https:\/\/motorista.com.br\/noticias\/#\/schema\/person\/dc93afc2981c0e3ce6bc3c053fd847be","name":"Equipe Reda\u00e7\u00e3o","image":{"@type":"ImageObject","inLanguage":"pt-BR","@id":"https:\/\/secure.gravatar.com\/avatar\/4f525efbf18dd2bb300ccad28bfb99d95a9465a5ba268407c8c37b37e1f28d2d?s=96&d=mm&r=g9e099043a0c61e9ae27e293b9fa75ffc","url":"https:\/\/secure.gravatar.com\/avatar\/4f525efbf18dd2bb300ccad28bfb99d95a9465a5ba268407c8c37b37e1f28d2d?s=96&d=mm&r=g","contentUrl":"https:\/\/secure.gravatar.com\/avatar\/4f525efbf18dd2bb300ccad28bfb99d95a9465a5ba268407c8c37b37e1f28d2d?s=96&d=mm&r=g","caption":"Equipe Reda\u00e7\u00e3o"},"description":"Equipe de reda\u00e7\u00e3o \u00e9 um grupo de profissionais que trabalham juntos para criar conte\u00fado escrito para Motorista.com.br","url":"https:\/\/motorista.com.br\/noticias\/author\/equiperedacao\/"}]}},"_links":{"self":[{"href":"https:\/\/motorista.com.br\/noticias\/wp-json\/wp\/v2\/posts\/14229","targetHints":{"allow":["GET"]}}],"collection":[{"href":"https:\/\/motorista.com.br\/noticias\/wp-json\/wp\/v2\/posts"}],"about":[{"href":"https:\/\/motorista.com.br\/noticias\/wp-json\/wp\/v2\/types\/post"}],"author":[{"embeddable":true,"href":"https:\/\/motorista.com.br\/noticias\/wp-json\/wp\/v2\/users\/4"}],"replies":[{"embeddable":true,"href":"https:\/\/motorista.com.br\/noticias\/wp-json\/wp\/v2\/comments?post=14229"}],"version-history":[{"count":0,"href":"https:\/\/motorista.com.br\/noticias\/wp-json\/wp\/v2\/posts\/14229\/revisions"}],"wp:featuredmedia":[{"embeddable":true,"href":"https:\/\/motorista.com.br\/noticias\/wp-json\/wp\/v2\/media\/14230"}],"wp:attachment":[{"href":"https:\/\/motorista.com.br\/noticias\/wp-json\/wp\/v2\/media?parent=14229"}],"wp:term":[{"taxonomy":"category","embeddable":true,"href":"https:\/\/motorista.com.br\/noticias\/wp-json\/wp\/v2\/categories?post=14229"},{"taxonomy":"post_tag","embeddable":true,"href":"https:\/\/motorista.com.br\/noticias\/wp-json\/wp\/v2\/tags?post=14229"},{"taxonomy":"author","embeddable":true,"href":"https:\/\/motorista.com.br\/noticias\/wp-json\/wp\/v2\/coauthors?post=14229"}],"curies":[{"name":"wp","href":"https:\/\/api.w.org\/{rel}","templated":true}]}}