{"id":14227,"date":"2026-09-02T03:30:14","date_gmt":"2026-09-02T06:30:14","guid":{"rendered":"https:\/\/motorista.com.br\/noticias\/2026\/09\/02\/oportunidade-para-14-mil-motoristas-de-onibus-no-parana\/"},"modified":"2026-09-02T03:30:14","modified_gmt":"2026-09-02T06:30:14","slug":"oportunidade-para-14-mil-motoristas-de-onibus-no-parana","status":"publish","type":"post","link":"https:\/\/motorista.com.br\/noticias\/2026\/09\/02\/oportunidade-para-14-mil-motoristas-de-onibus-no-parana\/","title":{"rendered":"Oportunidade para 1,4 mil motoristas de \u00f4nibus no Paran\u00e1."},"content":{"rendered":"<p><\/p>\n<p><strong>Falta de motoristas abre espa\u00e7o para 1,4 mil profissionais de \u00f4nibus no Paran\u00e1<\/strong><\/p>\n<p>O Paran\u00e1 pode ter espa\u00e7o para a contrata\u00e7\u00e3o de cerca de <strong>1,4 mil motoristas de \u00f4nibus<\/strong>, considerando o tamanho da frota estadual e a escassez de profissionais no transporte de passageiros no Brasil. Este n\u00famero representa uma proje\u00e7\u00e3o, e n\u00e3o necessariamente indica a exist\u00eancia de 1.400 vagas abertas simultaneamente.<\/p>\n<p>Dados da Secretaria Nacional de Tr\u00e2nsito mostram que, em junho de 2026, o Paran\u00e1 tinha <strong>53.842 \u00f4nibus registrados<\/strong>, correspondendo a aproximadamente 7% da frota nacional de <strong>767.680 ve\u00edculos<\/strong>. Quando comparamos essa participa\u00e7\u00e3o com o d\u00e9ficit observado em n\u00edvel nacional, que supera <strong>20 mil motoristas<\/strong>, estima-se que o estado poderia acomodar um n\u00famero proporcional de <strong>1.400 profissionais<\/strong>, embora esses dados oficiais sobre o d\u00e9ficit estadual n\u00e3o sejam dispon\u00edveis.<\/p>\n<p>As oportunidades est\u00e3o surgindo. Em fevereiro, um mutir\u00e3o realizado em Curitiba identificou <strong>216 vagas cadastradas no Sine<\/strong> para motoristas, com um evento especial que reuniu cerca de 150 trabalhadores da Auto Via\u00e7\u00e3o Merc\u00eas. Este cen\u00e1rio evidenciou que havia mais vagas dispon\u00edveis do que motoristas em busca de recoloca\u00e7\u00e3o.<\/p>\n<p>Em termos salariais, as remunera\u00e7\u00f5es variam consideravelmente dependendo da empresa e do tipo de opera\u00e7\u00e3o. Segundo levantamento do Indeed em agosto de 2026, o <strong>sal\u00e1rio m\u00e9dio para motoristas de \u00f4nibus no Paran\u00e1<\/strong> era de R$ 2.527 mensais. Em Ponta Grossa, um an\u00fancio espec\u00edfico oferecia R$ 3.220,05. Al\u00e9m disso, conven\u00e7\u00f5es e acordos coletivos evidenciam valores ainda mais altos em algumas opera\u00e7\u00f5es, com sal\u00e1rios chegando a <strong>R$ 3.324 para motoristas com mais de 30 passageiros<\/strong>, e at\u00e9 <strong>R$ 3.664,77<\/strong> em outras \u00e1reas do estado.<\/p>\n<p>Para acessar essas oportunidades, as empresas geralmente exigem <strong>CNH categoria D ou E<\/strong>, al\u00e9m de habilita\u00e7\u00e3o com EAR e curso especializado em transporte coletivo. Embora a experi\u00eancia pr\u00e9via seja um requisito em diversas sele\u00e7\u00f5es, algumas empresas abrem espa\u00e7o para novos profissionais, oferecendo treinamentos e programas de integra\u00e7\u00e3o.<\/p>\n<p>Essas contrata\u00e7\u00f5es n\u00e3o apenas atendem \u00e0 demanda por motoristas, mas tamb\u00e9m t\u00eam um impacto significativo na mobilidade urbana. Com uma frota mais bem atendida, a efici\u00eancia do transporte coletivo tende a melhorar, beneficiando diretamente os usu\u00e1rios e contribuindo para a redu\u00e7\u00e3o de congestionamentos nas cidades. A falta de motoristas tem sido um desafio, mas a abertura de novas vagas pode revitalizar n\u00e3o apenas o setor, mas a mobilidade no Paran\u00e1 de forma geral, promovendo um transporte mais acess\u00edvel e eficiente.<\/p>\n<p>Fonte: brasildotrecho<\/p>\n","protected":false},"excerpt":{"rendered":"<p>Falta de motoristas abre espa\u00e7o para 1,4 mil profissionais de \u00f4nibus no Paran\u00e1 O Paran\u00e1 pode ter espa\u00e7o para a contrata\u00e7\u00e3o de cerca de 1,4 mil motoristas de \u00f4nibus, considerando o tamanho da frota estadual e a escassez de profissionais no transporte de passageiros no Brasil. Este n\u00famero representa uma proje\u00e7\u00e3o, e n\u00e3o necessariamente indica &hellip;<\/p>\n","protected":false},"author":4,"featured_media":14228,"comment_status":"","ping_status":"open","sticky":false,"template":"","format":"standard","meta":{"footnotes":""},"categories":[77],"tags":[],"coauthors":[42],"class_list":["post-14227","post","type-post","status-publish","format-standard","has-post-thumbnail","hentry","category-motorista"],"yoast_head":"<!-- This site is optimized with the Yoast SEO Premium plugin v27.6.1 (Yoast SEO v28.4) - https:\/\/yoast.com\/product\/yoast-seo-premium-wordpress\/ -->\n<title>Oportunidade para 1,4 mil motoristas de \u00f4nibus no Paran\u00e1. - Motorista.com.br<\/title>\n<meta name=\"robots\" content=\"index, follow, max-snippet:-1, max-image-preview:large, max-video-preview:-1\" \/>\n<link rel=\"canonical\" href=\"https:\/\/motorista.com.br\/noticias\/2026\/09\/02\/oportunidade-para-14-mil-motoristas-de-onibus-no-parana\/\" \/>\n<meta property=\"og:locale\" content=\"pt_BR\" \/>\n<meta property=\"og:type\" content=\"article\" \/>\n<meta property=\"og:title\" content=\"Oportunidade para 1,4 mil motoristas de \u00f4nibus no Paran\u00e1.\" \/>\n<meta property=\"og:description\" content=\"Falta de motoristas abre espa\u00e7o para 1,4 mil profissionais de \u00f4nibus no Paran\u00e1 O Paran\u00e1 pode ter espa\u00e7o para a contrata\u00e7\u00e3o de cerca de 1,4 mil motoristas de \u00f4nibus, considerando o tamanho da frota estadual e a escassez de profissionais no transporte de passageiros no Brasil. Este n\u00famero representa uma proje\u00e7\u00e3o, e n\u00e3o necessariamente indica &hellip;\" \/>\n<meta property=\"og:url\" content=\"https:\/\/motorista.com.br\/noticias\/2026\/09\/02\/oportunidade-para-14-mil-motoristas-de-onibus-no-parana\/\" \/>\n<meta property=\"og:site_name\" content=\"Motorista.com.br\" \/>\n<meta property=\"article:published_time\" content=\"2026-09-02T06:30:14+00:00\" \/>\n<meta name=\"author\" content=\"Equipe Reda\u00e7\u00e3o\" \/>\n<meta name=\"twitter:card\" content=\"summary_large_image\" \/>\n<meta name=\"twitter:label1\" content=\"Escrito por\" \/>\n\t<meta name=\"twitter:data1\" content=\"Equipe Reda\u00e7\u00e3o\" \/>\n\t<meta name=\"twitter:label2\" content=\"Est. tempo de leitura\" \/>\n\t<meta name=\"twitter:data2\" content=\"2 minutos\" \/>\n\t<meta name=\"twitter:label3\" content=\"Written by\" \/>\n\t<meta name=\"twitter:data3\" content=\"Equipe Reda\u00e7\u00e3o\" \/>\n<script type=\"application\/ld+json\" class=\"yoast-schema-graph\">{\"@context\":\"https:\\\/\\\/schema.org\",\"@graph\":[{\"@type\":\"Article\",\"@id\":\"https:\\\/\\\/motorista.com.br\\\/noticias\\\/2026\\\/09\\\/02\\\/oportunidade-para-14-mil-motoristas-de-onibus-no-parana\\\/#article\",\"isPartOf\":{\"@id\":\"https:\\\/\\\/motorista.com.br\\\/noticias\\\/2026\\\/09\\\/02\\\/oportunidade-para-14-mil-motoristas-de-onibus-no-parana\\\/\"},\"author\":{\"name\":\"Equipe Reda\u00e7\u00e3o\",\"@id\":\"https:\\\/\\\/motorista.com.br\\\/noticias\\\/#\\\/schema\\\/person\\\/dc93afc2981c0e3ce6bc3c053fd847be\"},\"headline\":\"Oportunidade para 1,4 mil motoristas de \u00f4nibus no Paran\u00e1.\",\"datePublished\":\"2026-09-02T06:30:14+00:00\",\"mainEntityOfPage\":{\"@id\":\"https:\\\/\\\/motorista.com.br\\\/noticias\\\/2026\\\/09\\\/02\\\/oportunidade-para-14-mil-motoristas-de-onibus-no-parana\\\/\"},\"wordCount\":427,\"publisher\":{\"@id\":\"https:\\\/\\\/motorista.com.br\\\/noticias\\\/#organization\"},\"image\":{\"@id\":\"https:\\\/\\\/motorista.com.br\\\/noticias\\\/2026\\\/09\\\/02\\\/oportunidade-para-14-mil-motoristas-de-onibus-no-parana\\\/#primaryimage\"},\"thumbnailUrl\":\"https:\\\/\\\/motorista.com.br\\\/noticias\\\/wp-content\\\/uploads\\\/2026\\\/09\\\/Falta-de-motoristas-abre-espaco-para-14-mil-profissionais-de-onibus-no-Parana.jpg\",\"articleSection\":[\"Motorista\"],\"inLanguage\":\"pt-BR\"},{\"@type\":\"WebPage\",\"@id\":\"https:\\\/\\\/motorista.com.br\\\/noticias\\\/2026\\\/09\\\/02\\\/oportunidade-para-14-mil-motoristas-de-onibus-no-parana\\\/\",\"url\":\"https:\\\/\\\/motorista.com.br\\\/noticias\\\/2026\\\/09\\\/02\\\/oportunidade-para-14-mil-motoristas-de-onibus-no-parana\\\/\",\"name\":\"Oportunidade para 1,4 mil motoristas de \u00f4nibus no Paran\u00e1. - Motorista.com.br\",\"isPartOf\":{\"@id\":\"https:\\\/\\\/motorista.com.br\\\/noticias\\\/#website\"},\"primaryImageOfPage\":{\"@id\":\"https:\\\/\\\/motorista.com.br\\\/noticias\\\/2026\\\/09\\\/02\\\/oportunidade-para-14-mil-motoristas-de-onibus-no-parana\\\/#primaryimage\"},\"image\":{\"@id\":\"https:\\\/\\\/motorista.com.br\\\/noticias\\\/2026\\\/09\\\/02\\\/oportunidade-para-14-mil-motoristas-de-onibus-no-parana\\\/#primaryimage\"},\"thumbnailUrl\":\"https:\\\/\\\/motorista.com.br\\\/noticias\\\/wp-content\\\/uploads\\\/2026\\\/09\\\/Falta-de-motoristas-abre-espaco-para-14-mil-profissionais-de-onibus-no-Parana.jpg\",\"datePublished\":\"2026-09-02T06:30:14+00:00\",\"breadcrumb\":{\"@id\":\"https:\\\/\\\/motorista.com.br\\\/noticias\\\/2026\\\/09\\\/02\\\/oportunidade-para-14-mil-motoristas-de-onibus-no-parana\\\/#breadcrumb\"},\"inLanguage\":\"pt-BR\",\"potentialAction\":[{\"@type\":\"ReadAction\",\"target\":[\"https:\\\/\\\/motorista.com.br\\\/noticias\\\/2026\\\/09\\\/02\\\/oportunidade-para-14-mil-motoristas-de-onibus-no-parana\\\/\"]}]},{\"@type\":\"ImageObject\",\"inLanguage\":\"pt-BR\",\"@id\":\"https:\\\/\\\/motorista.com.br\\\/noticias\\\/2026\\\/09\\\/02\\\/oportunidade-para-14-mil-motoristas-de-onibus-no-parana\\\/#primaryimage\",\"url\":\"https:\\\/\\\/motorista.com.br\\\/noticias\\\/wp-content\\\/uploads\\\/2026\\\/09\\\/Falta-de-motoristas-abre-espaco-para-14-mil-profissionais-de-onibus-no-Parana.jpg\",\"contentUrl\":\"https:\\\/\\\/motorista.com.br\\\/noticias\\\/wp-content\\\/uploads\\\/2026\\\/09\\\/Falta-de-motoristas-abre-espaco-para-14-mil-profissionais-de-onibus-no-Parana.jpg\",\"width\":1280,\"height\":853},{\"@type\":\"BreadcrumbList\",\"@id\":\"https:\\\/\\\/motorista.com.br\\\/noticias\\\/2026\\\/09\\\/02\\\/oportunidade-para-14-mil-motoristas-de-onibus-no-parana\\\/#breadcrumb\",\"itemListElement\":[{\"@type\":\"ListItem\",\"position\":1,\"name\":\"In\u00edcio\",\"item\":\"https:\\\/\\\/motorista.com.br\\\/noticias\\\/\"},{\"@type\":\"ListItem\",\"position\":2,\"name\":\"Oportunidade para 1,4 mil motoristas de \u00f4nibus no Paran\u00e1.\"}]},{\"@type\":\"WebSite\",\"@id\":\"https:\\\/\\\/motorista.com.br\\\/noticias\\\/#website\",\"url\":\"https:\\\/\\\/motorista.com.br\\\/noticias\\\/\",\"name\":\"Motorista.com.br\",\"description\":\"Not\u00edcia do Motorista\",\"publisher\":{\"@id\":\"https:\\\/\\\/motorista.com.br\\\/noticias\\\/#organization\"},\"potentialAction\":[{\"@type\":\"SearchAction\",\"target\":{\"@type\":\"EntryPoint\",\"urlTemplate\":\"https:\\\/\\\/motorista.com.br\\\/noticias\\\/?s={search_term_string}\"},\"query-input\":{\"@type\":\"PropertyValueSpecification\",\"valueRequired\":true,\"valueName\":\"search_term_string\"}}],\"inLanguage\":\"pt-BR\"},{\"@type\":\"Organization\",\"@id\":\"https:\\\/\\\/motorista.com.br\\\/noticias\\\/#organization\",\"name\":\"Motorista.com.br\",\"url\":\"https:\\\/\\\/motorista.com.br\\\/noticias\\\/\",\"logo\":{\"@type\":\"ImageObject\",\"inLanguage\":\"pt-BR\",\"@id\":\"https:\\\/\\\/motorista.com.br\\\/noticias\\\/#\\\/schema\\\/logo\\\/image\\\/\",\"url\":\"https:\\\/\\\/motorista.com.br\\\/noticias\\\/wp-content\\\/uploads\\\/2025\\\/06\\\/Design-sem-nome-9.png\",\"contentUrl\":\"https:\\\/\\\/motorista.com.br\\\/noticias\\\/wp-content\\\/uploads\\\/2025\\\/06\\\/Design-sem-nome-9.png\",\"width\":150,\"height\":85,\"caption\":\"Motorista.com.br\"},\"image\":{\"@id\":\"https:\\\/\\\/motorista.com.br\\\/noticias\\\/#\\\/schema\\\/logo\\\/image\\\/\"}},{\"@type\":\"Person\",\"@id\":\"https:\\\/\\\/motorista.com.br\\\/noticias\\\/#\\\/schema\\\/person\\\/dc93afc2981c0e3ce6bc3c053fd847be\",\"name\":\"Equipe Reda\u00e7\u00e3o\",\"image\":{\"@type\":\"ImageObject\",\"inLanguage\":\"pt-BR\",\"@id\":\"https:\\\/\\\/secure.gravatar.com\\\/avatar\\\/4f525efbf18dd2bb300ccad28bfb99d95a9465a5ba268407c8c37b37e1f28d2d?s=96&d=mm&r=g9e099043a0c61e9ae27e293b9fa75ffc\",\"url\":\"https:\\\/\\\/secure.gravatar.com\\\/avatar\\\/4f525efbf18dd2bb300ccad28bfb99d95a9465a5ba268407c8c37b37e1f28d2d?s=96&d=mm&r=g\",\"contentUrl\":\"https:\\\/\\\/secure.gravatar.com\\\/avatar\\\/4f525efbf18dd2bb300ccad28bfb99d95a9465a5ba268407c8c37b37e1f28d2d?s=96&d=mm&r=g\",\"caption\":\"Equipe Reda\u00e7\u00e3o\"},\"description\":\"Equipe de reda\u00e7\u00e3o \u00e9 um grupo de profissionais que trabalham juntos para criar conte\u00fado escrito para Motorista.com.br\",\"url\":\"https:\\\/\\\/motorista.com.br\\\/noticias\\\/author\\\/equiperedacao\\\/\"}]}<\/script>\n<!-- \/ Yoast SEO Premium plugin. -->","yoast_head_json":{"title":"Oportunidade para 1,4 mil motoristas de \u00f4nibus no Paran\u00e1. - Motorista.com.br","robots":{"index":"index","follow":"follow","max-snippet":"max-snippet:-1","max-image-preview":"max-image-preview:large","max-video-preview":"max-video-preview:-1"},"canonical":"https:\/\/motorista.com.br\/noticias\/2026\/09\/02\/oportunidade-para-14-mil-motoristas-de-onibus-no-parana\/","og_locale":"pt_BR","og_type":"article","og_title":"Oportunidade para 1,4 mil motoristas de \u00f4nibus no Paran\u00e1.","og_description":"Falta de motoristas abre espa\u00e7o para 1,4 mil profissionais de \u00f4nibus no Paran\u00e1 O Paran\u00e1 pode ter espa\u00e7o para a contrata\u00e7\u00e3o de cerca de 1,4 mil motoristas de \u00f4nibus, considerando o tamanho da frota estadual e a escassez de profissionais no transporte de passageiros no Brasil. Este n\u00famero representa uma proje\u00e7\u00e3o, e n\u00e3o necessariamente indica &hellip;","og_url":"https:\/\/motorista.com.br\/noticias\/2026\/09\/02\/oportunidade-para-14-mil-motoristas-de-onibus-no-parana\/","og_site_name":"Motorista.com.br","article_published_time":"2026-09-02T06:30:14+00:00","author":"Equipe Reda\u00e7\u00e3o","twitter_card":"summary_large_image","twitter_misc":{"Escrito por":"Equipe Reda\u00e7\u00e3o","Est. tempo de leitura":"2 minutos","Written by":"Equipe Reda\u00e7\u00e3o"},"schema":{"@context":"https:\/\/schema.org","@graph":[{"@type":"Article","@id":"https:\/\/motorista.com.br\/noticias\/2026\/09\/02\/oportunidade-para-14-mil-motoristas-de-onibus-no-parana\/#article","isPartOf":{"@id":"https:\/\/motorista.com.br\/noticias\/2026\/09\/02\/oportunidade-para-14-mil-motoristas-de-onibus-no-parana\/"},"author":{"name":"Equipe Reda\u00e7\u00e3o","@id":"https:\/\/motorista.com.br\/noticias\/#\/schema\/person\/dc93afc2981c0e3ce6bc3c053fd847be"},"headline":"Oportunidade para 1,4 mil motoristas de \u00f4nibus no Paran\u00e1.","datePublished":"2026-09-02T06:30:14+00:00","mainEntityOfPage":{"@id":"https:\/\/motorista.com.br\/noticias\/2026\/09\/02\/oportunidade-para-14-mil-motoristas-de-onibus-no-parana\/"},"wordCount":427,"publisher":{"@id":"https:\/\/motorista.com.br\/noticias\/#organization"},"image":{"@id":"https:\/\/motorista.com.br\/noticias\/2026\/09\/02\/oportunidade-para-14-mil-motoristas-de-onibus-no-parana\/#primaryimage"},"thumbnailUrl":"https:\/\/motorista.com.br\/noticias\/wp-content\/uploads\/2026\/09\/Falta-de-motoristas-abre-espaco-para-14-mil-profissionais-de-onibus-no-Parana.jpg","articleSection":["Motorista"],"inLanguage":"pt-BR"},{"@type":"WebPage","@id":"https:\/\/motorista.com.br\/noticias\/2026\/09\/02\/oportunidade-para-14-mil-motoristas-de-onibus-no-parana\/","url":"https:\/\/motorista.com.br\/noticias\/2026\/09\/02\/oportunidade-para-14-mil-motoristas-de-onibus-no-parana\/","name":"Oportunidade para 1,4 mil motoristas de \u00f4nibus no Paran\u00e1. - Motorista.com.br","isPartOf":{"@id":"https:\/\/motorista.com.br\/noticias\/#website"},"primaryImageOfPage":{"@id":"https:\/\/motorista.com.br\/noticias\/2026\/09\/02\/oportunidade-para-14-mil-motoristas-de-onibus-no-parana\/#primaryimage"},"image":{"@id":"https:\/\/motorista.com.br\/noticias\/2026\/09\/02\/oportunidade-para-14-mil-motoristas-de-onibus-no-parana\/#primaryimage"},"thumbnailUrl":"https:\/\/motorista.com.br\/noticias\/wp-content\/uploads\/2026\/09\/Falta-de-motoristas-abre-espaco-para-14-mil-profissionais-de-onibus-no-Parana.jpg","datePublished":"2026-09-02T06:30:14+00:00","breadcrumb":{"@id":"https:\/\/motorista.com.br\/noticias\/2026\/09\/02\/oportunidade-para-14-mil-motoristas-de-onibus-no-parana\/#breadcrumb"},"inLanguage":"pt-BR","potentialAction":[{"@type":"ReadAction","target":["https:\/\/motorista.com.br\/noticias\/2026\/09\/02\/oportunidade-para-14-mil-motoristas-de-onibus-no-parana\/"]}]},{"@type":"ImageObject","inLanguage":"pt-BR","@id":"https:\/\/motorista.com.br\/noticias\/2026\/09\/02\/oportunidade-para-14-mil-motoristas-de-onibus-no-parana\/#primaryimage","url":"https:\/\/motorista.com.br\/noticias\/wp-content\/uploads\/2026\/09\/Falta-de-motoristas-abre-espaco-para-14-mil-profissionais-de-onibus-no-Parana.jpg","contentUrl":"https:\/\/motorista.com.br\/noticias\/wp-content\/uploads\/2026\/09\/Falta-de-motoristas-abre-espaco-para-14-mil-profissionais-de-onibus-no-Parana.jpg","width":1280,"height":853},{"@type":"BreadcrumbList","@id":"https:\/\/motorista.com.br\/noticias\/2026\/09\/02\/oportunidade-para-14-mil-motoristas-de-onibus-no-parana\/#breadcrumb","itemListElement":[{"@type":"ListItem","position":1,"name":"In\u00edcio","item":"https:\/\/motorista.com.br\/noticias\/"},{"@type":"ListItem","position":2,"name":"Oportunidade para 1,4 mil motoristas de \u00f4nibus no Paran\u00e1."}]},{"@type":"WebSite","@id":"https:\/\/motorista.com.br\/noticias\/#website","url":"https:\/\/motorista.com.br\/noticias\/","name":"Motorista.com.br","description":"Not\u00edcia do Motorista","publisher":{"@id":"https:\/\/motorista.com.br\/noticias\/#organization"},"potentialAction":[{"@type":"SearchAction","target":{"@type":"EntryPoint","urlTemplate":"https:\/\/motorista.com.br\/noticias\/?s={search_term_string}"},"query-input":{"@type":"PropertyValueSpecification","valueRequired":true,"valueName":"search_term_string"}}],"inLanguage":"pt-BR"},{"@type":"Organization","@id":"https:\/\/motorista.com.br\/noticias\/#organization","name":"Motorista.com.br","url":"https:\/\/motorista.com.br\/noticias\/","logo":{"@type":"ImageObject","inLanguage":"pt-BR","@id":"https:\/\/motorista.com.br\/noticias\/#\/schema\/logo\/image\/","url":"https:\/\/motorista.com.br\/noticias\/wp-content\/uploads\/2025\/06\/Design-sem-nome-9.png","contentUrl":"https:\/\/motorista.com.br\/noticias\/wp-content\/uploads\/2025\/06\/Design-sem-nome-9.png","width":150,"height":85,"caption":"Motorista.com.br"},"image":{"@id":"https:\/\/motorista.com.br\/noticias\/#\/schema\/logo\/image\/"}},{"@type":"Person","@id":"https:\/\/motorista.com.br\/noticias\/#\/schema\/person\/dc93afc2981c0e3ce6bc3c053fd847be","name":"Equipe Reda\u00e7\u00e3o","image":{"@type":"ImageObject","inLanguage":"pt-BR","@id":"https:\/\/secure.gravatar.com\/avatar\/4f525efbf18dd2bb300ccad28bfb99d95a9465a5ba268407c8c37b37e1f28d2d?s=96&d=mm&r=g9e099043a0c61e9ae27e293b9fa75ffc","url":"https:\/\/secure.gravatar.com\/avatar\/4f525efbf18dd2bb300ccad28bfb99d95a9465a5ba268407c8c37b37e1f28d2d?s=96&d=mm&r=g","contentUrl":"https:\/\/secure.gravatar.com\/avatar\/4f525efbf18dd2bb300ccad28bfb99d95a9465a5ba268407c8c37b37e1f28d2d?s=96&d=mm&r=g","caption":"Equipe Reda\u00e7\u00e3o"},"description":"Equipe de reda\u00e7\u00e3o \u00e9 um grupo de profissionais que trabalham juntos para criar conte\u00fado escrito para Motorista.com.br","url":"https:\/\/motorista.com.br\/noticias\/author\/equiperedacao\/"}]}},"_links":{"self":[{"href":"https:\/\/motorista.com.br\/noticias\/wp-json\/wp\/v2\/posts\/14227","targetHints":{"allow":["GET"]}}],"collection":[{"href":"https:\/\/motorista.com.br\/noticias\/wp-json\/wp\/v2\/posts"}],"about":[{"href":"https:\/\/motorista.com.br\/noticias\/wp-json\/wp\/v2\/types\/post"}],"author":[{"embeddable":true,"href":"https:\/\/motorista.com.br\/noticias\/wp-json\/wp\/v2\/users\/4"}],"replies":[{"embeddable":true,"href":"https:\/\/motorista.com.br\/noticias\/wp-json\/wp\/v2\/comments?post=14227"}],"version-history":[{"count":0,"href":"https:\/\/motorista.com.br\/noticias\/wp-json\/wp\/v2\/posts\/14227\/revisions"}],"wp:featuredmedia":[{"embeddable":true,"href":"https:\/\/motorista.com.br\/noticias\/wp-json\/wp\/v2\/media\/14228"}],"wp:attachment":[{"href":"https:\/\/motorista.com.br\/noticias\/wp-json\/wp\/v2\/media?parent=14227"}],"wp:term":[{"taxonomy":"category","embeddable":true,"href":"https:\/\/motorista.com.br\/noticias\/wp-json\/wp\/v2\/categories?post=14227"},{"taxonomy":"post_tag","embeddable":true,"href":"https:\/\/motorista.com.br\/noticias\/wp-json\/wp\/v2\/tags?post=14227"},{"taxonomy":"author","embeddable":true,"href":"https:\/\/motorista.com.br\/noticias\/wp-json\/wp\/v2\/coauthors?post=14227"}],"curies":[{"name":"wp","href":"https:\/\/api.w.org\/{rel}","templated":true}]}}