{"id":14225,"date":"2026-09-02T03:22:22","date_gmt":"2026-09-02T06:22:22","guid":{"rendered":"https:\/\/motorista.com.br\/noticias\/2026\/09\/02\/novas-suspeitas-conectam-moraes-a-vorcaro-saiba-mais\/"},"modified":"2026-09-02T03:22:22","modified_gmt":"2026-09-02T06:22:22","slug":"novas-suspeitas-conectam-moraes-a-vorcaro-saiba-mais","status":"publish","type":"post","link":"https:\/\/motorista.com.br\/noticias\/2026\/09\/02\/novas-suspeitas-conectam-moraes-a-vorcaro-saiba-mais\/","title":{"rendered":"Novas suspeitas conectam Moraes a Vorcaro: saiba mais!"},"content":{"rendered":"<p><\/p>\n<h1>Entenda as novas suspeitas que ligam Moraes a Vorcaro<\/h1>\n<p>Documentos da Pol\u00edcia Federal (PF) divulgados recentemente revelam v\u00ednculos surpreendentes entre o ex-dono do Banco Master, Daniel Vorcaro, e o ministro do Supremo Tribunal Federal (STF), Alexandre de Moraes. As informa\u00e7\u00f5es foram tornadas p\u00fablicas pelo ministro Andr\u00e9 Mendon\u00e7a, relator do caso no STF, e incluem mensagens que sugerem negocia\u00e7\u00f5es envolvendo contratos altamente lucrativos com o escrit\u00f3rio de advocacia da esposa de Moraes, Viviane Barci de Moraes.<\/p>\n<p>As mensagens apreendidas no celular de Vorcaro indicam di\u00e1logos que ocorreram poucos dias antes de sua primeira pris\u00e3o, em novembro do ano passado, levantando quest\u00f5es sobre a natureza e a legalidade de tais intera\u00e7\u00f5es. Segundo os investigadores, essas comunica\u00e7\u00f5es eram enviadas atrav\u00e9s do WhatsApp, gerando um ambiente de desconfian\u00e7a sobre a \u00e9tica nas rela\u00e7\u00f5es entre figuras p\u00fablicas e o setor privado. A transpar\u00eancia em casos como esses \u00e9 vital, visto que a popula\u00e7\u00e3o depende de institui\u00e7\u00f5es imparciais e justas.<\/p>\n<p>Vorcaro est\u00e1 em pris\u00e3o preventiva desde mar\u00e7o, e investiga\u00e7\u00f5es mais aprofundadas revelam que Moraes pode ter influenciado a edi\u00e7\u00e3o de um contrato de advocacia avaliado em cerca de R$ 131 milh\u00f5es entre o escrit\u00f3rio de sua esposa e Vorcaro. Esse contexto suscita reflex\u00f5es sobre como as rela\u00e7\u00f5es pessoais podem comprometer a integridade das decis\u00f5es p\u00fablicas e, por consequ\u00eancia, a mobilidade do setor jur\u00eddico e financeiro nacionais.<\/p>\n<p>Al\u00e9m disso, a possibilidade de que Moraes tenha atuado como intermedi\u00e1rio em transa\u00e7\u00f5es que beneficiavam ambos os lados levanta preocupa\u00e7\u00f5es sobre a centraliza\u00e7\u00e3o de poder. A forma como essas rela\u00e7\u00f5es se desenrolam pode influenciar a mobilidade econ\u00f4mica e jur\u00eddica dentro do pa\u00eds, afetando n\u00e3o apenas as partes envolvidas, mas tamb\u00e9m institui\u00e7\u00f5es e cidad\u00e3os que precisam se sentir protegidos contra favoritismos.<\/p>\n<p>Neste cen\u00e1rio, a rela\u00e7\u00e3o entre Vorcaro e Moraes tamb\u00e9m revela uma din\u00e2mica onde compromissos financeiros e pessoais se entrela\u00e7am, o que pode gerar inseguran\u00e7a no ambiente de neg\u00f3cios e interferir na mobilidade de iniciativas que dependem da confian\u00e7a no Estado. A manuten\u00e7\u00e3o da credibilidade institucional \u00e9 essencial para garantir que os motoristas e cidad\u00e3os se sintam amparados e seguros em suas transa\u00e7\u00f5es e rotinas di\u00e1rias, seja na mobilidade urbana ou no cumprimento de responsabilidades legais.<\/p>\n<p>A investiga\u00e7\u00e3o ainda sugere que Vorcaro considerava Moraes como um &quot;contato vital&quot;, mencionando preocupa\u00e7\u00f5es sobre pagamentos de honor\u00e1rios e a necessidade urgente de manter um bom relacionamento. Esse tipo de rela\u00e7\u00e3o, que mistura interesses pessoais e profissionais, pode ter impactos diretos na mobilidade de governos e empresas, prejudicando a efici\u00eancia do sistema como um todo.<\/p>\n<p>\u00c0 medida que as investiga\u00e7\u00f5es se aprofundam, fica evidente que a transpar\u00eancia e a \u00e9tica devem prevalecer em todas as esferas, para que a mobilidade de servi\u00e7os, pessoas e ideias n\u00e3o seja comprometida por interesses escusos. A sociedade precisa de garantias de que as leis e contratos ser\u00e3o respeitados, respaldando cada motorista e cidad\u00e3o em sua jornada cotidiana.<\/p>\n","protected":false},"excerpt":{"rendered":"<p>Entenda as novas suspeitas que ligam Moraes a Vorcaro Documentos da Pol\u00edcia Federal (PF) divulgados recentemente revelam v\u00ednculos surpreendentes entre o ex-dono do Banco Master, Daniel Vorcaro, e o ministro do Supremo Tribunal Federal (STF), Alexandre de Moraes. As informa\u00e7\u00f5es foram tornadas p\u00fablicas pelo ministro Andr\u00e9 Mendon\u00e7a, relator do caso no STF, e incluem mensagens &hellip;<\/p>\n","protected":false},"author":4,"featured_media":14226,"comment_status":"","ping_status":"open","sticky":false,"template":"","format":"standard","meta":{"footnotes":""},"categories":[45],"tags":[],"coauthors":[42],"class_list":["post-14225","post","type-post","status-publish","format-standard","has-post-thumbnail","hentry","category-mundo"],"yoast_head":"<!-- This site is optimized with the Yoast SEO Premium plugin v27.6.1 (Yoast SEO v28.4) - https:\/\/yoast.com\/product\/yoast-seo-premium-wordpress\/ -->\n<title>Novas suspeitas conectam Moraes a Vorcaro: saiba mais! - Motorista.com.br<\/title>\n<meta name=\"robots\" content=\"index, follow, max-snippet:-1, max-image-preview:large, max-video-preview:-1\" \/>\n<link rel=\"canonical\" href=\"https:\/\/motorista.com.br\/noticias\/2026\/09\/02\/novas-suspeitas-conectam-moraes-a-vorcaro-saiba-mais\/\" \/>\n<meta property=\"og:locale\" content=\"pt_BR\" \/>\n<meta property=\"og:type\" content=\"article\" \/>\n<meta property=\"og:title\" content=\"Novas suspeitas conectam Moraes a Vorcaro: saiba mais!\" \/>\n<meta property=\"og:description\" content=\"Entenda as novas suspeitas que ligam Moraes a Vorcaro Documentos da Pol\u00edcia Federal (PF) divulgados recentemente revelam v\u00ednculos surpreendentes entre o ex-dono do Banco Master, Daniel Vorcaro, e o ministro do Supremo Tribunal Federal (STF), Alexandre de Moraes. As informa\u00e7\u00f5es foram tornadas p\u00fablicas pelo ministro Andr\u00e9 Mendon\u00e7a, relator do caso no STF, e incluem mensagens &hellip;\" \/>\n<meta property=\"og:url\" content=\"https:\/\/motorista.com.br\/noticias\/2026\/09\/02\/novas-suspeitas-conectam-moraes-a-vorcaro-saiba-mais\/\" \/>\n<meta property=\"og:site_name\" content=\"Motorista.com.br\" \/>\n<meta property=\"article:published_time\" content=\"2026-09-02T06:22:22+00:00\" \/>\n<meta name=\"author\" content=\"Equipe Reda\u00e7\u00e3o\" \/>\n<meta name=\"twitter:card\" content=\"summary_large_image\" \/>\n<meta name=\"twitter:label1\" content=\"Escrito por\" \/>\n\t<meta name=\"twitter:data1\" content=\"Equipe Reda\u00e7\u00e3o\" \/>\n\t<meta name=\"twitter:label2\" content=\"Est. tempo de leitura\" \/>\n\t<meta name=\"twitter:data2\" content=\"3 minutos\" \/>\n\t<meta name=\"twitter:label3\" content=\"Written by\" \/>\n\t<meta name=\"twitter:data3\" content=\"Equipe Reda\u00e7\u00e3o\" \/>\n<script type=\"application\/ld+json\" class=\"yoast-schema-graph\">{\"@context\":\"https:\\\/\\\/schema.org\",\"@graph\":[{\"@type\":\"Article\",\"@id\":\"https:\\\/\\\/motorista.com.br\\\/noticias\\\/2026\\\/09\\\/02\\\/novas-suspeitas-conectam-moraes-a-vorcaro-saiba-mais\\\/#article\",\"isPartOf\":{\"@id\":\"https:\\\/\\\/motorista.com.br\\\/noticias\\\/2026\\\/09\\\/02\\\/novas-suspeitas-conectam-moraes-a-vorcaro-saiba-mais\\\/\"},\"author\":{\"name\":\"Equipe Reda\u00e7\u00e3o\",\"@id\":\"https:\\\/\\\/motorista.com.br\\\/noticias\\\/#\\\/schema\\\/person\\\/dc93afc2981c0e3ce6bc3c053fd847be\"},\"headline\":\"Novas suspeitas conectam Moraes a Vorcaro: saiba mais!\",\"datePublished\":\"2026-09-02T06:22:22+00:00\",\"mainEntityOfPage\":{\"@id\":\"https:\\\/\\\/motorista.com.br\\\/noticias\\\/2026\\\/09\\\/02\\\/novas-suspeitas-conectam-moraes-a-vorcaro-saiba-mais\\\/\"},\"wordCount\":541,\"publisher\":{\"@id\":\"https:\\\/\\\/motorista.com.br\\\/noticias\\\/#organization\"},\"image\":{\"@id\":\"https:\\\/\\\/motorista.com.br\\\/noticias\\\/2026\\\/09\\\/02\\\/novas-suspeitas-conectam-moraes-a-vorcaro-saiba-mais\\\/#primaryimage\"},\"thumbnailUrl\":\"https:\\\/\\\/motorista.com.br\\\/noticias\\\/wp-content\\\/uploads\\\/2026\\\/09\\\/alexandre_de_moraes_na_sabatina_para_o_stf_3.jpg\",\"articleSection\":[\"Mundo\"],\"inLanguage\":\"pt-BR\"},{\"@type\":\"WebPage\",\"@id\":\"https:\\\/\\\/motorista.com.br\\\/noticias\\\/2026\\\/09\\\/02\\\/novas-suspeitas-conectam-moraes-a-vorcaro-saiba-mais\\\/\",\"url\":\"https:\\\/\\\/motorista.com.br\\\/noticias\\\/2026\\\/09\\\/02\\\/novas-suspeitas-conectam-moraes-a-vorcaro-saiba-mais\\\/\",\"name\":\"Novas suspeitas conectam Moraes a Vorcaro: saiba mais! - Motorista.com.br\",\"isPartOf\":{\"@id\":\"https:\\\/\\\/motorista.com.br\\\/noticias\\\/#website\"},\"primaryImageOfPage\":{\"@id\":\"https:\\\/\\\/motorista.com.br\\\/noticias\\\/2026\\\/09\\\/02\\\/novas-suspeitas-conectam-moraes-a-vorcaro-saiba-mais\\\/#primaryimage\"},\"image\":{\"@id\":\"https:\\\/\\\/motorista.com.br\\\/noticias\\\/2026\\\/09\\\/02\\\/novas-suspeitas-conectam-moraes-a-vorcaro-saiba-mais\\\/#primaryimage\"},\"thumbnailUrl\":\"https:\\\/\\\/motorista.com.br\\\/noticias\\\/wp-content\\\/uploads\\\/2026\\\/09\\\/alexandre_de_moraes_na_sabatina_para_o_stf_3.jpg\",\"datePublished\":\"2026-09-02T06:22:22+00:00\",\"breadcrumb\":{\"@id\":\"https:\\\/\\\/motorista.com.br\\\/noticias\\\/2026\\\/09\\\/02\\\/novas-suspeitas-conectam-moraes-a-vorcaro-saiba-mais\\\/#breadcrumb\"},\"inLanguage\":\"pt-BR\",\"potentialAction\":[{\"@type\":\"ReadAction\",\"target\":[\"https:\\\/\\\/motorista.com.br\\\/noticias\\\/2026\\\/09\\\/02\\\/novas-suspeitas-conectam-moraes-a-vorcaro-saiba-mais\\\/\"]}]},{\"@type\":\"ImageObject\",\"inLanguage\":\"pt-BR\",\"@id\":\"https:\\\/\\\/motorista.com.br\\\/noticias\\\/2026\\\/09\\\/02\\\/novas-suspeitas-conectam-moraes-a-vorcaro-saiba-mais\\\/#primaryimage\",\"url\":\"https:\\\/\\\/motorista.com.br\\\/noticias\\\/wp-content\\\/uploads\\\/2026\\\/09\\\/alexandre_de_moraes_na_sabatina_para_o_stf_3.jpg\",\"contentUrl\":\"https:\\\/\\\/motorista.com.br\\\/noticias\\\/wp-content\\\/uploads\\\/2026\\\/09\\\/alexandre_de_moraes_na_sabatina_para_o_stf_3.jpg\",\"width\":960,\"height\":639},{\"@type\":\"BreadcrumbList\",\"@id\":\"https:\\\/\\\/motorista.com.br\\\/noticias\\\/2026\\\/09\\\/02\\\/novas-suspeitas-conectam-moraes-a-vorcaro-saiba-mais\\\/#breadcrumb\",\"itemListElement\":[{\"@type\":\"ListItem\",\"position\":1,\"name\":\"In\u00edcio\",\"item\":\"https:\\\/\\\/motorista.com.br\\\/noticias\\\/\"},{\"@type\":\"ListItem\",\"position\":2,\"name\":\"Novas suspeitas conectam Moraes a Vorcaro: saiba mais!\"}]},{\"@type\":\"WebSite\",\"@id\":\"https:\\\/\\\/motorista.com.br\\\/noticias\\\/#website\",\"url\":\"https:\\\/\\\/motorista.com.br\\\/noticias\\\/\",\"name\":\"Motorista.com.br\",\"description\":\"Not\u00edcia do Motorista\",\"publisher\":{\"@id\":\"https:\\\/\\\/motorista.com.br\\\/noticias\\\/#organization\"},\"potentialAction\":[{\"@type\":\"SearchAction\",\"target\":{\"@type\":\"EntryPoint\",\"urlTemplate\":\"https:\\\/\\\/motorista.com.br\\\/noticias\\\/?s={search_term_string}\"},\"query-input\":{\"@type\":\"PropertyValueSpecification\",\"valueRequired\":true,\"valueName\":\"search_term_string\"}}],\"inLanguage\":\"pt-BR\"},{\"@type\":\"Organization\",\"@id\":\"https:\\\/\\\/motorista.com.br\\\/noticias\\\/#organization\",\"name\":\"Motorista.com.br\",\"url\":\"https:\\\/\\\/motorista.com.br\\\/noticias\\\/\",\"logo\":{\"@type\":\"ImageObject\",\"inLanguage\":\"pt-BR\",\"@id\":\"https:\\\/\\\/motorista.com.br\\\/noticias\\\/#\\\/schema\\\/logo\\\/image\\\/\",\"url\":\"https:\\\/\\\/motorista.com.br\\\/noticias\\\/wp-content\\\/uploads\\\/2025\\\/06\\\/Design-sem-nome-9.png\",\"contentUrl\":\"https:\\\/\\\/motorista.com.br\\\/noticias\\\/wp-content\\\/uploads\\\/2025\\\/06\\\/Design-sem-nome-9.png\",\"width\":150,\"height\":85,\"caption\":\"Motorista.com.br\"},\"image\":{\"@id\":\"https:\\\/\\\/motorista.com.br\\\/noticias\\\/#\\\/schema\\\/logo\\\/image\\\/\"}},{\"@type\":\"Person\",\"@id\":\"https:\\\/\\\/motorista.com.br\\\/noticias\\\/#\\\/schema\\\/person\\\/dc93afc2981c0e3ce6bc3c053fd847be\",\"name\":\"Equipe Reda\u00e7\u00e3o\",\"image\":{\"@type\":\"ImageObject\",\"inLanguage\":\"pt-BR\",\"@id\":\"https:\\\/\\\/secure.gravatar.com\\\/avatar\\\/4f525efbf18dd2bb300ccad28bfb99d95a9465a5ba268407c8c37b37e1f28d2d?s=96&d=mm&r=g9e099043a0c61e9ae27e293b9fa75ffc\",\"url\":\"https:\\\/\\\/secure.gravatar.com\\\/avatar\\\/4f525efbf18dd2bb300ccad28bfb99d95a9465a5ba268407c8c37b37e1f28d2d?s=96&d=mm&r=g\",\"contentUrl\":\"https:\\\/\\\/secure.gravatar.com\\\/avatar\\\/4f525efbf18dd2bb300ccad28bfb99d95a9465a5ba268407c8c37b37e1f28d2d?s=96&d=mm&r=g\",\"caption\":\"Equipe Reda\u00e7\u00e3o\"},\"description\":\"Equipe de reda\u00e7\u00e3o \u00e9 um grupo de profissionais que trabalham juntos para criar conte\u00fado escrito para Motorista.com.br\",\"url\":\"https:\\\/\\\/motorista.com.br\\\/noticias\\\/author\\\/equiperedacao\\\/\"}]}<\/script>\n<!-- \/ Yoast SEO Premium plugin. -->","yoast_head_json":{"title":"Novas suspeitas conectam Moraes a Vorcaro: saiba mais! - Motorista.com.br","robots":{"index":"index","follow":"follow","max-snippet":"max-snippet:-1","max-image-preview":"max-image-preview:large","max-video-preview":"max-video-preview:-1"},"canonical":"https:\/\/motorista.com.br\/noticias\/2026\/09\/02\/novas-suspeitas-conectam-moraes-a-vorcaro-saiba-mais\/","og_locale":"pt_BR","og_type":"article","og_title":"Novas suspeitas conectam Moraes a Vorcaro: saiba mais!","og_description":"Entenda as novas suspeitas que ligam Moraes a Vorcaro Documentos da Pol\u00edcia Federal (PF) divulgados recentemente revelam v\u00ednculos surpreendentes entre o ex-dono do Banco Master, Daniel Vorcaro, e o ministro do Supremo Tribunal Federal (STF), Alexandre de Moraes. As informa\u00e7\u00f5es foram tornadas p\u00fablicas pelo ministro Andr\u00e9 Mendon\u00e7a, relator do caso no STF, e incluem mensagens &hellip;","og_url":"https:\/\/motorista.com.br\/noticias\/2026\/09\/02\/novas-suspeitas-conectam-moraes-a-vorcaro-saiba-mais\/","og_site_name":"Motorista.com.br","article_published_time":"2026-09-02T06:22:22+00:00","author":"Equipe Reda\u00e7\u00e3o","twitter_card":"summary_large_image","twitter_misc":{"Escrito por":"Equipe Reda\u00e7\u00e3o","Est. tempo de leitura":"3 minutos","Written by":"Equipe Reda\u00e7\u00e3o"},"schema":{"@context":"https:\/\/schema.org","@graph":[{"@type":"Article","@id":"https:\/\/motorista.com.br\/noticias\/2026\/09\/02\/novas-suspeitas-conectam-moraes-a-vorcaro-saiba-mais\/#article","isPartOf":{"@id":"https:\/\/motorista.com.br\/noticias\/2026\/09\/02\/novas-suspeitas-conectam-moraes-a-vorcaro-saiba-mais\/"},"author":{"name":"Equipe Reda\u00e7\u00e3o","@id":"https:\/\/motorista.com.br\/noticias\/#\/schema\/person\/dc93afc2981c0e3ce6bc3c053fd847be"},"headline":"Novas suspeitas conectam Moraes a Vorcaro: saiba mais!","datePublished":"2026-09-02T06:22:22+00:00","mainEntityOfPage":{"@id":"https:\/\/motorista.com.br\/noticias\/2026\/09\/02\/novas-suspeitas-conectam-moraes-a-vorcaro-saiba-mais\/"},"wordCount":541,"publisher":{"@id":"https:\/\/motorista.com.br\/noticias\/#organization"},"image":{"@id":"https:\/\/motorista.com.br\/noticias\/2026\/09\/02\/novas-suspeitas-conectam-moraes-a-vorcaro-saiba-mais\/#primaryimage"},"thumbnailUrl":"https:\/\/motorista.com.br\/noticias\/wp-content\/uploads\/2026\/09\/alexandre_de_moraes_na_sabatina_para_o_stf_3.jpg","articleSection":["Mundo"],"inLanguage":"pt-BR"},{"@type":"WebPage","@id":"https:\/\/motorista.com.br\/noticias\/2026\/09\/02\/novas-suspeitas-conectam-moraes-a-vorcaro-saiba-mais\/","url":"https:\/\/motorista.com.br\/noticias\/2026\/09\/02\/novas-suspeitas-conectam-moraes-a-vorcaro-saiba-mais\/","name":"Novas suspeitas conectam Moraes a Vorcaro: saiba mais! - Motorista.com.br","isPartOf":{"@id":"https:\/\/motorista.com.br\/noticias\/#website"},"primaryImageOfPage":{"@id":"https:\/\/motorista.com.br\/noticias\/2026\/09\/02\/novas-suspeitas-conectam-moraes-a-vorcaro-saiba-mais\/#primaryimage"},"image":{"@id":"https:\/\/motorista.com.br\/noticias\/2026\/09\/02\/novas-suspeitas-conectam-moraes-a-vorcaro-saiba-mais\/#primaryimage"},"thumbnailUrl":"https:\/\/motorista.com.br\/noticias\/wp-content\/uploads\/2026\/09\/alexandre_de_moraes_na_sabatina_para_o_stf_3.jpg","datePublished":"2026-09-02T06:22:22+00:00","breadcrumb":{"@id":"https:\/\/motorista.com.br\/noticias\/2026\/09\/02\/novas-suspeitas-conectam-moraes-a-vorcaro-saiba-mais\/#breadcrumb"},"inLanguage":"pt-BR","potentialAction":[{"@type":"ReadAction","target":["https:\/\/motorista.com.br\/noticias\/2026\/09\/02\/novas-suspeitas-conectam-moraes-a-vorcaro-saiba-mais\/"]}]},{"@type":"ImageObject","inLanguage":"pt-BR","@id":"https:\/\/motorista.com.br\/noticias\/2026\/09\/02\/novas-suspeitas-conectam-moraes-a-vorcaro-saiba-mais\/#primaryimage","url":"https:\/\/motorista.com.br\/noticias\/wp-content\/uploads\/2026\/09\/alexandre_de_moraes_na_sabatina_para_o_stf_3.jpg","contentUrl":"https:\/\/motorista.com.br\/noticias\/wp-content\/uploads\/2026\/09\/alexandre_de_moraes_na_sabatina_para_o_stf_3.jpg","width":960,"height":639},{"@type":"BreadcrumbList","@id":"https:\/\/motorista.com.br\/noticias\/2026\/09\/02\/novas-suspeitas-conectam-moraes-a-vorcaro-saiba-mais\/#breadcrumb","itemListElement":[{"@type":"ListItem","position":1,"name":"In\u00edcio","item":"https:\/\/motorista.com.br\/noticias\/"},{"@type":"ListItem","position":2,"name":"Novas suspeitas conectam Moraes a Vorcaro: saiba mais!"}]},{"@type":"WebSite","@id":"https:\/\/motorista.com.br\/noticias\/#website","url":"https:\/\/motorista.com.br\/noticias\/","name":"Motorista.com.br","description":"Not\u00edcia do Motorista","publisher":{"@id":"https:\/\/motorista.com.br\/noticias\/#organization"},"potentialAction":[{"@type":"SearchAction","target":{"@type":"EntryPoint","urlTemplate":"https:\/\/motorista.com.br\/noticias\/?s={search_term_string}"},"query-input":{"@type":"PropertyValueSpecification","valueRequired":true,"valueName":"search_term_string"}}],"inLanguage":"pt-BR"},{"@type":"Organization","@id":"https:\/\/motorista.com.br\/noticias\/#organization","name":"Motorista.com.br","url":"https:\/\/motorista.com.br\/noticias\/","logo":{"@type":"ImageObject","inLanguage":"pt-BR","@id":"https:\/\/motorista.com.br\/noticias\/#\/schema\/logo\/image\/","url":"https:\/\/motorista.com.br\/noticias\/wp-content\/uploads\/2025\/06\/Design-sem-nome-9.png","contentUrl":"https:\/\/motorista.com.br\/noticias\/wp-content\/uploads\/2025\/06\/Design-sem-nome-9.png","width":150,"height":85,"caption":"Motorista.com.br"},"image":{"@id":"https:\/\/motorista.com.br\/noticias\/#\/schema\/logo\/image\/"}},{"@type":"Person","@id":"https:\/\/motorista.com.br\/noticias\/#\/schema\/person\/dc93afc2981c0e3ce6bc3c053fd847be","name":"Equipe Reda\u00e7\u00e3o","image":{"@type":"ImageObject","inLanguage":"pt-BR","@id":"https:\/\/secure.gravatar.com\/avatar\/4f525efbf18dd2bb300ccad28bfb99d95a9465a5ba268407c8c37b37e1f28d2d?s=96&d=mm&r=g9e099043a0c61e9ae27e293b9fa75ffc","url":"https:\/\/secure.gravatar.com\/avatar\/4f525efbf18dd2bb300ccad28bfb99d95a9465a5ba268407c8c37b37e1f28d2d?s=96&d=mm&r=g","contentUrl":"https:\/\/secure.gravatar.com\/avatar\/4f525efbf18dd2bb300ccad28bfb99d95a9465a5ba268407c8c37b37e1f28d2d?s=96&d=mm&r=g","caption":"Equipe Reda\u00e7\u00e3o"},"description":"Equipe de reda\u00e7\u00e3o \u00e9 um grupo de profissionais que trabalham juntos para criar conte\u00fado escrito para Motorista.com.br","url":"https:\/\/motorista.com.br\/noticias\/author\/equiperedacao\/"}]}},"_links":{"self":[{"href":"https:\/\/motorista.com.br\/noticias\/wp-json\/wp\/v2\/posts\/14225","targetHints":{"allow":["GET"]}}],"collection":[{"href":"https:\/\/motorista.com.br\/noticias\/wp-json\/wp\/v2\/posts"}],"about":[{"href":"https:\/\/motorista.com.br\/noticias\/wp-json\/wp\/v2\/types\/post"}],"author":[{"embeddable":true,"href":"https:\/\/motorista.com.br\/noticias\/wp-json\/wp\/v2\/users\/4"}],"replies":[{"embeddable":true,"href":"https:\/\/motorista.com.br\/noticias\/wp-json\/wp\/v2\/comments?post=14225"}],"version-history":[{"count":0,"href":"https:\/\/motorista.com.br\/noticias\/wp-json\/wp\/v2\/posts\/14225\/revisions"}],"wp:featuredmedia":[{"embeddable":true,"href":"https:\/\/motorista.com.br\/noticias\/wp-json\/wp\/v2\/media\/14226"}],"wp:attachment":[{"href":"https:\/\/motorista.com.br\/noticias\/wp-json\/wp\/v2\/media?parent=14225"}],"wp:term":[{"taxonomy":"category","embeddable":true,"href":"https:\/\/motorista.com.br\/noticias\/wp-json\/wp\/v2\/categories?post=14225"},{"taxonomy":"post_tag","embeddable":true,"href":"https:\/\/motorista.com.br\/noticias\/wp-json\/wp\/v2\/tags?post=14225"},{"taxonomy":"author","embeddable":true,"href":"https:\/\/motorista.com.br\/noticias\/wp-json\/wp\/v2\/coauthors?post=14225"}],"curies":[{"name":"wp","href":"https:\/\/api.w.org\/{rel}","templated":true}]}}