{"id":14223,"date":"2026-09-02T03:10:17","date_gmt":"2026-09-02T06:10:17","guid":{"rendered":"https:\/\/motorista.com.br\/noticias\/2026\/09\/02\/pec-221-2019-melhorar-a-qualidade-de-vida-e-a-infraestrutura\/"},"modified":"2026-09-02T03:10:17","modified_gmt":"2026-09-02T06:10:17","slug":"pec-221-2019-melhorar-a-qualidade-de-vida-e-a-infraestrutura","status":"publish","type":"post","link":"https:\/\/motorista.com.br\/noticias\/2026\/09\/02\/pec-221-2019-melhorar-a-qualidade-de-vida-e-a-infraestrutura\/","title":{"rendered":"PEC 221\/2019: Melhorar a qualidade de vida e a infraestrutura."},"content":{"rendered":"<p><\/p>\n<p><strong>PEC 221\/2019: A promo\u00e7\u00e3o da qualidade de vida n\u00e3o \u00e9 incompat\u00edvel com o funcionamento da infraestrutura brasileira<\/strong><\/p>\n<p>A PEC 221\/2019 prop\u00f5e uma revis\u00e3o significativa nas diretrizes que regem a infraestrutura no Brasil, buscando um equil\u00edbrio entre desenvolvimento econ\u00f4mico e qualidade de vida. Essa proposta transcende a simples l\u00f3gica de progresso material, incorporando aspectos fundamentais para um conv\u00edvio harm\u00f4nico nas cidades e regi\u00f5es. <\/p>\n<h3>A Conex\u00e3o com a Mobilidade e o Bem-Estar dos Motoristas<\/h3>\n<p>Os impactos dessa proposta s\u00e3o diretos e palp\u00e1veis para motoristas e usu\u00e1rios das vias urbanas. Ao integrar considera\u00e7\u00f5es de qualidade de vida nos projetos de infraestrutura, a PEC promove um ambiente em que a mobilidade n\u00e3o \u00e9 apenas uma quest\u00e3o de deslocamento, mas de bem-estar social. <\/p>\n<h4>Benef\u00edcios Potenciais<\/h4>\n<ol>\n<li>\n<p><strong>Redu\u00e7\u00e3o do Tr\u00e2nsito<\/strong>: Ao priorizar a efici\u00eancia nas obras de infraestrutura, a PEC pode ajudar a diminuir o congestionamento. Isso se traduz em menos estresse para motoristas e, por consequ\u00eancia, em uma melhoria na qualidade do ar nas cidades.<\/p>\n<\/li>\n<li>\n<p><strong>Acesso a Transportes Sustent\u00e1veis<\/strong>: Com uma vis\u00e3o de futuro, a proposta pode incentivar a cria\u00e7\u00e3o de \u00e1reas dedicadas \u00e0 mobilidade sustent\u00e1vel, como ciclovias e cal\u00e7adas adequadas. Isso n\u00e3o s\u00f3 amplia as op\u00e7\u00f5es de transporte, mas tamb\u00e9m promove um estilo de vida mais ativo e saud\u00e1vel.<\/p>\n<\/li>\n<li>\n<p><strong>Integra\u00e7\u00e3o de Servi\u00e7os<\/strong>: A promo\u00e7\u00e3o de hubs de transporte integrado \u2014 onde diferentes modos de transporte se conectam \u2014 pode facilitar a rotina dos motoristas, economizando tempo e esfor\u00e7o.<\/p>\n<\/li>\n<li>\n<p><strong>Qualidade da Infraestrutura<\/strong>: Uma infraestrutura bem planejada e executada reduz os custos de manuten\u00e7\u00e3o e prolonga a vida \u00fatil das vias, beneficiando motoristas com trajetos mais suaves e seguros.<\/p>\n<\/li>\n<\/ol>\n<h3>Impactos Sociais e Econ\u00f4micos<\/h3>\n<p>As mudan\u00e7as sugeridas pela PEC 221\/2019 podem reverter o ciclo de deteriora\u00e7\u00e3o de muitas \u00e1reas urbanas. O investimento em infraestrutura de qualidade n\u00e3o apenas melhora a mobilidade, mas tamb\u00e9m eleva a autoestima da popula\u00e7\u00e3o. Comunidades que se sentem valorizadas tendem a se engajar mais ativamente na manuten\u00e7\u00e3o e conserva\u00e7\u00e3o do espa\u00e7o p\u00fablico.<\/p>\n<h4>Um Ciclo Virtuoso<\/h4>\n<p>Quando os motoristas percebem que suas necessidades s\u00e3o atendidas por um sistema de infraestrutura eficiente, eles se tornam mais propensos a respeitar as normas de tr\u00e2nsito e a agir com responsabilidade. A melhoria da mobilidade impacta diretamente na seguran\u00e7a das vias, reduzindo acidentes e promovendo um tr\u00e2nsito mais humano.<\/p>\n<h3>Conclus\u00e3o<\/h3>\n<p>A promulga\u00e7\u00e3o da PEC 221\/2019 representa uma mudan\u00e7a de paradigma na abordagem sobre infraestrutura no Brasil. Ao colocar a qualidade de vida no centro do debate, ela n\u00e3o apenas visa a efic\u00e1cia operacional, mas tamb\u00e9m promove um futuro mais humano e sustent\u00e1vel. Para motoristas, isso significa um compromisso renovado com sua qualidade de vida, um aspecto que deve ser sempre considerado nas pol\u00edticas p\u00fablicas de mobilidade.<\/p>\n<p><strong>Fonte<\/strong>: ibl<\/p>\n","protected":false},"excerpt":{"rendered":"<p>PEC 221\/2019: A promo\u00e7\u00e3o da qualidade de vida n\u00e3o \u00e9 incompat\u00edvel com o funcionamento da infraestrutura brasileira A PEC 221\/2019 prop\u00f5e uma revis\u00e3o significativa nas diretrizes que regem a infraestrutura no Brasil, buscando um equil\u00edbrio entre desenvolvimento econ\u00f4mico e qualidade de vida. Essa proposta transcende a simples l\u00f3gica de progresso material, incorporando aspectos fundamentais para &hellip;<\/p>\n","protected":false},"author":4,"featured_media":14224,"comment_status":"","ping_status":"open","sticky":false,"template":"","format":"standard","meta":{"footnotes":""},"categories":[62],"tags":[],"coauthors":[42],"class_list":["post-14223","post","type-post","status-publish","format-standard","has-post-thumbnail","hentry","category-logistica"],"yoast_head":"<!-- This site is optimized with the Yoast SEO Premium plugin v27.6.1 (Yoast SEO v28.4) - https:\/\/yoast.com\/product\/yoast-seo-premium-wordpress\/ -->\n<title>PEC 221\/2019: Melhorar a qualidade de vida e a infraestrutura. - Motorista.com.br<\/title>\n<meta name=\"robots\" content=\"index, follow, max-snippet:-1, max-image-preview:large, max-video-preview:-1\" \/>\n<link rel=\"canonical\" href=\"https:\/\/motorista.com.br\/noticias\/2026\/09\/02\/pec-221-2019-melhorar-a-qualidade-de-vida-e-a-infraestrutura\/\" \/>\n<meta property=\"og:locale\" content=\"pt_BR\" \/>\n<meta property=\"og:type\" content=\"article\" \/>\n<meta property=\"og:title\" content=\"PEC 221\/2019: Melhorar a qualidade de vida e a infraestrutura.\" \/>\n<meta property=\"og:description\" content=\"PEC 221\/2019: A promo\u00e7\u00e3o da qualidade de vida n\u00e3o \u00e9 incompat\u00edvel com o funcionamento da infraestrutura brasileira A PEC 221\/2019 prop\u00f5e uma revis\u00e3o significativa nas diretrizes que regem a infraestrutura no Brasil, buscando um equil\u00edbrio entre desenvolvimento econ\u00f4mico e qualidade de vida. Essa proposta transcende a simples l\u00f3gica de progresso material, incorporando aspectos fundamentais para &hellip;\" \/>\n<meta property=\"og:url\" content=\"https:\/\/motorista.com.br\/noticias\/2026\/09\/02\/pec-221-2019-melhorar-a-qualidade-de-vida-e-a-infraestrutura\/\" \/>\n<meta property=\"og:site_name\" content=\"Motorista.com.br\" \/>\n<meta property=\"article:published_time\" content=\"2026-09-02T06:10:17+00:00\" \/>\n<meta name=\"author\" content=\"Equipe Reda\u00e7\u00e3o\" \/>\n<meta name=\"twitter:card\" content=\"summary_large_image\" \/>\n<meta name=\"twitter:label1\" content=\"Escrito por\" \/>\n\t<meta name=\"twitter:data1\" content=\"Equipe Reda\u00e7\u00e3o\" \/>\n\t<meta name=\"twitter:label2\" content=\"Est. tempo de leitura\" \/>\n\t<meta name=\"twitter:data2\" content=\"2 minutos\" \/>\n\t<meta name=\"twitter:label3\" content=\"Written by\" \/>\n\t<meta name=\"twitter:data3\" content=\"Equipe Reda\u00e7\u00e3o\" \/>\n<script type=\"application\/ld+json\" class=\"yoast-schema-graph\">{\"@context\":\"https:\\\/\\\/schema.org\",\"@graph\":[{\"@type\":\"Article\",\"@id\":\"https:\\\/\\\/motorista.com.br\\\/noticias\\\/2026\\\/09\\\/02\\\/pec-221-2019-melhorar-a-qualidade-de-vida-e-a-infraestrutura\\\/#article\",\"isPartOf\":{\"@id\":\"https:\\\/\\\/motorista.com.br\\\/noticias\\\/2026\\\/09\\\/02\\\/pec-221-2019-melhorar-a-qualidade-de-vida-e-a-infraestrutura\\\/\"},\"author\":{\"name\":\"Equipe Reda\u00e7\u00e3o\",\"@id\":\"https:\\\/\\\/motorista.com.br\\\/noticias\\\/#\\\/schema\\\/person\\\/dc93afc2981c0e3ce6bc3c053fd847be\"},\"headline\":\"PEC 221\\\/2019: Melhorar a qualidade de vida e a infraestrutura.\",\"datePublished\":\"2026-09-02T06:10:17+00:00\",\"mainEntityOfPage\":{\"@id\":\"https:\\\/\\\/motorista.com.br\\\/noticias\\\/2026\\\/09\\\/02\\\/pec-221-2019-melhorar-a-qualidade-de-vida-e-a-infraestrutura\\\/\"},\"wordCount\":499,\"publisher\":{\"@id\":\"https:\\\/\\\/motorista.com.br\\\/noticias\\\/#organization\"},\"image\":{\"@id\":\"https:\\\/\\\/motorista.com.br\\\/noticias\\\/2026\\\/09\\\/02\\\/pec-221-2019-melhorar-a-qualidade-de-vida-e-a-infraestrutura\\\/#primaryimage\"},\"thumbnailUrl\":\"https:\\\/\\\/motorista.com.br\\\/noticias\\\/wp-content\\\/uploads\\\/2026\\\/09\\\/WhatsApp-Image-2026-09-01-at-11.24.12.jpeg\",\"articleSection\":[\"Log\u00edstica\"],\"inLanguage\":\"pt-BR\"},{\"@type\":\"WebPage\",\"@id\":\"https:\\\/\\\/motorista.com.br\\\/noticias\\\/2026\\\/09\\\/02\\\/pec-221-2019-melhorar-a-qualidade-de-vida-e-a-infraestrutura\\\/\",\"url\":\"https:\\\/\\\/motorista.com.br\\\/noticias\\\/2026\\\/09\\\/02\\\/pec-221-2019-melhorar-a-qualidade-de-vida-e-a-infraestrutura\\\/\",\"name\":\"PEC 221\\\/2019: Melhorar a qualidade de vida e a infraestrutura. - Motorista.com.br\",\"isPartOf\":{\"@id\":\"https:\\\/\\\/motorista.com.br\\\/noticias\\\/#website\"},\"primaryImageOfPage\":{\"@id\":\"https:\\\/\\\/motorista.com.br\\\/noticias\\\/2026\\\/09\\\/02\\\/pec-221-2019-melhorar-a-qualidade-de-vida-e-a-infraestrutura\\\/#primaryimage\"},\"image\":{\"@id\":\"https:\\\/\\\/motorista.com.br\\\/noticias\\\/2026\\\/09\\\/02\\\/pec-221-2019-melhorar-a-qualidade-de-vida-e-a-infraestrutura\\\/#primaryimage\"},\"thumbnailUrl\":\"https:\\\/\\\/motorista.com.br\\\/noticias\\\/wp-content\\\/uploads\\\/2026\\\/09\\\/WhatsApp-Image-2026-09-01-at-11.24.12.jpeg\",\"datePublished\":\"2026-09-02T06:10:17+00:00\",\"breadcrumb\":{\"@id\":\"https:\\\/\\\/motorista.com.br\\\/noticias\\\/2026\\\/09\\\/02\\\/pec-221-2019-melhorar-a-qualidade-de-vida-e-a-infraestrutura\\\/#breadcrumb\"},\"inLanguage\":\"pt-BR\",\"potentialAction\":[{\"@type\":\"ReadAction\",\"target\":[\"https:\\\/\\\/motorista.com.br\\\/noticias\\\/2026\\\/09\\\/02\\\/pec-221-2019-melhorar-a-qualidade-de-vida-e-a-infraestrutura\\\/\"]}]},{\"@type\":\"ImageObject\",\"inLanguage\":\"pt-BR\",\"@id\":\"https:\\\/\\\/motorista.com.br\\\/noticias\\\/2026\\\/09\\\/02\\\/pec-221-2019-melhorar-a-qualidade-de-vida-e-a-infraestrutura\\\/#primaryimage\",\"url\":\"https:\\\/\\\/motorista.com.br\\\/noticias\\\/wp-content\\\/uploads\\\/2026\\\/09\\\/WhatsApp-Image-2026-09-01-at-11.24.12.jpeg\",\"contentUrl\":\"https:\\\/\\\/motorista.com.br\\\/noticias\\\/wp-content\\\/uploads\\\/2026\\\/09\\\/WhatsApp-Image-2026-09-01-at-11.24.12.jpeg\",\"width\":1600,\"height\":900},{\"@type\":\"BreadcrumbList\",\"@id\":\"https:\\\/\\\/motorista.com.br\\\/noticias\\\/2026\\\/09\\\/02\\\/pec-221-2019-melhorar-a-qualidade-de-vida-e-a-infraestrutura\\\/#breadcrumb\",\"itemListElement\":[{\"@type\":\"ListItem\",\"position\":1,\"name\":\"In\u00edcio\",\"item\":\"https:\\\/\\\/motorista.com.br\\\/noticias\\\/\"},{\"@type\":\"ListItem\",\"position\":2,\"name\":\"PEC 221\\\/2019: Melhorar a qualidade de vida e a infraestrutura.\"}]},{\"@type\":\"WebSite\",\"@id\":\"https:\\\/\\\/motorista.com.br\\\/noticias\\\/#website\",\"url\":\"https:\\\/\\\/motorista.com.br\\\/noticias\\\/\",\"name\":\"Motorista.com.br\",\"description\":\"Not\u00edcia do Motorista\",\"publisher\":{\"@id\":\"https:\\\/\\\/motorista.com.br\\\/noticias\\\/#organization\"},\"potentialAction\":[{\"@type\":\"SearchAction\",\"target\":{\"@type\":\"EntryPoint\",\"urlTemplate\":\"https:\\\/\\\/motorista.com.br\\\/noticias\\\/?s={search_term_string}\"},\"query-input\":{\"@type\":\"PropertyValueSpecification\",\"valueRequired\":true,\"valueName\":\"search_term_string\"}}],\"inLanguage\":\"pt-BR\"},{\"@type\":\"Organization\",\"@id\":\"https:\\\/\\\/motorista.com.br\\\/noticias\\\/#organization\",\"name\":\"Motorista.com.br\",\"url\":\"https:\\\/\\\/motorista.com.br\\\/noticias\\\/\",\"logo\":{\"@type\":\"ImageObject\",\"inLanguage\":\"pt-BR\",\"@id\":\"https:\\\/\\\/motorista.com.br\\\/noticias\\\/#\\\/schema\\\/logo\\\/image\\\/\",\"url\":\"https:\\\/\\\/motorista.com.br\\\/noticias\\\/wp-content\\\/uploads\\\/2025\\\/06\\\/Design-sem-nome-9.png\",\"contentUrl\":\"https:\\\/\\\/motorista.com.br\\\/noticias\\\/wp-content\\\/uploads\\\/2025\\\/06\\\/Design-sem-nome-9.png\",\"width\":150,\"height\":85,\"caption\":\"Motorista.com.br\"},\"image\":{\"@id\":\"https:\\\/\\\/motorista.com.br\\\/noticias\\\/#\\\/schema\\\/logo\\\/image\\\/\"}},{\"@type\":\"Person\",\"@id\":\"https:\\\/\\\/motorista.com.br\\\/noticias\\\/#\\\/schema\\\/person\\\/dc93afc2981c0e3ce6bc3c053fd847be\",\"name\":\"Equipe Reda\u00e7\u00e3o\",\"image\":{\"@type\":\"ImageObject\",\"inLanguage\":\"pt-BR\",\"@id\":\"https:\\\/\\\/secure.gravatar.com\\\/avatar\\\/4f525efbf18dd2bb300ccad28bfb99d95a9465a5ba268407c8c37b37e1f28d2d?s=96&d=mm&r=g9e099043a0c61e9ae27e293b9fa75ffc\",\"url\":\"https:\\\/\\\/secure.gravatar.com\\\/avatar\\\/4f525efbf18dd2bb300ccad28bfb99d95a9465a5ba268407c8c37b37e1f28d2d?s=96&d=mm&r=g\",\"contentUrl\":\"https:\\\/\\\/secure.gravatar.com\\\/avatar\\\/4f525efbf18dd2bb300ccad28bfb99d95a9465a5ba268407c8c37b37e1f28d2d?s=96&d=mm&r=g\",\"caption\":\"Equipe Reda\u00e7\u00e3o\"},\"description\":\"Equipe de reda\u00e7\u00e3o \u00e9 um grupo de profissionais que trabalham juntos para criar conte\u00fado escrito para Motorista.com.br\",\"url\":\"https:\\\/\\\/motorista.com.br\\\/noticias\\\/author\\\/equiperedacao\\\/\"}]}<\/script>\n<!-- \/ Yoast SEO Premium plugin. -->","yoast_head_json":{"title":"PEC 221\/2019: Melhorar a qualidade de vida e a infraestrutura. - Motorista.com.br","robots":{"index":"index","follow":"follow","max-snippet":"max-snippet:-1","max-image-preview":"max-image-preview:large","max-video-preview":"max-video-preview:-1"},"canonical":"https:\/\/motorista.com.br\/noticias\/2026\/09\/02\/pec-221-2019-melhorar-a-qualidade-de-vida-e-a-infraestrutura\/","og_locale":"pt_BR","og_type":"article","og_title":"PEC 221\/2019: Melhorar a qualidade de vida e a infraestrutura.","og_description":"PEC 221\/2019: A promo\u00e7\u00e3o da qualidade de vida n\u00e3o \u00e9 incompat\u00edvel com o funcionamento da infraestrutura brasileira A PEC 221\/2019 prop\u00f5e uma revis\u00e3o significativa nas diretrizes que regem a infraestrutura no Brasil, buscando um equil\u00edbrio entre desenvolvimento econ\u00f4mico e qualidade de vida. Essa proposta transcende a simples l\u00f3gica de progresso material, incorporando aspectos fundamentais para &hellip;","og_url":"https:\/\/motorista.com.br\/noticias\/2026\/09\/02\/pec-221-2019-melhorar-a-qualidade-de-vida-e-a-infraestrutura\/","og_site_name":"Motorista.com.br","article_published_time":"2026-09-02T06:10:17+00:00","author":"Equipe Reda\u00e7\u00e3o","twitter_card":"summary_large_image","twitter_misc":{"Escrito por":"Equipe Reda\u00e7\u00e3o","Est. tempo de leitura":"2 minutos","Written by":"Equipe Reda\u00e7\u00e3o"},"schema":{"@context":"https:\/\/schema.org","@graph":[{"@type":"Article","@id":"https:\/\/motorista.com.br\/noticias\/2026\/09\/02\/pec-221-2019-melhorar-a-qualidade-de-vida-e-a-infraestrutura\/#article","isPartOf":{"@id":"https:\/\/motorista.com.br\/noticias\/2026\/09\/02\/pec-221-2019-melhorar-a-qualidade-de-vida-e-a-infraestrutura\/"},"author":{"name":"Equipe Reda\u00e7\u00e3o","@id":"https:\/\/motorista.com.br\/noticias\/#\/schema\/person\/dc93afc2981c0e3ce6bc3c053fd847be"},"headline":"PEC 221\/2019: Melhorar a qualidade de vida e a infraestrutura.","datePublished":"2026-09-02T06:10:17+00:00","mainEntityOfPage":{"@id":"https:\/\/motorista.com.br\/noticias\/2026\/09\/02\/pec-221-2019-melhorar-a-qualidade-de-vida-e-a-infraestrutura\/"},"wordCount":499,"publisher":{"@id":"https:\/\/motorista.com.br\/noticias\/#organization"},"image":{"@id":"https:\/\/motorista.com.br\/noticias\/2026\/09\/02\/pec-221-2019-melhorar-a-qualidade-de-vida-e-a-infraestrutura\/#primaryimage"},"thumbnailUrl":"https:\/\/motorista.com.br\/noticias\/wp-content\/uploads\/2026\/09\/WhatsApp-Image-2026-09-01-at-11.24.12.jpeg","articleSection":["Log\u00edstica"],"inLanguage":"pt-BR"},{"@type":"WebPage","@id":"https:\/\/motorista.com.br\/noticias\/2026\/09\/02\/pec-221-2019-melhorar-a-qualidade-de-vida-e-a-infraestrutura\/","url":"https:\/\/motorista.com.br\/noticias\/2026\/09\/02\/pec-221-2019-melhorar-a-qualidade-de-vida-e-a-infraestrutura\/","name":"PEC 221\/2019: Melhorar a qualidade de vida e a infraestrutura. - Motorista.com.br","isPartOf":{"@id":"https:\/\/motorista.com.br\/noticias\/#website"},"primaryImageOfPage":{"@id":"https:\/\/motorista.com.br\/noticias\/2026\/09\/02\/pec-221-2019-melhorar-a-qualidade-de-vida-e-a-infraestrutura\/#primaryimage"},"image":{"@id":"https:\/\/motorista.com.br\/noticias\/2026\/09\/02\/pec-221-2019-melhorar-a-qualidade-de-vida-e-a-infraestrutura\/#primaryimage"},"thumbnailUrl":"https:\/\/motorista.com.br\/noticias\/wp-content\/uploads\/2026\/09\/WhatsApp-Image-2026-09-01-at-11.24.12.jpeg","datePublished":"2026-09-02T06:10:17+00:00","breadcrumb":{"@id":"https:\/\/motorista.com.br\/noticias\/2026\/09\/02\/pec-221-2019-melhorar-a-qualidade-de-vida-e-a-infraestrutura\/#breadcrumb"},"inLanguage":"pt-BR","potentialAction":[{"@type":"ReadAction","target":["https:\/\/motorista.com.br\/noticias\/2026\/09\/02\/pec-221-2019-melhorar-a-qualidade-de-vida-e-a-infraestrutura\/"]}]},{"@type":"ImageObject","inLanguage":"pt-BR","@id":"https:\/\/motorista.com.br\/noticias\/2026\/09\/02\/pec-221-2019-melhorar-a-qualidade-de-vida-e-a-infraestrutura\/#primaryimage","url":"https:\/\/motorista.com.br\/noticias\/wp-content\/uploads\/2026\/09\/WhatsApp-Image-2026-09-01-at-11.24.12.jpeg","contentUrl":"https:\/\/motorista.com.br\/noticias\/wp-content\/uploads\/2026\/09\/WhatsApp-Image-2026-09-01-at-11.24.12.jpeg","width":1600,"height":900},{"@type":"BreadcrumbList","@id":"https:\/\/motorista.com.br\/noticias\/2026\/09\/02\/pec-221-2019-melhorar-a-qualidade-de-vida-e-a-infraestrutura\/#breadcrumb","itemListElement":[{"@type":"ListItem","position":1,"name":"In\u00edcio","item":"https:\/\/motorista.com.br\/noticias\/"},{"@type":"ListItem","position":2,"name":"PEC 221\/2019: Melhorar a qualidade de vida e a infraestrutura."}]},{"@type":"WebSite","@id":"https:\/\/motorista.com.br\/noticias\/#website","url":"https:\/\/motorista.com.br\/noticias\/","name":"Motorista.com.br","description":"Not\u00edcia do Motorista","publisher":{"@id":"https:\/\/motorista.com.br\/noticias\/#organization"},"potentialAction":[{"@type":"SearchAction","target":{"@type":"EntryPoint","urlTemplate":"https:\/\/motorista.com.br\/noticias\/?s={search_term_string}"},"query-input":{"@type":"PropertyValueSpecification","valueRequired":true,"valueName":"search_term_string"}}],"inLanguage":"pt-BR"},{"@type":"Organization","@id":"https:\/\/motorista.com.br\/noticias\/#organization","name":"Motorista.com.br","url":"https:\/\/motorista.com.br\/noticias\/","logo":{"@type":"ImageObject","inLanguage":"pt-BR","@id":"https:\/\/motorista.com.br\/noticias\/#\/schema\/logo\/image\/","url":"https:\/\/motorista.com.br\/noticias\/wp-content\/uploads\/2025\/06\/Design-sem-nome-9.png","contentUrl":"https:\/\/motorista.com.br\/noticias\/wp-content\/uploads\/2025\/06\/Design-sem-nome-9.png","width":150,"height":85,"caption":"Motorista.com.br"},"image":{"@id":"https:\/\/motorista.com.br\/noticias\/#\/schema\/logo\/image\/"}},{"@type":"Person","@id":"https:\/\/motorista.com.br\/noticias\/#\/schema\/person\/dc93afc2981c0e3ce6bc3c053fd847be","name":"Equipe Reda\u00e7\u00e3o","image":{"@type":"ImageObject","inLanguage":"pt-BR","@id":"https:\/\/secure.gravatar.com\/avatar\/4f525efbf18dd2bb300ccad28bfb99d95a9465a5ba268407c8c37b37e1f28d2d?s=96&d=mm&r=g9e099043a0c61e9ae27e293b9fa75ffc","url":"https:\/\/secure.gravatar.com\/avatar\/4f525efbf18dd2bb300ccad28bfb99d95a9465a5ba268407c8c37b37e1f28d2d?s=96&d=mm&r=g","contentUrl":"https:\/\/secure.gravatar.com\/avatar\/4f525efbf18dd2bb300ccad28bfb99d95a9465a5ba268407c8c37b37e1f28d2d?s=96&d=mm&r=g","caption":"Equipe Reda\u00e7\u00e3o"},"description":"Equipe de reda\u00e7\u00e3o \u00e9 um grupo de profissionais que trabalham juntos para criar conte\u00fado escrito para Motorista.com.br","url":"https:\/\/motorista.com.br\/noticias\/author\/equiperedacao\/"}]}},"_links":{"self":[{"href":"https:\/\/motorista.com.br\/noticias\/wp-json\/wp\/v2\/posts\/14223","targetHints":{"allow":["GET"]}}],"collection":[{"href":"https:\/\/motorista.com.br\/noticias\/wp-json\/wp\/v2\/posts"}],"about":[{"href":"https:\/\/motorista.com.br\/noticias\/wp-json\/wp\/v2\/types\/post"}],"author":[{"embeddable":true,"href":"https:\/\/motorista.com.br\/noticias\/wp-json\/wp\/v2\/users\/4"}],"replies":[{"embeddable":true,"href":"https:\/\/motorista.com.br\/noticias\/wp-json\/wp\/v2\/comments?post=14223"}],"version-history":[{"count":0,"href":"https:\/\/motorista.com.br\/noticias\/wp-json\/wp\/v2\/posts\/14223\/revisions"}],"wp:featuredmedia":[{"embeddable":true,"href":"https:\/\/motorista.com.br\/noticias\/wp-json\/wp\/v2\/media\/14224"}],"wp:attachment":[{"href":"https:\/\/motorista.com.br\/noticias\/wp-json\/wp\/v2\/media?parent=14223"}],"wp:term":[{"taxonomy":"category","embeddable":true,"href":"https:\/\/motorista.com.br\/noticias\/wp-json\/wp\/v2\/categories?post=14223"},{"taxonomy":"post_tag","embeddable":true,"href":"https:\/\/motorista.com.br\/noticias\/wp-json\/wp\/v2\/tags?post=14223"},{"taxonomy":"author","embeddable":true,"href":"https:\/\/motorista.com.br\/noticias\/wp-json\/wp\/v2\/coauthors?post=14223"}],"curies":[{"name":"wp","href":"https:\/\/api.w.org\/{rel}","templated":true}]}}