{"id":14220,"date":"2026-09-01T23:46:29","date_gmt":"2026-09-02T02:46:29","guid":{"rendered":"https:\/\/motorista.com.br\/noticias\/2026\/09\/01\/iluminacao-otimizada-corta-consumo-em-30-e-aprimora-operacoes-noturnas-em-sp\/"},"modified":"2026-09-01T23:46:29","modified_gmt":"2026-09-02T02:46:29","slug":"iluminacao-otimizada-corta-consumo-em-30-e-aprimora-operacoes-noturnas-em-sp","status":"publish","type":"post","link":"https:\/\/motorista.com.br\/noticias\/2026\/09\/01\/iluminacao-otimizada-corta-consumo-em-30-e-aprimora-operacoes-noturnas-em-sp\/","title":{"rendered":"Ilumina\u00e7\u00e3o otimizada corta consumo em 30% e aprimora opera\u00e7\u00f5es noturnas em SP."},"content":{"rendered":"<p><\/p>\n<div>\n<h5 dir=\"ltr\" style=\"text-align:center\"><strong>Projeto de ilumina\u00e7\u00e3o reduz consumo em 30% e melhora opera\u00e7\u00e3o noturna em centro log\u00edstico de SP.<\/strong><\/h5>\n<p dir=\"ltr\">A ilumina\u00e7\u00e3o para galp\u00f5es log\u00edsticos exerce um papel crucial na efici\u00eancia operacional dos centros de distribui\u00e7\u00e3o. No recente projeto realizado em Embu das Artes (SP), a moderniza\u00e7\u00e3o do sistema luminot\u00e9cnico resultou em uma redu\u00e7\u00e3o significativa de 30% no consumo de energia, al\u00e9m de proporcionar melhorias nas condi\u00e7\u00f5es de opera\u00e7\u00e3o nas \u00e1reas cr\u00edticas de circula\u00e7\u00e3o, manobra e armazenagem.<\/p>\n<p dir=\"ltr\">Com o aumento das opera\u00e7\u00f5es noturnas, a gest\u00e3o do centro de distribui\u00e7\u00e3o reconheceu a import\u00e2ncia de aprimorar a ilumina\u00e7\u00e3o em p\u00e1tios de manobra e \u00e1reas de circula\u00e7\u00e3o. A qualidade da luz \u00e9 determinante para a visibilidade, seguran\u00e7a e produtividade das equipes, tornando a moderniza\u00e7\u00e3o ainda mais relevante.<\/p>\n<p dir=\"ltr\">Um estudo detalhado do sistema existente identificou pontos cr\u00edticos que impactavam diretamente a efici\u00eancia e seguran\u00e7a das opera\u00e7\u00f5es:<\/p>\n<ul>\n<li dir=\"ltr\">\n<p dir=\"ltr\" role=\"presentation\">baixa uniformidade luminosa em \u00e1reas cr\u00edticas de circula\u00e7\u00e3o e manobra<\/p>\n<\/li>\n<li dir=\"ltr\">\n<p dir=\"ltr\" role=\"presentation\">pontos de ofuscamento em rotas operacionais<\/p>\n<\/li>\n<li dir=\"ltr\">\n<p dir=\"ltr\" role=\"presentation\">n\u00edveis de ilumin\u00e2ncia inadequados para atividades noturnas<\/p>\n<\/li>\n<li dir=\"ltr\">\n<p dir=\"ltr\" role=\"presentation\">alto consumo energ\u00e9tico em rela\u00e7\u00e3o ao desempenho<\/p>\n<\/li>\n<li dir=\"ltr\">\n<p dir=\"ltr\" role=\"presentation\">incidentes em p\u00e1tios de manobra devido \u00e0 baixa visibilidade<\/p>\n<\/li>\n<\/ul>\n<p dir=\"ltr\">Cen\u00e1rios como esse s\u00e3o comuns em opera\u00e7\u00f5es log\u00edsticas onde a ilumina\u00e7\u00e3o n\u00e3o \u00e9 planejada considerando o fluxo operacional.<\/p>\n<h4 dir=\"ltr\"><strong>Planejamento t\u00e9cnico como ponto de partida<\/strong><\/h4>\n<p dir=\"ltr\">O projeto foi desenvolvido com base no comportamento da luz e n\u00e3o apenas na especifica\u00e7\u00e3o de equipamentos. Fatores como altura de instala\u00e7\u00e3o, fluxo operacional e \u00e1reas de risco foram levados em conta, evitando sub ou superdimensionamento, o que impacta diretamente na efici\u00eancia operacional e no investimento total.<\/p>\n<h4 dir=\"ltr\"><strong>Economia e efici\u00eancia no projeto luminot\u00e9cnico<\/strong><\/h4>\n<p dir=\"ltr\">A redu\u00e7\u00e3o de custos come\u00e7a na fase de planejamento com uma distribui\u00e7\u00e3o luminosa adequada, resultando em menos necessidade de infraestrutura el\u00e9trica. Equipamentos de alta efici\u00eancia e durabilidade garantem uma opera\u00e7\u00e3o mais econ\u00f4mica e previs\u00edvel. As solu\u00e7\u00f5es de ilumina\u00e7\u00e3o empregadas, com garantia de 5 anos, trouxeram n\u00e3o apenas economia de energia, mas tamb\u00e9m a implementa\u00e7\u00e3o de sensores de presen\u00e7a, minimizando desperd\u00edcios.<\/p>\n<h4 dir=\"ltr\"><strong>Lumin\u00e1rias High Bay e previsibilidade operacional<\/strong><\/h4>\n<p dir=\"ltr\">As lumin\u00e1rias High Bay utilizadas em \u00e1reas com p\u00e9 direito alto favoreceram a distribui\u00e7\u00e3o da luz, melhorando a uniformidade luminosa e reduzindo a necessidade de m\u00faltiplos pontos de ilumina\u00e7\u00e3o. Essa estabilidade luminosa \u00e9 essencial para a seguran\u00e7a e fluidez nas opera\u00e7\u00f5es, especialmente em ambientes com intensa circula\u00e7\u00e3o de ve\u00edculos e equipes.<\/p>\n<h4 dir=\"ltr\"><strong>Resultados: efici\u00eancia energ\u00e9tica e ganho operacional<\/strong><\/h4>\n<p dir=\"ltr\">Ap\u00f3s a implementa\u00e7\u00e3o do novo sistema, o centro de distribui\u00e7\u00e3o observou uma opera\u00e7\u00e3o significativamente mais eficiente e segura. Entre os resultados est\u00e3o:<\/p>\n<ul>\n<li dir=\"ltr\">\n<p dir=\"ltr\" role=\"presentation\">redu\u00e7\u00e3o de aproximadamente 30% no consumo de energia iluminativa<\/p>\n<\/li>\n<li dir=\"ltr\">\n<p dir=\"ltr\" role=\"presentation\">elimina\u00e7\u00e3o de pontos de baixa visibilidade<\/p>\n<\/li>\n<li dir=\"ltr\">\n<p dir=\"ltr\" role=\"presentation\">melhoria na uniformidade luminosa<\/p>\n<\/li>\n<li dir=\"ltr\">\n<p dir=\"ltr\" role=\"presentation\">aumento da seguran\u00e7a nas opera\u00e7\u00f5es noturnas<\/p>\n<\/li>\n<li dir=\"ltr\">\n<p dir=\"ltr\" role=\"presentation\">diminui\u00e7\u00e3o de interven\u00e7\u00f5es corretivas no sistema de ilumina\u00e7\u00e3o<\/p>\n<\/li>\n<\/ul>\n<p dir=\"ltr\">Esses resultados elevaram a estabilidade operacional e melhoraram a previsibilidade das rotinas de manuten\u00e7\u00e3o.<\/p>\n<h4 dir=\"ltr\"><strong>Ilumina\u00e7\u00e3o como ativo estrat\u00e9gico na log\u00edstica<\/strong><\/h4>\n<p dir=\"ltr\">O projeto em Embu das Artes reflete uma tend\u00eancia crescente no setor log\u00edstico: tratar a ilumina\u00e7\u00e3o como parte da estrat\u00e9gia operacional. Com a evolu\u00e7\u00e3o das opera\u00e7\u00f5es em larga escala e a press\u00e3o por efici\u00eancia energ\u00e9tica, solu\u00e7\u00f5es de ilumina\u00e7\u00e3o estruturadas t\u00eam se mostrado essenciais para a redu\u00e7\u00e3o de custos e aumento da seguran\u00e7a. <\/p>\n<p dir=\"ltr\">Esse movimento \u00e9 observado em diversas opera\u00e7\u00f5es log\u00edsticas e industriais no Brasil, onde empresas est\u00e3o investindo em moderniza\u00e7\u00f5es para atender \u00e0s exig\u00eancias operacionais contempor\u00e2neas.<\/p>\n<\/div>\n<p>Fonte: Abralog<\/p>\n","protected":false},"excerpt":{"rendered":"<p>Projeto de ilumina\u00e7\u00e3o reduz consumo em 30% e melhora opera\u00e7\u00e3o noturna em centro log\u00edstico de SP. A ilumina\u00e7\u00e3o para galp\u00f5es log\u00edsticos exerce um papel crucial na efici\u00eancia operacional dos centros de distribui\u00e7\u00e3o. No recente projeto realizado em Embu das Artes (SP), a moderniza\u00e7\u00e3o do sistema luminot\u00e9cnico resultou em uma redu\u00e7\u00e3o significativa de 30% no consumo &hellip;<\/p>\n","protected":false},"author":4,"featured_media":14221,"comment_status":"","ping_status":"open","sticky":false,"template":"","format":"standard","meta":{"footnotes":""},"categories":[62],"tags":[],"coauthors":[42],"class_list":["post-14220","post","type-post","status-publish","format-standard","has-post-thumbnail","hentry","category-logistica"],"yoast_head":"<!-- This site is optimized with the Yoast SEO Premium plugin v27.6.1 (Yoast SEO v28.4) - https:\/\/yoast.com\/product\/yoast-seo-premium-wordpress\/ -->\n<title>Ilumina\u00e7\u00e3o otimizada corta consumo em 30% e aprimora opera\u00e7\u00f5es noturnas em SP. - Motorista.com.br<\/title>\n<meta name=\"robots\" content=\"index, follow, max-snippet:-1, max-image-preview:large, max-video-preview:-1\" \/>\n<link rel=\"canonical\" href=\"https:\/\/motorista.com.br\/noticias\/2026\/09\/01\/iluminacao-otimizada-corta-consumo-em-30-e-aprimora-operacoes-noturnas-em-sp\/\" \/>\n<meta property=\"og:locale\" content=\"pt_BR\" \/>\n<meta property=\"og:type\" content=\"article\" \/>\n<meta property=\"og:title\" content=\"Ilumina\u00e7\u00e3o otimizada corta consumo em 30% e aprimora opera\u00e7\u00f5es noturnas em SP.\" \/>\n<meta property=\"og:description\" content=\"Projeto de ilumina\u00e7\u00e3o reduz consumo em 30% e melhora opera\u00e7\u00e3o noturna em centro log\u00edstico de SP. A ilumina\u00e7\u00e3o para galp\u00f5es log\u00edsticos exerce um papel crucial na efici\u00eancia operacional dos centros de distribui\u00e7\u00e3o. No recente projeto realizado em Embu das Artes (SP), a moderniza\u00e7\u00e3o do sistema luminot\u00e9cnico resultou em uma redu\u00e7\u00e3o significativa de 30% no consumo &hellip;\" \/>\n<meta property=\"og:url\" content=\"https:\/\/motorista.com.br\/noticias\/2026\/09\/01\/iluminacao-otimizada-corta-consumo-em-30-e-aprimora-operacoes-noturnas-em-sp\/\" \/>\n<meta property=\"og:site_name\" content=\"Motorista.com.br\" \/>\n<meta property=\"article:published_time\" content=\"2026-09-02T02:46:29+00:00\" \/>\n<meta name=\"author\" content=\"Equipe Reda\u00e7\u00e3o\" \/>\n<meta name=\"twitter:card\" content=\"summary_large_image\" \/>\n<meta name=\"twitter:label1\" content=\"Escrito por\" \/>\n\t<meta name=\"twitter:data1\" content=\"Equipe Reda\u00e7\u00e3o\" \/>\n\t<meta name=\"twitter:label2\" content=\"Est. tempo de leitura\" \/>\n\t<meta name=\"twitter:data2\" content=\"3 minutos\" \/>\n\t<meta name=\"twitter:label3\" content=\"Written by\" \/>\n\t<meta name=\"twitter:data3\" content=\"Equipe Reda\u00e7\u00e3o\" \/>\n<script type=\"application\/ld+json\" class=\"yoast-schema-graph\">{\"@context\":\"https:\\\/\\\/schema.org\",\"@graph\":[{\"@type\":\"Article\",\"@id\":\"https:\\\/\\\/motorista.com.br\\\/noticias\\\/2026\\\/09\\\/01\\\/iluminacao-otimizada-corta-consumo-em-30-e-aprimora-operacoes-noturnas-em-sp\\\/#article\",\"isPartOf\":{\"@id\":\"https:\\\/\\\/motorista.com.br\\\/noticias\\\/2026\\\/09\\\/01\\\/iluminacao-otimizada-corta-consumo-em-30-e-aprimora-operacoes-noturnas-em-sp\\\/\"},\"author\":{\"name\":\"Equipe Reda\u00e7\u00e3o\",\"@id\":\"https:\\\/\\\/motorista.com.br\\\/noticias\\\/#\\\/schema\\\/person\\\/dc93afc2981c0e3ce6bc3c053fd847be\"},\"headline\":\"Ilumina\u00e7\u00e3o otimizada corta consumo em 30% e aprimora opera\u00e7\u00f5es noturnas em SP.\",\"datePublished\":\"2026-09-02T02:46:29+00:00\",\"mainEntityOfPage\":{\"@id\":\"https:\\\/\\\/motorista.com.br\\\/noticias\\\/2026\\\/09\\\/01\\\/iluminacao-otimizada-corta-consumo-em-30-e-aprimora-operacoes-noturnas-em-sp\\\/\"},\"wordCount\":645,\"publisher\":{\"@id\":\"https:\\\/\\\/motorista.com.br\\\/noticias\\\/#organization\"},\"image\":{\"@id\":\"https:\\\/\\\/motorista.com.br\\\/noticias\\\/2026\\\/09\\\/01\\\/iluminacao-otimizada-corta-consumo-em-30-e-aprimora-operacoes-noturnas-em-sp\\\/#primaryimage\"},\"thumbnailUrl\":\"https:\\\/\\\/motorista.com.br\\\/noticias\\\/wp-content\\\/uploads\\\/2026\\\/09\\\/ID-AB-1000-px-x-830-px-Projeto-1.png\",\"articleSection\":[\"Log\u00edstica\"],\"inLanguage\":\"pt-BR\"},{\"@type\":\"WebPage\",\"@id\":\"https:\\\/\\\/motorista.com.br\\\/noticias\\\/2026\\\/09\\\/01\\\/iluminacao-otimizada-corta-consumo-em-30-e-aprimora-operacoes-noturnas-em-sp\\\/\",\"url\":\"https:\\\/\\\/motorista.com.br\\\/noticias\\\/2026\\\/09\\\/01\\\/iluminacao-otimizada-corta-consumo-em-30-e-aprimora-operacoes-noturnas-em-sp\\\/\",\"name\":\"Ilumina\u00e7\u00e3o otimizada corta consumo em 30% e aprimora opera\u00e7\u00f5es noturnas em SP. - Motorista.com.br\",\"isPartOf\":{\"@id\":\"https:\\\/\\\/motorista.com.br\\\/noticias\\\/#website\"},\"primaryImageOfPage\":{\"@id\":\"https:\\\/\\\/motorista.com.br\\\/noticias\\\/2026\\\/09\\\/01\\\/iluminacao-otimizada-corta-consumo-em-30-e-aprimora-operacoes-noturnas-em-sp\\\/#primaryimage\"},\"image\":{\"@id\":\"https:\\\/\\\/motorista.com.br\\\/noticias\\\/2026\\\/09\\\/01\\\/iluminacao-otimizada-corta-consumo-em-30-e-aprimora-operacoes-noturnas-em-sp\\\/#primaryimage\"},\"thumbnailUrl\":\"https:\\\/\\\/motorista.com.br\\\/noticias\\\/wp-content\\\/uploads\\\/2026\\\/09\\\/ID-AB-1000-px-x-830-px-Projeto-1.png\",\"datePublished\":\"2026-09-02T02:46:29+00:00\",\"breadcrumb\":{\"@id\":\"https:\\\/\\\/motorista.com.br\\\/noticias\\\/2026\\\/09\\\/01\\\/iluminacao-otimizada-corta-consumo-em-30-e-aprimora-operacoes-noturnas-em-sp\\\/#breadcrumb\"},\"inLanguage\":\"pt-BR\",\"potentialAction\":[{\"@type\":\"ReadAction\",\"target\":[\"https:\\\/\\\/motorista.com.br\\\/noticias\\\/2026\\\/09\\\/01\\\/iluminacao-otimizada-corta-consumo-em-30-e-aprimora-operacoes-noturnas-em-sp\\\/\"]}]},{\"@type\":\"ImageObject\",\"inLanguage\":\"pt-BR\",\"@id\":\"https:\\\/\\\/motorista.com.br\\\/noticias\\\/2026\\\/09\\\/01\\\/iluminacao-otimizada-corta-consumo-em-30-e-aprimora-operacoes-noturnas-em-sp\\\/#primaryimage\",\"url\":\"https:\\\/\\\/motorista.com.br\\\/noticias\\\/wp-content\\\/uploads\\\/2026\\\/09\\\/ID-AB-1000-px-x-830-px-Projeto-1.png\",\"contentUrl\":\"https:\\\/\\\/motorista.com.br\\\/noticias\\\/wp-content\\\/uploads\\\/2026\\\/09\\\/ID-AB-1000-px-x-830-px-Projeto-1.png\",\"width\":1000,\"height\":830},{\"@type\":\"BreadcrumbList\",\"@id\":\"https:\\\/\\\/motorista.com.br\\\/noticias\\\/2026\\\/09\\\/01\\\/iluminacao-otimizada-corta-consumo-em-30-e-aprimora-operacoes-noturnas-em-sp\\\/#breadcrumb\",\"itemListElement\":[{\"@type\":\"ListItem\",\"position\":1,\"name\":\"In\u00edcio\",\"item\":\"https:\\\/\\\/motorista.com.br\\\/noticias\\\/\"},{\"@type\":\"ListItem\",\"position\":2,\"name\":\"Ilumina\u00e7\u00e3o otimizada corta consumo em 30% e aprimora opera\u00e7\u00f5es noturnas em SP.\"}]},{\"@type\":\"WebSite\",\"@id\":\"https:\\\/\\\/motorista.com.br\\\/noticias\\\/#website\",\"url\":\"https:\\\/\\\/motorista.com.br\\\/noticias\\\/\",\"name\":\"Motorista.com.br\",\"description\":\"Not\u00edcia do Motorista\",\"publisher\":{\"@id\":\"https:\\\/\\\/motorista.com.br\\\/noticias\\\/#organization\"},\"potentialAction\":[{\"@type\":\"SearchAction\",\"target\":{\"@type\":\"EntryPoint\",\"urlTemplate\":\"https:\\\/\\\/motorista.com.br\\\/noticias\\\/?s={search_term_string}\"},\"query-input\":{\"@type\":\"PropertyValueSpecification\",\"valueRequired\":true,\"valueName\":\"search_term_string\"}}],\"inLanguage\":\"pt-BR\"},{\"@type\":\"Organization\",\"@id\":\"https:\\\/\\\/motorista.com.br\\\/noticias\\\/#organization\",\"name\":\"Motorista.com.br\",\"url\":\"https:\\\/\\\/motorista.com.br\\\/noticias\\\/\",\"logo\":{\"@type\":\"ImageObject\",\"inLanguage\":\"pt-BR\",\"@id\":\"https:\\\/\\\/motorista.com.br\\\/noticias\\\/#\\\/schema\\\/logo\\\/image\\\/\",\"url\":\"https:\\\/\\\/motorista.com.br\\\/noticias\\\/wp-content\\\/uploads\\\/2025\\\/06\\\/Design-sem-nome-9.png\",\"contentUrl\":\"https:\\\/\\\/motorista.com.br\\\/noticias\\\/wp-content\\\/uploads\\\/2025\\\/06\\\/Design-sem-nome-9.png\",\"width\":150,\"height\":85,\"caption\":\"Motorista.com.br\"},\"image\":{\"@id\":\"https:\\\/\\\/motorista.com.br\\\/noticias\\\/#\\\/schema\\\/logo\\\/image\\\/\"}},{\"@type\":\"Person\",\"@id\":\"https:\\\/\\\/motorista.com.br\\\/noticias\\\/#\\\/schema\\\/person\\\/dc93afc2981c0e3ce6bc3c053fd847be\",\"name\":\"Equipe Reda\u00e7\u00e3o\",\"image\":{\"@type\":\"ImageObject\",\"inLanguage\":\"pt-BR\",\"@id\":\"https:\\\/\\\/secure.gravatar.com\\\/avatar\\\/4f525efbf18dd2bb300ccad28bfb99d95a9465a5ba268407c8c37b37e1f28d2d?s=96&d=mm&r=g9e099043a0c61e9ae27e293b9fa75ffc\",\"url\":\"https:\\\/\\\/secure.gravatar.com\\\/avatar\\\/4f525efbf18dd2bb300ccad28bfb99d95a9465a5ba268407c8c37b37e1f28d2d?s=96&d=mm&r=g\",\"contentUrl\":\"https:\\\/\\\/secure.gravatar.com\\\/avatar\\\/4f525efbf18dd2bb300ccad28bfb99d95a9465a5ba268407c8c37b37e1f28d2d?s=96&d=mm&r=g\",\"caption\":\"Equipe Reda\u00e7\u00e3o\"},\"description\":\"Equipe de reda\u00e7\u00e3o \u00e9 um grupo de profissionais que trabalham juntos para criar conte\u00fado escrito para Motorista.com.br\",\"url\":\"https:\\\/\\\/motorista.com.br\\\/noticias\\\/author\\\/equiperedacao\\\/\"}]}<\/script>\n<!-- \/ Yoast SEO Premium plugin. -->","yoast_head_json":{"title":"Ilumina\u00e7\u00e3o otimizada corta consumo em 30% e aprimora opera\u00e7\u00f5es noturnas em SP. - Motorista.com.br","robots":{"index":"index","follow":"follow","max-snippet":"max-snippet:-1","max-image-preview":"max-image-preview:large","max-video-preview":"max-video-preview:-1"},"canonical":"https:\/\/motorista.com.br\/noticias\/2026\/09\/01\/iluminacao-otimizada-corta-consumo-em-30-e-aprimora-operacoes-noturnas-em-sp\/","og_locale":"pt_BR","og_type":"article","og_title":"Ilumina\u00e7\u00e3o otimizada corta consumo em 30% e aprimora opera\u00e7\u00f5es noturnas em SP.","og_description":"Projeto de ilumina\u00e7\u00e3o reduz consumo em 30% e melhora opera\u00e7\u00e3o noturna em centro log\u00edstico de SP. A ilumina\u00e7\u00e3o para galp\u00f5es log\u00edsticos exerce um papel crucial na efici\u00eancia operacional dos centros de distribui\u00e7\u00e3o. No recente projeto realizado em Embu das Artes (SP), a moderniza\u00e7\u00e3o do sistema luminot\u00e9cnico resultou em uma redu\u00e7\u00e3o significativa de 30% no consumo &hellip;","og_url":"https:\/\/motorista.com.br\/noticias\/2026\/09\/01\/iluminacao-otimizada-corta-consumo-em-30-e-aprimora-operacoes-noturnas-em-sp\/","og_site_name":"Motorista.com.br","article_published_time":"2026-09-02T02:46:29+00:00","author":"Equipe Reda\u00e7\u00e3o","twitter_card":"summary_large_image","twitter_misc":{"Escrito por":"Equipe Reda\u00e7\u00e3o","Est. tempo de leitura":"3 minutos","Written by":"Equipe Reda\u00e7\u00e3o"},"schema":{"@context":"https:\/\/schema.org","@graph":[{"@type":"Article","@id":"https:\/\/motorista.com.br\/noticias\/2026\/09\/01\/iluminacao-otimizada-corta-consumo-em-30-e-aprimora-operacoes-noturnas-em-sp\/#article","isPartOf":{"@id":"https:\/\/motorista.com.br\/noticias\/2026\/09\/01\/iluminacao-otimizada-corta-consumo-em-30-e-aprimora-operacoes-noturnas-em-sp\/"},"author":{"name":"Equipe Reda\u00e7\u00e3o","@id":"https:\/\/motorista.com.br\/noticias\/#\/schema\/person\/dc93afc2981c0e3ce6bc3c053fd847be"},"headline":"Ilumina\u00e7\u00e3o otimizada corta consumo em 30% e aprimora opera\u00e7\u00f5es noturnas em SP.","datePublished":"2026-09-02T02:46:29+00:00","mainEntityOfPage":{"@id":"https:\/\/motorista.com.br\/noticias\/2026\/09\/01\/iluminacao-otimizada-corta-consumo-em-30-e-aprimora-operacoes-noturnas-em-sp\/"},"wordCount":645,"publisher":{"@id":"https:\/\/motorista.com.br\/noticias\/#organization"},"image":{"@id":"https:\/\/motorista.com.br\/noticias\/2026\/09\/01\/iluminacao-otimizada-corta-consumo-em-30-e-aprimora-operacoes-noturnas-em-sp\/#primaryimage"},"thumbnailUrl":"https:\/\/motorista.com.br\/noticias\/wp-content\/uploads\/2026\/09\/ID-AB-1000-px-x-830-px-Projeto-1.png","articleSection":["Log\u00edstica"],"inLanguage":"pt-BR"},{"@type":"WebPage","@id":"https:\/\/motorista.com.br\/noticias\/2026\/09\/01\/iluminacao-otimizada-corta-consumo-em-30-e-aprimora-operacoes-noturnas-em-sp\/","url":"https:\/\/motorista.com.br\/noticias\/2026\/09\/01\/iluminacao-otimizada-corta-consumo-em-30-e-aprimora-operacoes-noturnas-em-sp\/","name":"Ilumina\u00e7\u00e3o otimizada corta consumo em 30% e aprimora opera\u00e7\u00f5es noturnas em SP. - Motorista.com.br","isPartOf":{"@id":"https:\/\/motorista.com.br\/noticias\/#website"},"primaryImageOfPage":{"@id":"https:\/\/motorista.com.br\/noticias\/2026\/09\/01\/iluminacao-otimizada-corta-consumo-em-30-e-aprimora-operacoes-noturnas-em-sp\/#primaryimage"},"image":{"@id":"https:\/\/motorista.com.br\/noticias\/2026\/09\/01\/iluminacao-otimizada-corta-consumo-em-30-e-aprimora-operacoes-noturnas-em-sp\/#primaryimage"},"thumbnailUrl":"https:\/\/motorista.com.br\/noticias\/wp-content\/uploads\/2026\/09\/ID-AB-1000-px-x-830-px-Projeto-1.png","datePublished":"2026-09-02T02:46:29+00:00","breadcrumb":{"@id":"https:\/\/motorista.com.br\/noticias\/2026\/09\/01\/iluminacao-otimizada-corta-consumo-em-30-e-aprimora-operacoes-noturnas-em-sp\/#breadcrumb"},"inLanguage":"pt-BR","potentialAction":[{"@type":"ReadAction","target":["https:\/\/motorista.com.br\/noticias\/2026\/09\/01\/iluminacao-otimizada-corta-consumo-em-30-e-aprimora-operacoes-noturnas-em-sp\/"]}]},{"@type":"ImageObject","inLanguage":"pt-BR","@id":"https:\/\/motorista.com.br\/noticias\/2026\/09\/01\/iluminacao-otimizada-corta-consumo-em-30-e-aprimora-operacoes-noturnas-em-sp\/#primaryimage","url":"https:\/\/motorista.com.br\/noticias\/wp-content\/uploads\/2026\/09\/ID-AB-1000-px-x-830-px-Projeto-1.png","contentUrl":"https:\/\/motorista.com.br\/noticias\/wp-content\/uploads\/2026\/09\/ID-AB-1000-px-x-830-px-Projeto-1.png","width":1000,"height":830},{"@type":"BreadcrumbList","@id":"https:\/\/motorista.com.br\/noticias\/2026\/09\/01\/iluminacao-otimizada-corta-consumo-em-30-e-aprimora-operacoes-noturnas-em-sp\/#breadcrumb","itemListElement":[{"@type":"ListItem","position":1,"name":"In\u00edcio","item":"https:\/\/motorista.com.br\/noticias\/"},{"@type":"ListItem","position":2,"name":"Ilumina\u00e7\u00e3o otimizada corta consumo em 30% e aprimora opera\u00e7\u00f5es noturnas em SP."}]},{"@type":"WebSite","@id":"https:\/\/motorista.com.br\/noticias\/#website","url":"https:\/\/motorista.com.br\/noticias\/","name":"Motorista.com.br","description":"Not\u00edcia do Motorista","publisher":{"@id":"https:\/\/motorista.com.br\/noticias\/#organization"},"potentialAction":[{"@type":"SearchAction","target":{"@type":"EntryPoint","urlTemplate":"https:\/\/motorista.com.br\/noticias\/?s={search_term_string}"},"query-input":{"@type":"PropertyValueSpecification","valueRequired":true,"valueName":"search_term_string"}}],"inLanguage":"pt-BR"},{"@type":"Organization","@id":"https:\/\/motorista.com.br\/noticias\/#organization","name":"Motorista.com.br","url":"https:\/\/motorista.com.br\/noticias\/","logo":{"@type":"ImageObject","inLanguage":"pt-BR","@id":"https:\/\/motorista.com.br\/noticias\/#\/schema\/logo\/image\/","url":"https:\/\/motorista.com.br\/noticias\/wp-content\/uploads\/2025\/06\/Design-sem-nome-9.png","contentUrl":"https:\/\/motorista.com.br\/noticias\/wp-content\/uploads\/2025\/06\/Design-sem-nome-9.png","width":150,"height":85,"caption":"Motorista.com.br"},"image":{"@id":"https:\/\/motorista.com.br\/noticias\/#\/schema\/logo\/image\/"}},{"@type":"Person","@id":"https:\/\/motorista.com.br\/noticias\/#\/schema\/person\/dc93afc2981c0e3ce6bc3c053fd847be","name":"Equipe Reda\u00e7\u00e3o","image":{"@type":"ImageObject","inLanguage":"pt-BR","@id":"https:\/\/secure.gravatar.com\/avatar\/4f525efbf18dd2bb300ccad28bfb99d95a9465a5ba268407c8c37b37e1f28d2d?s=96&d=mm&r=g9e099043a0c61e9ae27e293b9fa75ffc","url":"https:\/\/secure.gravatar.com\/avatar\/4f525efbf18dd2bb300ccad28bfb99d95a9465a5ba268407c8c37b37e1f28d2d?s=96&d=mm&r=g","contentUrl":"https:\/\/secure.gravatar.com\/avatar\/4f525efbf18dd2bb300ccad28bfb99d95a9465a5ba268407c8c37b37e1f28d2d?s=96&d=mm&r=g","caption":"Equipe Reda\u00e7\u00e3o"},"description":"Equipe de reda\u00e7\u00e3o \u00e9 um grupo de profissionais que trabalham juntos para criar conte\u00fado escrito para Motorista.com.br","url":"https:\/\/motorista.com.br\/noticias\/author\/equiperedacao\/"}]}},"_links":{"self":[{"href":"https:\/\/motorista.com.br\/noticias\/wp-json\/wp\/v2\/posts\/14220","targetHints":{"allow":["GET"]}}],"collection":[{"href":"https:\/\/motorista.com.br\/noticias\/wp-json\/wp\/v2\/posts"}],"about":[{"href":"https:\/\/motorista.com.br\/noticias\/wp-json\/wp\/v2\/types\/post"}],"author":[{"embeddable":true,"href":"https:\/\/motorista.com.br\/noticias\/wp-json\/wp\/v2\/users\/4"}],"replies":[{"embeddable":true,"href":"https:\/\/motorista.com.br\/noticias\/wp-json\/wp\/v2\/comments?post=14220"}],"version-history":[{"count":0,"href":"https:\/\/motorista.com.br\/noticias\/wp-json\/wp\/v2\/posts\/14220\/revisions"}],"wp:featuredmedia":[{"embeddable":true,"href":"https:\/\/motorista.com.br\/noticias\/wp-json\/wp\/v2\/media\/14221"}],"wp:attachment":[{"href":"https:\/\/motorista.com.br\/noticias\/wp-json\/wp\/v2\/media?parent=14220"}],"wp:term":[{"taxonomy":"category","embeddable":true,"href":"https:\/\/motorista.com.br\/noticias\/wp-json\/wp\/v2\/categories?post=14220"},{"taxonomy":"post_tag","embeddable":true,"href":"https:\/\/motorista.com.br\/noticias\/wp-json\/wp\/v2\/tags?post=14220"},{"taxonomy":"author","embeddable":true,"href":"https:\/\/motorista.com.br\/noticias\/wp-json\/wp\/v2\/coauthors?post=14220"}],"curies":[{"name":"wp","href":"https:\/\/api.w.org\/{rel}","templated":true}]}}