{"id":14218,"date":"2026-09-01T23:29:13","date_gmt":"2026-09-02T02:29:13","guid":{"rendered":"https:\/\/motorista.com.br\/noticias\/2026\/09\/01\/luciano-hang-visita-a-ype-e-ve-caminhao-quase-autonomo\/"},"modified":"2026-09-01T23:29:13","modified_gmt":"2026-09-02T02:29:13","slug":"luciano-hang-visita-a-ype-e-ve-caminhao-quase-autonomo","status":"publish","type":"post","link":"https:\/\/motorista.com.br\/noticias\/2026\/09\/01\/luciano-hang-visita-a-ype-e-ve-caminhao-quase-autonomo\/","title":{"rendered":"Luciano Hang visita a Yp\u00ea e v\u00ea caminh\u00e3o quase aut\u00f4nomo."},"content":{"rendered":"<p><\/p>\n<h2>Luciano Hang entra na Yp\u00ea e encontra caminh\u00e3o que trabalha praticamente sozinho<\/h2>\n<p>Durante uma visita \u00e0 unidade da Yp\u00ea em Amparo, S\u00e3o Paulo, Luciano Hang se deparou com uma inova\u00e7\u00e3o tecnol\u00f3gica intrigante: um caminh\u00e3o que opera de forma praticamente aut\u00f4noma dentro da f\u00e1brica. Este Mercedes-Benz Atego 1730, fruto de uma parceria com a startup brasileira Lume Robotics, est\u00e1 equipado para realizar transporte interno, revelando um avan\u00e7o significativo na log\u00edstica industrial.<\/p>\n<h3>Funcionamento Aut\u00f4nomo e Benef\u00edcios<\/h3>\n<p>O caminh\u00e3o, que realiza o transporte de produtos entre as linhas de produ\u00e7\u00e3o e o Centro de Distribui\u00e7\u00e3o 4.0, \u00e9 programado para seguir trajetos definidos e manobrar em um ambiente controlado. Equipado com sensores e c\u00e2meras, ele identifica obst\u00e1culos, incluindo pedestres, garantindo um ambiente seguro durante suas opera\u00e7\u00f5es. Essa tecnologia, considerada N\u00edvel 4 de automa\u00e7\u00e3o, posiciona o Atego como um pioneiro no Brasil.<\/p>\n<p>O aspecto interessante dessa automa\u00e7\u00e3o \u00e9 o aumento da efici\u00eancia operacional. O modelo permite que a Yp\u00ea funcione 24 horas por dia, fazendo a movimenta\u00e7\u00e3o de cargas sem interrup\u00e7\u00f5es. Embora o motorista ainda esteja presente na opera\u00e7\u00e3o para supervisionar e executar outras atividades, a carga de trabalho se torna mais diversificada e menos focada na dire\u00e7\u00e3o do ve\u00edculo.<\/p>\n<h3>Impactos na Mobilidade e Log\u00edstica Geral<\/h3>\n<p>A implementa\u00e7\u00e3o de caminh\u00f5es aut\u00f4nomos, mesmo em um ambiente restrito como o da Yp\u00ea, possui implica\u00e7\u00f5es mais amplas para a mobilidade geral e para a efici\u00eancia dos transportes. Quando se considera a possibilidade de expandir essa tecnologia para \u00e1reas urbanas e rodovias, os benef\u00edcios se ampliam. A redu\u00e7\u00e3o do estresse sobre os motoristas humanos, a possibilidade de otimiza\u00e7\u00e3o de rotas e o aumento na seguran\u00e7a do transporte s\u00e3o apenas alguns dos ganhos potenciais.<\/p>\n<p>Al\u00e9m disso, o uso de caminh\u00f5es aut\u00f4nomos pode facilitar a integra\u00e7\u00e3o entre diferentes modais de transporte, ajudando a criar uma rede log\u00edstica mais coesa e eficiente. Isso poderia resultar em menos congestionamentos e redu\u00e7\u00e3o de emiss\u00f5es, contribuindo para um futuro mais sustent\u00e1vel.<\/p>\n<h3>Conclus\u00e3o<\/h3>\n<p>A visita de Luciano Hang \u00e0 Yp\u00ea destacou n\u00e3o apenas a inova\u00e7\u00e3o da empresa, mas tamb\u00e9m o caminho que a log\u00edstica brasileira pode trilhar diante das novas tecnologias. \u00c0 medida que caminh\u00f5es aut\u00f4nomos come\u00e7am a ganhar espa\u00e7o, eles prometem transformar a mobilidade e a opera\u00e7\u00e3o log\u00edstica, beneficiando motoristas e tornando o transporte mais eficiente e seguro.<\/p>\n<p><em>Fonte: brasildotrecho<\/em><\/p>\n","protected":false},"excerpt":{"rendered":"<p>Luciano Hang entra na Yp\u00ea e encontra caminh\u00e3o que trabalha praticamente sozinho Durante uma visita \u00e0 unidade da Yp\u00ea em Amparo, S\u00e3o Paulo, Luciano Hang se deparou com uma inova\u00e7\u00e3o tecnol\u00f3gica intrigante: um caminh\u00e3o que opera de forma praticamente aut\u00f4noma dentro da f\u00e1brica. Este Mercedes-Benz Atego 1730, fruto de uma parceria com a startup brasileira &hellip;<\/p>\n","protected":false},"author":4,"featured_media":14219,"comment_status":"","ping_status":"open","sticky":false,"template":"","format":"standard","meta":{"footnotes":""},"categories":[77],"tags":[],"coauthors":[42],"class_list":["post-14218","post","type-post","status-publish","format-standard","has-post-thumbnail","hentry","category-motorista"],"yoast_head":"<!-- This site is optimized with the Yoast SEO Premium plugin v27.6.1 (Yoast SEO v28.4) - https:\/\/yoast.com\/product\/yoast-seo-premium-wordpress\/ -->\n<title>Luciano Hang visita a Yp\u00ea e v\u00ea caminh\u00e3o quase aut\u00f4nomo. - Motorista.com.br<\/title>\n<meta name=\"robots\" content=\"index, follow, max-snippet:-1, max-image-preview:large, max-video-preview:-1\" \/>\n<link rel=\"canonical\" href=\"https:\/\/motorista.com.br\/noticias\/2026\/09\/01\/luciano-hang-visita-a-ype-e-ve-caminhao-quase-autonomo\/\" \/>\n<meta property=\"og:locale\" content=\"pt_BR\" \/>\n<meta property=\"og:type\" content=\"article\" \/>\n<meta property=\"og:title\" content=\"Luciano Hang visita a Yp\u00ea e v\u00ea caminh\u00e3o quase aut\u00f4nomo.\" \/>\n<meta property=\"og:description\" content=\"Luciano Hang entra na Yp\u00ea e encontra caminh\u00e3o que trabalha praticamente sozinho Durante uma visita \u00e0 unidade da Yp\u00ea em Amparo, S\u00e3o Paulo, Luciano Hang se deparou com uma inova\u00e7\u00e3o tecnol\u00f3gica intrigante: um caminh\u00e3o que opera de forma praticamente aut\u00f4noma dentro da f\u00e1brica. Este Mercedes-Benz Atego 1730, fruto de uma parceria com a startup brasileira &hellip;\" \/>\n<meta property=\"og:url\" content=\"https:\/\/motorista.com.br\/noticias\/2026\/09\/01\/luciano-hang-visita-a-ype-e-ve-caminhao-quase-autonomo\/\" \/>\n<meta property=\"og:site_name\" content=\"Motorista.com.br\" \/>\n<meta property=\"article:published_time\" content=\"2026-09-02T02:29:13+00:00\" \/>\n<meta name=\"author\" content=\"Equipe Reda\u00e7\u00e3o\" \/>\n<meta name=\"twitter:card\" content=\"summary_large_image\" \/>\n<meta name=\"twitter:label1\" content=\"Escrito por\" \/>\n\t<meta name=\"twitter:data1\" content=\"Equipe Reda\u00e7\u00e3o\" \/>\n\t<meta name=\"twitter:label2\" content=\"Est. tempo de leitura\" \/>\n\t<meta name=\"twitter:data2\" content=\"2 minutos\" \/>\n\t<meta name=\"twitter:label3\" content=\"Written by\" \/>\n\t<meta name=\"twitter:data3\" content=\"Equipe Reda\u00e7\u00e3o\" \/>\n<script type=\"application\/ld+json\" class=\"yoast-schema-graph\">{\"@context\":\"https:\\\/\\\/schema.org\",\"@graph\":[{\"@type\":\"Article\",\"@id\":\"https:\\\/\\\/motorista.com.br\\\/noticias\\\/2026\\\/09\\\/01\\\/luciano-hang-visita-a-ype-e-ve-caminhao-quase-autonomo\\\/#article\",\"isPartOf\":{\"@id\":\"https:\\\/\\\/motorista.com.br\\\/noticias\\\/2026\\\/09\\\/01\\\/luciano-hang-visita-a-ype-e-ve-caminhao-quase-autonomo\\\/\"},\"author\":{\"name\":\"Equipe Reda\u00e7\u00e3o\",\"@id\":\"https:\\\/\\\/motorista.com.br\\\/noticias\\\/#\\\/schema\\\/person\\\/dc93afc2981c0e3ce6bc3c053fd847be\"},\"headline\":\"Luciano Hang visita a Yp\u00ea e v\u00ea caminh\u00e3o quase aut\u00f4nomo.\",\"datePublished\":\"2026-09-02T02:29:13+00:00\",\"mainEntityOfPage\":{\"@id\":\"https:\\\/\\\/motorista.com.br\\\/noticias\\\/2026\\\/09\\\/01\\\/luciano-hang-visita-a-ype-e-ve-caminhao-quase-autonomo\\\/\"},\"wordCount\":434,\"publisher\":{\"@id\":\"https:\\\/\\\/motorista.com.br\\\/noticias\\\/#organization\"},\"image\":{\"@id\":\"https:\\\/\\\/motorista.com.br\\\/noticias\\\/2026\\\/09\\\/01\\\/luciano-hang-visita-a-ype-e-ve-caminhao-quase-autonomo\\\/#primaryimage\"},\"thumbnailUrl\":\"https:\\\/\\\/motorista.com.br\\\/noticias\\\/wp-content\\\/uploads\\\/2026\\\/09\\\/Luciano-Hang-entra-na-Ype-e-encontra-caminhao-que-trabalha-praticamente-sozinho.jpg\",\"articleSection\":[\"Motorista\"],\"inLanguage\":\"pt-BR\"},{\"@type\":\"WebPage\",\"@id\":\"https:\\\/\\\/motorista.com.br\\\/noticias\\\/2026\\\/09\\\/01\\\/luciano-hang-visita-a-ype-e-ve-caminhao-quase-autonomo\\\/\",\"url\":\"https:\\\/\\\/motorista.com.br\\\/noticias\\\/2026\\\/09\\\/01\\\/luciano-hang-visita-a-ype-e-ve-caminhao-quase-autonomo\\\/\",\"name\":\"Luciano Hang visita a Yp\u00ea e v\u00ea caminh\u00e3o quase aut\u00f4nomo. - Motorista.com.br\",\"isPartOf\":{\"@id\":\"https:\\\/\\\/motorista.com.br\\\/noticias\\\/#website\"},\"primaryImageOfPage\":{\"@id\":\"https:\\\/\\\/motorista.com.br\\\/noticias\\\/2026\\\/09\\\/01\\\/luciano-hang-visita-a-ype-e-ve-caminhao-quase-autonomo\\\/#primaryimage\"},\"image\":{\"@id\":\"https:\\\/\\\/motorista.com.br\\\/noticias\\\/2026\\\/09\\\/01\\\/luciano-hang-visita-a-ype-e-ve-caminhao-quase-autonomo\\\/#primaryimage\"},\"thumbnailUrl\":\"https:\\\/\\\/motorista.com.br\\\/noticias\\\/wp-content\\\/uploads\\\/2026\\\/09\\\/Luciano-Hang-entra-na-Ype-e-encontra-caminhao-que-trabalha-praticamente-sozinho.jpg\",\"datePublished\":\"2026-09-02T02:29:13+00:00\",\"breadcrumb\":{\"@id\":\"https:\\\/\\\/motorista.com.br\\\/noticias\\\/2026\\\/09\\\/01\\\/luciano-hang-visita-a-ype-e-ve-caminhao-quase-autonomo\\\/#breadcrumb\"},\"inLanguage\":\"pt-BR\",\"potentialAction\":[{\"@type\":\"ReadAction\",\"target\":[\"https:\\\/\\\/motorista.com.br\\\/noticias\\\/2026\\\/09\\\/01\\\/luciano-hang-visita-a-ype-e-ve-caminhao-quase-autonomo\\\/\"]}]},{\"@type\":\"ImageObject\",\"inLanguage\":\"pt-BR\",\"@id\":\"https:\\\/\\\/motorista.com.br\\\/noticias\\\/2026\\\/09\\\/01\\\/luciano-hang-visita-a-ype-e-ve-caminhao-quase-autonomo\\\/#primaryimage\",\"url\":\"https:\\\/\\\/motorista.com.br\\\/noticias\\\/wp-content\\\/uploads\\\/2026\\\/09\\\/Luciano-Hang-entra-na-Ype-e-encontra-caminhao-que-trabalha-praticamente-sozinho.jpg\",\"contentUrl\":\"https:\\\/\\\/motorista.com.br\\\/noticias\\\/wp-content\\\/uploads\\\/2026\\\/09\\\/Luciano-Hang-entra-na-Ype-e-encontra-caminhao-que-trabalha-praticamente-sozinho.jpg\",\"width\":1280,\"height\":720},{\"@type\":\"BreadcrumbList\",\"@id\":\"https:\\\/\\\/motorista.com.br\\\/noticias\\\/2026\\\/09\\\/01\\\/luciano-hang-visita-a-ype-e-ve-caminhao-quase-autonomo\\\/#breadcrumb\",\"itemListElement\":[{\"@type\":\"ListItem\",\"position\":1,\"name\":\"In\u00edcio\",\"item\":\"https:\\\/\\\/motorista.com.br\\\/noticias\\\/\"},{\"@type\":\"ListItem\",\"position\":2,\"name\":\"Luciano Hang visita a Yp\u00ea e v\u00ea caminh\u00e3o quase aut\u00f4nomo.\"}]},{\"@type\":\"WebSite\",\"@id\":\"https:\\\/\\\/motorista.com.br\\\/noticias\\\/#website\",\"url\":\"https:\\\/\\\/motorista.com.br\\\/noticias\\\/\",\"name\":\"Motorista.com.br\",\"description\":\"Not\u00edcia do Motorista\",\"publisher\":{\"@id\":\"https:\\\/\\\/motorista.com.br\\\/noticias\\\/#organization\"},\"potentialAction\":[{\"@type\":\"SearchAction\",\"target\":{\"@type\":\"EntryPoint\",\"urlTemplate\":\"https:\\\/\\\/motorista.com.br\\\/noticias\\\/?s={search_term_string}\"},\"query-input\":{\"@type\":\"PropertyValueSpecification\",\"valueRequired\":true,\"valueName\":\"search_term_string\"}}],\"inLanguage\":\"pt-BR\"},{\"@type\":\"Organization\",\"@id\":\"https:\\\/\\\/motorista.com.br\\\/noticias\\\/#organization\",\"name\":\"Motorista.com.br\",\"url\":\"https:\\\/\\\/motorista.com.br\\\/noticias\\\/\",\"logo\":{\"@type\":\"ImageObject\",\"inLanguage\":\"pt-BR\",\"@id\":\"https:\\\/\\\/motorista.com.br\\\/noticias\\\/#\\\/schema\\\/logo\\\/image\\\/\",\"url\":\"https:\\\/\\\/motorista.com.br\\\/noticias\\\/wp-content\\\/uploads\\\/2025\\\/06\\\/Design-sem-nome-9.png\",\"contentUrl\":\"https:\\\/\\\/motorista.com.br\\\/noticias\\\/wp-content\\\/uploads\\\/2025\\\/06\\\/Design-sem-nome-9.png\",\"width\":150,\"height\":85,\"caption\":\"Motorista.com.br\"},\"image\":{\"@id\":\"https:\\\/\\\/motorista.com.br\\\/noticias\\\/#\\\/schema\\\/logo\\\/image\\\/\"}},{\"@type\":\"Person\",\"@id\":\"https:\\\/\\\/motorista.com.br\\\/noticias\\\/#\\\/schema\\\/person\\\/dc93afc2981c0e3ce6bc3c053fd847be\",\"name\":\"Equipe Reda\u00e7\u00e3o\",\"image\":{\"@type\":\"ImageObject\",\"inLanguage\":\"pt-BR\",\"@id\":\"https:\\\/\\\/secure.gravatar.com\\\/avatar\\\/4f525efbf18dd2bb300ccad28bfb99d95a9465a5ba268407c8c37b37e1f28d2d?s=96&d=mm&r=g9e099043a0c61e9ae27e293b9fa75ffc\",\"url\":\"https:\\\/\\\/secure.gravatar.com\\\/avatar\\\/4f525efbf18dd2bb300ccad28bfb99d95a9465a5ba268407c8c37b37e1f28d2d?s=96&d=mm&r=g\",\"contentUrl\":\"https:\\\/\\\/secure.gravatar.com\\\/avatar\\\/4f525efbf18dd2bb300ccad28bfb99d95a9465a5ba268407c8c37b37e1f28d2d?s=96&d=mm&r=g\",\"caption\":\"Equipe Reda\u00e7\u00e3o\"},\"description\":\"Equipe de reda\u00e7\u00e3o \u00e9 um grupo de profissionais que trabalham juntos para criar conte\u00fado escrito para Motorista.com.br\",\"url\":\"https:\\\/\\\/motorista.com.br\\\/noticias\\\/author\\\/equiperedacao\\\/\"}]}<\/script>\n<!-- \/ Yoast SEO Premium plugin. -->","yoast_head_json":{"title":"Luciano Hang visita a Yp\u00ea e v\u00ea caminh\u00e3o quase aut\u00f4nomo. - Motorista.com.br","robots":{"index":"index","follow":"follow","max-snippet":"max-snippet:-1","max-image-preview":"max-image-preview:large","max-video-preview":"max-video-preview:-1"},"canonical":"https:\/\/motorista.com.br\/noticias\/2026\/09\/01\/luciano-hang-visita-a-ype-e-ve-caminhao-quase-autonomo\/","og_locale":"pt_BR","og_type":"article","og_title":"Luciano Hang visita a Yp\u00ea e v\u00ea caminh\u00e3o quase aut\u00f4nomo.","og_description":"Luciano Hang entra na Yp\u00ea e encontra caminh\u00e3o que trabalha praticamente sozinho Durante uma visita \u00e0 unidade da Yp\u00ea em Amparo, S\u00e3o Paulo, Luciano Hang se deparou com uma inova\u00e7\u00e3o tecnol\u00f3gica intrigante: um caminh\u00e3o que opera de forma praticamente aut\u00f4noma dentro da f\u00e1brica. Este Mercedes-Benz Atego 1730, fruto de uma parceria com a startup brasileira &hellip;","og_url":"https:\/\/motorista.com.br\/noticias\/2026\/09\/01\/luciano-hang-visita-a-ype-e-ve-caminhao-quase-autonomo\/","og_site_name":"Motorista.com.br","article_published_time":"2026-09-02T02:29:13+00:00","author":"Equipe Reda\u00e7\u00e3o","twitter_card":"summary_large_image","twitter_misc":{"Escrito por":"Equipe Reda\u00e7\u00e3o","Est. tempo de leitura":"2 minutos","Written by":"Equipe Reda\u00e7\u00e3o"},"schema":{"@context":"https:\/\/schema.org","@graph":[{"@type":"Article","@id":"https:\/\/motorista.com.br\/noticias\/2026\/09\/01\/luciano-hang-visita-a-ype-e-ve-caminhao-quase-autonomo\/#article","isPartOf":{"@id":"https:\/\/motorista.com.br\/noticias\/2026\/09\/01\/luciano-hang-visita-a-ype-e-ve-caminhao-quase-autonomo\/"},"author":{"name":"Equipe Reda\u00e7\u00e3o","@id":"https:\/\/motorista.com.br\/noticias\/#\/schema\/person\/dc93afc2981c0e3ce6bc3c053fd847be"},"headline":"Luciano Hang visita a Yp\u00ea e v\u00ea caminh\u00e3o quase aut\u00f4nomo.","datePublished":"2026-09-02T02:29:13+00:00","mainEntityOfPage":{"@id":"https:\/\/motorista.com.br\/noticias\/2026\/09\/01\/luciano-hang-visita-a-ype-e-ve-caminhao-quase-autonomo\/"},"wordCount":434,"publisher":{"@id":"https:\/\/motorista.com.br\/noticias\/#organization"},"image":{"@id":"https:\/\/motorista.com.br\/noticias\/2026\/09\/01\/luciano-hang-visita-a-ype-e-ve-caminhao-quase-autonomo\/#primaryimage"},"thumbnailUrl":"https:\/\/motorista.com.br\/noticias\/wp-content\/uploads\/2026\/09\/Luciano-Hang-entra-na-Ype-e-encontra-caminhao-que-trabalha-praticamente-sozinho.jpg","articleSection":["Motorista"],"inLanguage":"pt-BR"},{"@type":"WebPage","@id":"https:\/\/motorista.com.br\/noticias\/2026\/09\/01\/luciano-hang-visita-a-ype-e-ve-caminhao-quase-autonomo\/","url":"https:\/\/motorista.com.br\/noticias\/2026\/09\/01\/luciano-hang-visita-a-ype-e-ve-caminhao-quase-autonomo\/","name":"Luciano Hang visita a Yp\u00ea e v\u00ea caminh\u00e3o quase aut\u00f4nomo. - Motorista.com.br","isPartOf":{"@id":"https:\/\/motorista.com.br\/noticias\/#website"},"primaryImageOfPage":{"@id":"https:\/\/motorista.com.br\/noticias\/2026\/09\/01\/luciano-hang-visita-a-ype-e-ve-caminhao-quase-autonomo\/#primaryimage"},"image":{"@id":"https:\/\/motorista.com.br\/noticias\/2026\/09\/01\/luciano-hang-visita-a-ype-e-ve-caminhao-quase-autonomo\/#primaryimage"},"thumbnailUrl":"https:\/\/motorista.com.br\/noticias\/wp-content\/uploads\/2026\/09\/Luciano-Hang-entra-na-Ype-e-encontra-caminhao-que-trabalha-praticamente-sozinho.jpg","datePublished":"2026-09-02T02:29:13+00:00","breadcrumb":{"@id":"https:\/\/motorista.com.br\/noticias\/2026\/09\/01\/luciano-hang-visita-a-ype-e-ve-caminhao-quase-autonomo\/#breadcrumb"},"inLanguage":"pt-BR","potentialAction":[{"@type":"ReadAction","target":["https:\/\/motorista.com.br\/noticias\/2026\/09\/01\/luciano-hang-visita-a-ype-e-ve-caminhao-quase-autonomo\/"]}]},{"@type":"ImageObject","inLanguage":"pt-BR","@id":"https:\/\/motorista.com.br\/noticias\/2026\/09\/01\/luciano-hang-visita-a-ype-e-ve-caminhao-quase-autonomo\/#primaryimage","url":"https:\/\/motorista.com.br\/noticias\/wp-content\/uploads\/2026\/09\/Luciano-Hang-entra-na-Ype-e-encontra-caminhao-que-trabalha-praticamente-sozinho.jpg","contentUrl":"https:\/\/motorista.com.br\/noticias\/wp-content\/uploads\/2026\/09\/Luciano-Hang-entra-na-Ype-e-encontra-caminhao-que-trabalha-praticamente-sozinho.jpg","width":1280,"height":720},{"@type":"BreadcrumbList","@id":"https:\/\/motorista.com.br\/noticias\/2026\/09\/01\/luciano-hang-visita-a-ype-e-ve-caminhao-quase-autonomo\/#breadcrumb","itemListElement":[{"@type":"ListItem","position":1,"name":"In\u00edcio","item":"https:\/\/motorista.com.br\/noticias\/"},{"@type":"ListItem","position":2,"name":"Luciano Hang visita a Yp\u00ea e v\u00ea caminh\u00e3o quase aut\u00f4nomo."}]},{"@type":"WebSite","@id":"https:\/\/motorista.com.br\/noticias\/#website","url":"https:\/\/motorista.com.br\/noticias\/","name":"Motorista.com.br","description":"Not\u00edcia do Motorista","publisher":{"@id":"https:\/\/motorista.com.br\/noticias\/#organization"},"potentialAction":[{"@type":"SearchAction","target":{"@type":"EntryPoint","urlTemplate":"https:\/\/motorista.com.br\/noticias\/?s={search_term_string}"},"query-input":{"@type":"PropertyValueSpecification","valueRequired":true,"valueName":"search_term_string"}}],"inLanguage":"pt-BR"},{"@type":"Organization","@id":"https:\/\/motorista.com.br\/noticias\/#organization","name":"Motorista.com.br","url":"https:\/\/motorista.com.br\/noticias\/","logo":{"@type":"ImageObject","inLanguage":"pt-BR","@id":"https:\/\/motorista.com.br\/noticias\/#\/schema\/logo\/image\/","url":"https:\/\/motorista.com.br\/noticias\/wp-content\/uploads\/2025\/06\/Design-sem-nome-9.png","contentUrl":"https:\/\/motorista.com.br\/noticias\/wp-content\/uploads\/2025\/06\/Design-sem-nome-9.png","width":150,"height":85,"caption":"Motorista.com.br"},"image":{"@id":"https:\/\/motorista.com.br\/noticias\/#\/schema\/logo\/image\/"}},{"@type":"Person","@id":"https:\/\/motorista.com.br\/noticias\/#\/schema\/person\/dc93afc2981c0e3ce6bc3c053fd847be","name":"Equipe Reda\u00e7\u00e3o","image":{"@type":"ImageObject","inLanguage":"pt-BR","@id":"https:\/\/secure.gravatar.com\/avatar\/4f525efbf18dd2bb300ccad28bfb99d95a9465a5ba268407c8c37b37e1f28d2d?s=96&d=mm&r=g9e099043a0c61e9ae27e293b9fa75ffc","url":"https:\/\/secure.gravatar.com\/avatar\/4f525efbf18dd2bb300ccad28bfb99d95a9465a5ba268407c8c37b37e1f28d2d?s=96&d=mm&r=g","contentUrl":"https:\/\/secure.gravatar.com\/avatar\/4f525efbf18dd2bb300ccad28bfb99d95a9465a5ba268407c8c37b37e1f28d2d?s=96&d=mm&r=g","caption":"Equipe Reda\u00e7\u00e3o"},"description":"Equipe de reda\u00e7\u00e3o \u00e9 um grupo de profissionais que trabalham juntos para criar conte\u00fado escrito para Motorista.com.br","url":"https:\/\/motorista.com.br\/noticias\/author\/equiperedacao\/"}]}},"_links":{"self":[{"href":"https:\/\/motorista.com.br\/noticias\/wp-json\/wp\/v2\/posts\/14218","targetHints":{"allow":["GET"]}}],"collection":[{"href":"https:\/\/motorista.com.br\/noticias\/wp-json\/wp\/v2\/posts"}],"about":[{"href":"https:\/\/motorista.com.br\/noticias\/wp-json\/wp\/v2\/types\/post"}],"author":[{"embeddable":true,"href":"https:\/\/motorista.com.br\/noticias\/wp-json\/wp\/v2\/users\/4"}],"replies":[{"embeddable":true,"href":"https:\/\/motorista.com.br\/noticias\/wp-json\/wp\/v2\/comments?post=14218"}],"version-history":[{"count":0,"href":"https:\/\/motorista.com.br\/noticias\/wp-json\/wp\/v2\/posts\/14218\/revisions"}],"wp:featuredmedia":[{"embeddable":true,"href":"https:\/\/motorista.com.br\/noticias\/wp-json\/wp\/v2\/media\/14219"}],"wp:attachment":[{"href":"https:\/\/motorista.com.br\/noticias\/wp-json\/wp\/v2\/media?parent=14218"}],"wp:term":[{"taxonomy":"category","embeddable":true,"href":"https:\/\/motorista.com.br\/noticias\/wp-json\/wp\/v2\/categories?post=14218"},{"taxonomy":"post_tag","embeddable":true,"href":"https:\/\/motorista.com.br\/noticias\/wp-json\/wp\/v2\/tags?post=14218"},{"taxonomy":"author","embeddable":true,"href":"https:\/\/motorista.com.br\/noticias\/wp-json\/wp\/v2\/coauthors?post=14218"}],"curies":[{"name":"wp","href":"https:\/\/api.w.org\/{rel}","templated":true}]}}