{"id":14204,"date":"2026-09-01T17:10:22","date_gmt":"2026-09-01T20:10:22","guid":{"rendered":"https:\/\/motorista.com.br\/noticias\/2026\/09\/01\/combustiveis-encerram-agosto-com-leve-queda-de-precos-no-brasil\/"},"modified":"2026-09-01T17:10:22","modified_gmt":"2026-09-01T20:10:22","slug":"combustiveis-encerram-agosto-com-leve-queda-de-precos-no-brasil","status":"publish","type":"post","link":"https:\/\/motorista.com.br\/noticias\/2026\/09\/01\/combustiveis-encerram-agosto-com-leve-queda-de-precos-no-brasil\/","title":{"rendered":"Combust\u00edveis encerram agosto com leve queda de pre\u00e7os no Brasil."},"content":{"rendered":"<p><\/p>\n<h3>Pre\u00e7o dos Combust\u00edveis Fecha Agosto com Leve Queda no Mercado Brasileiro<\/h3>\n<p>Os pre\u00e7os dos combust\u00edveis apresentaram uma leve queda em agosto, com destaque para o etanol, que registrou uma redu\u00e7\u00e3o de 2,7%, encerrando o m\u00eas a R$ 4,050 por litro. Al\u00e9m do etanol, o diesel comum e a gasolina tamb\u00e9m mostraram pequenas redu\u00e7\u00f5es, enquanto o GNV variou para cima, com um aumento de 1,3%, alcan\u00e7ando R$ 4,900 por m\u00b3. <\/p>\n<p>Esse cen\u00e1rio de queda nos pre\u00e7os \u00e9 especialmente impactante para motoristas e para a mobilidade geral. Quando os pre\u00e7os dos combust\u00edveis diminuem, h\u00e1 um efeito imediato na economia dos motoristas, que podem notar um al\u00edvio nas despesas mensais com abastecimento. Isso \u00e9 particularmente importante em um contexto em que os custos de vida t\u00eam crescido significativamente, e o transporte \u00e9 uma parte crucial do or\u00e7amento familiar.<\/p>\n<h3>Competitividade do Etanol<\/h3>\n<p>A redu\u00e7\u00e3o no pre\u00e7o do etanol tem ampliado sua competitividade frente \u00e0 gasolina. Em agosto, o pre\u00e7o do litro de etanol equivalia a 65,6% do pre\u00e7o da gasolina comum, atingindo um recorde hist\u00f3rico. Em diversas regi\u00f5es, especialmente em estados como Mato Grosso e S\u00e3o Paulo, o etanol se tornou uma escolha mais econ\u00f4mica. Esse aumento na competitividade pode incentivar mais motoristas a optar pelo biocombust\u00edvel, contribuindo para uma mobilidade mais sustent\u00e1vel. A transi\u00e7\u00e3o para combust\u00edveis mais ecol\u00f3gicos ajuda n\u00e3o apenas a reduzir as emiss\u00f5es de carbono, mas tamb\u00e9m pode equilibrar a demanda por combust\u00edveis f\u00f3sseis, suavizando seus pre\u00e7os no longo prazo.<\/p>\n<h3>Diferen\u00e7as Regionais e o Impacto no Poder de Compra<\/h3>\n<p>\u00c9 importante notar que o impacto das altera\u00e7\u00f5es nos pre\u00e7os dos combust\u00edveis n\u00e3o \u00e9 uniforme em todo o Brasil. Enquanto algumas regi\u00f5es, como o Sudeste, beneficiam-se de pre\u00e7os mais baixos, outras, como o Norte e Nordeste, enfrentam honor\u00e1rios significativamente mais altos. Essa disparidade pode comprometer a mobilidade e as escolhas dos motoristas, especialmente em \u00e1reas onde os combust\u00edveis consomem uma parte maior da renda familiar. Estudos indicam que, no Nordeste, o abastecimento pode corresponder a at\u00e9 9,6% da renda domiciliar, destacando a import\u00e2ncia de pol\u00edticas que possam equilibrar essa diferen\u00e7a.<\/p>\n<h3>Conclus\u00e3o<\/h3>\n<p>As recentes quedas nos pre\u00e7os dos combust\u00edveis s\u00e3o uma boa not\u00edcia para motoristas e t\u00eam o potencial de afetar positivamente a mobilidade em todo o pa\u00eds. A maior competitividade do etanol e as varia\u00e7\u00f5es regionais nos pre\u00e7os ressaltam a necessidade de um olhar atento sobre as din\u00e2micas do mercado de combust\u00edveis. \u00c9 essencial que motoristas considerem n\u00e3o apenas o pre\u00e7o, mas tamb\u00e9m o impacto ambiental de suas escolhas, contribuindo assim para um futuro mais sustent\u00e1vel e economicamente vi\u00e1vel.<\/p>\n","protected":false},"excerpt":{"rendered":"<p>Pre\u00e7o dos Combust\u00edveis Fecha Agosto com Leve Queda no Mercado Brasileiro Os pre\u00e7os dos combust\u00edveis apresentaram uma leve queda em agosto, com destaque para o etanol, que registrou uma redu\u00e7\u00e3o de 2,7%, encerrando o m\u00eas a R$ 4,050 por litro. Al\u00e9m do etanol, o diesel comum e a gasolina tamb\u00e9m mostraram pequenas redu\u00e7\u00f5es, enquanto o &hellip;<\/p>\n","protected":false},"author":4,"featured_media":7929,"comment_status":"","ping_status":"open","sticky":false,"template":"","format":"standard","meta":{"footnotes":""},"categories":[78,77],"tags":[],"coauthors":[42],"class_list":["post-14204","post","type-post","status-publish","format-standard","has-post-thumbnail","hentry","category-carreteiro","category-motorista"],"yoast_head":"<!-- This site is optimized with the Yoast SEO Premium plugin v27.6.1 (Yoast SEO v28.3) - https:\/\/yoast.com\/product\/yoast-seo-premium-wordpress\/ -->\n<title>Combust\u00edveis encerram agosto com leve queda de pre\u00e7os no Brasil. - Motorista.com.br<\/title>\n<meta name=\"robots\" content=\"index, follow, max-snippet:-1, max-image-preview:large, max-video-preview:-1\" \/>\n<link rel=\"canonical\" href=\"https:\/\/motorista.com.br\/noticias\/2026\/09\/01\/combustiveis-encerram-agosto-com-leve-queda-de-precos-no-brasil\/\" \/>\n<meta property=\"og:locale\" content=\"pt_BR\" \/>\n<meta property=\"og:type\" content=\"article\" \/>\n<meta property=\"og:title\" content=\"Combust\u00edveis encerram agosto com leve queda de pre\u00e7os no Brasil.\" \/>\n<meta property=\"og:description\" content=\"Pre\u00e7o dos Combust\u00edveis Fecha Agosto com Leve Queda no Mercado Brasileiro Os pre\u00e7os dos combust\u00edveis apresentaram uma leve queda em agosto, com destaque para o etanol, que registrou uma redu\u00e7\u00e3o de 2,7%, encerrando o m\u00eas a R$ 4,050 por litro. Al\u00e9m do etanol, o diesel comum e a gasolina tamb\u00e9m mostraram pequenas redu\u00e7\u00f5es, enquanto o &hellip;\" \/>\n<meta property=\"og:url\" content=\"https:\/\/motorista.com.br\/noticias\/2026\/09\/01\/combustiveis-encerram-agosto-com-leve-queda-de-precos-no-brasil\/\" \/>\n<meta property=\"og:site_name\" content=\"Motorista.com.br\" \/>\n<meta property=\"article:published_time\" content=\"2026-09-01T20:10:22+00:00\" \/>\n<meta name=\"author\" content=\"Equipe Reda\u00e7\u00e3o\" \/>\n<meta name=\"twitter:card\" content=\"summary_large_image\" \/>\n<meta name=\"twitter:label1\" content=\"Escrito por\" \/>\n\t<meta name=\"twitter:data1\" content=\"Equipe Reda\u00e7\u00e3o\" \/>\n\t<meta name=\"twitter:label2\" content=\"Est. tempo de leitura\" \/>\n\t<meta name=\"twitter:data2\" content=\"2 minutos\" \/>\n\t<meta name=\"twitter:label3\" content=\"Written by\" \/>\n\t<meta name=\"twitter:data3\" content=\"Equipe Reda\u00e7\u00e3o\" \/>\n<script type=\"application\/ld+json\" class=\"yoast-schema-graph\">{\"@context\":\"https:\\\/\\\/schema.org\",\"@graph\":[{\"@type\":\"Article\",\"@id\":\"https:\\\/\\\/motorista.com.br\\\/noticias\\\/2026\\\/09\\\/01\\\/combustiveis-encerram-agosto-com-leve-queda-de-precos-no-brasil\\\/#article\",\"isPartOf\":{\"@id\":\"https:\\\/\\\/motorista.com.br\\\/noticias\\\/2026\\\/09\\\/01\\\/combustiveis-encerram-agosto-com-leve-queda-de-precos-no-brasil\\\/\"},\"author\":{\"name\":\"Equipe Reda\u00e7\u00e3o\",\"@id\":\"https:\\\/\\\/motorista.com.br\\\/noticias\\\/#\\\/schema\\\/person\\\/dc93afc2981c0e3ce6bc3c053fd847be\"},\"headline\":\"Combust\u00edveis encerram agosto com leve queda de pre\u00e7os no Brasil.\",\"datePublished\":\"2026-09-01T20:10:22+00:00\",\"mainEntityOfPage\":{\"@id\":\"https:\\\/\\\/motorista.com.br\\\/noticias\\\/2026\\\/09\\\/01\\\/combustiveis-encerram-agosto-com-leve-queda-de-precos-no-brasil\\\/\"},\"wordCount\":480,\"publisher\":{\"@id\":\"https:\\\/\\\/motorista.com.br\\\/noticias\\\/#organization\"},\"image\":{\"@id\":\"https:\\\/\\\/motorista.com.br\\\/noticias\\\/2026\\\/09\\\/01\\\/combustiveis-encerram-agosto-com-leve-queda-de-precos-no-brasil\\\/#primaryimage\"},\"thumbnailUrl\":\"https:\\\/\\\/motorista.com.br\\\/noticias\\\/wp-content\\\/uploads\\\/2026\\\/03\\\/diesel-valor-do-diesel.jpg\",\"articleSection\":[\"Carreteiro\",\"Motorista\"],\"inLanguage\":\"pt-BR\"},{\"@type\":\"WebPage\",\"@id\":\"https:\\\/\\\/motorista.com.br\\\/noticias\\\/2026\\\/09\\\/01\\\/combustiveis-encerram-agosto-com-leve-queda-de-precos-no-brasil\\\/\",\"url\":\"https:\\\/\\\/motorista.com.br\\\/noticias\\\/2026\\\/09\\\/01\\\/combustiveis-encerram-agosto-com-leve-queda-de-precos-no-brasil\\\/\",\"name\":\"Combust\u00edveis encerram agosto com leve queda de pre\u00e7os no Brasil. - Motorista.com.br\",\"isPartOf\":{\"@id\":\"https:\\\/\\\/motorista.com.br\\\/noticias\\\/#website\"},\"primaryImageOfPage\":{\"@id\":\"https:\\\/\\\/motorista.com.br\\\/noticias\\\/2026\\\/09\\\/01\\\/combustiveis-encerram-agosto-com-leve-queda-de-precos-no-brasil\\\/#primaryimage\"},\"image\":{\"@id\":\"https:\\\/\\\/motorista.com.br\\\/noticias\\\/2026\\\/09\\\/01\\\/combustiveis-encerram-agosto-com-leve-queda-de-precos-no-brasil\\\/#primaryimage\"},\"thumbnailUrl\":\"https:\\\/\\\/motorista.com.br\\\/noticias\\\/wp-content\\\/uploads\\\/2026\\\/03\\\/diesel-valor-do-diesel.jpg\",\"datePublished\":\"2026-09-01T20:10:22+00:00\",\"breadcrumb\":{\"@id\":\"https:\\\/\\\/motorista.com.br\\\/noticias\\\/2026\\\/09\\\/01\\\/combustiveis-encerram-agosto-com-leve-queda-de-precos-no-brasil\\\/#breadcrumb\"},\"inLanguage\":\"pt-BR\",\"potentialAction\":[{\"@type\":\"ReadAction\",\"target\":[\"https:\\\/\\\/motorista.com.br\\\/noticias\\\/2026\\\/09\\\/01\\\/combustiveis-encerram-agosto-com-leve-queda-de-precos-no-brasil\\\/\"]}]},{\"@type\":\"ImageObject\",\"inLanguage\":\"pt-BR\",\"@id\":\"https:\\\/\\\/motorista.com.br\\\/noticias\\\/2026\\\/09\\\/01\\\/combustiveis-encerram-agosto-com-leve-queda-de-precos-no-brasil\\\/#primaryimage\",\"url\":\"https:\\\/\\\/motorista.com.br\\\/noticias\\\/wp-content\\\/uploads\\\/2026\\\/03\\\/diesel-valor-do-diesel.jpg\",\"contentUrl\":\"https:\\\/\\\/motorista.com.br\\\/noticias\\\/wp-content\\\/uploads\\\/2026\\\/03\\\/diesel-valor-do-diesel.jpg\",\"width\":1200,\"height\":800},{\"@type\":\"BreadcrumbList\",\"@id\":\"https:\\\/\\\/motorista.com.br\\\/noticias\\\/2026\\\/09\\\/01\\\/combustiveis-encerram-agosto-com-leve-queda-de-precos-no-brasil\\\/#breadcrumb\",\"itemListElement\":[{\"@type\":\"ListItem\",\"position\":1,\"name\":\"In\u00edcio\",\"item\":\"https:\\\/\\\/motorista.com.br\\\/noticias\\\/\"},{\"@type\":\"ListItem\",\"position\":2,\"name\":\"Combust\u00edveis encerram agosto com leve queda de pre\u00e7os no Brasil.\"}]},{\"@type\":\"WebSite\",\"@id\":\"https:\\\/\\\/motorista.com.br\\\/noticias\\\/#website\",\"url\":\"https:\\\/\\\/motorista.com.br\\\/noticias\\\/\",\"name\":\"Motorista.com.br\",\"description\":\"Not\u00edcia do Motorista\",\"publisher\":{\"@id\":\"https:\\\/\\\/motorista.com.br\\\/noticias\\\/#organization\"},\"potentialAction\":[{\"@type\":\"SearchAction\",\"target\":{\"@type\":\"EntryPoint\",\"urlTemplate\":\"https:\\\/\\\/motorista.com.br\\\/noticias\\\/?s={search_term_string}\"},\"query-input\":{\"@type\":\"PropertyValueSpecification\",\"valueRequired\":true,\"valueName\":\"search_term_string\"}}],\"inLanguage\":\"pt-BR\"},{\"@type\":\"Organization\",\"@id\":\"https:\\\/\\\/motorista.com.br\\\/noticias\\\/#organization\",\"name\":\"Motorista.com.br\",\"url\":\"https:\\\/\\\/motorista.com.br\\\/noticias\\\/\",\"logo\":{\"@type\":\"ImageObject\",\"inLanguage\":\"pt-BR\",\"@id\":\"https:\\\/\\\/motorista.com.br\\\/noticias\\\/#\\\/schema\\\/logo\\\/image\\\/\",\"url\":\"https:\\\/\\\/motorista.com.br\\\/noticias\\\/wp-content\\\/uploads\\\/2025\\\/06\\\/Design-sem-nome-9.png\",\"contentUrl\":\"https:\\\/\\\/motorista.com.br\\\/noticias\\\/wp-content\\\/uploads\\\/2025\\\/06\\\/Design-sem-nome-9.png\",\"width\":150,\"height\":85,\"caption\":\"Motorista.com.br\"},\"image\":{\"@id\":\"https:\\\/\\\/motorista.com.br\\\/noticias\\\/#\\\/schema\\\/logo\\\/image\\\/\"}},{\"@type\":\"Person\",\"@id\":\"https:\\\/\\\/motorista.com.br\\\/noticias\\\/#\\\/schema\\\/person\\\/dc93afc2981c0e3ce6bc3c053fd847be\",\"name\":\"Equipe Reda\u00e7\u00e3o\",\"image\":{\"@type\":\"ImageObject\",\"inLanguage\":\"pt-BR\",\"@id\":\"https:\\\/\\\/secure.gravatar.com\\\/avatar\\\/4f525efbf18dd2bb300ccad28bfb99d95a9465a5ba268407c8c37b37e1f28d2d?s=96&d=mm&r=g9e099043a0c61e9ae27e293b9fa75ffc\",\"url\":\"https:\\\/\\\/secure.gravatar.com\\\/avatar\\\/4f525efbf18dd2bb300ccad28bfb99d95a9465a5ba268407c8c37b37e1f28d2d?s=96&d=mm&r=g\",\"contentUrl\":\"https:\\\/\\\/secure.gravatar.com\\\/avatar\\\/4f525efbf18dd2bb300ccad28bfb99d95a9465a5ba268407c8c37b37e1f28d2d?s=96&d=mm&r=g\",\"caption\":\"Equipe Reda\u00e7\u00e3o\"},\"description\":\"Equipe de reda\u00e7\u00e3o \u00e9 um grupo de profissionais que trabalham juntos para criar conte\u00fado escrito para Motorista.com.br\",\"url\":\"https:\\\/\\\/motorista.com.br\\\/noticias\\\/author\\\/equiperedacao\\\/\"}]}<\/script>\n<!-- \/ Yoast SEO Premium plugin. -->","yoast_head_json":{"title":"Combust\u00edveis encerram agosto com leve queda de pre\u00e7os no Brasil. - Motorista.com.br","robots":{"index":"index","follow":"follow","max-snippet":"max-snippet:-1","max-image-preview":"max-image-preview:large","max-video-preview":"max-video-preview:-1"},"canonical":"https:\/\/motorista.com.br\/noticias\/2026\/09\/01\/combustiveis-encerram-agosto-com-leve-queda-de-precos-no-brasil\/","og_locale":"pt_BR","og_type":"article","og_title":"Combust\u00edveis encerram agosto com leve queda de pre\u00e7os no Brasil.","og_description":"Pre\u00e7o dos Combust\u00edveis Fecha Agosto com Leve Queda no Mercado Brasileiro Os pre\u00e7os dos combust\u00edveis apresentaram uma leve queda em agosto, com destaque para o etanol, que registrou uma redu\u00e7\u00e3o de 2,7%, encerrando o m\u00eas a R$ 4,050 por litro. Al\u00e9m do etanol, o diesel comum e a gasolina tamb\u00e9m mostraram pequenas redu\u00e7\u00f5es, enquanto o &hellip;","og_url":"https:\/\/motorista.com.br\/noticias\/2026\/09\/01\/combustiveis-encerram-agosto-com-leve-queda-de-precos-no-brasil\/","og_site_name":"Motorista.com.br","article_published_time":"2026-09-01T20:10:22+00:00","author":"Equipe Reda\u00e7\u00e3o","twitter_card":"summary_large_image","twitter_misc":{"Escrito por":"Equipe Reda\u00e7\u00e3o","Est. tempo de leitura":"2 minutos","Written by":"Equipe Reda\u00e7\u00e3o"},"schema":{"@context":"https:\/\/schema.org","@graph":[{"@type":"Article","@id":"https:\/\/motorista.com.br\/noticias\/2026\/09\/01\/combustiveis-encerram-agosto-com-leve-queda-de-precos-no-brasil\/#article","isPartOf":{"@id":"https:\/\/motorista.com.br\/noticias\/2026\/09\/01\/combustiveis-encerram-agosto-com-leve-queda-de-precos-no-brasil\/"},"author":{"name":"Equipe Reda\u00e7\u00e3o","@id":"https:\/\/motorista.com.br\/noticias\/#\/schema\/person\/dc93afc2981c0e3ce6bc3c053fd847be"},"headline":"Combust\u00edveis encerram agosto com leve queda de pre\u00e7os no Brasil.","datePublished":"2026-09-01T20:10:22+00:00","mainEntityOfPage":{"@id":"https:\/\/motorista.com.br\/noticias\/2026\/09\/01\/combustiveis-encerram-agosto-com-leve-queda-de-precos-no-brasil\/"},"wordCount":480,"publisher":{"@id":"https:\/\/motorista.com.br\/noticias\/#organization"},"image":{"@id":"https:\/\/motorista.com.br\/noticias\/2026\/09\/01\/combustiveis-encerram-agosto-com-leve-queda-de-precos-no-brasil\/#primaryimage"},"thumbnailUrl":"https:\/\/motorista.com.br\/noticias\/wp-content\/uploads\/2026\/03\/diesel-valor-do-diesel.jpg","articleSection":["Carreteiro","Motorista"],"inLanguage":"pt-BR"},{"@type":"WebPage","@id":"https:\/\/motorista.com.br\/noticias\/2026\/09\/01\/combustiveis-encerram-agosto-com-leve-queda-de-precos-no-brasil\/","url":"https:\/\/motorista.com.br\/noticias\/2026\/09\/01\/combustiveis-encerram-agosto-com-leve-queda-de-precos-no-brasil\/","name":"Combust\u00edveis encerram agosto com leve queda de pre\u00e7os no Brasil. - Motorista.com.br","isPartOf":{"@id":"https:\/\/motorista.com.br\/noticias\/#website"},"primaryImageOfPage":{"@id":"https:\/\/motorista.com.br\/noticias\/2026\/09\/01\/combustiveis-encerram-agosto-com-leve-queda-de-precos-no-brasil\/#primaryimage"},"image":{"@id":"https:\/\/motorista.com.br\/noticias\/2026\/09\/01\/combustiveis-encerram-agosto-com-leve-queda-de-precos-no-brasil\/#primaryimage"},"thumbnailUrl":"https:\/\/motorista.com.br\/noticias\/wp-content\/uploads\/2026\/03\/diesel-valor-do-diesel.jpg","datePublished":"2026-09-01T20:10:22+00:00","breadcrumb":{"@id":"https:\/\/motorista.com.br\/noticias\/2026\/09\/01\/combustiveis-encerram-agosto-com-leve-queda-de-precos-no-brasil\/#breadcrumb"},"inLanguage":"pt-BR","potentialAction":[{"@type":"ReadAction","target":["https:\/\/motorista.com.br\/noticias\/2026\/09\/01\/combustiveis-encerram-agosto-com-leve-queda-de-precos-no-brasil\/"]}]},{"@type":"ImageObject","inLanguage":"pt-BR","@id":"https:\/\/motorista.com.br\/noticias\/2026\/09\/01\/combustiveis-encerram-agosto-com-leve-queda-de-precos-no-brasil\/#primaryimage","url":"https:\/\/motorista.com.br\/noticias\/wp-content\/uploads\/2026\/03\/diesel-valor-do-diesel.jpg","contentUrl":"https:\/\/motorista.com.br\/noticias\/wp-content\/uploads\/2026\/03\/diesel-valor-do-diesel.jpg","width":1200,"height":800},{"@type":"BreadcrumbList","@id":"https:\/\/motorista.com.br\/noticias\/2026\/09\/01\/combustiveis-encerram-agosto-com-leve-queda-de-precos-no-brasil\/#breadcrumb","itemListElement":[{"@type":"ListItem","position":1,"name":"In\u00edcio","item":"https:\/\/motorista.com.br\/noticias\/"},{"@type":"ListItem","position":2,"name":"Combust\u00edveis encerram agosto com leve queda de pre\u00e7os no Brasil."}]},{"@type":"WebSite","@id":"https:\/\/motorista.com.br\/noticias\/#website","url":"https:\/\/motorista.com.br\/noticias\/","name":"Motorista.com.br","description":"Not\u00edcia do Motorista","publisher":{"@id":"https:\/\/motorista.com.br\/noticias\/#organization"},"potentialAction":[{"@type":"SearchAction","target":{"@type":"EntryPoint","urlTemplate":"https:\/\/motorista.com.br\/noticias\/?s={search_term_string}"},"query-input":{"@type":"PropertyValueSpecification","valueRequired":true,"valueName":"search_term_string"}}],"inLanguage":"pt-BR"},{"@type":"Organization","@id":"https:\/\/motorista.com.br\/noticias\/#organization","name":"Motorista.com.br","url":"https:\/\/motorista.com.br\/noticias\/","logo":{"@type":"ImageObject","inLanguage":"pt-BR","@id":"https:\/\/motorista.com.br\/noticias\/#\/schema\/logo\/image\/","url":"https:\/\/motorista.com.br\/noticias\/wp-content\/uploads\/2025\/06\/Design-sem-nome-9.png","contentUrl":"https:\/\/motorista.com.br\/noticias\/wp-content\/uploads\/2025\/06\/Design-sem-nome-9.png","width":150,"height":85,"caption":"Motorista.com.br"},"image":{"@id":"https:\/\/motorista.com.br\/noticias\/#\/schema\/logo\/image\/"}},{"@type":"Person","@id":"https:\/\/motorista.com.br\/noticias\/#\/schema\/person\/dc93afc2981c0e3ce6bc3c053fd847be","name":"Equipe Reda\u00e7\u00e3o","image":{"@type":"ImageObject","inLanguage":"pt-BR","@id":"https:\/\/secure.gravatar.com\/avatar\/4f525efbf18dd2bb300ccad28bfb99d95a9465a5ba268407c8c37b37e1f28d2d?s=96&d=mm&r=g9e099043a0c61e9ae27e293b9fa75ffc","url":"https:\/\/secure.gravatar.com\/avatar\/4f525efbf18dd2bb300ccad28bfb99d95a9465a5ba268407c8c37b37e1f28d2d?s=96&d=mm&r=g","contentUrl":"https:\/\/secure.gravatar.com\/avatar\/4f525efbf18dd2bb300ccad28bfb99d95a9465a5ba268407c8c37b37e1f28d2d?s=96&d=mm&r=g","caption":"Equipe Reda\u00e7\u00e3o"},"description":"Equipe de reda\u00e7\u00e3o \u00e9 um grupo de profissionais que trabalham juntos para criar conte\u00fado escrito para Motorista.com.br","url":"https:\/\/motorista.com.br\/noticias\/author\/equiperedacao\/"}]}},"_links":{"self":[{"href":"https:\/\/motorista.com.br\/noticias\/wp-json\/wp\/v2\/posts\/14204","targetHints":{"allow":["GET"]}}],"collection":[{"href":"https:\/\/motorista.com.br\/noticias\/wp-json\/wp\/v2\/posts"}],"about":[{"href":"https:\/\/motorista.com.br\/noticias\/wp-json\/wp\/v2\/types\/post"}],"author":[{"embeddable":true,"href":"https:\/\/motorista.com.br\/noticias\/wp-json\/wp\/v2\/users\/4"}],"replies":[{"embeddable":true,"href":"https:\/\/motorista.com.br\/noticias\/wp-json\/wp\/v2\/comments?post=14204"}],"version-history":[{"count":0,"href":"https:\/\/motorista.com.br\/noticias\/wp-json\/wp\/v2\/posts\/14204\/revisions"}],"wp:featuredmedia":[{"embeddable":true,"href":"https:\/\/motorista.com.br\/noticias\/wp-json\/wp\/v2\/media\/7929"}],"wp:attachment":[{"href":"https:\/\/motorista.com.br\/noticias\/wp-json\/wp\/v2\/media?parent=14204"}],"wp:term":[{"taxonomy":"category","embeddable":true,"href":"https:\/\/motorista.com.br\/noticias\/wp-json\/wp\/v2\/categories?post=14204"},{"taxonomy":"post_tag","embeddable":true,"href":"https:\/\/motorista.com.br\/noticias\/wp-json\/wp\/v2\/tags?post=14204"},{"taxonomy":"author","embeddable":true,"href":"https:\/\/motorista.com.br\/noticias\/wp-json\/wp\/v2\/coauthors?post=14204"}],"curies":[{"name":"wp","href":"https:\/\/api.w.org\/{rel}","templated":true}]}}