{"id":14202,"date":"2026-09-01T15:40:20","date_gmt":"2026-09-01T18:40:20","guid":{"rendered":"https:\/\/motorista.com.br\/noticias\/2026\/09\/01\/inscricoes-abertas-para-o-xxiii-premio-abralog-de-logistica-2026-2\/"},"modified":"2026-09-01T15:40:20","modified_gmt":"2026-09-01T18:40:20","slug":"inscricoes-abertas-para-o-xxiii-premio-abralog-de-logistica-2026-2","status":"publish","type":"post","link":"https:\/\/motorista.com.br\/noticias\/2026\/09\/01\/inscricoes-abertas-para-o-xxiii-premio-abralog-de-logistica-2026-2\/","title":{"rendered":"Inscri\u00e7\u00f5es abertas para o XXIII Pr\u00eamio Abralog de Log\u00edstica 2026"},"content":{"rendered":"<p><\/p>\n<h3>XXIII Pr\u00eamio Abralog de Log\u00edstica Recebe Inscri\u00e7\u00f5es para Edi\u00e7\u00e3o de 2026<\/h3>\n<p>A premia\u00e7\u00e3o reconhecer\u00e1 projetos desenvolvidos por empresas, profissionais, professores e estudantes voltados ao avan\u00e7o da log\u00edstica e das cadeias de suprimentos. Est\u00e3o abertas as inscri\u00e7\u00f5es para o XXIII Pr\u00eamio Abralog de Log\u00edstica, promovido pela Associa\u00e7\u00e3o Brasileira de Log\u00edstica. Esta iniciativa busca destacar projetos e solu\u00e7\u00f5es que contribuam significativamente para o desenvolvimento das cadeias de suprimentos e da log\u00edstica no Brasil, incentivando a inova\u00e7\u00e3o no setor. Os trabalhos poder\u00e3o ser enviados at\u00e9 16 de outubro de 2026.<\/p>\n<p>A premia\u00e7\u00e3o abrange uma ampla gama de participantes, incluindo usu\u00e1rios de log\u00edstica, operadores log\u00edsticos, transportadoras, ind\u00fastrias, fornecedores, consultorias e estudantes em diferentes n\u00edveis de educa\u00e7\u00e3o. Os projetos devem ser apresentados em formato PDF e enviados para o e-mail contato@abralog.com.br.<\/p>\n<p>Com sete categorias distintas \u2014 que v\u00e3o desde Automa\u00e7\u00e3o e Tecnologia da Informa\u00e7\u00e3o at\u00e9 ESG e Descarboniza\u00e7\u00e3o \u2014 a premia\u00e7\u00e3o busca abranger todos os aspectos da log\u00edstica moderna. Isso mostra a preocupa\u00e7\u00e3o em integrar solu\u00e7\u00f5es tecnol\u00f3gicas e sustent\u00e1veis, que s\u00e3o cada vez mais demandadas no mercado atual.<\/p>\n<p>A avalia\u00e7\u00e3o dos trabalhos ser\u00e1 realizada por especialistas renomados, como os professores Hugo Yoshizaki, da Escola Polit\u00e9cnica da Universidade de S\u00e3o Paulo, e Reinaldo Morabito, da Universidade Federal de S\u00e3o Carlos. Os vencedores ser\u00e3o anunciados durante o Jantar Comemorativo de Final de Ano da Abralog, programado para 16 de dezembro.<\/p>\n<p>Para os motoristas e profissionais da log\u00edstica, iniciativas como essa t\u00eam um impacto direto na melhoria da mobilidade. Projetos inovadores podem otimizar rotas, reduzir custos e melhorar a efici\u00eancia do transporte, beneficiando n\u00e3o apenas as empresas, mas tamb\u00e9m a qualidade do trabalho dos motoristas e a fluidez das opera\u00e7\u00f5es log\u00edsticas. Al\u00e9m disso, a \u00eanfase em pr\u00e1ticas sustent\u00e1veis contribui para um meio ambiente mais saud\u00e1vel, refletindo um compromisso com a responsabilidade social.<\/p>\n<p>Os interessados podem consultar o Regulamento do XXIII Pr\u00eamio Abralog de Log\u00edstica 2026 para conhecer categorias, crit\u00e9rios de participa\u00e7\u00e3o e orienta\u00e7\u00f5es para a apresenta\u00e7\u00e3o dos trabalhos.<\/p>\n<p><strong>Fonte: Abralog<\/strong><\/p>\n","protected":false},"excerpt":{"rendered":"<p>XXIII Pr\u00eamio Abralog de Log\u00edstica Recebe Inscri\u00e7\u00f5es para Edi\u00e7\u00e3o de 2026 A premia\u00e7\u00e3o reconhecer\u00e1 projetos desenvolvidos por empresas, profissionais, professores e estudantes voltados ao avan\u00e7o da log\u00edstica e das cadeias de suprimentos. Est\u00e3o abertas as inscri\u00e7\u00f5es para o XXIII Pr\u00eamio Abralog de Log\u00edstica, promovido pela Associa\u00e7\u00e3o Brasileira de Log\u00edstica. Esta iniciativa busca destacar projetos e &hellip;<\/p>\n","protected":false},"author":4,"featured_media":14203,"comment_status":"","ping_status":"open","sticky":false,"template":"","format":"standard","meta":{"footnotes":""},"categories":[62],"tags":[],"coauthors":[42],"class_list":["post-14202","post","type-post","status-publish","format-standard","has-post-thumbnail","hentry","category-logistica"],"yoast_head":"<!-- This site is optimized with the Yoast SEO Premium plugin v27.6.1 (Yoast SEO v28.3) - https:\/\/yoast.com\/product\/yoast-seo-premium-wordpress\/ -->\n<title>Inscri\u00e7\u00f5es abertas para o XXIII Pr\u00eamio Abralog de Log\u00edstica 2026 - Motorista.com.br<\/title>\n<meta name=\"robots\" content=\"index, follow, max-snippet:-1, max-image-preview:large, max-video-preview:-1\" \/>\n<link rel=\"canonical\" href=\"https:\/\/motorista.com.br\/noticias\/2026\/09\/01\/inscricoes-abertas-para-o-xxiii-premio-abralog-de-logistica-2026-2\/\" \/>\n<meta property=\"og:locale\" content=\"pt_BR\" \/>\n<meta property=\"og:type\" content=\"article\" \/>\n<meta property=\"og:title\" content=\"Inscri\u00e7\u00f5es abertas para o XXIII Pr\u00eamio Abralog de Log\u00edstica 2026\" \/>\n<meta property=\"og:description\" content=\"XXIII Pr\u00eamio Abralog de Log\u00edstica Recebe Inscri\u00e7\u00f5es para Edi\u00e7\u00e3o de 2026 A premia\u00e7\u00e3o reconhecer\u00e1 projetos desenvolvidos por empresas, profissionais, professores e estudantes voltados ao avan\u00e7o da log\u00edstica e das cadeias de suprimentos. Est\u00e3o abertas as inscri\u00e7\u00f5es para o XXIII Pr\u00eamio Abralog de Log\u00edstica, promovido pela Associa\u00e7\u00e3o Brasileira de Log\u00edstica. Esta iniciativa busca destacar projetos e &hellip;\" \/>\n<meta property=\"og:url\" content=\"https:\/\/motorista.com.br\/noticias\/2026\/09\/01\/inscricoes-abertas-para-o-xxiii-premio-abralog-de-logistica-2026-2\/\" \/>\n<meta property=\"og:site_name\" content=\"Motorista.com.br\" \/>\n<meta property=\"article:published_time\" content=\"2026-09-01T18:40:20+00:00\" \/>\n<meta name=\"author\" content=\"Equipe Reda\u00e7\u00e3o\" \/>\n<meta name=\"twitter:card\" content=\"summary_large_image\" \/>\n<meta name=\"twitter:label1\" content=\"Escrito por\" \/>\n\t<meta name=\"twitter:data1\" content=\"Equipe Reda\u00e7\u00e3o\" \/>\n\t<meta name=\"twitter:label2\" content=\"Est. tempo de leitura\" \/>\n\t<meta name=\"twitter:data2\" content=\"2 minutos\" \/>\n\t<meta name=\"twitter:label3\" content=\"Written by\" \/>\n\t<meta name=\"twitter:data3\" content=\"Equipe Reda\u00e7\u00e3o\" \/>\n<script type=\"application\/ld+json\" class=\"yoast-schema-graph\">{\"@context\":\"https:\\\/\\\/schema.org\",\"@graph\":[{\"@type\":\"Article\",\"@id\":\"https:\\\/\\\/motorista.com.br\\\/noticias\\\/2026\\\/09\\\/01\\\/inscricoes-abertas-para-o-xxiii-premio-abralog-de-logistica-2026-2\\\/#article\",\"isPartOf\":{\"@id\":\"https:\\\/\\\/motorista.com.br\\\/noticias\\\/2026\\\/09\\\/01\\\/inscricoes-abertas-para-o-xxiii-premio-abralog-de-logistica-2026-2\\\/\"},\"author\":{\"name\":\"Equipe Reda\u00e7\u00e3o\",\"@id\":\"https:\\\/\\\/motorista.com.br\\\/noticias\\\/#\\\/schema\\\/person\\\/dc93afc2981c0e3ce6bc3c053fd847be\"},\"headline\":\"Inscri\u00e7\u00f5es abertas para o XXIII Pr\u00eamio Abralog de Log\u00edstica 2026\",\"datePublished\":\"2026-09-01T18:40:20+00:00\",\"mainEntityOfPage\":{\"@id\":\"https:\\\/\\\/motorista.com.br\\\/noticias\\\/2026\\\/09\\\/01\\\/inscricoes-abertas-para-o-xxiii-premio-abralog-de-logistica-2026-2\\\/\"},\"wordCount\":387,\"publisher\":{\"@id\":\"https:\\\/\\\/motorista.com.br\\\/noticias\\\/#organization\"},\"image\":{\"@id\":\"https:\\\/\\\/motorista.com.br\\\/noticias\\\/2026\\\/09\\\/01\\\/inscricoes-abertas-para-o-xxiii-premio-abralog-de-logistica-2026-2\\\/#primaryimage\"},\"thumbnailUrl\":\"https:\\\/\\\/motorista.com.br\\\/noticias\\\/wp-content\\\/uploads\\\/2026\\\/09\\\/ID-AB-1000-px-x-830-px-XXIII.png\",\"articleSection\":[\"Log\u00edstica\"],\"inLanguage\":\"pt-BR\"},{\"@type\":\"WebPage\",\"@id\":\"https:\\\/\\\/motorista.com.br\\\/noticias\\\/2026\\\/09\\\/01\\\/inscricoes-abertas-para-o-xxiii-premio-abralog-de-logistica-2026-2\\\/\",\"url\":\"https:\\\/\\\/motorista.com.br\\\/noticias\\\/2026\\\/09\\\/01\\\/inscricoes-abertas-para-o-xxiii-premio-abralog-de-logistica-2026-2\\\/\",\"name\":\"Inscri\u00e7\u00f5es abertas para o XXIII Pr\u00eamio Abralog de Log\u00edstica 2026 - Motorista.com.br\",\"isPartOf\":{\"@id\":\"https:\\\/\\\/motorista.com.br\\\/noticias\\\/#website\"},\"primaryImageOfPage\":{\"@id\":\"https:\\\/\\\/motorista.com.br\\\/noticias\\\/2026\\\/09\\\/01\\\/inscricoes-abertas-para-o-xxiii-premio-abralog-de-logistica-2026-2\\\/#primaryimage\"},\"image\":{\"@id\":\"https:\\\/\\\/motorista.com.br\\\/noticias\\\/2026\\\/09\\\/01\\\/inscricoes-abertas-para-o-xxiii-premio-abralog-de-logistica-2026-2\\\/#primaryimage\"},\"thumbnailUrl\":\"https:\\\/\\\/motorista.com.br\\\/noticias\\\/wp-content\\\/uploads\\\/2026\\\/09\\\/ID-AB-1000-px-x-830-px-XXIII.png\",\"datePublished\":\"2026-09-01T18:40:20+00:00\",\"breadcrumb\":{\"@id\":\"https:\\\/\\\/motorista.com.br\\\/noticias\\\/2026\\\/09\\\/01\\\/inscricoes-abertas-para-o-xxiii-premio-abralog-de-logistica-2026-2\\\/#breadcrumb\"},\"inLanguage\":\"pt-BR\",\"potentialAction\":[{\"@type\":\"ReadAction\",\"target\":[\"https:\\\/\\\/motorista.com.br\\\/noticias\\\/2026\\\/09\\\/01\\\/inscricoes-abertas-para-o-xxiii-premio-abralog-de-logistica-2026-2\\\/\"]}]},{\"@type\":\"ImageObject\",\"inLanguage\":\"pt-BR\",\"@id\":\"https:\\\/\\\/motorista.com.br\\\/noticias\\\/2026\\\/09\\\/01\\\/inscricoes-abertas-para-o-xxiii-premio-abralog-de-logistica-2026-2\\\/#primaryimage\",\"url\":\"https:\\\/\\\/motorista.com.br\\\/noticias\\\/wp-content\\\/uploads\\\/2026\\\/09\\\/ID-AB-1000-px-x-830-px-XXIII.png\",\"contentUrl\":\"https:\\\/\\\/motorista.com.br\\\/noticias\\\/wp-content\\\/uploads\\\/2026\\\/09\\\/ID-AB-1000-px-x-830-px-XXIII.png\",\"width\":998,\"height\":829},{\"@type\":\"BreadcrumbList\",\"@id\":\"https:\\\/\\\/motorista.com.br\\\/noticias\\\/2026\\\/09\\\/01\\\/inscricoes-abertas-para-o-xxiii-premio-abralog-de-logistica-2026-2\\\/#breadcrumb\",\"itemListElement\":[{\"@type\":\"ListItem\",\"position\":1,\"name\":\"In\u00edcio\",\"item\":\"https:\\\/\\\/motorista.com.br\\\/noticias\\\/\"},{\"@type\":\"ListItem\",\"position\":2,\"name\":\"Inscri\u00e7\u00f5es abertas para o XXIII Pr\u00eamio Abralog de Log\u00edstica 2026\"}]},{\"@type\":\"WebSite\",\"@id\":\"https:\\\/\\\/motorista.com.br\\\/noticias\\\/#website\",\"url\":\"https:\\\/\\\/motorista.com.br\\\/noticias\\\/\",\"name\":\"Motorista.com.br\",\"description\":\"Not\u00edcia do Motorista\",\"publisher\":{\"@id\":\"https:\\\/\\\/motorista.com.br\\\/noticias\\\/#organization\"},\"potentialAction\":[{\"@type\":\"SearchAction\",\"target\":{\"@type\":\"EntryPoint\",\"urlTemplate\":\"https:\\\/\\\/motorista.com.br\\\/noticias\\\/?s={search_term_string}\"},\"query-input\":{\"@type\":\"PropertyValueSpecification\",\"valueRequired\":true,\"valueName\":\"search_term_string\"}}],\"inLanguage\":\"pt-BR\"},{\"@type\":\"Organization\",\"@id\":\"https:\\\/\\\/motorista.com.br\\\/noticias\\\/#organization\",\"name\":\"Motorista.com.br\",\"url\":\"https:\\\/\\\/motorista.com.br\\\/noticias\\\/\",\"logo\":{\"@type\":\"ImageObject\",\"inLanguage\":\"pt-BR\",\"@id\":\"https:\\\/\\\/motorista.com.br\\\/noticias\\\/#\\\/schema\\\/logo\\\/image\\\/\",\"url\":\"https:\\\/\\\/motorista.com.br\\\/noticias\\\/wp-content\\\/uploads\\\/2025\\\/06\\\/Design-sem-nome-9.png\",\"contentUrl\":\"https:\\\/\\\/motorista.com.br\\\/noticias\\\/wp-content\\\/uploads\\\/2025\\\/06\\\/Design-sem-nome-9.png\",\"width\":150,\"height\":85,\"caption\":\"Motorista.com.br\"},\"image\":{\"@id\":\"https:\\\/\\\/motorista.com.br\\\/noticias\\\/#\\\/schema\\\/logo\\\/image\\\/\"}},{\"@type\":\"Person\",\"@id\":\"https:\\\/\\\/motorista.com.br\\\/noticias\\\/#\\\/schema\\\/person\\\/dc93afc2981c0e3ce6bc3c053fd847be\",\"name\":\"Equipe Reda\u00e7\u00e3o\",\"image\":{\"@type\":\"ImageObject\",\"inLanguage\":\"pt-BR\",\"@id\":\"https:\\\/\\\/secure.gravatar.com\\\/avatar\\\/4f525efbf18dd2bb300ccad28bfb99d95a9465a5ba268407c8c37b37e1f28d2d?s=96&d=mm&r=g9e099043a0c61e9ae27e293b9fa75ffc\",\"url\":\"https:\\\/\\\/secure.gravatar.com\\\/avatar\\\/4f525efbf18dd2bb300ccad28bfb99d95a9465a5ba268407c8c37b37e1f28d2d?s=96&d=mm&r=g\",\"contentUrl\":\"https:\\\/\\\/secure.gravatar.com\\\/avatar\\\/4f525efbf18dd2bb300ccad28bfb99d95a9465a5ba268407c8c37b37e1f28d2d?s=96&d=mm&r=g\",\"caption\":\"Equipe Reda\u00e7\u00e3o\"},\"description\":\"Equipe de reda\u00e7\u00e3o \u00e9 um grupo de profissionais que trabalham juntos para criar conte\u00fado escrito para Motorista.com.br\",\"url\":\"https:\\\/\\\/motorista.com.br\\\/noticias\\\/author\\\/equiperedacao\\\/\"}]}<\/script>\n<!-- \/ Yoast SEO Premium plugin. -->","yoast_head_json":{"title":"Inscri\u00e7\u00f5es abertas para o XXIII Pr\u00eamio Abralog de Log\u00edstica 2026 - Motorista.com.br","robots":{"index":"index","follow":"follow","max-snippet":"max-snippet:-1","max-image-preview":"max-image-preview:large","max-video-preview":"max-video-preview:-1"},"canonical":"https:\/\/motorista.com.br\/noticias\/2026\/09\/01\/inscricoes-abertas-para-o-xxiii-premio-abralog-de-logistica-2026-2\/","og_locale":"pt_BR","og_type":"article","og_title":"Inscri\u00e7\u00f5es abertas para o XXIII Pr\u00eamio Abralog de Log\u00edstica 2026","og_description":"XXIII Pr\u00eamio Abralog de Log\u00edstica Recebe Inscri\u00e7\u00f5es para Edi\u00e7\u00e3o de 2026 A premia\u00e7\u00e3o reconhecer\u00e1 projetos desenvolvidos por empresas, profissionais, professores e estudantes voltados ao avan\u00e7o da log\u00edstica e das cadeias de suprimentos. Est\u00e3o abertas as inscri\u00e7\u00f5es para o XXIII Pr\u00eamio Abralog de Log\u00edstica, promovido pela Associa\u00e7\u00e3o Brasileira de Log\u00edstica. Esta iniciativa busca destacar projetos e &hellip;","og_url":"https:\/\/motorista.com.br\/noticias\/2026\/09\/01\/inscricoes-abertas-para-o-xxiii-premio-abralog-de-logistica-2026-2\/","og_site_name":"Motorista.com.br","article_published_time":"2026-09-01T18:40:20+00:00","author":"Equipe Reda\u00e7\u00e3o","twitter_card":"summary_large_image","twitter_misc":{"Escrito por":"Equipe Reda\u00e7\u00e3o","Est. tempo de leitura":"2 minutos","Written by":"Equipe Reda\u00e7\u00e3o"},"schema":{"@context":"https:\/\/schema.org","@graph":[{"@type":"Article","@id":"https:\/\/motorista.com.br\/noticias\/2026\/09\/01\/inscricoes-abertas-para-o-xxiii-premio-abralog-de-logistica-2026-2\/#article","isPartOf":{"@id":"https:\/\/motorista.com.br\/noticias\/2026\/09\/01\/inscricoes-abertas-para-o-xxiii-premio-abralog-de-logistica-2026-2\/"},"author":{"name":"Equipe Reda\u00e7\u00e3o","@id":"https:\/\/motorista.com.br\/noticias\/#\/schema\/person\/dc93afc2981c0e3ce6bc3c053fd847be"},"headline":"Inscri\u00e7\u00f5es abertas para o XXIII Pr\u00eamio Abralog de Log\u00edstica 2026","datePublished":"2026-09-01T18:40:20+00:00","mainEntityOfPage":{"@id":"https:\/\/motorista.com.br\/noticias\/2026\/09\/01\/inscricoes-abertas-para-o-xxiii-premio-abralog-de-logistica-2026-2\/"},"wordCount":387,"publisher":{"@id":"https:\/\/motorista.com.br\/noticias\/#organization"},"image":{"@id":"https:\/\/motorista.com.br\/noticias\/2026\/09\/01\/inscricoes-abertas-para-o-xxiii-premio-abralog-de-logistica-2026-2\/#primaryimage"},"thumbnailUrl":"https:\/\/motorista.com.br\/noticias\/wp-content\/uploads\/2026\/09\/ID-AB-1000-px-x-830-px-XXIII.png","articleSection":["Log\u00edstica"],"inLanguage":"pt-BR"},{"@type":"WebPage","@id":"https:\/\/motorista.com.br\/noticias\/2026\/09\/01\/inscricoes-abertas-para-o-xxiii-premio-abralog-de-logistica-2026-2\/","url":"https:\/\/motorista.com.br\/noticias\/2026\/09\/01\/inscricoes-abertas-para-o-xxiii-premio-abralog-de-logistica-2026-2\/","name":"Inscri\u00e7\u00f5es abertas para o XXIII Pr\u00eamio Abralog de Log\u00edstica 2026 - Motorista.com.br","isPartOf":{"@id":"https:\/\/motorista.com.br\/noticias\/#website"},"primaryImageOfPage":{"@id":"https:\/\/motorista.com.br\/noticias\/2026\/09\/01\/inscricoes-abertas-para-o-xxiii-premio-abralog-de-logistica-2026-2\/#primaryimage"},"image":{"@id":"https:\/\/motorista.com.br\/noticias\/2026\/09\/01\/inscricoes-abertas-para-o-xxiii-premio-abralog-de-logistica-2026-2\/#primaryimage"},"thumbnailUrl":"https:\/\/motorista.com.br\/noticias\/wp-content\/uploads\/2026\/09\/ID-AB-1000-px-x-830-px-XXIII.png","datePublished":"2026-09-01T18:40:20+00:00","breadcrumb":{"@id":"https:\/\/motorista.com.br\/noticias\/2026\/09\/01\/inscricoes-abertas-para-o-xxiii-premio-abralog-de-logistica-2026-2\/#breadcrumb"},"inLanguage":"pt-BR","potentialAction":[{"@type":"ReadAction","target":["https:\/\/motorista.com.br\/noticias\/2026\/09\/01\/inscricoes-abertas-para-o-xxiii-premio-abralog-de-logistica-2026-2\/"]}]},{"@type":"ImageObject","inLanguage":"pt-BR","@id":"https:\/\/motorista.com.br\/noticias\/2026\/09\/01\/inscricoes-abertas-para-o-xxiii-premio-abralog-de-logistica-2026-2\/#primaryimage","url":"https:\/\/motorista.com.br\/noticias\/wp-content\/uploads\/2026\/09\/ID-AB-1000-px-x-830-px-XXIII.png","contentUrl":"https:\/\/motorista.com.br\/noticias\/wp-content\/uploads\/2026\/09\/ID-AB-1000-px-x-830-px-XXIII.png","width":998,"height":829},{"@type":"BreadcrumbList","@id":"https:\/\/motorista.com.br\/noticias\/2026\/09\/01\/inscricoes-abertas-para-o-xxiii-premio-abralog-de-logistica-2026-2\/#breadcrumb","itemListElement":[{"@type":"ListItem","position":1,"name":"In\u00edcio","item":"https:\/\/motorista.com.br\/noticias\/"},{"@type":"ListItem","position":2,"name":"Inscri\u00e7\u00f5es abertas para o XXIII Pr\u00eamio Abralog de Log\u00edstica 2026"}]},{"@type":"WebSite","@id":"https:\/\/motorista.com.br\/noticias\/#website","url":"https:\/\/motorista.com.br\/noticias\/","name":"Motorista.com.br","description":"Not\u00edcia do Motorista","publisher":{"@id":"https:\/\/motorista.com.br\/noticias\/#organization"},"potentialAction":[{"@type":"SearchAction","target":{"@type":"EntryPoint","urlTemplate":"https:\/\/motorista.com.br\/noticias\/?s={search_term_string}"},"query-input":{"@type":"PropertyValueSpecification","valueRequired":true,"valueName":"search_term_string"}}],"inLanguage":"pt-BR"},{"@type":"Organization","@id":"https:\/\/motorista.com.br\/noticias\/#organization","name":"Motorista.com.br","url":"https:\/\/motorista.com.br\/noticias\/","logo":{"@type":"ImageObject","inLanguage":"pt-BR","@id":"https:\/\/motorista.com.br\/noticias\/#\/schema\/logo\/image\/","url":"https:\/\/motorista.com.br\/noticias\/wp-content\/uploads\/2025\/06\/Design-sem-nome-9.png","contentUrl":"https:\/\/motorista.com.br\/noticias\/wp-content\/uploads\/2025\/06\/Design-sem-nome-9.png","width":150,"height":85,"caption":"Motorista.com.br"},"image":{"@id":"https:\/\/motorista.com.br\/noticias\/#\/schema\/logo\/image\/"}},{"@type":"Person","@id":"https:\/\/motorista.com.br\/noticias\/#\/schema\/person\/dc93afc2981c0e3ce6bc3c053fd847be","name":"Equipe Reda\u00e7\u00e3o","image":{"@type":"ImageObject","inLanguage":"pt-BR","@id":"https:\/\/secure.gravatar.com\/avatar\/4f525efbf18dd2bb300ccad28bfb99d95a9465a5ba268407c8c37b37e1f28d2d?s=96&d=mm&r=g9e099043a0c61e9ae27e293b9fa75ffc","url":"https:\/\/secure.gravatar.com\/avatar\/4f525efbf18dd2bb300ccad28bfb99d95a9465a5ba268407c8c37b37e1f28d2d?s=96&d=mm&r=g","contentUrl":"https:\/\/secure.gravatar.com\/avatar\/4f525efbf18dd2bb300ccad28bfb99d95a9465a5ba268407c8c37b37e1f28d2d?s=96&d=mm&r=g","caption":"Equipe Reda\u00e7\u00e3o"},"description":"Equipe de reda\u00e7\u00e3o \u00e9 um grupo de profissionais que trabalham juntos para criar conte\u00fado escrito para Motorista.com.br","url":"https:\/\/motorista.com.br\/noticias\/author\/equiperedacao\/"}]}},"_links":{"self":[{"href":"https:\/\/motorista.com.br\/noticias\/wp-json\/wp\/v2\/posts\/14202","targetHints":{"allow":["GET"]}}],"collection":[{"href":"https:\/\/motorista.com.br\/noticias\/wp-json\/wp\/v2\/posts"}],"about":[{"href":"https:\/\/motorista.com.br\/noticias\/wp-json\/wp\/v2\/types\/post"}],"author":[{"embeddable":true,"href":"https:\/\/motorista.com.br\/noticias\/wp-json\/wp\/v2\/users\/4"}],"replies":[{"embeddable":true,"href":"https:\/\/motorista.com.br\/noticias\/wp-json\/wp\/v2\/comments?post=14202"}],"version-history":[{"count":0,"href":"https:\/\/motorista.com.br\/noticias\/wp-json\/wp\/v2\/posts\/14202\/revisions"}],"wp:featuredmedia":[{"embeddable":true,"href":"https:\/\/motorista.com.br\/noticias\/wp-json\/wp\/v2\/media\/14203"}],"wp:attachment":[{"href":"https:\/\/motorista.com.br\/noticias\/wp-json\/wp\/v2\/media?parent=14202"}],"wp:term":[{"taxonomy":"category","embeddable":true,"href":"https:\/\/motorista.com.br\/noticias\/wp-json\/wp\/v2\/categories?post=14202"},{"taxonomy":"post_tag","embeddable":true,"href":"https:\/\/motorista.com.br\/noticias\/wp-json\/wp\/v2\/tags?post=14202"},{"taxonomy":"author","embeddable":true,"href":"https:\/\/motorista.com.br\/noticias\/wp-json\/wp\/v2\/coauthors?post=14202"}],"curies":[{"name":"wp","href":"https:\/\/api.w.org\/{rel}","templated":true}]}}