{"id":14198,"date":"2026-09-01T15:06:48","date_gmt":"2026-09-01T18:06:48","guid":{"rendered":"https:\/\/motorista.com.br\/noticias\/2026\/09\/01\/expo-intra-log-2026-discute-inovacoes-em-logistica-e-embalagens-em-sp\/"},"modified":"2026-09-01T15:06:48","modified_gmt":"2026-09-01T18:06:48","slug":"expo-intra-log-2026-discute-inovacoes-em-logistica-e-embalagens-em-sp","status":"publish","type":"post","link":"https:\/\/motorista.com.br\/noticias\/2026\/09\/01\/expo-intra-log-2026-discute-inovacoes-em-logistica-e-embalagens-em-sp\/","title":{"rendered":"Expo INTRA-LOG 2026 discute inova\u00e7\u00f5es em log\u00edstica e embalagens em SP"},"content":{"rendered":"<p><\/p>\n<p><strong>INTRA-LOG Expo 2026: O Futuro da Log\u00edstica e da Mobilidade em Debate em S\u00e3o Paulo<\/strong><\/p>\n<p>A terceira edi\u00e7\u00e3o da <strong>INTRA-LOG Expo South America 2026<\/strong> promete ser um marco significativo na discuss\u00e3o sobre log\u00edstica, intralog\u00edstica e embalagens. Com uma programa\u00e7\u00e3o diversificada, o evento ocorrer\u00e1 no Expo Center Norte, em S\u00e3o Paulo, de 15 a 17 de setembro, abordando temas que impactam diretamente a mobilidade e o cotidiano dos motoristas.<\/p>\n<p><strong>Congresses e Inova\u00e7\u00f5es<\/strong><\/p>\n<p>Durante o evento, sete congressos abordar\u00e3o diferentes \u00e1reas da log\u00edstica. As discuss\u00f5es incluir\u00e3o inova\u00e7\u00f5es em automa\u00e7\u00e3o e tecnologias que visam otimizar as cadeias de suprimentos. Para os motoristas, essas inova\u00e7\u00f5es s\u00e3o essenciais, pois impactam na efici\u00eancia do transporte e na redu\u00e7\u00e3o de custos operacionais. Quando as empresas adotam solu\u00e7\u00f5es eficientes, a press\u00e3o nas rotas de entrega diminui, resultando em menos congestionamento e maior fluidez nas vias.<\/p>\n<p>A <strong>Label &amp; Pack<\/strong> tamb\u00e9m traz um foco importante ao discutir embalagens que garantem a integridade dos produtos durante o transporte, essencial para a seguran\u00e7a dos motoristas e otimiza\u00e7\u00e3o das opera\u00e7\u00f5es de entrega. <\/p>\n<p><strong>Integra\u00e7\u00e3o entre Setores<\/strong><\/p>\n<p>A estrutura\u00e7\u00e3o do evento reflete a necessidade crescente de integra\u00e7\u00e3o entre log\u00edstica e outros setores. A conex\u00e3o entre as empresas de transporte e os produtores de embalagens pode resultar em solu\u00e7\u00f5es que reduzem o tempo de tr\u00e2nsito e melhoram a efici\u00eancia, beneficiando diretamente os motoristas que enfrentam diariamente os desafios das estradas.<\/p>\n<p>O <strong>Hub de Inova\u00e7\u00e3o<\/strong>, que apresentar\u00e1 conte\u00fados sugeridos pelos pr\u00f3prios expositores, \u00e9 uma oportunidade para que as inova\u00e7\u00f5es sejam divulgadas, permitindo que motoristas e empresas de transporte se atualizem sobre as melhores pr\u00e1ticas e solu\u00e7\u00f5es tecnol\u00f3gicas. Esta troca de informa\u00e7\u00f5es pode minimizar os riscos e os obst\u00e1culos enfrentados nas opera\u00e7\u00f5es di\u00e1rias, melhorando a experi\u00eancia de todos os envolvidos.<\/p>\n<p><strong>Reconhecimento e Aprendizado<\/strong><\/p>\n<p>O inovador <strong>INTRA-LOG SMART SOLUTIONS HONORS<\/strong> premiar\u00e1 pr\u00e1ticas exemplares em intralog\u00edstica. Profissionais que implementaram solu\u00e7\u00f5es criativas e eficientes compartilhar\u00e3o suas experi\u00eancias, permitindo que outros aprendam e apliquem esses conhecimentos em suas opera\u00e7\u00f5es. Para os motoristas, compreender como as decis\u00f5es log\u00edsticas afetam seu trabalho di\u00e1rio \u00e9 fundamental para a constru\u00e7\u00e3o de uma base s\u00f3lida de opera\u00e7\u00f5es log\u00edsticas mais eficientes.<\/p>\n<p><strong>A Import\u00e2ncia da Mobilidade<\/strong><\/p>\n<p>A log\u00edstica moderna n\u00e3o pode ser dissociada da mobilidade urbana. Com o Brasil ocupando uma posi\u00e7\u00e3o estrat\u00e9gica na Am\u00e9rica Latina, \u00e9 crucial que os motoristas estejam atentos \u00e0s transforma\u00e7\u00f5es no setor. A ado\u00e7\u00e3o de novas tecnologias e a moderniza\u00e7\u00e3o das opera\u00e7\u00f5es n\u00e3o s\u00f3 melhoram a efici\u00eancia das empresas, mas tamb\u00e9m tornam as estradas mais seguras e fluidas para os motoristas.<\/p>\n<p><strong>Conclus\u00e3o<\/strong><\/p>\n<p>A <strong>INTRA-LOG Expo 2026<\/strong> se posiciona como uma plataforma essencial para a troca de conhecimento e inova\u00e7\u00e3o no campo da log\u00edstica. Os benef\u00edcios diretos para os motoristas e as melhorias na mobilidade urbana dependem da ado\u00e7\u00e3o das pr\u00e1ticas discutidas durante o evento. Portanto, \u00e9 um momento de grande relev\u00e2ncia para todos os profissionais do setor, que buscam um futuro mais sustent\u00e1vel e eficiente.<\/p>\n<p><em>Fonte: logweb<\/em><\/p>\n","protected":false},"excerpt":{"rendered":"<p>INTRA-LOG Expo 2026: O Futuro da Log\u00edstica e da Mobilidade em Debate em S\u00e3o Paulo A terceira edi\u00e7\u00e3o da INTRA-LOG Expo South America 2026 promete ser um marco significativo na discuss\u00e3o sobre log\u00edstica, intralog\u00edstica e embalagens. Com uma programa\u00e7\u00e3o diversificada, o evento ocorrer\u00e1 no Expo Center Norte, em S\u00e3o Paulo, de 15 a 17 de &hellip;<\/p>\n","protected":false},"author":4,"featured_media":14199,"comment_status":"","ping_status":"open","sticky":false,"template":"","format":"standard","meta":{"footnotes":""},"categories":[62],"tags":[],"coauthors":[42],"class_list":["post-14198","post","type-post","status-publish","format-standard","has-post-thumbnail","hentry","category-logistica"],"yoast_head":"<!-- This site is optimized with the Yoast SEO Premium plugin v27.6.1 (Yoast SEO v28.3) - https:\/\/yoast.com\/product\/yoast-seo-premium-wordpress\/ -->\n<title>Expo INTRA-LOG 2026 discute inova\u00e7\u00f5es em log\u00edstica e embalagens em SP - Motorista.com.br<\/title>\n<meta name=\"robots\" content=\"index, follow, max-snippet:-1, max-image-preview:large, max-video-preview:-1\" \/>\n<link rel=\"canonical\" href=\"https:\/\/motorista.com.br\/noticias\/2026\/09\/01\/expo-intra-log-2026-discute-inovacoes-em-logistica-e-embalagens-em-sp\/\" \/>\n<meta property=\"og:locale\" content=\"pt_BR\" \/>\n<meta property=\"og:type\" content=\"article\" \/>\n<meta property=\"og:title\" content=\"Expo INTRA-LOG 2026 discute inova\u00e7\u00f5es em log\u00edstica e embalagens em SP\" \/>\n<meta property=\"og:description\" content=\"INTRA-LOG Expo 2026: O Futuro da Log\u00edstica e da Mobilidade em Debate em S\u00e3o Paulo A terceira edi\u00e7\u00e3o da INTRA-LOG Expo South America 2026 promete ser um marco significativo na discuss\u00e3o sobre log\u00edstica, intralog\u00edstica e embalagens. Com uma programa\u00e7\u00e3o diversificada, o evento ocorrer\u00e1 no Expo Center Norte, em S\u00e3o Paulo, de 15 a 17 de &hellip;\" \/>\n<meta property=\"og:url\" content=\"https:\/\/motorista.com.br\/noticias\/2026\/09\/01\/expo-intra-log-2026-discute-inovacoes-em-logistica-e-embalagens-em-sp\/\" \/>\n<meta property=\"og:site_name\" content=\"Motorista.com.br\" \/>\n<meta property=\"article:published_time\" content=\"2026-09-01T18:06:48+00:00\" \/>\n<meta name=\"author\" content=\"Equipe Reda\u00e7\u00e3o\" \/>\n<meta name=\"twitter:card\" content=\"summary_large_image\" \/>\n<meta name=\"twitter:label1\" content=\"Escrito por\" \/>\n\t<meta name=\"twitter:data1\" content=\"Equipe Reda\u00e7\u00e3o\" \/>\n\t<meta name=\"twitter:label2\" content=\"Est. tempo de leitura\" \/>\n\t<meta name=\"twitter:data2\" content=\"3 minutos\" \/>\n\t<meta name=\"twitter:label3\" content=\"Written by\" \/>\n\t<meta name=\"twitter:data3\" content=\"Equipe Reda\u00e7\u00e3o\" \/>\n<script type=\"application\/ld+json\" class=\"yoast-schema-graph\">{\"@context\":\"https:\\\/\\\/schema.org\",\"@graph\":[{\"@type\":\"Article\",\"@id\":\"https:\\\/\\\/motorista.com.br\\\/noticias\\\/2026\\\/09\\\/01\\\/expo-intra-log-2026-discute-inovacoes-em-logistica-e-embalagens-em-sp\\\/#article\",\"isPartOf\":{\"@id\":\"https:\\\/\\\/motorista.com.br\\\/noticias\\\/2026\\\/09\\\/01\\\/expo-intra-log-2026-discute-inovacoes-em-logistica-e-embalagens-em-sp\\\/\"},\"author\":{\"name\":\"Equipe Reda\u00e7\u00e3o\",\"@id\":\"https:\\\/\\\/motorista.com.br\\\/noticias\\\/#\\\/schema\\\/person\\\/dc93afc2981c0e3ce6bc3c053fd847be\"},\"headline\":\"Expo INTRA-LOG 2026 discute inova\u00e7\u00f5es em log\u00edstica e embalagens em SP\",\"datePublished\":\"2026-09-01T18:06:48+00:00\",\"mainEntityOfPage\":{\"@id\":\"https:\\\/\\\/motorista.com.br\\\/noticias\\\/2026\\\/09\\\/01\\\/expo-intra-log-2026-discute-inovacoes-em-logistica-e-embalagens-em-sp\\\/\"},\"wordCount\":556,\"publisher\":{\"@id\":\"https:\\\/\\\/motorista.com.br\\\/noticias\\\/#organization\"},\"image\":{\"@id\":\"https:\\\/\\\/motorista.com.br\\\/noticias\\\/2026\\\/09\\\/01\\\/expo-intra-log-2026-discute-inovacoes-em-logistica-e-embalagens-em-sp\\\/#primaryimage\"},\"thumbnailUrl\":\"https:\\\/\\\/motorista.com.br\\\/noticias\\\/wp-content\\\/uploads\\\/2026\\\/09\\\/Intra-LOG.jpg\",\"articleSection\":[\"Log\u00edstica\"],\"inLanguage\":\"pt-BR\"},{\"@type\":\"WebPage\",\"@id\":\"https:\\\/\\\/motorista.com.br\\\/noticias\\\/2026\\\/09\\\/01\\\/expo-intra-log-2026-discute-inovacoes-em-logistica-e-embalagens-em-sp\\\/\",\"url\":\"https:\\\/\\\/motorista.com.br\\\/noticias\\\/2026\\\/09\\\/01\\\/expo-intra-log-2026-discute-inovacoes-em-logistica-e-embalagens-em-sp\\\/\",\"name\":\"Expo INTRA-LOG 2026 discute inova\u00e7\u00f5es em log\u00edstica e embalagens em SP - Motorista.com.br\",\"isPartOf\":{\"@id\":\"https:\\\/\\\/motorista.com.br\\\/noticias\\\/#website\"},\"primaryImageOfPage\":{\"@id\":\"https:\\\/\\\/motorista.com.br\\\/noticias\\\/2026\\\/09\\\/01\\\/expo-intra-log-2026-discute-inovacoes-em-logistica-e-embalagens-em-sp\\\/#primaryimage\"},\"image\":{\"@id\":\"https:\\\/\\\/motorista.com.br\\\/noticias\\\/2026\\\/09\\\/01\\\/expo-intra-log-2026-discute-inovacoes-em-logistica-e-embalagens-em-sp\\\/#primaryimage\"},\"thumbnailUrl\":\"https:\\\/\\\/motorista.com.br\\\/noticias\\\/wp-content\\\/uploads\\\/2026\\\/09\\\/Intra-LOG.jpg\",\"datePublished\":\"2026-09-01T18:06:48+00:00\",\"breadcrumb\":{\"@id\":\"https:\\\/\\\/motorista.com.br\\\/noticias\\\/2026\\\/09\\\/01\\\/expo-intra-log-2026-discute-inovacoes-em-logistica-e-embalagens-em-sp\\\/#breadcrumb\"},\"inLanguage\":\"pt-BR\",\"potentialAction\":[{\"@type\":\"ReadAction\",\"target\":[\"https:\\\/\\\/motorista.com.br\\\/noticias\\\/2026\\\/09\\\/01\\\/expo-intra-log-2026-discute-inovacoes-em-logistica-e-embalagens-em-sp\\\/\"]}]},{\"@type\":\"ImageObject\",\"inLanguage\":\"pt-BR\",\"@id\":\"https:\\\/\\\/motorista.com.br\\\/noticias\\\/2026\\\/09\\\/01\\\/expo-intra-log-2026-discute-inovacoes-em-logistica-e-embalagens-em-sp\\\/#primaryimage\",\"url\":\"https:\\\/\\\/motorista.com.br\\\/noticias\\\/wp-content\\\/uploads\\\/2026\\\/09\\\/Intra-LOG.jpg\",\"contentUrl\":\"https:\\\/\\\/motorista.com.br\\\/noticias\\\/wp-content\\\/uploads\\\/2026\\\/09\\\/Intra-LOG.jpg\",\"width\":800,\"height\":420},{\"@type\":\"BreadcrumbList\",\"@id\":\"https:\\\/\\\/motorista.com.br\\\/noticias\\\/2026\\\/09\\\/01\\\/expo-intra-log-2026-discute-inovacoes-em-logistica-e-embalagens-em-sp\\\/#breadcrumb\",\"itemListElement\":[{\"@type\":\"ListItem\",\"position\":1,\"name\":\"In\u00edcio\",\"item\":\"https:\\\/\\\/motorista.com.br\\\/noticias\\\/\"},{\"@type\":\"ListItem\",\"position\":2,\"name\":\"Expo INTRA-LOG 2026 discute inova\u00e7\u00f5es em log\u00edstica e embalagens em SP\"}]},{\"@type\":\"WebSite\",\"@id\":\"https:\\\/\\\/motorista.com.br\\\/noticias\\\/#website\",\"url\":\"https:\\\/\\\/motorista.com.br\\\/noticias\\\/\",\"name\":\"Motorista.com.br\",\"description\":\"Not\u00edcia do Motorista\",\"publisher\":{\"@id\":\"https:\\\/\\\/motorista.com.br\\\/noticias\\\/#organization\"},\"potentialAction\":[{\"@type\":\"SearchAction\",\"target\":{\"@type\":\"EntryPoint\",\"urlTemplate\":\"https:\\\/\\\/motorista.com.br\\\/noticias\\\/?s={search_term_string}\"},\"query-input\":{\"@type\":\"PropertyValueSpecification\",\"valueRequired\":true,\"valueName\":\"search_term_string\"}}],\"inLanguage\":\"pt-BR\"},{\"@type\":\"Organization\",\"@id\":\"https:\\\/\\\/motorista.com.br\\\/noticias\\\/#organization\",\"name\":\"Motorista.com.br\",\"url\":\"https:\\\/\\\/motorista.com.br\\\/noticias\\\/\",\"logo\":{\"@type\":\"ImageObject\",\"inLanguage\":\"pt-BR\",\"@id\":\"https:\\\/\\\/motorista.com.br\\\/noticias\\\/#\\\/schema\\\/logo\\\/image\\\/\",\"url\":\"https:\\\/\\\/motorista.com.br\\\/noticias\\\/wp-content\\\/uploads\\\/2025\\\/06\\\/Design-sem-nome-9.png\",\"contentUrl\":\"https:\\\/\\\/motorista.com.br\\\/noticias\\\/wp-content\\\/uploads\\\/2025\\\/06\\\/Design-sem-nome-9.png\",\"width\":150,\"height\":85,\"caption\":\"Motorista.com.br\"},\"image\":{\"@id\":\"https:\\\/\\\/motorista.com.br\\\/noticias\\\/#\\\/schema\\\/logo\\\/image\\\/\"}},{\"@type\":\"Person\",\"@id\":\"https:\\\/\\\/motorista.com.br\\\/noticias\\\/#\\\/schema\\\/person\\\/dc93afc2981c0e3ce6bc3c053fd847be\",\"name\":\"Equipe Reda\u00e7\u00e3o\",\"image\":{\"@type\":\"ImageObject\",\"inLanguage\":\"pt-BR\",\"@id\":\"https:\\\/\\\/secure.gravatar.com\\\/avatar\\\/4f525efbf18dd2bb300ccad28bfb99d95a9465a5ba268407c8c37b37e1f28d2d?s=96&d=mm&r=g9e099043a0c61e9ae27e293b9fa75ffc\",\"url\":\"https:\\\/\\\/secure.gravatar.com\\\/avatar\\\/4f525efbf18dd2bb300ccad28bfb99d95a9465a5ba268407c8c37b37e1f28d2d?s=96&d=mm&r=g\",\"contentUrl\":\"https:\\\/\\\/secure.gravatar.com\\\/avatar\\\/4f525efbf18dd2bb300ccad28bfb99d95a9465a5ba268407c8c37b37e1f28d2d?s=96&d=mm&r=g\",\"caption\":\"Equipe Reda\u00e7\u00e3o\"},\"description\":\"Equipe de reda\u00e7\u00e3o \u00e9 um grupo de profissionais que trabalham juntos para criar conte\u00fado escrito para Motorista.com.br\",\"url\":\"https:\\\/\\\/motorista.com.br\\\/noticias\\\/author\\\/equiperedacao\\\/\"}]}<\/script>\n<!-- \/ Yoast SEO Premium plugin. -->","yoast_head_json":{"title":"Expo INTRA-LOG 2026 discute inova\u00e7\u00f5es em log\u00edstica e embalagens em SP - Motorista.com.br","robots":{"index":"index","follow":"follow","max-snippet":"max-snippet:-1","max-image-preview":"max-image-preview:large","max-video-preview":"max-video-preview:-1"},"canonical":"https:\/\/motorista.com.br\/noticias\/2026\/09\/01\/expo-intra-log-2026-discute-inovacoes-em-logistica-e-embalagens-em-sp\/","og_locale":"pt_BR","og_type":"article","og_title":"Expo INTRA-LOG 2026 discute inova\u00e7\u00f5es em log\u00edstica e embalagens em SP","og_description":"INTRA-LOG Expo 2026: O Futuro da Log\u00edstica e da Mobilidade em Debate em S\u00e3o Paulo A terceira edi\u00e7\u00e3o da INTRA-LOG Expo South America 2026 promete ser um marco significativo na discuss\u00e3o sobre log\u00edstica, intralog\u00edstica e embalagens. Com uma programa\u00e7\u00e3o diversificada, o evento ocorrer\u00e1 no Expo Center Norte, em S\u00e3o Paulo, de 15 a 17 de &hellip;","og_url":"https:\/\/motorista.com.br\/noticias\/2026\/09\/01\/expo-intra-log-2026-discute-inovacoes-em-logistica-e-embalagens-em-sp\/","og_site_name":"Motorista.com.br","article_published_time":"2026-09-01T18:06:48+00:00","author":"Equipe Reda\u00e7\u00e3o","twitter_card":"summary_large_image","twitter_misc":{"Escrito por":"Equipe Reda\u00e7\u00e3o","Est. tempo de leitura":"3 minutos","Written by":"Equipe Reda\u00e7\u00e3o"},"schema":{"@context":"https:\/\/schema.org","@graph":[{"@type":"Article","@id":"https:\/\/motorista.com.br\/noticias\/2026\/09\/01\/expo-intra-log-2026-discute-inovacoes-em-logistica-e-embalagens-em-sp\/#article","isPartOf":{"@id":"https:\/\/motorista.com.br\/noticias\/2026\/09\/01\/expo-intra-log-2026-discute-inovacoes-em-logistica-e-embalagens-em-sp\/"},"author":{"name":"Equipe Reda\u00e7\u00e3o","@id":"https:\/\/motorista.com.br\/noticias\/#\/schema\/person\/dc93afc2981c0e3ce6bc3c053fd847be"},"headline":"Expo INTRA-LOG 2026 discute inova\u00e7\u00f5es em log\u00edstica e embalagens em SP","datePublished":"2026-09-01T18:06:48+00:00","mainEntityOfPage":{"@id":"https:\/\/motorista.com.br\/noticias\/2026\/09\/01\/expo-intra-log-2026-discute-inovacoes-em-logistica-e-embalagens-em-sp\/"},"wordCount":556,"publisher":{"@id":"https:\/\/motorista.com.br\/noticias\/#organization"},"image":{"@id":"https:\/\/motorista.com.br\/noticias\/2026\/09\/01\/expo-intra-log-2026-discute-inovacoes-em-logistica-e-embalagens-em-sp\/#primaryimage"},"thumbnailUrl":"https:\/\/motorista.com.br\/noticias\/wp-content\/uploads\/2026\/09\/Intra-LOG.jpg","articleSection":["Log\u00edstica"],"inLanguage":"pt-BR"},{"@type":"WebPage","@id":"https:\/\/motorista.com.br\/noticias\/2026\/09\/01\/expo-intra-log-2026-discute-inovacoes-em-logistica-e-embalagens-em-sp\/","url":"https:\/\/motorista.com.br\/noticias\/2026\/09\/01\/expo-intra-log-2026-discute-inovacoes-em-logistica-e-embalagens-em-sp\/","name":"Expo INTRA-LOG 2026 discute inova\u00e7\u00f5es em log\u00edstica e embalagens em SP - Motorista.com.br","isPartOf":{"@id":"https:\/\/motorista.com.br\/noticias\/#website"},"primaryImageOfPage":{"@id":"https:\/\/motorista.com.br\/noticias\/2026\/09\/01\/expo-intra-log-2026-discute-inovacoes-em-logistica-e-embalagens-em-sp\/#primaryimage"},"image":{"@id":"https:\/\/motorista.com.br\/noticias\/2026\/09\/01\/expo-intra-log-2026-discute-inovacoes-em-logistica-e-embalagens-em-sp\/#primaryimage"},"thumbnailUrl":"https:\/\/motorista.com.br\/noticias\/wp-content\/uploads\/2026\/09\/Intra-LOG.jpg","datePublished":"2026-09-01T18:06:48+00:00","breadcrumb":{"@id":"https:\/\/motorista.com.br\/noticias\/2026\/09\/01\/expo-intra-log-2026-discute-inovacoes-em-logistica-e-embalagens-em-sp\/#breadcrumb"},"inLanguage":"pt-BR","potentialAction":[{"@type":"ReadAction","target":["https:\/\/motorista.com.br\/noticias\/2026\/09\/01\/expo-intra-log-2026-discute-inovacoes-em-logistica-e-embalagens-em-sp\/"]}]},{"@type":"ImageObject","inLanguage":"pt-BR","@id":"https:\/\/motorista.com.br\/noticias\/2026\/09\/01\/expo-intra-log-2026-discute-inovacoes-em-logistica-e-embalagens-em-sp\/#primaryimage","url":"https:\/\/motorista.com.br\/noticias\/wp-content\/uploads\/2026\/09\/Intra-LOG.jpg","contentUrl":"https:\/\/motorista.com.br\/noticias\/wp-content\/uploads\/2026\/09\/Intra-LOG.jpg","width":800,"height":420},{"@type":"BreadcrumbList","@id":"https:\/\/motorista.com.br\/noticias\/2026\/09\/01\/expo-intra-log-2026-discute-inovacoes-em-logistica-e-embalagens-em-sp\/#breadcrumb","itemListElement":[{"@type":"ListItem","position":1,"name":"In\u00edcio","item":"https:\/\/motorista.com.br\/noticias\/"},{"@type":"ListItem","position":2,"name":"Expo INTRA-LOG 2026 discute inova\u00e7\u00f5es em log\u00edstica e embalagens em SP"}]},{"@type":"WebSite","@id":"https:\/\/motorista.com.br\/noticias\/#website","url":"https:\/\/motorista.com.br\/noticias\/","name":"Motorista.com.br","description":"Not\u00edcia do Motorista","publisher":{"@id":"https:\/\/motorista.com.br\/noticias\/#organization"},"potentialAction":[{"@type":"SearchAction","target":{"@type":"EntryPoint","urlTemplate":"https:\/\/motorista.com.br\/noticias\/?s={search_term_string}"},"query-input":{"@type":"PropertyValueSpecification","valueRequired":true,"valueName":"search_term_string"}}],"inLanguage":"pt-BR"},{"@type":"Organization","@id":"https:\/\/motorista.com.br\/noticias\/#organization","name":"Motorista.com.br","url":"https:\/\/motorista.com.br\/noticias\/","logo":{"@type":"ImageObject","inLanguage":"pt-BR","@id":"https:\/\/motorista.com.br\/noticias\/#\/schema\/logo\/image\/","url":"https:\/\/motorista.com.br\/noticias\/wp-content\/uploads\/2025\/06\/Design-sem-nome-9.png","contentUrl":"https:\/\/motorista.com.br\/noticias\/wp-content\/uploads\/2025\/06\/Design-sem-nome-9.png","width":150,"height":85,"caption":"Motorista.com.br"},"image":{"@id":"https:\/\/motorista.com.br\/noticias\/#\/schema\/logo\/image\/"}},{"@type":"Person","@id":"https:\/\/motorista.com.br\/noticias\/#\/schema\/person\/dc93afc2981c0e3ce6bc3c053fd847be","name":"Equipe Reda\u00e7\u00e3o","image":{"@type":"ImageObject","inLanguage":"pt-BR","@id":"https:\/\/secure.gravatar.com\/avatar\/4f525efbf18dd2bb300ccad28bfb99d95a9465a5ba268407c8c37b37e1f28d2d?s=96&d=mm&r=g9e099043a0c61e9ae27e293b9fa75ffc","url":"https:\/\/secure.gravatar.com\/avatar\/4f525efbf18dd2bb300ccad28bfb99d95a9465a5ba268407c8c37b37e1f28d2d?s=96&d=mm&r=g","contentUrl":"https:\/\/secure.gravatar.com\/avatar\/4f525efbf18dd2bb300ccad28bfb99d95a9465a5ba268407c8c37b37e1f28d2d?s=96&d=mm&r=g","caption":"Equipe Reda\u00e7\u00e3o"},"description":"Equipe de reda\u00e7\u00e3o \u00e9 um grupo de profissionais que trabalham juntos para criar conte\u00fado escrito para Motorista.com.br","url":"https:\/\/motorista.com.br\/noticias\/author\/equiperedacao\/"}]}},"_links":{"self":[{"href":"https:\/\/motorista.com.br\/noticias\/wp-json\/wp\/v2\/posts\/14198","targetHints":{"allow":["GET"]}}],"collection":[{"href":"https:\/\/motorista.com.br\/noticias\/wp-json\/wp\/v2\/posts"}],"about":[{"href":"https:\/\/motorista.com.br\/noticias\/wp-json\/wp\/v2\/types\/post"}],"author":[{"embeddable":true,"href":"https:\/\/motorista.com.br\/noticias\/wp-json\/wp\/v2\/users\/4"}],"replies":[{"embeddable":true,"href":"https:\/\/motorista.com.br\/noticias\/wp-json\/wp\/v2\/comments?post=14198"}],"version-history":[{"count":0,"href":"https:\/\/motorista.com.br\/noticias\/wp-json\/wp\/v2\/posts\/14198\/revisions"}],"wp:featuredmedia":[{"embeddable":true,"href":"https:\/\/motorista.com.br\/noticias\/wp-json\/wp\/v2\/media\/14199"}],"wp:attachment":[{"href":"https:\/\/motorista.com.br\/noticias\/wp-json\/wp\/v2\/media?parent=14198"}],"wp:term":[{"taxonomy":"category","embeddable":true,"href":"https:\/\/motorista.com.br\/noticias\/wp-json\/wp\/v2\/categories?post=14198"},{"taxonomy":"post_tag","embeddable":true,"href":"https:\/\/motorista.com.br\/noticias\/wp-json\/wp\/v2\/tags?post=14198"},{"taxonomy":"author","embeddable":true,"href":"https:\/\/motorista.com.br\/noticias\/wp-json\/wp\/v2\/coauthors?post=14198"}],"curies":[{"name":"wp","href":"https:\/\/api.w.org\/{rel}","templated":true}]}}